{"id":321925,"date":"2026-03-11T08:00:06","date_gmt":"2026-03-11T11:00:06","guid":{"rendered":"https:\/\/diariotextual.com\/inicio\/?p=321925"},"modified":"2026-03-11T08:00:08","modified_gmt":"2026-03-11T11:00:08","slug":"el-vergonzoso-justificativo-de-manuel-adorni-por-el-viaje-con-su-esposa-en-el-avion-presidencial","status":"publish","type":"post","link":"https:\/\/diariotextual.com\/inicio\/index.php\/2026\/03\/11\/el-vergonzoso-justificativo-de-manuel-adorni-por-el-viaje-con-su-esposa-en-el-avion-presidencial\/","title":{"rendered":"El vergonzoso justificativo de Manuel Adorni por el viaje con su esposa en el avi\u00f3n presidencial"},"content":{"rendered":"\n<p>El jefe de Gabinete,<strong> Manuel Adorni<\/strong>, intent\u00f3 justificar el viaje de su esposa, <strong>Bettina Angeletti<\/strong>, en el avi\u00f3n presidencial junto con la comitiva del Gobierno, para participar de la \u201cArgentina Week\u201d en la ciudad de Nueva York, Estados Unidos. Tras el pedido de informes sobre la participaci\u00f3n de la mujer en el viaje oficial, el funcionario argument\u00f3 en declaraciones televisivas: \u201cVengo una semana a deslomarme a Nueva York, quer\u00eda que me acompa\u00f1e\u201d.<\/p>\n\n\n\n<p>Este domingo, durante las primeras actividades del Ejecutivo en Nueva York, se dio a conocer una fotograf\u00eda en donde se vio a la esposa de Adorni junto a la comitiva presidencial en la tumba del rabino Menachem Mendel Schneerson, en Queens. Esto dispar\u00f3 un pedido de informe de la oposici\u00f3n y especulaciones en torno a que se permita el traslado de familiares de funcionarios a bordo del ARG-01.<\/p>\n\n\n\n<p><\/p>\n\n\n\n<p>El diputado&nbsp;<strong>Esteban Paul\u00f3n<\/strong>, del&nbsp;<strong>Partido Socialista (PS)<\/strong>, fue quien present\u00f3 el pedido \u201c<strong>para saber si vol\u00f3 en el avi\u00f3n oficial, qui\u00e9n pag\u00f3 ese viaje, qu\u00e9 rol cumple y si fueron evaluadas posibles incompatibilidades y conflictos de intereses\u201d<\/strong>, seg\u00fan public\u00f3 en su cuenta de la red social X.<\/p>\n\n\n\n<p>Consultado al respecto el martes por la tarde durante una entrevista en el canal A24, Adorni confirm\u00f3 que Angeletti se sum\u00f3 a la comitiva desde su despegue en Buenos Aires. \u201cMi mujer -dijo- iba a viajar a Nueva York. De hecho, ya ten\u00eda pasaje comprado para el 26 de febrero por US$5348 (\u2026) Pero despu\u00e9s hubo un cambio en el viaje: de Nueva York yo pasaba por Miami y quer\u00eda que me acompa\u00f1ara\u201d.<\/p>\n\n\n\n<p>A ra\u00edz de su pedido, sostuvo que Presidencia \u201cla invit\u00f3\u201d para que lo acompa\u00f1e en el avi\u00f3n presidencial. \u201c<strong>Son trabajos muy sacrificados y era mi deseo que mi mujer me acompa\u00f1e<\/strong>\u201d, insisti\u00f3. \u201cDe hecho me iba a acompa\u00f1ar con el pasaje pago\u201d.<\/p>\n\n\n\n<p>Adorni dijo que la presencia de su esposa en el avi\u00f3n presidencial \u201cno tiene un gasto adicional\u201d. \u201c<strong>Los gastos de ella se los paga ella, el vuelo se lo pag\u00f3 ella originalmente, la vuelta tambi\u00e9n, los vi\u00e1ticos se los paga ella.<\/strong>\u00a0Y mis vi\u00e1ticos, mi comida y mi movilidad me los pago yo. Ni siquiera la m\u00eda la paga el Estado\u201d, argument\u00f3 el jefe de Gabinete.  \u201c<strong>No le sacamos un peso al Estado<\/strong>\u201d, asegur\u00f3.<\/p>\n\n\n\n<p>En ese sentido, consultado sobre el pedido de informaci\u00f3n que present\u00f3 la oposici\u00f3n en el Congreso, Adorni minimiz\u00f3 la medida. \u201cQue haga lo que quiera la oposici\u00f3n\u201d, dijo. \u201cSobre mi vida privada yo no hablo. Siempre son los mismos los denunciadores seriales. Si es algo de mi vida privada que no amerita explicar, no lo voy a explicar\u201d, respondi\u00f3.<\/p>\n\n\n\n<p><\/p>\n","protected":false},"excerpt":{"rendered":"<p>El jefe de Gabinete, Manuel Adorni, intent\u00f3 justificar el viaje de su esposa, Bettina Angeletti, en el avi\u00f3n presidencial junto con la comitiva del Gobierno, para participar de la \u201cArgentina&hellip;<\/p>\n","protected":false},"author":3,"featured_media":321931,"comment_status":"closed","ping_status":"open","sticky":false,"template":"","format":"standard","meta":{"_acf_changed":false,"footnotes":""},"categories":[1,8],"tags":[],"class_list":["post-321925","post","type-post","status-publish","format-standard","has-post-thumbnail","hentry","category-es-noticia","category-politica"],"acf":[],"yoast_head":"<!-- This site is optimized with the Yoast SEO plugin v27.5 - https:\/\/yoast.com\/product\/yoast-seo-wordpress\/ -->\n<title>El vergonzoso justificativo de Manuel Adorni por el viaje con su esposa en el avi\u00f3n presidencial - Diario Textual<\/title>\n<meta name=\"robots\" content=\"index, follow, max-snippet:-1, max-image-preview:large, max-video-preview:-1\" \/>\n<link rel=\"canonical\" href=\"https:\/\/diariotextual.com\/inicio\/index.php\/2026\/03\/11\/el-vergonzoso-justificativo-de-manuel-adorni-por-el-viaje-con-su-esposa-en-el-avion-presidencial\/\" \/>\n<meta property=\"og:locale\" content=\"es_ES\" \/>\n<meta property=\"og:type\" content=\"article\" \/>\n<meta property=\"og:title\" content=\"El vergonzoso justificativo de Manuel Adorni por el viaje con su esposa en el avi\u00f3n presidencial - Diario Textual\" \/>\n<meta property=\"og:description\" content=\"El jefe de Gabinete, Manuel Adorni, intent\u00f3 justificar el viaje de su esposa, Bettina Angeletti, en el avi\u00f3n presidencial junto con la comitiva del Gobierno, para participar de la \u201cArgentina&hellip;\" \/>\n<meta property=\"og:url\" content=\"https:\/\/diariotextual.com\/inicio\/index.php\/2026\/03\/11\/el-vergonzoso-justificativo-de-manuel-adorni-por-el-viaje-con-su-esposa-en-el-avion-presidencial\/\" \/>\n<meta property=\"og:site_name\" content=\"Diario Textual\" \/>\n<meta property=\"article:publisher\" content=\"https:\/\/www.facebook.com\/eltextual\" \/>\n<meta property=\"article:published_time\" content=\"2026-03-11T11:00:06+00:00\" \/>\n<meta property=\"article:modified_time\" content=\"2026-03-11T11:00:08+00:00\" \/>\n<meta property=\"og:image\" content=\"https:\/\/diariotextual.com\/inicio\/wp-content\/uploads\/2026\/03\/adornimanuelesposaavionpresidencial2026-1.jpg\" \/>\n\t<meta property=\"og:image:width\" content=\"854\" \/>\n\t<meta property=\"og:image:height\" content=\"518\" \/>\n\t<meta property=\"og:image:type\" content=\"image\/jpeg\" \/>\n<meta name=\"author\" content=\"Diario1 Diario1\" \/>\n<meta name=\"twitter:card\" content=\"summary_large_image\" \/>\n<meta name=\"twitter:creator\" content=\"@eltextual\" \/>\n<meta name=\"twitter:site\" content=\"@eltextual\" \/>\n<meta name=\"twitter:label1\" content=\"Escrito por\" \/>\n\t<meta name=\"twitter:data1\" content=\"Diario1 Diario1\" \/>\n\t<meta name=\"twitter:label2\" content=\"Tiempo de lectura\" \/>\n\t<meta name=\"twitter:data2\" content=\"2 minutos\" \/>\n<script type=\"application\/ld+json\" class=\"yoast-schema-graph\">{\"@context\":\"https:\\\/\\\/schema.org\",\"@graph\":[{\"@type\":\"Article\",\"@id\":\"https:\\\/\\\/diariotextual.com\\\/inicio\\\/index.php\\\/2026\\\/03\\\/11\\\/el-vergonzoso-justificativo-de-manuel-adorni-por-el-viaje-con-su-esposa-en-el-avion-presidencial\\\/#article\",\"isPartOf\":{\"@id\":\"https:\\\/\\\/diariotextual.com\\\/inicio\\\/index.php\\\/2026\\\/03\\\/11\\\/el-vergonzoso-justificativo-de-manuel-adorni-por-el-viaje-con-su-esposa-en-el-avion-presidencial\\\/\"},\"author\":{\"name\":\"Diario1 Diario1\",\"@id\":\"https:\\\/\\\/diariotextual.com\\\/inicio\\\/#\\\/schema\\\/person\\\/418fc4093c33e86ed41562db3508f958\"},\"headline\":\"El vergonzoso justificativo de Manuel Adorni por el viaje con su esposa en el avi\u00f3n presidencial\",\"datePublished\":\"2026-03-11T11:00:06+00:00\",\"dateModified\":\"2026-03-11T11:00:08+00:00\",\"mainEntityOfPage\":{\"@id\":\"https:\\\/\\\/diariotextual.com\\\/inicio\\\/index.php\\\/2026\\\/03\\\/11\\\/el-vergonzoso-justificativo-de-manuel-adorni-por-el-viaje-con-su-esposa-en-el-avion-presidencial\\\/\"},\"wordCount\":480,\"publisher\":{\"@id\":\"https:\\\/\\\/diariotextual.com\\\/inicio\\\/#organization\"},\"image\":{\"@id\":\"https:\\\/\\\/diariotextual.com\\\/inicio\\\/index.php\\\/2026\\\/03\\\/11\\\/el-vergonzoso-justificativo-de-manuel-adorni-por-el-viaje-con-su-esposa-en-el-avion-presidencial\\\/#primaryimage\"},\"thumbnailUrl\":\"https:\\\/\\\/diariotextual.com\\\/inicio\\\/wp-content\\\/uploads\\\/2026\\\/03\\\/adornimanuelesposaavionpresidencial2026-1.jpg\",\"articleSection\":[\"A - ES NOTICIA (van abajo)\",\"POLITICA\"],\"inLanguage\":\"es\"},{\"@type\":\"WebPage\",\"@id\":\"https:\\\/\\\/diariotextual.com\\\/inicio\\\/index.php\\\/2026\\\/03\\\/11\\\/el-vergonzoso-justificativo-de-manuel-adorni-por-el-viaje-con-su-esposa-en-el-avion-presidencial\\\/\",\"url\":\"https:\\\/\\\/diariotextual.com\\\/inicio\\\/index.php\\\/2026\\\/03\\\/11\\\/el-vergonzoso-justificativo-de-manuel-adorni-por-el-viaje-con-su-esposa-en-el-avion-presidencial\\\/\",\"name\":\"El vergonzoso justificativo de Manuel Adorni por el viaje con su esposa en el avi\u00f3n presidencial - Diario Textual\",\"isPartOf\":{\"@id\":\"https:\\\/\\\/diariotextual.com\\\/inicio\\\/#website\"},\"primaryImageOfPage\":{\"@id\":\"https:\\\/\\\/diariotextual.com\\\/inicio\\\/index.php\\\/2026\\\/03\\\/11\\\/el-vergonzoso-justificativo-de-manuel-adorni-por-el-viaje-con-su-esposa-en-el-avion-presidencial\\\/#primaryimage\"},\"image\":{\"@id\":\"https:\\\/\\\/diariotextual.com\\\/inicio\\\/index.php\\\/2026\\\/03\\\/11\\\/el-vergonzoso-justificativo-de-manuel-adorni-por-el-viaje-con-su-esposa-en-el-avion-presidencial\\\/#primaryimage\"},\"thumbnailUrl\":\"https:\\\/\\\/diariotextual.com\\\/inicio\\\/wp-content\\\/uploads\\\/2026\\\/03\\\/adornimanuelesposaavionpresidencial2026-1.jpg\",\"datePublished\":\"2026-03-11T11:00:06+00:00\",\"dateModified\":\"2026-03-11T11:00:08+00:00\",\"breadcrumb\":{\"@id\":\"https:\\\/\\\/diariotextual.com\\\/inicio\\\/index.php\\\/2026\\\/03\\\/11\\\/el-vergonzoso-justificativo-de-manuel-adorni-por-el-viaje-con-su-esposa-en-el-avion-presidencial\\\/#breadcrumb\"},\"inLanguage\":\"es\",\"potentialAction\":[{\"@type\":\"ReadAction\",\"target\":[\"https:\\\/\\\/diariotextual.com\\\/inicio\\\/index.php\\\/2026\\\/03\\\/11\\\/el-vergonzoso-justificativo-de-manuel-adorni-por-el-viaje-con-su-esposa-en-el-avion-presidencial\\\/\"]}]},{\"@type\":\"ImageObject\",\"inLanguage\":\"es\",\"@id\":\"https:\\\/\\\/diariotextual.com\\\/inicio\\\/index.php\\\/2026\\\/03\\\/11\\\/el-vergonzoso-justificativo-de-manuel-adorni-por-el-viaje-con-su-esposa-en-el-avion-presidencial\\\/#primaryimage\",\"url\":\"https:\\\/\\\/diariotextual.com\\\/inicio\\\/wp-content\\\/uploads\\\/2026\\\/03\\\/adornimanuelesposaavionpresidencial2026-1.jpg\",\"contentUrl\":\"https:\\\/\\\/diariotextual.com\\\/inicio\\\/wp-content\\\/uploads\\\/2026\\\/03\\\/adornimanuelesposaavionpresidencial2026-1.jpg\",\"width\":854,\"height\":518},{\"@type\":\"BreadcrumbList\",\"@id\":\"https:\\\/\\\/diariotextual.com\\\/inicio\\\/index.php\\\/2026\\\/03\\\/11\\\/el-vergonzoso-justificativo-de-manuel-adorni-por-el-viaje-con-su-esposa-en-el-avion-presidencial\\\/#breadcrumb\",\"itemListElement\":[{\"@type\":\"ListItem\",\"position\":1,\"name\":\"Portada\",\"item\":\"https:\\\/\\\/diariotextual.com\\\/inicio\\\/\"},{\"@type\":\"ListItem\",\"position\":2,\"name\":\"El vergonzoso justificativo de Manuel Adorni por el viaje con su esposa en el avi\u00f3n presidencial\"}]},{\"@type\":\"WebSite\",\"@id\":\"https:\\\/\\\/diariotextual.com\\\/inicio\\\/#website\",\"url\":\"https:\\\/\\\/diariotextual.com\\\/inicio\\\/\",\"name\":\"Diario Textual\",\"description\":\"\",\"publisher\":{\"@id\":\"https:\\\/\\\/diariotextual.com\\\/inicio\\\/#organization\"},\"potentialAction\":[{\"@type\":\"SearchAction\",\"target\":{\"@type\":\"EntryPoint\",\"urlTemplate\":\"https:\\\/\\\/diariotextual.com\\\/inicio\\\/?s={search_term_string}\"},\"query-input\":{\"@type\":\"PropertyValueSpecification\",\"valueRequired\":true,\"valueName\":\"search_term_string\"}}],\"inLanguage\":\"es\"},{\"@type\":\"Organization\",\"@id\":\"https:\\\/\\\/diariotextual.com\\\/inicio\\\/#organization\",\"name\":\"Diario Textual\",\"url\":\"https:\\\/\\\/diariotextual.com\\\/inicio\\\/\",\"logo\":{\"@type\":\"ImageObject\",\"inLanguage\":\"es\",\"@id\":\"https:\\\/\\\/diariotextual.com\\\/inicio\\\/#\\\/schema\\\/logo\\\/image\\\/\",\"url\":\"https:\\\/\\\/diariotextual.com\\\/inicio\\\/wp-content\\\/uploads\\\/2023\\\/05\\\/logotextual1.jpg\",\"contentUrl\":\"https:\\\/\\\/diariotextual.com\\\/inicio\\\/wp-content\\\/uploads\\\/2023\\\/05\\\/logotextual1.jpg\",\"width\":516,\"height\":76,\"caption\":\"Diario Textual\"},\"image\":{\"@id\":\"https:\\\/\\\/diariotextual.com\\\/inicio\\\/#\\\/schema\\\/logo\\\/image\\\/\"},\"sameAs\":[\"https:\\\/\\\/www.facebook.com\\\/eltextual\",\"https:\\\/\\\/x.com\\\/eltextual\",\"http:\\\/\\\/www.instagram.com\\\/eltextual\"]},{\"@type\":\"Person\",\"@id\":\"https:\\\/\\\/diariotextual.com\\\/inicio\\\/#\\\/schema\\\/person\\\/418fc4093c33e86ed41562db3508f958\",\"name\":\"Diario1 Diario1\",\"image\":{\"@type\":\"ImageObject\",\"inLanguage\":\"es\",\"@id\":\"https:\\\/\\\/secure.gravatar.com\\\/avatar\\\/9167d280179c85bc18be67aa7eda765854300033af4896dd779b608640f2ef7a?s=96&d=mm&r=g\",\"url\":\"https:\\\/\\\/secure.gravatar.com\\\/avatar\\\/9167d280179c85bc18be67aa7eda765854300033af4896dd779b608640f2ef7a?s=96&d=mm&r=g\",\"contentUrl\":\"https:\\\/\\\/secure.gravatar.com\\\/avatar\\\/9167d280179c85bc18be67aa7eda765854300033af4896dd779b608640f2ef7a?s=96&d=mm&r=g\",\"caption\":\"Diario1 Diario1\"},\"url\":\"https:\\\/\\\/diariotextual.com\\\/inicio\\\/index.php\\\/author\\\/diario1\\\/\"}]}<\/script>\n<!-- \/ Yoast SEO plugin. -->","yoast_head_json":{"title":"El vergonzoso justificativo de Manuel Adorni por el viaje con su esposa en el avi\u00f3n presidencial - Diario Textual","robots":{"index":"index","follow":"follow","max-snippet":"max-snippet:-1","max-image-preview":"max-image-preview:large","max-video-preview":"max-video-preview:-1"},"canonical":"https:\/\/diariotextual.com\/inicio\/index.php\/2026\/03\/11\/el-vergonzoso-justificativo-de-manuel-adorni-por-el-viaje-con-su-esposa-en-el-avion-presidencial\/","og_locale":"es_ES","og_type":"article","og_title":"El vergonzoso justificativo de Manuel Adorni por el viaje con su esposa en el avi\u00f3n presidencial - Diario Textual","og_description":"El jefe de Gabinete, Manuel Adorni, intent\u00f3 justificar el viaje de su esposa, Bettina Angeletti, en el avi\u00f3n presidencial junto con la comitiva del Gobierno, para participar de la \u201cArgentina&hellip;","og_url":"https:\/\/diariotextual.com\/inicio\/index.php\/2026\/03\/11\/el-vergonzoso-justificativo-de-manuel-adorni-por-el-viaje-con-su-esposa-en-el-avion-presidencial\/","og_site_name":"Diario Textual","article_publisher":"https:\/\/www.facebook.com\/eltextual","article_published_time":"2026-03-11T11:00:06+00:00","article_modified_time":"2026-03-11T11:00:08+00:00","og_image":[{"width":854,"height":518,"url":"https:\/\/diariotextual.com\/inicio\/wp-content\/uploads\/2026\/03\/adornimanuelesposaavionpresidencial2026-1.jpg","type":"image\/jpeg"}],"author":"Diario1 Diario1","twitter_card":"summary_large_image","twitter_creator":"@eltextual","twitter_site":"@eltextual","twitter_misc":{"Escrito por":"Diario1 Diario1","Tiempo de lectura":"2 minutos"},"schema":{"@context":"https:\/\/schema.org","@graph":[{"@type":"Article","@id":"https:\/\/diariotextual.com\/inicio\/index.php\/2026\/03\/11\/el-vergonzoso-justificativo-de-manuel-adorni-por-el-viaje-con-su-esposa-en-el-avion-presidencial\/#article","isPartOf":{"@id":"https:\/\/diariotextual.com\/inicio\/index.php\/2026\/03\/11\/el-vergonzoso-justificativo-de-manuel-adorni-por-el-viaje-con-su-esposa-en-el-avion-presidencial\/"},"author":{"name":"Diario1 Diario1","@id":"https:\/\/diariotextual.com\/inicio\/#\/schema\/person\/418fc4093c33e86ed41562db3508f958"},"headline":"El vergonzoso justificativo de Manuel Adorni por el viaje con su esposa en el avi\u00f3n presidencial","datePublished":"2026-03-11T11:00:06+00:00","dateModified":"2026-03-11T11:00:08+00:00","mainEntityOfPage":{"@id":"https:\/\/diariotextual.com\/inicio\/index.php\/2026\/03\/11\/el-vergonzoso-justificativo-de-manuel-adorni-por-el-viaje-con-su-esposa-en-el-avion-presidencial\/"},"wordCount":480,"publisher":{"@id":"https:\/\/diariotextual.com\/inicio\/#organization"},"image":{"@id":"https:\/\/diariotextual.com\/inicio\/index.php\/2026\/03\/11\/el-vergonzoso-justificativo-de-manuel-adorni-por-el-viaje-con-su-esposa-en-el-avion-presidencial\/#primaryimage"},"thumbnailUrl":"https:\/\/diariotextual.com\/inicio\/wp-content\/uploads\/2026\/03\/adornimanuelesposaavionpresidencial2026-1.jpg","articleSection":["A - ES NOTICIA (van abajo)","POLITICA"],"inLanguage":"es"},{"@type":"WebPage","@id":"https:\/\/diariotextual.com\/inicio\/index.php\/2026\/03\/11\/el-vergonzoso-justificativo-de-manuel-adorni-por-el-viaje-con-su-esposa-en-el-avion-presidencial\/","url":"https:\/\/diariotextual.com\/inicio\/index.php\/2026\/03\/11\/el-vergonzoso-justificativo-de-manuel-adorni-por-el-viaje-con-su-esposa-en-el-avion-presidencial\/","name":"El vergonzoso justificativo de Manuel Adorni por el viaje con su esposa en el avi\u00f3n presidencial - Diario Textual","isPartOf":{"@id":"https:\/\/diariotextual.com\/inicio\/#website"},"primaryImageOfPage":{"@id":"https:\/\/diariotextual.com\/inicio\/index.php\/2026\/03\/11\/el-vergonzoso-justificativo-de-manuel-adorni-por-el-viaje-con-su-esposa-en-el-avion-presidencial\/#primaryimage"},"image":{"@id":"https:\/\/diariotextual.com\/inicio\/index.php\/2026\/03\/11\/el-vergonzoso-justificativo-de-manuel-adorni-por-el-viaje-con-su-esposa-en-el-avion-presidencial\/#primaryimage"},"thumbnailUrl":"https:\/\/diariotextual.com\/inicio\/wp-content\/uploads\/2026\/03\/adornimanuelesposaavionpresidencial2026-1.jpg","datePublished":"2026-03-11T11:00:06+00:00","dateModified":"2026-03-11T11:00:08+00:00","breadcrumb":{"@id":"https:\/\/diariotextual.com\/inicio\/index.php\/2026\/03\/11\/el-vergonzoso-justificativo-de-manuel-adorni-por-el-viaje-con-su-esposa-en-el-avion-presidencial\/#breadcrumb"},"inLanguage":"es","potentialAction":[{"@type":"ReadAction","target":["https:\/\/diariotextual.com\/inicio\/index.php\/2026\/03\/11\/el-vergonzoso-justificativo-de-manuel-adorni-por-el-viaje-con-su-esposa-en-el-avion-presidencial\/"]}]},{"@type":"ImageObject","inLanguage":"es","@id":"https:\/\/diariotextual.com\/inicio\/index.php\/2026\/03\/11\/el-vergonzoso-justificativo-de-manuel-adorni-por-el-viaje-con-su-esposa-en-el-avion-presidencial\/#primaryimage","url":"https:\/\/diariotextual.com\/inicio\/wp-content\/uploads\/2026\/03\/adornimanuelesposaavionpresidencial2026-1.jpg","contentUrl":"https:\/\/diariotextual.com\/inicio\/wp-content\/uploads\/2026\/03\/adornimanuelesposaavionpresidencial2026-1.jpg","width":854,"height":518},{"@type":"BreadcrumbList","@id":"https:\/\/diariotextual.com\/inicio\/index.php\/2026\/03\/11\/el-vergonzoso-justificativo-de-manuel-adorni-por-el-viaje-con-su-esposa-en-el-avion-presidencial\/#breadcrumb","itemListElement":[{"@type":"ListItem","position":1,"name":"Portada","item":"https:\/\/diariotextual.com\/inicio\/"},{"@type":"ListItem","position":2,"name":"El vergonzoso justificativo de Manuel Adorni por el viaje con su esposa en el avi\u00f3n presidencial"}]},{"@type":"WebSite","@id":"https:\/\/diariotextual.com\/inicio\/#website","url":"https:\/\/diariotextual.com\/inicio\/","name":"Diario Textual","description":"","publisher":{"@id":"https:\/\/diariotextual.com\/inicio\/#organization"},"potentialAction":[{"@type":"SearchAction","target":{"@type":"EntryPoint","urlTemplate":"https:\/\/diariotextual.com\/inicio\/?s={search_term_string}"},"query-input":{"@type":"PropertyValueSpecification","valueRequired":true,"valueName":"search_term_string"}}],"inLanguage":"es"},{"@type":"Organization","@id":"https:\/\/diariotextual.com\/inicio\/#organization","name":"Diario Textual","url":"https:\/\/diariotextual.com\/inicio\/","logo":{"@type":"ImageObject","inLanguage":"es","@id":"https:\/\/diariotextual.com\/inicio\/#\/schema\/logo\/image\/","url":"https:\/\/diariotextual.com\/inicio\/wp-content\/uploads\/2023\/05\/logotextual1.jpg","contentUrl":"https:\/\/diariotextual.com\/inicio\/wp-content\/uploads\/2023\/05\/logotextual1.jpg","width":516,"height":76,"caption":"Diario Textual"},"image":{"@id":"https:\/\/diariotextual.com\/inicio\/#\/schema\/logo\/image\/"},"sameAs":["https:\/\/www.facebook.com\/eltextual","https:\/\/x.com\/eltextual","http:\/\/www.instagram.com\/eltextual"]},{"@type":"Person","@id":"https:\/\/diariotextual.com\/inicio\/#\/schema\/person\/418fc4093c33e86ed41562db3508f958","name":"Diario1 Diario1","image":{"@type":"ImageObject","inLanguage":"es","@id":"https:\/\/secure.gravatar.com\/avatar\/9167d280179c85bc18be67aa7eda765854300033af4896dd779b608640f2ef7a?s=96&d=mm&r=g","url":"https:\/\/secure.gravatar.com\/avatar\/9167d280179c85bc18be67aa7eda765854300033af4896dd779b608640f2ef7a?s=96&d=mm&r=g","contentUrl":"https:\/\/secure.gravatar.com\/avatar\/9167d280179c85bc18be67aa7eda765854300033af4896dd779b608640f2ef7a?s=96&d=mm&r=g","caption":"Diario1 Diario1"},"url":"https:\/\/diariotextual.com\/inicio\/index.php\/author\/diario1\/"}]}},"_links":{"self":[{"href":"https:\/\/diariotextual.com\/inicio\/index.php\/wp-json\/wp\/v2\/posts\/321925","targetHints":{"allow":["GET"]}}],"collection":[{"href":"https:\/\/diariotextual.com\/inicio\/index.php\/wp-json\/wp\/v2\/posts"}],"about":[{"href":"https:\/\/diariotextual.com\/inicio\/index.php\/wp-json\/wp\/v2\/types\/post"}],"author":[{"embeddable":true,"href":"https:\/\/diariotextual.com\/inicio\/index.php\/wp-json\/wp\/v2\/users\/3"}],"replies":[{"embeddable":true,"href":"https:\/\/diariotextual.com\/inicio\/index.php\/wp-json\/wp\/v2\/comments?post=321925"}],"version-history":[{"count":4,"href":"https:\/\/diariotextual.com\/inicio\/index.php\/wp-json\/wp\/v2\/posts\/321925\/revisions"}],"predecessor-version":[{"id":321930,"href":"https:\/\/diariotextual.com\/inicio\/index.php\/wp-json\/wp\/v2\/posts\/321925\/revisions\/321930"}],"wp:featuredmedia":[{"embeddable":true,"href":"https:\/\/diariotextual.com\/inicio\/index.php\/wp-json\/wp\/v2\/media\/321931"}],"wp:attachment":[{"href":"https:\/\/diariotextual.com\/inicio\/index.php\/wp-json\/wp\/v2\/media?parent=321925"}],"wp:term":[{"taxonomy":"category","embeddable":true,"href":"https:\/\/diariotextual.com\/inicio\/index.php\/wp-json\/wp\/v2\/categories?post=321925"},{"taxonomy":"post_tag","embeddable":true,"href":"https:\/\/diariotextual.com\/inicio\/index.php\/wp-json\/wp\/v2\/tags?post=321925"}],"curies":[{"name":"wp","href":"https:\/\/api.w.org\/{rel}","templated":true}]}}