{"id":321936,"date":"2026-03-11T08:50:46","date_gmt":"2026-03-11T11:50:46","guid":{"rendered":"https:\/\/diariotextual.com\/inicio\/?p=321936"},"modified":"2026-03-11T11:39:22","modified_gmt":"2026-03-11T14:39:22","slug":"la-municipalidad-de-santa-rosa-cruza-a-artesanos-y-dice-que-la-feria-de-este-finde-tendra-electricidad","status":"publish","type":"post","link":"https:\/\/diariotextual.com\/inicio\/index.php\/2026\/03\/11\/la-municipalidad-de-santa-rosa-cruza-a-artesanos-y-dice-que-la-feria-de-este-finde-tendra-electricidad\/","title":{"rendered":"La municipalidad de Santa Rosa cruza a artesanos y dice que la feria de este finde tendr\u00e1 electricidad"},"content":{"rendered":"\n<p>La <strong>municipalidad de Santa Rosa<\/strong> confirm\u00f3 que la<strong> Feria del D\u00eda Internacional del Artesano<\/strong>, prevista para el 14 y 15 de marzo en Plaza San Mart\u00edn, <strong>contar\u00e1 con todas las condiciones para realizarse<\/strong>. Para este evento en el espacio p\u00fablico central de la ciudad, el municipio puso a disposici\u00f3n de los 150 expositores un conjunto de recursos que incluye: estructuras y gazebos nuevos, tableros el\u00e9ctricos, puestos de hidrataci\u00f3n, acceso a sanitarios en el hall de la Municipalidad (para expositores), gesti\u00f3n de inscripciones y acreditaciones, fiscalizaci\u00f3n, adjudicaci\u00f3n de lugares, vigilancia nocturna y difusi\u00f3n institucional del evento. \u201cTodo esto con recursos del Estado municipal, es decir, de los contribuyentes de Santa Rosa\u201d, sostuvo.<\/p>\n\n\n\n<p>De esta manera, <strong>sali\u00f3 al cruce del Colectivo de Artesanos y Artesanas de Santa Rosa<\/strong>, que denunci\u00f3 p\u00fablicamente en las \u00faltimas horas que el municipio hab\u00eda decidido no proveer energ\u00eda el\u00e9ctrica para la feria.<strong> La intendencia lo desminti\u00f3 terminantemente.<\/strong> En<strong> <\/strong>rigor, <strong>lo que no permitir\u00e1 es el cableado a\u00e9reo.<\/strong><\/p>\n\n\n\n<p>Para los artesanos,<strong> el sistema el\u00e9ctrico ofrecido por la intendencia es insuficiente<\/strong>: dicen que, al conectarse los 120 puestos de artesanos, podr\u00eda colapsar el sistema de electricidad.<\/p>\n\n\n\n<p>Desde la intendencia lo desmintieron. \u201cEn materia el\u00e9ctrica, la Plaza San Mart\u00edn cuenta desde su remodelaci\u00f3n en 2025 con ocho t\u00f3tems de energ\u00eda distribuidos estrat\u00e9gicamente en el predio, con tendido subterr\u00e1neo y tomas de corriente dise\u00f1adas espec\u00edficamente para abastecer ferias y eventos. Esta infraestructura \u2014construida con inversi\u00f3n 100% municipal\u2014 es la que se pone a disposici\u00f3n de los feriantes, en l\u00ednea con los est\u00e1ndares de seguridad el\u00e9ctrica para el uso en espacios p\u00fablicos con presencia masiva de personas\u201d, inform\u00f3 la municipalidad.<\/p>\n\n\n\n<p><strong>Los expositores podr\u00e1n conectarse si lo necesitan a los tableros que la municipalidad instalar\u00e1 para la ocasi\u00f3n, pero lo que no habr\u00e1 es tendidos a\u00e9reos<\/strong>. \u201cNo porque no se quiera acompa\u00f1ar al Colectivo de Artesanos y Artesanas \u2014al que acompa\u00f1a desde hace seis a\u00f1os con pol\u00edticas y recursos concretos\u2014 sino porque la infraestructura moderna de la plaza existe precisamente para evitar ese tipo de soluciones, que no son las m\u00e1s adecuadas para un evento con cientos de expositores y miles de visitantes\u201d, sostuvo.<\/p>\n\n\n\n<p>\u201cEl Municipio ratifica su compromiso con la actividad artesanal de Santa Rosa y conf\u00eda en que los 150 expositores que ya completaron su inscripci\u00f3n y adjudicaci\u00f3n de stand, y los visitantes podr\u00e1n disfrutar de una feria a la altura de lo que la ciudad merece\u201d, finaliz\u00f3 la intendencia.<\/p>\n\n\n\n<p><\/p>\n","protected":false},"excerpt":{"rendered":"<p>La municipalidad de Santa Rosa confirm\u00f3 que la Feria del D\u00eda Internacional del Artesano, prevista para el 14 y 15 de marzo en Plaza San Mart\u00edn, contar\u00e1 con todas las&hellip;<\/p>\n","protected":false},"author":3,"featured_media":220099,"comment_status":"closed","ping_status":"open","sticky":false,"template":"","format":"standard","meta":{"_acf_changed":false,"footnotes":""},"categories":[1,12],"tags":[],"class_list":["post-321936","post","type-post","status-publish","format-standard","has-post-thumbnail","hentry","category-es-noticia","category-sociedad"],"acf":[],"yoast_head":"<!-- This site is optimized with the Yoast SEO plugin v27.5 - https:\/\/yoast.com\/product\/yoast-seo-wordpress\/ -->\n<title>La municipalidad de Santa Rosa cruza a artesanos y dice que la feria de este finde tendr\u00e1 electricidad - Diario Textual<\/title>\n<meta name=\"robots\" content=\"index, follow, max-snippet:-1, max-image-preview:large, max-video-preview:-1\" \/>\n<link rel=\"canonical\" href=\"https:\/\/diariotextual.com\/inicio\/index.php\/2026\/03\/11\/la-municipalidad-de-santa-rosa-cruza-a-artesanos-y-dice-que-la-feria-de-este-finde-tendra-electricidad\/\" \/>\n<meta property=\"og:locale\" content=\"es_ES\" \/>\n<meta property=\"og:type\" content=\"article\" \/>\n<meta property=\"og:title\" content=\"La municipalidad de Santa Rosa cruza a artesanos y dice que la feria de este finde tendr\u00e1 electricidad - Diario Textual\" \/>\n<meta property=\"og:description\" content=\"La municipalidad de Santa Rosa confirm\u00f3 que la Feria del D\u00eda Internacional del Artesano, prevista para el 14 y 15 de marzo en Plaza San Mart\u00edn, contar\u00e1 con todas las&hellip;\" \/>\n<meta property=\"og:url\" content=\"https:\/\/diariotextual.com\/inicio\/index.php\/2026\/03\/11\/la-municipalidad-de-santa-rosa-cruza-a-artesanos-y-dice-que-la-feria-de-este-finde-tendra-electricidad\/\" \/>\n<meta property=\"og:site_name\" content=\"Diario Textual\" \/>\n<meta property=\"article:publisher\" content=\"https:\/\/www.facebook.com\/eltextual\" \/>\n<meta property=\"article:published_time\" content=\"2026-03-11T11:50:46+00:00\" \/>\n<meta property=\"article:modified_time\" content=\"2026-03-11T14:39:22+00:00\" \/>\n<meta property=\"og:image\" content=\"https:\/\/diariotextual.com\/inicio\/wp-content\/uploads\/2023\/03\/feriadelartesanosantarosa2023-2001.jpeg\" \/>\n\t<meta property=\"og:image:width\" content=\"1500\" \/>\n\t<meta property=\"og:image:height\" content=\"1000\" \/>\n\t<meta property=\"og:image:type\" content=\"image\/jpeg\" \/>\n<meta name=\"author\" content=\"Diario1 Diario1\" \/>\n<meta name=\"twitter:card\" content=\"summary_large_image\" \/>\n<meta name=\"twitter:creator\" content=\"@eltextual\" \/>\n<meta name=\"twitter:site\" content=\"@eltextual\" \/>\n<meta name=\"twitter:label1\" content=\"Escrito por\" \/>\n\t<meta name=\"twitter:data1\" content=\"Diario1 Diario1\" \/>\n\t<meta name=\"twitter:label2\" content=\"Tiempo de lectura\" \/>\n\t<meta name=\"twitter:data2\" content=\"3 minutos\" \/>\n<script type=\"application\/ld+json\" class=\"yoast-schema-graph\">{\"@context\":\"https:\\\/\\\/schema.org\",\"@graph\":[{\"@type\":\"Article\",\"@id\":\"https:\\\/\\\/diariotextual.com\\\/inicio\\\/index.php\\\/2026\\\/03\\\/11\\\/la-municipalidad-de-santa-rosa-cruza-a-artesanos-y-dice-que-la-feria-de-este-finde-tendra-electricidad\\\/#article\",\"isPartOf\":{\"@id\":\"https:\\\/\\\/diariotextual.com\\\/inicio\\\/index.php\\\/2026\\\/03\\\/11\\\/la-municipalidad-de-santa-rosa-cruza-a-artesanos-y-dice-que-la-feria-de-este-finde-tendra-electricidad\\\/\"},\"author\":{\"name\":\"Diario1 Diario1\",\"@id\":\"https:\\\/\\\/diariotextual.com\\\/inicio\\\/#\\\/schema\\\/person\\\/418fc4093c33e86ed41562db3508f958\"},\"headline\":\"La municipalidad de Santa Rosa cruza a artesanos y dice que la feria de este finde tendr\u00e1 electricidad\",\"datePublished\":\"2026-03-11T11:50:46+00:00\",\"dateModified\":\"2026-03-11T14:39:22+00:00\",\"mainEntityOfPage\":{\"@id\":\"https:\\\/\\\/diariotextual.com\\\/inicio\\\/index.php\\\/2026\\\/03\\\/11\\\/la-municipalidad-de-santa-rosa-cruza-a-artesanos-y-dice-que-la-feria-de-este-finde-tendra-electricidad\\\/\"},\"wordCount\":454,\"publisher\":{\"@id\":\"https:\\\/\\\/diariotextual.com\\\/inicio\\\/#organization\"},\"image\":{\"@id\":\"https:\\\/\\\/diariotextual.com\\\/inicio\\\/index.php\\\/2026\\\/03\\\/11\\\/la-municipalidad-de-santa-rosa-cruza-a-artesanos-y-dice-que-la-feria-de-este-finde-tendra-electricidad\\\/#primaryimage\"},\"thumbnailUrl\":\"https:\\\/\\\/diariotextual.com\\\/inicio\\\/wp-content\\\/uploads\\\/2023\\\/03\\\/feriadelartesanosantarosa2023-2001.jpeg\",\"articleSection\":[\"A - ES NOTICIA (van abajo)\",\"SOCIEDAD\"],\"inLanguage\":\"es\"},{\"@type\":\"WebPage\",\"@id\":\"https:\\\/\\\/diariotextual.com\\\/inicio\\\/index.php\\\/2026\\\/03\\\/11\\\/la-municipalidad-de-santa-rosa-cruza-a-artesanos-y-dice-que-la-feria-de-este-finde-tendra-electricidad\\\/\",\"url\":\"https:\\\/\\\/diariotextual.com\\\/inicio\\\/index.php\\\/2026\\\/03\\\/11\\\/la-municipalidad-de-santa-rosa-cruza-a-artesanos-y-dice-que-la-feria-de-este-finde-tendra-electricidad\\\/\",\"name\":\"La municipalidad de Santa Rosa cruza a artesanos y dice que la feria de este finde tendr\u00e1 electricidad - Diario Textual\",\"isPartOf\":{\"@id\":\"https:\\\/\\\/diariotextual.com\\\/inicio\\\/#website\"},\"primaryImageOfPage\":{\"@id\":\"https:\\\/\\\/diariotextual.com\\\/inicio\\\/index.php\\\/2026\\\/03\\\/11\\\/la-municipalidad-de-santa-rosa-cruza-a-artesanos-y-dice-que-la-feria-de-este-finde-tendra-electricidad\\\/#primaryimage\"},\"image\":{\"@id\":\"https:\\\/\\\/diariotextual.com\\\/inicio\\\/index.php\\\/2026\\\/03\\\/11\\\/la-municipalidad-de-santa-rosa-cruza-a-artesanos-y-dice-que-la-feria-de-este-finde-tendra-electricidad\\\/#primaryimage\"},\"thumbnailUrl\":\"https:\\\/\\\/diariotextual.com\\\/inicio\\\/wp-content\\\/uploads\\\/2023\\\/03\\\/feriadelartesanosantarosa2023-2001.jpeg\",\"datePublished\":\"2026-03-11T11:50:46+00:00\",\"dateModified\":\"2026-03-11T14:39:22+00:00\",\"breadcrumb\":{\"@id\":\"https:\\\/\\\/diariotextual.com\\\/inicio\\\/index.php\\\/2026\\\/03\\\/11\\\/la-municipalidad-de-santa-rosa-cruza-a-artesanos-y-dice-que-la-feria-de-este-finde-tendra-electricidad\\\/#breadcrumb\"},\"inLanguage\":\"es\",\"potentialAction\":[{\"@type\":\"ReadAction\",\"target\":[\"https:\\\/\\\/diariotextual.com\\\/inicio\\\/index.php\\\/2026\\\/03\\\/11\\\/la-municipalidad-de-santa-rosa-cruza-a-artesanos-y-dice-que-la-feria-de-este-finde-tendra-electricidad\\\/\"]}]},{\"@type\":\"ImageObject\",\"inLanguage\":\"es\",\"@id\":\"https:\\\/\\\/diariotextual.com\\\/inicio\\\/index.php\\\/2026\\\/03\\\/11\\\/la-municipalidad-de-santa-rosa-cruza-a-artesanos-y-dice-que-la-feria-de-este-finde-tendra-electricidad\\\/#primaryimage\",\"url\":\"https:\\\/\\\/diariotextual.com\\\/inicio\\\/wp-content\\\/uploads\\\/2023\\\/03\\\/feriadelartesanosantarosa2023-2001.jpeg\",\"contentUrl\":\"https:\\\/\\\/diariotextual.com\\\/inicio\\\/wp-content\\\/uploads\\\/2023\\\/03\\\/feriadelartesanosantarosa2023-2001.jpeg\",\"width\":1500,\"height\":1000},{\"@type\":\"BreadcrumbList\",\"@id\":\"https:\\\/\\\/diariotextual.com\\\/inicio\\\/index.php\\\/2026\\\/03\\\/11\\\/la-municipalidad-de-santa-rosa-cruza-a-artesanos-y-dice-que-la-feria-de-este-finde-tendra-electricidad\\\/#breadcrumb\",\"itemListElement\":[{\"@type\":\"ListItem\",\"position\":1,\"name\":\"Portada\",\"item\":\"https:\\\/\\\/diariotextual.com\\\/inicio\\\/\"},{\"@type\":\"ListItem\",\"position\":2,\"name\":\"La municipalidad de Santa Rosa cruza a artesanos y dice que la feria de este finde tendr\u00e1 electricidad\"}]},{\"@type\":\"WebSite\",\"@id\":\"https:\\\/\\\/diariotextual.com\\\/inicio\\\/#website\",\"url\":\"https:\\\/\\\/diariotextual.com\\\/inicio\\\/\",\"name\":\"Diario Textual\",\"description\":\"\",\"publisher\":{\"@id\":\"https:\\\/\\\/diariotextual.com\\\/inicio\\\/#organization\"},\"potentialAction\":[{\"@type\":\"SearchAction\",\"target\":{\"@type\":\"EntryPoint\",\"urlTemplate\":\"https:\\\/\\\/diariotextual.com\\\/inicio\\\/?s={search_term_string}\"},\"query-input\":{\"@type\":\"PropertyValueSpecification\",\"valueRequired\":true,\"valueName\":\"search_term_string\"}}],\"inLanguage\":\"es\"},{\"@type\":\"Organization\",\"@id\":\"https:\\\/\\\/diariotextual.com\\\/inicio\\\/#organization\",\"name\":\"Diario Textual\",\"url\":\"https:\\\/\\\/diariotextual.com\\\/inicio\\\/\",\"logo\":{\"@type\":\"ImageObject\",\"inLanguage\":\"es\",\"@id\":\"https:\\\/\\\/diariotextual.com\\\/inicio\\\/#\\\/schema\\\/logo\\\/image\\\/\",\"url\":\"https:\\\/\\\/diariotextual.com\\\/inicio\\\/wp-content\\\/uploads\\\/2023\\\/05\\\/logotextual1.jpg\",\"contentUrl\":\"https:\\\/\\\/diariotextual.com\\\/inicio\\\/wp-content\\\/uploads\\\/2023\\\/05\\\/logotextual1.jpg\",\"width\":516,\"height\":76,\"caption\":\"Diario Textual\"},\"image\":{\"@id\":\"https:\\\/\\\/diariotextual.com\\\/inicio\\\/#\\\/schema\\\/logo\\\/image\\\/\"},\"sameAs\":[\"https:\\\/\\\/www.facebook.com\\\/eltextual\",\"https:\\\/\\\/x.com\\\/eltextual\",\"http:\\\/\\\/www.instagram.com\\\/eltextual\"]},{\"@type\":\"Person\",\"@id\":\"https:\\\/\\\/diariotextual.com\\\/inicio\\\/#\\\/schema\\\/person\\\/418fc4093c33e86ed41562db3508f958\",\"name\":\"Diario1 Diario1\",\"image\":{\"@type\":\"ImageObject\",\"inLanguage\":\"es\",\"@id\":\"https:\\\/\\\/secure.gravatar.com\\\/avatar\\\/9167d280179c85bc18be67aa7eda765854300033af4896dd779b608640f2ef7a?s=96&d=mm&r=g\",\"url\":\"https:\\\/\\\/secure.gravatar.com\\\/avatar\\\/9167d280179c85bc18be67aa7eda765854300033af4896dd779b608640f2ef7a?s=96&d=mm&r=g\",\"contentUrl\":\"https:\\\/\\\/secure.gravatar.com\\\/avatar\\\/9167d280179c85bc18be67aa7eda765854300033af4896dd779b608640f2ef7a?s=96&d=mm&r=g\",\"caption\":\"Diario1 Diario1\"},\"url\":\"https:\\\/\\\/diariotextual.com\\\/inicio\\\/index.php\\\/author\\\/diario1\\\/\"}]}<\/script>\n<!-- \/ Yoast SEO plugin. -->","yoast_head_json":{"title":"La municipalidad de Santa Rosa cruza a artesanos y dice que la feria de este finde tendr\u00e1 electricidad - Diario Textual","robots":{"index":"index","follow":"follow","max-snippet":"max-snippet:-1","max-image-preview":"max-image-preview:large","max-video-preview":"max-video-preview:-1"},"canonical":"https:\/\/diariotextual.com\/inicio\/index.php\/2026\/03\/11\/la-municipalidad-de-santa-rosa-cruza-a-artesanos-y-dice-que-la-feria-de-este-finde-tendra-electricidad\/","og_locale":"es_ES","og_type":"article","og_title":"La municipalidad de Santa Rosa cruza a artesanos y dice que la feria de este finde tendr\u00e1 electricidad - Diario Textual","og_description":"La municipalidad de Santa Rosa confirm\u00f3 que la Feria del D\u00eda Internacional del Artesano, prevista para el 14 y 15 de marzo en Plaza San Mart\u00edn, contar\u00e1 con todas las&hellip;","og_url":"https:\/\/diariotextual.com\/inicio\/index.php\/2026\/03\/11\/la-municipalidad-de-santa-rosa-cruza-a-artesanos-y-dice-que-la-feria-de-este-finde-tendra-electricidad\/","og_site_name":"Diario Textual","article_publisher":"https:\/\/www.facebook.com\/eltextual","article_published_time":"2026-03-11T11:50:46+00:00","article_modified_time":"2026-03-11T14:39:22+00:00","og_image":[{"width":1500,"height":1000,"url":"https:\/\/diariotextual.com\/inicio\/wp-content\/uploads\/2023\/03\/feriadelartesanosantarosa2023-2001.jpeg","type":"image\/jpeg"}],"author":"Diario1 Diario1","twitter_card":"summary_large_image","twitter_creator":"@eltextual","twitter_site":"@eltextual","twitter_misc":{"Escrito por":"Diario1 Diario1","Tiempo de lectura":"3 minutos"},"schema":{"@context":"https:\/\/schema.org","@graph":[{"@type":"Article","@id":"https:\/\/diariotextual.com\/inicio\/index.php\/2026\/03\/11\/la-municipalidad-de-santa-rosa-cruza-a-artesanos-y-dice-que-la-feria-de-este-finde-tendra-electricidad\/#article","isPartOf":{"@id":"https:\/\/diariotextual.com\/inicio\/index.php\/2026\/03\/11\/la-municipalidad-de-santa-rosa-cruza-a-artesanos-y-dice-que-la-feria-de-este-finde-tendra-electricidad\/"},"author":{"name":"Diario1 Diario1","@id":"https:\/\/diariotextual.com\/inicio\/#\/schema\/person\/418fc4093c33e86ed41562db3508f958"},"headline":"La municipalidad de Santa Rosa cruza a artesanos y dice que la feria de este finde tendr\u00e1 electricidad","datePublished":"2026-03-11T11:50:46+00:00","dateModified":"2026-03-11T14:39:22+00:00","mainEntityOfPage":{"@id":"https:\/\/diariotextual.com\/inicio\/index.php\/2026\/03\/11\/la-municipalidad-de-santa-rosa-cruza-a-artesanos-y-dice-que-la-feria-de-este-finde-tendra-electricidad\/"},"wordCount":454,"publisher":{"@id":"https:\/\/diariotextual.com\/inicio\/#organization"},"image":{"@id":"https:\/\/diariotextual.com\/inicio\/index.php\/2026\/03\/11\/la-municipalidad-de-santa-rosa-cruza-a-artesanos-y-dice-que-la-feria-de-este-finde-tendra-electricidad\/#primaryimage"},"thumbnailUrl":"https:\/\/diariotextual.com\/inicio\/wp-content\/uploads\/2023\/03\/feriadelartesanosantarosa2023-2001.jpeg","articleSection":["A - ES NOTICIA (van abajo)","SOCIEDAD"],"inLanguage":"es"},{"@type":"WebPage","@id":"https:\/\/diariotextual.com\/inicio\/index.php\/2026\/03\/11\/la-municipalidad-de-santa-rosa-cruza-a-artesanos-y-dice-que-la-feria-de-este-finde-tendra-electricidad\/","url":"https:\/\/diariotextual.com\/inicio\/index.php\/2026\/03\/11\/la-municipalidad-de-santa-rosa-cruza-a-artesanos-y-dice-que-la-feria-de-este-finde-tendra-electricidad\/","name":"La municipalidad de Santa Rosa cruza a artesanos y dice que la feria de este finde tendr\u00e1 electricidad - Diario Textual","isPartOf":{"@id":"https:\/\/diariotextual.com\/inicio\/#website"},"primaryImageOfPage":{"@id":"https:\/\/diariotextual.com\/inicio\/index.php\/2026\/03\/11\/la-municipalidad-de-santa-rosa-cruza-a-artesanos-y-dice-que-la-feria-de-este-finde-tendra-electricidad\/#primaryimage"},"image":{"@id":"https:\/\/diariotextual.com\/inicio\/index.php\/2026\/03\/11\/la-municipalidad-de-santa-rosa-cruza-a-artesanos-y-dice-que-la-feria-de-este-finde-tendra-electricidad\/#primaryimage"},"thumbnailUrl":"https:\/\/diariotextual.com\/inicio\/wp-content\/uploads\/2023\/03\/feriadelartesanosantarosa2023-2001.jpeg","datePublished":"2026-03-11T11:50:46+00:00","dateModified":"2026-03-11T14:39:22+00:00","breadcrumb":{"@id":"https:\/\/diariotextual.com\/inicio\/index.php\/2026\/03\/11\/la-municipalidad-de-santa-rosa-cruza-a-artesanos-y-dice-que-la-feria-de-este-finde-tendra-electricidad\/#breadcrumb"},"inLanguage":"es","potentialAction":[{"@type":"ReadAction","target":["https:\/\/diariotextual.com\/inicio\/index.php\/2026\/03\/11\/la-municipalidad-de-santa-rosa-cruza-a-artesanos-y-dice-que-la-feria-de-este-finde-tendra-electricidad\/"]}]},{"@type":"ImageObject","inLanguage":"es","@id":"https:\/\/diariotextual.com\/inicio\/index.php\/2026\/03\/11\/la-municipalidad-de-santa-rosa-cruza-a-artesanos-y-dice-que-la-feria-de-este-finde-tendra-electricidad\/#primaryimage","url":"https:\/\/diariotextual.com\/inicio\/wp-content\/uploads\/2023\/03\/feriadelartesanosantarosa2023-2001.jpeg","contentUrl":"https:\/\/diariotextual.com\/inicio\/wp-content\/uploads\/2023\/03\/feriadelartesanosantarosa2023-2001.jpeg","width":1500,"height":1000},{"@type":"BreadcrumbList","@id":"https:\/\/diariotextual.com\/inicio\/index.php\/2026\/03\/11\/la-municipalidad-de-santa-rosa-cruza-a-artesanos-y-dice-que-la-feria-de-este-finde-tendra-electricidad\/#breadcrumb","itemListElement":[{"@type":"ListItem","position":1,"name":"Portada","item":"https:\/\/diariotextual.com\/inicio\/"},{"@type":"ListItem","position":2,"name":"La municipalidad de Santa Rosa cruza a artesanos y dice que la feria de este finde tendr\u00e1 electricidad"}]},{"@type":"WebSite","@id":"https:\/\/diariotextual.com\/inicio\/#website","url":"https:\/\/diariotextual.com\/inicio\/","name":"Diario Textual","description":"","publisher":{"@id":"https:\/\/diariotextual.com\/inicio\/#organization"},"potentialAction":[{"@type":"SearchAction","target":{"@type":"EntryPoint","urlTemplate":"https:\/\/diariotextual.com\/inicio\/?s={search_term_string}"},"query-input":{"@type":"PropertyValueSpecification","valueRequired":true,"valueName":"search_term_string"}}],"inLanguage":"es"},{"@type":"Organization","@id":"https:\/\/diariotextual.com\/inicio\/#organization","name":"Diario Textual","url":"https:\/\/diariotextual.com\/inicio\/","logo":{"@type":"ImageObject","inLanguage":"es","@id":"https:\/\/diariotextual.com\/inicio\/#\/schema\/logo\/image\/","url":"https:\/\/diariotextual.com\/inicio\/wp-content\/uploads\/2023\/05\/logotextual1.jpg","contentUrl":"https:\/\/diariotextual.com\/inicio\/wp-content\/uploads\/2023\/05\/logotextual1.jpg","width":516,"height":76,"caption":"Diario Textual"},"image":{"@id":"https:\/\/diariotextual.com\/inicio\/#\/schema\/logo\/image\/"},"sameAs":["https:\/\/www.facebook.com\/eltextual","https:\/\/x.com\/eltextual","http:\/\/www.instagram.com\/eltextual"]},{"@type":"Person","@id":"https:\/\/diariotextual.com\/inicio\/#\/schema\/person\/418fc4093c33e86ed41562db3508f958","name":"Diario1 Diario1","image":{"@type":"ImageObject","inLanguage":"es","@id":"https:\/\/secure.gravatar.com\/avatar\/9167d280179c85bc18be67aa7eda765854300033af4896dd779b608640f2ef7a?s=96&d=mm&r=g","url":"https:\/\/secure.gravatar.com\/avatar\/9167d280179c85bc18be67aa7eda765854300033af4896dd779b608640f2ef7a?s=96&d=mm&r=g","contentUrl":"https:\/\/secure.gravatar.com\/avatar\/9167d280179c85bc18be67aa7eda765854300033af4896dd779b608640f2ef7a?s=96&d=mm&r=g","caption":"Diario1 Diario1"},"url":"https:\/\/diariotextual.com\/inicio\/index.php\/author\/diario1\/"}]}},"_links":{"self":[{"href":"https:\/\/diariotextual.com\/inicio\/index.php\/wp-json\/wp\/v2\/posts\/321936","targetHints":{"allow":["GET"]}}],"collection":[{"href":"https:\/\/diariotextual.com\/inicio\/index.php\/wp-json\/wp\/v2\/posts"}],"about":[{"href":"https:\/\/diariotextual.com\/inicio\/index.php\/wp-json\/wp\/v2\/types\/post"}],"author":[{"embeddable":true,"href":"https:\/\/diariotextual.com\/inicio\/index.php\/wp-json\/wp\/v2\/users\/3"}],"replies":[{"embeddable":true,"href":"https:\/\/diariotextual.com\/inicio\/index.php\/wp-json\/wp\/v2\/comments?post=321936"}],"version-history":[{"count":6,"href":"https:\/\/diariotextual.com\/inicio\/index.php\/wp-json\/wp\/v2\/posts\/321936\/revisions"}],"predecessor-version":[{"id":321944,"href":"https:\/\/diariotextual.com\/inicio\/index.php\/wp-json\/wp\/v2\/posts\/321936\/revisions\/321944"}],"wp:featuredmedia":[{"embeddable":true,"href":"https:\/\/diariotextual.com\/inicio\/index.php\/wp-json\/wp\/v2\/media\/220099"}],"wp:attachment":[{"href":"https:\/\/diariotextual.com\/inicio\/index.php\/wp-json\/wp\/v2\/media?parent=321936"}],"wp:term":[{"taxonomy":"category","embeddable":true,"href":"https:\/\/diariotextual.com\/inicio\/index.php\/wp-json\/wp\/v2\/categories?post=321936"},{"taxonomy":"post_tag","embeddable":true,"href":"https:\/\/diariotextual.com\/inicio\/index.php\/wp-json\/wp\/v2\/tags?post=321936"}],"curies":[{"name":"wp","href":"https:\/\/api.w.org\/{rel}","templated":true}]}}