{"id":321949,"date":"2026-03-11T14:15:00","date_gmt":"2026-03-11T17:15:00","guid":{"rendered":"https:\/\/diariotextual.com\/inicio\/?p=321949"},"modified":"2026-03-11T16:51:27","modified_gmt":"2026-03-11T19:51:27","slug":"matias-toso-con-pampetrol-se-garantiza-que-no-se-parara-el-medanito","status":"publish","type":"post","link":"https:\/\/diariotextual.com\/inicio\/index.php\/2026\/03\/11\/matias-toso-con-pampetrol-se-garantiza-que-no-se-parara-el-medanito\/","title":{"rendered":"Mat\u00edas Toso: con Pampetrol se garantiza que no se parar\u00e1 El Medanito"},"content":{"rendered":"\n<p><strong>Mat\u00edas Toso<\/strong>, secretario de Energ\u00eda de La Pampa, estuvo este mi\u00e9rcoles en la Legislatura provincial y defendi\u00f3 el proyecto de ley que propone que se haga cargo la estatal <strong>Pampetrol<\/strong> del \u00e1rea hidrocarbur\u00edfera <strong>El Medanito<\/strong>, como una \u201c<strong>soluci\u00f3n transitoria\u201d para \u201cgarantizar la continuidad operativa\u201d luego del vencimiento del contrato<\/strong>, a mediados de junio pr\u00f3ximo, sin que se detenga la producci\u00f3n ni la actividad econ\u00f3mica. Explic\u00f3 que <strong>no se trata de una adjudicaci\u00f3n directa a Pampetrol<\/strong>, sino de un <strong>r\u00e9gimen de transici\u00f3n<\/strong> que permita mantener la operaci\u00f3n hasta que se realice una <strong>licitaci\u00f3n p\u00fablica nacional e internacional por 25 a\u00f1os<\/strong>, en la que se definir\u00e1 el futuro concesionario y el plan de inversiones de largo plazo.<\/p>\n\n\n\n<figure class=\"wp-block-image size-large\"><img fetchpriority=\"high\" decoding=\"async\" width=\"1024\" height=\"678\" src=\"https:\/\/diariotextual.com\/inicio\/wp-content\/uploads\/2026\/03\/loveradanieltosomatiaselmedanitoplenariodiputadosloveramedanitotoso2026-0-1024x678.jpg\" alt=\"\" class=\"wp-image-322000\" srcset=\"https:\/\/diariotextual.com\/inicio\/wp-content\/uploads\/2026\/03\/loveradanieltosomatiaselmedanitoplenariodiputadosloveramedanitotoso2026-0-1024x678.jpg 1024w, https:\/\/diariotextual.com\/inicio\/wp-content\/uploads\/2026\/03\/loveradanieltosomatiaselmedanitoplenariodiputadosloveramedanitotoso2026-0-300x199.jpg 300w, https:\/\/diariotextual.com\/inicio\/wp-content\/uploads\/2026\/03\/loveradanieltosomatiaselmedanitoplenariodiputadosloveramedanitotoso2026-0-768x509.jpg 768w, https:\/\/diariotextual.com\/inicio\/wp-content\/uploads\/2026\/03\/loveradanieltosomatiaselmedanitoplenariodiputadosloveramedanitotoso2026-0-1170x775.jpg 1170w, https:\/\/diariotextual.com\/inicio\/wp-content\/uploads\/2026\/03\/loveradanieltosomatiaselmedanitoplenariodiputadosloveramedanitotoso2026-0-780x516.jpg 780w, https:\/\/diariotextual.com\/inicio\/wp-content\/uploads\/2026\/03\/loveradanieltosomatiaselmedanitoplenariodiputadosloveramedanitotoso2026-0-585x387.jpg 585w, https:\/\/diariotextual.com\/inicio\/wp-content\/uploads\/2026\/03\/loveradanieltosomatiaselmedanitoplenariodiputadosloveramedanitotoso2026-0-263x175.jpg 263w, https:\/\/diariotextual.com\/inicio\/wp-content\/uploads\/2026\/03\/loveradanieltosomatiaselmedanitoplenariodiputadosloveramedanitotoso2026-0.jpg 1300w\" sizes=\"(max-width: 1024px) 100vw, 1024px\" \/><\/figure>\n\n\n\n<p>Toso aclar\u00f3 que <strong>cualquier empresa operadora que califique podr\u00eda asociarse con Pampetrol<\/strong> durante esta etapa, pero remarc\u00f3 que <strong>Petroqu\u00edmica Comodoro Rivadavia (PCR), a cargo del \u00e1rea desde 1992, deber\u00e1 cumplir con la remediaci\u00f3n del pasivo ambiental<\/strong> generado durante su operaci\u00f3n en el yacimiento. Se\u00f1al\u00f3 que ya existe un informe ambiental que determina esos pasivos y que luego deber\u00e1 presentarse un plan de remediaci\u00f3n con las garant\u00edas correspondientes.<\/p>\n\n\n\n<p>El funcionario sostuvo que <strong>el principal objetivo de la iniciativa es evitar que se detenga la actividad en el \u00e1rea<\/strong>, lo que permitir\u00eda <strong>mantener la producci\u00f3n y preservar los puestos de trabajo actuales<\/strong> hasta que se defina el nuevo esquema de concesi\u00f3n.<\/p>\n\n\n\n<p>\u201cA Pampetrol no se le puede pedir que haga algo distinto de lo que hacen las empresas hidrocarbur\u00edferas. Por ende, <strong>si se hace cargo del \u00e1rea tendr\u00e1 que buscar un socio para la operaci\u00f3n. <\/strong>En caso que no lo encontrara, tendr\u00eda que tercerizarlo. Lo primero que se har\u00e1 ser\u00e1 seleccionar un operador, como lo realiza habitualmente cualquier empresa que realiza estas actividades\u201d, se\u00f1al\u00f3 el funcionario.<\/p>\n\n\n\n<p><br>Un punto clave del proyecto de ley al que se refiri\u00f3 Toso est\u00e1 vinculado con el plazo de la intervenci\u00f3n de Pampetrol. \u201cEs por un m\u00e1ximo de 24 meses, pero si se licita antes, se cede la explotaci\u00f3n en ese momento, aunque no hayan transcurrido esos dos a\u00f1os\u201d, resalt\u00f3.<\/p>\n\n\n\n<p><br>Para que tenga \u00e9xito la pr\u00f3xima licitaci\u00f3n, <strong>el secretario de Energ\u00eda y Miner\u00eda afirm\u00f3 que deben analizarse los tres aspectos fundamentales: regal\u00edas, plan de inversi\u00f3n y bono. <\/strong>\u201cSi se establecen regal\u00edas muy altas, hay que equilibrarlo con el bono. Son puntos que juegan en conjunto\u201d, dijo.<\/p>\n\n\n\n<p><br>Adem\u00e1s, dijo que, para que tenga \u00e9xito la pr\u00f3xima licitaci\u00f3n, deben analizarse los tres aspectos fundamentales: regal\u00edas, plan de inversi\u00f3n y bono. \u201cSi se establecen regal\u00edas muy altas, hay que equilibrarlo con el bono. Son puntos que juegan en conjunto\u201d, dijo.<\/p>\n\n\n\n<p>Resalt\u00f3 que la operaci\u00f3n por parte de Pampetrol es transitoria. \u201cEstamos proponiendo, a trav\u00e9s de este proyecto de ley, una soluci\u00f3n transitoria y excepcional a partir de la cual se pueda dar continuidad a la operaci\u00f3n y a la actividad econ\u00f3mica del \u00e1rea sin tener que detenerla al final del contrato por no tener otro concesionario asignado. B\u00e1sicamente ese es el objetivo, muy sencillo, del proyecto\u201d, dijo a la prensa, antes de ingresar al plenario de comisiones.<\/p>\n\n\n\n<p><strong>-\u00bfCon la adjudicaci\u00f3n directamente a Pampetrol se puede lograr ese objetivo?<br><\/strong>-No es una adjudicaci\u00f3n. Lo que se est\u00e1 buscando es un r\u00e9gimen de transici\u00f3n operativa. La adjudicaci\u00f3n ser\u00eda cuando se designe un concesionario, previa licitaci\u00f3n p\u00fablica nacional e internacional, para que por 25 a\u00f1os -es decir, pensando ya en el largo plazo- proyecte inversiones y le d\u00e9 al \u00e1rea un volumen de producci\u00f3n diferente. De lo que se trata ahora es de no detener la continuidad de la operaci\u00f3n.<\/p>\n\n\n\n<p><strong>-\u00bfY qui\u00e9nes est\u00e1n en condiciones de ser socios de Pampetrol? PCR, con el pasivo ambiental (NdeR: deja al menos 1<strong>37 pozos inactivos<\/strong>, \u00bfpuede serlo?<\/strong><br>-Cualquier empresa operadora que califique para la operaci\u00f3n de un \u00e1rea. Entendamos que esto no es una concesi\u00f3n: no se le est\u00e1 dando un \u00e1rea por 25 a\u00f1os a una empresa. Lo que se busca es establecer una estabilidad y una continuidad hasta que se dicte una nueva ley en la que s\u00ed se definan las condiciones de esa licitaci\u00f3n.<\/p>\n\n\n\n<figure class=\"wp-block-image size-large\"><img decoding=\"async\" width=\"1024\" height=\"684\" src=\"https:\/\/diariotextual.com\/inicio\/wp-content\/uploads\/2026\/03\/tosomatias2026-7777-1024x684.jpg\" alt=\"\" class=\"wp-image-321969\" srcset=\"https:\/\/diariotextual.com\/inicio\/wp-content\/uploads\/2026\/03\/tosomatias2026-7777-1024x684.jpg 1024w, https:\/\/diariotextual.com\/inicio\/wp-content\/uploads\/2026\/03\/tosomatias2026-7777-300x200.jpg 300w, https:\/\/diariotextual.com\/inicio\/wp-content\/uploads\/2026\/03\/tosomatias2026-7777-768x513.jpg 768w, https:\/\/diariotextual.com\/inicio\/wp-content\/uploads\/2026\/03\/tosomatias2026-7777-1170x781.jpg 1170w, https:\/\/diariotextual.com\/inicio\/wp-content\/uploads\/2026\/03\/tosomatias2026-7777-585x391.jpg 585w, https:\/\/diariotextual.com\/inicio\/wp-content\/uploads\/2026\/03\/tosomatias2026-7777-263x175.jpg 263w, https:\/\/diariotextual.com\/inicio\/wp-content\/uploads\/2026\/03\/tosomatias2026-7777.jpg 1300w\" sizes=\"(max-width: 1024px) 100vw, 1024px\" \/><\/figure>\n\n\n\n<p><\/p>\n\n\n\n<p><strong>-\u00bfSe le va a exigir el pasivo ambiental o no a PCR? \u00bfPuede presentarse en esta oportunidad sin cumplir lo que no cumpli\u00f3 en la licitaci\u00f3n?<\/strong><br>-No. La obligaci\u00f3n de remediar el pasivo ambiental existe para cualquier empresa. En este caso PCR, que es la que ha operado junto con Pampetrol en el yacimiento y lo har\u00e1 hasta el 19 de junio, tiene la obligaci\u00f3n de remediar todos y cada uno de los pasivos que se hayan generado por la actividad. Eso es un hecho. Se ha realizado un informe ambiental final en el que se est\u00e1n determinando esos pasivos. Luego vendr\u00e1 un plan de remediaci\u00f3n y una cauci\u00f3n, es decir, una garant\u00eda de que se van a cumplir esos trabajos. Todo eso debe remediarse. Esa es una situaci\u00f3n que va por un canal. Por otro lado, est\u00e1 la discusi\u00f3n sobre qu\u00e9 hacer con el \u00e1rea a partir del vencimiento del contrato.<\/p>\n\n\n\n<p><strong>-\u00bfEsta estabilidad contempla tambi\u00e9n mantener los puestos de trabajo?<\/strong><br>-Es el principal objetivo. Hoy por hoy no estamos pensando en un proyecto que prevea inversiones estructurales definitivas. Lo que estamos pensando es en no tener que detener las actividades del \u00e1rea, lo que implica seguir produciendo y mantener los puestos de trabajo que hoy est\u00e1n activos.<\/p>\n\n\n\n<div style=\"height:100px\" aria-hidden=\"true\" class=\"wp-block-spacer\"><\/div>\n\n\n\n<p><strong>El debate<\/strong><\/p>\n\n\n\n<p>La&nbsp;<strong>Legislatura de La Pampa<\/strong>&nbsp;retom\u00f3 este mi\u00e9rcoles el debate por el futuro del&nbsp;<strong>yacimiento petrolero El Medanito<\/strong>, el principal de la provincia, luego del fracaso de la reciente licitaci\u00f3n. Los&nbsp;<strong>30 diputados<\/strong>&nbsp;deber\u00e1n analizar dos alternativas: que la empresa estatal&nbsp;<strong>Pampetrol<\/strong>&nbsp;asuma la operaci\u00f3n de manera transitoria desde el&nbsp;<strong>19 de junio<\/strong>&nbsp;por un plazo m\u00e1ximo de&nbsp;<strong>dos a\u00f1os \u2013<\/strong>hasta que se convoque a otra licitaci\u00f3n y se pueda elegir a una empresa-, o avanzar con&nbsp;<strong>una nueva licitaci\u00f3n inmediata<\/strong>&nbsp;con condiciones m\u00e1s flexibles para atraer inversiones privadas.&nbsp;<strong>Para cualquier alternativa, se requieren los dos tercios de los votos.<\/strong><\/p>\n\n\n\n<p>El tratamiento se desarroll\u00f3 en comisi\u00f3n y cont\u00f3 con la presencia de\u00a0<strong>funcionarios del Poder Ejecutivo<\/strong>, quienes deben defender el proyecto de ley del oficialismo para que Pampetrol tome el control del \u00e1rea. A las 9.30 fue convocado el\u00a0<strong>secretario de Energ\u00eda de La Pampa, Mat\u00edas Toso<\/strong>, y posteriormente asistieron\u00a0<strong>Mar\u00eda Roveda<\/strong>, presidenta de\u00a0<strong>Pampetrol,<\/strong>\u00a0y\u00a0<strong>Vanina Basso<\/strong>, titular de la\u00a0<strong>Secretar\u00eda de Ambiente y Cambio Clim\u00e1tico<\/strong>, quienes brindaron informaci\u00f3n t\u00e9cnica sobre la situaci\u00f3n del \u00e1rea.<\/p>\n\n\n\n<p>Hasta el momento existen&nbsp;<strong>tres iniciativas en discusi\u00f3n<\/strong>: dos proyectos de ley del&nbsp;<strong>Frejupa<\/strong>&nbsp;y de&nbsp;<strong>Comunidad Organizada<\/strong>, adem\u00e1s de un&nbsp;<strong>anteproyecto presentado por la municipalidad de 25 de Mayo<\/strong>, que impulsa un nuevo proceso licitatorio.<\/p>\n\n\n\n<div style=\"height:100px\" aria-hidden=\"true\" class=\"wp-block-spacer\"><\/div>\n\n\n\n<p><strong>En el plenario<\/strong><\/p>\n\n\n\n<p>Ya frente a los legisladores, el funcionario advirti\u00f3 sobre las consecuencias que implicar\u00eda detener la producci\u00f3n en el yacimiento. Se\u00f1al\u00f3 que la paralizaci\u00f3n de la actividad afectar\u00eda de manera directa los <strong>puestos de trabajo<\/strong> en la zona y tambi\u00e9n podr\u00eda generar <strong>da\u00f1os en el yacimiento<\/strong>.<\/p>\n\n\n\n<p>\u201cCuando se analizan las consecuencias que tiene detener las operaciones del \u00e1rea aparecen primordialmente puestos de trabajo que dejar\u00edan de existir en el lugar y tambi\u00e9n la posibilidad de da\u00f1os al yacimiento a partir de detener la actividad, lo cual complica much\u00edsimo m\u00e1s volver a ponerla en funcionamiento m\u00e1s adelante. Entendemos que la continuidad de las operaciones es lo mejor para el \u00e1rea y para la realidad social y econ\u00f3mica de la zona y de la provincia\u201d, concluy\u00f3.<\/p>\n\n\n\n<p>En la ronda de preguntas, el diputado <strong>Enrique Juan<\/strong> consult\u00f3 c\u00f3mo prev\u00e9 el Gobierno alcanzar consensos para una nueva licitaci\u00f3n del \u00e1rea <strong>El Medanito<\/strong>, despu\u00e9s de m\u00e1s de un a\u00f1o de an\u00e1lisis t\u00e9cnicos y estudios de consultoras sin lograr condiciones que resultaran atractivas para las empresas interesadas en invertir.<\/p>\n\n\n\n<p>\u201cQuiero creer que algo hemos aprendido en estos dos a\u00f1os -respondi\u00f3 <strong>Mat\u00edas Toso<\/strong>&#8211; y que todas estas discusiones no fueron en vano, sino que llegamos al menos a un instrumento, a una ley con condiciones que excedieron las expectativas del mercado. Hay algunos indicadores y elementos de informaci\u00f3n como para poder ajustarlos y no estar dos a\u00f1os m\u00e1s para volver a tener otra ley de licitaci\u00f3n\u201d.<\/p>\n\n\n\n<p>El funcionario remarc\u00f3 que, ante la inminente finalizaci\u00f3n del contrato vigente, el objetivo central es <strong>evitar la paralizaci\u00f3n de la actividad<\/strong> en el yacimiento. \u201cLa realidad nos lleva a un punto en el cual se vence el contrato y detener el \u00e1rea es perjudicial para la provincia. M\u00e1s all\u00e1 de las distintas visiones que podamos tener sobre qu\u00e9 hacer con el \u00e1rea, entiendo que es incompatible con da\u00f1arla\u201d, afirm\u00f3.<\/p>\n\n\n\n<div style=\"height:100px\" aria-hidden=\"true\" class=\"wp-block-spacer\"><\/div>\n\n\n\n<p><strong>El Estado se defiende<\/strong><\/p>\n\n\n\n<p>M\u00e1s adelante, la diputada <strong>Luz Alonso<\/strong> defendi\u00f3 el rol de las <strong>empresas p\u00fablicas<\/strong> en el desarrollo energ\u00e9tico y respald\u00f3 la participaci\u00f3n de <strong>Pampetrol<\/strong> en la operaci\u00f3n del \u00e1rea <strong>El Medanito<\/strong>. En ese marco, cuestion\u00f3 lo que consider\u00f3 una cr\u00edtica injustificada hacia las compa\u00f1\u00edas estatales.<\/p>\n\n\n\n<p>\u201cHay una denostaci\u00f3n inexplicable hacia una empresa p\u00fablica. No se puede omitir que <strong>Vaca Muerta<\/strong> fue obra de una empresa p\u00fablica como <strong>YPF<\/strong>. Hoy podemos enorgullecernos de Vaca Muerta y fue por intervenci\u00f3n del Estado. Esto demuestra que el Estado puede hacer las cosas bien\u201d, sostuvo.<\/p>\n\n\n\n<p>Tambi\u00e9n expres\u00f3 su confianza en la capacidad t\u00e9cnica de la petrolera provincial. \u201cCreo en las aptitudes t\u00e9cnicas de <strong>Pampetrol<\/strong> porque es nuestra. Y quiero defenderla y potenciarla\u201d, afirm\u00f3.<\/p>\n\n\n\n<div style=\"height:100px\" aria-hidden=\"true\" class=\"wp-block-spacer\"><\/div>\n\n\n\n<p><strong>Voces opositoras<\/strong><\/p>\n\n\n\n<p>El legislador <strong>Maximiliano Aliaga<\/strong> sostuvo que \u201c<strong>Pampetrol<\/strong> no se puede hacer cargo ni un d\u00eda de <strong>Medanito<\/strong>\u201d y adelant\u00f3 que su bloque rechazar\u00e1 el proyecto.<\/p>\n\n\n\n<p>Por su parte, el diputado <strong>Javier Torroba<\/strong> consult\u00f3 sobre las condiciones que deber\u00eda contemplar un eventual nuevo proceso licitatorio para el \u00e1rea <strong>El Medanito<\/strong> y advirti\u00f3 que el esquema de transici\u00f3n propuesto no resuelve de manera definitiva el futuro del yacimiento.<\/p>\n\n\n\n<p>\u201cEsto no es una soluci\u00f3n definitiva y no resuelve el futuro del \u00e1rea. Cuando analizamos la \u00faltima licitaci\u00f3n, la referencia m\u00e1s cercana que tenemos, surge que probablemente no fue atractiva para el mercado porque se pidieron condiciones muy exigentes: un bono alto, un nivel de inversi\u00f3n elevado y regal\u00edas superiores a las que se manejan en otras provincias\u201d, dijo Toso.<\/p>\n\n\n\n<p>A su turno, la diputada <strong>Laura Trapaglia<\/strong> cuestion\u00f3 que la iniciativa no se haya presentado con mayor anticipaci\u00f3n. \u201cDiputada, en noviembre de 2024 el Poder Ejecutivo envi\u00f3 la primera iniciativa\u201d, le respondi\u00f3 Toso.<\/p>\n\n\n\n<div style=\"height:100px\" aria-hidden=\"true\" class=\"wp-block-spacer\"><\/div>\n\n\n\n<p><strong>Eventual endeudamiento<\/strong><\/p>\n\n\n\n<p>En otro momento del plenario, que se extendi\u00f3 durante m\u00e1s de <strong>cuatro horas<\/strong>, el diputado <strong>Espartaco Mar\u00edn<\/strong> consult\u00f3 sobre el nivel de endeudamiento que podr\u00eda asumir <strong>Pampetrol<\/strong> si avanzara con la operaci\u00f3n del \u00e1rea <strong>El Medanito<\/strong> durante el per\u00edodo de transici\u00f3n.<\/p>\n\n\n\n<p>El secretario de Energ\u00eda explic\u00f3 que el endeudamiento previsto es una <strong>herramienta financiera eventual<\/strong>, que no necesariamente deber\u00e1 utilizarse. \u201cEn caso de que no se presente nadie o que no cierren los precios, Pampetrol va a tomar el \u00e1rea en soledad en junio y, a partir de ah\u00ed, tendr\u00eda que afrontar gastos operativos, como el pago de sueldos. Ser\u00eda una herramienta destinada a cubrir necesidades operativas, un financiamiento para capital de trabajo\u201d, indic\u00f3.<\/p>\n\n\n\n<div style=\"height:100px\" aria-hidden=\"true\" class=\"wp-block-spacer\"><\/div>\n\n\n\n<p><strong>\u201cParecen estar por la continuidad de PCR\u201d<\/strong><\/p>\n\n\n\n<p>La respuesta de Toso a una consulta del diputado <strong>Hern\u00e1n P\u00e9rez Araujo<\/strong> sobre la preservaci\u00f3n de los trabajadores que actualmente se desempe\u00f1an en <strong>Petroqu\u00edmica Comodoro Rivadavia (PCR)<\/strong> abri\u00f3 otro cruce en el plenario.<\/p>\n\n\n\n<p>El funcionario se\u00f1al\u00f3 que lo que se mantiene es el <strong>porcentaje m\u00ednimo de personal pampeano<\/strong>, que debe ser del 80 %. \u201cEso est\u00e1 asegurado\u201d, afirm\u00f3.<\/p>\n\n\n\n<p>La explicaci\u00f3n motiv\u00f3 una reflexi\u00f3n del legislador, ante las reiteradas dudas de diputados opositores sobre la continuidad laboral del personal. \u201cPareciera entonces que les preocupa m\u00e1s la continuidad de <strong>Petroqu\u00edmica<\/strong> a cargo de<strong> El<\/strong> <strong>Medanito<\/strong> que la propia continuidad de la explotaci\u00f3n del yacimiento\u201d, sostuvo.<\/p>\n\n\n\n<p>Finalmente, los legisladores de las dos comisiones que analizan la iniciativa acordaron <strong>invitar la semana pr\u00f3xima<\/strong> al intendente de <strong>25 de Mayo<\/strong>, <strong>Leonel Monsalve,<\/strong> quien envi\u00f3 una nota con un anteproyecto alternativo para el \u00e1rea.<\/p>\n\n\n\n<div style=\"height:100px\" aria-hidden=\"true\" class=\"wp-block-spacer\"><\/div>\n\n\n\n<p><strong>La propuesta del oficialismo<\/strong><\/p>\n\n\n\n<p><strong>El proyecto del Frejupa fue impulsado por los seis diputados del vernismo y tiene el aval del gobernador Sergio Ziliotto.<\/strong>&nbsp;Plantea que&nbsp;<strong>Pampetrol<\/strong>&nbsp;se haga cargo de la operaci\u00f3n del \u00e1rea de manera transitoria, ante la proximidad del vencimiento de la concesi\u00f3n actual.<\/p>\n\n\n\n<p>El jefe del bloque del peronismo,&nbsp;<strong>Daniel Lovera,<\/strong>&nbsp;dijo a Diario Textual que&nbsp;<strong>ya no hay tiempo material para convocar a una nueva licitaci\u00f3n antes del 19 de junio<\/strong>, fecha en la que finaliza el contrato vigente. Seg\u00fan explic\u00f3, la iniciativa propone un&nbsp;<strong>r\u00e9gimen excepcional por hasta 24 meses<\/strong>&nbsp;que garantice la continuidad de la producci\u00f3n y permita organizar un nuevo proceso licitatorio. \u201cEl proyecto le da&nbsp;<strong>previsibilidad y una transici\u00f3n ordenada<\/strong>&nbsp;hasta el llamado a una nueva licitaci\u00f3n, garantizando mantener los&nbsp;<strong>puestos de trabajo<\/strong>\u201d, afirm\u00f3 el legislador.<\/p>\n\n\n\n<p>La propuesta busca&nbsp;<strong>preservar entre 300 y 400 empleos directos e indirectos<\/strong>, evitar una ca\u00edda en la producci\u00f3n y mantener la actividad mientras se define una concesi\u00f3n de largo plazo. Para ello, se prev\u00e9 que Pampetrol reorganice sus \u00e1reas y&nbsp;<strong>contrate un operador transitorio<\/strong>, con inversiones m\u00ednimas destinadas a sostener la producci\u00f3n, el empleo y el control ambiental. Es decir,<strong>&nbsp;no se har\u00e1n nuevas inversiones, m\u00e1s que las que permitan el mantenimiento de \u00e1rea.<\/strong><\/p>\n\n\n\n<p>El proyecto propone autorizar a Pampetrol a incorporar a la operaci\u00f3n de El Medanito otras \u00e1reas hidrocarbur\u00edferas que ya opera:&nbsp;<strong>Medanito Sur<\/strong>,&nbsp;<strong>Salina Grande 1<\/strong>&nbsp;y&nbsp;<strong>Rinconada Puesto Morales<\/strong>.<\/p>\n\n\n\n<p>Tambi\u00e9n se faculta a la empresa estatal a contraer&nbsp;<strong>pr\u00e9stamos destinados a capital de trabajo<\/strong>, por un monto equivalente a una facturaci\u00f3n mensual del \u00e1rea El Medanito.<\/p>\n\n\n\n<p>En los fundamentos del proyecto, el gobernador<strong>&nbsp;Sergio Ziliotto<\/strong>&nbsp;admiti\u00f3 que<strong>&nbsp;insistir con la<\/strong>&nbsp;<strong>Ley 3620<\/strong>, en el que se detallaron las condiciones para la licitaci\u00f3n,&nbsp;<strong>podr\u00eda derivar nuevamente en un proceso sin ofertas por parte de las empresas.<\/strong><\/p>\n\n\n\n<p>El mandatario incluso advirti\u00f3 que,<strong>&nbsp;si no se impulsan oportunamente los cambios necesarios, las consecuencias podr\u00edan ser que La Pampa no pueda producir hidrocarburos en el corto o mediano plazo<\/strong>.<\/p>\n\n\n\n<p>En la C\u00e1mara de Diputados, los&nbsp;<strong>15 legisladores del peronismo<\/strong>&nbsp;respaldan esta alternativa, mientras que los&nbsp;<strong>15 opositores de la UCR, Comunidad Organizada y el Pro<\/strong>&nbsp;plantean objeciones o directamente la rechazan. Uno de las dudas opositores pasa por la capacidad t\u00e9cnica y financiera de Pampetrol.<\/p>\n\n\n\n<div style=\"height:100px\" aria-hidden=\"true\" class=\"wp-block-spacer\"><\/div>\n\n\n\n<p><strong>El peso econ\u00f3mico de El Medanito<\/strong><\/p>\n\n\n\n<p>El \u00e1rea&nbsp;<strong>El Medanito<\/strong>&nbsp;est\u00e1 ubicada a unos&nbsp;<strong>40 kil\u00f3metros de 25 de Mayo<\/strong>&nbsp;y abarca&nbsp;<strong>834,3 kil\u00f3metros cuadrados<\/strong>. Se trata del&nbsp;<strong>principal yacimiento hidrocarbur\u00edfero de La Pampa<\/strong>.<\/p>\n\n\n\n<p>Cuenta con&nbsp;<strong>267 pozos activos y 48 abandonados<\/strong>, aporta&nbsp;<strong>el 34 % de la producci\u00f3n petrolera provincial<\/strong>&nbsp;y representa cerca del&nbsp;<strong>10 % de los ingresos fiscales de la provincia<\/strong>.<\/p>\n\n\n\n<p>La operadora actual es&nbsp;<strong>Petroqu\u00edmica Comodoro Rivadavia (PCR)<\/strong>, que explota el \u00e1rea desde&nbsp;<strong>1992<\/strong>. En&nbsp;<strong>2016<\/strong>&nbsp;obtuvo una pr\u00f3rroga por diez a\u00f1os con regal\u00edas cercanas al&nbsp;<strong>35 %<\/strong>, seg\u00fan el precio del crudo, y con una&nbsp;<strong>participaci\u00f3n del 20 % de Pampetrol<\/strong>. Ese contrato vence el&nbsp;<strong>18 de<\/strong>&nbsp;<strong>junio de 2026<\/strong>.<\/p>\n\n\n\n<p>La Legislatura discute desde&nbsp;<strong>2024<\/strong>&nbsp;las condiciones para una nueva concesi\u00f3n. El \u00faltimo proceso licitatorio, iniciado en&nbsp;<strong>diciembre de 2025<\/strong>, qued\u00f3&nbsp;<strong>desierto por falta de ofertas<\/strong>.<\/p>\n\n\n\n<p>El pliego establec\u00eda&nbsp;<strong>regal\u00edas m\u00f3viles entre el 15 % y el 20 %<\/strong>, un&nbsp;<strong>bono de ingreso m\u00ednimo de 50 millones de d\u00f3lares<\/strong>&nbsp;-con destino parcial a municipios y a un parque fotovoltaico en 25 de Mayo- y la obligaci\u00f3n de que&nbsp;<strong>el 80 % de la mano de obra fuera pampeana<\/strong>.<\/p>\n\n\n\n<p>Entre los factores que habr\u00edan desalentado la participaci\u00f3n de empresas se mencionan&nbsp;<strong>el precio internacional del crudo por debajo de los 60 d\u00f3lares<\/strong>, el aumento de&nbsp;<strong>costos operativos<\/strong>, la&nbsp;<strong>madurez del yacimiento<\/strong>&nbsp;y la migraci\u00f3n de inversiones hacia&nbsp;<strong>Vaca Muerta<\/strong>.<\/p>\n\n\n\n<div style=\"height:100px\" aria-hidden=\"true\" class=\"wp-block-spacer\"><\/div>\n\n\n\n<p><strong>La licitaci\u00f3n expr\u00e9s que propone 25 de Mayo<\/strong><\/p>\n\n\n\n<p>El intendente de&nbsp;<strong>25 de Mayo, Leonel Monsalve (Pro)<\/strong>, present\u00f3 en la Legislatura un&nbsp;<strong>anteproyecto de ley para convocar a una licitaci\u00f3n expr\u00e9s<\/strong>&nbsp;del \u00e1rea.<\/p>\n\n\n\n<p>La iniciativa plantea que la operaci\u00f3n contin\u00fae en manos de una&nbsp;<strong>empresa privada<\/strong>, con el argumento de que esto permitir\u00eda garantizar&nbsp;<strong>inversiones inmediatas y sostenidas<\/strong>&nbsp;para sostener la actividad y el empleo en la zona.<\/p>\n\n\n\n<p>El anteproyecto introduce&nbsp;<strong>tres cambios centrales<\/strong>&nbsp;respecto del pliego que qued\u00f3 desierto.<\/p>\n\n\n\n<p>El primero es una&nbsp;<strong>reducci\u00f3n de regal\u00edas<\/strong>, que pasar\u00edan del esquema m\u00f3vil entre&nbsp;<strong>15 % y 20 %<\/strong>&nbsp;a un promedio cercano al&nbsp;<strong>15 %<\/strong>, con posibilidad de variaci\u00f3n seg\u00fan las ofertas.<\/p>\n\n\n\n<p>El segundo es una&nbsp;<strong>disminuci\u00f3n del bono de ingreso<\/strong>, que bajar\u00eda de&nbsp;<strong>50 millones de d\u00f3lares a 15 millones<\/strong>.<\/p>\n\n\n\n<p>El tercer punto es la&nbsp;<strong>suspensi\u00f3n del art\u00edculo 16 de la Ley 2675 de Hidrocarburos de La Pampa<\/strong>, que en el proceso anterior impidi\u00f3 la participaci\u00f3n de la actual operadora&nbsp;<strong>PCR<\/strong>. Esa modificaci\u00f3n permitir\u00eda que&nbsp;<strong>empresas que ya operan \u00e1reas en la provincia<\/strong>&nbsp;puedan competir en futuras licitaciones. Actualmente, el art\u00edculo funciona como una&nbsp;<strong>restricci\u00f3n para compa\u00f1\u00edas con pasivos ambientales pendientes de remediaci\u00f3n<\/strong>.<\/p>\n\n\n\n<div style=\"height:100px\" aria-hidden=\"true\" class=\"wp-block-spacer\"><\/div>\n\n\n\n<p><strong>Pasivos ambientales<\/strong><\/p>\n\n\n\n<p>Un&nbsp;<strong>informe ambiental<\/strong>&nbsp;sobre el \u00e1rea petrolera&nbsp;<strong>El Medanito<\/strong>&nbsp;advierte que la UTE integrada por&nbsp;<strong>PCR y Pampetrol<\/strong>&nbsp;podr\u00eda enfrentar&nbsp;<strong>pasivos ambientales significativos<\/strong>&nbsp;por el abandono de pozos inactivos. Seg\u00fan indica un documento remitido por el Poder Ejecutivo a la Legislatura, se detectaron&nbsp;<strong>137 pozos inactivos<\/strong>, incluidos en un plan de saneamiento que prev\u00e9 su abandono progresivo hasta&nbsp;<strong>2030<\/strong>. De ellos,&nbsp;<strong>75 superar\u00e1n los cinco a\u00f1os de inactividad<\/strong>&nbsp;y deber\u00edan cerrarse de manera definitiva si no son reactivados, mientras que&nbsp;<strong>otros 62<\/strong>&nbsp;ser\u00e1n evaluados para determinar si se reactivan, se abandonan temporalmente o se clausuran.<\/p>\n\n\n\n<p>Seg\u00fan se detalla en ese documento, se identificaron&nbsp;<strong>137 pozos inactivos<\/strong>&nbsp;dentro del \u00e1rea, los cuales fueron incorporados a un&nbsp;<strong>plan de saneamiento<\/strong>&nbsp;que contempla su&nbsp;<strong>abandono progresivo en diferentes etapas<\/strong>.<\/p>\n\n\n\n<p>El reporte t\u00e9cnico se\u00f1ala que&nbsp;<strong>75 de esos pozos superar\u00e1n los cinco a\u00f1os de inactividad<\/strong>, circunstancia que, de acuerdo con la normativa vigente, determina que&nbsp;<strong>si no son reactivados previamente corresponde avanzar con su abandono definitivo<\/strong>.<\/p>\n\n\n\n<p>A su vez, el estudio indica que&nbsp;<strong>los 62 pozos restantes<\/strong>&nbsp;incluidos en el programa de saneamiento ser\u00e1n sometidos a&nbsp;<strong>evaluaciones t\u00e9cnicas<\/strong>, a fin de establecer si corresponde su&nbsp;<strong>reactivaci\u00f3n, cierre definitivo o abandono temporario<\/strong>, conforme al an\u00e1lisis previsto en el propio informe.<\/p>\n\n\n\n<p>El mismo documento tambi\u00e9n precisa que actualmente existen&nbsp;<strong>267 pozos en extracci\u00f3n efectiva<\/strong>&nbsp;dentro del \u00e1rea.<\/p>\n\n\n\n<p>En cuanto a los&nbsp;<strong>costos estimados<\/strong>, el informe calcula que&nbsp;<strong>el abandono definitivo de un pozo tendr\u00eda un valor promedio de aproximadamente USD 169.005<\/strong>, mientras que&nbsp;<strong>el abandono temporario se estima en torno a los USD 117.621 por pozo<\/strong>. El&nbsp;<strong>programa de saneamiento proyectado<\/strong>&nbsp;se extender\u00eda hasta&nbsp;<strong>mediados del a\u00f1o 2030<\/strong>.<\/p>\n\n\n\n<p><\/p>\n","protected":false},"excerpt":{"rendered":"<p>Mat\u00edas Toso, secretario de Energ\u00eda de La Pampa, estuvo este mi\u00e9rcoles en la Legislatura provincial y defendi\u00f3 el proyecto de ley que propone que se haga cargo la estatal Pampetrol&hellip;<\/p>\n","protected":false},"author":3,"featured_media":321997,"comment_status":"closed","ping_status":"open","sticky":false,"template":"","format":"standard","meta":{"_acf_changed":false,"footnotes":""},"categories":[10,8],"tags":[],"class_list":["post-321949","post","type-post","status-publish","format-standard","has-post-thumbnail","hentry","category-portada-2","category-politica"],"acf":[],"yoast_head":"<!-- This site is optimized with the Yoast SEO plugin v27.5 - https:\/\/yoast.com\/product\/yoast-seo-wordpress\/ -->\n<title>Mat\u00edas Toso: con Pampetrol se garantiza que no se parar\u00e1 El Medanito - Diario Textual<\/title>\n<meta name=\"robots\" content=\"index, follow, max-snippet:-1, max-image-preview:large, max-video-preview:-1\" \/>\n<link rel=\"canonical\" href=\"https:\/\/diariotextual.com\/inicio\/index.php\/2026\/03\/11\/matias-toso-con-pampetrol-se-garantiza-que-no-se-parara-el-medanito\/\" \/>\n<meta property=\"og:locale\" content=\"es_ES\" \/>\n<meta property=\"og:type\" content=\"article\" \/>\n<meta property=\"og:title\" content=\"Mat\u00edas Toso: con Pampetrol se garantiza que no se parar\u00e1 El Medanito - Diario Textual\" \/>\n<meta property=\"og:description\" content=\"Mat\u00edas Toso, secretario de Energ\u00eda de La Pampa, estuvo este mi\u00e9rcoles en la Legislatura provincial y defendi\u00f3 el proyecto de ley que propone que se haga cargo la estatal Pampetrol&hellip;\" \/>\n<meta property=\"og:url\" content=\"https:\/\/diariotextual.com\/inicio\/index.php\/2026\/03\/11\/matias-toso-con-pampetrol-se-garantiza-que-no-se-parara-el-medanito\/\" \/>\n<meta property=\"og:site_name\" content=\"Diario Textual\" \/>\n<meta property=\"article:publisher\" content=\"https:\/\/www.facebook.com\/eltextual\" \/>\n<meta property=\"article:published_time\" content=\"2026-03-11T17:15:00+00:00\" \/>\n<meta property=\"article:modified_time\" content=\"2026-03-11T19:51:27+00:00\" \/>\n<meta property=\"og:image\" content=\"https:\/\/diariotextual.com\/inicio\/wp-content\/uploads\/2026\/03\/tosomatiasdiputadosplenarioelmedanito2026-77788.jpg\" \/>\n\t<meta property=\"og:image:width\" content=\"1300\" \/>\n\t<meta property=\"og:image:height\" content=\"861\" \/>\n\t<meta property=\"og:image:type\" content=\"image\/jpeg\" \/>\n<meta name=\"author\" content=\"Diario1 Diario1\" \/>\n<meta name=\"twitter:card\" content=\"summary_large_image\" \/>\n<meta name=\"twitter:creator\" content=\"@eltextual\" \/>\n<meta name=\"twitter:site\" content=\"@eltextual\" \/>\n<meta name=\"twitter:label1\" content=\"Escrito por\" \/>\n\t<meta name=\"twitter:data1\" content=\"Diario1 Diario1\" \/>\n\t<meta name=\"twitter:label2\" content=\"Tiempo de lectura\" \/>\n\t<meta name=\"twitter:data2\" content=\"15 minutos\" \/>\n<script type=\"application\/ld+json\" class=\"yoast-schema-graph\">{\"@context\":\"https:\\\/\\\/schema.org\",\"@graph\":[{\"@type\":\"Article\",\"@id\":\"https:\\\/\\\/diariotextual.com\\\/inicio\\\/index.php\\\/2026\\\/03\\\/11\\\/matias-toso-con-pampetrol-se-garantiza-que-no-se-parara-el-medanito\\\/#article\",\"isPartOf\":{\"@id\":\"https:\\\/\\\/diariotextual.com\\\/inicio\\\/index.php\\\/2026\\\/03\\\/11\\\/matias-toso-con-pampetrol-se-garantiza-que-no-se-parara-el-medanito\\\/\"},\"author\":{\"name\":\"Diario1 Diario1\",\"@id\":\"https:\\\/\\\/diariotextual.com\\\/inicio\\\/#\\\/schema\\\/person\\\/418fc4093c33e86ed41562db3508f958\"},\"headline\":\"Mat\u00edas Toso: con Pampetrol se garantiza que no se parar\u00e1 El Medanito\",\"datePublished\":\"2026-03-11T17:15:00+00:00\",\"dateModified\":\"2026-03-11T19:51:27+00:00\",\"mainEntityOfPage\":{\"@id\":\"https:\\\/\\\/diariotextual.com\\\/inicio\\\/index.php\\\/2026\\\/03\\\/11\\\/matias-toso-con-pampetrol-se-garantiza-que-no-se-parara-el-medanito\\\/\"},\"wordCount\":3365,\"publisher\":{\"@id\":\"https:\\\/\\\/diariotextual.com\\\/inicio\\\/#organization\"},\"image\":{\"@id\":\"https:\\\/\\\/diariotextual.com\\\/inicio\\\/index.php\\\/2026\\\/03\\\/11\\\/matias-toso-con-pampetrol-se-garantiza-que-no-se-parara-el-medanito\\\/#primaryimage\"},\"thumbnailUrl\":\"https:\\\/\\\/diariotextual.com\\\/inicio\\\/wp-content\\\/uploads\\\/2026\\\/03\\\/tosomatiasdiputadosplenarioelmedanito2026-77788.jpg\",\"articleSection\":[\"A - PORTADA2\",\"POLITICA\"],\"inLanguage\":\"es\"},{\"@type\":\"WebPage\",\"@id\":\"https:\\\/\\\/diariotextual.com\\\/inicio\\\/index.php\\\/2026\\\/03\\\/11\\\/matias-toso-con-pampetrol-se-garantiza-que-no-se-parara-el-medanito\\\/\",\"url\":\"https:\\\/\\\/diariotextual.com\\\/inicio\\\/index.php\\\/2026\\\/03\\\/11\\\/matias-toso-con-pampetrol-se-garantiza-que-no-se-parara-el-medanito\\\/\",\"name\":\"Mat\u00edas Toso: con Pampetrol se garantiza que no se parar\u00e1 El Medanito - Diario Textual\",\"isPartOf\":{\"@id\":\"https:\\\/\\\/diariotextual.com\\\/inicio\\\/#website\"},\"primaryImageOfPage\":{\"@id\":\"https:\\\/\\\/diariotextual.com\\\/inicio\\\/index.php\\\/2026\\\/03\\\/11\\\/matias-toso-con-pampetrol-se-garantiza-que-no-se-parara-el-medanito\\\/#primaryimage\"},\"image\":{\"@id\":\"https:\\\/\\\/diariotextual.com\\\/inicio\\\/index.php\\\/2026\\\/03\\\/11\\\/matias-toso-con-pampetrol-se-garantiza-que-no-se-parara-el-medanito\\\/#primaryimage\"},\"thumbnailUrl\":\"https:\\\/\\\/diariotextual.com\\\/inicio\\\/wp-content\\\/uploads\\\/2026\\\/03\\\/tosomatiasdiputadosplenarioelmedanito2026-77788.jpg\",\"datePublished\":\"2026-03-11T17:15:00+00:00\",\"dateModified\":\"2026-03-11T19:51:27+00:00\",\"breadcrumb\":{\"@id\":\"https:\\\/\\\/diariotextual.com\\\/inicio\\\/index.php\\\/2026\\\/03\\\/11\\\/matias-toso-con-pampetrol-se-garantiza-que-no-se-parara-el-medanito\\\/#breadcrumb\"},\"inLanguage\":\"es\",\"potentialAction\":[{\"@type\":\"ReadAction\",\"target\":[\"https:\\\/\\\/diariotextual.com\\\/inicio\\\/index.php\\\/2026\\\/03\\\/11\\\/matias-toso-con-pampetrol-se-garantiza-que-no-se-parara-el-medanito\\\/\"]}]},{\"@type\":\"ImageObject\",\"inLanguage\":\"es\",\"@id\":\"https:\\\/\\\/diariotextual.com\\\/inicio\\\/index.php\\\/2026\\\/03\\\/11\\\/matias-toso-con-pampetrol-se-garantiza-que-no-se-parara-el-medanito\\\/#primaryimage\",\"url\":\"https:\\\/\\\/diariotextual.com\\\/inicio\\\/wp-content\\\/uploads\\\/2026\\\/03\\\/tosomatiasdiputadosplenarioelmedanito2026-77788.jpg\",\"contentUrl\":\"https:\\\/\\\/diariotextual.com\\\/inicio\\\/wp-content\\\/uploads\\\/2026\\\/03\\\/tosomatiasdiputadosplenarioelmedanito2026-77788.jpg\",\"width\":1300,\"height\":861},{\"@type\":\"BreadcrumbList\",\"@id\":\"https:\\\/\\\/diariotextual.com\\\/inicio\\\/index.php\\\/2026\\\/03\\\/11\\\/matias-toso-con-pampetrol-se-garantiza-que-no-se-parara-el-medanito\\\/#breadcrumb\",\"itemListElement\":[{\"@type\":\"ListItem\",\"position\":1,\"name\":\"Portada\",\"item\":\"https:\\\/\\\/diariotextual.com\\\/inicio\\\/\"},{\"@type\":\"ListItem\",\"position\":2,\"name\":\"Mat\u00edas Toso: con Pampetrol se garantiza que no se parar\u00e1 El Medanito\"}]},{\"@type\":\"WebSite\",\"@id\":\"https:\\\/\\\/diariotextual.com\\\/inicio\\\/#website\",\"url\":\"https:\\\/\\\/diariotextual.com\\\/inicio\\\/\",\"name\":\"Diario Textual\",\"description\":\"\",\"publisher\":{\"@id\":\"https:\\\/\\\/diariotextual.com\\\/inicio\\\/#organization\"},\"potentialAction\":[{\"@type\":\"SearchAction\",\"target\":{\"@type\":\"EntryPoint\",\"urlTemplate\":\"https:\\\/\\\/diariotextual.com\\\/inicio\\\/?s={search_term_string}\"},\"query-input\":{\"@type\":\"PropertyValueSpecification\",\"valueRequired\":true,\"valueName\":\"search_term_string\"}}],\"inLanguage\":\"es\"},{\"@type\":\"Organization\",\"@id\":\"https:\\\/\\\/diariotextual.com\\\/inicio\\\/#organization\",\"name\":\"Diario Textual\",\"url\":\"https:\\\/\\\/diariotextual.com\\\/inicio\\\/\",\"logo\":{\"@type\":\"ImageObject\",\"inLanguage\":\"es\",\"@id\":\"https:\\\/\\\/diariotextual.com\\\/inicio\\\/#\\\/schema\\\/logo\\\/image\\\/\",\"url\":\"https:\\\/\\\/diariotextual.com\\\/inicio\\\/wp-content\\\/uploads\\\/2023\\\/05\\\/logotextual1.jpg\",\"contentUrl\":\"https:\\\/\\\/diariotextual.com\\\/inicio\\\/wp-content\\\/uploads\\\/2023\\\/05\\\/logotextual1.jpg\",\"width\":516,\"height\":76,\"caption\":\"Diario Textual\"},\"image\":{\"@id\":\"https:\\\/\\\/diariotextual.com\\\/inicio\\\/#\\\/schema\\\/logo\\\/image\\\/\"},\"sameAs\":[\"https:\\\/\\\/www.facebook.com\\\/eltextual\",\"https:\\\/\\\/x.com\\\/eltextual\",\"http:\\\/\\\/www.instagram.com\\\/eltextual\"]},{\"@type\":\"Person\",\"@id\":\"https:\\\/\\\/diariotextual.com\\\/inicio\\\/#\\\/schema\\\/person\\\/418fc4093c33e86ed41562db3508f958\",\"name\":\"Diario1 Diario1\",\"image\":{\"@type\":\"ImageObject\",\"inLanguage\":\"es\",\"@id\":\"https:\\\/\\\/secure.gravatar.com\\\/avatar\\\/9167d280179c85bc18be67aa7eda765854300033af4896dd779b608640f2ef7a?s=96&d=mm&r=g\",\"url\":\"https:\\\/\\\/secure.gravatar.com\\\/avatar\\\/9167d280179c85bc18be67aa7eda765854300033af4896dd779b608640f2ef7a?s=96&d=mm&r=g\",\"contentUrl\":\"https:\\\/\\\/secure.gravatar.com\\\/avatar\\\/9167d280179c85bc18be67aa7eda765854300033af4896dd779b608640f2ef7a?s=96&d=mm&r=g\",\"caption\":\"Diario1 Diario1\"},\"url\":\"https:\\\/\\\/diariotextual.com\\\/inicio\\\/index.php\\\/author\\\/diario1\\\/\"}]}<\/script>\n<!-- \/ Yoast SEO plugin. -->","yoast_head_json":{"title":"Mat\u00edas Toso: con Pampetrol se garantiza que no se parar\u00e1 El Medanito - Diario Textual","robots":{"index":"index","follow":"follow","max-snippet":"max-snippet:-1","max-image-preview":"max-image-preview:large","max-video-preview":"max-video-preview:-1"},"canonical":"https:\/\/diariotextual.com\/inicio\/index.php\/2026\/03\/11\/matias-toso-con-pampetrol-se-garantiza-que-no-se-parara-el-medanito\/","og_locale":"es_ES","og_type":"article","og_title":"Mat\u00edas Toso: con Pampetrol se garantiza que no se parar\u00e1 El Medanito - Diario Textual","og_description":"Mat\u00edas Toso, secretario de Energ\u00eda de La Pampa, estuvo este mi\u00e9rcoles en la Legislatura provincial y defendi\u00f3 el proyecto de ley que propone que se haga cargo la estatal Pampetrol&hellip;","og_url":"https:\/\/diariotextual.com\/inicio\/index.php\/2026\/03\/11\/matias-toso-con-pampetrol-se-garantiza-que-no-se-parara-el-medanito\/","og_site_name":"Diario Textual","article_publisher":"https:\/\/www.facebook.com\/eltextual","article_published_time":"2026-03-11T17:15:00+00:00","article_modified_time":"2026-03-11T19:51:27+00:00","og_image":[{"width":1300,"height":861,"url":"https:\/\/diariotextual.com\/inicio\/wp-content\/uploads\/2026\/03\/tosomatiasdiputadosplenarioelmedanito2026-77788.jpg","type":"image\/jpeg"}],"author":"Diario1 Diario1","twitter_card":"summary_large_image","twitter_creator":"@eltextual","twitter_site":"@eltextual","twitter_misc":{"Escrito por":"Diario1 Diario1","Tiempo de lectura":"15 minutos"},"schema":{"@context":"https:\/\/schema.org","@graph":[{"@type":"Article","@id":"https:\/\/diariotextual.com\/inicio\/index.php\/2026\/03\/11\/matias-toso-con-pampetrol-se-garantiza-que-no-se-parara-el-medanito\/#article","isPartOf":{"@id":"https:\/\/diariotextual.com\/inicio\/index.php\/2026\/03\/11\/matias-toso-con-pampetrol-se-garantiza-que-no-se-parara-el-medanito\/"},"author":{"name":"Diario1 Diario1","@id":"https:\/\/diariotextual.com\/inicio\/#\/schema\/person\/418fc4093c33e86ed41562db3508f958"},"headline":"Mat\u00edas Toso: con Pampetrol se garantiza que no se parar\u00e1 El Medanito","datePublished":"2026-03-11T17:15:00+00:00","dateModified":"2026-03-11T19:51:27+00:00","mainEntityOfPage":{"@id":"https:\/\/diariotextual.com\/inicio\/index.php\/2026\/03\/11\/matias-toso-con-pampetrol-se-garantiza-que-no-se-parara-el-medanito\/"},"wordCount":3365,"publisher":{"@id":"https:\/\/diariotextual.com\/inicio\/#organization"},"image":{"@id":"https:\/\/diariotextual.com\/inicio\/index.php\/2026\/03\/11\/matias-toso-con-pampetrol-se-garantiza-que-no-se-parara-el-medanito\/#primaryimage"},"thumbnailUrl":"https:\/\/diariotextual.com\/inicio\/wp-content\/uploads\/2026\/03\/tosomatiasdiputadosplenarioelmedanito2026-77788.jpg","articleSection":["A - PORTADA2","POLITICA"],"inLanguage":"es"},{"@type":"WebPage","@id":"https:\/\/diariotextual.com\/inicio\/index.php\/2026\/03\/11\/matias-toso-con-pampetrol-se-garantiza-que-no-se-parara-el-medanito\/","url":"https:\/\/diariotextual.com\/inicio\/index.php\/2026\/03\/11\/matias-toso-con-pampetrol-se-garantiza-que-no-se-parara-el-medanito\/","name":"Mat\u00edas Toso: con Pampetrol se garantiza que no se parar\u00e1 El Medanito - Diario Textual","isPartOf":{"@id":"https:\/\/diariotextual.com\/inicio\/#website"},"primaryImageOfPage":{"@id":"https:\/\/diariotextual.com\/inicio\/index.php\/2026\/03\/11\/matias-toso-con-pampetrol-se-garantiza-que-no-se-parara-el-medanito\/#primaryimage"},"image":{"@id":"https:\/\/diariotextual.com\/inicio\/index.php\/2026\/03\/11\/matias-toso-con-pampetrol-se-garantiza-que-no-se-parara-el-medanito\/#primaryimage"},"thumbnailUrl":"https:\/\/diariotextual.com\/inicio\/wp-content\/uploads\/2026\/03\/tosomatiasdiputadosplenarioelmedanito2026-77788.jpg","datePublished":"2026-03-11T17:15:00+00:00","dateModified":"2026-03-11T19:51:27+00:00","breadcrumb":{"@id":"https:\/\/diariotextual.com\/inicio\/index.php\/2026\/03\/11\/matias-toso-con-pampetrol-se-garantiza-que-no-se-parara-el-medanito\/#breadcrumb"},"inLanguage":"es","potentialAction":[{"@type":"ReadAction","target":["https:\/\/diariotextual.com\/inicio\/index.php\/2026\/03\/11\/matias-toso-con-pampetrol-se-garantiza-que-no-se-parara-el-medanito\/"]}]},{"@type":"ImageObject","inLanguage":"es","@id":"https:\/\/diariotextual.com\/inicio\/index.php\/2026\/03\/11\/matias-toso-con-pampetrol-se-garantiza-que-no-se-parara-el-medanito\/#primaryimage","url":"https:\/\/diariotextual.com\/inicio\/wp-content\/uploads\/2026\/03\/tosomatiasdiputadosplenarioelmedanito2026-77788.jpg","contentUrl":"https:\/\/diariotextual.com\/inicio\/wp-content\/uploads\/2026\/03\/tosomatiasdiputadosplenarioelmedanito2026-77788.jpg","width":1300,"height":861},{"@type":"BreadcrumbList","@id":"https:\/\/diariotextual.com\/inicio\/index.php\/2026\/03\/11\/matias-toso-con-pampetrol-se-garantiza-que-no-se-parara-el-medanito\/#breadcrumb","itemListElement":[{"@type":"ListItem","position":1,"name":"Portada","item":"https:\/\/diariotextual.com\/inicio\/"},{"@type":"ListItem","position":2,"name":"Mat\u00edas Toso: con Pampetrol se garantiza que no se parar\u00e1 El Medanito"}]},{"@type":"WebSite","@id":"https:\/\/diariotextual.com\/inicio\/#website","url":"https:\/\/diariotextual.com\/inicio\/","name":"Diario Textual","description":"","publisher":{"@id":"https:\/\/diariotextual.com\/inicio\/#organization"},"potentialAction":[{"@type":"SearchAction","target":{"@type":"EntryPoint","urlTemplate":"https:\/\/diariotextual.com\/inicio\/?s={search_term_string}"},"query-input":{"@type":"PropertyValueSpecification","valueRequired":true,"valueName":"search_term_string"}}],"inLanguage":"es"},{"@type":"Organization","@id":"https:\/\/diariotextual.com\/inicio\/#organization","name":"Diario Textual","url":"https:\/\/diariotextual.com\/inicio\/","logo":{"@type":"ImageObject","inLanguage":"es","@id":"https:\/\/diariotextual.com\/inicio\/#\/schema\/logo\/image\/","url":"https:\/\/diariotextual.com\/inicio\/wp-content\/uploads\/2023\/05\/logotextual1.jpg","contentUrl":"https:\/\/diariotextual.com\/inicio\/wp-content\/uploads\/2023\/05\/logotextual1.jpg","width":516,"height":76,"caption":"Diario Textual"},"image":{"@id":"https:\/\/diariotextual.com\/inicio\/#\/schema\/logo\/image\/"},"sameAs":["https:\/\/www.facebook.com\/eltextual","https:\/\/x.com\/eltextual","http:\/\/www.instagram.com\/eltextual"]},{"@type":"Person","@id":"https:\/\/diariotextual.com\/inicio\/#\/schema\/person\/418fc4093c33e86ed41562db3508f958","name":"Diario1 Diario1","image":{"@type":"ImageObject","inLanguage":"es","@id":"https:\/\/secure.gravatar.com\/avatar\/9167d280179c85bc18be67aa7eda765854300033af4896dd779b608640f2ef7a?s=96&d=mm&r=g","url":"https:\/\/secure.gravatar.com\/avatar\/9167d280179c85bc18be67aa7eda765854300033af4896dd779b608640f2ef7a?s=96&d=mm&r=g","contentUrl":"https:\/\/secure.gravatar.com\/avatar\/9167d280179c85bc18be67aa7eda765854300033af4896dd779b608640f2ef7a?s=96&d=mm&r=g","caption":"Diario1 Diario1"},"url":"https:\/\/diariotextual.com\/inicio\/index.php\/author\/diario1\/"}]}},"_links":{"self":[{"href":"https:\/\/diariotextual.com\/inicio\/index.php\/wp-json\/wp\/v2\/posts\/321949","targetHints":{"allow":["GET"]}}],"collection":[{"href":"https:\/\/diariotextual.com\/inicio\/index.php\/wp-json\/wp\/v2\/posts"}],"about":[{"href":"https:\/\/diariotextual.com\/inicio\/index.php\/wp-json\/wp\/v2\/types\/post"}],"author":[{"embeddable":true,"href":"https:\/\/diariotextual.com\/inicio\/index.php\/wp-json\/wp\/v2\/users\/3"}],"replies":[{"embeddable":true,"href":"https:\/\/diariotextual.com\/inicio\/index.php\/wp-json\/wp\/v2\/comments?post=321949"}],"version-history":[{"count":6,"href":"https:\/\/diariotextual.com\/inicio\/index.php\/wp-json\/wp\/v2\/posts\/321949\/revisions"}],"predecessor-version":[{"id":322001,"href":"https:\/\/diariotextual.com\/inicio\/index.php\/wp-json\/wp\/v2\/posts\/321949\/revisions\/322001"}],"wp:featuredmedia":[{"embeddable":true,"href":"https:\/\/diariotextual.com\/inicio\/index.php\/wp-json\/wp\/v2\/media\/321997"}],"wp:attachment":[{"href":"https:\/\/diariotextual.com\/inicio\/index.php\/wp-json\/wp\/v2\/media?parent=321949"}],"wp:term":[{"taxonomy":"category","embeddable":true,"href":"https:\/\/diariotextual.com\/inicio\/index.php\/wp-json\/wp\/v2\/categories?post=321949"},{"taxonomy":"post_tag","embeddable":true,"href":"https:\/\/diariotextual.com\/inicio\/index.php\/wp-json\/wp\/v2\/tags?post=321949"}],"curies":[{"name":"wp","href":"https:\/\/api.w.org\/{rel}","templated":true}]}}