{"id":321970,"date":"2026-03-11T11:39:00","date_gmt":"2026-03-11T14:39:00","guid":{"rendered":"https:\/\/diariotextual.com\/inicio\/?p=321970"},"modified":"2026-03-11T15:13:11","modified_gmt":"2026-03-11T18:13:11","slug":"ranking-de-gobernadores-e-intendentes-que-lugar-ocupan-ziliotto-y-di-napoli","status":"publish","type":"post","link":"https:\/\/diariotextual.com\/inicio\/index.php\/2026\/03\/11\/ranking-de-gobernadores-e-intendentes-que-lugar-ocupan-ziliotto-y-di-napoli\/","title":{"rendered":"Ranking de gobernadores e intendentes: qu\u00e9 lugar ocupan Ziliotto y Di N\u00e1poli"},"content":{"rendered":"\n<p><strong>CB Consultora <\/strong>dio a conocer el ranking de gobernadores y de los intendentes de capitales de provincias del mes de marzo. El gobernador <strong>Sergio Ziliotto<\/strong> se ubic\u00f3 en el puesto 15 del ranking federal de mandatarios provinciales, mientras que el intendente de Santa Rosa, <strong>Luciano di Napoli<\/strong>, apareci\u00f3 en el s\u00e9ptimo lugar entre los jefes comunales de capitales del pa\u00eds.<\/p>\n\n\n\n<p>De acuerdo con el informe, Ziliotto registra un <strong>50,8% de imagen positiva<\/strong> entre los pampeanos y un <strong>44,3% de imagen negativa<\/strong>. El dato muestra una baja respecto de la medici\u00f3n anterior de la consultora, cuando el gobernador ten\u00eda <strong>53,4% de aprobaci\u00f3n<\/strong>, lo que implica una ca\u00edda de m\u00e1s de dos puntos porcentuales.<\/p>\n\n\n\n<p>En el ranking nacional, el mandatario pampeano qued\u00f3 ubicado en la mitad de la tabla entre los 24 gobernadores evaluados por la consultora. La medici\u00f3n analiza la percepci\u00f3n de los ciudadanos sobre la gesti\u00f3n de cada mandatario provincial.<\/p>\n\n\n\n<p>Los tres gobernadores mejor valorados del pa\u00eds durante marzo son <strong>Claudio Poggi<\/strong>, de San Luis, quien encabeza el ranking con <strong>58,5% de imagen positiva<\/strong>; <strong>Marcelo Orrego<\/strong>, de San Juan, con <strong>58,0%<\/strong>; y <strong>Osvaldo Jaldo<\/strong>, de Tucum\u00e1n, con <strong>56,7% de aprobaci\u00f3n<\/strong>.<\/p>\n\n\n\n<p>En el otro extremo del listado aparecen los mandatarios con menor valoraci\u00f3n p\u00fablica. El \u00faltimo lugar lo ocupa <strong>Gustavo Melella<\/strong>, de Tierra del Fuego, con <strong>43,5% de imagen positiva<\/strong>, seguido por <strong>Alberto Weretilneck<\/strong>, de R\u00edo Negro, con <strong>43,8%<\/strong>, y <strong>Axel Kicillof<\/strong>, de la provincia de Buenos Aires, con <strong>45,7% de aprobaci\u00f3n<\/strong>.<\/p>\n\n\n\n<p>En cuanto a la evoluci\u00f3n mensual, el gobernador que m\u00e1s creci\u00f3 en su valoraci\u00f3n fue <strong>Poggi<\/strong>, con una suba de <strong>2,3 puntos porcentuales<\/strong> en su imagen positiva. En cambio, la mayor ca\u00edda se registr\u00f3 en el caso de <strong>Melella<\/strong>, quien retrocedi\u00f3 <strong>3 puntos<\/strong> respecto de la medici\u00f3n anterior.<\/p>\n\n\n\n<p>En el ranking federal de intendentes, el jefe comunal de Santa Rosa, <strong>Luciano di Napoli<\/strong>, se ubic\u00f3 <strong>s\u00e9ptimo<\/strong> con <strong>56,2% de imagen positiva<\/strong> y <strong>40,6% de imagen negativa<\/strong>. El dato muestra una leve baja respecto del mes anterior, cuando el intendente ten\u00eda <strong>56,5% de aprobaci\u00f3n<\/strong>.<\/p>\n\n\n\n<p>La lista de intendentes con mejor valoraci\u00f3n ciudadana est\u00e1 encabezada por <strong>Mat\u00edas Stevanato<\/strong>, de Maip\u00fa, con <strong>61,4% de imagen positiva<\/strong>. Lo siguen <strong>Leonardo Stelatto<\/strong>, de Posadas, con <strong>60,5%<\/strong>, y <strong>Jorge Jofr\u00e9<\/strong>, de Formosa capital, con <strong>59,5% de aprobaci\u00f3n<\/strong>.<\/p>\n\n\n\n<p>Entre los intendentes con peor valoraci\u00f3n aparecen <strong>Walter Cort\u00e9s<\/strong>, de Bariloche, con <strong>36,1% de imagen positiva<\/strong>; <strong>Emiliano Durand<\/strong>, de Salta capital, con <strong>36,8%<\/strong>; y <strong>Armando Molina<\/strong>, de La Rioja capital, con <strong>37,5% de aprobaci\u00f3n<\/strong>.<\/p>\n\n\n\n<p>Seg\u00fan el informe, el intendente que m\u00e1s creci\u00f3 en su imagen positiva durante el \u00faltimo mes fue <strong>Mariano Gaido<\/strong>, de Neuqu\u00e9n capital, con una suba de <strong>1,7 puntos porcentuales<\/strong>. En cambio, la mayor ca\u00edda se registr\u00f3 en <strong>Claudio Polich<\/strong>, de Corrientes capital, quien retrocedi\u00f3 <strong>2 puntos<\/strong> en su nivel de aprobaci\u00f3n.<\/p>\n\n\n\n<p><\/p>\n","protected":false},"excerpt":{"rendered":"<p>CB Consultora dio a conocer el ranking de gobernadores y de los intendentes de capitales de provincias del mes de marzo. El gobernador Sergio Ziliotto se ubic\u00f3 en el puesto&hellip;<\/p>\n","protected":false},"author":3,"featured_media":289632,"comment_status":"closed","ping_status":"open","sticky":false,"template":"","format":"standard","meta":{"_acf_changed":false,"footnotes":""},"categories":[1,8],"tags":[],"class_list":["post-321970","post","type-post","status-publish","format-standard","has-post-thumbnail","hentry","category-es-noticia","category-politica"],"acf":[],"yoast_head":"<!-- This site is optimized with the Yoast SEO plugin v27.5 - https:\/\/yoast.com\/product\/yoast-seo-wordpress\/ -->\n<title>Ranking de gobernadores e intendentes: qu\u00e9 lugar ocupan Ziliotto y Di N\u00e1poli - Diario Textual<\/title>\n<meta name=\"robots\" content=\"index, follow, max-snippet:-1, max-image-preview:large, max-video-preview:-1\" \/>\n<link rel=\"canonical\" href=\"https:\/\/diariotextual.com\/inicio\/index.php\/2026\/03\/11\/ranking-de-gobernadores-e-intendentes-que-lugar-ocupan-ziliotto-y-di-napoli\/\" \/>\n<meta property=\"og:locale\" content=\"es_ES\" \/>\n<meta property=\"og:type\" content=\"article\" \/>\n<meta property=\"og:title\" content=\"Ranking de gobernadores e intendentes: qu\u00e9 lugar ocupan Ziliotto y Di N\u00e1poli - Diario Textual\" \/>\n<meta property=\"og:description\" content=\"CB Consultora dio a conocer el ranking de gobernadores y de los intendentes de capitales de provincias del mes de marzo. El gobernador Sergio Ziliotto se ubic\u00f3 en el puesto&hellip;\" \/>\n<meta property=\"og:url\" content=\"https:\/\/diariotextual.com\/inicio\/index.php\/2026\/03\/11\/ranking-de-gobernadores-e-intendentes-que-lugar-ocupan-ziliotto-y-di-napoli\/\" \/>\n<meta property=\"og:site_name\" content=\"Diario Textual\" \/>\n<meta property=\"article:publisher\" content=\"https:\/\/www.facebook.com\/eltextual\" \/>\n<meta property=\"article:published_time\" content=\"2026-03-11T14:39:00+00:00\" \/>\n<meta property=\"article:modified_time\" content=\"2026-03-11T18:13:11+00:00\" \/>\n<meta property=\"og:image\" content=\"https:\/\/diariotextual.com\/inicio\/wp-content\/uploads\/2025\/02\/ziliottodinapolicolectivos2025.jpg\" \/>\n\t<meta property=\"og:image:width\" content=\"900\" \/>\n\t<meta property=\"og:image:height\" content=\"467\" \/>\n\t<meta property=\"og:image:type\" content=\"image\/jpeg\" \/>\n<meta name=\"author\" content=\"Diario1 Diario1\" \/>\n<meta name=\"twitter:card\" content=\"summary_large_image\" \/>\n<meta name=\"twitter:creator\" content=\"@eltextual\" \/>\n<meta name=\"twitter:site\" content=\"@eltextual\" \/>\n<meta name=\"twitter:label1\" content=\"Escrito por\" \/>\n\t<meta name=\"twitter:data1\" content=\"Diario1 Diario1\" \/>\n\t<meta name=\"twitter:label2\" content=\"Tiempo de lectura\" \/>\n\t<meta name=\"twitter:data2\" content=\"3 minutos\" \/>\n<script type=\"application\/ld+json\" class=\"yoast-schema-graph\">{\"@context\":\"https:\\\/\\\/schema.org\",\"@graph\":[{\"@type\":\"Article\",\"@id\":\"https:\\\/\\\/diariotextual.com\\\/inicio\\\/index.php\\\/2026\\\/03\\\/11\\\/ranking-de-gobernadores-e-intendentes-que-lugar-ocupan-ziliotto-y-di-napoli\\\/#article\",\"isPartOf\":{\"@id\":\"https:\\\/\\\/diariotextual.com\\\/inicio\\\/index.php\\\/2026\\\/03\\\/11\\\/ranking-de-gobernadores-e-intendentes-que-lugar-ocupan-ziliotto-y-di-napoli\\\/\"},\"author\":{\"name\":\"Diario1 Diario1\",\"@id\":\"https:\\\/\\\/diariotextual.com\\\/inicio\\\/#\\\/schema\\\/person\\\/418fc4093c33e86ed41562db3508f958\"},\"headline\":\"Ranking de gobernadores e intendentes: qu\u00e9 lugar ocupan Ziliotto y Di N\u00e1poli\",\"datePublished\":\"2026-03-11T14:39:00+00:00\",\"dateModified\":\"2026-03-11T18:13:11+00:00\",\"mainEntityOfPage\":{\"@id\":\"https:\\\/\\\/diariotextual.com\\\/inicio\\\/index.php\\\/2026\\\/03\\\/11\\\/ranking-de-gobernadores-e-intendentes-que-lugar-ocupan-ziliotto-y-di-napoli\\\/\"},\"wordCount\":482,\"publisher\":{\"@id\":\"https:\\\/\\\/diariotextual.com\\\/inicio\\\/#organization\"},\"image\":{\"@id\":\"https:\\\/\\\/diariotextual.com\\\/inicio\\\/index.php\\\/2026\\\/03\\\/11\\\/ranking-de-gobernadores-e-intendentes-que-lugar-ocupan-ziliotto-y-di-napoli\\\/#primaryimage\"},\"thumbnailUrl\":\"https:\\\/\\\/diariotextual.com\\\/inicio\\\/wp-content\\\/uploads\\\/2025\\\/02\\\/ziliottodinapolicolectivos2025.jpg\",\"articleSection\":[\"A - ES NOTICIA (van abajo)\",\"POLITICA\"],\"inLanguage\":\"es\"},{\"@type\":\"WebPage\",\"@id\":\"https:\\\/\\\/diariotextual.com\\\/inicio\\\/index.php\\\/2026\\\/03\\\/11\\\/ranking-de-gobernadores-e-intendentes-que-lugar-ocupan-ziliotto-y-di-napoli\\\/\",\"url\":\"https:\\\/\\\/diariotextual.com\\\/inicio\\\/index.php\\\/2026\\\/03\\\/11\\\/ranking-de-gobernadores-e-intendentes-que-lugar-ocupan-ziliotto-y-di-napoli\\\/\",\"name\":\"Ranking de gobernadores e intendentes: qu\u00e9 lugar ocupan Ziliotto y Di N\u00e1poli - Diario Textual\",\"isPartOf\":{\"@id\":\"https:\\\/\\\/diariotextual.com\\\/inicio\\\/#website\"},\"primaryImageOfPage\":{\"@id\":\"https:\\\/\\\/diariotextual.com\\\/inicio\\\/index.php\\\/2026\\\/03\\\/11\\\/ranking-de-gobernadores-e-intendentes-que-lugar-ocupan-ziliotto-y-di-napoli\\\/#primaryimage\"},\"image\":{\"@id\":\"https:\\\/\\\/diariotextual.com\\\/inicio\\\/index.php\\\/2026\\\/03\\\/11\\\/ranking-de-gobernadores-e-intendentes-que-lugar-ocupan-ziliotto-y-di-napoli\\\/#primaryimage\"},\"thumbnailUrl\":\"https:\\\/\\\/diariotextual.com\\\/inicio\\\/wp-content\\\/uploads\\\/2025\\\/02\\\/ziliottodinapolicolectivos2025.jpg\",\"datePublished\":\"2026-03-11T14:39:00+00:00\",\"dateModified\":\"2026-03-11T18:13:11+00:00\",\"breadcrumb\":{\"@id\":\"https:\\\/\\\/diariotextual.com\\\/inicio\\\/index.php\\\/2026\\\/03\\\/11\\\/ranking-de-gobernadores-e-intendentes-que-lugar-ocupan-ziliotto-y-di-napoli\\\/#breadcrumb\"},\"inLanguage\":\"es\",\"potentialAction\":[{\"@type\":\"ReadAction\",\"target\":[\"https:\\\/\\\/diariotextual.com\\\/inicio\\\/index.php\\\/2026\\\/03\\\/11\\\/ranking-de-gobernadores-e-intendentes-que-lugar-ocupan-ziliotto-y-di-napoli\\\/\"]}]},{\"@type\":\"ImageObject\",\"inLanguage\":\"es\",\"@id\":\"https:\\\/\\\/diariotextual.com\\\/inicio\\\/index.php\\\/2026\\\/03\\\/11\\\/ranking-de-gobernadores-e-intendentes-que-lugar-ocupan-ziliotto-y-di-napoli\\\/#primaryimage\",\"url\":\"https:\\\/\\\/diariotextual.com\\\/inicio\\\/wp-content\\\/uploads\\\/2025\\\/02\\\/ziliottodinapolicolectivos2025.jpg\",\"contentUrl\":\"https:\\\/\\\/diariotextual.com\\\/inicio\\\/wp-content\\\/uploads\\\/2025\\\/02\\\/ziliottodinapolicolectivos2025.jpg\",\"width\":900,\"height\":467},{\"@type\":\"BreadcrumbList\",\"@id\":\"https:\\\/\\\/diariotextual.com\\\/inicio\\\/index.php\\\/2026\\\/03\\\/11\\\/ranking-de-gobernadores-e-intendentes-que-lugar-ocupan-ziliotto-y-di-napoli\\\/#breadcrumb\",\"itemListElement\":[{\"@type\":\"ListItem\",\"position\":1,\"name\":\"Portada\",\"item\":\"https:\\\/\\\/diariotextual.com\\\/inicio\\\/\"},{\"@type\":\"ListItem\",\"position\":2,\"name\":\"Ranking de gobernadores e intendentes: qu\u00e9 lugar ocupan Ziliotto y Di N\u00e1poli\"}]},{\"@type\":\"WebSite\",\"@id\":\"https:\\\/\\\/diariotextual.com\\\/inicio\\\/#website\",\"url\":\"https:\\\/\\\/diariotextual.com\\\/inicio\\\/\",\"name\":\"Diario Textual\",\"description\":\"\",\"publisher\":{\"@id\":\"https:\\\/\\\/diariotextual.com\\\/inicio\\\/#organization\"},\"potentialAction\":[{\"@type\":\"SearchAction\",\"target\":{\"@type\":\"EntryPoint\",\"urlTemplate\":\"https:\\\/\\\/diariotextual.com\\\/inicio\\\/?s={search_term_string}\"},\"query-input\":{\"@type\":\"PropertyValueSpecification\",\"valueRequired\":true,\"valueName\":\"search_term_string\"}}],\"inLanguage\":\"es\"},{\"@type\":\"Organization\",\"@id\":\"https:\\\/\\\/diariotextual.com\\\/inicio\\\/#organization\",\"name\":\"Diario Textual\",\"url\":\"https:\\\/\\\/diariotextual.com\\\/inicio\\\/\",\"logo\":{\"@type\":\"ImageObject\",\"inLanguage\":\"es\",\"@id\":\"https:\\\/\\\/diariotextual.com\\\/inicio\\\/#\\\/schema\\\/logo\\\/image\\\/\",\"url\":\"https:\\\/\\\/diariotextual.com\\\/inicio\\\/wp-content\\\/uploads\\\/2023\\\/05\\\/logotextual1.jpg\",\"contentUrl\":\"https:\\\/\\\/diariotextual.com\\\/inicio\\\/wp-content\\\/uploads\\\/2023\\\/05\\\/logotextual1.jpg\",\"width\":516,\"height\":76,\"caption\":\"Diario Textual\"},\"image\":{\"@id\":\"https:\\\/\\\/diariotextual.com\\\/inicio\\\/#\\\/schema\\\/logo\\\/image\\\/\"},\"sameAs\":[\"https:\\\/\\\/www.facebook.com\\\/eltextual\",\"https:\\\/\\\/x.com\\\/eltextual\",\"http:\\\/\\\/www.instagram.com\\\/eltextual\"]},{\"@type\":\"Person\",\"@id\":\"https:\\\/\\\/diariotextual.com\\\/inicio\\\/#\\\/schema\\\/person\\\/418fc4093c33e86ed41562db3508f958\",\"name\":\"Diario1 Diario1\",\"image\":{\"@type\":\"ImageObject\",\"inLanguage\":\"es\",\"@id\":\"https:\\\/\\\/secure.gravatar.com\\\/avatar\\\/9167d280179c85bc18be67aa7eda765854300033af4896dd779b608640f2ef7a?s=96&d=mm&r=g\",\"url\":\"https:\\\/\\\/secure.gravatar.com\\\/avatar\\\/9167d280179c85bc18be67aa7eda765854300033af4896dd779b608640f2ef7a?s=96&d=mm&r=g\",\"contentUrl\":\"https:\\\/\\\/secure.gravatar.com\\\/avatar\\\/9167d280179c85bc18be67aa7eda765854300033af4896dd779b608640f2ef7a?s=96&d=mm&r=g\",\"caption\":\"Diario1 Diario1\"},\"url\":\"https:\\\/\\\/diariotextual.com\\\/inicio\\\/index.php\\\/author\\\/diario1\\\/\"}]}<\/script>\n<!-- \/ Yoast SEO plugin. -->","yoast_head_json":{"title":"Ranking de gobernadores e intendentes: qu\u00e9 lugar ocupan Ziliotto y Di N\u00e1poli - Diario Textual","robots":{"index":"index","follow":"follow","max-snippet":"max-snippet:-1","max-image-preview":"max-image-preview:large","max-video-preview":"max-video-preview:-1"},"canonical":"https:\/\/diariotextual.com\/inicio\/index.php\/2026\/03\/11\/ranking-de-gobernadores-e-intendentes-que-lugar-ocupan-ziliotto-y-di-napoli\/","og_locale":"es_ES","og_type":"article","og_title":"Ranking de gobernadores e intendentes: qu\u00e9 lugar ocupan Ziliotto y Di N\u00e1poli - Diario Textual","og_description":"CB Consultora dio a conocer el ranking de gobernadores y de los intendentes de capitales de provincias del mes de marzo. El gobernador Sergio Ziliotto se ubic\u00f3 en el puesto&hellip;","og_url":"https:\/\/diariotextual.com\/inicio\/index.php\/2026\/03\/11\/ranking-de-gobernadores-e-intendentes-que-lugar-ocupan-ziliotto-y-di-napoli\/","og_site_name":"Diario Textual","article_publisher":"https:\/\/www.facebook.com\/eltextual","article_published_time":"2026-03-11T14:39:00+00:00","article_modified_time":"2026-03-11T18:13:11+00:00","og_image":[{"width":900,"height":467,"url":"https:\/\/diariotextual.com\/inicio\/wp-content\/uploads\/2025\/02\/ziliottodinapolicolectivos2025.jpg","type":"image\/jpeg"}],"author":"Diario1 Diario1","twitter_card":"summary_large_image","twitter_creator":"@eltextual","twitter_site":"@eltextual","twitter_misc":{"Escrito por":"Diario1 Diario1","Tiempo de lectura":"3 minutos"},"schema":{"@context":"https:\/\/schema.org","@graph":[{"@type":"Article","@id":"https:\/\/diariotextual.com\/inicio\/index.php\/2026\/03\/11\/ranking-de-gobernadores-e-intendentes-que-lugar-ocupan-ziliotto-y-di-napoli\/#article","isPartOf":{"@id":"https:\/\/diariotextual.com\/inicio\/index.php\/2026\/03\/11\/ranking-de-gobernadores-e-intendentes-que-lugar-ocupan-ziliotto-y-di-napoli\/"},"author":{"name":"Diario1 Diario1","@id":"https:\/\/diariotextual.com\/inicio\/#\/schema\/person\/418fc4093c33e86ed41562db3508f958"},"headline":"Ranking de gobernadores e intendentes: qu\u00e9 lugar ocupan Ziliotto y Di N\u00e1poli","datePublished":"2026-03-11T14:39:00+00:00","dateModified":"2026-03-11T18:13:11+00:00","mainEntityOfPage":{"@id":"https:\/\/diariotextual.com\/inicio\/index.php\/2026\/03\/11\/ranking-de-gobernadores-e-intendentes-que-lugar-ocupan-ziliotto-y-di-napoli\/"},"wordCount":482,"publisher":{"@id":"https:\/\/diariotextual.com\/inicio\/#organization"},"image":{"@id":"https:\/\/diariotextual.com\/inicio\/index.php\/2026\/03\/11\/ranking-de-gobernadores-e-intendentes-que-lugar-ocupan-ziliotto-y-di-napoli\/#primaryimage"},"thumbnailUrl":"https:\/\/diariotextual.com\/inicio\/wp-content\/uploads\/2025\/02\/ziliottodinapolicolectivos2025.jpg","articleSection":["A - ES NOTICIA (van abajo)","POLITICA"],"inLanguage":"es"},{"@type":"WebPage","@id":"https:\/\/diariotextual.com\/inicio\/index.php\/2026\/03\/11\/ranking-de-gobernadores-e-intendentes-que-lugar-ocupan-ziliotto-y-di-napoli\/","url":"https:\/\/diariotextual.com\/inicio\/index.php\/2026\/03\/11\/ranking-de-gobernadores-e-intendentes-que-lugar-ocupan-ziliotto-y-di-napoli\/","name":"Ranking de gobernadores e intendentes: qu\u00e9 lugar ocupan Ziliotto y Di N\u00e1poli - Diario Textual","isPartOf":{"@id":"https:\/\/diariotextual.com\/inicio\/#website"},"primaryImageOfPage":{"@id":"https:\/\/diariotextual.com\/inicio\/index.php\/2026\/03\/11\/ranking-de-gobernadores-e-intendentes-que-lugar-ocupan-ziliotto-y-di-napoli\/#primaryimage"},"image":{"@id":"https:\/\/diariotextual.com\/inicio\/index.php\/2026\/03\/11\/ranking-de-gobernadores-e-intendentes-que-lugar-ocupan-ziliotto-y-di-napoli\/#primaryimage"},"thumbnailUrl":"https:\/\/diariotextual.com\/inicio\/wp-content\/uploads\/2025\/02\/ziliottodinapolicolectivos2025.jpg","datePublished":"2026-03-11T14:39:00+00:00","dateModified":"2026-03-11T18:13:11+00:00","breadcrumb":{"@id":"https:\/\/diariotextual.com\/inicio\/index.php\/2026\/03\/11\/ranking-de-gobernadores-e-intendentes-que-lugar-ocupan-ziliotto-y-di-napoli\/#breadcrumb"},"inLanguage":"es","potentialAction":[{"@type":"ReadAction","target":["https:\/\/diariotextual.com\/inicio\/index.php\/2026\/03\/11\/ranking-de-gobernadores-e-intendentes-que-lugar-ocupan-ziliotto-y-di-napoli\/"]}]},{"@type":"ImageObject","inLanguage":"es","@id":"https:\/\/diariotextual.com\/inicio\/index.php\/2026\/03\/11\/ranking-de-gobernadores-e-intendentes-que-lugar-ocupan-ziliotto-y-di-napoli\/#primaryimage","url":"https:\/\/diariotextual.com\/inicio\/wp-content\/uploads\/2025\/02\/ziliottodinapolicolectivos2025.jpg","contentUrl":"https:\/\/diariotextual.com\/inicio\/wp-content\/uploads\/2025\/02\/ziliottodinapolicolectivos2025.jpg","width":900,"height":467},{"@type":"BreadcrumbList","@id":"https:\/\/diariotextual.com\/inicio\/index.php\/2026\/03\/11\/ranking-de-gobernadores-e-intendentes-que-lugar-ocupan-ziliotto-y-di-napoli\/#breadcrumb","itemListElement":[{"@type":"ListItem","position":1,"name":"Portada","item":"https:\/\/diariotextual.com\/inicio\/"},{"@type":"ListItem","position":2,"name":"Ranking de gobernadores e intendentes: qu\u00e9 lugar ocupan Ziliotto y Di N\u00e1poli"}]},{"@type":"WebSite","@id":"https:\/\/diariotextual.com\/inicio\/#website","url":"https:\/\/diariotextual.com\/inicio\/","name":"Diario Textual","description":"","publisher":{"@id":"https:\/\/diariotextual.com\/inicio\/#organization"},"potentialAction":[{"@type":"SearchAction","target":{"@type":"EntryPoint","urlTemplate":"https:\/\/diariotextual.com\/inicio\/?s={search_term_string}"},"query-input":{"@type":"PropertyValueSpecification","valueRequired":true,"valueName":"search_term_string"}}],"inLanguage":"es"},{"@type":"Organization","@id":"https:\/\/diariotextual.com\/inicio\/#organization","name":"Diario Textual","url":"https:\/\/diariotextual.com\/inicio\/","logo":{"@type":"ImageObject","inLanguage":"es","@id":"https:\/\/diariotextual.com\/inicio\/#\/schema\/logo\/image\/","url":"https:\/\/diariotextual.com\/inicio\/wp-content\/uploads\/2023\/05\/logotextual1.jpg","contentUrl":"https:\/\/diariotextual.com\/inicio\/wp-content\/uploads\/2023\/05\/logotextual1.jpg","width":516,"height":76,"caption":"Diario Textual"},"image":{"@id":"https:\/\/diariotextual.com\/inicio\/#\/schema\/logo\/image\/"},"sameAs":["https:\/\/www.facebook.com\/eltextual","https:\/\/x.com\/eltextual","http:\/\/www.instagram.com\/eltextual"]},{"@type":"Person","@id":"https:\/\/diariotextual.com\/inicio\/#\/schema\/person\/418fc4093c33e86ed41562db3508f958","name":"Diario1 Diario1","image":{"@type":"ImageObject","inLanguage":"es","@id":"https:\/\/secure.gravatar.com\/avatar\/9167d280179c85bc18be67aa7eda765854300033af4896dd779b608640f2ef7a?s=96&d=mm&r=g","url":"https:\/\/secure.gravatar.com\/avatar\/9167d280179c85bc18be67aa7eda765854300033af4896dd779b608640f2ef7a?s=96&d=mm&r=g","contentUrl":"https:\/\/secure.gravatar.com\/avatar\/9167d280179c85bc18be67aa7eda765854300033af4896dd779b608640f2ef7a?s=96&d=mm&r=g","caption":"Diario1 Diario1"},"url":"https:\/\/diariotextual.com\/inicio\/index.php\/author\/diario1\/"}]}},"_links":{"self":[{"href":"https:\/\/diariotextual.com\/inicio\/index.php\/wp-json\/wp\/v2\/posts\/321970","targetHints":{"allow":["GET"]}}],"collection":[{"href":"https:\/\/diariotextual.com\/inicio\/index.php\/wp-json\/wp\/v2\/posts"}],"about":[{"href":"https:\/\/diariotextual.com\/inicio\/index.php\/wp-json\/wp\/v2\/types\/post"}],"author":[{"embeddable":true,"href":"https:\/\/diariotextual.com\/inicio\/index.php\/wp-json\/wp\/v2\/users\/3"}],"replies":[{"embeddable":true,"href":"https:\/\/diariotextual.com\/inicio\/index.php\/wp-json\/wp\/v2\/comments?post=321970"}],"version-history":[{"count":2,"href":"https:\/\/diariotextual.com\/inicio\/index.php\/wp-json\/wp\/v2\/posts\/321970\/revisions"}],"predecessor-version":[{"id":321972,"href":"https:\/\/diariotextual.com\/inicio\/index.php\/wp-json\/wp\/v2\/posts\/321970\/revisions\/321972"}],"wp:featuredmedia":[{"embeddable":true,"href":"https:\/\/diariotextual.com\/inicio\/index.php\/wp-json\/wp\/v2\/media\/289632"}],"wp:attachment":[{"href":"https:\/\/diariotextual.com\/inicio\/index.php\/wp-json\/wp\/v2\/media?parent=321970"}],"wp:term":[{"taxonomy":"category","embeddable":true,"href":"https:\/\/diariotextual.com\/inicio\/index.php\/wp-json\/wp\/v2\/categories?post=321970"},{"taxonomy":"post_tag","embeddable":true,"href":"https:\/\/diariotextual.com\/inicio\/index.php\/wp-json\/wp\/v2\/tags?post=321970"}],"curies":[{"name":"wp","href":"https:\/\/api.w.org\/{rel}","templated":true}]}}