{"id":321987,"date":"2026-03-11T15:22:28","date_gmt":"2026-03-11T18:22:28","guid":{"rendered":"https:\/\/diariotextual.com\/inicio\/?p=321987"},"modified":"2026-03-11T15:46:16","modified_gmt":"2026-03-11T18:46:16","slug":"ravier-suma-mas-poder-en-lla-echaron-a-luciano-ortiz-del-pami","status":"publish","type":"post","link":"https:\/\/diariotextual.com\/inicio\/index.php\/2026\/03\/11\/ravier-suma-mas-poder-en-lla-echaron-a-luciano-ortiz-del-pami\/","title":{"rendered":"Ravier suma m\u00e1s poder en LLA: echaron a Luciano Ortiz del Pami"},"content":{"rendered":"\n<p><strong>Adri\u00e1n Ravier, diputado nacional y presidente de La Libertad Avanza en La Pampa, <\/strong>contin\u00faa enfrentado con distintos dirigentes libertarios, pero al mismo tiempo consolida su poder pol\u00edtico: este mi\u00e9rcoles se oficializ\u00f3 que <strong>Luciano Ortiz<\/strong>, quien fue el primer presidente del partido en la provincia, <strong>fue desplazado de su cargo en la obra social de los jubilados Pami.<\/strong><\/p>\n\n\n\n<p>La conducci\u00f3n de la obra social de jubilados qued\u00f3 ahora en manos del m\u00e9dico ginec\u00f3logo <strong>Rub\u00e9n Marcelo Day\u00e1n<\/strong>, designado mediante la <strong>resoluci\u00f3n 837\/2026<\/strong>, con fecha 11 de marzo. <em>\u201cEn virtud de encontrarse vacante la titularidad de la Unidad de Gesti\u00f3n Local XX \u2013 La Pampa, dependiente de la Unidad de Gesti\u00f3n T\u00e9cnico Operativa, resulta necesario asignar, a partir de la fecha de la presente, el ejercicio de las aludidas funciones, al se\u00f1or Rub\u00e9n Marcelo Day\u00e1n\u201d<\/em>, se\u00f1ala el texto oficial.<\/p>\n\n\n\n<p>Ortiz hab\u00eda sido presidente de <strong>La Libertad Avanza<\/strong> desde la conformaci\u00f3n del partido en la provincia hasta mediados de 2025. Tambi\u00e9n fue el primer funcionario designado por el gobierno de <strong>Javier Milei<\/strong> en La Pampa.<\/p>\n\n\n\n<p>Su llegada al Pami se dio en medio de una fuerte interna libertaria con <strong>Nicol\u00e1s Boschi<\/strong>, quien posteriormente fue designado al frente de <strong>Anses<\/strong> en la provincia y es aliado pol\u00edtico del actual diputado nacional <strong>Adri\u00e1n Ravier<\/strong>.<\/p>\n\n\n\n<p>Ortiz se pele\u00f3 con buena parte de la dirigencia local y fue eyectado del cargo. Su lugar fue ocupado por Ravier, un docente universitario y economista. Este, luego, fue el elegido para ser candidato a diputado nacional, cargo que finalmente accedi\u00f3.<\/p>\n\n\n\n<p>Lo cierto es que Ravier -quien es nombrado despectivamente por algunos dirigentes del propio partido como<strong> \u201cel Porte\u00f1o\u201d<\/strong>, por su procedencia de la ciudad de Buenos Aires y su desconocimiento de La Pampa- sigue consolidando su poder dentro de la estructura libertaria.<\/p>\n\n\n\n<p><\/p>\n\n\n\n<p><\/p>\n\n\n\n<p><\/p>\n","protected":false},"excerpt":{"rendered":"<p>Adri\u00e1n Ravier, diputado nacional y presidente de La Libertad Avanza en La Pampa, contin\u00faa enfrentado con distintos dirigentes libertarios, pero al mismo tiempo consolida su poder pol\u00edtico: este mi\u00e9rcoles se&hellip;<\/p>\n","protected":false},"author":3,"featured_media":254791,"comment_status":"closed","ping_status":"open","sticky":false,"template":"","format":"standard","meta":{"_acf_changed":false,"footnotes":""},"categories":[4,8],"tags":[],"class_list":["post-321987","post","type-post","status-publish","format-standard","has-post-thumbnail","hentry","category-destacadas","category-politica"],"acf":[],"yoast_head":"<!-- This site is optimized with the Yoast SEO plugin v27.4 - https:\/\/yoast.com\/product\/yoast-seo-wordpress\/ -->\n<title>Ravier suma m\u00e1s poder en LLA: echaron a Luciano Ortiz del Pami - Diario Textual<\/title>\n<meta name=\"robots\" content=\"index, follow, max-snippet:-1, max-image-preview:large, max-video-preview:-1\" \/>\n<link rel=\"canonical\" href=\"https:\/\/diariotextual.com\/inicio\/index.php\/2026\/03\/11\/ravier-suma-mas-poder-en-lla-echaron-a-luciano-ortiz-del-pami\/\" \/>\n<meta property=\"og:locale\" content=\"es_ES\" \/>\n<meta property=\"og:type\" content=\"article\" \/>\n<meta property=\"og:title\" content=\"Ravier suma m\u00e1s poder en LLA: echaron a Luciano Ortiz del Pami - Diario Textual\" \/>\n<meta property=\"og:description\" content=\"Adri\u00e1n Ravier, diputado nacional y presidente de La Libertad Avanza en La Pampa, contin\u00faa enfrentado con distintos dirigentes libertarios, pero al mismo tiempo consolida su poder pol\u00edtico: este mi\u00e9rcoles se&hellip;\" \/>\n<meta property=\"og:url\" content=\"https:\/\/diariotextual.com\/inicio\/index.php\/2026\/03\/11\/ravier-suma-mas-poder-en-lla-echaron-a-luciano-ortiz-del-pami\/\" \/>\n<meta property=\"og:site_name\" content=\"Diario Textual\" \/>\n<meta property=\"article:publisher\" content=\"https:\/\/www.facebook.com\/eltextual\" \/>\n<meta property=\"article:published_time\" content=\"2026-03-11T18:22:28+00:00\" \/>\n<meta property=\"article:modified_time\" content=\"2026-03-11T18:46:16+00:00\" \/>\n<meta property=\"og:image\" content=\"https:\/\/diariotextual.com\/inicio\/wp-content\/uploads\/2024\/02\/ortizlucianocasarosada2024-27.jpg\" \/>\n\t<meta property=\"og:image:width\" content=\"717\" \/>\n\t<meta property=\"og:image:height\" content=\"520\" \/>\n\t<meta property=\"og:image:type\" content=\"image\/jpeg\" \/>\n<meta name=\"author\" content=\"Diario1 Diario1\" \/>\n<meta name=\"twitter:card\" content=\"summary_large_image\" \/>\n<meta name=\"twitter:creator\" content=\"@eltextual\" \/>\n<meta name=\"twitter:site\" content=\"@eltextual\" \/>\n<meta name=\"twitter:label1\" content=\"Escrito por\" \/>\n\t<meta name=\"twitter:data1\" content=\"Diario1 Diario1\" \/>\n\t<meta name=\"twitter:label2\" content=\"Tiempo de lectura\" \/>\n\t<meta name=\"twitter:data2\" content=\"1 minuto\" \/>\n<script type=\"application\/ld+json\" class=\"yoast-schema-graph\">{\"@context\":\"https:\\\/\\\/schema.org\",\"@graph\":[{\"@type\":\"Article\",\"@id\":\"https:\\\/\\\/diariotextual.com\\\/inicio\\\/index.php\\\/2026\\\/03\\\/11\\\/ravier-suma-mas-poder-en-lla-echaron-a-luciano-ortiz-del-pami\\\/#article\",\"isPartOf\":{\"@id\":\"https:\\\/\\\/diariotextual.com\\\/inicio\\\/index.php\\\/2026\\\/03\\\/11\\\/ravier-suma-mas-poder-en-lla-echaron-a-luciano-ortiz-del-pami\\\/\"},\"author\":{\"name\":\"Diario1 Diario1\",\"@id\":\"https:\\\/\\\/diariotextual.com\\\/inicio\\\/#\\\/schema\\\/person\\\/418fc4093c33e86ed41562db3508f958\"},\"headline\":\"Ravier suma m\u00e1s poder en LLA: echaron a Luciano Ortiz del Pami\",\"datePublished\":\"2026-03-11T18:22:28+00:00\",\"dateModified\":\"2026-03-11T18:46:16+00:00\",\"mainEntityOfPage\":{\"@id\":\"https:\\\/\\\/diariotextual.com\\\/inicio\\\/index.php\\\/2026\\\/03\\\/11\\\/ravier-suma-mas-poder-en-lla-echaron-a-luciano-ortiz-del-pami\\\/\"},\"wordCount\":324,\"publisher\":{\"@id\":\"https:\\\/\\\/diariotextual.com\\\/inicio\\\/#organization\"},\"image\":{\"@id\":\"https:\\\/\\\/diariotextual.com\\\/inicio\\\/index.php\\\/2026\\\/03\\\/11\\\/ravier-suma-mas-poder-en-lla-echaron-a-luciano-ortiz-del-pami\\\/#primaryimage\"},\"thumbnailUrl\":\"https:\\\/\\\/diariotextual.com\\\/inicio\\\/wp-content\\\/uploads\\\/2024\\\/02\\\/ortizlucianocasarosada2024-27.jpg\",\"articleSection\":[\"A - DESTACADAS (mod 16)\",\"POLITICA\"],\"inLanguage\":\"es\"},{\"@type\":\"WebPage\",\"@id\":\"https:\\\/\\\/diariotextual.com\\\/inicio\\\/index.php\\\/2026\\\/03\\\/11\\\/ravier-suma-mas-poder-en-lla-echaron-a-luciano-ortiz-del-pami\\\/\",\"url\":\"https:\\\/\\\/diariotextual.com\\\/inicio\\\/index.php\\\/2026\\\/03\\\/11\\\/ravier-suma-mas-poder-en-lla-echaron-a-luciano-ortiz-del-pami\\\/\",\"name\":\"Ravier suma m\u00e1s poder en LLA: echaron a Luciano Ortiz del Pami - Diario Textual\",\"isPartOf\":{\"@id\":\"https:\\\/\\\/diariotextual.com\\\/inicio\\\/#website\"},\"primaryImageOfPage\":{\"@id\":\"https:\\\/\\\/diariotextual.com\\\/inicio\\\/index.php\\\/2026\\\/03\\\/11\\\/ravier-suma-mas-poder-en-lla-echaron-a-luciano-ortiz-del-pami\\\/#primaryimage\"},\"image\":{\"@id\":\"https:\\\/\\\/diariotextual.com\\\/inicio\\\/index.php\\\/2026\\\/03\\\/11\\\/ravier-suma-mas-poder-en-lla-echaron-a-luciano-ortiz-del-pami\\\/#primaryimage\"},\"thumbnailUrl\":\"https:\\\/\\\/diariotextual.com\\\/inicio\\\/wp-content\\\/uploads\\\/2024\\\/02\\\/ortizlucianocasarosada2024-27.jpg\",\"datePublished\":\"2026-03-11T18:22:28+00:00\",\"dateModified\":\"2026-03-11T18:46:16+00:00\",\"breadcrumb\":{\"@id\":\"https:\\\/\\\/diariotextual.com\\\/inicio\\\/index.php\\\/2026\\\/03\\\/11\\\/ravier-suma-mas-poder-en-lla-echaron-a-luciano-ortiz-del-pami\\\/#breadcrumb\"},\"inLanguage\":\"es\",\"potentialAction\":[{\"@type\":\"ReadAction\",\"target\":[\"https:\\\/\\\/diariotextual.com\\\/inicio\\\/index.php\\\/2026\\\/03\\\/11\\\/ravier-suma-mas-poder-en-lla-echaron-a-luciano-ortiz-del-pami\\\/\"]}]},{\"@type\":\"ImageObject\",\"inLanguage\":\"es\",\"@id\":\"https:\\\/\\\/diariotextual.com\\\/inicio\\\/index.php\\\/2026\\\/03\\\/11\\\/ravier-suma-mas-poder-en-lla-echaron-a-luciano-ortiz-del-pami\\\/#primaryimage\",\"url\":\"https:\\\/\\\/diariotextual.com\\\/inicio\\\/wp-content\\\/uploads\\\/2024\\\/02\\\/ortizlucianocasarosada2024-27.jpg\",\"contentUrl\":\"https:\\\/\\\/diariotextual.com\\\/inicio\\\/wp-content\\\/uploads\\\/2024\\\/02\\\/ortizlucianocasarosada2024-27.jpg\",\"width\":717,\"height\":520},{\"@type\":\"BreadcrumbList\",\"@id\":\"https:\\\/\\\/diariotextual.com\\\/inicio\\\/index.php\\\/2026\\\/03\\\/11\\\/ravier-suma-mas-poder-en-lla-echaron-a-luciano-ortiz-del-pami\\\/#breadcrumb\",\"itemListElement\":[{\"@type\":\"ListItem\",\"position\":1,\"name\":\"Portada\",\"item\":\"https:\\\/\\\/diariotextual.com\\\/inicio\\\/\"},{\"@type\":\"ListItem\",\"position\":2,\"name\":\"Ravier suma m\u00e1s poder en LLA: echaron a Luciano Ortiz del Pami\"}]},{\"@type\":\"WebSite\",\"@id\":\"https:\\\/\\\/diariotextual.com\\\/inicio\\\/#website\",\"url\":\"https:\\\/\\\/diariotextual.com\\\/inicio\\\/\",\"name\":\"Diario Textual\",\"description\":\"\",\"publisher\":{\"@id\":\"https:\\\/\\\/diariotextual.com\\\/inicio\\\/#organization\"},\"potentialAction\":[{\"@type\":\"SearchAction\",\"target\":{\"@type\":\"EntryPoint\",\"urlTemplate\":\"https:\\\/\\\/diariotextual.com\\\/inicio\\\/?s={search_term_string}\"},\"query-input\":{\"@type\":\"PropertyValueSpecification\",\"valueRequired\":true,\"valueName\":\"search_term_string\"}}],\"inLanguage\":\"es\"},{\"@type\":\"Organization\",\"@id\":\"https:\\\/\\\/diariotextual.com\\\/inicio\\\/#organization\",\"name\":\"Diario Textual\",\"url\":\"https:\\\/\\\/diariotextual.com\\\/inicio\\\/\",\"logo\":{\"@type\":\"ImageObject\",\"inLanguage\":\"es\",\"@id\":\"https:\\\/\\\/diariotextual.com\\\/inicio\\\/#\\\/schema\\\/logo\\\/image\\\/\",\"url\":\"https:\\\/\\\/diariotextual.com\\\/inicio\\\/wp-content\\\/uploads\\\/2023\\\/05\\\/logotextual1.jpg\",\"contentUrl\":\"https:\\\/\\\/diariotextual.com\\\/inicio\\\/wp-content\\\/uploads\\\/2023\\\/05\\\/logotextual1.jpg\",\"width\":516,\"height\":76,\"caption\":\"Diario Textual\"},\"image\":{\"@id\":\"https:\\\/\\\/diariotextual.com\\\/inicio\\\/#\\\/schema\\\/logo\\\/image\\\/\"},\"sameAs\":[\"https:\\\/\\\/www.facebook.com\\\/eltextual\",\"https:\\\/\\\/x.com\\\/eltextual\",\"http:\\\/\\\/www.instagram.com\\\/eltextual\"]},{\"@type\":\"Person\",\"@id\":\"https:\\\/\\\/diariotextual.com\\\/inicio\\\/#\\\/schema\\\/person\\\/418fc4093c33e86ed41562db3508f958\",\"name\":\"Diario1 Diario1\",\"image\":{\"@type\":\"ImageObject\",\"inLanguage\":\"es\",\"@id\":\"https:\\\/\\\/secure.gravatar.com\\\/avatar\\\/9167d280179c85bc18be67aa7eda765854300033af4896dd779b608640f2ef7a?s=96&d=mm&r=g\",\"url\":\"https:\\\/\\\/secure.gravatar.com\\\/avatar\\\/9167d280179c85bc18be67aa7eda765854300033af4896dd779b608640f2ef7a?s=96&d=mm&r=g\",\"contentUrl\":\"https:\\\/\\\/secure.gravatar.com\\\/avatar\\\/9167d280179c85bc18be67aa7eda765854300033af4896dd779b608640f2ef7a?s=96&d=mm&r=g\",\"caption\":\"Diario1 Diario1\"},\"url\":\"https:\\\/\\\/diariotextual.com\\\/inicio\\\/index.php\\\/author\\\/diario1\\\/\"}]}<\/script>\n<!-- \/ Yoast SEO plugin. -->","yoast_head_json":{"title":"Ravier suma m\u00e1s poder en LLA: echaron a Luciano Ortiz del Pami - Diario Textual","robots":{"index":"index","follow":"follow","max-snippet":"max-snippet:-1","max-image-preview":"max-image-preview:large","max-video-preview":"max-video-preview:-1"},"canonical":"https:\/\/diariotextual.com\/inicio\/index.php\/2026\/03\/11\/ravier-suma-mas-poder-en-lla-echaron-a-luciano-ortiz-del-pami\/","og_locale":"es_ES","og_type":"article","og_title":"Ravier suma m\u00e1s poder en LLA: echaron a Luciano Ortiz del Pami - Diario Textual","og_description":"Adri\u00e1n Ravier, diputado nacional y presidente de La Libertad Avanza en La Pampa, contin\u00faa enfrentado con distintos dirigentes libertarios, pero al mismo tiempo consolida su poder pol\u00edtico: este mi\u00e9rcoles se&hellip;","og_url":"https:\/\/diariotextual.com\/inicio\/index.php\/2026\/03\/11\/ravier-suma-mas-poder-en-lla-echaron-a-luciano-ortiz-del-pami\/","og_site_name":"Diario Textual","article_publisher":"https:\/\/www.facebook.com\/eltextual","article_published_time":"2026-03-11T18:22:28+00:00","article_modified_time":"2026-03-11T18:46:16+00:00","og_image":[{"width":717,"height":520,"url":"https:\/\/diariotextual.com\/inicio\/wp-content\/uploads\/2024\/02\/ortizlucianocasarosada2024-27.jpg","type":"image\/jpeg"}],"author":"Diario1 Diario1","twitter_card":"summary_large_image","twitter_creator":"@eltextual","twitter_site":"@eltextual","twitter_misc":{"Escrito por":"Diario1 Diario1","Tiempo de lectura":"1 minuto"},"schema":{"@context":"https:\/\/schema.org","@graph":[{"@type":"Article","@id":"https:\/\/diariotextual.com\/inicio\/index.php\/2026\/03\/11\/ravier-suma-mas-poder-en-lla-echaron-a-luciano-ortiz-del-pami\/#article","isPartOf":{"@id":"https:\/\/diariotextual.com\/inicio\/index.php\/2026\/03\/11\/ravier-suma-mas-poder-en-lla-echaron-a-luciano-ortiz-del-pami\/"},"author":{"name":"Diario1 Diario1","@id":"https:\/\/diariotextual.com\/inicio\/#\/schema\/person\/418fc4093c33e86ed41562db3508f958"},"headline":"Ravier suma m\u00e1s poder en LLA: echaron a Luciano Ortiz del Pami","datePublished":"2026-03-11T18:22:28+00:00","dateModified":"2026-03-11T18:46:16+00:00","mainEntityOfPage":{"@id":"https:\/\/diariotextual.com\/inicio\/index.php\/2026\/03\/11\/ravier-suma-mas-poder-en-lla-echaron-a-luciano-ortiz-del-pami\/"},"wordCount":324,"publisher":{"@id":"https:\/\/diariotextual.com\/inicio\/#organization"},"image":{"@id":"https:\/\/diariotextual.com\/inicio\/index.php\/2026\/03\/11\/ravier-suma-mas-poder-en-lla-echaron-a-luciano-ortiz-del-pami\/#primaryimage"},"thumbnailUrl":"https:\/\/diariotextual.com\/inicio\/wp-content\/uploads\/2024\/02\/ortizlucianocasarosada2024-27.jpg","articleSection":["A - DESTACADAS (mod 16)","POLITICA"],"inLanguage":"es"},{"@type":"WebPage","@id":"https:\/\/diariotextual.com\/inicio\/index.php\/2026\/03\/11\/ravier-suma-mas-poder-en-lla-echaron-a-luciano-ortiz-del-pami\/","url":"https:\/\/diariotextual.com\/inicio\/index.php\/2026\/03\/11\/ravier-suma-mas-poder-en-lla-echaron-a-luciano-ortiz-del-pami\/","name":"Ravier suma m\u00e1s poder en LLA: echaron a Luciano Ortiz del Pami - Diario Textual","isPartOf":{"@id":"https:\/\/diariotextual.com\/inicio\/#website"},"primaryImageOfPage":{"@id":"https:\/\/diariotextual.com\/inicio\/index.php\/2026\/03\/11\/ravier-suma-mas-poder-en-lla-echaron-a-luciano-ortiz-del-pami\/#primaryimage"},"image":{"@id":"https:\/\/diariotextual.com\/inicio\/index.php\/2026\/03\/11\/ravier-suma-mas-poder-en-lla-echaron-a-luciano-ortiz-del-pami\/#primaryimage"},"thumbnailUrl":"https:\/\/diariotextual.com\/inicio\/wp-content\/uploads\/2024\/02\/ortizlucianocasarosada2024-27.jpg","datePublished":"2026-03-11T18:22:28+00:00","dateModified":"2026-03-11T18:46:16+00:00","breadcrumb":{"@id":"https:\/\/diariotextual.com\/inicio\/index.php\/2026\/03\/11\/ravier-suma-mas-poder-en-lla-echaron-a-luciano-ortiz-del-pami\/#breadcrumb"},"inLanguage":"es","potentialAction":[{"@type":"ReadAction","target":["https:\/\/diariotextual.com\/inicio\/index.php\/2026\/03\/11\/ravier-suma-mas-poder-en-lla-echaron-a-luciano-ortiz-del-pami\/"]}]},{"@type":"ImageObject","inLanguage":"es","@id":"https:\/\/diariotextual.com\/inicio\/index.php\/2026\/03\/11\/ravier-suma-mas-poder-en-lla-echaron-a-luciano-ortiz-del-pami\/#primaryimage","url":"https:\/\/diariotextual.com\/inicio\/wp-content\/uploads\/2024\/02\/ortizlucianocasarosada2024-27.jpg","contentUrl":"https:\/\/diariotextual.com\/inicio\/wp-content\/uploads\/2024\/02\/ortizlucianocasarosada2024-27.jpg","width":717,"height":520},{"@type":"BreadcrumbList","@id":"https:\/\/diariotextual.com\/inicio\/index.php\/2026\/03\/11\/ravier-suma-mas-poder-en-lla-echaron-a-luciano-ortiz-del-pami\/#breadcrumb","itemListElement":[{"@type":"ListItem","position":1,"name":"Portada","item":"https:\/\/diariotextual.com\/inicio\/"},{"@type":"ListItem","position":2,"name":"Ravier suma m\u00e1s poder en LLA: echaron a Luciano Ortiz del Pami"}]},{"@type":"WebSite","@id":"https:\/\/diariotextual.com\/inicio\/#website","url":"https:\/\/diariotextual.com\/inicio\/","name":"Diario Textual","description":"","publisher":{"@id":"https:\/\/diariotextual.com\/inicio\/#organization"},"potentialAction":[{"@type":"SearchAction","target":{"@type":"EntryPoint","urlTemplate":"https:\/\/diariotextual.com\/inicio\/?s={search_term_string}"},"query-input":{"@type":"PropertyValueSpecification","valueRequired":true,"valueName":"search_term_string"}}],"inLanguage":"es"},{"@type":"Organization","@id":"https:\/\/diariotextual.com\/inicio\/#organization","name":"Diario Textual","url":"https:\/\/diariotextual.com\/inicio\/","logo":{"@type":"ImageObject","inLanguage":"es","@id":"https:\/\/diariotextual.com\/inicio\/#\/schema\/logo\/image\/","url":"https:\/\/diariotextual.com\/inicio\/wp-content\/uploads\/2023\/05\/logotextual1.jpg","contentUrl":"https:\/\/diariotextual.com\/inicio\/wp-content\/uploads\/2023\/05\/logotextual1.jpg","width":516,"height":76,"caption":"Diario Textual"},"image":{"@id":"https:\/\/diariotextual.com\/inicio\/#\/schema\/logo\/image\/"},"sameAs":["https:\/\/www.facebook.com\/eltextual","https:\/\/x.com\/eltextual","http:\/\/www.instagram.com\/eltextual"]},{"@type":"Person","@id":"https:\/\/diariotextual.com\/inicio\/#\/schema\/person\/418fc4093c33e86ed41562db3508f958","name":"Diario1 Diario1","image":{"@type":"ImageObject","inLanguage":"es","@id":"https:\/\/secure.gravatar.com\/avatar\/9167d280179c85bc18be67aa7eda765854300033af4896dd779b608640f2ef7a?s=96&d=mm&r=g","url":"https:\/\/secure.gravatar.com\/avatar\/9167d280179c85bc18be67aa7eda765854300033af4896dd779b608640f2ef7a?s=96&d=mm&r=g","contentUrl":"https:\/\/secure.gravatar.com\/avatar\/9167d280179c85bc18be67aa7eda765854300033af4896dd779b608640f2ef7a?s=96&d=mm&r=g","caption":"Diario1 Diario1"},"url":"https:\/\/diariotextual.com\/inicio\/index.php\/author\/diario1\/"}]}},"_links":{"self":[{"href":"https:\/\/diariotextual.com\/inicio\/index.php\/wp-json\/wp\/v2\/posts\/321987","targetHints":{"allow":["GET"]}}],"collection":[{"href":"https:\/\/diariotextual.com\/inicio\/index.php\/wp-json\/wp\/v2\/posts"}],"about":[{"href":"https:\/\/diariotextual.com\/inicio\/index.php\/wp-json\/wp\/v2\/types\/post"}],"author":[{"embeddable":true,"href":"https:\/\/diariotextual.com\/inicio\/index.php\/wp-json\/wp\/v2\/users\/3"}],"replies":[{"embeddable":true,"href":"https:\/\/diariotextual.com\/inicio\/index.php\/wp-json\/wp\/v2\/comments?post=321987"}],"version-history":[{"count":6,"href":"https:\/\/diariotextual.com\/inicio\/index.php\/wp-json\/wp\/v2\/posts\/321987\/revisions"}],"predecessor-version":[{"id":322002,"href":"https:\/\/diariotextual.com\/inicio\/index.php\/wp-json\/wp\/v2\/posts\/321987\/revisions\/322002"}],"wp:featuredmedia":[{"embeddable":true,"href":"https:\/\/diariotextual.com\/inicio\/index.php\/wp-json\/wp\/v2\/media\/254791"}],"wp:attachment":[{"href":"https:\/\/diariotextual.com\/inicio\/index.php\/wp-json\/wp\/v2\/media?parent=321987"}],"wp:term":[{"taxonomy":"category","embeddable":true,"href":"https:\/\/diariotextual.com\/inicio\/index.php\/wp-json\/wp\/v2\/categories?post=321987"},{"taxonomy":"post_tag","embeddable":true,"href":"https:\/\/diariotextual.com\/inicio\/index.php\/wp-json\/wp\/v2\/tags?post=321987"}],"curies":[{"name":"wp","href":"https:\/\/api.w.org\/{rel}","templated":true}]}}