{"id":322003,"date":"2026-03-11T22:51:07","date_gmt":"2026-03-12T01:51:07","guid":{"rendered":"https:\/\/diariotextual.com\/inicio\/?p=322003"},"modified":"2026-03-11T23:10:46","modified_gmt":"2026-03-12T02:10:46","slug":"ravier-lanzo-otra-fake-sobre-las-casas-sociales-y-la-titular-del-ipav-lo-cruzo","status":"publish","type":"post","link":"https:\/\/diariotextual.com\/inicio\/index.php\/2026\/03\/11\/ravier-lanzo-otra-fake-sobre-las-casas-sociales-y-la-titular-del-ipav-lo-cruzo\/","title":{"rendered":"Ravier lanz\u00f3 otra \u201cfake\u201d sobre las casas sociales y la titular del Ipav lo cruz\u00f3"},"content":{"rendered":"\n<p>El diputado nacional y presidente de La Libertad Avanza, <strong>Adri\u00e1n Ravier<\/strong>, volvi\u00f3 a lanzar una <strong>\u201cfake news\u201d<\/strong> sobre las viviendas sociales que entrega el <strong>Instituto Provincial Aut\u00e1rquico de Vivienda (Ipav)<\/strong>: afirm\u00f3 que por a\u00f1o solo se adjudican <strong>\u201c20 casas\u201d<\/strong> y que son para <strong>\u201cpunteros pol\u00edticos\u201d<\/strong> del peronismo. La titular del organismo, <strong>Erica Riboyra<\/strong>, lo cruz\u00f3 con dureza y lo invit\u00f3 a <strong>visitar el instituto<\/strong> para informarse sobre c\u00f3mo funciona el sistema de adjudicaci\u00f3n en la provincia.<\/p>\n\n\n\n<p>\u00bfQu\u00e9 dijo Ravier? El legislador, en una reciente visita a General Pico, calific\u00f3 el esquema actual como un <strong>\u201cmodelo socialista\u201d<\/strong> que, seg\u00fan sostuvo, <strong>\u201cfracasa\u201d<\/strong> en dar soluciones reales a los trabajadores. \u201cDicen que somos la provincia que m\u00e1s casas ha producido en este modelo de justicia social. Y en realidad estamos hablando de <strong>20 casas por a\u00f1o<\/strong>, repartidas a sus <strong>punteros pol\u00edticos<\/strong> a trav\u00e9s del Ipav\u201d, afirm\u00f3.<\/p>\n\n\n\n<p>En ese marco, defendi\u00f3 un <strong>modelo liberal<\/strong>, en el que un trabajador con empleo formal pueda acceder a <strong>un cr\u00e9dito hipotecario<\/strong> y comprar su propia casa <strong>a 20 a\u00f1os<\/strong>.<\/p>\n\n\n\n<p>Riboyra le respondi\u00f3 a trav\u00e9s de <strong>X<\/strong>. \u201cMir\u00e1 vos, <strong>Adri\u00e1n Ravier<\/strong>. Justo hablaste en <strong>General Pico<\/strong>, la misma ciudad donde <strong>en 2025 entregamos 102 viviendas del Ipav por sorteo p\u00fablico<\/strong>\u201d, record\u00f3, con lo que solo con esa localidad ya refut\u00f3 la afirmaci\u00f3n de que se entreguen apenas 20 casas por a\u00f1o. \u201cUn <strong>sorteo abierto<\/strong>, con <strong>vecinos inscriptos, bolillero y transmisi\u00f3n en vivo<\/strong> para que todos puedan verlo. Ah\u00ed no hubo privilegios: hubo <strong>docentes, enfermeros, empleados de comercio, polic\u00edas, alba\u00f1iles y familias trabajadoras<\/strong>. Y estoy segura de algo m\u00e1s: entre quienes recibieron su vivienda tambi\u00e9n hay pampeanos que te votaron. Porque <strong>el derecho a la casa propia no pregunta a qui\u00e9n vota cada familia<\/strong>\u201d, escribi\u00f3 la funcionaria en su cuenta de X.<\/p>\n\n\n\n<p>\u201cSi ten\u00e9s dudas sobre c\u00f3mo funciona el sistema, <strong>las puertas del Ipav est\u00e1n abiertas<\/strong>. Ser\u00e1 un gusto mostrarte c\u00f3mo se adjudican las viviendas en <strong>La Pampa<\/strong>. El problema no es el Ipav. <strong>El problema es hablar de lo que no se conoce<\/strong>\u201d, concluy\u00f3.<\/p>\n\n\n\n<p>No es la primera vez que <strong>Ravier<\/strong> queda en el centro de cuestionamientos por difundir <strong>informaci\u00f3n falsa o imprecisa<\/strong>. En distintas oportunidades, sus declaraciones generaron pol\u00e9mica por contener <strong>datos incorrectos o interpretaciones que fueron refutadas p\u00fablicamente<\/strong>.<\/p>\n\n\n\n<p>De hecho, como public\u00f3 <strong>Diario Textual<\/strong>, dirigentes de su propio partido, LLA, lo han bautizado despectivamente como \u201cEl Porte\u00f1o\u201d por su procedencia de Buenos Aires y su desconocimiento de La Pampa.<\/p>\n\n\n\n<p><\/p>\n\n\n\n<figure class=\"wp-block-embed is-type-wp-embed is-provider-diario-textual wp-block-embed-diario-textual\"><div class=\"wp-block-embed__wrapper\">\n<blockquote class=\"wp-embedded-content\" data-secret=\"WtsTyo05te\"><a href=\"https:\/\/diariotextual.com\/inicio\/index.php\/2026\/03\/11\/ravier-suma-mas-poder-en-lla-echaron-a-luciano-ortiz-del-pami\/\">Ravier suma m\u00e1s poder en LLA: echaron a Luciano Ortiz del Pami<\/a><\/blockquote><iframe class=\"wp-embedded-content\" sandbox=\"allow-scripts\" security=\"restricted\" style=\"position: absolute; visibility: hidden;\" title=\"\u00abRavier suma m\u00e1s poder en LLA: echaron a Luciano Ortiz del Pami\u00bb \u2014 Diario Textual\" src=\"https:\/\/diariotextual.com\/inicio\/index.php\/2026\/03\/11\/ravier-suma-mas-poder-en-lla-echaron-a-luciano-ortiz-del-pami\/embed\/#?secret=42TDoZKLVR#?secret=WtsTyo05te\" data-secret=\"WtsTyo05te\" width=\"600\" height=\"338\" frameborder=\"0\" marginwidth=\"0\" marginheight=\"0\" scrolling=\"no\"><\/iframe>\n<\/div><\/figure>\n","protected":false},"excerpt":{"rendered":"<p>El diputado nacional y presidente de La Libertad Avanza, Adri\u00e1n Ravier, volvi\u00f3 a lanzar una \u201cfake news\u201d sobre las viviendas sociales que entrega el Instituto Provincial Aut\u00e1rquico de Vivienda (Ipav):&hellip;<\/p>\n","protected":false},"author":3,"featured_media":269914,"comment_status":"closed","ping_status":"open","sticky":false,"template":"","format":"standard","meta":{"_acf_changed":false,"footnotes":""},"categories":[1,12],"tags":[],"class_list":["post-322003","post","type-post","status-publish","format-standard","has-post-thumbnail","hentry","category-es-noticia","category-sociedad"],"acf":[],"yoast_head":"<!-- This site is optimized with the Yoast SEO plugin v27.5 - https:\/\/yoast.com\/product\/yoast-seo-wordpress\/ -->\n<title>Ravier lanz\u00f3 otra \u201cfake\u201d sobre las casas sociales y la titular del Ipav lo cruz\u00f3 - Diario Textual<\/title>\n<meta name=\"robots\" content=\"index, follow, max-snippet:-1, max-image-preview:large, max-video-preview:-1\" \/>\n<link rel=\"canonical\" href=\"https:\/\/diariotextual.com\/inicio\/index.php\/2026\/03\/11\/ravier-lanzo-otra-fake-sobre-las-casas-sociales-y-la-titular-del-ipav-lo-cruzo\/\" \/>\n<meta property=\"og:locale\" content=\"es_ES\" \/>\n<meta property=\"og:type\" content=\"article\" \/>\n<meta property=\"og:title\" content=\"Ravier lanz\u00f3 otra \u201cfake\u201d sobre las casas sociales y la titular del Ipav lo cruz\u00f3 - Diario Textual\" \/>\n<meta property=\"og:description\" content=\"El diputado nacional y presidente de La Libertad Avanza, Adri\u00e1n Ravier, volvi\u00f3 a lanzar una \u201cfake news\u201d sobre las viviendas sociales que entrega el Instituto Provincial Aut\u00e1rquico de Vivienda (Ipav):&hellip;\" \/>\n<meta property=\"og:url\" content=\"https:\/\/diariotextual.com\/inicio\/index.php\/2026\/03\/11\/ravier-lanzo-otra-fake-sobre-las-casas-sociales-y-la-titular-del-ipav-lo-cruzo\/\" \/>\n<meta property=\"og:site_name\" content=\"Diario Textual\" \/>\n<meta property=\"article:publisher\" content=\"https:\/\/www.facebook.com\/eltextual\" \/>\n<meta property=\"article:published_time\" content=\"2026-03-12T01:51:07+00:00\" \/>\n<meta property=\"article:modified_time\" content=\"2026-03-12T02:10:46+00:00\" \/>\n<meta property=\"og:image\" content=\"https:\/\/diariotextual.com\/inicio\/wp-content\/uploads\/2024\/07\/riboyraipav20248990.jpg\" \/>\n\t<meta property=\"og:image:width\" content=\"1440\" \/>\n\t<meta property=\"og:image:height\" content=\"961\" \/>\n\t<meta property=\"og:image:type\" content=\"image\/jpeg\" \/>\n<meta name=\"author\" content=\"Diario1 Diario1\" \/>\n<meta name=\"twitter:card\" content=\"summary_large_image\" \/>\n<meta name=\"twitter:creator\" content=\"@eltextual\" \/>\n<meta name=\"twitter:site\" content=\"@eltextual\" \/>\n<meta name=\"twitter:label1\" content=\"Escrito por\" \/>\n\t<meta name=\"twitter:data1\" content=\"Diario1 Diario1\" \/>\n\t<meta name=\"twitter:label2\" content=\"Tiempo de lectura\" \/>\n\t<meta name=\"twitter:data2\" content=\"3 minutos\" \/>\n<script type=\"application\/ld+json\" class=\"yoast-schema-graph\">{\"@context\":\"https:\\\/\\\/schema.org\",\"@graph\":[{\"@type\":\"Article\",\"@id\":\"https:\\\/\\\/diariotextual.com\\\/inicio\\\/index.php\\\/2026\\\/03\\\/11\\\/ravier-lanzo-otra-fake-sobre-las-casas-sociales-y-la-titular-del-ipav-lo-cruzo\\\/#article\",\"isPartOf\":{\"@id\":\"https:\\\/\\\/diariotextual.com\\\/inicio\\\/index.php\\\/2026\\\/03\\\/11\\\/ravier-lanzo-otra-fake-sobre-las-casas-sociales-y-la-titular-del-ipav-lo-cruzo\\\/\"},\"author\":{\"name\":\"Diario1 Diario1\",\"@id\":\"https:\\\/\\\/diariotextual.com\\\/inicio\\\/#\\\/schema\\\/person\\\/418fc4093c33e86ed41562db3508f958\"},\"headline\":\"Ravier lanz\u00f3 otra \u201cfake\u201d sobre las casas sociales y la titular del Ipav lo cruz\u00f3\",\"datePublished\":\"2026-03-12T01:51:07+00:00\",\"dateModified\":\"2026-03-12T02:10:46+00:00\",\"mainEntityOfPage\":{\"@id\":\"https:\\\/\\\/diariotextual.com\\\/inicio\\\/index.php\\\/2026\\\/03\\\/11\\\/ravier-lanzo-otra-fake-sobre-las-casas-sociales-y-la-titular-del-ipav-lo-cruzo\\\/\"},\"wordCount\":451,\"publisher\":{\"@id\":\"https:\\\/\\\/diariotextual.com\\\/inicio\\\/#organization\"},\"image\":{\"@id\":\"https:\\\/\\\/diariotextual.com\\\/inicio\\\/index.php\\\/2026\\\/03\\\/11\\\/ravier-lanzo-otra-fake-sobre-las-casas-sociales-y-la-titular-del-ipav-lo-cruzo\\\/#primaryimage\"},\"thumbnailUrl\":\"https:\\\/\\\/diariotextual.com\\\/inicio\\\/wp-content\\\/uploads\\\/2024\\\/07\\\/riboyraipav20248990.jpg\",\"articleSection\":[\"A - ES NOTICIA (van abajo)\",\"SOCIEDAD\"],\"inLanguage\":\"es\"},{\"@type\":\"WebPage\",\"@id\":\"https:\\\/\\\/diariotextual.com\\\/inicio\\\/index.php\\\/2026\\\/03\\\/11\\\/ravier-lanzo-otra-fake-sobre-las-casas-sociales-y-la-titular-del-ipav-lo-cruzo\\\/\",\"url\":\"https:\\\/\\\/diariotextual.com\\\/inicio\\\/index.php\\\/2026\\\/03\\\/11\\\/ravier-lanzo-otra-fake-sobre-las-casas-sociales-y-la-titular-del-ipav-lo-cruzo\\\/\",\"name\":\"Ravier lanz\u00f3 otra \u201cfake\u201d sobre las casas sociales y la titular del Ipav lo cruz\u00f3 - Diario Textual\",\"isPartOf\":{\"@id\":\"https:\\\/\\\/diariotextual.com\\\/inicio\\\/#website\"},\"primaryImageOfPage\":{\"@id\":\"https:\\\/\\\/diariotextual.com\\\/inicio\\\/index.php\\\/2026\\\/03\\\/11\\\/ravier-lanzo-otra-fake-sobre-las-casas-sociales-y-la-titular-del-ipav-lo-cruzo\\\/#primaryimage\"},\"image\":{\"@id\":\"https:\\\/\\\/diariotextual.com\\\/inicio\\\/index.php\\\/2026\\\/03\\\/11\\\/ravier-lanzo-otra-fake-sobre-las-casas-sociales-y-la-titular-del-ipav-lo-cruzo\\\/#primaryimage\"},\"thumbnailUrl\":\"https:\\\/\\\/diariotextual.com\\\/inicio\\\/wp-content\\\/uploads\\\/2024\\\/07\\\/riboyraipav20248990.jpg\",\"datePublished\":\"2026-03-12T01:51:07+00:00\",\"dateModified\":\"2026-03-12T02:10:46+00:00\",\"breadcrumb\":{\"@id\":\"https:\\\/\\\/diariotextual.com\\\/inicio\\\/index.php\\\/2026\\\/03\\\/11\\\/ravier-lanzo-otra-fake-sobre-las-casas-sociales-y-la-titular-del-ipav-lo-cruzo\\\/#breadcrumb\"},\"inLanguage\":\"es\",\"potentialAction\":[{\"@type\":\"ReadAction\",\"target\":[\"https:\\\/\\\/diariotextual.com\\\/inicio\\\/index.php\\\/2026\\\/03\\\/11\\\/ravier-lanzo-otra-fake-sobre-las-casas-sociales-y-la-titular-del-ipav-lo-cruzo\\\/\"]}]},{\"@type\":\"ImageObject\",\"inLanguage\":\"es\",\"@id\":\"https:\\\/\\\/diariotextual.com\\\/inicio\\\/index.php\\\/2026\\\/03\\\/11\\\/ravier-lanzo-otra-fake-sobre-las-casas-sociales-y-la-titular-del-ipav-lo-cruzo\\\/#primaryimage\",\"url\":\"https:\\\/\\\/diariotextual.com\\\/inicio\\\/wp-content\\\/uploads\\\/2024\\\/07\\\/riboyraipav20248990.jpg\",\"contentUrl\":\"https:\\\/\\\/diariotextual.com\\\/inicio\\\/wp-content\\\/uploads\\\/2024\\\/07\\\/riboyraipav20248990.jpg\",\"width\":1440,\"height\":961},{\"@type\":\"BreadcrumbList\",\"@id\":\"https:\\\/\\\/diariotextual.com\\\/inicio\\\/index.php\\\/2026\\\/03\\\/11\\\/ravier-lanzo-otra-fake-sobre-las-casas-sociales-y-la-titular-del-ipav-lo-cruzo\\\/#breadcrumb\",\"itemListElement\":[{\"@type\":\"ListItem\",\"position\":1,\"name\":\"Portada\",\"item\":\"https:\\\/\\\/diariotextual.com\\\/inicio\\\/\"},{\"@type\":\"ListItem\",\"position\":2,\"name\":\"Ravier lanz\u00f3 otra \u201cfake\u201d sobre las casas sociales y la titular del Ipav lo cruz\u00f3\"}]},{\"@type\":\"WebSite\",\"@id\":\"https:\\\/\\\/diariotextual.com\\\/inicio\\\/#website\",\"url\":\"https:\\\/\\\/diariotextual.com\\\/inicio\\\/\",\"name\":\"Diario Textual\",\"description\":\"\",\"publisher\":{\"@id\":\"https:\\\/\\\/diariotextual.com\\\/inicio\\\/#organization\"},\"potentialAction\":[{\"@type\":\"SearchAction\",\"target\":{\"@type\":\"EntryPoint\",\"urlTemplate\":\"https:\\\/\\\/diariotextual.com\\\/inicio\\\/?s={search_term_string}\"},\"query-input\":{\"@type\":\"PropertyValueSpecification\",\"valueRequired\":true,\"valueName\":\"search_term_string\"}}],\"inLanguage\":\"es\"},{\"@type\":\"Organization\",\"@id\":\"https:\\\/\\\/diariotextual.com\\\/inicio\\\/#organization\",\"name\":\"Diario Textual\",\"url\":\"https:\\\/\\\/diariotextual.com\\\/inicio\\\/\",\"logo\":{\"@type\":\"ImageObject\",\"inLanguage\":\"es\",\"@id\":\"https:\\\/\\\/diariotextual.com\\\/inicio\\\/#\\\/schema\\\/logo\\\/image\\\/\",\"url\":\"https:\\\/\\\/diariotextual.com\\\/inicio\\\/wp-content\\\/uploads\\\/2023\\\/05\\\/logotextual1.jpg\",\"contentUrl\":\"https:\\\/\\\/diariotextual.com\\\/inicio\\\/wp-content\\\/uploads\\\/2023\\\/05\\\/logotextual1.jpg\",\"width\":516,\"height\":76,\"caption\":\"Diario Textual\"},\"image\":{\"@id\":\"https:\\\/\\\/diariotextual.com\\\/inicio\\\/#\\\/schema\\\/logo\\\/image\\\/\"},\"sameAs\":[\"https:\\\/\\\/www.facebook.com\\\/eltextual\",\"https:\\\/\\\/x.com\\\/eltextual\",\"http:\\\/\\\/www.instagram.com\\\/eltextual\"]},{\"@type\":\"Person\",\"@id\":\"https:\\\/\\\/diariotextual.com\\\/inicio\\\/#\\\/schema\\\/person\\\/418fc4093c33e86ed41562db3508f958\",\"name\":\"Diario1 Diario1\",\"image\":{\"@type\":\"ImageObject\",\"inLanguage\":\"es\",\"@id\":\"https:\\\/\\\/secure.gravatar.com\\\/avatar\\\/9167d280179c85bc18be67aa7eda765854300033af4896dd779b608640f2ef7a?s=96&d=mm&r=g\",\"url\":\"https:\\\/\\\/secure.gravatar.com\\\/avatar\\\/9167d280179c85bc18be67aa7eda765854300033af4896dd779b608640f2ef7a?s=96&d=mm&r=g\",\"contentUrl\":\"https:\\\/\\\/secure.gravatar.com\\\/avatar\\\/9167d280179c85bc18be67aa7eda765854300033af4896dd779b608640f2ef7a?s=96&d=mm&r=g\",\"caption\":\"Diario1 Diario1\"},\"url\":\"https:\\\/\\\/diariotextual.com\\\/inicio\\\/index.php\\\/author\\\/diario1\\\/\"}]}<\/script>\n<!-- \/ Yoast SEO plugin. -->","yoast_head_json":{"title":"Ravier lanz\u00f3 otra \u201cfake\u201d sobre las casas sociales y la titular del Ipav lo cruz\u00f3 - Diario Textual","robots":{"index":"index","follow":"follow","max-snippet":"max-snippet:-1","max-image-preview":"max-image-preview:large","max-video-preview":"max-video-preview:-1"},"canonical":"https:\/\/diariotextual.com\/inicio\/index.php\/2026\/03\/11\/ravier-lanzo-otra-fake-sobre-las-casas-sociales-y-la-titular-del-ipav-lo-cruzo\/","og_locale":"es_ES","og_type":"article","og_title":"Ravier lanz\u00f3 otra \u201cfake\u201d sobre las casas sociales y la titular del Ipav lo cruz\u00f3 - Diario Textual","og_description":"El diputado nacional y presidente de La Libertad Avanza, Adri\u00e1n Ravier, volvi\u00f3 a lanzar una \u201cfake news\u201d sobre las viviendas sociales que entrega el Instituto Provincial Aut\u00e1rquico de Vivienda (Ipav):&hellip;","og_url":"https:\/\/diariotextual.com\/inicio\/index.php\/2026\/03\/11\/ravier-lanzo-otra-fake-sobre-las-casas-sociales-y-la-titular-del-ipav-lo-cruzo\/","og_site_name":"Diario Textual","article_publisher":"https:\/\/www.facebook.com\/eltextual","article_published_time":"2026-03-12T01:51:07+00:00","article_modified_time":"2026-03-12T02:10:46+00:00","og_image":[{"width":1440,"height":961,"url":"https:\/\/diariotextual.com\/inicio\/wp-content\/uploads\/2024\/07\/riboyraipav20248990.jpg","type":"image\/jpeg"}],"author":"Diario1 Diario1","twitter_card":"summary_large_image","twitter_creator":"@eltextual","twitter_site":"@eltextual","twitter_misc":{"Escrito por":"Diario1 Diario1","Tiempo de lectura":"3 minutos"},"schema":{"@context":"https:\/\/schema.org","@graph":[{"@type":"Article","@id":"https:\/\/diariotextual.com\/inicio\/index.php\/2026\/03\/11\/ravier-lanzo-otra-fake-sobre-las-casas-sociales-y-la-titular-del-ipav-lo-cruzo\/#article","isPartOf":{"@id":"https:\/\/diariotextual.com\/inicio\/index.php\/2026\/03\/11\/ravier-lanzo-otra-fake-sobre-las-casas-sociales-y-la-titular-del-ipav-lo-cruzo\/"},"author":{"name":"Diario1 Diario1","@id":"https:\/\/diariotextual.com\/inicio\/#\/schema\/person\/418fc4093c33e86ed41562db3508f958"},"headline":"Ravier lanz\u00f3 otra \u201cfake\u201d sobre las casas sociales y la titular del Ipav lo cruz\u00f3","datePublished":"2026-03-12T01:51:07+00:00","dateModified":"2026-03-12T02:10:46+00:00","mainEntityOfPage":{"@id":"https:\/\/diariotextual.com\/inicio\/index.php\/2026\/03\/11\/ravier-lanzo-otra-fake-sobre-las-casas-sociales-y-la-titular-del-ipav-lo-cruzo\/"},"wordCount":451,"publisher":{"@id":"https:\/\/diariotextual.com\/inicio\/#organization"},"image":{"@id":"https:\/\/diariotextual.com\/inicio\/index.php\/2026\/03\/11\/ravier-lanzo-otra-fake-sobre-las-casas-sociales-y-la-titular-del-ipav-lo-cruzo\/#primaryimage"},"thumbnailUrl":"https:\/\/diariotextual.com\/inicio\/wp-content\/uploads\/2024\/07\/riboyraipav20248990.jpg","articleSection":["A - ES NOTICIA (van abajo)","SOCIEDAD"],"inLanguage":"es"},{"@type":"WebPage","@id":"https:\/\/diariotextual.com\/inicio\/index.php\/2026\/03\/11\/ravier-lanzo-otra-fake-sobre-las-casas-sociales-y-la-titular-del-ipav-lo-cruzo\/","url":"https:\/\/diariotextual.com\/inicio\/index.php\/2026\/03\/11\/ravier-lanzo-otra-fake-sobre-las-casas-sociales-y-la-titular-del-ipav-lo-cruzo\/","name":"Ravier lanz\u00f3 otra \u201cfake\u201d sobre las casas sociales y la titular del Ipav lo cruz\u00f3 - Diario Textual","isPartOf":{"@id":"https:\/\/diariotextual.com\/inicio\/#website"},"primaryImageOfPage":{"@id":"https:\/\/diariotextual.com\/inicio\/index.php\/2026\/03\/11\/ravier-lanzo-otra-fake-sobre-las-casas-sociales-y-la-titular-del-ipav-lo-cruzo\/#primaryimage"},"image":{"@id":"https:\/\/diariotextual.com\/inicio\/index.php\/2026\/03\/11\/ravier-lanzo-otra-fake-sobre-las-casas-sociales-y-la-titular-del-ipav-lo-cruzo\/#primaryimage"},"thumbnailUrl":"https:\/\/diariotextual.com\/inicio\/wp-content\/uploads\/2024\/07\/riboyraipav20248990.jpg","datePublished":"2026-03-12T01:51:07+00:00","dateModified":"2026-03-12T02:10:46+00:00","breadcrumb":{"@id":"https:\/\/diariotextual.com\/inicio\/index.php\/2026\/03\/11\/ravier-lanzo-otra-fake-sobre-las-casas-sociales-y-la-titular-del-ipav-lo-cruzo\/#breadcrumb"},"inLanguage":"es","potentialAction":[{"@type":"ReadAction","target":["https:\/\/diariotextual.com\/inicio\/index.php\/2026\/03\/11\/ravier-lanzo-otra-fake-sobre-las-casas-sociales-y-la-titular-del-ipav-lo-cruzo\/"]}]},{"@type":"ImageObject","inLanguage":"es","@id":"https:\/\/diariotextual.com\/inicio\/index.php\/2026\/03\/11\/ravier-lanzo-otra-fake-sobre-las-casas-sociales-y-la-titular-del-ipav-lo-cruzo\/#primaryimage","url":"https:\/\/diariotextual.com\/inicio\/wp-content\/uploads\/2024\/07\/riboyraipav20248990.jpg","contentUrl":"https:\/\/diariotextual.com\/inicio\/wp-content\/uploads\/2024\/07\/riboyraipav20248990.jpg","width":1440,"height":961},{"@type":"BreadcrumbList","@id":"https:\/\/diariotextual.com\/inicio\/index.php\/2026\/03\/11\/ravier-lanzo-otra-fake-sobre-las-casas-sociales-y-la-titular-del-ipav-lo-cruzo\/#breadcrumb","itemListElement":[{"@type":"ListItem","position":1,"name":"Portada","item":"https:\/\/diariotextual.com\/inicio\/"},{"@type":"ListItem","position":2,"name":"Ravier lanz\u00f3 otra \u201cfake\u201d sobre las casas sociales y la titular del Ipav lo cruz\u00f3"}]},{"@type":"WebSite","@id":"https:\/\/diariotextual.com\/inicio\/#website","url":"https:\/\/diariotextual.com\/inicio\/","name":"Diario Textual","description":"","publisher":{"@id":"https:\/\/diariotextual.com\/inicio\/#organization"},"potentialAction":[{"@type":"SearchAction","target":{"@type":"EntryPoint","urlTemplate":"https:\/\/diariotextual.com\/inicio\/?s={search_term_string}"},"query-input":{"@type":"PropertyValueSpecification","valueRequired":true,"valueName":"search_term_string"}}],"inLanguage":"es"},{"@type":"Organization","@id":"https:\/\/diariotextual.com\/inicio\/#organization","name":"Diario Textual","url":"https:\/\/diariotextual.com\/inicio\/","logo":{"@type":"ImageObject","inLanguage":"es","@id":"https:\/\/diariotextual.com\/inicio\/#\/schema\/logo\/image\/","url":"https:\/\/diariotextual.com\/inicio\/wp-content\/uploads\/2023\/05\/logotextual1.jpg","contentUrl":"https:\/\/diariotextual.com\/inicio\/wp-content\/uploads\/2023\/05\/logotextual1.jpg","width":516,"height":76,"caption":"Diario Textual"},"image":{"@id":"https:\/\/diariotextual.com\/inicio\/#\/schema\/logo\/image\/"},"sameAs":["https:\/\/www.facebook.com\/eltextual","https:\/\/x.com\/eltextual","http:\/\/www.instagram.com\/eltextual"]},{"@type":"Person","@id":"https:\/\/diariotextual.com\/inicio\/#\/schema\/person\/418fc4093c33e86ed41562db3508f958","name":"Diario1 Diario1","image":{"@type":"ImageObject","inLanguage":"es","@id":"https:\/\/secure.gravatar.com\/avatar\/9167d280179c85bc18be67aa7eda765854300033af4896dd779b608640f2ef7a?s=96&d=mm&r=g","url":"https:\/\/secure.gravatar.com\/avatar\/9167d280179c85bc18be67aa7eda765854300033af4896dd779b608640f2ef7a?s=96&d=mm&r=g","contentUrl":"https:\/\/secure.gravatar.com\/avatar\/9167d280179c85bc18be67aa7eda765854300033af4896dd779b608640f2ef7a?s=96&d=mm&r=g","caption":"Diario1 Diario1"},"url":"https:\/\/diariotextual.com\/inicio\/index.php\/author\/diario1\/"}]}},"_links":{"self":[{"href":"https:\/\/diariotextual.com\/inicio\/index.php\/wp-json\/wp\/v2\/posts\/322003","targetHints":{"allow":["GET"]}}],"collection":[{"href":"https:\/\/diariotextual.com\/inicio\/index.php\/wp-json\/wp\/v2\/posts"}],"about":[{"href":"https:\/\/diariotextual.com\/inicio\/index.php\/wp-json\/wp\/v2\/types\/post"}],"author":[{"embeddable":true,"href":"https:\/\/diariotextual.com\/inicio\/index.php\/wp-json\/wp\/v2\/users\/3"}],"replies":[{"embeddable":true,"href":"https:\/\/diariotextual.com\/inicio\/index.php\/wp-json\/wp\/v2\/comments?post=322003"}],"version-history":[{"count":1,"href":"https:\/\/diariotextual.com\/inicio\/index.php\/wp-json\/wp\/v2\/posts\/322003\/revisions"}],"predecessor-version":[{"id":322004,"href":"https:\/\/diariotextual.com\/inicio\/index.php\/wp-json\/wp\/v2\/posts\/322003\/revisions\/322004"}],"wp:featuredmedia":[{"embeddable":true,"href":"https:\/\/diariotextual.com\/inicio\/index.php\/wp-json\/wp\/v2\/media\/269914"}],"wp:attachment":[{"href":"https:\/\/diariotextual.com\/inicio\/index.php\/wp-json\/wp\/v2\/media?parent=322003"}],"wp:term":[{"taxonomy":"category","embeddable":true,"href":"https:\/\/diariotextual.com\/inicio\/index.php\/wp-json\/wp\/v2\/categories?post=322003"},{"taxonomy":"post_tag","embeddable":true,"href":"https:\/\/diariotextual.com\/inicio\/index.php\/wp-json\/wp\/v2\/tags?post=322003"}],"curies":[{"name":"wp","href":"https:\/\/api.w.org\/{rel}","templated":true}]}}