{"id":322005,"date":"2026-03-11T23:48:40","date_gmt":"2026-03-12T02:48:40","guid":{"rendered":"https:\/\/diariotextual.com\/inicio\/?p=322005"},"modified":"2026-03-12T05:43:45","modified_gmt":"2026-03-12T08:43:45","slug":"la-rosa-y-verde-hablo-de-decisiones-erraticas-de-utelpa-y-critico-el-portazo-en-la-paritaria","status":"publish","type":"post","link":"https:\/\/diariotextual.com\/inicio\/index.php\/2026\/03\/11\/la-rosa-y-verde-hablo-de-decisiones-erraticas-de-utelpa-y-critico-el-portazo-en-la-paritaria\/","title":{"rendered":"La oposici\u00f3n de la Rosa y Verde habl\u00f3 de decisiones \u201cerr\u00e1ticas\u201d de Utelpa y critic\u00f3 el portazo en la paritaria"},"content":{"rendered":"\n<p>La <strong>Agrupaci\u00f3n Rosa y Verde<\/strong> cuestion\u00f3 a la conducci\u00f3n provincial de la <strong>Uni\u00f3n de Trabajadores de la Educaci\u00f3n de La Pampa (Utelpa)<\/strong> por haber tenido posiciones \u201cerr\u00e1ticas\u201d en la discusi\u00f3n salarial docente y critic\u00f3 especialmente la decisi\u00f3n de retirarse de la mesa paritaria en la que se negociaban salarios y condiciones laborales con el Poder Ejecutivo.<\/p>\n\n\n\n<p>El planteo surgi\u00f3 luego de que la conducci\u00f3n del sindicato pidiera reabrir la negociaci\u00f3n con el Gobierno provincial. El pedido se produjo luego del portazo del pasado 23 de febrero, que deriv\u00f3 en el paro docente del 2 de marzo.<\/p>\n\n\n\n<p>Sin embargo, el Poder Ejecutivo reabri\u00f3 este mi\u00e9rcoles la negociaci\u00f3n solo con la <strong>Mesa Intersindical<\/strong>, con la que finalmente cerr\u00f3 un acuerdo salarial para el primer trimestre del a\u00f1o. La propuesta oficial, que fue aceptada por los sindicatos estatales, establece un <strong>aumento del 6,4 % desde el 1 de marzo, remunerativo y bonificable<\/strong>. Ese porcentaje se compone de un <strong>2,9 % correspondiente al IPC estimado de febrero<\/strong>, un <strong>1,5 % como anticipo del IPC de marzo<\/strong> y un <strong>2 % adicional en concepto de recomposici\u00f3n salarial<\/strong>. Adem\u00e1s, desde el <strong>1 de abril<\/strong> se aplicar\u00e1 una <strong>cl\u00e1usula gatillo trimestral<\/strong>, que completar\u00e1 el \u00edndice de inflaci\u00f3n de marzo y garantizar\u00e1 un <strong>incremento real del 2 % durante el trimestre<\/strong>.<\/p>\n\n\n\n<figure class=\"wp-block-embed is-type-wp-embed is-provider-diario-textual wp-block-embed-diario-textual\"><div class=\"wp-block-embed__wrapper\">\n<blockquote class=\"wp-embedded-content\" data-secret=\"dPI8jLvIrr\"><a href=\"https:\/\/diariotextual.com\/inicio\/index.php\/2026\/03\/11\/se-postergo-para-el-miercoles-11-la-paritaria-con-la-intersindical-y-se-espera-una-mejora-de-la-oferta\/\">El Gobierno ampli\u00f3 la oferta salarial y hubo acuerdo con la Intersindical<\/a><\/blockquote><iframe class=\"wp-embedded-content\" sandbox=\"allow-scripts\" security=\"restricted\" style=\"position: absolute; visibility: hidden;\" title=\"\u00abEl Gobierno ampli\u00f3 la oferta salarial y hubo acuerdo con la Intersindical\u00bb \u2014 Diario Textual\" src=\"https:\/\/diariotextual.com\/inicio\/index.php\/2026\/03\/11\/se-postergo-para-el-miercoles-11-la-paritaria-con-la-intersindical-y-se-espera-una-mejora-de-la-oferta\/embed\/#?secret=rMqlN6KKc6#?secret=dPI8jLvIrr\" data-secret=\"dPI8jLvIrr\" width=\"600\" height=\"338\" frameborder=\"0\" marginwidth=\"0\" marginheight=\"0\" scrolling=\"no\"><\/iframe>\n<\/div><\/figure>\n\n\n\n<div style=\"height:100px\" aria-hidden=\"true\" class=\"wp-block-spacer\"><\/div>\n\n\n\n<p><strong>Cr\u00edticas a la conducci\u00f3n gremial<\/strong><\/p>\n\n\n\n<p>En un comunicado, la agrupaci\u00f3n interna del sindicato docente sostuvo que el di\u00e1logo \u201cno puede ser solamente una palabra en un comunicado\u201d y reclam\u00f3 cambios en la conducci\u00f3n del gremio. \u201cEl di\u00e1logo se construye con hechos y empieza por casa\u201d, se\u00f1alaron.<\/p>\n\n\n\n<p>Desde la <strong>Rosa y Verde<\/strong> afirmaron que la conducci\u00f3n provincial de la <strong>Celeste Violeta<\/strong> debe reconocer que la realidad gremial cambi\u00f3 y que ya no existe la hegemon\u00eda que durante a\u00f1os mantuvo dentro de la <strong>Utelpa<\/strong>.<\/p>\n\n\n\n<p>Seg\u00fan indicaron, la agrupaci\u00f3n cuenta actualmente con representaci\u00f3n en el colectivo docente tanto en <strong>Santa Rosa<\/strong> como en distintas localidades del interior provincial, legitimada en las urnas en las \u00faltimas elecciones sindicales.<\/p>\n\n\n\n<p>Tambi\u00e9n sostuvieron que su presencia se construye con trabajo territorial y contacto directo con docentes en las escuelas, lo que -seg\u00fan afirmaron- les permite conocer de primera mano las dificultades que atraviesan quienes sostienen el sistema educativo.<\/p>\n\n\n\n<div style=\"height:100px\" aria-hidden=\"true\" class=\"wp-block-spacer\"><\/div>\n\n\n\n<p><strong>El debate por la estrategia paritaria<\/strong><\/p>\n\n\n\n<p>La agrupaci\u00f3n cuestion\u00f3 adem\u00e1s la decisi\u00f3n de abandonar la negociaci\u00f3n paritaria. Afirm\u00f3 que, antes de que se produjera el retiro de la mesa, le plantearon a la secretaria general del gremio que lo m\u00e1s conveniente era sostener la negociaci\u00f3n con el Ejecutivo.<\/p>\n\n\n\n<p>\u201cDesde nuestra agrupaci\u00f3n fuimos claros antes de que se produjera el retiro de la mesa paritaria: le manifestamos a nuestra Secretaria General que era conveniente sostener la negociaci\u00f3n. No lo hicimos para especular pol\u00edticamente, sino porque entend\u00edamos que en el contexto econ\u00f3mico actual abandonar la mesa pod\u00eda debilitar la posici\u00f3n de la docencia\u201d, dijeron. \u201cLos hechos de las \u00faltimas horas parecen confirmarlo. Mientras UTELPa se retiraba de la negociaci\u00f3n, la Mesa Intersindical continu\u00f3 el di\u00e1logo con el Ejecutivo provincial y hoy analiza una propuesta salarial que podr\u00eda llevar el ingreso de los trabajadores estatales por encima del mill\u00f3n doscientos mil pesos y cerca de un mill\u00f3n cuatrocientos mil para quienes tienen grupo familiar\u201d.<\/p>\n\n\n\n<p>\u201cNo se trata de caranchear ninguna situaci\u00f3n. Compartimos plenamente el diagn\u00f3stico sobre la p\u00e9rdida del poder adquisitivo, el endeudamiento creciente de las familias docentes y la preocupaci\u00f3n por posibles retrocesos en derechos estatutarios. Esa es la realidad que escuchamos todos los d\u00edas en las escuelas\u201d, expresaron.<\/p>\n\n\n\n<p>\u201cJustamente por eso creemos que es momento de actuar con responsabilidad. No queremos que UTELPa se siga debilitando. Nuestro gremio debe fortalecerse porque todos somos trabajadores y vivimos de nuestro salario. Y solo con un sindicato fuerte, representativo y unido ser\u00e1 posible defender con firmeza los derechos de la docencia pampeana\u201d, resaltaron.<\/p>\n\n\n\n<p>\u201cPor eso insistimos en algo fundamental: el di\u00e1logo debe ser genuino, amplio y representativo. No puede limitarse a declaraciones formales ni a una conducci\u00f3n cada vez m\u00e1s medi\u00e1tica y alejada de las bases\u201d, agregaron.<\/p>\n\n\n\n<p>Seg\u00fan se\u00f1alaron, la salida de la mesa paritaria termin\u00f3 debilitando la posici\u00f3n del sindicato docente en medio de un contexto econ\u00f3mico complejo. \u201cLa docencia pampeana tambi\u00e9n sabe que, tras las elecciones de septiembre, la conducci\u00f3n de la Celeste Violeta qued\u00f3 pol\u00edticamente debilitada\u201d, sostuvieron, al tiempo que vincularon esa situaci\u00f3n con lo que calificaron como decisiones err\u00e1ticas durante el proceso paritario.<\/p>\n\n\n\n<p><\/p>\n\n\n\n<p><\/p>\n\n\n\n<div style=\"height:100px\" aria-hidden=\"true\" class=\"wp-block-spacer\"><\/div>\n\n\n\n<p><strong>Pedido de fortalecimiento del gremio<\/strong><\/p>\n\n\n\n<p>Desde la <strong>Agrupaci\u00f3n Rosa y Verde<\/strong> aclararon que sus cuestionamientos no buscan \u201ccaranchear ninguna situaci\u00f3n\u201d, pero insistieron en que el sindicato docente necesita fortalecerse para defender los derechos laborales.<\/p>\n\n\n\n<p>En ese sentido, se\u00f1alaron que comparten el diagn\u00f3stico sobre la <strong>p\u00e9rdida del poder adquisitivo<\/strong>, el <strong>endeudamiento de las familias docentes<\/strong> y la preocupaci\u00f3n por posibles retrocesos en derechos estatutarios.<\/p>\n\n\n\n<p>Por eso reclamaron que el di\u00e1logo interno dentro de la <strong>Utelpa<\/strong> sea genuino, amplio y representativo.<\/p>\n\n\n\n<p>\u201cLa docencia pampeana habl\u00f3 en las urnas y ese mensaje debe ser escuchado\u201d, concluyeron.<\/p>\n\n\n\n<p><\/p>\n","protected":false},"excerpt":{"rendered":"<p>La Agrupaci\u00f3n Rosa y Verde cuestion\u00f3 a la conducci\u00f3n provincial de la Uni\u00f3n de Trabajadores de la Educaci\u00f3n de La Pampa (Utelpa) por haber tenido posiciones \u201cerr\u00e1ticas\u201d en la discusi\u00f3n&hellip;<\/p>\n","protected":false},"author":3,"featured_media":314599,"comment_status":"closed","ping_status":"open","sticky":false,"template":"","format":"standard","meta":{"_acf_changed":false,"footnotes":""},"categories":[1,11,8],"tags":[],"class_list":["post-322005","post","type-post","status-publish","format-standard","has-post-thumbnail","hentry","category-es-noticia","category-que-pasa","category-politica"],"acf":[],"yoast_head":"<!-- This site is optimized with the Yoast SEO plugin v27.5 - https:\/\/yoast.com\/product\/yoast-seo-wordpress\/ -->\n<title>La oposici\u00f3n de la Rosa y Verde habl\u00f3 de decisiones \u201cerr\u00e1ticas\u201d de Utelpa y critic\u00f3 el portazo en la paritaria - Diario Textual<\/title>\n<meta name=\"robots\" content=\"index, follow, max-snippet:-1, max-image-preview:large, max-video-preview:-1\" \/>\n<link rel=\"canonical\" href=\"https:\/\/diariotextual.com\/inicio\/index.php\/2026\/03\/11\/la-rosa-y-verde-hablo-de-decisiones-erraticas-de-utelpa-y-critico-el-portazo-en-la-paritaria\/\" \/>\n<meta property=\"og:locale\" content=\"es_ES\" \/>\n<meta property=\"og:type\" content=\"article\" \/>\n<meta property=\"og:title\" content=\"La oposici\u00f3n de la Rosa y Verde habl\u00f3 de decisiones \u201cerr\u00e1ticas\u201d de Utelpa y critic\u00f3 el portazo en la paritaria - Diario Textual\" \/>\n<meta property=\"og:description\" content=\"La Agrupaci\u00f3n Rosa y Verde cuestion\u00f3 a la conducci\u00f3n provincial de la Uni\u00f3n de Trabajadores de la Educaci\u00f3n de La Pampa (Utelpa) por haber tenido posiciones \u201cerr\u00e1ticas\u201d en la discusi\u00f3n&hellip;\" \/>\n<meta property=\"og:url\" content=\"https:\/\/diariotextual.com\/inicio\/index.php\/2026\/03\/11\/la-rosa-y-verde-hablo-de-decisiones-erraticas-de-utelpa-y-critico-el-portazo-en-la-paritaria\/\" \/>\n<meta property=\"og:site_name\" content=\"Diario Textual\" \/>\n<meta property=\"article:publisher\" content=\"https:\/\/www.facebook.com\/eltextual\" \/>\n<meta property=\"article:published_time\" content=\"2026-03-12T02:48:40+00:00\" \/>\n<meta property=\"article:modified_time\" content=\"2026-03-12T08:43:45+00:00\" \/>\n<meta property=\"og:image\" content=\"https:\/\/diariotextual.com\/inicio\/wp-content\/uploads\/2025\/12\/utelpamanifestacionparoutelpa4diciembre2025-2.jpg\" \/>\n\t<meta property=\"og:image:width\" content=\"1179\" \/>\n\t<meta property=\"og:image:height\" content=\"705\" \/>\n\t<meta property=\"og:image:type\" content=\"image\/jpeg\" \/>\n<meta name=\"author\" content=\"Diario1 Diario1\" \/>\n<meta name=\"twitter:card\" content=\"summary_large_image\" \/>\n<meta name=\"twitter:creator\" content=\"@eltextual\" \/>\n<meta name=\"twitter:site\" content=\"@eltextual\" \/>\n<meta name=\"twitter:label1\" content=\"Escrito por\" \/>\n\t<meta name=\"twitter:data1\" content=\"Diario1 Diario1\" \/>\n\t<meta name=\"twitter:label2\" content=\"Tiempo de lectura\" \/>\n\t<meta name=\"twitter:data2\" content=\"4 minutos\" \/>\n<script type=\"application\/ld+json\" class=\"yoast-schema-graph\">{\"@context\":\"https:\\\/\\\/schema.org\",\"@graph\":[{\"@type\":\"Article\",\"@id\":\"https:\\\/\\\/diariotextual.com\\\/inicio\\\/index.php\\\/2026\\\/03\\\/11\\\/la-rosa-y-verde-hablo-de-decisiones-erraticas-de-utelpa-y-critico-el-portazo-en-la-paritaria\\\/#article\",\"isPartOf\":{\"@id\":\"https:\\\/\\\/diariotextual.com\\\/inicio\\\/index.php\\\/2026\\\/03\\\/11\\\/la-rosa-y-verde-hablo-de-decisiones-erraticas-de-utelpa-y-critico-el-portazo-en-la-paritaria\\\/\"},\"author\":{\"name\":\"Diario1 Diario1\",\"@id\":\"https:\\\/\\\/diariotextual.com\\\/inicio\\\/#\\\/schema\\\/person\\\/418fc4093c33e86ed41562db3508f958\"},\"headline\":\"La oposici\u00f3n de la Rosa y Verde habl\u00f3 de decisiones \u201cerr\u00e1ticas\u201d de Utelpa y critic\u00f3 el portazo en la paritaria\",\"datePublished\":\"2026-03-12T02:48:40+00:00\",\"dateModified\":\"2026-03-12T08:43:45+00:00\",\"mainEntityOfPage\":{\"@id\":\"https:\\\/\\\/diariotextual.com\\\/inicio\\\/index.php\\\/2026\\\/03\\\/11\\\/la-rosa-y-verde-hablo-de-decisiones-erraticas-de-utelpa-y-critico-el-portazo-en-la-paritaria\\\/\"},\"wordCount\":900,\"publisher\":{\"@id\":\"https:\\\/\\\/diariotextual.com\\\/inicio\\\/#organization\"},\"image\":{\"@id\":\"https:\\\/\\\/diariotextual.com\\\/inicio\\\/index.php\\\/2026\\\/03\\\/11\\\/la-rosa-y-verde-hablo-de-decisiones-erraticas-de-utelpa-y-critico-el-portazo-en-la-paritaria\\\/#primaryimage\"},\"thumbnailUrl\":\"https:\\\/\\\/diariotextual.com\\\/inicio\\\/wp-content\\\/uploads\\\/2025\\\/12\\\/utelpamanifestacionparoutelpa4diciembre2025-2.jpg\",\"articleSection\":[\"A - ES NOTICIA (van abajo)\",\"A - QUE PASA (al costado)\",\"POLITICA\"],\"inLanguage\":\"es\"},{\"@type\":\"WebPage\",\"@id\":\"https:\\\/\\\/diariotextual.com\\\/inicio\\\/index.php\\\/2026\\\/03\\\/11\\\/la-rosa-y-verde-hablo-de-decisiones-erraticas-de-utelpa-y-critico-el-portazo-en-la-paritaria\\\/\",\"url\":\"https:\\\/\\\/diariotextual.com\\\/inicio\\\/index.php\\\/2026\\\/03\\\/11\\\/la-rosa-y-verde-hablo-de-decisiones-erraticas-de-utelpa-y-critico-el-portazo-en-la-paritaria\\\/\",\"name\":\"La oposici\u00f3n de la Rosa y Verde habl\u00f3 de decisiones \u201cerr\u00e1ticas\u201d de Utelpa y critic\u00f3 el portazo en la paritaria - Diario Textual\",\"isPartOf\":{\"@id\":\"https:\\\/\\\/diariotextual.com\\\/inicio\\\/#website\"},\"primaryImageOfPage\":{\"@id\":\"https:\\\/\\\/diariotextual.com\\\/inicio\\\/index.php\\\/2026\\\/03\\\/11\\\/la-rosa-y-verde-hablo-de-decisiones-erraticas-de-utelpa-y-critico-el-portazo-en-la-paritaria\\\/#primaryimage\"},\"image\":{\"@id\":\"https:\\\/\\\/diariotextual.com\\\/inicio\\\/index.php\\\/2026\\\/03\\\/11\\\/la-rosa-y-verde-hablo-de-decisiones-erraticas-de-utelpa-y-critico-el-portazo-en-la-paritaria\\\/#primaryimage\"},\"thumbnailUrl\":\"https:\\\/\\\/diariotextual.com\\\/inicio\\\/wp-content\\\/uploads\\\/2025\\\/12\\\/utelpamanifestacionparoutelpa4diciembre2025-2.jpg\",\"datePublished\":\"2026-03-12T02:48:40+00:00\",\"dateModified\":\"2026-03-12T08:43:45+00:00\",\"breadcrumb\":{\"@id\":\"https:\\\/\\\/diariotextual.com\\\/inicio\\\/index.php\\\/2026\\\/03\\\/11\\\/la-rosa-y-verde-hablo-de-decisiones-erraticas-de-utelpa-y-critico-el-portazo-en-la-paritaria\\\/#breadcrumb\"},\"inLanguage\":\"es\",\"potentialAction\":[{\"@type\":\"ReadAction\",\"target\":[\"https:\\\/\\\/diariotextual.com\\\/inicio\\\/index.php\\\/2026\\\/03\\\/11\\\/la-rosa-y-verde-hablo-de-decisiones-erraticas-de-utelpa-y-critico-el-portazo-en-la-paritaria\\\/\"]}]},{\"@type\":\"ImageObject\",\"inLanguage\":\"es\",\"@id\":\"https:\\\/\\\/diariotextual.com\\\/inicio\\\/index.php\\\/2026\\\/03\\\/11\\\/la-rosa-y-verde-hablo-de-decisiones-erraticas-de-utelpa-y-critico-el-portazo-en-la-paritaria\\\/#primaryimage\",\"url\":\"https:\\\/\\\/diariotextual.com\\\/inicio\\\/wp-content\\\/uploads\\\/2025\\\/12\\\/utelpamanifestacionparoutelpa4diciembre2025-2.jpg\",\"contentUrl\":\"https:\\\/\\\/diariotextual.com\\\/inicio\\\/wp-content\\\/uploads\\\/2025\\\/12\\\/utelpamanifestacionparoutelpa4diciembre2025-2.jpg\",\"width\":1179,\"height\":705},{\"@type\":\"BreadcrumbList\",\"@id\":\"https:\\\/\\\/diariotextual.com\\\/inicio\\\/index.php\\\/2026\\\/03\\\/11\\\/la-rosa-y-verde-hablo-de-decisiones-erraticas-de-utelpa-y-critico-el-portazo-en-la-paritaria\\\/#breadcrumb\",\"itemListElement\":[{\"@type\":\"ListItem\",\"position\":1,\"name\":\"Portada\",\"item\":\"https:\\\/\\\/diariotextual.com\\\/inicio\\\/\"},{\"@type\":\"ListItem\",\"position\":2,\"name\":\"La oposici\u00f3n de la Rosa y Verde habl\u00f3 de decisiones \u201cerr\u00e1ticas\u201d de Utelpa y critic\u00f3 el portazo en la paritaria\"}]},{\"@type\":\"WebSite\",\"@id\":\"https:\\\/\\\/diariotextual.com\\\/inicio\\\/#website\",\"url\":\"https:\\\/\\\/diariotextual.com\\\/inicio\\\/\",\"name\":\"Diario Textual\",\"description\":\"\",\"publisher\":{\"@id\":\"https:\\\/\\\/diariotextual.com\\\/inicio\\\/#organization\"},\"potentialAction\":[{\"@type\":\"SearchAction\",\"target\":{\"@type\":\"EntryPoint\",\"urlTemplate\":\"https:\\\/\\\/diariotextual.com\\\/inicio\\\/?s={search_term_string}\"},\"query-input\":{\"@type\":\"PropertyValueSpecification\",\"valueRequired\":true,\"valueName\":\"search_term_string\"}}],\"inLanguage\":\"es\"},{\"@type\":\"Organization\",\"@id\":\"https:\\\/\\\/diariotextual.com\\\/inicio\\\/#organization\",\"name\":\"Diario Textual\",\"url\":\"https:\\\/\\\/diariotextual.com\\\/inicio\\\/\",\"logo\":{\"@type\":\"ImageObject\",\"inLanguage\":\"es\",\"@id\":\"https:\\\/\\\/diariotextual.com\\\/inicio\\\/#\\\/schema\\\/logo\\\/image\\\/\",\"url\":\"https:\\\/\\\/diariotextual.com\\\/inicio\\\/wp-content\\\/uploads\\\/2023\\\/05\\\/logotextual1.jpg\",\"contentUrl\":\"https:\\\/\\\/diariotextual.com\\\/inicio\\\/wp-content\\\/uploads\\\/2023\\\/05\\\/logotextual1.jpg\",\"width\":516,\"height\":76,\"caption\":\"Diario Textual\"},\"image\":{\"@id\":\"https:\\\/\\\/diariotextual.com\\\/inicio\\\/#\\\/schema\\\/logo\\\/image\\\/\"},\"sameAs\":[\"https:\\\/\\\/www.facebook.com\\\/eltextual\",\"https:\\\/\\\/x.com\\\/eltextual\",\"http:\\\/\\\/www.instagram.com\\\/eltextual\"]},{\"@type\":\"Person\",\"@id\":\"https:\\\/\\\/diariotextual.com\\\/inicio\\\/#\\\/schema\\\/person\\\/418fc4093c33e86ed41562db3508f958\",\"name\":\"Diario1 Diario1\",\"image\":{\"@type\":\"ImageObject\",\"inLanguage\":\"es\",\"@id\":\"https:\\\/\\\/secure.gravatar.com\\\/avatar\\\/9167d280179c85bc18be67aa7eda765854300033af4896dd779b608640f2ef7a?s=96&d=mm&r=g\",\"url\":\"https:\\\/\\\/secure.gravatar.com\\\/avatar\\\/9167d280179c85bc18be67aa7eda765854300033af4896dd779b608640f2ef7a?s=96&d=mm&r=g\",\"contentUrl\":\"https:\\\/\\\/secure.gravatar.com\\\/avatar\\\/9167d280179c85bc18be67aa7eda765854300033af4896dd779b608640f2ef7a?s=96&d=mm&r=g\",\"caption\":\"Diario1 Diario1\"},\"url\":\"https:\\\/\\\/diariotextual.com\\\/inicio\\\/index.php\\\/author\\\/diario1\\\/\"}]}<\/script>\n<!-- \/ Yoast SEO plugin. -->","yoast_head_json":{"title":"La oposici\u00f3n de la Rosa y Verde habl\u00f3 de decisiones \u201cerr\u00e1ticas\u201d de Utelpa y critic\u00f3 el portazo en la paritaria - Diario Textual","robots":{"index":"index","follow":"follow","max-snippet":"max-snippet:-1","max-image-preview":"max-image-preview:large","max-video-preview":"max-video-preview:-1"},"canonical":"https:\/\/diariotextual.com\/inicio\/index.php\/2026\/03\/11\/la-rosa-y-verde-hablo-de-decisiones-erraticas-de-utelpa-y-critico-el-portazo-en-la-paritaria\/","og_locale":"es_ES","og_type":"article","og_title":"La oposici\u00f3n de la Rosa y Verde habl\u00f3 de decisiones \u201cerr\u00e1ticas\u201d de Utelpa y critic\u00f3 el portazo en la paritaria - Diario Textual","og_description":"La Agrupaci\u00f3n Rosa y Verde cuestion\u00f3 a la conducci\u00f3n provincial de la Uni\u00f3n de Trabajadores de la Educaci\u00f3n de La Pampa (Utelpa) por haber tenido posiciones \u201cerr\u00e1ticas\u201d en la discusi\u00f3n&hellip;","og_url":"https:\/\/diariotextual.com\/inicio\/index.php\/2026\/03\/11\/la-rosa-y-verde-hablo-de-decisiones-erraticas-de-utelpa-y-critico-el-portazo-en-la-paritaria\/","og_site_name":"Diario Textual","article_publisher":"https:\/\/www.facebook.com\/eltextual","article_published_time":"2026-03-12T02:48:40+00:00","article_modified_time":"2026-03-12T08:43:45+00:00","og_image":[{"width":1179,"height":705,"url":"https:\/\/diariotextual.com\/inicio\/wp-content\/uploads\/2025\/12\/utelpamanifestacionparoutelpa4diciembre2025-2.jpg","type":"image\/jpeg"}],"author":"Diario1 Diario1","twitter_card":"summary_large_image","twitter_creator":"@eltextual","twitter_site":"@eltextual","twitter_misc":{"Escrito por":"Diario1 Diario1","Tiempo de lectura":"4 minutos"},"schema":{"@context":"https:\/\/schema.org","@graph":[{"@type":"Article","@id":"https:\/\/diariotextual.com\/inicio\/index.php\/2026\/03\/11\/la-rosa-y-verde-hablo-de-decisiones-erraticas-de-utelpa-y-critico-el-portazo-en-la-paritaria\/#article","isPartOf":{"@id":"https:\/\/diariotextual.com\/inicio\/index.php\/2026\/03\/11\/la-rosa-y-verde-hablo-de-decisiones-erraticas-de-utelpa-y-critico-el-portazo-en-la-paritaria\/"},"author":{"name":"Diario1 Diario1","@id":"https:\/\/diariotextual.com\/inicio\/#\/schema\/person\/418fc4093c33e86ed41562db3508f958"},"headline":"La oposici\u00f3n de la Rosa y Verde habl\u00f3 de decisiones \u201cerr\u00e1ticas\u201d de Utelpa y critic\u00f3 el portazo en la paritaria","datePublished":"2026-03-12T02:48:40+00:00","dateModified":"2026-03-12T08:43:45+00:00","mainEntityOfPage":{"@id":"https:\/\/diariotextual.com\/inicio\/index.php\/2026\/03\/11\/la-rosa-y-verde-hablo-de-decisiones-erraticas-de-utelpa-y-critico-el-portazo-en-la-paritaria\/"},"wordCount":900,"publisher":{"@id":"https:\/\/diariotextual.com\/inicio\/#organization"},"image":{"@id":"https:\/\/diariotextual.com\/inicio\/index.php\/2026\/03\/11\/la-rosa-y-verde-hablo-de-decisiones-erraticas-de-utelpa-y-critico-el-portazo-en-la-paritaria\/#primaryimage"},"thumbnailUrl":"https:\/\/diariotextual.com\/inicio\/wp-content\/uploads\/2025\/12\/utelpamanifestacionparoutelpa4diciembre2025-2.jpg","articleSection":["A - ES NOTICIA (van abajo)","A - QUE PASA (al costado)","POLITICA"],"inLanguage":"es"},{"@type":"WebPage","@id":"https:\/\/diariotextual.com\/inicio\/index.php\/2026\/03\/11\/la-rosa-y-verde-hablo-de-decisiones-erraticas-de-utelpa-y-critico-el-portazo-en-la-paritaria\/","url":"https:\/\/diariotextual.com\/inicio\/index.php\/2026\/03\/11\/la-rosa-y-verde-hablo-de-decisiones-erraticas-de-utelpa-y-critico-el-portazo-en-la-paritaria\/","name":"La oposici\u00f3n de la Rosa y Verde habl\u00f3 de decisiones \u201cerr\u00e1ticas\u201d de Utelpa y critic\u00f3 el portazo en la paritaria - Diario Textual","isPartOf":{"@id":"https:\/\/diariotextual.com\/inicio\/#website"},"primaryImageOfPage":{"@id":"https:\/\/diariotextual.com\/inicio\/index.php\/2026\/03\/11\/la-rosa-y-verde-hablo-de-decisiones-erraticas-de-utelpa-y-critico-el-portazo-en-la-paritaria\/#primaryimage"},"image":{"@id":"https:\/\/diariotextual.com\/inicio\/index.php\/2026\/03\/11\/la-rosa-y-verde-hablo-de-decisiones-erraticas-de-utelpa-y-critico-el-portazo-en-la-paritaria\/#primaryimage"},"thumbnailUrl":"https:\/\/diariotextual.com\/inicio\/wp-content\/uploads\/2025\/12\/utelpamanifestacionparoutelpa4diciembre2025-2.jpg","datePublished":"2026-03-12T02:48:40+00:00","dateModified":"2026-03-12T08:43:45+00:00","breadcrumb":{"@id":"https:\/\/diariotextual.com\/inicio\/index.php\/2026\/03\/11\/la-rosa-y-verde-hablo-de-decisiones-erraticas-de-utelpa-y-critico-el-portazo-en-la-paritaria\/#breadcrumb"},"inLanguage":"es","potentialAction":[{"@type":"ReadAction","target":["https:\/\/diariotextual.com\/inicio\/index.php\/2026\/03\/11\/la-rosa-y-verde-hablo-de-decisiones-erraticas-de-utelpa-y-critico-el-portazo-en-la-paritaria\/"]}]},{"@type":"ImageObject","inLanguage":"es","@id":"https:\/\/diariotextual.com\/inicio\/index.php\/2026\/03\/11\/la-rosa-y-verde-hablo-de-decisiones-erraticas-de-utelpa-y-critico-el-portazo-en-la-paritaria\/#primaryimage","url":"https:\/\/diariotextual.com\/inicio\/wp-content\/uploads\/2025\/12\/utelpamanifestacionparoutelpa4diciembre2025-2.jpg","contentUrl":"https:\/\/diariotextual.com\/inicio\/wp-content\/uploads\/2025\/12\/utelpamanifestacionparoutelpa4diciembre2025-2.jpg","width":1179,"height":705},{"@type":"BreadcrumbList","@id":"https:\/\/diariotextual.com\/inicio\/index.php\/2026\/03\/11\/la-rosa-y-verde-hablo-de-decisiones-erraticas-de-utelpa-y-critico-el-portazo-en-la-paritaria\/#breadcrumb","itemListElement":[{"@type":"ListItem","position":1,"name":"Portada","item":"https:\/\/diariotextual.com\/inicio\/"},{"@type":"ListItem","position":2,"name":"La oposici\u00f3n de la Rosa y Verde habl\u00f3 de decisiones \u201cerr\u00e1ticas\u201d de Utelpa y critic\u00f3 el portazo en la paritaria"}]},{"@type":"WebSite","@id":"https:\/\/diariotextual.com\/inicio\/#website","url":"https:\/\/diariotextual.com\/inicio\/","name":"Diario Textual","description":"","publisher":{"@id":"https:\/\/diariotextual.com\/inicio\/#organization"},"potentialAction":[{"@type":"SearchAction","target":{"@type":"EntryPoint","urlTemplate":"https:\/\/diariotextual.com\/inicio\/?s={search_term_string}"},"query-input":{"@type":"PropertyValueSpecification","valueRequired":true,"valueName":"search_term_string"}}],"inLanguage":"es"},{"@type":"Organization","@id":"https:\/\/diariotextual.com\/inicio\/#organization","name":"Diario Textual","url":"https:\/\/diariotextual.com\/inicio\/","logo":{"@type":"ImageObject","inLanguage":"es","@id":"https:\/\/diariotextual.com\/inicio\/#\/schema\/logo\/image\/","url":"https:\/\/diariotextual.com\/inicio\/wp-content\/uploads\/2023\/05\/logotextual1.jpg","contentUrl":"https:\/\/diariotextual.com\/inicio\/wp-content\/uploads\/2023\/05\/logotextual1.jpg","width":516,"height":76,"caption":"Diario Textual"},"image":{"@id":"https:\/\/diariotextual.com\/inicio\/#\/schema\/logo\/image\/"},"sameAs":["https:\/\/www.facebook.com\/eltextual","https:\/\/x.com\/eltextual","http:\/\/www.instagram.com\/eltextual"]},{"@type":"Person","@id":"https:\/\/diariotextual.com\/inicio\/#\/schema\/person\/418fc4093c33e86ed41562db3508f958","name":"Diario1 Diario1","image":{"@type":"ImageObject","inLanguage":"es","@id":"https:\/\/secure.gravatar.com\/avatar\/9167d280179c85bc18be67aa7eda765854300033af4896dd779b608640f2ef7a?s=96&d=mm&r=g","url":"https:\/\/secure.gravatar.com\/avatar\/9167d280179c85bc18be67aa7eda765854300033af4896dd779b608640f2ef7a?s=96&d=mm&r=g","contentUrl":"https:\/\/secure.gravatar.com\/avatar\/9167d280179c85bc18be67aa7eda765854300033af4896dd779b608640f2ef7a?s=96&d=mm&r=g","caption":"Diario1 Diario1"},"url":"https:\/\/diariotextual.com\/inicio\/index.php\/author\/diario1\/"}]}},"_links":{"self":[{"href":"https:\/\/diariotextual.com\/inicio\/index.php\/wp-json\/wp\/v2\/posts\/322005","targetHints":{"allow":["GET"]}}],"collection":[{"href":"https:\/\/diariotextual.com\/inicio\/index.php\/wp-json\/wp\/v2\/posts"}],"about":[{"href":"https:\/\/diariotextual.com\/inicio\/index.php\/wp-json\/wp\/v2\/types\/post"}],"author":[{"embeddable":true,"href":"https:\/\/diariotextual.com\/inicio\/index.php\/wp-json\/wp\/v2\/users\/3"}],"replies":[{"embeddable":true,"href":"https:\/\/diariotextual.com\/inicio\/index.php\/wp-json\/wp\/v2\/comments?post=322005"}],"version-history":[{"count":3,"href":"https:\/\/diariotextual.com\/inicio\/index.php\/wp-json\/wp\/v2\/posts\/322005\/revisions"}],"predecessor-version":[{"id":322009,"href":"https:\/\/diariotextual.com\/inicio\/index.php\/wp-json\/wp\/v2\/posts\/322005\/revisions\/322009"}],"wp:featuredmedia":[{"embeddable":true,"href":"https:\/\/diariotextual.com\/inicio\/index.php\/wp-json\/wp\/v2\/media\/314599"}],"wp:attachment":[{"href":"https:\/\/diariotextual.com\/inicio\/index.php\/wp-json\/wp\/v2\/media?parent=322005"}],"wp:term":[{"taxonomy":"category","embeddable":true,"href":"https:\/\/diariotextual.com\/inicio\/index.php\/wp-json\/wp\/v2\/categories?post=322005"},{"taxonomy":"post_tag","embeddable":true,"href":"https:\/\/diariotextual.com\/inicio\/index.php\/wp-json\/wp\/v2\/tags?post=322005"}],"curies":[{"name":"wp","href":"https:\/\/api.w.org\/{rel}","templated":true}]}}