{"id":322011,"date":"2026-03-11T17:57:03","date_gmt":"2026-03-11T20:57:03","guid":{"rendered":"https:\/\/diariotextual.com\/inicio\/?p=322011"},"modified":"2026-03-11T17:57:06","modified_gmt":"2026-03-11T20:57:06","slug":"fuerte-aumento-los-senadores-pasaran-a-cobrar-en-marzo-unos-11-millones-de-pesos","status":"publish","type":"post","link":"https:\/\/diariotextual.com\/inicio\/index.php\/2026\/03\/11\/fuerte-aumento-los-senadores-pasaran-a-cobrar-en-marzo-unos-11-millones-de-pesos\/","title":{"rendered":"Fuerte aumento: los senadores pasar\u00e1n a cobrar en marzo unos 11 millones de pesos"},"content":{"rendered":"\n<p>Los senadores pasar\u00e1n a&nbsp;<strong>cobrar en marzo una dieta superior a los 11 millones de pesos&nbsp;<\/strong>porque sus ingresos est\u00e1n acoplados a los aumentos acordados entre las autoridades del Congreso y los gremios legislativos.<\/p>\n\n\n\n<p>Los gremios acordaron este mi\u00e9rcoles un aumento salarial progresivo desde diciembre hasta mayo de un 12,5 por ciento acumulado, seg\u00fan se supo<strong>\u00a0<\/strong>de fuentes legislativas.<\/p>\n\n\n\n<p>Por ese motivo, los senadores que hasta noviembre cobraban 10,2 millones de pesos pasar\u00e1n a cobrar en marzo 11 millones de pesos en bruto y en mayo 11,5 millones, ya que sus aumentos est\u00e1n ligados a los incrementos de la paritaria legislativa.<\/p>\n\n\n\n<p>Esto es as\u00ed porque los senadores decidieron en abril del 2024 volver acoplar las dietas a los aumentos salariales que se hab\u00eda suspendido por una resoluci\u00f3n de la vicepresidenta Victoria Villarruel y del presidente de la C\u00e1mara de Diputados, Mart\u00edn Menem.<\/p>\n\n\n\n<p>La decisi\u00f3n se tom\u00f3 a mano alzada y gener\u00f3 pol\u00e9mica ya que algunos senadores plantearon que no estaban de acuerdos con esa medida promovida por la mayor\u00eda de los legisladores<\/p>\n\n\n\n<p>En cambio,<strong>&nbsp;la C\u00e1mara de Diputados no aumenta las dietas de sus legisladores al firmarse una nueva paritaria, sino que esos incrementos los define Menem, y por eso motivo los ingresos de los diputados hoy est\u00e1n ubicados cerca de los 6 millones de pesos en bruto y .<\/strong><\/p>\n\n\n\n<p>Los trabajadores legislativos cobran de acuerdo a la cantidad de m\u00f3dulos y en el caso de los senadores son 2500 m\u00f3dulos por dieta, 1000 por representaci\u00f3n y 500 por desarraigo.<\/p>\n\n\n\n<p>El desarraigo no lo cobran los dos tres senadores de la Ciudad de Buenos Aires, los libertarios Patricia Bullrich y Agust\u00edn Monteverde, y el kirchnerista Mariano Recalde, ni la legisladora santacruce\u00f1a Alicia Kirchner, quien no cobra la dieta porque decidi\u00f3 mantener la jubilaci\u00f3n como gobernadora.<\/p>\n\n\n\n<p><\/p>\n","protected":false},"excerpt":{"rendered":"<p>Los senadores pasar\u00e1n a&nbsp;cobrar en marzo una dieta superior a los 11 millones de pesos&nbsp;porque sus ingresos est\u00e1n acoplados a los aumentos acordados entre las autoridades del Congreso y los&hellip;<\/p>\n","protected":false},"author":3,"featured_media":320865,"comment_status":"closed","ping_status":"open","sticky":false,"template":"","format":"standard","meta":{"_acf_changed":false,"footnotes":""},"categories":[1,8],"tags":[],"class_list":["post-322011","post","type-post","status-publish","format-standard","has-post-thumbnail","hentry","category-es-noticia","category-politica"],"acf":[],"yoast_head":"<!-- This site is optimized with the Yoast SEO plugin v27.5 - https:\/\/yoast.com\/product\/yoast-seo-wordpress\/ -->\n<title>Fuerte aumento: los senadores pasar\u00e1n a cobrar en marzo unos 11 millones de pesos - Diario Textual<\/title>\n<meta name=\"robots\" content=\"index, follow, max-snippet:-1, max-image-preview:large, max-video-preview:-1\" \/>\n<link rel=\"canonical\" href=\"https:\/\/diariotextual.com\/inicio\/index.php\/2026\/03\/11\/fuerte-aumento-los-senadores-pasaran-a-cobrar-en-marzo-unos-11-millones-de-pesos\/\" \/>\n<meta property=\"og:locale\" content=\"es_ES\" \/>\n<meta property=\"og:type\" content=\"article\" \/>\n<meta property=\"og:title\" content=\"Fuerte aumento: los senadores pasar\u00e1n a cobrar en marzo unos 11 millones de pesos - Diario Textual\" \/>\n<meta property=\"og:description\" content=\"Los senadores pasar\u00e1n a&nbsp;cobrar en marzo una dieta superior a los 11 millones de pesos&nbsp;porque sus ingresos est\u00e1n acoplados a los aumentos acordados entre las autoridades del Congreso y los&hellip;\" \/>\n<meta property=\"og:url\" content=\"https:\/\/diariotextual.com\/inicio\/index.php\/2026\/03\/11\/fuerte-aumento-los-senadores-pasaran-a-cobrar-en-marzo-unos-11-millones-de-pesos\/\" \/>\n<meta property=\"og:site_name\" content=\"Diario Textual\" \/>\n<meta property=\"article:publisher\" content=\"https:\/\/www.facebook.com\/eltextual\" \/>\n<meta property=\"article:published_time\" content=\"2026-03-11T20:57:03+00:00\" \/>\n<meta property=\"article:modified_time\" content=\"2026-03-11T20:57:06+00:00\" \/>\n<meta property=\"og:image\" content=\"https:\/\/diariotextual.com\/inicio\/wp-content\/uploads\/2026\/02\/senado2026-81111.webp\" \/>\n\t<meta property=\"og:image:width\" content=\"540\" \/>\n\t<meta property=\"og:image:height\" content=\"360\" \/>\n\t<meta property=\"og:image:type\" content=\"image\/webp\" \/>\n<meta name=\"author\" content=\"Diario1 Diario1\" \/>\n<meta name=\"twitter:card\" content=\"summary_large_image\" \/>\n<meta name=\"twitter:creator\" content=\"@eltextual\" \/>\n<meta name=\"twitter:site\" content=\"@eltextual\" \/>\n<meta name=\"twitter:label1\" content=\"Escrito por\" \/>\n\t<meta name=\"twitter:data1\" content=\"Diario1 Diario1\" \/>\n\t<meta name=\"twitter:label2\" content=\"Tiempo de lectura\" \/>\n\t<meta name=\"twitter:data2\" content=\"2 minutos\" \/>\n<script type=\"application\/ld+json\" class=\"yoast-schema-graph\">{\"@context\":\"https:\\\/\\\/schema.org\",\"@graph\":[{\"@type\":\"Article\",\"@id\":\"https:\\\/\\\/diariotextual.com\\\/inicio\\\/index.php\\\/2026\\\/03\\\/11\\\/fuerte-aumento-los-senadores-pasaran-a-cobrar-en-marzo-unos-11-millones-de-pesos\\\/#article\",\"isPartOf\":{\"@id\":\"https:\\\/\\\/diariotextual.com\\\/inicio\\\/index.php\\\/2026\\\/03\\\/11\\\/fuerte-aumento-los-senadores-pasaran-a-cobrar-en-marzo-unos-11-millones-de-pesos\\\/\"},\"author\":{\"name\":\"Diario1 Diario1\",\"@id\":\"https:\\\/\\\/diariotextual.com\\\/inicio\\\/#\\\/schema\\\/person\\\/418fc4093c33e86ed41562db3508f958\"},\"headline\":\"Fuerte aumento: los senadores pasar\u00e1n a cobrar en marzo unos 11 millones de pesos\",\"datePublished\":\"2026-03-11T20:57:03+00:00\",\"dateModified\":\"2026-03-11T20:57:06+00:00\",\"mainEntityOfPage\":{\"@id\":\"https:\\\/\\\/diariotextual.com\\\/inicio\\\/index.php\\\/2026\\\/03\\\/11\\\/fuerte-aumento-los-senadores-pasaran-a-cobrar-en-marzo-unos-11-millones-de-pesos\\\/\"},\"wordCount\":322,\"publisher\":{\"@id\":\"https:\\\/\\\/diariotextual.com\\\/inicio\\\/#organization\"},\"image\":{\"@id\":\"https:\\\/\\\/diariotextual.com\\\/inicio\\\/index.php\\\/2026\\\/03\\\/11\\\/fuerte-aumento-los-senadores-pasaran-a-cobrar-en-marzo-unos-11-millones-de-pesos\\\/#primaryimage\"},\"thumbnailUrl\":\"https:\\\/\\\/diariotextual.com\\\/inicio\\\/wp-content\\\/uploads\\\/2026\\\/02\\\/senado2026-81111.webp\",\"articleSection\":[\"A - ES NOTICIA (van abajo)\",\"POLITICA\"],\"inLanguage\":\"es\"},{\"@type\":\"WebPage\",\"@id\":\"https:\\\/\\\/diariotextual.com\\\/inicio\\\/index.php\\\/2026\\\/03\\\/11\\\/fuerte-aumento-los-senadores-pasaran-a-cobrar-en-marzo-unos-11-millones-de-pesos\\\/\",\"url\":\"https:\\\/\\\/diariotextual.com\\\/inicio\\\/index.php\\\/2026\\\/03\\\/11\\\/fuerte-aumento-los-senadores-pasaran-a-cobrar-en-marzo-unos-11-millones-de-pesos\\\/\",\"name\":\"Fuerte aumento: los senadores pasar\u00e1n a cobrar en marzo unos 11 millones de pesos - Diario Textual\",\"isPartOf\":{\"@id\":\"https:\\\/\\\/diariotextual.com\\\/inicio\\\/#website\"},\"primaryImageOfPage\":{\"@id\":\"https:\\\/\\\/diariotextual.com\\\/inicio\\\/index.php\\\/2026\\\/03\\\/11\\\/fuerte-aumento-los-senadores-pasaran-a-cobrar-en-marzo-unos-11-millones-de-pesos\\\/#primaryimage\"},\"image\":{\"@id\":\"https:\\\/\\\/diariotextual.com\\\/inicio\\\/index.php\\\/2026\\\/03\\\/11\\\/fuerte-aumento-los-senadores-pasaran-a-cobrar-en-marzo-unos-11-millones-de-pesos\\\/#primaryimage\"},\"thumbnailUrl\":\"https:\\\/\\\/diariotextual.com\\\/inicio\\\/wp-content\\\/uploads\\\/2026\\\/02\\\/senado2026-81111.webp\",\"datePublished\":\"2026-03-11T20:57:03+00:00\",\"dateModified\":\"2026-03-11T20:57:06+00:00\",\"breadcrumb\":{\"@id\":\"https:\\\/\\\/diariotextual.com\\\/inicio\\\/index.php\\\/2026\\\/03\\\/11\\\/fuerte-aumento-los-senadores-pasaran-a-cobrar-en-marzo-unos-11-millones-de-pesos\\\/#breadcrumb\"},\"inLanguage\":\"es\",\"potentialAction\":[{\"@type\":\"ReadAction\",\"target\":[\"https:\\\/\\\/diariotextual.com\\\/inicio\\\/index.php\\\/2026\\\/03\\\/11\\\/fuerte-aumento-los-senadores-pasaran-a-cobrar-en-marzo-unos-11-millones-de-pesos\\\/\"]}]},{\"@type\":\"ImageObject\",\"inLanguage\":\"es\",\"@id\":\"https:\\\/\\\/diariotextual.com\\\/inicio\\\/index.php\\\/2026\\\/03\\\/11\\\/fuerte-aumento-los-senadores-pasaran-a-cobrar-en-marzo-unos-11-millones-de-pesos\\\/#primaryimage\",\"url\":\"https:\\\/\\\/diariotextual.com\\\/inicio\\\/wp-content\\\/uploads\\\/2026\\\/02\\\/senado2026-81111.webp\",\"contentUrl\":\"https:\\\/\\\/diariotextual.com\\\/inicio\\\/wp-content\\\/uploads\\\/2026\\\/02\\\/senado2026-81111.webp\",\"width\":540,\"height\":360},{\"@type\":\"BreadcrumbList\",\"@id\":\"https:\\\/\\\/diariotextual.com\\\/inicio\\\/index.php\\\/2026\\\/03\\\/11\\\/fuerte-aumento-los-senadores-pasaran-a-cobrar-en-marzo-unos-11-millones-de-pesos\\\/#breadcrumb\",\"itemListElement\":[{\"@type\":\"ListItem\",\"position\":1,\"name\":\"Portada\",\"item\":\"https:\\\/\\\/diariotextual.com\\\/inicio\\\/\"},{\"@type\":\"ListItem\",\"position\":2,\"name\":\"Fuerte aumento: los senadores pasar\u00e1n a cobrar en marzo unos 11 millones de pesos\"}]},{\"@type\":\"WebSite\",\"@id\":\"https:\\\/\\\/diariotextual.com\\\/inicio\\\/#website\",\"url\":\"https:\\\/\\\/diariotextual.com\\\/inicio\\\/\",\"name\":\"Diario Textual\",\"description\":\"\",\"publisher\":{\"@id\":\"https:\\\/\\\/diariotextual.com\\\/inicio\\\/#organization\"},\"potentialAction\":[{\"@type\":\"SearchAction\",\"target\":{\"@type\":\"EntryPoint\",\"urlTemplate\":\"https:\\\/\\\/diariotextual.com\\\/inicio\\\/?s={search_term_string}\"},\"query-input\":{\"@type\":\"PropertyValueSpecification\",\"valueRequired\":true,\"valueName\":\"search_term_string\"}}],\"inLanguage\":\"es\"},{\"@type\":\"Organization\",\"@id\":\"https:\\\/\\\/diariotextual.com\\\/inicio\\\/#organization\",\"name\":\"Diario Textual\",\"url\":\"https:\\\/\\\/diariotextual.com\\\/inicio\\\/\",\"logo\":{\"@type\":\"ImageObject\",\"inLanguage\":\"es\",\"@id\":\"https:\\\/\\\/diariotextual.com\\\/inicio\\\/#\\\/schema\\\/logo\\\/image\\\/\",\"url\":\"https:\\\/\\\/diariotextual.com\\\/inicio\\\/wp-content\\\/uploads\\\/2023\\\/05\\\/logotextual1.jpg\",\"contentUrl\":\"https:\\\/\\\/diariotextual.com\\\/inicio\\\/wp-content\\\/uploads\\\/2023\\\/05\\\/logotextual1.jpg\",\"width\":516,\"height\":76,\"caption\":\"Diario Textual\"},\"image\":{\"@id\":\"https:\\\/\\\/diariotextual.com\\\/inicio\\\/#\\\/schema\\\/logo\\\/image\\\/\"},\"sameAs\":[\"https:\\\/\\\/www.facebook.com\\\/eltextual\",\"https:\\\/\\\/x.com\\\/eltextual\",\"http:\\\/\\\/www.instagram.com\\\/eltextual\"]},{\"@type\":\"Person\",\"@id\":\"https:\\\/\\\/diariotextual.com\\\/inicio\\\/#\\\/schema\\\/person\\\/418fc4093c33e86ed41562db3508f958\",\"name\":\"Diario1 Diario1\",\"image\":{\"@type\":\"ImageObject\",\"inLanguage\":\"es\",\"@id\":\"https:\\\/\\\/secure.gravatar.com\\\/avatar\\\/9167d280179c85bc18be67aa7eda765854300033af4896dd779b608640f2ef7a?s=96&d=mm&r=g\",\"url\":\"https:\\\/\\\/secure.gravatar.com\\\/avatar\\\/9167d280179c85bc18be67aa7eda765854300033af4896dd779b608640f2ef7a?s=96&d=mm&r=g\",\"contentUrl\":\"https:\\\/\\\/secure.gravatar.com\\\/avatar\\\/9167d280179c85bc18be67aa7eda765854300033af4896dd779b608640f2ef7a?s=96&d=mm&r=g\",\"caption\":\"Diario1 Diario1\"},\"url\":\"https:\\\/\\\/diariotextual.com\\\/inicio\\\/index.php\\\/author\\\/diario1\\\/\"}]}<\/script>\n<!-- \/ Yoast SEO plugin. -->","yoast_head_json":{"title":"Fuerte aumento: los senadores pasar\u00e1n a cobrar en marzo unos 11 millones de pesos - Diario Textual","robots":{"index":"index","follow":"follow","max-snippet":"max-snippet:-1","max-image-preview":"max-image-preview:large","max-video-preview":"max-video-preview:-1"},"canonical":"https:\/\/diariotextual.com\/inicio\/index.php\/2026\/03\/11\/fuerte-aumento-los-senadores-pasaran-a-cobrar-en-marzo-unos-11-millones-de-pesos\/","og_locale":"es_ES","og_type":"article","og_title":"Fuerte aumento: los senadores pasar\u00e1n a cobrar en marzo unos 11 millones de pesos - Diario Textual","og_description":"Los senadores pasar\u00e1n a&nbsp;cobrar en marzo una dieta superior a los 11 millones de pesos&nbsp;porque sus ingresos est\u00e1n acoplados a los aumentos acordados entre las autoridades del Congreso y los&hellip;","og_url":"https:\/\/diariotextual.com\/inicio\/index.php\/2026\/03\/11\/fuerte-aumento-los-senadores-pasaran-a-cobrar-en-marzo-unos-11-millones-de-pesos\/","og_site_name":"Diario Textual","article_publisher":"https:\/\/www.facebook.com\/eltextual","article_published_time":"2026-03-11T20:57:03+00:00","article_modified_time":"2026-03-11T20:57:06+00:00","og_image":[{"width":540,"height":360,"url":"https:\/\/diariotextual.com\/inicio\/wp-content\/uploads\/2026\/02\/senado2026-81111.webp","type":"image\/webp"}],"author":"Diario1 Diario1","twitter_card":"summary_large_image","twitter_creator":"@eltextual","twitter_site":"@eltextual","twitter_misc":{"Escrito por":"Diario1 Diario1","Tiempo de lectura":"2 minutos"},"schema":{"@context":"https:\/\/schema.org","@graph":[{"@type":"Article","@id":"https:\/\/diariotextual.com\/inicio\/index.php\/2026\/03\/11\/fuerte-aumento-los-senadores-pasaran-a-cobrar-en-marzo-unos-11-millones-de-pesos\/#article","isPartOf":{"@id":"https:\/\/diariotextual.com\/inicio\/index.php\/2026\/03\/11\/fuerte-aumento-los-senadores-pasaran-a-cobrar-en-marzo-unos-11-millones-de-pesos\/"},"author":{"name":"Diario1 Diario1","@id":"https:\/\/diariotextual.com\/inicio\/#\/schema\/person\/418fc4093c33e86ed41562db3508f958"},"headline":"Fuerte aumento: los senadores pasar\u00e1n a cobrar en marzo unos 11 millones de pesos","datePublished":"2026-03-11T20:57:03+00:00","dateModified":"2026-03-11T20:57:06+00:00","mainEntityOfPage":{"@id":"https:\/\/diariotextual.com\/inicio\/index.php\/2026\/03\/11\/fuerte-aumento-los-senadores-pasaran-a-cobrar-en-marzo-unos-11-millones-de-pesos\/"},"wordCount":322,"publisher":{"@id":"https:\/\/diariotextual.com\/inicio\/#organization"},"image":{"@id":"https:\/\/diariotextual.com\/inicio\/index.php\/2026\/03\/11\/fuerte-aumento-los-senadores-pasaran-a-cobrar-en-marzo-unos-11-millones-de-pesos\/#primaryimage"},"thumbnailUrl":"https:\/\/diariotextual.com\/inicio\/wp-content\/uploads\/2026\/02\/senado2026-81111.webp","articleSection":["A - ES NOTICIA (van abajo)","POLITICA"],"inLanguage":"es"},{"@type":"WebPage","@id":"https:\/\/diariotextual.com\/inicio\/index.php\/2026\/03\/11\/fuerte-aumento-los-senadores-pasaran-a-cobrar-en-marzo-unos-11-millones-de-pesos\/","url":"https:\/\/diariotextual.com\/inicio\/index.php\/2026\/03\/11\/fuerte-aumento-los-senadores-pasaran-a-cobrar-en-marzo-unos-11-millones-de-pesos\/","name":"Fuerte aumento: los senadores pasar\u00e1n a cobrar en marzo unos 11 millones de pesos - Diario Textual","isPartOf":{"@id":"https:\/\/diariotextual.com\/inicio\/#website"},"primaryImageOfPage":{"@id":"https:\/\/diariotextual.com\/inicio\/index.php\/2026\/03\/11\/fuerte-aumento-los-senadores-pasaran-a-cobrar-en-marzo-unos-11-millones-de-pesos\/#primaryimage"},"image":{"@id":"https:\/\/diariotextual.com\/inicio\/index.php\/2026\/03\/11\/fuerte-aumento-los-senadores-pasaran-a-cobrar-en-marzo-unos-11-millones-de-pesos\/#primaryimage"},"thumbnailUrl":"https:\/\/diariotextual.com\/inicio\/wp-content\/uploads\/2026\/02\/senado2026-81111.webp","datePublished":"2026-03-11T20:57:03+00:00","dateModified":"2026-03-11T20:57:06+00:00","breadcrumb":{"@id":"https:\/\/diariotextual.com\/inicio\/index.php\/2026\/03\/11\/fuerte-aumento-los-senadores-pasaran-a-cobrar-en-marzo-unos-11-millones-de-pesos\/#breadcrumb"},"inLanguage":"es","potentialAction":[{"@type":"ReadAction","target":["https:\/\/diariotextual.com\/inicio\/index.php\/2026\/03\/11\/fuerte-aumento-los-senadores-pasaran-a-cobrar-en-marzo-unos-11-millones-de-pesos\/"]}]},{"@type":"ImageObject","inLanguage":"es","@id":"https:\/\/diariotextual.com\/inicio\/index.php\/2026\/03\/11\/fuerte-aumento-los-senadores-pasaran-a-cobrar-en-marzo-unos-11-millones-de-pesos\/#primaryimage","url":"https:\/\/diariotextual.com\/inicio\/wp-content\/uploads\/2026\/02\/senado2026-81111.webp","contentUrl":"https:\/\/diariotextual.com\/inicio\/wp-content\/uploads\/2026\/02\/senado2026-81111.webp","width":540,"height":360},{"@type":"BreadcrumbList","@id":"https:\/\/diariotextual.com\/inicio\/index.php\/2026\/03\/11\/fuerte-aumento-los-senadores-pasaran-a-cobrar-en-marzo-unos-11-millones-de-pesos\/#breadcrumb","itemListElement":[{"@type":"ListItem","position":1,"name":"Portada","item":"https:\/\/diariotextual.com\/inicio\/"},{"@type":"ListItem","position":2,"name":"Fuerte aumento: los senadores pasar\u00e1n a cobrar en marzo unos 11 millones de pesos"}]},{"@type":"WebSite","@id":"https:\/\/diariotextual.com\/inicio\/#website","url":"https:\/\/diariotextual.com\/inicio\/","name":"Diario Textual","description":"","publisher":{"@id":"https:\/\/diariotextual.com\/inicio\/#organization"},"potentialAction":[{"@type":"SearchAction","target":{"@type":"EntryPoint","urlTemplate":"https:\/\/diariotextual.com\/inicio\/?s={search_term_string}"},"query-input":{"@type":"PropertyValueSpecification","valueRequired":true,"valueName":"search_term_string"}}],"inLanguage":"es"},{"@type":"Organization","@id":"https:\/\/diariotextual.com\/inicio\/#organization","name":"Diario Textual","url":"https:\/\/diariotextual.com\/inicio\/","logo":{"@type":"ImageObject","inLanguage":"es","@id":"https:\/\/diariotextual.com\/inicio\/#\/schema\/logo\/image\/","url":"https:\/\/diariotextual.com\/inicio\/wp-content\/uploads\/2023\/05\/logotextual1.jpg","contentUrl":"https:\/\/diariotextual.com\/inicio\/wp-content\/uploads\/2023\/05\/logotextual1.jpg","width":516,"height":76,"caption":"Diario Textual"},"image":{"@id":"https:\/\/diariotextual.com\/inicio\/#\/schema\/logo\/image\/"},"sameAs":["https:\/\/www.facebook.com\/eltextual","https:\/\/x.com\/eltextual","http:\/\/www.instagram.com\/eltextual"]},{"@type":"Person","@id":"https:\/\/diariotextual.com\/inicio\/#\/schema\/person\/418fc4093c33e86ed41562db3508f958","name":"Diario1 Diario1","image":{"@type":"ImageObject","inLanguage":"es","@id":"https:\/\/secure.gravatar.com\/avatar\/9167d280179c85bc18be67aa7eda765854300033af4896dd779b608640f2ef7a?s=96&d=mm&r=g","url":"https:\/\/secure.gravatar.com\/avatar\/9167d280179c85bc18be67aa7eda765854300033af4896dd779b608640f2ef7a?s=96&d=mm&r=g","contentUrl":"https:\/\/secure.gravatar.com\/avatar\/9167d280179c85bc18be67aa7eda765854300033af4896dd779b608640f2ef7a?s=96&d=mm&r=g","caption":"Diario1 Diario1"},"url":"https:\/\/diariotextual.com\/inicio\/index.php\/author\/diario1\/"}]}},"_links":{"self":[{"href":"https:\/\/diariotextual.com\/inicio\/index.php\/wp-json\/wp\/v2\/posts\/322011","targetHints":{"allow":["GET"]}}],"collection":[{"href":"https:\/\/diariotextual.com\/inicio\/index.php\/wp-json\/wp\/v2\/posts"}],"about":[{"href":"https:\/\/diariotextual.com\/inicio\/index.php\/wp-json\/wp\/v2\/types\/post"}],"author":[{"embeddable":true,"href":"https:\/\/diariotextual.com\/inicio\/index.php\/wp-json\/wp\/v2\/users\/3"}],"replies":[{"embeddable":true,"href":"https:\/\/diariotextual.com\/inicio\/index.php\/wp-json\/wp\/v2\/comments?post=322011"}],"version-history":[{"count":1,"href":"https:\/\/diariotextual.com\/inicio\/index.php\/wp-json\/wp\/v2\/posts\/322011\/revisions"}],"predecessor-version":[{"id":322012,"href":"https:\/\/diariotextual.com\/inicio\/index.php\/wp-json\/wp\/v2\/posts\/322011\/revisions\/322012"}],"wp:featuredmedia":[{"embeddable":true,"href":"https:\/\/diariotextual.com\/inicio\/index.php\/wp-json\/wp\/v2\/media\/320865"}],"wp:attachment":[{"href":"https:\/\/diariotextual.com\/inicio\/index.php\/wp-json\/wp\/v2\/media?parent=322011"}],"wp:term":[{"taxonomy":"category","embeddable":true,"href":"https:\/\/diariotextual.com\/inicio\/index.php\/wp-json\/wp\/v2\/categories?post=322011"},{"taxonomy":"post_tag","embeddable":true,"href":"https:\/\/diariotextual.com\/inicio\/index.php\/wp-json\/wp\/v2\/tags?post=322011"}],"curies":[{"name":"wp","href":"https:\/\/api.w.org\/{rel}","templated":true}]}}