{"id":322013,"date":"2026-03-12T04:27:00","date_gmt":"2026-03-12T07:27:00","guid":{"rendered":"https:\/\/diariotextual.com\/inicio\/?p=322013"},"modified":"2026-03-13T10:41:28","modified_gmt":"2026-03-13T13:41:28","slug":"winifreda-cuestiono-su-indice-de-coparticipacion-sus-argumentos-y-la-posicion-de-la-provincia","status":"publish","type":"post","link":"https:\/\/diariotextual.com\/inicio\/index.php\/2026\/03\/12\/winifreda-cuestiono-su-indice-de-coparticipacion-sus-argumentos-y-la-posicion-de-la-provincia\/","title":{"rendered":"Winifreda cuestion\u00f3 su \u00edndice de coparticipaci\u00f3n: sus argumentos y la posici\u00f3n de la Provincia"},"content":{"rendered":"\n<p>La <strong>municipalidad de Winifreda<\/strong> present\u00f3 un recurso contra el decreto provincial que fij\u00f3 el <strong>\u00cdndice Repartidor Definitivo (IRD) de 2026<\/strong>, el coeficiente que determina cu\u00e1nto dinero recibir\u00e1 cada municipio pampeano en concepto de coparticipaci\u00f3n. La intendencia, que<strong> baj\u00f3 de un \u00edndice de 1,55 a 1,46<\/strong> de 2025 a 2026, sostuvo que el c\u00e1lculo oficial omiti\u00f3 casi <strong>$946 millones de ingresos tributarios propios<\/strong>, lo que impact\u00f3 negativamente en el porcentaje de recursos que le corresponde recibir.<\/p>\n\n\n\n<p><strong>El recurso est\u00e1 en an\u00e1lisis en la Provincia. <\/strong>Incluso se especula con la posibilidad de que intervenga el <strong>Observatorio de Coparticipaci\u00f3n Municipal de La Pampa<\/strong>, establecido por la Ley N\u00b0 1065.<\/p>\n\n\n\n<p>Seg\u00fan pudo saber<strong> Diario Textual<\/strong>, esos ingresos que reclama la intendenta<strong> Adriana Garc\u00eda<\/strong> (peronismo) para hacer el c\u00e1lculo del \u00edndice <strong>no fueron ejecutados ni prestados por la municipalidad<\/strong>, sino por la <strong>Cooperativa de Electricidad de Winifreda (CEW)<\/strong>. Por ese motivo, esos ingresos <strong>no podr\u00edan considerarse recursos tributarios propios del municipio<\/strong> al momento del c\u00e1lculo del \u00edndice de coparticipaci\u00f3n. De todas maneras, <strong>a\u00fan no hay una posici\u00f3n final en Casa de Gobierno y esperan un nuevo descargo o argumento por parte de la intendencia.<\/strong><\/p>\n\n\n\n<p>El planteo de Winifreda se dirigi\u00f3 contra el <strong>Decreto 2487\/2025<\/strong>, mediante el cual el Gobierno de La Pampa estableci\u00f3 el \u00edndice de coparticipaci\u00f3n aplicable a municipalidades y comisiones de fomento en el marco de la <strong>Ley 1065<\/strong>. En su presentaci\u00f3n, el municipio pidi\u00f3 que se computen todos los recursos tributarios recaudados entre el <strong>1 de julio de 2024 y el 30 de junio de 2025<\/strong>.<\/p>\n\n\n\n<p>Seg\u00fan la informaci\u00f3n remitida por la comuna, los ingresos tributarios alcanzaron <strong>$2.234.735.969,48<\/strong>. Sin embargo, en el anexo del decreto provincial solo se reconocieron <strong>$1.288.966.031,58<\/strong> dentro del rubro recursos propios tributarios. La diferencia asciende a <strong>$945.769.938<\/strong>, una cifra que -seg\u00fan el planteo municipal- tiene incidencia directa en el coeficiente que determina la distribuci\u00f3n futura de los fondos coparticipables. De hecho, hubo una baja del \u00edndice con respecto al a\u00f1o anterior.<\/p>\n\n\n\n<p>El reclamo se centra principalmente en <strong>$831.381.481,32<\/strong> que la municipalidad calific\u00f3 como <strong>\u201ccontribuci\u00f3n de mejoras\u201d<\/strong>, un tributo vinculado a obras y servicios urbanos como agua potable, alumbrado p\u00fablico, electricidad, gas natural, cord\u00f3n cuneta, asfalto y desag\u00fces realizados en el marco de procesos de urbanizaci\u00f3n.<\/p>\n\n\n\n<p>Seg\u00fan pudo saber<strong> Diario Textual<\/strong>, Provincia solicit\u00f3 en reiteradas oportunidades a la municipalidad de Winifreda la documentaci\u00f3n que respaldara esos cobros, en particular las <strong>ordenanzas que autorizaron las contribuciones de mejoras<\/strong> y la <strong>ordenanza impositiva vigente<\/strong>. Al menos hasta hace unas semanas, la intendencia no hab\u00eda aportado esa documentaci\u00f3n. <\/p>\n\n\n\n<p>Adem\u00e1s, las obras p\u00fablicas que habr\u00edan dado origen a esos cobros, as\u00ed como algunos servicios p\u00fablicos asociados -como agua y alumbrado-, <strong>no habr\u00edan sido ejecutados ni prestados por la municipalidad<\/strong>, sino por la <strong>Cooperativa de Electricidad de Winifreda (CEW)<\/strong>. Por ese motivo, esos ingresos <strong>no podr\u00edan considerarse recursos tributarios propios del municipio<\/strong> a los efectos del c\u00e1lculo del \u00edndice de coparticipaci\u00f3n.<\/p>\n\n\n\n<p>De todas maneras, se aguarda la explicaci\u00f3n de la intendencia para tomar una decisi\u00f3n definitiva.<\/p>\n\n\n\n<p>El punto es clave porque el IRD se utiliza para definir <strong>qu\u00e9 porcentaje del reparto de fondos provinciales corresponde a cada localidad<\/strong>, por lo que cualquier variaci\u00f3n en los recursos reconocidos puede modificar el monto que recibir\u00e1n los municipios en los pr\u00f3ximos a\u00f1os.<\/p>\n\n\n\n<p><\/p>\n\n\n\n<p><\/p>\n\n\n\n<p><\/p>\n","protected":false},"excerpt":{"rendered":"<p>La municipalidad de Winifreda present\u00f3 un recurso contra el decreto provincial que fij\u00f3 el \u00cdndice Repartidor Definitivo (IRD) de 2026, el coeficiente que determina cu\u00e1nto dinero recibir\u00e1 cada municipio pampeano&hellip;<\/p>\n","protected":false},"author":3,"featured_media":237716,"comment_status":"closed","ping_status":"open","sticky":false,"template":"","format":"standard","meta":{"_acf_changed":false,"footnotes":""},"categories":[11,8],"tags":[],"class_list":["post-322013","post","type-post","status-publish","format-standard","has-post-thumbnail","hentry","category-que-pasa","category-politica"],"acf":[],"yoast_head":"<!-- This site is optimized with the Yoast SEO plugin v27.5 - https:\/\/yoast.com\/product\/yoast-seo-wordpress\/ -->\n<title>Winifreda cuestion\u00f3 su \u00edndice de coparticipaci\u00f3n: sus argumentos y la posici\u00f3n de la Provincia - Diario Textual<\/title>\n<meta name=\"robots\" content=\"index, follow, max-snippet:-1, max-image-preview:large, max-video-preview:-1\" \/>\n<link rel=\"canonical\" href=\"https:\/\/diariotextual.com\/inicio\/index.php\/2026\/03\/12\/winifreda-cuestiono-su-indice-de-coparticipacion-sus-argumentos-y-la-posicion-de-la-provincia\/\" \/>\n<meta property=\"og:locale\" content=\"es_ES\" \/>\n<meta property=\"og:type\" content=\"article\" \/>\n<meta property=\"og:title\" content=\"Winifreda cuestion\u00f3 su \u00edndice de coparticipaci\u00f3n: sus argumentos y la posici\u00f3n de la Provincia - Diario Textual\" \/>\n<meta property=\"og:description\" content=\"La municipalidad de Winifreda present\u00f3 un recurso contra el decreto provincial que fij\u00f3 el \u00cdndice Repartidor Definitivo (IRD) de 2026, el coeficiente que determina cu\u00e1nto dinero recibir\u00e1 cada municipio pampeano&hellip;\" \/>\n<meta property=\"og:url\" content=\"https:\/\/diariotextual.com\/inicio\/index.php\/2026\/03\/12\/winifreda-cuestiono-su-indice-de-coparticipacion-sus-argumentos-y-la-posicion-de-la-provincia\/\" \/>\n<meta property=\"og:site_name\" content=\"Diario Textual\" \/>\n<meta property=\"article:publisher\" content=\"https:\/\/www.facebook.com\/eltextual\" \/>\n<meta property=\"article:published_time\" content=\"2026-03-12T07:27:00+00:00\" \/>\n<meta property=\"article:modified_time\" content=\"2026-03-13T13:41:28+00:00\" \/>\n<meta property=\"og:image\" content=\"https:\/\/diariotextual.com\/inicio\/wp-content\/uploads\/2023\/09\/winifredaaccesoinfowini2023-1.jpg\" \/>\n\t<meta property=\"og:image:width\" content=\"1024\" \/>\n\t<meta property=\"og:image:height\" content=\"680\" \/>\n\t<meta property=\"og:image:type\" content=\"image\/jpeg\" \/>\n<meta name=\"author\" content=\"Diario1 Diario1\" \/>\n<meta name=\"twitter:card\" content=\"summary_large_image\" \/>\n<meta name=\"twitter:creator\" content=\"@eltextual\" \/>\n<meta name=\"twitter:site\" content=\"@eltextual\" \/>\n<meta name=\"twitter:label1\" content=\"Escrito por\" \/>\n\t<meta name=\"twitter:data1\" content=\"Diario1 Diario1\" \/>\n\t<meta name=\"twitter:label2\" content=\"Tiempo de lectura\" \/>\n\t<meta name=\"twitter:data2\" content=\"3 minutos\" \/>\n<script type=\"application\/ld+json\" class=\"yoast-schema-graph\">{\"@context\":\"https:\\\/\\\/schema.org\",\"@graph\":[{\"@type\":\"Article\",\"@id\":\"https:\\\/\\\/diariotextual.com\\\/inicio\\\/index.php\\\/2026\\\/03\\\/12\\\/winifreda-cuestiono-su-indice-de-coparticipacion-sus-argumentos-y-la-posicion-de-la-provincia\\\/#article\",\"isPartOf\":{\"@id\":\"https:\\\/\\\/diariotextual.com\\\/inicio\\\/index.php\\\/2026\\\/03\\\/12\\\/winifreda-cuestiono-su-indice-de-coparticipacion-sus-argumentos-y-la-posicion-de-la-provincia\\\/\"},\"author\":{\"name\":\"Diario1 Diario1\",\"@id\":\"https:\\\/\\\/diariotextual.com\\\/inicio\\\/#\\\/schema\\\/person\\\/418fc4093c33e86ed41562db3508f958\"},\"headline\":\"Winifreda cuestion\u00f3 su \u00edndice de coparticipaci\u00f3n: sus argumentos y la posici\u00f3n de la Provincia\",\"datePublished\":\"2026-03-12T07:27:00+00:00\",\"dateModified\":\"2026-03-13T13:41:28+00:00\",\"mainEntityOfPage\":{\"@id\":\"https:\\\/\\\/diariotextual.com\\\/inicio\\\/index.php\\\/2026\\\/03\\\/12\\\/winifreda-cuestiono-su-indice-de-coparticipacion-sus-argumentos-y-la-posicion-de-la-provincia\\\/\"},\"wordCount\":577,\"publisher\":{\"@id\":\"https:\\\/\\\/diariotextual.com\\\/inicio\\\/#organization\"},\"image\":{\"@id\":\"https:\\\/\\\/diariotextual.com\\\/inicio\\\/index.php\\\/2026\\\/03\\\/12\\\/winifreda-cuestiono-su-indice-de-coparticipacion-sus-argumentos-y-la-posicion-de-la-provincia\\\/#primaryimage\"},\"thumbnailUrl\":\"https:\\\/\\\/diariotextual.com\\\/inicio\\\/wp-content\\\/uploads\\\/2023\\\/09\\\/winifredaaccesoinfowini2023-1.jpg\",\"articleSection\":[\"A - QUE PASA (al costado)\",\"POLITICA\"],\"inLanguage\":\"es\"},{\"@type\":\"WebPage\",\"@id\":\"https:\\\/\\\/diariotextual.com\\\/inicio\\\/index.php\\\/2026\\\/03\\\/12\\\/winifreda-cuestiono-su-indice-de-coparticipacion-sus-argumentos-y-la-posicion-de-la-provincia\\\/\",\"url\":\"https:\\\/\\\/diariotextual.com\\\/inicio\\\/index.php\\\/2026\\\/03\\\/12\\\/winifreda-cuestiono-su-indice-de-coparticipacion-sus-argumentos-y-la-posicion-de-la-provincia\\\/\",\"name\":\"Winifreda cuestion\u00f3 su \u00edndice de coparticipaci\u00f3n: sus argumentos y la posici\u00f3n de la Provincia - Diario Textual\",\"isPartOf\":{\"@id\":\"https:\\\/\\\/diariotextual.com\\\/inicio\\\/#website\"},\"primaryImageOfPage\":{\"@id\":\"https:\\\/\\\/diariotextual.com\\\/inicio\\\/index.php\\\/2026\\\/03\\\/12\\\/winifreda-cuestiono-su-indice-de-coparticipacion-sus-argumentos-y-la-posicion-de-la-provincia\\\/#primaryimage\"},\"image\":{\"@id\":\"https:\\\/\\\/diariotextual.com\\\/inicio\\\/index.php\\\/2026\\\/03\\\/12\\\/winifreda-cuestiono-su-indice-de-coparticipacion-sus-argumentos-y-la-posicion-de-la-provincia\\\/#primaryimage\"},\"thumbnailUrl\":\"https:\\\/\\\/diariotextual.com\\\/inicio\\\/wp-content\\\/uploads\\\/2023\\\/09\\\/winifredaaccesoinfowini2023-1.jpg\",\"datePublished\":\"2026-03-12T07:27:00+00:00\",\"dateModified\":\"2026-03-13T13:41:28+00:00\",\"breadcrumb\":{\"@id\":\"https:\\\/\\\/diariotextual.com\\\/inicio\\\/index.php\\\/2026\\\/03\\\/12\\\/winifreda-cuestiono-su-indice-de-coparticipacion-sus-argumentos-y-la-posicion-de-la-provincia\\\/#breadcrumb\"},\"inLanguage\":\"es\",\"potentialAction\":[{\"@type\":\"ReadAction\",\"target\":[\"https:\\\/\\\/diariotextual.com\\\/inicio\\\/index.php\\\/2026\\\/03\\\/12\\\/winifreda-cuestiono-su-indice-de-coparticipacion-sus-argumentos-y-la-posicion-de-la-provincia\\\/\"]}]},{\"@type\":\"ImageObject\",\"inLanguage\":\"es\",\"@id\":\"https:\\\/\\\/diariotextual.com\\\/inicio\\\/index.php\\\/2026\\\/03\\\/12\\\/winifreda-cuestiono-su-indice-de-coparticipacion-sus-argumentos-y-la-posicion-de-la-provincia\\\/#primaryimage\",\"url\":\"https:\\\/\\\/diariotextual.com\\\/inicio\\\/wp-content\\\/uploads\\\/2023\\\/09\\\/winifredaaccesoinfowini2023-1.jpg\",\"contentUrl\":\"https:\\\/\\\/diariotextual.com\\\/inicio\\\/wp-content\\\/uploads\\\/2023\\\/09\\\/winifredaaccesoinfowini2023-1.jpg\",\"width\":1024,\"height\":680},{\"@type\":\"BreadcrumbList\",\"@id\":\"https:\\\/\\\/diariotextual.com\\\/inicio\\\/index.php\\\/2026\\\/03\\\/12\\\/winifreda-cuestiono-su-indice-de-coparticipacion-sus-argumentos-y-la-posicion-de-la-provincia\\\/#breadcrumb\",\"itemListElement\":[{\"@type\":\"ListItem\",\"position\":1,\"name\":\"Portada\",\"item\":\"https:\\\/\\\/diariotextual.com\\\/inicio\\\/\"},{\"@type\":\"ListItem\",\"position\":2,\"name\":\"Winifreda cuestion\u00f3 su \u00edndice de coparticipaci\u00f3n: sus argumentos y la posici\u00f3n de la Provincia\"}]},{\"@type\":\"WebSite\",\"@id\":\"https:\\\/\\\/diariotextual.com\\\/inicio\\\/#website\",\"url\":\"https:\\\/\\\/diariotextual.com\\\/inicio\\\/\",\"name\":\"Diario Textual\",\"description\":\"\",\"publisher\":{\"@id\":\"https:\\\/\\\/diariotextual.com\\\/inicio\\\/#organization\"},\"potentialAction\":[{\"@type\":\"SearchAction\",\"target\":{\"@type\":\"EntryPoint\",\"urlTemplate\":\"https:\\\/\\\/diariotextual.com\\\/inicio\\\/?s={search_term_string}\"},\"query-input\":{\"@type\":\"PropertyValueSpecification\",\"valueRequired\":true,\"valueName\":\"search_term_string\"}}],\"inLanguage\":\"es\"},{\"@type\":\"Organization\",\"@id\":\"https:\\\/\\\/diariotextual.com\\\/inicio\\\/#organization\",\"name\":\"Diario Textual\",\"url\":\"https:\\\/\\\/diariotextual.com\\\/inicio\\\/\",\"logo\":{\"@type\":\"ImageObject\",\"inLanguage\":\"es\",\"@id\":\"https:\\\/\\\/diariotextual.com\\\/inicio\\\/#\\\/schema\\\/logo\\\/image\\\/\",\"url\":\"https:\\\/\\\/diariotextual.com\\\/inicio\\\/wp-content\\\/uploads\\\/2023\\\/05\\\/logotextual1.jpg\",\"contentUrl\":\"https:\\\/\\\/diariotextual.com\\\/inicio\\\/wp-content\\\/uploads\\\/2023\\\/05\\\/logotextual1.jpg\",\"width\":516,\"height\":76,\"caption\":\"Diario Textual\"},\"image\":{\"@id\":\"https:\\\/\\\/diariotextual.com\\\/inicio\\\/#\\\/schema\\\/logo\\\/image\\\/\"},\"sameAs\":[\"https:\\\/\\\/www.facebook.com\\\/eltextual\",\"https:\\\/\\\/x.com\\\/eltextual\",\"http:\\\/\\\/www.instagram.com\\\/eltextual\"]},{\"@type\":\"Person\",\"@id\":\"https:\\\/\\\/diariotextual.com\\\/inicio\\\/#\\\/schema\\\/person\\\/418fc4093c33e86ed41562db3508f958\",\"name\":\"Diario1 Diario1\",\"image\":{\"@type\":\"ImageObject\",\"inLanguage\":\"es\",\"@id\":\"https:\\\/\\\/secure.gravatar.com\\\/avatar\\\/9167d280179c85bc18be67aa7eda765854300033af4896dd779b608640f2ef7a?s=96&d=mm&r=g\",\"url\":\"https:\\\/\\\/secure.gravatar.com\\\/avatar\\\/9167d280179c85bc18be67aa7eda765854300033af4896dd779b608640f2ef7a?s=96&d=mm&r=g\",\"contentUrl\":\"https:\\\/\\\/secure.gravatar.com\\\/avatar\\\/9167d280179c85bc18be67aa7eda765854300033af4896dd779b608640f2ef7a?s=96&d=mm&r=g\",\"caption\":\"Diario1 Diario1\"},\"url\":\"https:\\\/\\\/diariotextual.com\\\/inicio\\\/index.php\\\/author\\\/diario1\\\/\"}]}<\/script>\n<!-- \/ Yoast SEO plugin. -->","yoast_head_json":{"title":"Winifreda cuestion\u00f3 su \u00edndice de coparticipaci\u00f3n: sus argumentos y la posici\u00f3n de la Provincia - Diario Textual","robots":{"index":"index","follow":"follow","max-snippet":"max-snippet:-1","max-image-preview":"max-image-preview:large","max-video-preview":"max-video-preview:-1"},"canonical":"https:\/\/diariotextual.com\/inicio\/index.php\/2026\/03\/12\/winifreda-cuestiono-su-indice-de-coparticipacion-sus-argumentos-y-la-posicion-de-la-provincia\/","og_locale":"es_ES","og_type":"article","og_title":"Winifreda cuestion\u00f3 su \u00edndice de coparticipaci\u00f3n: sus argumentos y la posici\u00f3n de la Provincia - Diario Textual","og_description":"La municipalidad de Winifreda present\u00f3 un recurso contra el decreto provincial que fij\u00f3 el \u00cdndice Repartidor Definitivo (IRD) de 2026, el coeficiente que determina cu\u00e1nto dinero recibir\u00e1 cada municipio pampeano&hellip;","og_url":"https:\/\/diariotextual.com\/inicio\/index.php\/2026\/03\/12\/winifreda-cuestiono-su-indice-de-coparticipacion-sus-argumentos-y-la-posicion-de-la-provincia\/","og_site_name":"Diario Textual","article_publisher":"https:\/\/www.facebook.com\/eltextual","article_published_time":"2026-03-12T07:27:00+00:00","article_modified_time":"2026-03-13T13:41:28+00:00","og_image":[{"width":1024,"height":680,"url":"https:\/\/diariotextual.com\/inicio\/wp-content\/uploads\/2023\/09\/winifredaaccesoinfowini2023-1.jpg","type":"image\/jpeg"}],"author":"Diario1 Diario1","twitter_card":"summary_large_image","twitter_creator":"@eltextual","twitter_site":"@eltextual","twitter_misc":{"Escrito por":"Diario1 Diario1","Tiempo de lectura":"3 minutos"},"schema":{"@context":"https:\/\/schema.org","@graph":[{"@type":"Article","@id":"https:\/\/diariotextual.com\/inicio\/index.php\/2026\/03\/12\/winifreda-cuestiono-su-indice-de-coparticipacion-sus-argumentos-y-la-posicion-de-la-provincia\/#article","isPartOf":{"@id":"https:\/\/diariotextual.com\/inicio\/index.php\/2026\/03\/12\/winifreda-cuestiono-su-indice-de-coparticipacion-sus-argumentos-y-la-posicion-de-la-provincia\/"},"author":{"name":"Diario1 Diario1","@id":"https:\/\/diariotextual.com\/inicio\/#\/schema\/person\/418fc4093c33e86ed41562db3508f958"},"headline":"Winifreda cuestion\u00f3 su \u00edndice de coparticipaci\u00f3n: sus argumentos y la posici\u00f3n de la Provincia","datePublished":"2026-03-12T07:27:00+00:00","dateModified":"2026-03-13T13:41:28+00:00","mainEntityOfPage":{"@id":"https:\/\/diariotextual.com\/inicio\/index.php\/2026\/03\/12\/winifreda-cuestiono-su-indice-de-coparticipacion-sus-argumentos-y-la-posicion-de-la-provincia\/"},"wordCount":577,"publisher":{"@id":"https:\/\/diariotextual.com\/inicio\/#organization"},"image":{"@id":"https:\/\/diariotextual.com\/inicio\/index.php\/2026\/03\/12\/winifreda-cuestiono-su-indice-de-coparticipacion-sus-argumentos-y-la-posicion-de-la-provincia\/#primaryimage"},"thumbnailUrl":"https:\/\/diariotextual.com\/inicio\/wp-content\/uploads\/2023\/09\/winifredaaccesoinfowini2023-1.jpg","articleSection":["A - QUE PASA (al costado)","POLITICA"],"inLanguage":"es"},{"@type":"WebPage","@id":"https:\/\/diariotextual.com\/inicio\/index.php\/2026\/03\/12\/winifreda-cuestiono-su-indice-de-coparticipacion-sus-argumentos-y-la-posicion-de-la-provincia\/","url":"https:\/\/diariotextual.com\/inicio\/index.php\/2026\/03\/12\/winifreda-cuestiono-su-indice-de-coparticipacion-sus-argumentos-y-la-posicion-de-la-provincia\/","name":"Winifreda cuestion\u00f3 su \u00edndice de coparticipaci\u00f3n: sus argumentos y la posici\u00f3n de la Provincia - Diario Textual","isPartOf":{"@id":"https:\/\/diariotextual.com\/inicio\/#website"},"primaryImageOfPage":{"@id":"https:\/\/diariotextual.com\/inicio\/index.php\/2026\/03\/12\/winifreda-cuestiono-su-indice-de-coparticipacion-sus-argumentos-y-la-posicion-de-la-provincia\/#primaryimage"},"image":{"@id":"https:\/\/diariotextual.com\/inicio\/index.php\/2026\/03\/12\/winifreda-cuestiono-su-indice-de-coparticipacion-sus-argumentos-y-la-posicion-de-la-provincia\/#primaryimage"},"thumbnailUrl":"https:\/\/diariotextual.com\/inicio\/wp-content\/uploads\/2023\/09\/winifredaaccesoinfowini2023-1.jpg","datePublished":"2026-03-12T07:27:00+00:00","dateModified":"2026-03-13T13:41:28+00:00","breadcrumb":{"@id":"https:\/\/diariotextual.com\/inicio\/index.php\/2026\/03\/12\/winifreda-cuestiono-su-indice-de-coparticipacion-sus-argumentos-y-la-posicion-de-la-provincia\/#breadcrumb"},"inLanguage":"es","potentialAction":[{"@type":"ReadAction","target":["https:\/\/diariotextual.com\/inicio\/index.php\/2026\/03\/12\/winifreda-cuestiono-su-indice-de-coparticipacion-sus-argumentos-y-la-posicion-de-la-provincia\/"]}]},{"@type":"ImageObject","inLanguage":"es","@id":"https:\/\/diariotextual.com\/inicio\/index.php\/2026\/03\/12\/winifreda-cuestiono-su-indice-de-coparticipacion-sus-argumentos-y-la-posicion-de-la-provincia\/#primaryimage","url":"https:\/\/diariotextual.com\/inicio\/wp-content\/uploads\/2023\/09\/winifredaaccesoinfowini2023-1.jpg","contentUrl":"https:\/\/diariotextual.com\/inicio\/wp-content\/uploads\/2023\/09\/winifredaaccesoinfowini2023-1.jpg","width":1024,"height":680},{"@type":"BreadcrumbList","@id":"https:\/\/diariotextual.com\/inicio\/index.php\/2026\/03\/12\/winifreda-cuestiono-su-indice-de-coparticipacion-sus-argumentos-y-la-posicion-de-la-provincia\/#breadcrumb","itemListElement":[{"@type":"ListItem","position":1,"name":"Portada","item":"https:\/\/diariotextual.com\/inicio\/"},{"@type":"ListItem","position":2,"name":"Winifreda cuestion\u00f3 su \u00edndice de coparticipaci\u00f3n: sus argumentos y la posici\u00f3n de la Provincia"}]},{"@type":"WebSite","@id":"https:\/\/diariotextual.com\/inicio\/#website","url":"https:\/\/diariotextual.com\/inicio\/","name":"Diario Textual","description":"","publisher":{"@id":"https:\/\/diariotextual.com\/inicio\/#organization"},"potentialAction":[{"@type":"SearchAction","target":{"@type":"EntryPoint","urlTemplate":"https:\/\/diariotextual.com\/inicio\/?s={search_term_string}"},"query-input":{"@type":"PropertyValueSpecification","valueRequired":true,"valueName":"search_term_string"}}],"inLanguage":"es"},{"@type":"Organization","@id":"https:\/\/diariotextual.com\/inicio\/#organization","name":"Diario Textual","url":"https:\/\/diariotextual.com\/inicio\/","logo":{"@type":"ImageObject","inLanguage":"es","@id":"https:\/\/diariotextual.com\/inicio\/#\/schema\/logo\/image\/","url":"https:\/\/diariotextual.com\/inicio\/wp-content\/uploads\/2023\/05\/logotextual1.jpg","contentUrl":"https:\/\/diariotextual.com\/inicio\/wp-content\/uploads\/2023\/05\/logotextual1.jpg","width":516,"height":76,"caption":"Diario Textual"},"image":{"@id":"https:\/\/diariotextual.com\/inicio\/#\/schema\/logo\/image\/"},"sameAs":["https:\/\/www.facebook.com\/eltextual","https:\/\/x.com\/eltextual","http:\/\/www.instagram.com\/eltextual"]},{"@type":"Person","@id":"https:\/\/diariotextual.com\/inicio\/#\/schema\/person\/418fc4093c33e86ed41562db3508f958","name":"Diario1 Diario1","image":{"@type":"ImageObject","inLanguage":"es","@id":"https:\/\/secure.gravatar.com\/avatar\/9167d280179c85bc18be67aa7eda765854300033af4896dd779b608640f2ef7a?s=96&d=mm&r=g","url":"https:\/\/secure.gravatar.com\/avatar\/9167d280179c85bc18be67aa7eda765854300033af4896dd779b608640f2ef7a?s=96&d=mm&r=g","contentUrl":"https:\/\/secure.gravatar.com\/avatar\/9167d280179c85bc18be67aa7eda765854300033af4896dd779b608640f2ef7a?s=96&d=mm&r=g","caption":"Diario1 Diario1"},"url":"https:\/\/diariotextual.com\/inicio\/index.php\/author\/diario1\/"}]}},"_links":{"self":[{"href":"https:\/\/diariotextual.com\/inicio\/index.php\/wp-json\/wp\/v2\/posts\/322013","targetHints":{"allow":["GET"]}}],"collection":[{"href":"https:\/\/diariotextual.com\/inicio\/index.php\/wp-json\/wp\/v2\/posts"}],"about":[{"href":"https:\/\/diariotextual.com\/inicio\/index.php\/wp-json\/wp\/v2\/types\/post"}],"author":[{"embeddable":true,"href":"https:\/\/diariotextual.com\/inicio\/index.php\/wp-json\/wp\/v2\/users\/3"}],"replies":[{"embeddable":true,"href":"https:\/\/diariotextual.com\/inicio\/index.php\/wp-json\/wp\/v2\/comments?post=322013"}],"version-history":[{"count":8,"href":"https:\/\/diariotextual.com\/inicio\/index.php\/wp-json\/wp\/v2\/posts\/322013\/revisions"}],"predecessor-version":[{"id":322051,"href":"https:\/\/diariotextual.com\/inicio\/index.php\/wp-json\/wp\/v2\/posts\/322013\/revisions\/322051"}],"wp:featuredmedia":[{"embeddable":true,"href":"https:\/\/diariotextual.com\/inicio\/index.php\/wp-json\/wp\/v2\/media\/237716"}],"wp:attachment":[{"href":"https:\/\/diariotextual.com\/inicio\/index.php\/wp-json\/wp\/v2\/media?parent=322013"}],"wp:term":[{"taxonomy":"category","embeddable":true,"href":"https:\/\/diariotextual.com\/inicio\/index.php\/wp-json\/wp\/v2\/categories?post=322013"},{"taxonomy":"post_tag","embeddable":true,"href":"https:\/\/diariotextual.com\/inicio\/index.php\/wp-json\/wp\/v2\/tags?post=322013"}],"curies":[{"name":"wp","href":"https:\/\/api.w.org\/{rel}","templated":true}]}}