{"id":322053,"date":"2026-03-11T23:10:15","date_gmt":"2026-03-12T02:10:15","guid":{"rendered":"https:\/\/diariotextual.com\/inicio\/?p=322053"},"modified":"2026-03-12T09:11:30","modified_gmt":"2026-03-12T12:11:30","slug":"detuvieron-en-rio-negro-al-principal-sospechoso-de-la-banda-que-hizo-un-robo-millonario-a-una-jubilada-de-santa-rosa","status":"publish","type":"post","link":"https:\/\/diariotextual.com\/inicio\/index.php\/2026\/03\/11\/detuvieron-en-rio-negro-al-principal-sospechoso-de-la-banda-que-hizo-un-robo-millonario-a-una-jubilada-de-santa-rosa\/","title":{"rendered":"Detuvieron en R\u00edo Negro al principal sospechoso de la banda que hizo un robo millonario a una jubilada de Santa Rosa"},"content":{"rendered":"\n<p>La <strong>Polic\u00eda de La Pampa<\/strong> detuvo en la ciudad rionegrina de General Roca a un sospechoso considerado pieza clave en la investigaci\u00f3n por el <strong>robo millonario, de 600 mil d\u00f3lares, a una mujer de 75 a\u00f1os de Santa Rosa<\/strong>, ocurrido el 30 de octubre de 2025 en una vivienda de la <strong>calle Juan XXIII<\/strong>. La pesquisa tambi\u00e9n vincula a los acusados con una banda que habr\u00eda participado de un violento asalto a un matrimonio de adultos mayores en Cipolletti. El dinero, por ahora, no apareci\u00f3.<\/p>\n\n\n\n<figure class=\"wp-block-image size-large\"><img fetchpriority=\"high\" decoding=\"async\" width=\"1024\" height=\"771\" src=\"https:\/\/diariotextual.com\/inicio\/wp-content\/uploads\/2026\/03\/detenidobandacuentodeltioestafasantarosa2026-2-1024x771.jpg\" alt=\"\" class=\"wp-image-322058\" srcset=\"https:\/\/diariotextual.com\/inicio\/wp-content\/uploads\/2026\/03\/detenidobandacuentodeltioestafasantarosa2026-2-1024x771.jpg 1024w, https:\/\/diariotextual.com\/inicio\/wp-content\/uploads\/2026\/03\/detenidobandacuentodeltioestafasantarosa2026-2-300x226.jpg 300w, https:\/\/diariotextual.com\/inicio\/wp-content\/uploads\/2026\/03\/detenidobandacuentodeltioestafasantarosa2026-2-768x578.jpg 768w, https:\/\/diariotextual.com\/inicio\/wp-content\/uploads\/2026\/03\/detenidobandacuentodeltioestafasantarosa2026-2-1170x880.jpg 1170w, https:\/\/diariotextual.com\/inicio\/wp-content\/uploads\/2026\/03\/detenidobandacuentodeltioestafasantarosa2026-2-585x440.jpg 585w, https:\/\/diariotextual.com\/inicio\/wp-content\/uploads\/2026\/03\/detenidobandacuentodeltioestafasantarosa2026-2.jpg 1200w\" sizes=\"(max-width: 1024px) 100vw, 1024px\" \/><\/figure>\n\n\n\n<p>El procedimiento, pudo saber<strong> Diario Textual<\/strong>, se realiz\u00f3 en el marco de una serie de <strong>allanamientos ordenados por la Justicia pampeana<\/strong>, con intervenci\u00f3n de las fiscales <strong>Leticia Pordomingo<\/strong> y <strong>Gisela Yanina Masi<\/strong>. En la causa se investiga el robo de <strong>unos 600.000 d\u00f3lares y joyas de oro<\/strong> sustra\u00eddos a la v\u00edctima en su casa de Santa Rosa.<\/p>\n\n\n\n<p>La detenci\u00f3n se concret\u00f3 en una vivienda de <strong>calle 248 al 1700<\/strong> de General Roca. All\u00ed los investigadores secuestraron <strong>prendas de vestir presuntamente usadas en el hecho, tel\u00e9fonos celulares, municiones calibre 9 mil\u00edmetros, cartuchos de escopeta y una granada de gas lacrim\u00f3geno<\/strong>, elementos que ser\u00e1n peritados.<\/p>\n\n\n\n<p>Seg\u00fan la investigaci\u00f3n, el detenido hab\u00eda recuperado la libertad el <strong>14 de octubre de 2025<\/strong>, luego de cumplir una condena de <strong>seis a\u00f1os y seis meses por robos calificados<\/strong>, y apenas dos semanas despu\u00e9s habr\u00eda participado del asalto a la jubilada santarrose\u00f1a.<\/p>\n\n\n\n<div style=\"height:100px\" aria-hidden=\"true\" class=\"wp-block-spacer\"><\/div>\n\n\n\n<p><strong>Allanamientos en dos provincias<\/strong><\/p>\n\n\n\n<p>El operativo realizado este <strong>11 de marzo<\/strong> incluy\u00f3 <strong>siete allanamientos simult\u00e1neos<\/strong> en Neuqu\u00e9n, Cipolletti y General Roca, con la colaboraci\u00f3n de unidades de investigaci\u00f3n de las polic\u00edas de R\u00edo Negro y Neuqu\u00e9n y la participaci\u00f3n de la <strong>Brigada de Investigaciones de la Unidad Regional I<\/strong>.<\/p>\n\n\n\n<p>En la ciudad de Neuqu\u00e9n se allan\u00f3 una vivienda de <strong>calle Richieri<\/strong>, donde se secuestr\u00f3 documentaci\u00f3n vinculada a la causa y se buscaba un <strong>autom\u00f3vil Fiat Cronos gris<\/strong>, adem\u00e1s de dinero y joyas.<\/p>\n\n\n\n<p>Tambi\u00e9n hubo un procedimiento en el <strong>establecimiento de ejecuci\u00f3n penal N\u00ba 5 de Cipolletti<\/strong>, donde est\u00e1 detenido otro de los imputados. En ese lugar se secuestraron <strong>seis tel\u00e9fonos celulares<\/strong>, que ser\u00e1n peritados para reconstruir comunicaciones y eventuales v\u00ednculos con otros sospechosos.<\/p>\n\n\n\n<div style=\"height:100px\" aria-hidden=\"true\" class=\"wp-block-spacer\"><\/div>\n\n\n\n<p><strong>Un presunto centro de estafas<\/strong><\/p>\n\n\n\n<p>En una vivienda vinculada a la pareja de uno de los acusados los investigadores secuestraron <strong>m\u00e1s de 60 bl\u00edsteres con tarjetas SIM de distintas compa\u00f1\u00edas, varios tel\u00e9fonos celulares y joyas de oro<\/strong>. Los investigadores sospechan que el lugar funcionaba como un <strong>centro de estafas telef\u00f3nicas<\/strong>, desde donde se realizaban llamadas masivas para enga\u00f1ar a las v\u00edctimas y obtener dinero o datos personales.<\/p>\n\n\n\n<p>En <strong>General Roca<\/strong> se realizaron adem\u00e1s <strong>cinco allanamientos<\/strong>, con participaci\u00f3n del grupo especial <strong>Coer<\/strong> y personal de investigaciones de R\u00edo Negro. En uno de los domicilios se secuestraron <strong>dos celulares<\/strong> y <strong>14 plantas de cannabis sativa<\/strong>, intervenci\u00f3n que qued\u00f3 a cargo del \u00e1rea de Narc\u00f3ticos.<\/p>\n\n\n\n<div style=\"height:100px\" aria-hidden=\"true\" class=\"wp-block-spacer\"><\/div>\n\n\n\n<p><strong>V\u00ednculos con un violento robo en Cipolletti<\/strong><\/p>\n\n\n\n<p>La investigaci\u00f3n pampeana tambi\u00e9n relaciona a los detenidos con el <strong>asalto a un matrimonio de Cipolletti ocurrido en marzo de 2025<\/strong>, caso en el que <strong>dos polic\u00edas rionegrinos<\/strong> fueron imputados como integrantes de la banda. Durante ese hecho las v\u00edctimas fueron reducidas dentro de su vivienda y el hombre sufri\u00f3 <strong>lesiones grav\u00edsimas<\/strong>.<\/p>\n\n\n\n<p>Adem\u00e1s, uno de los imputados hab\u00eda sido detenido en <strong>diciembre pasado en Bah\u00eda Blanca<\/strong> en una causa por estafas bajo la modalidad <strong>\u201ccuento del t\u00edo\u201d<\/strong>. En ese operativo se secuestr\u00f3 un <strong>Chevrolet Onix gris<\/strong> que habr\u00eda sido utilizado en un intento de estafa en Santa Rosa.<\/p>\n\n\n\n<div style=\"height:100px\" aria-hidden=\"true\" class=\"wp-block-spacer\"><\/div>\n\n\n\n<p><strong>Avanza la investigaci\u00f3n<\/strong><\/p>\n\n\n\n<p>Los procedimientos se realizaron a partir de <strong>exhortos del juez de control de la Primera Circunscripci\u00f3n Judicial, Carlos Mat\u00edas Chapalcaz<\/strong>, a magistrados de Neuqu\u00e9n y R\u00edo Negro para habilitar las medidas en esas jurisdicciones.<\/p>\n\n\n\n<p>Fuentes de la investigaci\u00f3n indicaron que, con la <strong>detenci\u00f3n del principal sospechoso<\/strong> y el secuestro de nueva evidencia en <strong>Neuqu\u00e9n, Cipolletti y General Roca<\/strong>, la causa por el robo millonario a la jubilada santarrose\u00f1a <strong>ingres\u00f3 en una etapa decisiva<\/strong>. Ahora se analizar\u00e1n comunicaciones, movimientos de dinero y posibles conexiones con otros hechos delictivos en <strong>La Pampa y R\u00edo Negro<\/strong>.<\/p>\n\n\n\n<p><\/p>\n","protected":false},"excerpt":{"rendered":"<p>La Polic\u00eda de La Pampa detuvo en la ciudad rionegrina de General Roca a un sospechoso considerado pieza clave en la investigaci\u00f3n por el robo millonario, de 600 mil d\u00f3lares,&hellip;<\/p>\n","protected":false},"author":3,"featured_media":322057,"comment_status":"closed","ping_status":"open","sticky":false,"template":"","format":"standard","meta":{"_acf_changed":false,"footnotes":""},"categories":[10,12],"tags":[],"class_list":["post-322053","post","type-post","status-publish","format-standard","has-post-thumbnail","hentry","category-portada-2","category-sociedad"],"acf":[],"yoast_head":"<!-- This site is optimized with the Yoast SEO plugin v27.5 - https:\/\/yoast.com\/product\/yoast-seo-wordpress\/ -->\n<title>Detuvieron en R\u00edo Negro al principal sospechoso de la banda que hizo un robo millonario a una jubilada de Santa Rosa - Diario Textual<\/title>\n<meta name=\"robots\" content=\"index, follow, max-snippet:-1, max-image-preview:large, max-video-preview:-1\" \/>\n<link rel=\"canonical\" href=\"https:\/\/diariotextual.com\/inicio\/index.php\/2026\/03\/11\/detuvieron-en-rio-negro-al-principal-sospechoso-de-la-banda-que-hizo-un-robo-millonario-a-una-jubilada-de-santa-rosa\/\" \/>\n<meta property=\"og:locale\" content=\"es_ES\" \/>\n<meta property=\"og:type\" content=\"article\" \/>\n<meta property=\"og:title\" content=\"Detuvieron en R\u00edo Negro al principal sospechoso de la banda que hizo un robo millonario a una jubilada de Santa Rosa - Diario Textual\" \/>\n<meta property=\"og:description\" content=\"La Polic\u00eda de La Pampa detuvo en la ciudad rionegrina de General Roca a un sospechoso considerado pieza clave en la investigaci\u00f3n por el robo millonario, de 600 mil d\u00f3lares,&hellip;\" \/>\n<meta property=\"og:url\" content=\"https:\/\/diariotextual.com\/inicio\/index.php\/2026\/03\/11\/detuvieron-en-rio-negro-al-principal-sospechoso-de-la-banda-que-hizo-un-robo-millonario-a-una-jubilada-de-santa-rosa\/\" \/>\n<meta property=\"og:site_name\" content=\"Diario Textual\" \/>\n<meta property=\"article:publisher\" content=\"https:\/\/www.facebook.com\/eltextual\" \/>\n<meta property=\"article:published_time\" content=\"2026-03-12T02:10:15+00:00\" \/>\n<meta property=\"article:modified_time\" content=\"2026-03-12T12:11:30+00:00\" \/>\n<meta property=\"og:image\" content=\"https:\/\/diariotextual.com\/inicio\/wp-content\/uploads\/2026\/03\/detenidobandacuentodeltioestafasantarosa2026-1.jpg\" \/>\n\t<meta property=\"og:image:width\" content=\"720\" \/>\n\t<meta property=\"og:image:height\" content=\"481\" \/>\n\t<meta property=\"og:image:type\" content=\"image\/jpeg\" \/>\n<meta name=\"author\" content=\"Diario1 Diario1\" \/>\n<meta name=\"twitter:card\" content=\"summary_large_image\" \/>\n<meta name=\"twitter:creator\" content=\"@eltextual\" \/>\n<meta name=\"twitter:site\" content=\"@eltextual\" \/>\n<meta name=\"twitter:label1\" content=\"Escrito por\" \/>\n\t<meta name=\"twitter:data1\" content=\"Diario1 Diario1\" \/>\n\t<meta name=\"twitter:label2\" content=\"Tiempo de lectura\" \/>\n\t<meta name=\"twitter:data2\" content=\"4 minutos\" \/>\n<script type=\"application\/ld+json\" class=\"yoast-schema-graph\">{\"@context\":\"https:\\\/\\\/schema.org\",\"@graph\":[{\"@type\":\"Article\",\"@id\":\"https:\\\/\\\/diariotextual.com\\\/inicio\\\/index.php\\\/2026\\\/03\\\/11\\\/detuvieron-en-rio-negro-al-principal-sospechoso-de-la-banda-que-hizo-un-robo-millonario-a-una-jubilada-de-santa-rosa\\\/#article\",\"isPartOf\":{\"@id\":\"https:\\\/\\\/diariotextual.com\\\/inicio\\\/index.php\\\/2026\\\/03\\\/11\\\/detuvieron-en-rio-negro-al-principal-sospechoso-de-la-banda-que-hizo-un-robo-millonario-a-una-jubilada-de-santa-rosa\\\/\"},\"author\":{\"name\":\"Diario1 Diario1\",\"@id\":\"https:\\\/\\\/diariotextual.com\\\/inicio\\\/#\\\/schema\\\/person\\\/418fc4093c33e86ed41562db3508f958\"},\"headline\":\"Detuvieron en R\u00edo Negro al principal sospechoso de la banda que hizo un robo millonario a una jubilada de Santa Rosa\",\"datePublished\":\"2026-03-12T02:10:15+00:00\",\"dateModified\":\"2026-03-12T12:11:30+00:00\",\"mainEntityOfPage\":{\"@id\":\"https:\\\/\\\/diariotextual.com\\\/inicio\\\/index.php\\\/2026\\\/03\\\/11\\\/detuvieron-en-rio-negro-al-principal-sospechoso-de-la-banda-que-hizo-un-robo-millonario-a-una-jubilada-de-santa-rosa\\\/\"},\"wordCount\":746,\"publisher\":{\"@id\":\"https:\\\/\\\/diariotextual.com\\\/inicio\\\/#organization\"},\"image\":{\"@id\":\"https:\\\/\\\/diariotextual.com\\\/inicio\\\/index.php\\\/2026\\\/03\\\/11\\\/detuvieron-en-rio-negro-al-principal-sospechoso-de-la-banda-que-hizo-un-robo-millonario-a-una-jubilada-de-santa-rosa\\\/#primaryimage\"},\"thumbnailUrl\":\"https:\\\/\\\/diariotextual.com\\\/inicio\\\/wp-content\\\/uploads\\\/2026\\\/03\\\/detenidobandacuentodeltioestafasantarosa2026-1.jpg\",\"articleSection\":[\"A - PORTADA2\",\"SOCIEDAD\"],\"inLanguage\":\"es\"},{\"@type\":\"WebPage\",\"@id\":\"https:\\\/\\\/diariotextual.com\\\/inicio\\\/index.php\\\/2026\\\/03\\\/11\\\/detuvieron-en-rio-negro-al-principal-sospechoso-de-la-banda-que-hizo-un-robo-millonario-a-una-jubilada-de-santa-rosa\\\/\",\"url\":\"https:\\\/\\\/diariotextual.com\\\/inicio\\\/index.php\\\/2026\\\/03\\\/11\\\/detuvieron-en-rio-negro-al-principal-sospechoso-de-la-banda-que-hizo-un-robo-millonario-a-una-jubilada-de-santa-rosa\\\/\",\"name\":\"Detuvieron en R\u00edo Negro al principal sospechoso de la banda que hizo un robo millonario a una jubilada de Santa Rosa - Diario Textual\",\"isPartOf\":{\"@id\":\"https:\\\/\\\/diariotextual.com\\\/inicio\\\/#website\"},\"primaryImageOfPage\":{\"@id\":\"https:\\\/\\\/diariotextual.com\\\/inicio\\\/index.php\\\/2026\\\/03\\\/11\\\/detuvieron-en-rio-negro-al-principal-sospechoso-de-la-banda-que-hizo-un-robo-millonario-a-una-jubilada-de-santa-rosa\\\/#primaryimage\"},\"image\":{\"@id\":\"https:\\\/\\\/diariotextual.com\\\/inicio\\\/index.php\\\/2026\\\/03\\\/11\\\/detuvieron-en-rio-negro-al-principal-sospechoso-de-la-banda-que-hizo-un-robo-millonario-a-una-jubilada-de-santa-rosa\\\/#primaryimage\"},\"thumbnailUrl\":\"https:\\\/\\\/diariotextual.com\\\/inicio\\\/wp-content\\\/uploads\\\/2026\\\/03\\\/detenidobandacuentodeltioestafasantarosa2026-1.jpg\",\"datePublished\":\"2026-03-12T02:10:15+00:00\",\"dateModified\":\"2026-03-12T12:11:30+00:00\",\"breadcrumb\":{\"@id\":\"https:\\\/\\\/diariotextual.com\\\/inicio\\\/index.php\\\/2026\\\/03\\\/11\\\/detuvieron-en-rio-negro-al-principal-sospechoso-de-la-banda-que-hizo-un-robo-millonario-a-una-jubilada-de-santa-rosa\\\/#breadcrumb\"},\"inLanguage\":\"es\",\"potentialAction\":[{\"@type\":\"ReadAction\",\"target\":[\"https:\\\/\\\/diariotextual.com\\\/inicio\\\/index.php\\\/2026\\\/03\\\/11\\\/detuvieron-en-rio-negro-al-principal-sospechoso-de-la-banda-que-hizo-un-robo-millonario-a-una-jubilada-de-santa-rosa\\\/\"]}]},{\"@type\":\"ImageObject\",\"inLanguage\":\"es\",\"@id\":\"https:\\\/\\\/diariotextual.com\\\/inicio\\\/index.php\\\/2026\\\/03\\\/11\\\/detuvieron-en-rio-negro-al-principal-sospechoso-de-la-banda-que-hizo-un-robo-millonario-a-una-jubilada-de-santa-rosa\\\/#primaryimage\",\"url\":\"https:\\\/\\\/diariotextual.com\\\/inicio\\\/wp-content\\\/uploads\\\/2026\\\/03\\\/detenidobandacuentodeltioestafasantarosa2026-1.jpg\",\"contentUrl\":\"https:\\\/\\\/diariotextual.com\\\/inicio\\\/wp-content\\\/uploads\\\/2026\\\/03\\\/detenidobandacuentodeltioestafasantarosa2026-1.jpg\",\"width\":720,\"height\":481},{\"@type\":\"BreadcrumbList\",\"@id\":\"https:\\\/\\\/diariotextual.com\\\/inicio\\\/index.php\\\/2026\\\/03\\\/11\\\/detuvieron-en-rio-negro-al-principal-sospechoso-de-la-banda-que-hizo-un-robo-millonario-a-una-jubilada-de-santa-rosa\\\/#breadcrumb\",\"itemListElement\":[{\"@type\":\"ListItem\",\"position\":1,\"name\":\"Portada\",\"item\":\"https:\\\/\\\/diariotextual.com\\\/inicio\\\/\"},{\"@type\":\"ListItem\",\"position\":2,\"name\":\"Detuvieron en R\u00edo Negro al principal sospechoso de la banda que hizo un robo millonario a una jubilada de Santa Rosa\"}]},{\"@type\":\"WebSite\",\"@id\":\"https:\\\/\\\/diariotextual.com\\\/inicio\\\/#website\",\"url\":\"https:\\\/\\\/diariotextual.com\\\/inicio\\\/\",\"name\":\"Diario Textual\",\"description\":\"\",\"publisher\":{\"@id\":\"https:\\\/\\\/diariotextual.com\\\/inicio\\\/#organization\"},\"potentialAction\":[{\"@type\":\"SearchAction\",\"target\":{\"@type\":\"EntryPoint\",\"urlTemplate\":\"https:\\\/\\\/diariotextual.com\\\/inicio\\\/?s={search_term_string}\"},\"query-input\":{\"@type\":\"PropertyValueSpecification\",\"valueRequired\":true,\"valueName\":\"search_term_string\"}}],\"inLanguage\":\"es\"},{\"@type\":\"Organization\",\"@id\":\"https:\\\/\\\/diariotextual.com\\\/inicio\\\/#organization\",\"name\":\"Diario Textual\",\"url\":\"https:\\\/\\\/diariotextual.com\\\/inicio\\\/\",\"logo\":{\"@type\":\"ImageObject\",\"inLanguage\":\"es\",\"@id\":\"https:\\\/\\\/diariotextual.com\\\/inicio\\\/#\\\/schema\\\/logo\\\/image\\\/\",\"url\":\"https:\\\/\\\/diariotextual.com\\\/inicio\\\/wp-content\\\/uploads\\\/2023\\\/05\\\/logotextual1.jpg\",\"contentUrl\":\"https:\\\/\\\/diariotextual.com\\\/inicio\\\/wp-content\\\/uploads\\\/2023\\\/05\\\/logotextual1.jpg\",\"width\":516,\"height\":76,\"caption\":\"Diario Textual\"},\"image\":{\"@id\":\"https:\\\/\\\/diariotextual.com\\\/inicio\\\/#\\\/schema\\\/logo\\\/image\\\/\"},\"sameAs\":[\"https:\\\/\\\/www.facebook.com\\\/eltextual\",\"https:\\\/\\\/x.com\\\/eltextual\",\"http:\\\/\\\/www.instagram.com\\\/eltextual\"]},{\"@type\":\"Person\",\"@id\":\"https:\\\/\\\/diariotextual.com\\\/inicio\\\/#\\\/schema\\\/person\\\/418fc4093c33e86ed41562db3508f958\",\"name\":\"Diario1 Diario1\",\"image\":{\"@type\":\"ImageObject\",\"inLanguage\":\"es\",\"@id\":\"https:\\\/\\\/secure.gravatar.com\\\/avatar\\\/9167d280179c85bc18be67aa7eda765854300033af4896dd779b608640f2ef7a?s=96&d=mm&r=g\",\"url\":\"https:\\\/\\\/secure.gravatar.com\\\/avatar\\\/9167d280179c85bc18be67aa7eda765854300033af4896dd779b608640f2ef7a?s=96&d=mm&r=g\",\"contentUrl\":\"https:\\\/\\\/secure.gravatar.com\\\/avatar\\\/9167d280179c85bc18be67aa7eda765854300033af4896dd779b608640f2ef7a?s=96&d=mm&r=g\",\"caption\":\"Diario1 Diario1\"},\"url\":\"https:\\\/\\\/diariotextual.com\\\/inicio\\\/index.php\\\/author\\\/diario1\\\/\"}]}<\/script>\n<!-- \/ Yoast SEO plugin. -->","yoast_head_json":{"title":"Detuvieron en R\u00edo Negro al principal sospechoso de la banda que hizo un robo millonario a una jubilada de Santa Rosa - Diario Textual","robots":{"index":"index","follow":"follow","max-snippet":"max-snippet:-1","max-image-preview":"max-image-preview:large","max-video-preview":"max-video-preview:-1"},"canonical":"https:\/\/diariotextual.com\/inicio\/index.php\/2026\/03\/11\/detuvieron-en-rio-negro-al-principal-sospechoso-de-la-banda-que-hizo-un-robo-millonario-a-una-jubilada-de-santa-rosa\/","og_locale":"es_ES","og_type":"article","og_title":"Detuvieron en R\u00edo Negro al principal sospechoso de la banda que hizo un robo millonario a una jubilada de Santa Rosa - Diario Textual","og_description":"La Polic\u00eda de La Pampa detuvo en la ciudad rionegrina de General Roca a un sospechoso considerado pieza clave en la investigaci\u00f3n por el robo millonario, de 600 mil d\u00f3lares,&hellip;","og_url":"https:\/\/diariotextual.com\/inicio\/index.php\/2026\/03\/11\/detuvieron-en-rio-negro-al-principal-sospechoso-de-la-banda-que-hizo-un-robo-millonario-a-una-jubilada-de-santa-rosa\/","og_site_name":"Diario Textual","article_publisher":"https:\/\/www.facebook.com\/eltextual","article_published_time":"2026-03-12T02:10:15+00:00","article_modified_time":"2026-03-12T12:11:30+00:00","og_image":[{"width":720,"height":481,"url":"https:\/\/diariotextual.com\/inicio\/wp-content\/uploads\/2026\/03\/detenidobandacuentodeltioestafasantarosa2026-1.jpg","type":"image\/jpeg"}],"author":"Diario1 Diario1","twitter_card":"summary_large_image","twitter_creator":"@eltextual","twitter_site":"@eltextual","twitter_misc":{"Escrito por":"Diario1 Diario1","Tiempo de lectura":"4 minutos"},"schema":{"@context":"https:\/\/schema.org","@graph":[{"@type":"Article","@id":"https:\/\/diariotextual.com\/inicio\/index.php\/2026\/03\/11\/detuvieron-en-rio-negro-al-principal-sospechoso-de-la-banda-que-hizo-un-robo-millonario-a-una-jubilada-de-santa-rosa\/#article","isPartOf":{"@id":"https:\/\/diariotextual.com\/inicio\/index.php\/2026\/03\/11\/detuvieron-en-rio-negro-al-principal-sospechoso-de-la-banda-que-hizo-un-robo-millonario-a-una-jubilada-de-santa-rosa\/"},"author":{"name":"Diario1 Diario1","@id":"https:\/\/diariotextual.com\/inicio\/#\/schema\/person\/418fc4093c33e86ed41562db3508f958"},"headline":"Detuvieron en R\u00edo Negro al principal sospechoso de la banda que hizo un robo millonario a una jubilada de Santa Rosa","datePublished":"2026-03-12T02:10:15+00:00","dateModified":"2026-03-12T12:11:30+00:00","mainEntityOfPage":{"@id":"https:\/\/diariotextual.com\/inicio\/index.php\/2026\/03\/11\/detuvieron-en-rio-negro-al-principal-sospechoso-de-la-banda-que-hizo-un-robo-millonario-a-una-jubilada-de-santa-rosa\/"},"wordCount":746,"publisher":{"@id":"https:\/\/diariotextual.com\/inicio\/#organization"},"image":{"@id":"https:\/\/diariotextual.com\/inicio\/index.php\/2026\/03\/11\/detuvieron-en-rio-negro-al-principal-sospechoso-de-la-banda-que-hizo-un-robo-millonario-a-una-jubilada-de-santa-rosa\/#primaryimage"},"thumbnailUrl":"https:\/\/diariotextual.com\/inicio\/wp-content\/uploads\/2026\/03\/detenidobandacuentodeltioestafasantarosa2026-1.jpg","articleSection":["A - PORTADA2","SOCIEDAD"],"inLanguage":"es"},{"@type":"WebPage","@id":"https:\/\/diariotextual.com\/inicio\/index.php\/2026\/03\/11\/detuvieron-en-rio-negro-al-principal-sospechoso-de-la-banda-que-hizo-un-robo-millonario-a-una-jubilada-de-santa-rosa\/","url":"https:\/\/diariotextual.com\/inicio\/index.php\/2026\/03\/11\/detuvieron-en-rio-negro-al-principal-sospechoso-de-la-banda-que-hizo-un-robo-millonario-a-una-jubilada-de-santa-rosa\/","name":"Detuvieron en R\u00edo Negro al principal sospechoso de la banda que hizo un robo millonario a una jubilada de Santa Rosa - Diario Textual","isPartOf":{"@id":"https:\/\/diariotextual.com\/inicio\/#website"},"primaryImageOfPage":{"@id":"https:\/\/diariotextual.com\/inicio\/index.php\/2026\/03\/11\/detuvieron-en-rio-negro-al-principal-sospechoso-de-la-banda-que-hizo-un-robo-millonario-a-una-jubilada-de-santa-rosa\/#primaryimage"},"image":{"@id":"https:\/\/diariotextual.com\/inicio\/index.php\/2026\/03\/11\/detuvieron-en-rio-negro-al-principal-sospechoso-de-la-banda-que-hizo-un-robo-millonario-a-una-jubilada-de-santa-rosa\/#primaryimage"},"thumbnailUrl":"https:\/\/diariotextual.com\/inicio\/wp-content\/uploads\/2026\/03\/detenidobandacuentodeltioestafasantarosa2026-1.jpg","datePublished":"2026-03-12T02:10:15+00:00","dateModified":"2026-03-12T12:11:30+00:00","breadcrumb":{"@id":"https:\/\/diariotextual.com\/inicio\/index.php\/2026\/03\/11\/detuvieron-en-rio-negro-al-principal-sospechoso-de-la-banda-que-hizo-un-robo-millonario-a-una-jubilada-de-santa-rosa\/#breadcrumb"},"inLanguage":"es","potentialAction":[{"@type":"ReadAction","target":["https:\/\/diariotextual.com\/inicio\/index.php\/2026\/03\/11\/detuvieron-en-rio-negro-al-principal-sospechoso-de-la-banda-que-hizo-un-robo-millonario-a-una-jubilada-de-santa-rosa\/"]}]},{"@type":"ImageObject","inLanguage":"es","@id":"https:\/\/diariotextual.com\/inicio\/index.php\/2026\/03\/11\/detuvieron-en-rio-negro-al-principal-sospechoso-de-la-banda-que-hizo-un-robo-millonario-a-una-jubilada-de-santa-rosa\/#primaryimage","url":"https:\/\/diariotextual.com\/inicio\/wp-content\/uploads\/2026\/03\/detenidobandacuentodeltioestafasantarosa2026-1.jpg","contentUrl":"https:\/\/diariotextual.com\/inicio\/wp-content\/uploads\/2026\/03\/detenidobandacuentodeltioestafasantarosa2026-1.jpg","width":720,"height":481},{"@type":"BreadcrumbList","@id":"https:\/\/diariotextual.com\/inicio\/index.php\/2026\/03\/11\/detuvieron-en-rio-negro-al-principal-sospechoso-de-la-banda-que-hizo-un-robo-millonario-a-una-jubilada-de-santa-rosa\/#breadcrumb","itemListElement":[{"@type":"ListItem","position":1,"name":"Portada","item":"https:\/\/diariotextual.com\/inicio\/"},{"@type":"ListItem","position":2,"name":"Detuvieron en R\u00edo Negro al principal sospechoso de la banda que hizo un robo millonario a una jubilada de Santa Rosa"}]},{"@type":"WebSite","@id":"https:\/\/diariotextual.com\/inicio\/#website","url":"https:\/\/diariotextual.com\/inicio\/","name":"Diario Textual","description":"","publisher":{"@id":"https:\/\/diariotextual.com\/inicio\/#organization"},"potentialAction":[{"@type":"SearchAction","target":{"@type":"EntryPoint","urlTemplate":"https:\/\/diariotextual.com\/inicio\/?s={search_term_string}"},"query-input":{"@type":"PropertyValueSpecification","valueRequired":true,"valueName":"search_term_string"}}],"inLanguage":"es"},{"@type":"Organization","@id":"https:\/\/diariotextual.com\/inicio\/#organization","name":"Diario Textual","url":"https:\/\/diariotextual.com\/inicio\/","logo":{"@type":"ImageObject","inLanguage":"es","@id":"https:\/\/diariotextual.com\/inicio\/#\/schema\/logo\/image\/","url":"https:\/\/diariotextual.com\/inicio\/wp-content\/uploads\/2023\/05\/logotextual1.jpg","contentUrl":"https:\/\/diariotextual.com\/inicio\/wp-content\/uploads\/2023\/05\/logotextual1.jpg","width":516,"height":76,"caption":"Diario Textual"},"image":{"@id":"https:\/\/diariotextual.com\/inicio\/#\/schema\/logo\/image\/"},"sameAs":["https:\/\/www.facebook.com\/eltextual","https:\/\/x.com\/eltextual","http:\/\/www.instagram.com\/eltextual"]},{"@type":"Person","@id":"https:\/\/diariotextual.com\/inicio\/#\/schema\/person\/418fc4093c33e86ed41562db3508f958","name":"Diario1 Diario1","image":{"@type":"ImageObject","inLanguage":"es","@id":"https:\/\/secure.gravatar.com\/avatar\/9167d280179c85bc18be67aa7eda765854300033af4896dd779b608640f2ef7a?s=96&d=mm&r=g","url":"https:\/\/secure.gravatar.com\/avatar\/9167d280179c85bc18be67aa7eda765854300033af4896dd779b608640f2ef7a?s=96&d=mm&r=g","contentUrl":"https:\/\/secure.gravatar.com\/avatar\/9167d280179c85bc18be67aa7eda765854300033af4896dd779b608640f2ef7a?s=96&d=mm&r=g","caption":"Diario1 Diario1"},"url":"https:\/\/diariotextual.com\/inicio\/index.php\/author\/diario1\/"}]}},"_links":{"self":[{"href":"https:\/\/diariotextual.com\/inicio\/index.php\/wp-json\/wp\/v2\/posts\/322053","targetHints":{"allow":["GET"]}}],"collection":[{"href":"https:\/\/diariotextual.com\/inicio\/index.php\/wp-json\/wp\/v2\/posts"}],"about":[{"href":"https:\/\/diariotextual.com\/inicio\/index.php\/wp-json\/wp\/v2\/types\/post"}],"author":[{"embeddable":true,"href":"https:\/\/diariotextual.com\/inicio\/index.php\/wp-json\/wp\/v2\/users\/3"}],"replies":[{"embeddable":true,"href":"https:\/\/diariotextual.com\/inicio\/index.php\/wp-json\/wp\/v2\/comments?post=322053"}],"version-history":[{"count":5,"href":"https:\/\/diariotextual.com\/inicio\/index.php\/wp-json\/wp\/v2\/posts\/322053\/revisions"}],"predecessor-version":[{"id":322060,"href":"https:\/\/diariotextual.com\/inicio\/index.php\/wp-json\/wp\/v2\/posts\/322053\/revisions\/322060"}],"wp:featuredmedia":[{"embeddable":true,"href":"https:\/\/diariotextual.com\/inicio\/index.php\/wp-json\/wp\/v2\/media\/322057"}],"wp:attachment":[{"href":"https:\/\/diariotextual.com\/inicio\/index.php\/wp-json\/wp\/v2\/media?parent=322053"}],"wp:term":[{"taxonomy":"category","embeddable":true,"href":"https:\/\/diariotextual.com\/inicio\/index.php\/wp-json\/wp\/v2\/categories?post=322053"},{"taxonomy":"post_tag","embeddable":true,"href":"https:\/\/diariotextual.com\/inicio\/index.php\/wp-json\/wp\/v2\/tags?post=322053"}],"curies":[{"name":"wp","href":"https:\/\/api.w.org\/{rel}","templated":true}]}}