{"id":322062,"date":"2026-03-12T07:03:29","date_gmt":"2026-03-12T10:03:29","guid":{"rendered":"https:\/\/diariotextual.com\/inicio\/?p=322062"},"modified":"2026-03-12T07:03:33","modified_gmt":"2026-03-12T10:03:33","slug":"causa-afa-chiqui-tapia-declara-este-jueves-ante-el-juez-amarante","status":"publish","type":"post","link":"https:\/\/diariotextual.com\/inicio\/index.php\/2026\/03\/12\/causa-afa-chiqui-tapia-declara-este-jueves-ante-el-juez-amarante\/","title":{"rendered":"Causa AFA: \u201cChiqui\u201d Tapia declara este jueves ante el juez Amarante"},"content":{"rendered":"\n<p><strong>El presidente de la AFA, Claudio \u201cChiqui\u201d Tapia, se presentar\u00e1 este jueves a las 12 a declarar en los tribunales del Fuero Penal Econ\u00f3mico<\/strong>&nbsp;en el marco de la causa por la supuesta retenci\u00f3n de impuestos y aportes previsionales por 19.300 millones de pesos.<\/p>\n\n\n\n<p>La declaraci\u00f3n ante el juez en lo penal econ\u00f3mico Diego Amarante est\u00e1 prevista para las 12, luego de que este mi\u00e9rcoles hiciera lo propio el tesorero de la AFA, Pablo Toviggino, quien present\u00f3 un escrito como parte de la misma investigaci\u00f3n.<\/p>\n\n\n\n<p>La investigaci\u00f3n busca determinar si existieron irregularidades en la retenci\u00f3n y pago de tributos vinculados al f\u00fatbol argentino, en un expediente que tambi\u00e9n alcanza a otros dirigentes de la AFA y que gener\u00f3 una fuerte repercusi\u00f3n en el \u00e1mbito deportivo y pol\u00edtico.<\/p>\n\n\n\n<p>La defensa de Tapia&nbsp;<strong>hab\u00eda solicitado sin \u00e9xito que se declarara la nulidad de su citaci\u00f3n a declaraci\u00f3n indagatoria<\/strong>.<\/p>\n\n\n\n<p>El juez tambi\u00e9n prohibi\u00f3 a ambos salir del pa\u00eds, a cuatro meses para el Mundial de Estados Unidos, aunque luego le otorg\u00f3 a Tapia el permiso correspondiente.<\/p>\n\n\n\n<p>La causa investiga la supuesta apropiaci\u00f3n indebida de m\u00e1s de $19.353 millones correspondientes a retenciones impositivas y aportes de seguridad social entre marzo de 2024 y septiembre de 2025.<\/p>\n\n\n\n<p>Como parte de esta situaci\u00f3n, el pasado fin de semana hubo un paro del f\u00fatbol en todas las categor\u00edas en apoyo de los clubes a la AFA ante lo que consideran una iniciativa de c\u00e1racter pol\u00edtico impulsada por la gesti\u00f3n de&nbsp;<strong>Javier Milei&nbsp;<\/strong>en medio de la pugna por la puesta en marcha de las SAD (Sociedades An\u00f3nimas Deportivas), que el Gobierno promueve y Tapia y compa\u00f1\u00eda rechazan<\/p>\n\n\n\n<p><\/p>\n","protected":false},"excerpt":{"rendered":"<p>El presidente de la AFA, Claudio \u201cChiqui\u201d Tapia, se presentar\u00e1 este jueves a las 12 a declarar en los tribunales del Fuero Penal Econ\u00f3mico&nbsp;en el marco de la causa por&hellip;<\/p>\n","protected":false},"author":3,"featured_media":320108,"comment_status":"closed","ping_status":"open","sticky":false,"template":"","format":"standard","meta":{"_acf_changed":false,"footnotes":""},"categories":[1,8],"tags":[],"class_list":["post-322062","post","type-post","status-publish","format-standard","has-post-thumbnail","hentry","category-es-noticia","category-politica"],"acf":[],"yoast_head":"<!-- This site is optimized with the Yoast SEO plugin v27.5 - https:\/\/yoast.com\/product\/yoast-seo-wordpress\/ -->\n<title>Causa AFA: \u201cChiqui\u201d Tapia declara este jueves ante el juez Amarante - Diario Textual<\/title>\n<meta name=\"robots\" content=\"index, follow, max-snippet:-1, max-image-preview:large, max-video-preview:-1\" \/>\n<link rel=\"canonical\" href=\"https:\/\/diariotextual.com\/inicio\/index.php\/2026\/03\/12\/causa-afa-chiqui-tapia-declara-este-jueves-ante-el-juez-amarante\/\" \/>\n<meta property=\"og:locale\" content=\"es_ES\" \/>\n<meta property=\"og:type\" content=\"article\" \/>\n<meta property=\"og:title\" content=\"Causa AFA: \u201cChiqui\u201d Tapia declara este jueves ante el juez Amarante - Diario Textual\" \/>\n<meta property=\"og:description\" content=\"El presidente de la AFA, Claudio \u201cChiqui\u201d Tapia, se presentar\u00e1 este jueves a las 12 a declarar en los tribunales del Fuero Penal Econ\u00f3mico&nbsp;en el marco de la causa por&hellip;\" \/>\n<meta property=\"og:url\" content=\"https:\/\/diariotextual.com\/inicio\/index.php\/2026\/03\/12\/causa-afa-chiqui-tapia-declara-este-jueves-ante-el-juez-amarante\/\" \/>\n<meta property=\"og:site_name\" content=\"Diario Textual\" \/>\n<meta property=\"article:publisher\" content=\"https:\/\/www.facebook.com\/eltextual\" \/>\n<meta property=\"article:published_time\" content=\"2026-03-12T10:03:29+00:00\" \/>\n<meta property=\"article:modified_time\" content=\"2026-03-12T10:03:33+00:00\" \/>\n<meta property=\"og:image\" content=\"https:\/\/diariotextual.com\/inicio\/wp-content\/uploads\/2026\/02\/tapiaclaudiotapiachiqui2026-77.jpg\" \/>\n\t<meta property=\"og:image:width\" content=\"1440\" \/>\n\t<meta property=\"og:image:height\" content=\"806\" \/>\n\t<meta property=\"og:image:type\" content=\"image\/jpeg\" \/>\n<meta name=\"author\" content=\"Diario1 Diario1\" \/>\n<meta name=\"twitter:card\" content=\"summary_large_image\" \/>\n<meta name=\"twitter:creator\" content=\"@eltextual\" \/>\n<meta name=\"twitter:site\" content=\"@eltextual\" \/>\n<meta name=\"twitter:label1\" content=\"Escrito por\" \/>\n\t<meta name=\"twitter:data1\" content=\"Diario1 Diario1\" \/>\n\t<meta name=\"twitter:label2\" content=\"Tiempo de lectura\" \/>\n\t<meta name=\"twitter:data2\" content=\"2 minutos\" \/>\n<script type=\"application\/ld+json\" class=\"yoast-schema-graph\">{\"@context\":\"https:\\\/\\\/schema.org\",\"@graph\":[{\"@type\":\"Article\",\"@id\":\"https:\\\/\\\/diariotextual.com\\\/inicio\\\/index.php\\\/2026\\\/03\\\/12\\\/causa-afa-chiqui-tapia-declara-este-jueves-ante-el-juez-amarante\\\/#article\",\"isPartOf\":{\"@id\":\"https:\\\/\\\/diariotextual.com\\\/inicio\\\/index.php\\\/2026\\\/03\\\/12\\\/causa-afa-chiqui-tapia-declara-este-jueves-ante-el-juez-amarante\\\/\"},\"author\":{\"name\":\"Diario1 Diario1\",\"@id\":\"https:\\\/\\\/diariotextual.com\\\/inicio\\\/#\\\/schema\\\/person\\\/418fc4093c33e86ed41562db3508f958\"},\"headline\":\"Causa AFA: \u201cChiqui\u201d Tapia declara este jueves ante el juez Amarante\",\"datePublished\":\"2026-03-12T10:03:29+00:00\",\"dateModified\":\"2026-03-12T10:03:33+00:00\",\"mainEntityOfPage\":{\"@id\":\"https:\\\/\\\/diariotextual.com\\\/inicio\\\/index.php\\\/2026\\\/03\\\/12\\\/causa-afa-chiqui-tapia-declara-este-jueves-ante-el-juez-amarante\\\/\"},\"wordCount\":306,\"publisher\":{\"@id\":\"https:\\\/\\\/diariotextual.com\\\/inicio\\\/#organization\"},\"image\":{\"@id\":\"https:\\\/\\\/diariotextual.com\\\/inicio\\\/index.php\\\/2026\\\/03\\\/12\\\/causa-afa-chiqui-tapia-declara-este-jueves-ante-el-juez-amarante\\\/#primaryimage\"},\"thumbnailUrl\":\"https:\\\/\\\/diariotextual.com\\\/inicio\\\/wp-content\\\/uploads\\\/2026\\\/02\\\/tapiaclaudiotapiachiqui2026-77.jpg\",\"articleSection\":[\"A - ES NOTICIA (van abajo)\",\"POLITICA\"],\"inLanguage\":\"es\"},{\"@type\":\"WebPage\",\"@id\":\"https:\\\/\\\/diariotextual.com\\\/inicio\\\/index.php\\\/2026\\\/03\\\/12\\\/causa-afa-chiqui-tapia-declara-este-jueves-ante-el-juez-amarante\\\/\",\"url\":\"https:\\\/\\\/diariotextual.com\\\/inicio\\\/index.php\\\/2026\\\/03\\\/12\\\/causa-afa-chiqui-tapia-declara-este-jueves-ante-el-juez-amarante\\\/\",\"name\":\"Causa AFA: \u201cChiqui\u201d Tapia declara este jueves ante el juez Amarante - Diario Textual\",\"isPartOf\":{\"@id\":\"https:\\\/\\\/diariotextual.com\\\/inicio\\\/#website\"},\"primaryImageOfPage\":{\"@id\":\"https:\\\/\\\/diariotextual.com\\\/inicio\\\/index.php\\\/2026\\\/03\\\/12\\\/causa-afa-chiqui-tapia-declara-este-jueves-ante-el-juez-amarante\\\/#primaryimage\"},\"image\":{\"@id\":\"https:\\\/\\\/diariotextual.com\\\/inicio\\\/index.php\\\/2026\\\/03\\\/12\\\/causa-afa-chiqui-tapia-declara-este-jueves-ante-el-juez-amarante\\\/#primaryimage\"},\"thumbnailUrl\":\"https:\\\/\\\/diariotextual.com\\\/inicio\\\/wp-content\\\/uploads\\\/2026\\\/02\\\/tapiaclaudiotapiachiqui2026-77.jpg\",\"datePublished\":\"2026-03-12T10:03:29+00:00\",\"dateModified\":\"2026-03-12T10:03:33+00:00\",\"breadcrumb\":{\"@id\":\"https:\\\/\\\/diariotextual.com\\\/inicio\\\/index.php\\\/2026\\\/03\\\/12\\\/causa-afa-chiqui-tapia-declara-este-jueves-ante-el-juez-amarante\\\/#breadcrumb\"},\"inLanguage\":\"es\",\"potentialAction\":[{\"@type\":\"ReadAction\",\"target\":[\"https:\\\/\\\/diariotextual.com\\\/inicio\\\/index.php\\\/2026\\\/03\\\/12\\\/causa-afa-chiqui-tapia-declara-este-jueves-ante-el-juez-amarante\\\/\"]}]},{\"@type\":\"ImageObject\",\"inLanguage\":\"es\",\"@id\":\"https:\\\/\\\/diariotextual.com\\\/inicio\\\/index.php\\\/2026\\\/03\\\/12\\\/causa-afa-chiqui-tapia-declara-este-jueves-ante-el-juez-amarante\\\/#primaryimage\",\"url\":\"https:\\\/\\\/diariotextual.com\\\/inicio\\\/wp-content\\\/uploads\\\/2026\\\/02\\\/tapiaclaudiotapiachiqui2026-77.jpg\",\"contentUrl\":\"https:\\\/\\\/diariotextual.com\\\/inicio\\\/wp-content\\\/uploads\\\/2026\\\/02\\\/tapiaclaudiotapiachiqui2026-77.jpg\",\"width\":1440,\"height\":806},{\"@type\":\"BreadcrumbList\",\"@id\":\"https:\\\/\\\/diariotextual.com\\\/inicio\\\/index.php\\\/2026\\\/03\\\/12\\\/causa-afa-chiqui-tapia-declara-este-jueves-ante-el-juez-amarante\\\/#breadcrumb\",\"itemListElement\":[{\"@type\":\"ListItem\",\"position\":1,\"name\":\"Portada\",\"item\":\"https:\\\/\\\/diariotextual.com\\\/inicio\\\/\"},{\"@type\":\"ListItem\",\"position\":2,\"name\":\"Causa AFA: \u201cChiqui\u201d Tapia declara este jueves ante el juez Amarante\"}]},{\"@type\":\"WebSite\",\"@id\":\"https:\\\/\\\/diariotextual.com\\\/inicio\\\/#website\",\"url\":\"https:\\\/\\\/diariotextual.com\\\/inicio\\\/\",\"name\":\"Diario Textual\",\"description\":\"\",\"publisher\":{\"@id\":\"https:\\\/\\\/diariotextual.com\\\/inicio\\\/#organization\"},\"potentialAction\":[{\"@type\":\"SearchAction\",\"target\":{\"@type\":\"EntryPoint\",\"urlTemplate\":\"https:\\\/\\\/diariotextual.com\\\/inicio\\\/?s={search_term_string}\"},\"query-input\":{\"@type\":\"PropertyValueSpecification\",\"valueRequired\":true,\"valueName\":\"search_term_string\"}}],\"inLanguage\":\"es\"},{\"@type\":\"Organization\",\"@id\":\"https:\\\/\\\/diariotextual.com\\\/inicio\\\/#organization\",\"name\":\"Diario Textual\",\"url\":\"https:\\\/\\\/diariotextual.com\\\/inicio\\\/\",\"logo\":{\"@type\":\"ImageObject\",\"inLanguage\":\"es\",\"@id\":\"https:\\\/\\\/diariotextual.com\\\/inicio\\\/#\\\/schema\\\/logo\\\/image\\\/\",\"url\":\"https:\\\/\\\/diariotextual.com\\\/inicio\\\/wp-content\\\/uploads\\\/2023\\\/05\\\/logotextual1.jpg\",\"contentUrl\":\"https:\\\/\\\/diariotextual.com\\\/inicio\\\/wp-content\\\/uploads\\\/2023\\\/05\\\/logotextual1.jpg\",\"width\":516,\"height\":76,\"caption\":\"Diario Textual\"},\"image\":{\"@id\":\"https:\\\/\\\/diariotextual.com\\\/inicio\\\/#\\\/schema\\\/logo\\\/image\\\/\"},\"sameAs\":[\"https:\\\/\\\/www.facebook.com\\\/eltextual\",\"https:\\\/\\\/x.com\\\/eltextual\",\"http:\\\/\\\/www.instagram.com\\\/eltextual\"]},{\"@type\":\"Person\",\"@id\":\"https:\\\/\\\/diariotextual.com\\\/inicio\\\/#\\\/schema\\\/person\\\/418fc4093c33e86ed41562db3508f958\",\"name\":\"Diario1 Diario1\",\"image\":{\"@type\":\"ImageObject\",\"inLanguage\":\"es\",\"@id\":\"https:\\\/\\\/secure.gravatar.com\\\/avatar\\\/9167d280179c85bc18be67aa7eda765854300033af4896dd779b608640f2ef7a?s=96&d=mm&r=g\",\"url\":\"https:\\\/\\\/secure.gravatar.com\\\/avatar\\\/9167d280179c85bc18be67aa7eda765854300033af4896dd779b608640f2ef7a?s=96&d=mm&r=g\",\"contentUrl\":\"https:\\\/\\\/secure.gravatar.com\\\/avatar\\\/9167d280179c85bc18be67aa7eda765854300033af4896dd779b608640f2ef7a?s=96&d=mm&r=g\",\"caption\":\"Diario1 Diario1\"},\"url\":\"https:\\\/\\\/diariotextual.com\\\/inicio\\\/index.php\\\/author\\\/diario1\\\/\"}]}<\/script>\n<!-- \/ Yoast SEO plugin. -->","yoast_head_json":{"title":"Causa AFA: \u201cChiqui\u201d Tapia declara este jueves ante el juez Amarante - Diario Textual","robots":{"index":"index","follow":"follow","max-snippet":"max-snippet:-1","max-image-preview":"max-image-preview:large","max-video-preview":"max-video-preview:-1"},"canonical":"https:\/\/diariotextual.com\/inicio\/index.php\/2026\/03\/12\/causa-afa-chiqui-tapia-declara-este-jueves-ante-el-juez-amarante\/","og_locale":"es_ES","og_type":"article","og_title":"Causa AFA: \u201cChiqui\u201d Tapia declara este jueves ante el juez Amarante - Diario Textual","og_description":"El presidente de la AFA, Claudio \u201cChiqui\u201d Tapia, se presentar\u00e1 este jueves a las 12 a declarar en los tribunales del Fuero Penal Econ\u00f3mico&nbsp;en el marco de la causa por&hellip;","og_url":"https:\/\/diariotextual.com\/inicio\/index.php\/2026\/03\/12\/causa-afa-chiqui-tapia-declara-este-jueves-ante-el-juez-amarante\/","og_site_name":"Diario Textual","article_publisher":"https:\/\/www.facebook.com\/eltextual","article_published_time":"2026-03-12T10:03:29+00:00","article_modified_time":"2026-03-12T10:03:33+00:00","og_image":[{"width":1440,"height":806,"url":"https:\/\/diariotextual.com\/inicio\/wp-content\/uploads\/2026\/02\/tapiaclaudiotapiachiqui2026-77.jpg","type":"image\/jpeg"}],"author":"Diario1 Diario1","twitter_card":"summary_large_image","twitter_creator":"@eltextual","twitter_site":"@eltextual","twitter_misc":{"Escrito por":"Diario1 Diario1","Tiempo de lectura":"2 minutos"},"schema":{"@context":"https:\/\/schema.org","@graph":[{"@type":"Article","@id":"https:\/\/diariotextual.com\/inicio\/index.php\/2026\/03\/12\/causa-afa-chiqui-tapia-declara-este-jueves-ante-el-juez-amarante\/#article","isPartOf":{"@id":"https:\/\/diariotextual.com\/inicio\/index.php\/2026\/03\/12\/causa-afa-chiqui-tapia-declara-este-jueves-ante-el-juez-amarante\/"},"author":{"name":"Diario1 Diario1","@id":"https:\/\/diariotextual.com\/inicio\/#\/schema\/person\/418fc4093c33e86ed41562db3508f958"},"headline":"Causa AFA: \u201cChiqui\u201d Tapia declara este jueves ante el juez Amarante","datePublished":"2026-03-12T10:03:29+00:00","dateModified":"2026-03-12T10:03:33+00:00","mainEntityOfPage":{"@id":"https:\/\/diariotextual.com\/inicio\/index.php\/2026\/03\/12\/causa-afa-chiqui-tapia-declara-este-jueves-ante-el-juez-amarante\/"},"wordCount":306,"publisher":{"@id":"https:\/\/diariotextual.com\/inicio\/#organization"},"image":{"@id":"https:\/\/diariotextual.com\/inicio\/index.php\/2026\/03\/12\/causa-afa-chiqui-tapia-declara-este-jueves-ante-el-juez-amarante\/#primaryimage"},"thumbnailUrl":"https:\/\/diariotextual.com\/inicio\/wp-content\/uploads\/2026\/02\/tapiaclaudiotapiachiqui2026-77.jpg","articleSection":["A - ES NOTICIA (van abajo)","POLITICA"],"inLanguage":"es"},{"@type":"WebPage","@id":"https:\/\/diariotextual.com\/inicio\/index.php\/2026\/03\/12\/causa-afa-chiqui-tapia-declara-este-jueves-ante-el-juez-amarante\/","url":"https:\/\/diariotextual.com\/inicio\/index.php\/2026\/03\/12\/causa-afa-chiqui-tapia-declara-este-jueves-ante-el-juez-amarante\/","name":"Causa AFA: \u201cChiqui\u201d Tapia declara este jueves ante el juez Amarante - Diario Textual","isPartOf":{"@id":"https:\/\/diariotextual.com\/inicio\/#website"},"primaryImageOfPage":{"@id":"https:\/\/diariotextual.com\/inicio\/index.php\/2026\/03\/12\/causa-afa-chiqui-tapia-declara-este-jueves-ante-el-juez-amarante\/#primaryimage"},"image":{"@id":"https:\/\/diariotextual.com\/inicio\/index.php\/2026\/03\/12\/causa-afa-chiqui-tapia-declara-este-jueves-ante-el-juez-amarante\/#primaryimage"},"thumbnailUrl":"https:\/\/diariotextual.com\/inicio\/wp-content\/uploads\/2026\/02\/tapiaclaudiotapiachiqui2026-77.jpg","datePublished":"2026-03-12T10:03:29+00:00","dateModified":"2026-03-12T10:03:33+00:00","breadcrumb":{"@id":"https:\/\/diariotextual.com\/inicio\/index.php\/2026\/03\/12\/causa-afa-chiqui-tapia-declara-este-jueves-ante-el-juez-amarante\/#breadcrumb"},"inLanguage":"es","potentialAction":[{"@type":"ReadAction","target":["https:\/\/diariotextual.com\/inicio\/index.php\/2026\/03\/12\/causa-afa-chiqui-tapia-declara-este-jueves-ante-el-juez-amarante\/"]}]},{"@type":"ImageObject","inLanguage":"es","@id":"https:\/\/diariotextual.com\/inicio\/index.php\/2026\/03\/12\/causa-afa-chiqui-tapia-declara-este-jueves-ante-el-juez-amarante\/#primaryimage","url":"https:\/\/diariotextual.com\/inicio\/wp-content\/uploads\/2026\/02\/tapiaclaudiotapiachiqui2026-77.jpg","contentUrl":"https:\/\/diariotextual.com\/inicio\/wp-content\/uploads\/2026\/02\/tapiaclaudiotapiachiqui2026-77.jpg","width":1440,"height":806},{"@type":"BreadcrumbList","@id":"https:\/\/diariotextual.com\/inicio\/index.php\/2026\/03\/12\/causa-afa-chiqui-tapia-declara-este-jueves-ante-el-juez-amarante\/#breadcrumb","itemListElement":[{"@type":"ListItem","position":1,"name":"Portada","item":"https:\/\/diariotextual.com\/inicio\/"},{"@type":"ListItem","position":2,"name":"Causa AFA: \u201cChiqui\u201d Tapia declara este jueves ante el juez Amarante"}]},{"@type":"WebSite","@id":"https:\/\/diariotextual.com\/inicio\/#website","url":"https:\/\/diariotextual.com\/inicio\/","name":"Diario Textual","description":"","publisher":{"@id":"https:\/\/diariotextual.com\/inicio\/#organization"},"potentialAction":[{"@type":"SearchAction","target":{"@type":"EntryPoint","urlTemplate":"https:\/\/diariotextual.com\/inicio\/?s={search_term_string}"},"query-input":{"@type":"PropertyValueSpecification","valueRequired":true,"valueName":"search_term_string"}}],"inLanguage":"es"},{"@type":"Organization","@id":"https:\/\/diariotextual.com\/inicio\/#organization","name":"Diario Textual","url":"https:\/\/diariotextual.com\/inicio\/","logo":{"@type":"ImageObject","inLanguage":"es","@id":"https:\/\/diariotextual.com\/inicio\/#\/schema\/logo\/image\/","url":"https:\/\/diariotextual.com\/inicio\/wp-content\/uploads\/2023\/05\/logotextual1.jpg","contentUrl":"https:\/\/diariotextual.com\/inicio\/wp-content\/uploads\/2023\/05\/logotextual1.jpg","width":516,"height":76,"caption":"Diario Textual"},"image":{"@id":"https:\/\/diariotextual.com\/inicio\/#\/schema\/logo\/image\/"},"sameAs":["https:\/\/www.facebook.com\/eltextual","https:\/\/x.com\/eltextual","http:\/\/www.instagram.com\/eltextual"]},{"@type":"Person","@id":"https:\/\/diariotextual.com\/inicio\/#\/schema\/person\/418fc4093c33e86ed41562db3508f958","name":"Diario1 Diario1","image":{"@type":"ImageObject","inLanguage":"es","@id":"https:\/\/secure.gravatar.com\/avatar\/9167d280179c85bc18be67aa7eda765854300033af4896dd779b608640f2ef7a?s=96&d=mm&r=g","url":"https:\/\/secure.gravatar.com\/avatar\/9167d280179c85bc18be67aa7eda765854300033af4896dd779b608640f2ef7a?s=96&d=mm&r=g","contentUrl":"https:\/\/secure.gravatar.com\/avatar\/9167d280179c85bc18be67aa7eda765854300033af4896dd779b608640f2ef7a?s=96&d=mm&r=g","caption":"Diario1 Diario1"},"url":"https:\/\/diariotextual.com\/inicio\/index.php\/author\/diario1\/"}]}},"_links":{"self":[{"href":"https:\/\/diariotextual.com\/inicio\/index.php\/wp-json\/wp\/v2\/posts\/322062","targetHints":{"allow":["GET"]}}],"collection":[{"href":"https:\/\/diariotextual.com\/inicio\/index.php\/wp-json\/wp\/v2\/posts"}],"about":[{"href":"https:\/\/diariotextual.com\/inicio\/index.php\/wp-json\/wp\/v2\/types\/post"}],"author":[{"embeddable":true,"href":"https:\/\/diariotextual.com\/inicio\/index.php\/wp-json\/wp\/v2\/users\/3"}],"replies":[{"embeddable":true,"href":"https:\/\/diariotextual.com\/inicio\/index.php\/wp-json\/wp\/v2\/comments?post=322062"}],"version-history":[{"count":1,"href":"https:\/\/diariotextual.com\/inicio\/index.php\/wp-json\/wp\/v2\/posts\/322062\/revisions"}],"predecessor-version":[{"id":322063,"href":"https:\/\/diariotextual.com\/inicio\/index.php\/wp-json\/wp\/v2\/posts\/322062\/revisions\/322063"}],"wp:featuredmedia":[{"embeddable":true,"href":"https:\/\/diariotextual.com\/inicio\/index.php\/wp-json\/wp\/v2\/media\/320108"}],"wp:attachment":[{"href":"https:\/\/diariotextual.com\/inicio\/index.php\/wp-json\/wp\/v2\/media?parent=322062"}],"wp:term":[{"taxonomy":"category","embeddable":true,"href":"https:\/\/diariotextual.com\/inicio\/index.php\/wp-json\/wp\/v2\/categories?post=322062"},{"taxonomy":"post_tag","embeddable":true,"href":"https:\/\/diariotextual.com\/inicio\/index.php\/wp-json\/wp\/v2\/tags?post=322062"}],"curies":[{"name":"wp","href":"https:\/\/api.w.org\/{rel}","templated":true}]}}