{"id":322064,"date":"2026-03-12T07:05:02","date_gmt":"2026-03-12T10:05:02","guid":{"rendered":"https:\/\/diariotextual.com\/inicio\/?p=322064"},"modified":"2026-03-12T07:05:06","modified_gmt":"2026-03-12T10:05:06","slug":"el-indec-da-a-conocer-este-jueves-la-inflacion-de-febrero","status":"publish","type":"post","link":"https:\/\/diariotextual.com\/inicio\/index.php\/2026\/03\/12\/el-indec-da-a-conocer-este-jueves-la-inflacion-de-febrero\/","title":{"rendered":"El Indec da a conocer este jueves la inflaci\u00f3n de febrero"},"content":{"rendered":"\n<p>El Instituto Nacional de Estad\u00edstica y Censos (Indec) dar\u00e1<strong> a conocer este jueves el \u00cdndice de Precios al Consumidor (IPC) de febrero<\/strong>, que se habr\u00eda mantenido&nbsp;cerca del 3%, al igual que en enero.<\/p>\n\n\n\n<p>El \u00edndice inflacionario seguir\u00eda en un nivel elevado, cercano al 3% mensual en febrero, en l\u00ednea con el 2,9% registrado en enero, seg\u00fan estiman los analistas privados. Solo dos mediciones la dan por debajo del \u00edndice del primer mes del a\u00f1o.<\/p>\n\n\n\n<p>De esta manera, el indicador que el organismo estad\u00edstico revelar\u00e1 este jueves continuar\u00eda sin poder cortar con una tendencia alcista que se observa desde junio del 2025 y que se profundiz\u00f3 a partir de septiembre, cuando las cifras volvieron a superar el 2%.&nbsp;<\/p>\n\n\n\n<p>El Relevamiento de Expectativas de Mercado (REM), que elabora el Banco Central en base a las estimaciones privadas, previ\u00f3 que la inflaci\u00f3n del segundo mes del 2026<strong>&nbsp;habr\u00eda estado en 2,7%<\/strong>&nbsp;y se espera que la inflaci\u00f3n interanual alcance a fin de a\u00f1o 26,1%.<\/p>\n\n\n\n<p>En la misma l\u00ednea se ubic\u00f3 la inflaci\u00f3n de los trabajadores, al&nbsp;<strong>mantenerse en 2,7% en febrero<\/strong>, el mismo nivel registrado en enero, y acumul\u00f3 5,5% en los dos primeros meses del a\u00f1o, seg\u00fan la UMET. La variaci\u00f3n interanual alcanz\u00f3 el 31,1%.<\/p>\n\n\n\n<p>En tanto, el reporte de Equilibra indic\u00f3 que la inflaci\u00f3n mensual&nbsp;<strong>avanz\u00f3 el mes pasado al 2,9%<\/strong>, con los principales aumentos en los rubros<strong>&nbsp;vivienda, agua, electricidad y otros combustibles (6,3%), alimentos y bebidas no alcoh\u00f3licas (3,5%), restaurantes y hoteles (3,4%) y comunicaci\u00f3n (3,3%). La variaci\u00f3n interanual fue estimada en 33%<\/strong>.<\/p>\n\n\n\n<p><\/p>\n","protected":false},"excerpt":{"rendered":"<p>El Instituto Nacional de Estad\u00edstica y Censos (Indec) dar\u00e1 a conocer este jueves el \u00cdndice de Precios al Consumidor (IPC) de febrero, que se habr\u00eda mantenido&nbsp;cerca del 3%, al igual&hellip;<\/p>\n","protected":false},"author":3,"featured_media":236956,"comment_status":"closed","ping_status":"open","sticky":false,"template":"","format":"standard","meta":{"_acf_changed":false,"footnotes":""},"categories":[1,5],"tags":[],"class_list":["post-322064","post","type-post","status-publish","format-standard","has-post-thumbnail","hentry","category-es-noticia","category-economia"],"acf":[],"yoast_head":"<!-- This site is optimized with the Yoast SEO plugin v27.5 - https:\/\/yoast.com\/product\/yoast-seo-wordpress\/ -->\n<title>El Indec da a conocer este jueves la inflaci\u00f3n de febrero - Diario Textual<\/title>\n<meta name=\"robots\" content=\"index, follow, max-snippet:-1, max-image-preview:large, max-video-preview:-1\" \/>\n<link rel=\"canonical\" href=\"https:\/\/diariotextual.com\/inicio\/index.php\/2026\/03\/12\/el-indec-da-a-conocer-este-jueves-la-inflacion-de-febrero\/\" \/>\n<meta property=\"og:locale\" content=\"es_ES\" \/>\n<meta property=\"og:type\" content=\"article\" \/>\n<meta property=\"og:title\" content=\"El Indec da a conocer este jueves la inflaci\u00f3n de febrero - Diario Textual\" \/>\n<meta property=\"og:description\" content=\"El Instituto Nacional de Estad\u00edstica y Censos (Indec) dar\u00e1 a conocer este jueves el \u00cdndice de Precios al Consumidor (IPC) de febrero, que se habr\u00eda mantenido&nbsp;cerca del 3%, al igual&hellip;\" \/>\n<meta property=\"og:url\" content=\"https:\/\/diariotextual.com\/inicio\/index.php\/2026\/03\/12\/el-indec-da-a-conocer-este-jueves-la-inflacion-de-febrero\/\" \/>\n<meta property=\"og:site_name\" content=\"Diario Textual\" \/>\n<meta property=\"article:publisher\" content=\"https:\/\/www.facebook.com\/eltextual\" \/>\n<meta property=\"article:published_time\" content=\"2026-03-12T10:05:02+00:00\" \/>\n<meta property=\"article:modified_time\" content=\"2026-03-12T10:05:06+00:00\" \/>\n<meta property=\"og:image\" content=\"https:\/\/diariotextual.com\/inicio\/wp-content\/uploads\/2023\/09\/supermercadogondolainflacion20333445.jpg\" \/>\n\t<meta property=\"og:image:width\" content=\"1200\" \/>\n\t<meta property=\"og:image:height\" content=\"675\" \/>\n\t<meta property=\"og:image:type\" content=\"image\/jpeg\" \/>\n<meta name=\"author\" content=\"Diario1 Diario1\" \/>\n<meta name=\"twitter:card\" content=\"summary_large_image\" \/>\n<meta name=\"twitter:creator\" content=\"@eltextual\" \/>\n<meta name=\"twitter:site\" content=\"@eltextual\" \/>\n<meta name=\"twitter:label1\" content=\"Escrito por\" \/>\n\t<meta name=\"twitter:data1\" content=\"Diario1 Diario1\" \/>\n\t<meta name=\"twitter:label2\" content=\"Tiempo de lectura\" \/>\n\t<meta name=\"twitter:data2\" content=\"2 minutos\" \/>\n<script type=\"application\/ld+json\" class=\"yoast-schema-graph\">{\"@context\":\"https:\\\/\\\/schema.org\",\"@graph\":[{\"@type\":\"Article\",\"@id\":\"https:\\\/\\\/diariotextual.com\\\/inicio\\\/index.php\\\/2026\\\/03\\\/12\\\/el-indec-da-a-conocer-este-jueves-la-inflacion-de-febrero\\\/#article\",\"isPartOf\":{\"@id\":\"https:\\\/\\\/diariotextual.com\\\/inicio\\\/index.php\\\/2026\\\/03\\\/12\\\/el-indec-da-a-conocer-este-jueves-la-inflacion-de-febrero\\\/\"},\"author\":{\"name\":\"Diario1 Diario1\",\"@id\":\"https:\\\/\\\/diariotextual.com\\\/inicio\\\/#\\\/schema\\\/person\\\/418fc4093c33e86ed41562db3508f958\"},\"headline\":\"El Indec da a conocer este jueves la inflaci\u00f3n de febrero\",\"datePublished\":\"2026-03-12T10:05:02+00:00\",\"dateModified\":\"2026-03-12T10:05:06+00:00\",\"mainEntityOfPage\":{\"@id\":\"https:\\\/\\\/diariotextual.com\\\/inicio\\\/index.php\\\/2026\\\/03\\\/12\\\/el-indec-da-a-conocer-este-jueves-la-inflacion-de-febrero\\\/\"},\"wordCount\":278,\"publisher\":{\"@id\":\"https:\\\/\\\/diariotextual.com\\\/inicio\\\/#organization\"},\"image\":{\"@id\":\"https:\\\/\\\/diariotextual.com\\\/inicio\\\/index.php\\\/2026\\\/03\\\/12\\\/el-indec-da-a-conocer-este-jueves-la-inflacion-de-febrero\\\/#primaryimage\"},\"thumbnailUrl\":\"https:\\\/\\\/diariotextual.com\\\/inicio\\\/wp-content\\\/uploads\\\/2023\\\/09\\\/supermercadogondolainflacion20333445.jpg\",\"articleSection\":[\"A - ES NOTICIA (van abajo)\",\"ECONOMIA\"],\"inLanguage\":\"es\"},{\"@type\":\"WebPage\",\"@id\":\"https:\\\/\\\/diariotextual.com\\\/inicio\\\/index.php\\\/2026\\\/03\\\/12\\\/el-indec-da-a-conocer-este-jueves-la-inflacion-de-febrero\\\/\",\"url\":\"https:\\\/\\\/diariotextual.com\\\/inicio\\\/index.php\\\/2026\\\/03\\\/12\\\/el-indec-da-a-conocer-este-jueves-la-inflacion-de-febrero\\\/\",\"name\":\"El Indec da a conocer este jueves la inflaci\u00f3n de febrero - Diario Textual\",\"isPartOf\":{\"@id\":\"https:\\\/\\\/diariotextual.com\\\/inicio\\\/#website\"},\"primaryImageOfPage\":{\"@id\":\"https:\\\/\\\/diariotextual.com\\\/inicio\\\/index.php\\\/2026\\\/03\\\/12\\\/el-indec-da-a-conocer-este-jueves-la-inflacion-de-febrero\\\/#primaryimage\"},\"image\":{\"@id\":\"https:\\\/\\\/diariotextual.com\\\/inicio\\\/index.php\\\/2026\\\/03\\\/12\\\/el-indec-da-a-conocer-este-jueves-la-inflacion-de-febrero\\\/#primaryimage\"},\"thumbnailUrl\":\"https:\\\/\\\/diariotextual.com\\\/inicio\\\/wp-content\\\/uploads\\\/2023\\\/09\\\/supermercadogondolainflacion20333445.jpg\",\"datePublished\":\"2026-03-12T10:05:02+00:00\",\"dateModified\":\"2026-03-12T10:05:06+00:00\",\"breadcrumb\":{\"@id\":\"https:\\\/\\\/diariotextual.com\\\/inicio\\\/index.php\\\/2026\\\/03\\\/12\\\/el-indec-da-a-conocer-este-jueves-la-inflacion-de-febrero\\\/#breadcrumb\"},\"inLanguage\":\"es\",\"potentialAction\":[{\"@type\":\"ReadAction\",\"target\":[\"https:\\\/\\\/diariotextual.com\\\/inicio\\\/index.php\\\/2026\\\/03\\\/12\\\/el-indec-da-a-conocer-este-jueves-la-inflacion-de-febrero\\\/\"]}]},{\"@type\":\"ImageObject\",\"inLanguage\":\"es\",\"@id\":\"https:\\\/\\\/diariotextual.com\\\/inicio\\\/index.php\\\/2026\\\/03\\\/12\\\/el-indec-da-a-conocer-este-jueves-la-inflacion-de-febrero\\\/#primaryimage\",\"url\":\"https:\\\/\\\/diariotextual.com\\\/inicio\\\/wp-content\\\/uploads\\\/2023\\\/09\\\/supermercadogondolainflacion20333445.jpg\",\"contentUrl\":\"https:\\\/\\\/diariotextual.com\\\/inicio\\\/wp-content\\\/uploads\\\/2023\\\/09\\\/supermercadogondolainflacion20333445.jpg\",\"width\":1200,\"height\":675},{\"@type\":\"BreadcrumbList\",\"@id\":\"https:\\\/\\\/diariotextual.com\\\/inicio\\\/index.php\\\/2026\\\/03\\\/12\\\/el-indec-da-a-conocer-este-jueves-la-inflacion-de-febrero\\\/#breadcrumb\",\"itemListElement\":[{\"@type\":\"ListItem\",\"position\":1,\"name\":\"Portada\",\"item\":\"https:\\\/\\\/diariotextual.com\\\/inicio\\\/\"},{\"@type\":\"ListItem\",\"position\":2,\"name\":\"El Indec da a conocer este jueves la inflaci\u00f3n de febrero\"}]},{\"@type\":\"WebSite\",\"@id\":\"https:\\\/\\\/diariotextual.com\\\/inicio\\\/#website\",\"url\":\"https:\\\/\\\/diariotextual.com\\\/inicio\\\/\",\"name\":\"Diario Textual\",\"description\":\"\",\"publisher\":{\"@id\":\"https:\\\/\\\/diariotextual.com\\\/inicio\\\/#organization\"},\"potentialAction\":[{\"@type\":\"SearchAction\",\"target\":{\"@type\":\"EntryPoint\",\"urlTemplate\":\"https:\\\/\\\/diariotextual.com\\\/inicio\\\/?s={search_term_string}\"},\"query-input\":{\"@type\":\"PropertyValueSpecification\",\"valueRequired\":true,\"valueName\":\"search_term_string\"}}],\"inLanguage\":\"es\"},{\"@type\":\"Organization\",\"@id\":\"https:\\\/\\\/diariotextual.com\\\/inicio\\\/#organization\",\"name\":\"Diario Textual\",\"url\":\"https:\\\/\\\/diariotextual.com\\\/inicio\\\/\",\"logo\":{\"@type\":\"ImageObject\",\"inLanguage\":\"es\",\"@id\":\"https:\\\/\\\/diariotextual.com\\\/inicio\\\/#\\\/schema\\\/logo\\\/image\\\/\",\"url\":\"https:\\\/\\\/diariotextual.com\\\/inicio\\\/wp-content\\\/uploads\\\/2023\\\/05\\\/logotextual1.jpg\",\"contentUrl\":\"https:\\\/\\\/diariotextual.com\\\/inicio\\\/wp-content\\\/uploads\\\/2023\\\/05\\\/logotextual1.jpg\",\"width\":516,\"height\":76,\"caption\":\"Diario Textual\"},\"image\":{\"@id\":\"https:\\\/\\\/diariotextual.com\\\/inicio\\\/#\\\/schema\\\/logo\\\/image\\\/\"},\"sameAs\":[\"https:\\\/\\\/www.facebook.com\\\/eltextual\",\"https:\\\/\\\/x.com\\\/eltextual\",\"http:\\\/\\\/www.instagram.com\\\/eltextual\"]},{\"@type\":\"Person\",\"@id\":\"https:\\\/\\\/diariotextual.com\\\/inicio\\\/#\\\/schema\\\/person\\\/418fc4093c33e86ed41562db3508f958\",\"name\":\"Diario1 Diario1\",\"image\":{\"@type\":\"ImageObject\",\"inLanguage\":\"es\",\"@id\":\"https:\\\/\\\/secure.gravatar.com\\\/avatar\\\/9167d280179c85bc18be67aa7eda765854300033af4896dd779b608640f2ef7a?s=96&d=mm&r=g\",\"url\":\"https:\\\/\\\/secure.gravatar.com\\\/avatar\\\/9167d280179c85bc18be67aa7eda765854300033af4896dd779b608640f2ef7a?s=96&d=mm&r=g\",\"contentUrl\":\"https:\\\/\\\/secure.gravatar.com\\\/avatar\\\/9167d280179c85bc18be67aa7eda765854300033af4896dd779b608640f2ef7a?s=96&d=mm&r=g\",\"caption\":\"Diario1 Diario1\"},\"url\":\"https:\\\/\\\/diariotextual.com\\\/inicio\\\/index.php\\\/author\\\/diario1\\\/\"}]}<\/script>\n<!-- \/ Yoast SEO plugin. -->","yoast_head_json":{"title":"El Indec da a conocer este jueves la inflaci\u00f3n de febrero - Diario Textual","robots":{"index":"index","follow":"follow","max-snippet":"max-snippet:-1","max-image-preview":"max-image-preview:large","max-video-preview":"max-video-preview:-1"},"canonical":"https:\/\/diariotextual.com\/inicio\/index.php\/2026\/03\/12\/el-indec-da-a-conocer-este-jueves-la-inflacion-de-febrero\/","og_locale":"es_ES","og_type":"article","og_title":"El Indec da a conocer este jueves la inflaci\u00f3n de febrero - Diario Textual","og_description":"El Instituto Nacional de Estad\u00edstica y Censos (Indec) dar\u00e1 a conocer este jueves el \u00cdndice de Precios al Consumidor (IPC) de febrero, que se habr\u00eda mantenido&nbsp;cerca del 3%, al igual&hellip;","og_url":"https:\/\/diariotextual.com\/inicio\/index.php\/2026\/03\/12\/el-indec-da-a-conocer-este-jueves-la-inflacion-de-febrero\/","og_site_name":"Diario Textual","article_publisher":"https:\/\/www.facebook.com\/eltextual","article_published_time":"2026-03-12T10:05:02+00:00","article_modified_time":"2026-03-12T10:05:06+00:00","og_image":[{"width":1200,"height":675,"url":"https:\/\/diariotextual.com\/inicio\/wp-content\/uploads\/2023\/09\/supermercadogondolainflacion20333445.jpg","type":"image\/jpeg"}],"author":"Diario1 Diario1","twitter_card":"summary_large_image","twitter_creator":"@eltextual","twitter_site":"@eltextual","twitter_misc":{"Escrito por":"Diario1 Diario1","Tiempo de lectura":"2 minutos"},"schema":{"@context":"https:\/\/schema.org","@graph":[{"@type":"Article","@id":"https:\/\/diariotextual.com\/inicio\/index.php\/2026\/03\/12\/el-indec-da-a-conocer-este-jueves-la-inflacion-de-febrero\/#article","isPartOf":{"@id":"https:\/\/diariotextual.com\/inicio\/index.php\/2026\/03\/12\/el-indec-da-a-conocer-este-jueves-la-inflacion-de-febrero\/"},"author":{"name":"Diario1 Diario1","@id":"https:\/\/diariotextual.com\/inicio\/#\/schema\/person\/418fc4093c33e86ed41562db3508f958"},"headline":"El Indec da a conocer este jueves la inflaci\u00f3n de febrero","datePublished":"2026-03-12T10:05:02+00:00","dateModified":"2026-03-12T10:05:06+00:00","mainEntityOfPage":{"@id":"https:\/\/diariotextual.com\/inicio\/index.php\/2026\/03\/12\/el-indec-da-a-conocer-este-jueves-la-inflacion-de-febrero\/"},"wordCount":278,"publisher":{"@id":"https:\/\/diariotextual.com\/inicio\/#organization"},"image":{"@id":"https:\/\/diariotextual.com\/inicio\/index.php\/2026\/03\/12\/el-indec-da-a-conocer-este-jueves-la-inflacion-de-febrero\/#primaryimage"},"thumbnailUrl":"https:\/\/diariotextual.com\/inicio\/wp-content\/uploads\/2023\/09\/supermercadogondolainflacion20333445.jpg","articleSection":["A - ES NOTICIA (van abajo)","ECONOMIA"],"inLanguage":"es"},{"@type":"WebPage","@id":"https:\/\/diariotextual.com\/inicio\/index.php\/2026\/03\/12\/el-indec-da-a-conocer-este-jueves-la-inflacion-de-febrero\/","url":"https:\/\/diariotextual.com\/inicio\/index.php\/2026\/03\/12\/el-indec-da-a-conocer-este-jueves-la-inflacion-de-febrero\/","name":"El Indec da a conocer este jueves la inflaci\u00f3n de febrero - Diario Textual","isPartOf":{"@id":"https:\/\/diariotextual.com\/inicio\/#website"},"primaryImageOfPage":{"@id":"https:\/\/diariotextual.com\/inicio\/index.php\/2026\/03\/12\/el-indec-da-a-conocer-este-jueves-la-inflacion-de-febrero\/#primaryimage"},"image":{"@id":"https:\/\/diariotextual.com\/inicio\/index.php\/2026\/03\/12\/el-indec-da-a-conocer-este-jueves-la-inflacion-de-febrero\/#primaryimage"},"thumbnailUrl":"https:\/\/diariotextual.com\/inicio\/wp-content\/uploads\/2023\/09\/supermercadogondolainflacion20333445.jpg","datePublished":"2026-03-12T10:05:02+00:00","dateModified":"2026-03-12T10:05:06+00:00","breadcrumb":{"@id":"https:\/\/diariotextual.com\/inicio\/index.php\/2026\/03\/12\/el-indec-da-a-conocer-este-jueves-la-inflacion-de-febrero\/#breadcrumb"},"inLanguage":"es","potentialAction":[{"@type":"ReadAction","target":["https:\/\/diariotextual.com\/inicio\/index.php\/2026\/03\/12\/el-indec-da-a-conocer-este-jueves-la-inflacion-de-febrero\/"]}]},{"@type":"ImageObject","inLanguage":"es","@id":"https:\/\/diariotextual.com\/inicio\/index.php\/2026\/03\/12\/el-indec-da-a-conocer-este-jueves-la-inflacion-de-febrero\/#primaryimage","url":"https:\/\/diariotextual.com\/inicio\/wp-content\/uploads\/2023\/09\/supermercadogondolainflacion20333445.jpg","contentUrl":"https:\/\/diariotextual.com\/inicio\/wp-content\/uploads\/2023\/09\/supermercadogondolainflacion20333445.jpg","width":1200,"height":675},{"@type":"BreadcrumbList","@id":"https:\/\/diariotextual.com\/inicio\/index.php\/2026\/03\/12\/el-indec-da-a-conocer-este-jueves-la-inflacion-de-febrero\/#breadcrumb","itemListElement":[{"@type":"ListItem","position":1,"name":"Portada","item":"https:\/\/diariotextual.com\/inicio\/"},{"@type":"ListItem","position":2,"name":"El Indec da a conocer este jueves la inflaci\u00f3n de febrero"}]},{"@type":"WebSite","@id":"https:\/\/diariotextual.com\/inicio\/#website","url":"https:\/\/diariotextual.com\/inicio\/","name":"Diario Textual","description":"","publisher":{"@id":"https:\/\/diariotextual.com\/inicio\/#organization"},"potentialAction":[{"@type":"SearchAction","target":{"@type":"EntryPoint","urlTemplate":"https:\/\/diariotextual.com\/inicio\/?s={search_term_string}"},"query-input":{"@type":"PropertyValueSpecification","valueRequired":true,"valueName":"search_term_string"}}],"inLanguage":"es"},{"@type":"Organization","@id":"https:\/\/diariotextual.com\/inicio\/#organization","name":"Diario Textual","url":"https:\/\/diariotextual.com\/inicio\/","logo":{"@type":"ImageObject","inLanguage":"es","@id":"https:\/\/diariotextual.com\/inicio\/#\/schema\/logo\/image\/","url":"https:\/\/diariotextual.com\/inicio\/wp-content\/uploads\/2023\/05\/logotextual1.jpg","contentUrl":"https:\/\/diariotextual.com\/inicio\/wp-content\/uploads\/2023\/05\/logotextual1.jpg","width":516,"height":76,"caption":"Diario Textual"},"image":{"@id":"https:\/\/diariotextual.com\/inicio\/#\/schema\/logo\/image\/"},"sameAs":["https:\/\/www.facebook.com\/eltextual","https:\/\/x.com\/eltextual","http:\/\/www.instagram.com\/eltextual"]},{"@type":"Person","@id":"https:\/\/diariotextual.com\/inicio\/#\/schema\/person\/418fc4093c33e86ed41562db3508f958","name":"Diario1 Diario1","image":{"@type":"ImageObject","inLanguage":"es","@id":"https:\/\/secure.gravatar.com\/avatar\/9167d280179c85bc18be67aa7eda765854300033af4896dd779b608640f2ef7a?s=96&d=mm&r=g","url":"https:\/\/secure.gravatar.com\/avatar\/9167d280179c85bc18be67aa7eda765854300033af4896dd779b608640f2ef7a?s=96&d=mm&r=g","contentUrl":"https:\/\/secure.gravatar.com\/avatar\/9167d280179c85bc18be67aa7eda765854300033af4896dd779b608640f2ef7a?s=96&d=mm&r=g","caption":"Diario1 Diario1"},"url":"https:\/\/diariotextual.com\/inicio\/index.php\/author\/diario1\/"}]}},"_links":{"self":[{"href":"https:\/\/diariotextual.com\/inicio\/index.php\/wp-json\/wp\/v2\/posts\/322064","targetHints":{"allow":["GET"]}}],"collection":[{"href":"https:\/\/diariotextual.com\/inicio\/index.php\/wp-json\/wp\/v2\/posts"}],"about":[{"href":"https:\/\/diariotextual.com\/inicio\/index.php\/wp-json\/wp\/v2\/types\/post"}],"author":[{"embeddable":true,"href":"https:\/\/diariotextual.com\/inicio\/index.php\/wp-json\/wp\/v2\/users\/3"}],"replies":[{"embeddable":true,"href":"https:\/\/diariotextual.com\/inicio\/index.php\/wp-json\/wp\/v2\/comments?post=322064"}],"version-history":[{"count":1,"href":"https:\/\/diariotextual.com\/inicio\/index.php\/wp-json\/wp\/v2\/posts\/322064\/revisions"}],"predecessor-version":[{"id":322065,"href":"https:\/\/diariotextual.com\/inicio\/index.php\/wp-json\/wp\/v2\/posts\/322064\/revisions\/322065"}],"wp:featuredmedia":[{"embeddable":true,"href":"https:\/\/diariotextual.com\/inicio\/index.php\/wp-json\/wp\/v2\/media\/236956"}],"wp:attachment":[{"href":"https:\/\/diariotextual.com\/inicio\/index.php\/wp-json\/wp\/v2\/media?parent=322064"}],"wp:term":[{"taxonomy":"category","embeddable":true,"href":"https:\/\/diariotextual.com\/inicio\/index.php\/wp-json\/wp\/v2\/categories?post=322064"},{"taxonomy":"post_tag","embeddable":true,"href":"https:\/\/diariotextual.com\/inicio\/index.php\/wp-json\/wp\/v2\/tags?post=322064"}],"curies":[{"name":"wp","href":"https:\/\/api.w.org\/{rel}","templated":true}]}}