{"id":322081,"date":"2026-03-12T08:27:11","date_gmt":"2026-03-12T11:27:11","guid":{"rendered":"https:\/\/diariotextual.com\/inicio\/?p=322081"},"modified":"2026-03-12T13:23:21","modified_gmt":"2026-03-12T16:23:21","slug":"el-intendente-de-alpachiri-quiere-sacar-un-concejal-afecta-a-la-oposicion-y-el-se-beneficio-en-su-momento","status":"publish","type":"post","link":"https:\/\/diariotextual.com\/inicio\/index.php\/2026\/03\/12\/el-intendente-de-alpachiri-quiere-sacar-un-concejal-afecta-a-la-oposicion-y-el-se-beneficio-en-su-momento\/","title":{"rendered":"El intendente de Alpachiri quiere sacar un concejal: afecta a la oposici\u00f3n y \u00e9l se benefici\u00f3 en su momento"},"content":{"rendered":"\n<p>El intendente de Alpachiri, <strong>Iv\u00e1n Fuhr<\/strong> (UCR), plante\u00f3 la posibilidad de reducir el n\u00famero de concejales de la localidad, al considerar que, por la ley provincial, el Concejo Deliberante tendr\u00eda un representante de m\u00e1s. Se trata de una medida que, en la situaci\u00f3n actual, afectar\u00eda a la oposici\u00f3n, que perder\u00eda un edil, y que en su momento benefici\u00f3 al propio Fuhr cuando fue concejal.<\/p>\n\n\n\n<p>La discusi\u00f3n surgi\u00f3 a partir de los planteos de los intendentes de General Acha y Toay, quienes no quieren que sus concejos deliberantes pasen de ocho a doce miembros en 2027 al actualizarse la poblaci\u00f3n, ya que implicar\u00eda un mayor gasto pol\u00edtico para contar con la misma cantidad de ediles que ciudades como Santa Rosa o General Pico.<\/p>\n\n\n\n<p>En ese contexto, Fuhr indic\u00f3 que Alpachiri deber\u00eda tener un concejal menos -hoy tiene seis- porque, seg\u00fan su poblaci\u00f3n, le corresponder\u00edan cinco. La localidad cuenta con 2.032 habitantes, de acuerdo con el Censo 2022, y la Ley Org\u00e1nica Municipal establece que las comunas de hasta 2.300 habitantes deben tener cinco concejales.<\/p>\n\n\n\n<p>Sin embargo, Alpachiri tiene seis ediles porque en 1995 se alcanz\u00f3 ese n\u00famero, ya que en 1991 la poblaci\u00f3n superaba los 2.400 habitantes. Desde 1999, seg\u00fan esa interpretaci\u00f3n, el Concejo deber\u00eda haber quedado nuevamente con cinco integrantes.<\/p>\n\n\n\n<p>Ahora Fuhr impulsa la reducci\u00f3n y enviar\u00e1 notas a la C\u00e1mara de Diputados y a la Justicia Electoral. De concretarse, la medida afectar\u00eda a la oposici\u00f3n del PJ si se mantuviera la actual composici\u00f3n del Concejo Deliberante: tres concejales oficialistas y tres opositores, de los cuales el sexto pertenece al peronismo.<\/p>\n\n\n\n<p>Adem\u00e1s, el propio Fuhr se benefici\u00f3 en su momento de esta situaci\u00f3n. El actual jefe comunal fue concejal en 2015 y, en 2019, figuraba cuarto como suplente en la lista de concejales. Luego de la renuncia de uno de los titulares, pudo ingresar al cuerpo legislativo como sexto edil.<\/p>\n\n\n\n<p><\/p>\n","protected":false},"excerpt":{"rendered":"<p>El intendente de Alpachiri, Iv\u00e1n Fuhr (UCR), plante\u00f3 la posibilidad de reducir el n\u00famero de concejales de la localidad, al considerar que, por la ley provincial, el Concejo Deliberante tendr\u00eda&hellip;<\/p>\n","protected":false},"author":3,"featured_media":318675,"comment_status":"closed","ping_status":"open","sticky":false,"template":"","format":"standard","meta":{"_acf_changed":false,"footnotes":""},"categories":[1,11,8],"tags":[],"class_list":["post-322081","post","type-post","status-publish","format-standard","has-post-thumbnail","hentry","category-es-noticia","category-que-pasa","category-politica"],"acf":[],"yoast_head":"<!-- This site is optimized with the Yoast SEO plugin v27.5 - https:\/\/yoast.com\/product\/yoast-seo-wordpress\/ -->\n<title>El intendente de Alpachiri quiere sacar un concejal: afecta a la oposici\u00f3n y \u00e9l se benefici\u00f3 en su momento - Diario Textual<\/title>\n<meta name=\"robots\" content=\"index, follow, max-snippet:-1, max-image-preview:large, max-video-preview:-1\" \/>\n<link rel=\"canonical\" href=\"https:\/\/diariotextual.com\/inicio\/index.php\/2026\/03\/12\/el-intendente-de-alpachiri-quiere-sacar-un-concejal-afecta-a-la-oposicion-y-el-se-beneficio-en-su-momento\/\" \/>\n<meta property=\"og:locale\" content=\"es_ES\" \/>\n<meta property=\"og:type\" content=\"article\" \/>\n<meta property=\"og:title\" content=\"El intendente de Alpachiri quiere sacar un concejal: afecta a la oposici\u00f3n y \u00e9l se benefici\u00f3 en su momento - Diario Textual\" \/>\n<meta property=\"og:description\" content=\"El intendente de Alpachiri, Iv\u00e1n Fuhr (UCR), plante\u00f3 la posibilidad de reducir el n\u00famero de concejales de la localidad, al considerar que, por la ley provincial, el Concejo Deliberante tendr\u00eda&hellip;\" \/>\n<meta property=\"og:url\" content=\"https:\/\/diariotextual.com\/inicio\/index.php\/2026\/03\/12\/el-intendente-de-alpachiri-quiere-sacar-un-concejal-afecta-a-la-oposicion-y-el-se-beneficio-en-su-momento\/\" \/>\n<meta property=\"og:site_name\" content=\"Diario Textual\" \/>\n<meta property=\"article:publisher\" content=\"https:\/\/www.facebook.com\/eltextual\" \/>\n<meta property=\"article:published_time\" content=\"2026-03-12T11:27:11+00:00\" \/>\n<meta property=\"article:modified_time\" content=\"2026-03-12T16:23:21+00:00\" \/>\n<meta property=\"og:image\" content=\"https:\/\/diariotextual.com\/inicio\/wp-content\/uploads\/2026\/01\/alpachiriplaza5647.jpg\" \/>\n\t<meta property=\"og:image:width\" content=\"1080\" \/>\n\t<meta property=\"og:image:height\" content=\"744\" \/>\n\t<meta property=\"og:image:type\" content=\"image\/jpeg\" \/>\n<meta name=\"author\" content=\"Diario1 Diario1\" \/>\n<meta name=\"twitter:card\" content=\"summary_large_image\" \/>\n<meta name=\"twitter:creator\" content=\"@eltextual\" \/>\n<meta name=\"twitter:site\" content=\"@eltextual\" \/>\n<meta name=\"twitter:label1\" content=\"Escrito por\" \/>\n\t<meta name=\"twitter:data1\" content=\"Diario1 Diario1\" \/>\n\t<meta name=\"twitter:label2\" content=\"Tiempo de lectura\" \/>\n\t<meta name=\"twitter:data2\" content=\"2 minutos\" \/>\n<script type=\"application\/ld+json\" class=\"yoast-schema-graph\">{\"@context\":\"https:\\\/\\\/schema.org\",\"@graph\":[{\"@type\":\"Article\",\"@id\":\"https:\\\/\\\/diariotextual.com\\\/inicio\\\/index.php\\\/2026\\\/03\\\/12\\\/el-intendente-de-alpachiri-quiere-sacar-un-concejal-afecta-a-la-oposicion-y-el-se-beneficio-en-su-momento\\\/#article\",\"isPartOf\":{\"@id\":\"https:\\\/\\\/diariotextual.com\\\/inicio\\\/index.php\\\/2026\\\/03\\\/12\\\/el-intendente-de-alpachiri-quiere-sacar-un-concejal-afecta-a-la-oposicion-y-el-se-beneficio-en-su-momento\\\/\"},\"author\":{\"name\":\"Diario1 Diario1\",\"@id\":\"https:\\\/\\\/diariotextual.com\\\/inicio\\\/#\\\/schema\\\/person\\\/418fc4093c33e86ed41562db3508f958\"},\"headline\":\"El intendente de Alpachiri quiere sacar un concejal: afecta a la oposici\u00f3n y \u00e9l se benefici\u00f3 en su momento\",\"datePublished\":\"2026-03-12T11:27:11+00:00\",\"dateModified\":\"2026-03-12T16:23:21+00:00\",\"mainEntityOfPage\":{\"@id\":\"https:\\\/\\\/diariotextual.com\\\/inicio\\\/index.php\\\/2026\\\/03\\\/12\\\/el-intendente-de-alpachiri-quiere-sacar-un-concejal-afecta-a-la-oposicion-y-el-se-beneficio-en-su-momento\\\/\"},\"wordCount\":349,\"publisher\":{\"@id\":\"https:\\\/\\\/diariotextual.com\\\/inicio\\\/#organization\"},\"image\":{\"@id\":\"https:\\\/\\\/diariotextual.com\\\/inicio\\\/index.php\\\/2026\\\/03\\\/12\\\/el-intendente-de-alpachiri-quiere-sacar-un-concejal-afecta-a-la-oposicion-y-el-se-beneficio-en-su-momento\\\/#primaryimage\"},\"thumbnailUrl\":\"https:\\\/\\\/diariotextual.com\\\/inicio\\\/wp-content\\\/uploads\\\/2026\\\/01\\\/alpachiriplaza5647.jpg\",\"articleSection\":[\"A - ES NOTICIA (van abajo)\",\"A - QUE PASA (al costado)\",\"POLITICA\"],\"inLanguage\":\"es\"},{\"@type\":\"WebPage\",\"@id\":\"https:\\\/\\\/diariotextual.com\\\/inicio\\\/index.php\\\/2026\\\/03\\\/12\\\/el-intendente-de-alpachiri-quiere-sacar-un-concejal-afecta-a-la-oposicion-y-el-se-beneficio-en-su-momento\\\/\",\"url\":\"https:\\\/\\\/diariotextual.com\\\/inicio\\\/index.php\\\/2026\\\/03\\\/12\\\/el-intendente-de-alpachiri-quiere-sacar-un-concejal-afecta-a-la-oposicion-y-el-se-beneficio-en-su-momento\\\/\",\"name\":\"El intendente de Alpachiri quiere sacar un concejal: afecta a la oposici\u00f3n y \u00e9l se benefici\u00f3 en su momento - Diario Textual\",\"isPartOf\":{\"@id\":\"https:\\\/\\\/diariotextual.com\\\/inicio\\\/#website\"},\"primaryImageOfPage\":{\"@id\":\"https:\\\/\\\/diariotextual.com\\\/inicio\\\/index.php\\\/2026\\\/03\\\/12\\\/el-intendente-de-alpachiri-quiere-sacar-un-concejal-afecta-a-la-oposicion-y-el-se-beneficio-en-su-momento\\\/#primaryimage\"},\"image\":{\"@id\":\"https:\\\/\\\/diariotextual.com\\\/inicio\\\/index.php\\\/2026\\\/03\\\/12\\\/el-intendente-de-alpachiri-quiere-sacar-un-concejal-afecta-a-la-oposicion-y-el-se-beneficio-en-su-momento\\\/#primaryimage\"},\"thumbnailUrl\":\"https:\\\/\\\/diariotextual.com\\\/inicio\\\/wp-content\\\/uploads\\\/2026\\\/01\\\/alpachiriplaza5647.jpg\",\"datePublished\":\"2026-03-12T11:27:11+00:00\",\"dateModified\":\"2026-03-12T16:23:21+00:00\",\"breadcrumb\":{\"@id\":\"https:\\\/\\\/diariotextual.com\\\/inicio\\\/index.php\\\/2026\\\/03\\\/12\\\/el-intendente-de-alpachiri-quiere-sacar-un-concejal-afecta-a-la-oposicion-y-el-se-beneficio-en-su-momento\\\/#breadcrumb\"},\"inLanguage\":\"es\",\"potentialAction\":[{\"@type\":\"ReadAction\",\"target\":[\"https:\\\/\\\/diariotextual.com\\\/inicio\\\/index.php\\\/2026\\\/03\\\/12\\\/el-intendente-de-alpachiri-quiere-sacar-un-concejal-afecta-a-la-oposicion-y-el-se-beneficio-en-su-momento\\\/\"]}]},{\"@type\":\"ImageObject\",\"inLanguage\":\"es\",\"@id\":\"https:\\\/\\\/diariotextual.com\\\/inicio\\\/index.php\\\/2026\\\/03\\\/12\\\/el-intendente-de-alpachiri-quiere-sacar-un-concejal-afecta-a-la-oposicion-y-el-se-beneficio-en-su-momento\\\/#primaryimage\",\"url\":\"https:\\\/\\\/diariotextual.com\\\/inicio\\\/wp-content\\\/uploads\\\/2026\\\/01\\\/alpachiriplaza5647.jpg\",\"contentUrl\":\"https:\\\/\\\/diariotextual.com\\\/inicio\\\/wp-content\\\/uploads\\\/2026\\\/01\\\/alpachiriplaza5647.jpg\",\"width\":1080,\"height\":744},{\"@type\":\"BreadcrumbList\",\"@id\":\"https:\\\/\\\/diariotextual.com\\\/inicio\\\/index.php\\\/2026\\\/03\\\/12\\\/el-intendente-de-alpachiri-quiere-sacar-un-concejal-afecta-a-la-oposicion-y-el-se-beneficio-en-su-momento\\\/#breadcrumb\",\"itemListElement\":[{\"@type\":\"ListItem\",\"position\":1,\"name\":\"Portada\",\"item\":\"https:\\\/\\\/diariotextual.com\\\/inicio\\\/\"},{\"@type\":\"ListItem\",\"position\":2,\"name\":\"El intendente de Alpachiri quiere sacar un concejal: afecta a la oposici\u00f3n y \u00e9l se benefici\u00f3 en su momento\"}]},{\"@type\":\"WebSite\",\"@id\":\"https:\\\/\\\/diariotextual.com\\\/inicio\\\/#website\",\"url\":\"https:\\\/\\\/diariotextual.com\\\/inicio\\\/\",\"name\":\"Diario Textual\",\"description\":\"\",\"publisher\":{\"@id\":\"https:\\\/\\\/diariotextual.com\\\/inicio\\\/#organization\"},\"potentialAction\":[{\"@type\":\"SearchAction\",\"target\":{\"@type\":\"EntryPoint\",\"urlTemplate\":\"https:\\\/\\\/diariotextual.com\\\/inicio\\\/?s={search_term_string}\"},\"query-input\":{\"@type\":\"PropertyValueSpecification\",\"valueRequired\":true,\"valueName\":\"search_term_string\"}}],\"inLanguage\":\"es\"},{\"@type\":\"Organization\",\"@id\":\"https:\\\/\\\/diariotextual.com\\\/inicio\\\/#organization\",\"name\":\"Diario Textual\",\"url\":\"https:\\\/\\\/diariotextual.com\\\/inicio\\\/\",\"logo\":{\"@type\":\"ImageObject\",\"inLanguage\":\"es\",\"@id\":\"https:\\\/\\\/diariotextual.com\\\/inicio\\\/#\\\/schema\\\/logo\\\/image\\\/\",\"url\":\"https:\\\/\\\/diariotextual.com\\\/inicio\\\/wp-content\\\/uploads\\\/2023\\\/05\\\/logotextual1.jpg\",\"contentUrl\":\"https:\\\/\\\/diariotextual.com\\\/inicio\\\/wp-content\\\/uploads\\\/2023\\\/05\\\/logotextual1.jpg\",\"width\":516,\"height\":76,\"caption\":\"Diario Textual\"},\"image\":{\"@id\":\"https:\\\/\\\/diariotextual.com\\\/inicio\\\/#\\\/schema\\\/logo\\\/image\\\/\"},\"sameAs\":[\"https:\\\/\\\/www.facebook.com\\\/eltextual\",\"https:\\\/\\\/x.com\\\/eltextual\",\"http:\\\/\\\/www.instagram.com\\\/eltextual\"]},{\"@type\":\"Person\",\"@id\":\"https:\\\/\\\/diariotextual.com\\\/inicio\\\/#\\\/schema\\\/person\\\/418fc4093c33e86ed41562db3508f958\",\"name\":\"Diario1 Diario1\",\"image\":{\"@type\":\"ImageObject\",\"inLanguage\":\"es\",\"@id\":\"https:\\\/\\\/secure.gravatar.com\\\/avatar\\\/9167d280179c85bc18be67aa7eda765854300033af4896dd779b608640f2ef7a?s=96&d=mm&r=g\",\"url\":\"https:\\\/\\\/secure.gravatar.com\\\/avatar\\\/9167d280179c85bc18be67aa7eda765854300033af4896dd779b608640f2ef7a?s=96&d=mm&r=g\",\"contentUrl\":\"https:\\\/\\\/secure.gravatar.com\\\/avatar\\\/9167d280179c85bc18be67aa7eda765854300033af4896dd779b608640f2ef7a?s=96&d=mm&r=g\",\"caption\":\"Diario1 Diario1\"},\"url\":\"https:\\\/\\\/diariotextual.com\\\/inicio\\\/index.php\\\/author\\\/diario1\\\/\"}]}<\/script>\n<!-- \/ Yoast SEO plugin. -->","yoast_head_json":{"title":"El intendente de Alpachiri quiere sacar un concejal: afecta a la oposici\u00f3n y \u00e9l se benefici\u00f3 en su momento - Diario Textual","robots":{"index":"index","follow":"follow","max-snippet":"max-snippet:-1","max-image-preview":"max-image-preview:large","max-video-preview":"max-video-preview:-1"},"canonical":"https:\/\/diariotextual.com\/inicio\/index.php\/2026\/03\/12\/el-intendente-de-alpachiri-quiere-sacar-un-concejal-afecta-a-la-oposicion-y-el-se-beneficio-en-su-momento\/","og_locale":"es_ES","og_type":"article","og_title":"El intendente de Alpachiri quiere sacar un concejal: afecta a la oposici\u00f3n y \u00e9l se benefici\u00f3 en su momento - Diario Textual","og_description":"El intendente de Alpachiri, Iv\u00e1n Fuhr (UCR), plante\u00f3 la posibilidad de reducir el n\u00famero de concejales de la localidad, al considerar que, por la ley provincial, el Concejo Deliberante tendr\u00eda&hellip;","og_url":"https:\/\/diariotextual.com\/inicio\/index.php\/2026\/03\/12\/el-intendente-de-alpachiri-quiere-sacar-un-concejal-afecta-a-la-oposicion-y-el-se-beneficio-en-su-momento\/","og_site_name":"Diario Textual","article_publisher":"https:\/\/www.facebook.com\/eltextual","article_published_time":"2026-03-12T11:27:11+00:00","article_modified_time":"2026-03-12T16:23:21+00:00","og_image":[{"width":1080,"height":744,"url":"https:\/\/diariotextual.com\/inicio\/wp-content\/uploads\/2026\/01\/alpachiriplaza5647.jpg","type":"image\/jpeg"}],"author":"Diario1 Diario1","twitter_card":"summary_large_image","twitter_creator":"@eltextual","twitter_site":"@eltextual","twitter_misc":{"Escrito por":"Diario1 Diario1","Tiempo de lectura":"2 minutos"},"schema":{"@context":"https:\/\/schema.org","@graph":[{"@type":"Article","@id":"https:\/\/diariotextual.com\/inicio\/index.php\/2026\/03\/12\/el-intendente-de-alpachiri-quiere-sacar-un-concejal-afecta-a-la-oposicion-y-el-se-beneficio-en-su-momento\/#article","isPartOf":{"@id":"https:\/\/diariotextual.com\/inicio\/index.php\/2026\/03\/12\/el-intendente-de-alpachiri-quiere-sacar-un-concejal-afecta-a-la-oposicion-y-el-se-beneficio-en-su-momento\/"},"author":{"name":"Diario1 Diario1","@id":"https:\/\/diariotextual.com\/inicio\/#\/schema\/person\/418fc4093c33e86ed41562db3508f958"},"headline":"El intendente de Alpachiri quiere sacar un concejal: afecta a la oposici\u00f3n y \u00e9l se benefici\u00f3 en su momento","datePublished":"2026-03-12T11:27:11+00:00","dateModified":"2026-03-12T16:23:21+00:00","mainEntityOfPage":{"@id":"https:\/\/diariotextual.com\/inicio\/index.php\/2026\/03\/12\/el-intendente-de-alpachiri-quiere-sacar-un-concejal-afecta-a-la-oposicion-y-el-se-beneficio-en-su-momento\/"},"wordCount":349,"publisher":{"@id":"https:\/\/diariotextual.com\/inicio\/#organization"},"image":{"@id":"https:\/\/diariotextual.com\/inicio\/index.php\/2026\/03\/12\/el-intendente-de-alpachiri-quiere-sacar-un-concejal-afecta-a-la-oposicion-y-el-se-beneficio-en-su-momento\/#primaryimage"},"thumbnailUrl":"https:\/\/diariotextual.com\/inicio\/wp-content\/uploads\/2026\/01\/alpachiriplaza5647.jpg","articleSection":["A - ES NOTICIA (van abajo)","A - QUE PASA (al costado)","POLITICA"],"inLanguage":"es"},{"@type":"WebPage","@id":"https:\/\/diariotextual.com\/inicio\/index.php\/2026\/03\/12\/el-intendente-de-alpachiri-quiere-sacar-un-concejal-afecta-a-la-oposicion-y-el-se-beneficio-en-su-momento\/","url":"https:\/\/diariotextual.com\/inicio\/index.php\/2026\/03\/12\/el-intendente-de-alpachiri-quiere-sacar-un-concejal-afecta-a-la-oposicion-y-el-se-beneficio-en-su-momento\/","name":"El intendente de Alpachiri quiere sacar un concejal: afecta a la oposici\u00f3n y \u00e9l se benefici\u00f3 en su momento - Diario Textual","isPartOf":{"@id":"https:\/\/diariotextual.com\/inicio\/#website"},"primaryImageOfPage":{"@id":"https:\/\/diariotextual.com\/inicio\/index.php\/2026\/03\/12\/el-intendente-de-alpachiri-quiere-sacar-un-concejal-afecta-a-la-oposicion-y-el-se-beneficio-en-su-momento\/#primaryimage"},"image":{"@id":"https:\/\/diariotextual.com\/inicio\/index.php\/2026\/03\/12\/el-intendente-de-alpachiri-quiere-sacar-un-concejal-afecta-a-la-oposicion-y-el-se-beneficio-en-su-momento\/#primaryimage"},"thumbnailUrl":"https:\/\/diariotextual.com\/inicio\/wp-content\/uploads\/2026\/01\/alpachiriplaza5647.jpg","datePublished":"2026-03-12T11:27:11+00:00","dateModified":"2026-03-12T16:23:21+00:00","breadcrumb":{"@id":"https:\/\/diariotextual.com\/inicio\/index.php\/2026\/03\/12\/el-intendente-de-alpachiri-quiere-sacar-un-concejal-afecta-a-la-oposicion-y-el-se-beneficio-en-su-momento\/#breadcrumb"},"inLanguage":"es","potentialAction":[{"@type":"ReadAction","target":["https:\/\/diariotextual.com\/inicio\/index.php\/2026\/03\/12\/el-intendente-de-alpachiri-quiere-sacar-un-concejal-afecta-a-la-oposicion-y-el-se-beneficio-en-su-momento\/"]}]},{"@type":"ImageObject","inLanguage":"es","@id":"https:\/\/diariotextual.com\/inicio\/index.php\/2026\/03\/12\/el-intendente-de-alpachiri-quiere-sacar-un-concejal-afecta-a-la-oposicion-y-el-se-beneficio-en-su-momento\/#primaryimage","url":"https:\/\/diariotextual.com\/inicio\/wp-content\/uploads\/2026\/01\/alpachiriplaza5647.jpg","contentUrl":"https:\/\/diariotextual.com\/inicio\/wp-content\/uploads\/2026\/01\/alpachiriplaza5647.jpg","width":1080,"height":744},{"@type":"BreadcrumbList","@id":"https:\/\/diariotextual.com\/inicio\/index.php\/2026\/03\/12\/el-intendente-de-alpachiri-quiere-sacar-un-concejal-afecta-a-la-oposicion-y-el-se-beneficio-en-su-momento\/#breadcrumb","itemListElement":[{"@type":"ListItem","position":1,"name":"Portada","item":"https:\/\/diariotextual.com\/inicio\/"},{"@type":"ListItem","position":2,"name":"El intendente de Alpachiri quiere sacar un concejal: afecta a la oposici\u00f3n y \u00e9l se benefici\u00f3 en su momento"}]},{"@type":"WebSite","@id":"https:\/\/diariotextual.com\/inicio\/#website","url":"https:\/\/diariotextual.com\/inicio\/","name":"Diario Textual","description":"","publisher":{"@id":"https:\/\/diariotextual.com\/inicio\/#organization"},"potentialAction":[{"@type":"SearchAction","target":{"@type":"EntryPoint","urlTemplate":"https:\/\/diariotextual.com\/inicio\/?s={search_term_string}"},"query-input":{"@type":"PropertyValueSpecification","valueRequired":true,"valueName":"search_term_string"}}],"inLanguage":"es"},{"@type":"Organization","@id":"https:\/\/diariotextual.com\/inicio\/#organization","name":"Diario Textual","url":"https:\/\/diariotextual.com\/inicio\/","logo":{"@type":"ImageObject","inLanguage":"es","@id":"https:\/\/diariotextual.com\/inicio\/#\/schema\/logo\/image\/","url":"https:\/\/diariotextual.com\/inicio\/wp-content\/uploads\/2023\/05\/logotextual1.jpg","contentUrl":"https:\/\/diariotextual.com\/inicio\/wp-content\/uploads\/2023\/05\/logotextual1.jpg","width":516,"height":76,"caption":"Diario Textual"},"image":{"@id":"https:\/\/diariotextual.com\/inicio\/#\/schema\/logo\/image\/"},"sameAs":["https:\/\/www.facebook.com\/eltextual","https:\/\/x.com\/eltextual","http:\/\/www.instagram.com\/eltextual"]},{"@type":"Person","@id":"https:\/\/diariotextual.com\/inicio\/#\/schema\/person\/418fc4093c33e86ed41562db3508f958","name":"Diario1 Diario1","image":{"@type":"ImageObject","inLanguage":"es","@id":"https:\/\/secure.gravatar.com\/avatar\/9167d280179c85bc18be67aa7eda765854300033af4896dd779b608640f2ef7a?s=96&d=mm&r=g","url":"https:\/\/secure.gravatar.com\/avatar\/9167d280179c85bc18be67aa7eda765854300033af4896dd779b608640f2ef7a?s=96&d=mm&r=g","contentUrl":"https:\/\/secure.gravatar.com\/avatar\/9167d280179c85bc18be67aa7eda765854300033af4896dd779b608640f2ef7a?s=96&d=mm&r=g","caption":"Diario1 Diario1"},"url":"https:\/\/diariotextual.com\/inicio\/index.php\/author\/diario1\/"}]}},"_links":{"self":[{"href":"https:\/\/diariotextual.com\/inicio\/index.php\/wp-json\/wp\/v2\/posts\/322081","targetHints":{"allow":["GET"]}}],"collection":[{"href":"https:\/\/diariotextual.com\/inicio\/index.php\/wp-json\/wp\/v2\/posts"}],"about":[{"href":"https:\/\/diariotextual.com\/inicio\/index.php\/wp-json\/wp\/v2\/types\/post"}],"author":[{"embeddable":true,"href":"https:\/\/diariotextual.com\/inicio\/index.php\/wp-json\/wp\/v2\/users\/3"}],"replies":[{"embeddable":true,"href":"https:\/\/diariotextual.com\/inicio\/index.php\/wp-json\/wp\/v2\/comments?post=322081"}],"version-history":[{"count":2,"href":"https:\/\/diariotextual.com\/inicio\/index.php\/wp-json\/wp\/v2\/posts\/322081\/revisions"}],"predecessor-version":[{"id":322083,"href":"https:\/\/diariotextual.com\/inicio\/index.php\/wp-json\/wp\/v2\/posts\/322081\/revisions\/322083"}],"wp:featuredmedia":[{"embeddable":true,"href":"https:\/\/diariotextual.com\/inicio\/index.php\/wp-json\/wp\/v2\/media\/318675"}],"wp:attachment":[{"href":"https:\/\/diariotextual.com\/inicio\/index.php\/wp-json\/wp\/v2\/media?parent=322081"}],"wp:term":[{"taxonomy":"category","embeddable":true,"href":"https:\/\/diariotextual.com\/inicio\/index.php\/wp-json\/wp\/v2\/categories?post=322081"},{"taxonomy":"post_tag","embeddable":true,"href":"https:\/\/diariotextual.com\/inicio\/index.php\/wp-json\/wp\/v2\/tags?post=322081"}],"curies":[{"name":"wp","href":"https:\/\/api.w.org\/{rel}","templated":true}]}}