{"id":322105,"date":"2026-03-12T23:00:14","date_gmt":"2026-03-13T02:00:14","guid":{"rendered":"https:\/\/diariotextual.com\/inicio\/?p=322105"},"modified":"2026-03-13T07:20:18","modified_gmt":"2026-03-13T10:20:18","slug":"sorpresa-el-intendente-de-lonquimay-anuncio-que-se-retira-de-la-politica","status":"publish","type":"post","link":"https:\/\/diariotextual.com\/inicio\/index.php\/2026\/03\/12\/sorpresa-el-intendente-de-lonquimay-anuncio-que-se-retira-de-la-politica\/","title":{"rendered":"El intendente de Lonquimay anunci\u00f3 que se retira de la pol\u00edtica y postul\u00f3 a Verna de gobernador"},"content":{"rendered":"\n<p>El intendente de Lonquimay, <strong>Manuel Feito<\/strong> (PJ, vernismo), avis\u00f3 que en 2027 se retirar\u00e1 de la pol\u00edtica y postul\u00f3 a Carlos Verna para que regrese en 2027 a la gobernaci\u00f3n. <\/p>\n\n\n\n<p>Este jueves, sorpresivamente, <strong>dijo que no buscar\u00e1 un nuevo mandato en la intendencia ni ning\u00fan otro cargo.<\/strong> \u201cManu\u201d Feito es uno de los intendentes m\u00e1s j\u00f3venes de la provincia. Est\u00e1 vinculado a la l\u00ednea Plural, al mando de <strong>Carlos Verna<\/strong>, pero tambi\u00e9n tuvo su acercamiento en los \u00faltimos meses con el armado interno de <strong>Luciano di N\u00e1poli.<\/strong><\/p>\n\n\n\n<p>La decisi\u00f3n gener\u00f3 todo tipo de especulaciones en el peronismo. Sin embargo, se encarg\u00f3 de aclarar que ya hab\u00eda anticipado que no pensaba quedarse m\u00e1s de 8 a\u00f1os en la intendencia.<em> <\/em><\/p>\n\n\n\n<p>Lo que m\u00e1s llam\u00f3 la atenci\u00f3n, sin embargo, es que dijo que se retirar\u00e1 de la pol\u00edtica partidaria: es uno de los jefes comunales con mejor imagen positiva de la provincia.<\/p>\n\n\n\n<p>Dijo que le gustar\u00eda que Carlos Verna sea nuevamente gobernador. \u201cSin dudas\u201d, dijo, cuando fue consultado. \u201cSu voz es rectora, ordenadora. Hace que, para afuera, todo aparezca como m\u00e1s ordenado\u201d, resalt\u00f3. \u201cEso tiene que ser algo que avance en el tiempo; el partido tiene las personas que est\u00e1n a cargo de eso, uno no est\u00e1 a cargo de eso ni por ah\u00ed tiene la capacidad de opinar. Pero necesitamos propuestas superadoras y que nos garantice que vamos a darle a los pampeanos lo que esperan del peronismo\u201d.<\/p>\n\n\n\n<p>\u201cNo creo que busque la reelecci\u00f3n en 2027\u201d, agreg\u00f3, en otro tramo de la entrevista.<\/p>\n\n\n\n<p><strong>\u00a0&#8211; \u00bfQu\u00e9 vas a buscar?<\/strong><\/p>\n\n\n\n<p><br>&#8211; Nada, me retiro. Son ciclos, creo que cumplimos con el lonquimayenses en estos a\u00f1os, pero esta ya es una etapa terminada.<\/p>\n\n\n\n<p><\/p>\n\n\n\n<p><\/p>\n","protected":false},"excerpt":{"rendered":"<p>El intendente de Lonquimay, Manuel Feito (PJ, vernismo), avis\u00f3 que en 2027 se retirar\u00e1 de la pol\u00edtica y postul\u00f3 a Carlos Verna para que regrese en 2027 a la gobernaci\u00f3n.&hellip;<\/p>\n","protected":false},"author":3,"featured_media":320327,"comment_status":"closed","ping_status":"open","sticky":false,"template":"","format":"standard","meta":{"_acf_changed":false,"footnotes":""},"categories":[1,11,8],"tags":[],"class_list":["post-322105","post","type-post","status-publish","format-standard","has-post-thumbnail","hentry","category-es-noticia","category-que-pasa","category-politica"],"acf":[],"yoast_head":"<!-- This site is optimized with the Yoast SEO plugin v27.5 - https:\/\/yoast.com\/product\/yoast-seo-wordpress\/ -->\n<title>El intendente de Lonquimay anunci\u00f3 que se retira de la pol\u00edtica y postul\u00f3 a Verna de gobernador - Diario Textual<\/title>\n<meta name=\"robots\" content=\"index, follow, max-snippet:-1, max-image-preview:large, max-video-preview:-1\" \/>\n<link rel=\"canonical\" href=\"https:\/\/diariotextual.com\/inicio\/index.php\/2026\/03\/12\/sorpresa-el-intendente-de-lonquimay-anuncio-que-se-retira-de-la-politica\/\" \/>\n<meta property=\"og:locale\" content=\"es_ES\" \/>\n<meta property=\"og:type\" content=\"article\" \/>\n<meta property=\"og:title\" content=\"El intendente de Lonquimay anunci\u00f3 que se retira de la pol\u00edtica y postul\u00f3 a Verna de gobernador - Diario Textual\" \/>\n<meta property=\"og:description\" content=\"El intendente de Lonquimay, Manuel Feito (PJ, vernismo), avis\u00f3 que en 2027 se retirar\u00e1 de la pol\u00edtica y postul\u00f3 a Carlos Verna para que regrese en 2027 a la gobernaci\u00f3n.&hellip;\" \/>\n<meta property=\"og:url\" content=\"https:\/\/diariotextual.com\/inicio\/index.php\/2026\/03\/12\/sorpresa-el-intendente-de-lonquimay-anuncio-que-se-retira-de-la-politica\/\" \/>\n<meta property=\"og:site_name\" content=\"Diario Textual\" \/>\n<meta property=\"article:publisher\" content=\"https:\/\/www.facebook.com\/eltextual\" \/>\n<meta property=\"article:published_time\" content=\"2026-03-13T02:00:14+00:00\" \/>\n<meta property=\"article:modified_time\" content=\"2026-03-13T10:20:18+00:00\" \/>\n<meta property=\"og:image\" content=\"https:\/\/diariotextual.com\/inicio\/wp-content\/uploads\/2026\/02\/feitomanuel2026-77-7.jpg\" \/>\n\t<meta property=\"og:image:width\" content=\"1618\" \/>\n\t<meta property=\"og:image:height\" content=\"1080\" \/>\n\t<meta property=\"og:image:type\" content=\"image\/jpeg\" \/>\n<meta name=\"author\" content=\"Diario1 Diario1\" \/>\n<meta name=\"twitter:card\" content=\"summary_large_image\" \/>\n<meta name=\"twitter:creator\" content=\"@eltextual\" \/>\n<meta name=\"twitter:site\" content=\"@eltextual\" \/>\n<meta name=\"twitter:label1\" content=\"Escrito por\" \/>\n\t<meta name=\"twitter:data1\" content=\"Diario1 Diario1\" \/>\n\t<meta name=\"twitter:label2\" content=\"Tiempo de lectura\" \/>\n\t<meta name=\"twitter:data2\" content=\"2 minutos\" \/>\n<script type=\"application\/ld+json\" class=\"yoast-schema-graph\">{\"@context\":\"https:\\\/\\\/schema.org\",\"@graph\":[{\"@type\":\"Article\",\"@id\":\"https:\\\/\\\/diariotextual.com\\\/inicio\\\/index.php\\\/2026\\\/03\\\/12\\\/sorpresa-el-intendente-de-lonquimay-anuncio-que-se-retira-de-la-politica\\\/#article\",\"isPartOf\":{\"@id\":\"https:\\\/\\\/diariotextual.com\\\/inicio\\\/index.php\\\/2026\\\/03\\\/12\\\/sorpresa-el-intendente-de-lonquimay-anuncio-que-se-retira-de-la-politica\\\/\"},\"author\":{\"name\":\"Diario1 Diario1\",\"@id\":\"https:\\\/\\\/diariotextual.com\\\/inicio\\\/#\\\/schema\\\/person\\\/418fc4093c33e86ed41562db3508f958\"},\"headline\":\"El intendente de Lonquimay anunci\u00f3 que se retira de la pol\u00edtica y postul\u00f3 a Verna de gobernador\",\"datePublished\":\"2026-03-13T02:00:14+00:00\",\"dateModified\":\"2026-03-13T10:20:18+00:00\",\"mainEntityOfPage\":{\"@id\":\"https:\\\/\\\/diariotextual.com\\\/inicio\\\/index.php\\\/2026\\\/03\\\/12\\\/sorpresa-el-intendente-de-lonquimay-anuncio-que-se-retira-de-la-politica\\\/\"},\"wordCount\":312,\"publisher\":{\"@id\":\"https:\\\/\\\/diariotextual.com\\\/inicio\\\/#organization\"},\"image\":{\"@id\":\"https:\\\/\\\/diariotextual.com\\\/inicio\\\/index.php\\\/2026\\\/03\\\/12\\\/sorpresa-el-intendente-de-lonquimay-anuncio-que-se-retira-de-la-politica\\\/#primaryimage\"},\"thumbnailUrl\":\"https:\\\/\\\/diariotextual.com\\\/inicio\\\/wp-content\\\/uploads\\\/2026\\\/02\\\/feitomanuel2026-77-7.jpg\",\"articleSection\":[\"A - ES NOTICIA (van abajo)\",\"A - QUE PASA (al costado)\",\"POLITICA\"],\"inLanguage\":\"es\"},{\"@type\":\"WebPage\",\"@id\":\"https:\\\/\\\/diariotextual.com\\\/inicio\\\/index.php\\\/2026\\\/03\\\/12\\\/sorpresa-el-intendente-de-lonquimay-anuncio-que-se-retira-de-la-politica\\\/\",\"url\":\"https:\\\/\\\/diariotextual.com\\\/inicio\\\/index.php\\\/2026\\\/03\\\/12\\\/sorpresa-el-intendente-de-lonquimay-anuncio-que-se-retira-de-la-politica\\\/\",\"name\":\"El intendente de Lonquimay anunci\u00f3 que se retira de la pol\u00edtica y postul\u00f3 a Verna de gobernador - Diario Textual\",\"isPartOf\":{\"@id\":\"https:\\\/\\\/diariotextual.com\\\/inicio\\\/#website\"},\"primaryImageOfPage\":{\"@id\":\"https:\\\/\\\/diariotextual.com\\\/inicio\\\/index.php\\\/2026\\\/03\\\/12\\\/sorpresa-el-intendente-de-lonquimay-anuncio-que-se-retira-de-la-politica\\\/#primaryimage\"},\"image\":{\"@id\":\"https:\\\/\\\/diariotextual.com\\\/inicio\\\/index.php\\\/2026\\\/03\\\/12\\\/sorpresa-el-intendente-de-lonquimay-anuncio-que-se-retira-de-la-politica\\\/#primaryimage\"},\"thumbnailUrl\":\"https:\\\/\\\/diariotextual.com\\\/inicio\\\/wp-content\\\/uploads\\\/2026\\\/02\\\/feitomanuel2026-77-7.jpg\",\"datePublished\":\"2026-03-13T02:00:14+00:00\",\"dateModified\":\"2026-03-13T10:20:18+00:00\",\"breadcrumb\":{\"@id\":\"https:\\\/\\\/diariotextual.com\\\/inicio\\\/index.php\\\/2026\\\/03\\\/12\\\/sorpresa-el-intendente-de-lonquimay-anuncio-que-se-retira-de-la-politica\\\/#breadcrumb\"},\"inLanguage\":\"es\",\"potentialAction\":[{\"@type\":\"ReadAction\",\"target\":[\"https:\\\/\\\/diariotextual.com\\\/inicio\\\/index.php\\\/2026\\\/03\\\/12\\\/sorpresa-el-intendente-de-lonquimay-anuncio-que-se-retira-de-la-politica\\\/\"]}]},{\"@type\":\"ImageObject\",\"inLanguage\":\"es\",\"@id\":\"https:\\\/\\\/diariotextual.com\\\/inicio\\\/index.php\\\/2026\\\/03\\\/12\\\/sorpresa-el-intendente-de-lonquimay-anuncio-que-se-retira-de-la-politica\\\/#primaryimage\",\"url\":\"https:\\\/\\\/diariotextual.com\\\/inicio\\\/wp-content\\\/uploads\\\/2026\\\/02\\\/feitomanuel2026-77-7.jpg\",\"contentUrl\":\"https:\\\/\\\/diariotextual.com\\\/inicio\\\/wp-content\\\/uploads\\\/2026\\\/02\\\/feitomanuel2026-77-7.jpg\",\"width\":1618,\"height\":1080},{\"@type\":\"BreadcrumbList\",\"@id\":\"https:\\\/\\\/diariotextual.com\\\/inicio\\\/index.php\\\/2026\\\/03\\\/12\\\/sorpresa-el-intendente-de-lonquimay-anuncio-que-se-retira-de-la-politica\\\/#breadcrumb\",\"itemListElement\":[{\"@type\":\"ListItem\",\"position\":1,\"name\":\"Portada\",\"item\":\"https:\\\/\\\/diariotextual.com\\\/inicio\\\/\"},{\"@type\":\"ListItem\",\"position\":2,\"name\":\"El intendente de Lonquimay anunci\u00f3 que se retira de la pol\u00edtica y postul\u00f3 a Verna de gobernador\"}]},{\"@type\":\"WebSite\",\"@id\":\"https:\\\/\\\/diariotextual.com\\\/inicio\\\/#website\",\"url\":\"https:\\\/\\\/diariotextual.com\\\/inicio\\\/\",\"name\":\"Diario Textual\",\"description\":\"\",\"publisher\":{\"@id\":\"https:\\\/\\\/diariotextual.com\\\/inicio\\\/#organization\"},\"potentialAction\":[{\"@type\":\"SearchAction\",\"target\":{\"@type\":\"EntryPoint\",\"urlTemplate\":\"https:\\\/\\\/diariotextual.com\\\/inicio\\\/?s={search_term_string}\"},\"query-input\":{\"@type\":\"PropertyValueSpecification\",\"valueRequired\":true,\"valueName\":\"search_term_string\"}}],\"inLanguage\":\"es\"},{\"@type\":\"Organization\",\"@id\":\"https:\\\/\\\/diariotextual.com\\\/inicio\\\/#organization\",\"name\":\"Diario Textual\",\"url\":\"https:\\\/\\\/diariotextual.com\\\/inicio\\\/\",\"logo\":{\"@type\":\"ImageObject\",\"inLanguage\":\"es\",\"@id\":\"https:\\\/\\\/diariotextual.com\\\/inicio\\\/#\\\/schema\\\/logo\\\/image\\\/\",\"url\":\"https:\\\/\\\/diariotextual.com\\\/inicio\\\/wp-content\\\/uploads\\\/2023\\\/05\\\/logotextual1.jpg\",\"contentUrl\":\"https:\\\/\\\/diariotextual.com\\\/inicio\\\/wp-content\\\/uploads\\\/2023\\\/05\\\/logotextual1.jpg\",\"width\":516,\"height\":76,\"caption\":\"Diario Textual\"},\"image\":{\"@id\":\"https:\\\/\\\/diariotextual.com\\\/inicio\\\/#\\\/schema\\\/logo\\\/image\\\/\"},\"sameAs\":[\"https:\\\/\\\/www.facebook.com\\\/eltextual\",\"https:\\\/\\\/x.com\\\/eltextual\",\"http:\\\/\\\/www.instagram.com\\\/eltextual\"]},{\"@type\":\"Person\",\"@id\":\"https:\\\/\\\/diariotextual.com\\\/inicio\\\/#\\\/schema\\\/person\\\/418fc4093c33e86ed41562db3508f958\",\"name\":\"Diario1 Diario1\",\"image\":{\"@type\":\"ImageObject\",\"inLanguage\":\"es\",\"@id\":\"https:\\\/\\\/secure.gravatar.com\\\/avatar\\\/9167d280179c85bc18be67aa7eda765854300033af4896dd779b608640f2ef7a?s=96&d=mm&r=g\",\"url\":\"https:\\\/\\\/secure.gravatar.com\\\/avatar\\\/9167d280179c85bc18be67aa7eda765854300033af4896dd779b608640f2ef7a?s=96&d=mm&r=g\",\"contentUrl\":\"https:\\\/\\\/secure.gravatar.com\\\/avatar\\\/9167d280179c85bc18be67aa7eda765854300033af4896dd779b608640f2ef7a?s=96&d=mm&r=g\",\"caption\":\"Diario1 Diario1\"},\"url\":\"https:\\\/\\\/diariotextual.com\\\/inicio\\\/index.php\\\/author\\\/diario1\\\/\"}]}<\/script>\n<!-- \/ Yoast SEO plugin. -->","yoast_head_json":{"title":"El intendente de Lonquimay anunci\u00f3 que se retira de la pol\u00edtica y postul\u00f3 a Verna de gobernador - Diario Textual","robots":{"index":"index","follow":"follow","max-snippet":"max-snippet:-1","max-image-preview":"max-image-preview:large","max-video-preview":"max-video-preview:-1"},"canonical":"https:\/\/diariotextual.com\/inicio\/index.php\/2026\/03\/12\/sorpresa-el-intendente-de-lonquimay-anuncio-que-se-retira-de-la-politica\/","og_locale":"es_ES","og_type":"article","og_title":"El intendente de Lonquimay anunci\u00f3 que se retira de la pol\u00edtica y postul\u00f3 a Verna de gobernador - Diario Textual","og_description":"El intendente de Lonquimay, Manuel Feito (PJ, vernismo), avis\u00f3 que en 2027 se retirar\u00e1 de la pol\u00edtica y postul\u00f3 a Carlos Verna para que regrese en 2027 a la gobernaci\u00f3n.&hellip;","og_url":"https:\/\/diariotextual.com\/inicio\/index.php\/2026\/03\/12\/sorpresa-el-intendente-de-lonquimay-anuncio-que-se-retira-de-la-politica\/","og_site_name":"Diario Textual","article_publisher":"https:\/\/www.facebook.com\/eltextual","article_published_time":"2026-03-13T02:00:14+00:00","article_modified_time":"2026-03-13T10:20:18+00:00","og_image":[{"width":1618,"height":1080,"url":"https:\/\/diariotextual.com\/inicio\/wp-content\/uploads\/2026\/02\/feitomanuel2026-77-7.jpg","type":"image\/jpeg"}],"author":"Diario1 Diario1","twitter_card":"summary_large_image","twitter_creator":"@eltextual","twitter_site":"@eltextual","twitter_misc":{"Escrito por":"Diario1 Diario1","Tiempo de lectura":"2 minutos"},"schema":{"@context":"https:\/\/schema.org","@graph":[{"@type":"Article","@id":"https:\/\/diariotextual.com\/inicio\/index.php\/2026\/03\/12\/sorpresa-el-intendente-de-lonquimay-anuncio-que-se-retira-de-la-politica\/#article","isPartOf":{"@id":"https:\/\/diariotextual.com\/inicio\/index.php\/2026\/03\/12\/sorpresa-el-intendente-de-lonquimay-anuncio-que-se-retira-de-la-politica\/"},"author":{"name":"Diario1 Diario1","@id":"https:\/\/diariotextual.com\/inicio\/#\/schema\/person\/418fc4093c33e86ed41562db3508f958"},"headline":"El intendente de Lonquimay anunci\u00f3 que se retira de la pol\u00edtica y postul\u00f3 a Verna de gobernador","datePublished":"2026-03-13T02:00:14+00:00","dateModified":"2026-03-13T10:20:18+00:00","mainEntityOfPage":{"@id":"https:\/\/diariotextual.com\/inicio\/index.php\/2026\/03\/12\/sorpresa-el-intendente-de-lonquimay-anuncio-que-se-retira-de-la-politica\/"},"wordCount":312,"publisher":{"@id":"https:\/\/diariotextual.com\/inicio\/#organization"},"image":{"@id":"https:\/\/diariotextual.com\/inicio\/index.php\/2026\/03\/12\/sorpresa-el-intendente-de-lonquimay-anuncio-que-se-retira-de-la-politica\/#primaryimage"},"thumbnailUrl":"https:\/\/diariotextual.com\/inicio\/wp-content\/uploads\/2026\/02\/feitomanuel2026-77-7.jpg","articleSection":["A - ES NOTICIA (van abajo)","A - QUE PASA (al costado)","POLITICA"],"inLanguage":"es"},{"@type":"WebPage","@id":"https:\/\/diariotextual.com\/inicio\/index.php\/2026\/03\/12\/sorpresa-el-intendente-de-lonquimay-anuncio-que-se-retira-de-la-politica\/","url":"https:\/\/diariotextual.com\/inicio\/index.php\/2026\/03\/12\/sorpresa-el-intendente-de-lonquimay-anuncio-que-se-retira-de-la-politica\/","name":"El intendente de Lonquimay anunci\u00f3 que se retira de la pol\u00edtica y postul\u00f3 a Verna de gobernador - Diario Textual","isPartOf":{"@id":"https:\/\/diariotextual.com\/inicio\/#website"},"primaryImageOfPage":{"@id":"https:\/\/diariotextual.com\/inicio\/index.php\/2026\/03\/12\/sorpresa-el-intendente-de-lonquimay-anuncio-que-se-retira-de-la-politica\/#primaryimage"},"image":{"@id":"https:\/\/diariotextual.com\/inicio\/index.php\/2026\/03\/12\/sorpresa-el-intendente-de-lonquimay-anuncio-que-se-retira-de-la-politica\/#primaryimage"},"thumbnailUrl":"https:\/\/diariotextual.com\/inicio\/wp-content\/uploads\/2026\/02\/feitomanuel2026-77-7.jpg","datePublished":"2026-03-13T02:00:14+00:00","dateModified":"2026-03-13T10:20:18+00:00","breadcrumb":{"@id":"https:\/\/diariotextual.com\/inicio\/index.php\/2026\/03\/12\/sorpresa-el-intendente-de-lonquimay-anuncio-que-se-retira-de-la-politica\/#breadcrumb"},"inLanguage":"es","potentialAction":[{"@type":"ReadAction","target":["https:\/\/diariotextual.com\/inicio\/index.php\/2026\/03\/12\/sorpresa-el-intendente-de-lonquimay-anuncio-que-se-retira-de-la-politica\/"]}]},{"@type":"ImageObject","inLanguage":"es","@id":"https:\/\/diariotextual.com\/inicio\/index.php\/2026\/03\/12\/sorpresa-el-intendente-de-lonquimay-anuncio-que-se-retira-de-la-politica\/#primaryimage","url":"https:\/\/diariotextual.com\/inicio\/wp-content\/uploads\/2026\/02\/feitomanuel2026-77-7.jpg","contentUrl":"https:\/\/diariotextual.com\/inicio\/wp-content\/uploads\/2026\/02\/feitomanuel2026-77-7.jpg","width":1618,"height":1080},{"@type":"BreadcrumbList","@id":"https:\/\/diariotextual.com\/inicio\/index.php\/2026\/03\/12\/sorpresa-el-intendente-de-lonquimay-anuncio-que-se-retira-de-la-politica\/#breadcrumb","itemListElement":[{"@type":"ListItem","position":1,"name":"Portada","item":"https:\/\/diariotextual.com\/inicio\/"},{"@type":"ListItem","position":2,"name":"El intendente de Lonquimay anunci\u00f3 que se retira de la pol\u00edtica y postul\u00f3 a Verna de gobernador"}]},{"@type":"WebSite","@id":"https:\/\/diariotextual.com\/inicio\/#website","url":"https:\/\/diariotextual.com\/inicio\/","name":"Diario Textual","description":"","publisher":{"@id":"https:\/\/diariotextual.com\/inicio\/#organization"},"potentialAction":[{"@type":"SearchAction","target":{"@type":"EntryPoint","urlTemplate":"https:\/\/diariotextual.com\/inicio\/?s={search_term_string}"},"query-input":{"@type":"PropertyValueSpecification","valueRequired":true,"valueName":"search_term_string"}}],"inLanguage":"es"},{"@type":"Organization","@id":"https:\/\/diariotextual.com\/inicio\/#organization","name":"Diario Textual","url":"https:\/\/diariotextual.com\/inicio\/","logo":{"@type":"ImageObject","inLanguage":"es","@id":"https:\/\/diariotextual.com\/inicio\/#\/schema\/logo\/image\/","url":"https:\/\/diariotextual.com\/inicio\/wp-content\/uploads\/2023\/05\/logotextual1.jpg","contentUrl":"https:\/\/diariotextual.com\/inicio\/wp-content\/uploads\/2023\/05\/logotextual1.jpg","width":516,"height":76,"caption":"Diario Textual"},"image":{"@id":"https:\/\/diariotextual.com\/inicio\/#\/schema\/logo\/image\/"},"sameAs":["https:\/\/www.facebook.com\/eltextual","https:\/\/x.com\/eltextual","http:\/\/www.instagram.com\/eltextual"]},{"@type":"Person","@id":"https:\/\/diariotextual.com\/inicio\/#\/schema\/person\/418fc4093c33e86ed41562db3508f958","name":"Diario1 Diario1","image":{"@type":"ImageObject","inLanguage":"es","@id":"https:\/\/secure.gravatar.com\/avatar\/9167d280179c85bc18be67aa7eda765854300033af4896dd779b608640f2ef7a?s=96&d=mm&r=g","url":"https:\/\/secure.gravatar.com\/avatar\/9167d280179c85bc18be67aa7eda765854300033af4896dd779b608640f2ef7a?s=96&d=mm&r=g","contentUrl":"https:\/\/secure.gravatar.com\/avatar\/9167d280179c85bc18be67aa7eda765854300033af4896dd779b608640f2ef7a?s=96&d=mm&r=g","caption":"Diario1 Diario1"},"url":"https:\/\/diariotextual.com\/inicio\/index.php\/author\/diario1\/"}]}},"_links":{"self":[{"href":"https:\/\/diariotextual.com\/inicio\/index.php\/wp-json\/wp\/v2\/posts\/322105","targetHints":{"allow":["GET"]}}],"collection":[{"href":"https:\/\/diariotextual.com\/inicio\/index.php\/wp-json\/wp\/v2\/posts"}],"about":[{"href":"https:\/\/diariotextual.com\/inicio\/index.php\/wp-json\/wp\/v2\/types\/post"}],"author":[{"embeddable":true,"href":"https:\/\/diariotextual.com\/inicio\/index.php\/wp-json\/wp\/v2\/users\/3"}],"replies":[{"embeddable":true,"href":"https:\/\/diariotextual.com\/inicio\/index.php\/wp-json\/wp\/v2\/comments?post=322105"}],"version-history":[{"count":7,"href":"https:\/\/diariotextual.com\/inicio\/index.php\/wp-json\/wp\/v2\/posts\/322105\/revisions"}],"predecessor-version":[{"id":322117,"href":"https:\/\/diariotextual.com\/inicio\/index.php\/wp-json\/wp\/v2\/posts\/322105\/revisions\/322117"}],"wp:featuredmedia":[{"embeddable":true,"href":"https:\/\/diariotextual.com\/inicio\/index.php\/wp-json\/wp\/v2\/media\/320327"}],"wp:attachment":[{"href":"https:\/\/diariotextual.com\/inicio\/index.php\/wp-json\/wp\/v2\/media?parent=322105"}],"wp:term":[{"taxonomy":"category","embeddable":true,"href":"https:\/\/diariotextual.com\/inicio\/index.php\/wp-json\/wp\/v2\/categories?post=322105"},{"taxonomy":"post_tag","embeddable":true,"href":"https:\/\/diariotextual.com\/inicio\/index.php\/wp-json\/wp\/v2\/tags?post=322105"}],"curies":[{"name":"wp","href":"https:\/\/api.w.org\/{rel}","templated":true}]}}