{"id":32211,"date":"2018-12-25T21:44:52","date_gmt":"2018-12-26T00:44:52","guid":{"rendered":"http:\/\/diariotextual.com\/inicio\/?p=32211"},"modified":"2018-12-26T09:14:30","modified_gmt":"2018-12-26T12:14:30","slug":"mendoza-corto-rio-atuel-ya-no-ingresa-agua-la-pampa","status":"publish","type":"post","link":"https:\/\/diariotextual.com\/inicio\/index.php\/2018\/12\/25\/mendoza-corto-rio-atuel-ya-no-ingresa-agua-la-pampa\/","title":{"rendered":"Mendoza cort\u00f3 el r\u00edo Atuel y ya no ingresa agua a La Pampa"},"content":{"rendered":"<p>El Gobierno de Mendoza se sigue burlando de la Corte Suprema de Justicia de la Naci\u00f3n (CSJN): <strong>cort\u00f3 totalmente el r\u00edo Atuel<\/strong> y, desde hoy, ya no ingresa agua a La Pampa. As\u00ed lo confirmaron altas fuentes oficiales a <strong>Diario Textua<\/strong>l.<\/p>\n<p>\u00abHasta ayer ingresaba un peque\u00f1o caudal. Este martes 25 ya se pudo comprobar que no ingresa agua, ni siquiera agua de reuso\u00bb, dijo una fuente gubernamental.<\/p>\n<p>El nuevo corte del <strong><em>r\u00edo robado<\/em> <\/strong>es preocupante para los productores rurales e incluso para la comisi\u00f3n de fomento de Algarrobo del Aguila, donde se hab\u00eda lanzado hace unos d\u00edas la temporada de verano en el r\u00edo.<\/p>\n<p>Mendoza viene cortando el r\u00edo desde hace unos 70 a\u00f1os para regar sus producciones de vinos. El a\u00f1o pasado, luego de una nueva presentaci\u00f3n pampeana, la CSJN estableci\u00f3 que el r\u00edo era interprovincial y que tanto La Pampa como la provincia cuyana deb\u00edan ponerse de acuerdo en establecer un caudal para empezar a recomponer el ambiente en el oeste. Luego de un a\u00f1o de encuentros, no lograron consensuar y ahora es la Corte la que debe definir el caudal.<\/p>\n<p>El 19 de diciembre se reunieron los representantes de La Pampa y Mendoza en el\u00a0<strong>Consejo Interjurisdiccional del Atuel Inferior (CIAI)<\/strong>. Luego del encuentro en la sede del Comit\u00e9 H\u00eddrico Federal (COHIFE), Javier Schlegel, secretario de Recursos H\u00eddricos de La Pampa, sostuvo que<strong>\u00a0se continu\u00f3 trabajando en la conformaci\u00f3n de los medidores de da\u00f1o ambiental<\/strong>\u00a0y en el estatuto de conformaci\u00f3n del organismo de cuenca y\u00a0<strong>reclam\u00f3 una definici\u00f3n del caudal del Atuel por parte de la Corte Suprema de Justicia<\/strong>\u00a0de la Naci\u00f3n (CSJN).<\/p>\n<blockquote class=\"wp-embedded-content\" data-secret=\"OvkBsnmLLO\"><p><a href=\"http:\/\/diariotextual.com\/inicio\/index.php\/2018\/12\/19\/se-reunio-la-ciai-la-pampa-apura-la-corte-defina-caudal-del-atuel\/\">Se reuni\u00f3 la CIAI: La Pampa apura a la Corte que defina el caudal del Atuel<\/a><\/p><\/blockquote>\n<p><iframe class=\"wp-embedded-content\" sandbox=\"allow-scripts\" security=\"restricted\" style=\"position: absolute; clip: rect(1px, 1px, 1px, 1px);\" src=\"http:\/\/diariotextual.com\/inicio\/index.php\/2018\/12\/19\/se-reunio-la-ciai-la-pampa-apura-la-corte-defina-caudal-del-atuel\/embed\/#?secret=OvkBsnmLLO\" data-secret=\"OvkBsnmLLO\" width=\"600\" height=\"338\" title=\"&#8220;Se reuni\u00f3 la CIAI: La Pampa apura a la Corte que defina el caudal del Atuel&#8221; &#8212; Diario Textual\" frameborder=\"0\" marginwidth=\"0\" marginheight=\"0\" scrolling=\"no\"><\/iframe><\/p>\n<p>&nbsp;<\/p>\n<p>&nbsp;<\/p>\n","protected":false},"excerpt":{"rendered":"<p>El Gobierno de Mendoza se sigue burlando de la Corte Suprema de Justicia de la Naci\u00f3n (CSJN): cort\u00f3 totalmente el r\u00edo Atuel y, desde hoy, ya no ingresa agua a&hellip;<\/p>\n","protected":false},"author":3,"featured_media":32215,"comment_status":"closed","ping_status":"open","sticky":false,"template":"","format":"standard","meta":{"_acf_changed":false,"footnotes":""},"categories":[1,9,12],"tags":[34],"class_list":["post-32211","post","type-post","status-publish","format-standard","has-post-thumbnail","hentry","category-es-noticia","category-portada","category-sociedad","tag-atuel"],"acf":[],"yoast_head":"<!-- This site is optimized with the Yoast SEO plugin v27.5 - https:\/\/yoast.com\/product\/yoast-seo-wordpress\/ -->\n<title>Mendoza cort\u00f3 el r\u00edo Atuel y ya no ingresa agua a La Pampa - Diario Textual<\/title>\n<meta name=\"robots\" content=\"index, follow, max-snippet:-1, max-image-preview:large, max-video-preview:-1\" \/>\n<link rel=\"canonical\" href=\"https:\/\/diariotextual.com\/inicio\/index.php\/2018\/12\/25\/mendoza-corto-rio-atuel-ya-no-ingresa-agua-la-pampa\/\" \/>\n<meta property=\"og:locale\" content=\"es_ES\" \/>\n<meta property=\"og:type\" content=\"article\" \/>\n<meta property=\"og:title\" content=\"Mendoza cort\u00f3 el r\u00edo Atuel y ya no ingresa agua a La Pampa - Diario Textual\" \/>\n<meta property=\"og:description\" content=\"El Gobierno de Mendoza se sigue burlando de la Corte Suprema de Justicia de la Naci\u00f3n (CSJN): cort\u00f3 totalmente el r\u00edo Atuel y, desde hoy, ya no ingresa agua a&hellip;\" \/>\n<meta property=\"og:url\" content=\"https:\/\/diariotextual.com\/inicio\/index.php\/2018\/12\/25\/mendoza-corto-rio-atuel-ya-no-ingresa-agua-la-pampa\/\" \/>\n<meta property=\"og:site_name\" content=\"Diario Textual\" \/>\n<meta property=\"article:publisher\" content=\"https:\/\/www.facebook.com\/eltextual\" \/>\n<meta property=\"article:published_time\" content=\"2018-12-26T00:44:52+00:00\" \/>\n<meta property=\"article:modified_time\" content=\"2018-12-26T12:14:30+00:00\" \/>\n<meta property=\"og:image\" content=\"https:\/\/diariotextual.com\/inicio\/wp-content\/uploads\/2018\/12\/atuelcortado2015-1.jpg\" \/>\n\t<meta property=\"og:image:width\" content=\"608\" \/>\n\t<meta property=\"og:image:height\" content=\"400\" \/>\n\t<meta property=\"og:image:type\" content=\"image\/jpeg\" \/>\n<meta name=\"author\" content=\"Diario1 Diario1\" \/>\n<meta name=\"twitter:card\" content=\"summary_large_image\" \/>\n<meta name=\"twitter:creator\" content=\"@eltextual\" \/>\n<meta name=\"twitter:site\" content=\"@eltextual\" \/>\n<meta name=\"twitter:label1\" content=\"Escrito por\" \/>\n\t<meta name=\"twitter:data1\" content=\"Diario1 Diario1\" \/>\n\t<meta name=\"twitter:label2\" content=\"Tiempo de lectura\" \/>\n\t<meta name=\"twitter:data2\" content=\"1 minuto\" \/>\n<script type=\"application\/ld+json\" class=\"yoast-schema-graph\">{\"@context\":\"https:\\\/\\\/schema.org\",\"@graph\":[{\"@type\":\"Article\",\"@id\":\"https:\\\/\\\/diariotextual.com\\\/inicio\\\/index.php\\\/2018\\\/12\\\/25\\\/mendoza-corto-rio-atuel-ya-no-ingresa-agua-la-pampa\\\/#article\",\"isPartOf\":{\"@id\":\"https:\\\/\\\/diariotextual.com\\\/inicio\\\/index.php\\\/2018\\\/12\\\/25\\\/mendoza-corto-rio-atuel-ya-no-ingresa-agua-la-pampa\\\/\"},\"author\":{\"name\":\"Diario1 Diario1\",\"@id\":\"https:\\\/\\\/diariotextual.com\\\/inicio\\\/#\\\/schema\\\/person\\\/418fc4093c33e86ed41562db3508f958\"},\"headline\":\"Mendoza cort\u00f3 el r\u00edo Atuel y ya no ingresa agua a La Pampa\",\"datePublished\":\"2018-12-26T00:44:52+00:00\",\"dateModified\":\"2018-12-26T12:14:30+00:00\",\"mainEntityOfPage\":{\"@id\":\"https:\\\/\\\/diariotextual.com\\\/inicio\\\/index.php\\\/2018\\\/12\\\/25\\\/mendoza-corto-rio-atuel-ya-no-ingresa-agua-la-pampa\\\/\"},\"wordCount\":310,\"publisher\":{\"@id\":\"https:\\\/\\\/diariotextual.com\\\/inicio\\\/#organization\"},\"image\":{\"@id\":\"https:\\\/\\\/diariotextual.com\\\/inicio\\\/index.php\\\/2018\\\/12\\\/25\\\/mendoza-corto-rio-atuel-ya-no-ingresa-agua-la-pampa\\\/#primaryimage\"},\"thumbnailUrl\":\"https:\\\/\\\/diariotextual.com\\\/inicio\\\/wp-content\\\/uploads\\\/2018\\\/12\\\/atuelcortado2015-1.jpg\",\"keywords\":[\"atuel\"],\"articleSection\":[\"A - ES NOTICIA (van abajo)\",\"A - PORTADA\",\"SOCIEDAD\"],\"inLanguage\":\"es\"},{\"@type\":\"WebPage\",\"@id\":\"https:\\\/\\\/diariotextual.com\\\/inicio\\\/index.php\\\/2018\\\/12\\\/25\\\/mendoza-corto-rio-atuel-ya-no-ingresa-agua-la-pampa\\\/\",\"url\":\"https:\\\/\\\/diariotextual.com\\\/inicio\\\/index.php\\\/2018\\\/12\\\/25\\\/mendoza-corto-rio-atuel-ya-no-ingresa-agua-la-pampa\\\/\",\"name\":\"Mendoza cort\u00f3 el r\u00edo Atuel y ya no ingresa agua a La Pampa - Diario Textual\",\"isPartOf\":{\"@id\":\"https:\\\/\\\/diariotextual.com\\\/inicio\\\/#website\"},\"primaryImageOfPage\":{\"@id\":\"https:\\\/\\\/diariotextual.com\\\/inicio\\\/index.php\\\/2018\\\/12\\\/25\\\/mendoza-corto-rio-atuel-ya-no-ingresa-agua-la-pampa\\\/#primaryimage\"},\"image\":{\"@id\":\"https:\\\/\\\/diariotextual.com\\\/inicio\\\/index.php\\\/2018\\\/12\\\/25\\\/mendoza-corto-rio-atuel-ya-no-ingresa-agua-la-pampa\\\/#primaryimage\"},\"thumbnailUrl\":\"https:\\\/\\\/diariotextual.com\\\/inicio\\\/wp-content\\\/uploads\\\/2018\\\/12\\\/atuelcortado2015-1.jpg\",\"datePublished\":\"2018-12-26T00:44:52+00:00\",\"dateModified\":\"2018-12-26T12:14:30+00:00\",\"breadcrumb\":{\"@id\":\"https:\\\/\\\/diariotextual.com\\\/inicio\\\/index.php\\\/2018\\\/12\\\/25\\\/mendoza-corto-rio-atuel-ya-no-ingresa-agua-la-pampa\\\/#breadcrumb\"},\"inLanguage\":\"es\",\"potentialAction\":[{\"@type\":\"ReadAction\",\"target\":[\"https:\\\/\\\/diariotextual.com\\\/inicio\\\/index.php\\\/2018\\\/12\\\/25\\\/mendoza-corto-rio-atuel-ya-no-ingresa-agua-la-pampa\\\/\"]}]},{\"@type\":\"ImageObject\",\"inLanguage\":\"es\",\"@id\":\"https:\\\/\\\/diariotextual.com\\\/inicio\\\/index.php\\\/2018\\\/12\\\/25\\\/mendoza-corto-rio-atuel-ya-no-ingresa-agua-la-pampa\\\/#primaryimage\",\"url\":\"https:\\\/\\\/diariotextual.com\\\/inicio\\\/wp-content\\\/uploads\\\/2018\\\/12\\\/atuelcortado2015-1.jpg\",\"contentUrl\":\"https:\\\/\\\/diariotextual.com\\\/inicio\\\/wp-content\\\/uploads\\\/2018\\\/12\\\/atuelcortado2015-1.jpg\",\"width\":608,\"height\":400},{\"@type\":\"BreadcrumbList\",\"@id\":\"https:\\\/\\\/diariotextual.com\\\/inicio\\\/index.php\\\/2018\\\/12\\\/25\\\/mendoza-corto-rio-atuel-ya-no-ingresa-agua-la-pampa\\\/#breadcrumb\",\"itemListElement\":[{\"@type\":\"ListItem\",\"position\":1,\"name\":\"Portada\",\"item\":\"https:\\\/\\\/diariotextual.com\\\/inicio\\\/\"},{\"@type\":\"ListItem\",\"position\":2,\"name\":\"Mendoza cort\u00f3 el r\u00edo Atuel y ya no ingresa agua a La Pampa\"}]},{\"@type\":\"WebSite\",\"@id\":\"https:\\\/\\\/diariotextual.com\\\/inicio\\\/#website\",\"url\":\"https:\\\/\\\/diariotextual.com\\\/inicio\\\/\",\"name\":\"Diario Textual\",\"description\":\"\",\"publisher\":{\"@id\":\"https:\\\/\\\/diariotextual.com\\\/inicio\\\/#organization\"},\"potentialAction\":[{\"@type\":\"SearchAction\",\"target\":{\"@type\":\"EntryPoint\",\"urlTemplate\":\"https:\\\/\\\/diariotextual.com\\\/inicio\\\/?s={search_term_string}\"},\"query-input\":{\"@type\":\"PropertyValueSpecification\",\"valueRequired\":true,\"valueName\":\"search_term_string\"}}],\"inLanguage\":\"es\"},{\"@type\":\"Organization\",\"@id\":\"https:\\\/\\\/diariotextual.com\\\/inicio\\\/#organization\",\"name\":\"Diario Textual\",\"url\":\"https:\\\/\\\/diariotextual.com\\\/inicio\\\/\",\"logo\":{\"@type\":\"ImageObject\",\"inLanguage\":\"es\",\"@id\":\"https:\\\/\\\/diariotextual.com\\\/inicio\\\/#\\\/schema\\\/logo\\\/image\\\/\",\"url\":\"https:\\\/\\\/diariotextual.com\\\/inicio\\\/wp-content\\\/uploads\\\/2023\\\/05\\\/logotextual1.jpg\",\"contentUrl\":\"https:\\\/\\\/diariotextual.com\\\/inicio\\\/wp-content\\\/uploads\\\/2023\\\/05\\\/logotextual1.jpg\",\"width\":516,\"height\":76,\"caption\":\"Diario Textual\"},\"image\":{\"@id\":\"https:\\\/\\\/diariotextual.com\\\/inicio\\\/#\\\/schema\\\/logo\\\/image\\\/\"},\"sameAs\":[\"https:\\\/\\\/www.facebook.com\\\/eltextual\",\"https:\\\/\\\/x.com\\\/eltextual\",\"http:\\\/\\\/www.instagram.com\\\/eltextual\"]},{\"@type\":\"Person\",\"@id\":\"https:\\\/\\\/diariotextual.com\\\/inicio\\\/#\\\/schema\\\/person\\\/418fc4093c33e86ed41562db3508f958\",\"name\":\"Diario1 Diario1\",\"image\":{\"@type\":\"ImageObject\",\"inLanguage\":\"es\",\"@id\":\"https:\\\/\\\/secure.gravatar.com\\\/avatar\\\/9167d280179c85bc18be67aa7eda765854300033af4896dd779b608640f2ef7a?s=96&d=mm&r=g\",\"url\":\"https:\\\/\\\/secure.gravatar.com\\\/avatar\\\/9167d280179c85bc18be67aa7eda765854300033af4896dd779b608640f2ef7a?s=96&d=mm&r=g\",\"contentUrl\":\"https:\\\/\\\/secure.gravatar.com\\\/avatar\\\/9167d280179c85bc18be67aa7eda765854300033af4896dd779b608640f2ef7a?s=96&d=mm&r=g\",\"caption\":\"Diario1 Diario1\"},\"url\":\"https:\\\/\\\/diariotextual.com\\\/inicio\\\/index.php\\\/author\\\/diario1\\\/\"}]}<\/script>\n<!-- \/ Yoast SEO plugin. -->","yoast_head_json":{"title":"Mendoza cort\u00f3 el r\u00edo Atuel y ya no ingresa agua a La Pampa - Diario Textual","robots":{"index":"index","follow":"follow","max-snippet":"max-snippet:-1","max-image-preview":"max-image-preview:large","max-video-preview":"max-video-preview:-1"},"canonical":"https:\/\/diariotextual.com\/inicio\/index.php\/2018\/12\/25\/mendoza-corto-rio-atuel-ya-no-ingresa-agua-la-pampa\/","og_locale":"es_ES","og_type":"article","og_title":"Mendoza cort\u00f3 el r\u00edo Atuel y ya no ingresa agua a La Pampa - Diario Textual","og_description":"El Gobierno de Mendoza se sigue burlando de la Corte Suprema de Justicia de la Naci\u00f3n (CSJN): cort\u00f3 totalmente el r\u00edo Atuel y, desde hoy, ya no ingresa agua a&hellip;","og_url":"https:\/\/diariotextual.com\/inicio\/index.php\/2018\/12\/25\/mendoza-corto-rio-atuel-ya-no-ingresa-agua-la-pampa\/","og_site_name":"Diario Textual","article_publisher":"https:\/\/www.facebook.com\/eltextual","article_published_time":"2018-12-26T00:44:52+00:00","article_modified_time":"2018-12-26T12:14:30+00:00","og_image":[{"width":608,"height":400,"url":"https:\/\/diariotextual.com\/inicio\/wp-content\/uploads\/2018\/12\/atuelcortado2015-1.jpg","type":"image\/jpeg"}],"author":"Diario1 Diario1","twitter_card":"summary_large_image","twitter_creator":"@eltextual","twitter_site":"@eltextual","twitter_misc":{"Escrito por":"Diario1 Diario1","Tiempo de lectura":"1 minuto"},"schema":{"@context":"https:\/\/schema.org","@graph":[{"@type":"Article","@id":"https:\/\/diariotextual.com\/inicio\/index.php\/2018\/12\/25\/mendoza-corto-rio-atuel-ya-no-ingresa-agua-la-pampa\/#article","isPartOf":{"@id":"https:\/\/diariotextual.com\/inicio\/index.php\/2018\/12\/25\/mendoza-corto-rio-atuel-ya-no-ingresa-agua-la-pampa\/"},"author":{"name":"Diario1 Diario1","@id":"https:\/\/diariotextual.com\/inicio\/#\/schema\/person\/418fc4093c33e86ed41562db3508f958"},"headline":"Mendoza cort\u00f3 el r\u00edo Atuel y ya no ingresa agua a La Pampa","datePublished":"2018-12-26T00:44:52+00:00","dateModified":"2018-12-26T12:14:30+00:00","mainEntityOfPage":{"@id":"https:\/\/diariotextual.com\/inicio\/index.php\/2018\/12\/25\/mendoza-corto-rio-atuel-ya-no-ingresa-agua-la-pampa\/"},"wordCount":310,"publisher":{"@id":"https:\/\/diariotextual.com\/inicio\/#organization"},"image":{"@id":"https:\/\/diariotextual.com\/inicio\/index.php\/2018\/12\/25\/mendoza-corto-rio-atuel-ya-no-ingresa-agua-la-pampa\/#primaryimage"},"thumbnailUrl":"https:\/\/diariotextual.com\/inicio\/wp-content\/uploads\/2018\/12\/atuelcortado2015-1.jpg","keywords":["atuel"],"articleSection":["A - ES NOTICIA (van abajo)","A - PORTADA","SOCIEDAD"],"inLanguage":"es"},{"@type":"WebPage","@id":"https:\/\/diariotextual.com\/inicio\/index.php\/2018\/12\/25\/mendoza-corto-rio-atuel-ya-no-ingresa-agua-la-pampa\/","url":"https:\/\/diariotextual.com\/inicio\/index.php\/2018\/12\/25\/mendoza-corto-rio-atuel-ya-no-ingresa-agua-la-pampa\/","name":"Mendoza cort\u00f3 el r\u00edo Atuel y ya no ingresa agua a La Pampa - Diario Textual","isPartOf":{"@id":"https:\/\/diariotextual.com\/inicio\/#website"},"primaryImageOfPage":{"@id":"https:\/\/diariotextual.com\/inicio\/index.php\/2018\/12\/25\/mendoza-corto-rio-atuel-ya-no-ingresa-agua-la-pampa\/#primaryimage"},"image":{"@id":"https:\/\/diariotextual.com\/inicio\/index.php\/2018\/12\/25\/mendoza-corto-rio-atuel-ya-no-ingresa-agua-la-pampa\/#primaryimage"},"thumbnailUrl":"https:\/\/diariotextual.com\/inicio\/wp-content\/uploads\/2018\/12\/atuelcortado2015-1.jpg","datePublished":"2018-12-26T00:44:52+00:00","dateModified":"2018-12-26T12:14:30+00:00","breadcrumb":{"@id":"https:\/\/diariotextual.com\/inicio\/index.php\/2018\/12\/25\/mendoza-corto-rio-atuel-ya-no-ingresa-agua-la-pampa\/#breadcrumb"},"inLanguage":"es","potentialAction":[{"@type":"ReadAction","target":["https:\/\/diariotextual.com\/inicio\/index.php\/2018\/12\/25\/mendoza-corto-rio-atuel-ya-no-ingresa-agua-la-pampa\/"]}]},{"@type":"ImageObject","inLanguage":"es","@id":"https:\/\/diariotextual.com\/inicio\/index.php\/2018\/12\/25\/mendoza-corto-rio-atuel-ya-no-ingresa-agua-la-pampa\/#primaryimage","url":"https:\/\/diariotextual.com\/inicio\/wp-content\/uploads\/2018\/12\/atuelcortado2015-1.jpg","contentUrl":"https:\/\/diariotextual.com\/inicio\/wp-content\/uploads\/2018\/12\/atuelcortado2015-1.jpg","width":608,"height":400},{"@type":"BreadcrumbList","@id":"https:\/\/diariotextual.com\/inicio\/index.php\/2018\/12\/25\/mendoza-corto-rio-atuel-ya-no-ingresa-agua-la-pampa\/#breadcrumb","itemListElement":[{"@type":"ListItem","position":1,"name":"Portada","item":"https:\/\/diariotextual.com\/inicio\/"},{"@type":"ListItem","position":2,"name":"Mendoza cort\u00f3 el r\u00edo Atuel y ya no ingresa agua a La Pampa"}]},{"@type":"WebSite","@id":"https:\/\/diariotextual.com\/inicio\/#website","url":"https:\/\/diariotextual.com\/inicio\/","name":"Diario Textual","description":"","publisher":{"@id":"https:\/\/diariotextual.com\/inicio\/#organization"},"potentialAction":[{"@type":"SearchAction","target":{"@type":"EntryPoint","urlTemplate":"https:\/\/diariotextual.com\/inicio\/?s={search_term_string}"},"query-input":{"@type":"PropertyValueSpecification","valueRequired":true,"valueName":"search_term_string"}}],"inLanguage":"es"},{"@type":"Organization","@id":"https:\/\/diariotextual.com\/inicio\/#organization","name":"Diario Textual","url":"https:\/\/diariotextual.com\/inicio\/","logo":{"@type":"ImageObject","inLanguage":"es","@id":"https:\/\/diariotextual.com\/inicio\/#\/schema\/logo\/image\/","url":"https:\/\/diariotextual.com\/inicio\/wp-content\/uploads\/2023\/05\/logotextual1.jpg","contentUrl":"https:\/\/diariotextual.com\/inicio\/wp-content\/uploads\/2023\/05\/logotextual1.jpg","width":516,"height":76,"caption":"Diario Textual"},"image":{"@id":"https:\/\/diariotextual.com\/inicio\/#\/schema\/logo\/image\/"},"sameAs":["https:\/\/www.facebook.com\/eltextual","https:\/\/x.com\/eltextual","http:\/\/www.instagram.com\/eltextual"]},{"@type":"Person","@id":"https:\/\/diariotextual.com\/inicio\/#\/schema\/person\/418fc4093c33e86ed41562db3508f958","name":"Diario1 Diario1","image":{"@type":"ImageObject","inLanguage":"es","@id":"https:\/\/secure.gravatar.com\/avatar\/9167d280179c85bc18be67aa7eda765854300033af4896dd779b608640f2ef7a?s=96&d=mm&r=g","url":"https:\/\/secure.gravatar.com\/avatar\/9167d280179c85bc18be67aa7eda765854300033af4896dd779b608640f2ef7a?s=96&d=mm&r=g","contentUrl":"https:\/\/secure.gravatar.com\/avatar\/9167d280179c85bc18be67aa7eda765854300033af4896dd779b608640f2ef7a?s=96&d=mm&r=g","caption":"Diario1 Diario1"},"url":"https:\/\/diariotextual.com\/inicio\/index.php\/author\/diario1\/"}]}},"_links":{"self":[{"href":"https:\/\/diariotextual.com\/inicio\/index.php\/wp-json\/wp\/v2\/posts\/32211","targetHints":{"allow":["GET"]}}],"collection":[{"href":"https:\/\/diariotextual.com\/inicio\/index.php\/wp-json\/wp\/v2\/posts"}],"about":[{"href":"https:\/\/diariotextual.com\/inicio\/index.php\/wp-json\/wp\/v2\/types\/post"}],"author":[{"embeddable":true,"href":"https:\/\/diariotextual.com\/inicio\/index.php\/wp-json\/wp\/v2\/users\/3"}],"replies":[{"embeddable":true,"href":"https:\/\/diariotextual.com\/inicio\/index.php\/wp-json\/wp\/v2\/comments?post=32211"}],"version-history":[{"count":7,"href":"https:\/\/diariotextual.com\/inicio\/index.php\/wp-json\/wp\/v2\/posts\/32211\/revisions"}],"predecessor-version":[{"id":32242,"href":"https:\/\/diariotextual.com\/inicio\/index.php\/wp-json\/wp\/v2\/posts\/32211\/revisions\/32242"}],"wp:featuredmedia":[{"embeddable":true,"href":"https:\/\/diariotextual.com\/inicio\/index.php\/wp-json\/wp\/v2\/media\/32215"}],"wp:attachment":[{"href":"https:\/\/diariotextual.com\/inicio\/index.php\/wp-json\/wp\/v2\/media?parent=32211"}],"wp:term":[{"taxonomy":"category","embeddable":true,"href":"https:\/\/diariotextual.com\/inicio\/index.php\/wp-json\/wp\/v2\/categories?post=32211"},{"taxonomy":"post_tag","embeddable":true,"href":"https:\/\/diariotextual.com\/inicio\/index.php\/wp-json\/wp\/v2\/tags?post=32211"}],"curies":[{"name":"wp","href":"https:\/\/api.w.org\/{rel}","templated":true}]}}