{"id":322118,"date":"2026-03-12T13:20:57","date_gmt":"2026-03-12T16:20:57","guid":{"rendered":"https:\/\/diariotextual.com\/inicio\/?p=322118"},"modified":"2026-03-13T10:41:17","modified_gmt":"2026-03-13T13:41:17","slug":"denuncia-por-golpiza-un-preso-en-acha-seis-policias-fueron-absueltos","status":"publish","type":"post","link":"https:\/\/diariotextual.com\/inicio\/index.php\/2026\/03\/12\/denuncia-por-golpiza-un-preso-en-acha-seis-policias-fueron-absueltos\/","title":{"rendered":"Denuncia por golpiza un preso en Acha: seis polic\u00edas fueron absueltos"},"content":{"rendered":"\n<p><strong>Seis polic\u00edas fueron absueltos hoy por los delitos de severidades, vejaciones y violaci\u00f3n de los deberes de funcionarios p\u00fablicos. Hab\u00edan sido acusados de golpear a un preso que estaba detenido en la Alcaid\u00eda de General Acha.<\/strong><\/p>\n\n\n\n<p>El tribunal, integrado por los jueces santarrose\u00f1os Marcos Hern\u00e1n Sacco, Daniel Alfredo S\u00e1ez Zamora y Carlos Alberto Besi, absolvi\u00f3 a cuatro de ellos (Juan Manuel G\u00fcenchul, Roberto Rub\u00e9n P\u00e9rez, Celso Julio Osvaldo Mu\u00f1oz y Yonatan Leandro Ibaceta) por el beneficio de la duda de las severidades y vejaciones, en calidad de coautores; y a los otros dos, Miguel Andr\u00e9s Villena, jefe de la Alcaid\u00eda, y la m\u00e9dica policial Daniela Silvana Zappa, como autores de los incumplimientos de deberes.<\/p>\n\n\n\n<p>La fiscala general subrogante de la Tercera Circunscripci\u00f3n Judicial, Eugenia Paola Bolzan, hab\u00eda acusado a los polic\u00edas de los siguientes hechos: retirar al detenido de su celda, en la alcaid\u00eda de la Unidad Regional III, y llevarlo al patio interno. All\u00ed presuntamente lo habr\u00edan obligado a sacarse la ropa y le hicieron \u201chacer gimnasia\u201d. La acusaci\u00f3n tambi\u00e9n sostuvo que le tiraron agua y, estando boca abajo, lo agredieron mediante golpes en la cara, produci\u00e9ndole un hematoma en el p\u00e1rpado superior del ojo izquierdo y un eritema en arco superciliar derecho.<\/p>\n\n\n\n<p>Por ello hab\u00eda pedido penas de dos a\u00f1os de prisi\u00f3n en suspenso y cuatro de inhabilitaci\u00f3n especial para G\u00fcenchul, P\u00e9rez, Mu\u00f1oz e Ibaceta. En cambio, directamente no acus\u00f3 en el alegato final a Villena y Zappa por falta de pruebas.<\/p>\n\n\n\n<p>A su vez, las abogadas particulares Silvia Mirta Brown y Magal\u00ed Marilina Tarditi, defensoras de&nbsp;G\u00fcenchul y P\u00e9rez; Ra\u00fal Oscar Lanz y Miguel \u00c1ngel Rolando, en nombre de Ibaceta; y el defensor oficial, Federico Manuel Ibazetta, por Mu\u00f1oz, hab\u00edan solicitado las absoluciones de los imputados.<\/p>\n\n\n\n<p><\/p>\n\n\n\n<p>\u00bfQu\u00e9 dijo el Tribunal? Que hubo dos hechos no controvertidos: que el detenido estaba en la alcaid\u00eda y que sufri\u00f3 lesiones en el rostro; en cambio no pudo determinarse cu\u00e1ntos fueron y eventualmente qui\u00e9nes lo golpearon.<\/p>\n\n\n\n<p>Los jueces expresaron que tuvieron que \u201cdeterminar sin ning\u00fan margen de duda si al momento de los hechos, que fueron base de la acusaci\u00f3n, los acusados Ibaceta, G\u00fcenchul, P\u00e9rez y Mu\u00f1oz fueron los que ocasionaron las lesiones constatadas en el rostro (del preso); en las circunstancias de modo, tiempo y lugar,&nbsp;tal como lo sostuvo el Ministerio P\u00fablico Fiscal, quien aleg\u00f3 que lo habr\u00edan llevado al patio interno donde lo obligaron, previo sacarse la ropa, a \u2018hacer gimnasia\u2019, terminolog\u00eda utilizada para indicar cuando un interno es obligado a realizar sentadillas, lagartijas, planchas y otros ejercicios hasta que no resista m\u00e1s\u201d.<\/p>\n\n\n\n<p>Acotaron que&nbsp;<strong>\u201cno dudamos que los testimonios presentados por la acusaci\u00f3n fueron de buena fe y veraces, pero los mismos no aportaron mayores precisiones<\/strong>&nbsp;para despejar la duda planteada\u201d respecto a los hechos.<\/p>\n\n\n\n<p>\u201cLa acusaci\u00f3n se bas\u00f3 no solo en el relato de la presunta v\u00edctima, sino tambi\u00e9n en los testimonios de otras personas que tambi\u00e9n se encontraban detenidas en el mismo pabell\u00f3n (no en la misma celda); testimonios que mostraron ciertas contradicciones entre s\u00ed, las cuales no pudieron ser superadas y\/o aclaradas con el resto de las evidencias presentadas e incorporadas durante la audiencia de debate. En definitiva, estos testimonios indirectos no tampoco despejaron las dudas en cuanto a c\u00f3mo fueron los hechos\u201d, sostuvo la Audiencia de Juicio.<\/p>\n\n\n\n<p><strong>\u201cConforme lo antedicho, la acusaci\u00f3n no pudo acreditar con precisi\u00f3n certera que fueran los cuatro acusados<\/strong>&nbsp;(Ibaceta, G\u00fcenchul, P\u00e9rez y Mu\u00f1oz)&nbsp;<strong>quienes ocasionaron las lesiones constatadas en el rostro (del detenido), en las circunstancias de modo, tiempo y lugar alegado por el \u00f3rgano acusador\u201d<\/strong>, agreg\u00f3 el Tribunal.<\/p>\n\n\n\n<p>\u201cEn el caso existieron elementos probatorios que no fueron suficientemente aprovechados para lograr una certera reconstrucci\u00f3n de los hechos. Es decir que la acusaci\u00f3n no le imprimi\u00f3 el m\u00e1ximo rendimiento a los elementos de prueba o indiciarios que se encontraban disponibles para completar los presupuestos f\u00e1cticos de su teor\u00eda del caso. Por dicho motivo, no pudieron ser probadas las circunstancias de modo, tiempo y lugar en que los acusados ocasionaron las lesiones que ostentaba en el rostro (la v\u00edctima); como as\u00ed tampoco pudo acreditarse cabalmente la autor\u00eda y grado de participaci\u00f3n de los cuatro acusados o si existieron m\u00e1s personas involucradas (cinco o seis) como sostuvo el detenido en su declaraci\u00f3n\u201d, remarcaron Sacco, S\u00e1ez Zamora y Besi.<\/p>\n\n\n\n<p>Justamente en ese punto la fiscal\u00eda habl\u00f3 de cuatro polic\u00edas que habr\u00edan golpeado al preso y los identific\u00f3; en cambio el propio detenido estim\u00f3 que fueron cinco o seis y no pudo identificarlos.&nbsp;<strong>\u201cExisti\u00f3 una insalvable contradicci\u00f3n entre los dichos de la v\u00edctima y lo sostenido por la acusaci\u00f3n\u201d.<\/strong><\/p>\n\n\n\n<p><strong>\u201cEl sentido com\u00fan indicaba que se podr\u00eda haber llevado a cabo una rueda de reconocimiento a los fines de una debida y correcta identificaci\u00f3n de los autores de los hechos (por parte del damnificado); cuesti\u00f3n que no ocurri\u00f3\u201d<\/strong>, indicaron los magistrados.<\/p>\n\n\n\n<p>\u201cCon lo antedicho&nbsp;<strong>no queremos decir que los hechos no hayan existido o que el denunciante mintiera.&nbsp;<\/strong>En realidad, lo que queremos decir es que no se cont\u00f3 con pruebas de cargo suficientes y eficaces como para quebrar el principio de inocencia\u201d, se\u00f1alaron.<\/p>\n\n\n\n<p>Finalmente, el Tribunal asever\u00f3 que \u201ccomo se ha sostenido en otros casos,&nbsp;<strong>los derechos de las v\u00edctimas deben estar balanceados con las garant\u00edas que amparan al acusado.<\/strong>&nbsp;Y si bien, podr\u00eda ser suficiente para reconstruir los hechos el testimonio con la \u00fanica testigo presencial; lo cierto es que ello debe estar complementado con otras pruebas e indicios que sean claros, precisos y concordantes que conmuevan irremediablemente el principio de inocencia\u201d.<\/p>\n\n\n\n<p><\/p>\n","protected":false},"excerpt":{"rendered":"<p>Seis polic\u00edas fueron absueltos hoy por los delitos de severidades, vejaciones y violaci\u00f3n de los deberes de funcionarios p\u00fablicos. Hab\u00edan sido acusados de golpear a un preso que estaba detenido&hellip;<\/p>\n","protected":false},"author":3,"featured_media":322120,"comment_status":"closed","ping_status":"open","sticky":false,"template":"","format":"standard","meta":{"_acf_changed":false,"footnotes":""},"categories":[11,12],"tags":[],"class_list":["post-322118","post","type-post","status-publish","format-standard","has-post-thumbnail","hentry","category-que-pasa","category-sociedad"],"acf":[],"yoast_head":"<!-- This site is optimized with the Yoast SEO plugin v27.5 - https:\/\/yoast.com\/product\/yoast-seo-wordpress\/ -->\n<title>Denuncia por golpiza un preso en Acha: seis polic\u00edas fueron absueltos - Diario Textual<\/title>\n<meta name=\"robots\" content=\"index, follow, max-snippet:-1, max-image-preview:large, max-video-preview:-1\" \/>\n<link rel=\"canonical\" href=\"https:\/\/diariotextual.com\/inicio\/index.php\/2026\/03\/12\/denuncia-por-golpiza-un-preso-en-acha-seis-policias-fueron-absueltos\/\" \/>\n<meta property=\"og:locale\" content=\"es_ES\" \/>\n<meta property=\"og:type\" content=\"article\" \/>\n<meta property=\"og:title\" content=\"Denuncia por golpiza un preso en Acha: seis polic\u00edas fueron absueltos - Diario Textual\" \/>\n<meta property=\"og:description\" content=\"Seis polic\u00edas fueron absueltos hoy por los delitos de severidades, vejaciones y violaci\u00f3n de los deberes de funcionarios p\u00fablicos. Hab\u00edan sido acusados de golpear a un preso que estaba detenido&hellip;\" \/>\n<meta property=\"og:url\" content=\"https:\/\/diariotextual.com\/inicio\/index.php\/2026\/03\/12\/denuncia-por-golpiza-un-preso-en-acha-seis-policias-fueron-absueltos\/\" \/>\n<meta property=\"og:site_name\" content=\"Diario Textual\" \/>\n<meta property=\"article:publisher\" content=\"https:\/\/www.facebook.com\/eltextual\" \/>\n<meta property=\"article:published_time\" content=\"2026-03-12T16:20:57+00:00\" \/>\n<meta property=\"article:modified_time\" content=\"2026-03-13T13:41:17+00:00\" \/>\n<meta property=\"og:image\" content=\"https:\/\/diariotextual.com\/inicio\/wp-content\/uploads\/2026\/03\/comisariaachacomisariadeacha2026-2.jpg\" \/>\n\t<meta property=\"og:image:width\" content=\"1100\" \/>\n\t<meta property=\"og:image:height\" content=\"682\" \/>\n\t<meta property=\"og:image:type\" content=\"image\/jpeg\" \/>\n<meta name=\"author\" content=\"Diario1 Diario1\" \/>\n<meta name=\"twitter:card\" content=\"summary_large_image\" \/>\n<meta name=\"twitter:creator\" content=\"@eltextual\" \/>\n<meta name=\"twitter:site\" content=\"@eltextual\" \/>\n<meta name=\"twitter:label1\" content=\"Escrito por\" \/>\n\t<meta name=\"twitter:data1\" content=\"Diario1 Diario1\" \/>\n\t<meta name=\"twitter:label2\" content=\"Tiempo de lectura\" \/>\n\t<meta name=\"twitter:data2\" content=\"5 minutos\" \/>\n<script type=\"application\/ld+json\" class=\"yoast-schema-graph\">{\"@context\":\"https:\\\/\\\/schema.org\",\"@graph\":[{\"@type\":\"Article\",\"@id\":\"https:\\\/\\\/diariotextual.com\\\/inicio\\\/index.php\\\/2026\\\/03\\\/12\\\/denuncia-por-golpiza-un-preso-en-acha-seis-policias-fueron-absueltos\\\/#article\",\"isPartOf\":{\"@id\":\"https:\\\/\\\/diariotextual.com\\\/inicio\\\/index.php\\\/2026\\\/03\\\/12\\\/denuncia-por-golpiza-un-preso-en-acha-seis-policias-fueron-absueltos\\\/\"},\"author\":{\"name\":\"Diario1 Diario1\",\"@id\":\"https:\\\/\\\/diariotextual.com\\\/inicio\\\/#\\\/schema\\\/person\\\/418fc4093c33e86ed41562db3508f958\"},\"headline\":\"Denuncia por golpiza un preso en Acha: seis polic\u00edas fueron absueltos\",\"datePublished\":\"2026-03-12T16:20:57+00:00\",\"dateModified\":\"2026-03-13T13:41:17+00:00\",\"mainEntityOfPage\":{\"@id\":\"https:\\\/\\\/diariotextual.com\\\/inicio\\\/index.php\\\/2026\\\/03\\\/12\\\/denuncia-por-golpiza-un-preso-en-acha-seis-policias-fueron-absueltos\\\/\"},\"wordCount\":1020,\"publisher\":{\"@id\":\"https:\\\/\\\/diariotextual.com\\\/inicio\\\/#organization\"},\"image\":{\"@id\":\"https:\\\/\\\/diariotextual.com\\\/inicio\\\/index.php\\\/2026\\\/03\\\/12\\\/denuncia-por-golpiza-un-preso-en-acha-seis-policias-fueron-absueltos\\\/#primaryimage\"},\"thumbnailUrl\":\"https:\\\/\\\/diariotextual.com\\\/inicio\\\/wp-content\\\/uploads\\\/2026\\\/03\\\/comisariaachacomisariadeacha2026-2.jpg\",\"articleSection\":[\"A - QUE PASA (al costado)\",\"SOCIEDAD\"],\"inLanguage\":\"es\"},{\"@type\":\"WebPage\",\"@id\":\"https:\\\/\\\/diariotextual.com\\\/inicio\\\/index.php\\\/2026\\\/03\\\/12\\\/denuncia-por-golpiza-un-preso-en-acha-seis-policias-fueron-absueltos\\\/\",\"url\":\"https:\\\/\\\/diariotextual.com\\\/inicio\\\/index.php\\\/2026\\\/03\\\/12\\\/denuncia-por-golpiza-un-preso-en-acha-seis-policias-fueron-absueltos\\\/\",\"name\":\"Denuncia por golpiza un preso en Acha: seis polic\u00edas fueron absueltos - Diario Textual\",\"isPartOf\":{\"@id\":\"https:\\\/\\\/diariotextual.com\\\/inicio\\\/#website\"},\"primaryImageOfPage\":{\"@id\":\"https:\\\/\\\/diariotextual.com\\\/inicio\\\/index.php\\\/2026\\\/03\\\/12\\\/denuncia-por-golpiza-un-preso-en-acha-seis-policias-fueron-absueltos\\\/#primaryimage\"},\"image\":{\"@id\":\"https:\\\/\\\/diariotextual.com\\\/inicio\\\/index.php\\\/2026\\\/03\\\/12\\\/denuncia-por-golpiza-un-preso-en-acha-seis-policias-fueron-absueltos\\\/#primaryimage\"},\"thumbnailUrl\":\"https:\\\/\\\/diariotextual.com\\\/inicio\\\/wp-content\\\/uploads\\\/2026\\\/03\\\/comisariaachacomisariadeacha2026-2.jpg\",\"datePublished\":\"2026-03-12T16:20:57+00:00\",\"dateModified\":\"2026-03-13T13:41:17+00:00\",\"breadcrumb\":{\"@id\":\"https:\\\/\\\/diariotextual.com\\\/inicio\\\/index.php\\\/2026\\\/03\\\/12\\\/denuncia-por-golpiza-un-preso-en-acha-seis-policias-fueron-absueltos\\\/#breadcrumb\"},\"inLanguage\":\"es\",\"potentialAction\":[{\"@type\":\"ReadAction\",\"target\":[\"https:\\\/\\\/diariotextual.com\\\/inicio\\\/index.php\\\/2026\\\/03\\\/12\\\/denuncia-por-golpiza-un-preso-en-acha-seis-policias-fueron-absueltos\\\/\"]}]},{\"@type\":\"ImageObject\",\"inLanguage\":\"es\",\"@id\":\"https:\\\/\\\/diariotextual.com\\\/inicio\\\/index.php\\\/2026\\\/03\\\/12\\\/denuncia-por-golpiza-un-preso-en-acha-seis-policias-fueron-absueltos\\\/#primaryimage\",\"url\":\"https:\\\/\\\/diariotextual.com\\\/inicio\\\/wp-content\\\/uploads\\\/2026\\\/03\\\/comisariaachacomisariadeacha2026-2.jpg\",\"contentUrl\":\"https:\\\/\\\/diariotextual.com\\\/inicio\\\/wp-content\\\/uploads\\\/2026\\\/03\\\/comisariaachacomisariadeacha2026-2.jpg\",\"width\":1100,\"height\":682},{\"@type\":\"BreadcrumbList\",\"@id\":\"https:\\\/\\\/diariotextual.com\\\/inicio\\\/index.php\\\/2026\\\/03\\\/12\\\/denuncia-por-golpiza-un-preso-en-acha-seis-policias-fueron-absueltos\\\/#breadcrumb\",\"itemListElement\":[{\"@type\":\"ListItem\",\"position\":1,\"name\":\"Portada\",\"item\":\"https:\\\/\\\/diariotextual.com\\\/inicio\\\/\"},{\"@type\":\"ListItem\",\"position\":2,\"name\":\"Denuncia por golpiza un preso en Acha: seis polic\u00edas fueron absueltos\"}]},{\"@type\":\"WebSite\",\"@id\":\"https:\\\/\\\/diariotextual.com\\\/inicio\\\/#website\",\"url\":\"https:\\\/\\\/diariotextual.com\\\/inicio\\\/\",\"name\":\"Diario Textual\",\"description\":\"\",\"publisher\":{\"@id\":\"https:\\\/\\\/diariotextual.com\\\/inicio\\\/#organization\"},\"potentialAction\":[{\"@type\":\"SearchAction\",\"target\":{\"@type\":\"EntryPoint\",\"urlTemplate\":\"https:\\\/\\\/diariotextual.com\\\/inicio\\\/?s={search_term_string}\"},\"query-input\":{\"@type\":\"PropertyValueSpecification\",\"valueRequired\":true,\"valueName\":\"search_term_string\"}}],\"inLanguage\":\"es\"},{\"@type\":\"Organization\",\"@id\":\"https:\\\/\\\/diariotextual.com\\\/inicio\\\/#organization\",\"name\":\"Diario Textual\",\"url\":\"https:\\\/\\\/diariotextual.com\\\/inicio\\\/\",\"logo\":{\"@type\":\"ImageObject\",\"inLanguage\":\"es\",\"@id\":\"https:\\\/\\\/diariotextual.com\\\/inicio\\\/#\\\/schema\\\/logo\\\/image\\\/\",\"url\":\"https:\\\/\\\/diariotextual.com\\\/inicio\\\/wp-content\\\/uploads\\\/2023\\\/05\\\/logotextual1.jpg\",\"contentUrl\":\"https:\\\/\\\/diariotextual.com\\\/inicio\\\/wp-content\\\/uploads\\\/2023\\\/05\\\/logotextual1.jpg\",\"width\":516,\"height\":76,\"caption\":\"Diario Textual\"},\"image\":{\"@id\":\"https:\\\/\\\/diariotextual.com\\\/inicio\\\/#\\\/schema\\\/logo\\\/image\\\/\"},\"sameAs\":[\"https:\\\/\\\/www.facebook.com\\\/eltextual\",\"https:\\\/\\\/x.com\\\/eltextual\",\"http:\\\/\\\/www.instagram.com\\\/eltextual\"]},{\"@type\":\"Person\",\"@id\":\"https:\\\/\\\/diariotextual.com\\\/inicio\\\/#\\\/schema\\\/person\\\/418fc4093c33e86ed41562db3508f958\",\"name\":\"Diario1 Diario1\",\"image\":{\"@type\":\"ImageObject\",\"inLanguage\":\"es\",\"@id\":\"https:\\\/\\\/secure.gravatar.com\\\/avatar\\\/9167d280179c85bc18be67aa7eda765854300033af4896dd779b608640f2ef7a?s=96&d=mm&r=g\",\"url\":\"https:\\\/\\\/secure.gravatar.com\\\/avatar\\\/9167d280179c85bc18be67aa7eda765854300033af4896dd779b608640f2ef7a?s=96&d=mm&r=g\",\"contentUrl\":\"https:\\\/\\\/secure.gravatar.com\\\/avatar\\\/9167d280179c85bc18be67aa7eda765854300033af4896dd779b608640f2ef7a?s=96&d=mm&r=g\",\"caption\":\"Diario1 Diario1\"},\"url\":\"https:\\\/\\\/diariotextual.com\\\/inicio\\\/index.php\\\/author\\\/diario1\\\/\"}]}<\/script>\n<!-- \/ Yoast SEO plugin. -->","yoast_head_json":{"title":"Denuncia por golpiza un preso en Acha: seis polic\u00edas fueron absueltos - Diario Textual","robots":{"index":"index","follow":"follow","max-snippet":"max-snippet:-1","max-image-preview":"max-image-preview:large","max-video-preview":"max-video-preview:-1"},"canonical":"https:\/\/diariotextual.com\/inicio\/index.php\/2026\/03\/12\/denuncia-por-golpiza-un-preso-en-acha-seis-policias-fueron-absueltos\/","og_locale":"es_ES","og_type":"article","og_title":"Denuncia por golpiza un preso en Acha: seis polic\u00edas fueron absueltos - Diario Textual","og_description":"Seis polic\u00edas fueron absueltos hoy por los delitos de severidades, vejaciones y violaci\u00f3n de los deberes de funcionarios p\u00fablicos. Hab\u00edan sido acusados de golpear a un preso que estaba detenido&hellip;","og_url":"https:\/\/diariotextual.com\/inicio\/index.php\/2026\/03\/12\/denuncia-por-golpiza-un-preso-en-acha-seis-policias-fueron-absueltos\/","og_site_name":"Diario Textual","article_publisher":"https:\/\/www.facebook.com\/eltextual","article_published_time":"2026-03-12T16:20:57+00:00","article_modified_time":"2026-03-13T13:41:17+00:00","og_image":[{"width":1100,"height":682,"url":"https:\/\/diariotextual.com\/inicio\/wp-content\/uploads\/2026\/03\/comisariaachacomisariadeacha2026-2.jpg","type":"image\/jpeg"}],"author":"Diario1 Diario1","twitter_card":"summary_large_image","twitter_creator":"@eltextual","twitter_site":"@eltextual","twitter_misc":{"Escrito por":"Diario1 Diario1","Tiempo de lectura":"5 minutos"},"schema":{"@context":"https:\/\/schema.org","@graph":[{"@type":"Article","@id":"https:\/\/diariotextual.com\/inicio\/index.php\/2026\/03\/12\/denuncia-por-golpiza-un-preso-en-acha-seis-policias-fueron-absueltos\/#article","isPartOf":{"@id":"https:\/\/diariotextual.com\/inicio\/index.php\/2026\/03\/12\/denuncia-por-golpiza-un-preso-en-acha-seis-policias-fueron-absueltos\/"},"author":{"name":"Diario1 Diario1","@id":"https:\/\/diariotextual.com\/inicio\/#\/schema\/person\/418fc4093c33e86ed41562db3508f958"},"headline":"Denuncia por golpiza un preso en Acha: seis polic\u00edas fueron absueltos","datePublished":"2026-03-12T16:20:57+00:00","dateModified":"2026-03-13T13:41:17+00:00","mainEntityOfPage":{"@id":"https:\/\/diariotextual.com\/inicio\/index.php\/2026\/03\/12\/denuncia-por-golpiza-un-preso-en-acha-seis-policias-fueron-absueltos\/"},"wordCount":1020,"publisher":{"@id":"https:\/\/diariotextual.com\/inicio\/#organization"},"image":{"@id":"https:\/\/diariotextual.com\/inicio\/index.php\/2026\/03\/12\/denuncia-por-golpiza-un-preso-en-acha-seis-policias-fueron-absueltos\/#primaryimage"},"thumbnailUrl":"https:\/\/diariotextual.com\/inicio\/wp-content\/uploads\/2026\/03\/comisariaachacomisariadeacha2026-2.jpg","articleSection":["A - QUE PASA (al costado)","SOCIEDAD"],"inLanguage":"es"},{"@type":"WebPage","@id":"https:\/\/diariotextual.com\/inicio\/index.php\/2026\/03\/12\/denuncia-por-golpiza-un-preso-en-acha-seis-policias-fueron-absueltos\/","url":"https:\/\/diariotextual.com\/inicio\/index.php\/2026\/03\/12\/denuncia-por-golpiza-un-preso-en-acha-seis-policias-fueron-absueltos\/","name":"Denuncia por golpiza un preso en Acha: seis polic\u00edas fueron absueltos - Diario Textual","isPartOf":{"@id":"https:\/\/diariotextual.com\/inicio\/#website"},"primaryImageOfPage":{"@id":"https:\/\/diariotextual.com\/inicio\/index.php\/2026\/03\/12\/denuncia-por-golpiza-un-preso-en-acha-seis-policias-fueron-absueltos\/#primaryimage"},"image":{"@id":"https:\/\/diariotextual.com\/inicio\/index.php\/2026\/03\/12\/denuncia-por-golpiza-un-preso-en-acha-seis-policias-fueron-absueltos\/#primaryimage"},"thumbnailUrl":"https:\/\/diariotextual.com\/inicio\/wp-content\/uploads\/2026\/03\/comisariaachacomisariadeacha2026-2.jpg","datePublished":"2026-03-12T16:20:57+00:00","dateModified":"2026-03-13T13:41:17+00:00","breadcrumb":{"@id":"https:\/\/diariotextual.com\/inicio\/index.php\/2026\/03\/12\/denuncia-por-golpiza-un-preso-en-acha-seis-policias-fueron-absueltos\/#breadcrumb"},"inLanguage":"es","potentialAction":[{"@type":"ReadAction","target":["https:\/\/diariotextual.com\/inicio\/index.php\/2026\/03\/12\/denuncia-por-golpiza-un-preso-en-acha-seis-policias-fueron-absueltos\/"]}]},{"@type":"ImageObject","inLanguage":"es","@id":"https:\/\/diariotextual.com\/inicio\/index.php\/2026\/03\/12\/denuncia-por-golpiza-un-preso-en-acha-seis-policias-fueron-absueltos\/#primaryimage","url":"https:\/\/diariotextual.com\/inicio\/wp-content\/uploads\/2026\/03\/comisariaachacomisariadeacha2026-2.jpg","contentUrl":"https:\/\/diariotextual.com\/inicio\/wp-content\/uploads\/2026\/03\/comisariaachacomisariadeacha2026-2.jpg","width":1100,"height":682},{"@type":"BreadcrumbList","@id":"https:\/\/diariotextual.com\/inicio\/index.php\/2026\/03\/12\/denuncia-por-golpiza-un-preso-en-acha-seis-policias-fueron-absueltos\/#breadcrumb","itemListElement":[{"@type":"ListItem","position":1,"name":"Portada","item":"https:\/\/diariotextual.com\/inicio\/"},{"@type":"ListItem","position":2,"name":"Denuncia por golpiza un preso en Acha: seis polic\u00edas fueron absueltos"}]},{"@type":"WebSite","@id":"https:\/\/diariotextual.com\/inicio\/#website","url":"https:\/\/diariotextual.com\/inicio\/","name":"Diario Textual","description":"","publisher":{"@id":"https:\/\/diariotextual.com\/inicio\/#organization"},"potentialAction":[{"@type":"SearchAction","target":{"@type":"EntryPoint","urlTemplate":"https:\/\/diariotextual.com\/inicio\/?s={search_term_string}"},"query-input":{"@type":"PropertyValueSpecification","valueRequired":true,"valueName":"search_term_string"}}],"inLanguage":"es"},{"@type":"Organization","@id":"https:\/\/diariotextual.com\/inicio\/#organization","name":"Diario Textual","url":"https:\/\/diariotextual.com\/inicio\/","logo":{"@type":"ImageObject","inLanguage":"es","@id":"https:\/\/diariotextual.com\/inicio\/#\/schema\/logo\/image\/","url":"https:\/\/diariotextual.com\/inicio\/wp-content\/uploads\/2023\/05\/logotextual1.jpg","contentUrl":"https:\/\/diariotextual.com\/inicio\/wp-content\/uploads\/2023\/05\/logotextual1.jpg","width":516,"height":76,"caption":"Diario Textual"},"image":{"@id":"https:\/\/diariotextual.com\/inicio\/#\/schema\/logo\/image\/"},"sameAs":["https:\/\/www.facebook.com\/eltextual","https:\/\/x.com\/eltextual","http:\/\/www.instagram.com\/eltextual"]},{"@type":"Person","@id":"https:\/\/diariotextual.com\/inicio\/#\/schema\/person\/418fc4093c33e86ed41562db3508f958","name":"Diario1 Diario1","image":{"@type":"ImageObject","inLanguage":"es","@id":"https:\/\/secure.gravatar.com\/avatar\/9167d280179c85bc18be67aa7eda765854300033af4896dd779b608640f2ef7a?s=96&d=mm&r=g","url":"https:\/\/secure.gravatar.com\/avatar\/9167d280179c85bc18be67aa7eda765854300033af4896dd779b608640f2ef7a?s=96&d=mm&r=g","contentUrl":"https:\/\/secure.gravatar.com\/avatar\/9167d280179c85bc18be67aa7eda765854300033af4896dd779b608640f2ef7a?s=96&d=mm&r=g","caption":"Diario1 Diario1"},"url":"https:\/\/diariotextual.com\/inicio\/index.php\/author\/diario1\/"}]}},"_links":{"self":[{"href":"https:\/\/diariotextual.com\/inicio\/index.php\/wp-json\/wp\/v2\/posts\/322118","targetHints":{"allow":["GET"]}}],"collection":[{"href":"https:\/\/diariotextual.com\/inicio\/index.php\/wp-json\/wp\/v2\/posts"}],"about":[{"href":"https:\/\/diariotextual.com\/inicio\/index.php\/wp-json\/wp\/v2\/types\/post"}],"author":[{"embeddable":true,"href":"https:\/\/diariotextual.com\/inicio\/index.php\/wp-json\/wp\/v2\/users\/3"}],"replies":[{"embeddable":true,"href":"https:\/\/diariotextual.com\/inicio\/index.php\/wp-json\/wp\/v2\/comments?post=322118"}],"version-history":[{"count":2,"href":"https:\/\/diariotextual.com\/inicio\/index.php\/wp-json\/wp\/v2\/posts\/322118\/revisions"}],"predecessor-version":[{"id":322121,"href":"https:\/\/diariotextual.com\/inicio\/index.php\/wp-json\/wp\/v2\/posts\/322118\/revisions\/322121"}],"wp:featuredmedia":[{"embeddable":true,"href":"https:\/\/diariotextual.com\/inicio\/index.php\/wp-json\/wp\/v2\/media\/322120"}],"wp:attachment":[{"href":"https:\/\/diariotextual.com\/inicio\/index.php\/wp-json\/wp\/v2\/media?parent=322118"}],"wp:term":[{"taxonomy":"category","embeddable":true,"href":"https:\/\/diariotextual.com\/inicio\/index.php\/wp-json\/wp\/v2\/categories?post=322118"},{"taxonomy":"post_tag","embeddable":true,"href":"https:\/\/diariotextual.com\/inicio\/index.php\/wp-json\/wp\/v2\/tags?post=322118"}],"curies":[{"name":"wp","href":"https:\/\/api.w.org\/{rel}","templated":true}]}}