{"id":322142,"date":"2026-03-12T18:07:56","date_gmt":"2026-03-12T21:07:56","guid":{"rendered":"https:\/\/diariotextual.com\/inicio\/?p=322142"},"modified":"2026-03-13T05:56:28","modified_gmt":"2026-03-13T08:56:28","slug":"crisis-del-frigorifico-pico-duenos-dicen-que-podria-hacerse-cargo-un-grupo-empresario-europeo","status":"publish","type":"post","link":"https:\/\/diariotextual.com\/inicio\/index.php\/2026\/03\/12\/crisis-del-frigorifico-pico-duenos-dicen-que-podria-hacerse-cargo-un-grupo-empresario-europeo\/","title":{"rendered":"Crisis del Frigor\u00edfico Pico: due\u00f1os dicen que podr\u00eda hacerse cargo un grupo empresario europeo"},"content":{"rendered":"\n<p>Los propietarios del <strong>Frigor\u00edfico General Pico<\/strong> informaron que contin\u00faan las gestiones para la <strong>venta o alquiler de la planta de faena ubicada en Trenel<\/strong>, en medio de la crisis que mantiene paralizada la actividad desde el <strong>1\u00b0 de enero<\/strong>, y revelaron que existe inter\u00e9s de un <strong>grupo empresarial europeo<\/strong>, con presencia en la Argentina, para hacerse cargo de la operaci\u00f3n del establecimiento.<\/p>\n\n\n\n<p>El presidente y el vicepresidente de la firma, <strong>Ernesto \u201cTito\u201d Lowenstein<\/strong> y <strong>Alan Lowenstein<\/strong>, difundieron un comunicado en el que explicaron que las negociaciones se realizan con uno de los principales acreedores. <strong>\u201cSe contin\u00faan las gestiones con uno de los principales acreedores, un grupo europeo con importante presencia en el pa\u00eds, interesado en la continuidad de la operaci\u00f3n del frigor\u00edfico\u201d<\/strong>, afirmaron.<\/p>\n\n\n\n<p>Seg\u00fan indicaron, el objetivo es alcanzar una soluci\u00f3n que permita <strong>restablecer la actividad productiva<\/strong>, preservar los puestos de trabajo y ordenar las obligaciones econ\u00f3micas de la empresa.<\/p>\n\n\n\n<p>En ese marco, la firma reiter\u00f3 que pretende <strong>pagar las indemnizaciones<\/strong> a los casi <strong>200 trabajadores despedidos<\/strong>, avanzar con los pagos a los proveedores y continuar abonando los salarios a los <strong>300 empleados<\/strong> que permanecen en relaci\u00f3n de dependencia.<\/p>\n\n\n\n<p>\u201cEl objetivo de estas gestiones contin\u00faa siendo encontrar una soluci\u00f3n que permita restablecer la actividad productiva de la empresa, preservar la fuente laboral y atender de manera ordenada las obligaciones laborales derivadas de la reciente reducci\u00f3n de puestos de trabajo\u201d, se\u00f1alaron.<\/p>\n\n\n\n<p>Tambi\u00e9n indicaron que buscan avanzar en el cumplimiento de los compromisos con los proveedores y posteriormente intentar un acuerdo con <strong>acreedores financieros no bancarios<\/strong>, algo que hasta el momento no se ha logrado.<\/p>\n\n\n\n<p>Seg\u00fan el comunicado, el prop\u00f3sito es <strong>encauzar la situaci\u00f3n econ\u00f3mica<\/strong> y evitar recurrir a instancias judiciales de reorganizaci\u00f3n previstas por la legislaci\u00f3n vigente.<\/p>\n\n\n\n<p>Los propietarios destacaron que se trata de una <strong>empresa familiar<\/strong> y que ambos socios han respaldado el proceso con su propio patrimonio. \u201cLa empresa es de car\u00e1cter familiar, cuyos socios han acompa\u00f1ado este proceso respondiendo personalmente con sus patrimonios\u201d, afirmaron.<\/p>\n\n\n\n<p>Adem\u00e1s, remarcaron que las inversiones realizadas en los \u00faltimos a\u00f1os se encuentran principalmente en la <strong>infraestructura y el equipamiento de la planta de Trenel<\/strong>, que hoy constituye el principal activo productivo de la compa\u00f1\u00eda.<\/p>\n\n\n\n<p>Finalmente, sostuvieron que la firma contin\u00faa evaluando <strong>todas las alternativas disponibles<\/strong> para encontrar una salida que permita garantizar la continuidad de la empresa y preservar su estructura productiva.<\/p>\n\n\n\n<p><\/p>\n","protected":false},"excerpt":{"rendered":"<p>Los propietarios del Frigor\u00edfico General Pico informaron que contin\u00faan las gestiones para la venta o alquiler de la planta de faena ubicada en Trenel, en medio de la crisis que&hellip;<\/p>\n","protected":false},"author":3,"featured_media":319899,"comment_status":"closed","ping_status":"open","sticky":false,"template":"","format":"standard","meta":{"_acf_changed":false,"footnotes":""},"categories":[10,20],"tags":[],"class_list":["post-322142","post","type-post","status-publish","format-standard","has-post-thumbnail","hentry","category-portada-2","category-campo"],"acf":[],"yoast_head":"<!-- This site is optimized with the Yoast SEO plugin v27.5 - https:\/\/yoast.com\/product\/yoast-seo-wordpress\/ -->\n<title>Crisis del Frigor\u00edfico Pico: due\u00f1os dicen que podr\u00eda hacerse cargo un grupo empresario europeo - Diario Textual<\/title>\n<meta name=\"robots\" content=\"index, follow, max-snippet:-1, max-image-preview:large, max-video-preview:-1\" \/>\n<link rel=\"canonical\" href=\"https:\/\/diariotextual.com\/inicio\/index.php\/2026\/03\/12\/crisis-del-frigorifico-pico-duenos-dicen-que-podria-hacerse-cargo-un-grupo-empresario-europeo\/\" \/>\n<meta property=\"og:locale\" content=\"es_ES\" \/>\n<meta property=\"og:type\" content=\"article\" \/>\n<meta property=\"og:title\" content=\"Crisis del Frigor\u00edfico Pico: due\u00f1os dicen que podr\u00eda hacerse cargo un grupo empresario europeo - Diario Textual\" \/>\n<meta property=\"og:description\" content=\"Los propietarios del Frigor\u00edfico General Pico informaron que contin\u00faan las gestiones para la venta o alquiler de la planta de faena ubicada en Trenel, en medio de la crisis que&hellip;\" \/>\n<meta property=\"og:url\" content=\"https:\/\/diariotextual.com\/inicio\/index.php\/2026\/03\/12\/crisis-del-frigorifico-pico-duenos-dicen-que-podria-hacerse-cargo-un-grupo-empresario-europeo\/\" \/>\n<meta property=\"og:site_name\" content=\"Diario Textual\" \/>\n<meta property=\"article:publisher\" content=\"https:\/\/www.facebook.com\/eltextual\" \/>\n<meta property=\"article:published_time\" content=\"2026-03-12T21:07:56+00:00\" \/>\n<meta property=\"article:modified_time\" content=\"2026-03-13T08:56:28+00:00\" \/>\n<meta property=\"og:image\" content=\"https:\/\/diariotextual.com\/inicio\/wp-content\/uploads\/2026\/02\/frigorificopicoprotestatrabajadorestrenelfmlavoz2026-10.jpg\" \/>\n\t<meta property=\"og:image:width\" content=\"1200\" \/>\n\t<meta property=\"og:image:height\" content=\"793\" \/>\n\t<meta property=\"og:image:type\" content=\"image\/jpeg\" \/>\n<meta name=\"author\" content=\"Diario1 Diario1\" \/>\n<meta name=\"twitter:card\" content=\"summary_large_image\" \/>\n<meta name=\"twitter:creator\" content=\"@eltextual\" \/>\n<meta name=\"twitter:site\" content=\"@eltextual\" \/>\n<meta name=\"twitter:label1\" content=\"Escrito por\" \/>\n\t<meta name=\"twitter:data1\" content=\"Diario1 Diario1\" \/>\n\t<meta name=\"twitter:label2\" content=\"Tiempo de lectura\" \/>\n\t<meta name=\"twitter:data2\" content=\"2 minutos\" \/>\n<script type=\"application\/ld+json\" class=\"yoast-schema-graph\">{\"@context\":\"https:\\\/\\\/schema.org\",\"@graph\":[{\"@type\":\"Article\",\"@id\":\"https:\\\/\\\/diariotextual.com\\\/inicio\\\/index.php\\\/2026\\\/03\\\/12\\\/crisis-del-frigorifico-pico-duenos-dicen-que-podria-hacerse-cargo-un-grupo-empresario-europeo\\\/#article\",\"isPartOf\":{\"@id\":\"https:\\\/\\\/diariotextual.com\\\/inicio\\\/index.php\\\/2026\\\/03\\\/12\\\/crisis-del-frigorifico-pico-duenos-dicen-que-podria-hacerse-cargo-un-grupo-empresario-europeo\\\/\"},\"author\":{\"name\":\"Diario1 Diario1\",\"@id\":\"https:\\\/\\\/diariotextual.com\\\/inicio\\\/#\\\/schema\\\/person\\\/418fc4093c33e86ed41562db3508f958\"},\"headline\":\"Crisis del Frigor\u00edfico Pico: due\u00f1os dicen que podr\u00eda hacerse cargo un grupo empresario europeo\",\"datePublished\":\"2026-03-12T21:07:56+00:00\",\"dateModified\":\"2026-03-13T08:56:28+00:00\",\"mainEntityOfPage\":{\"@id\":\"https:\\\/\\\/diariotextual.com\\\/inicio\\\/index.php\\\/2026\\\/03\\\/12\\\/crisis-del-frigorifico-pico-duenos-dicen-que-podria-hacerse-cargo-un-grupo-empresario-europeo\\\/\"},\"wordCount\":431,\"publisher\":{\"@id\":\"https:\\\/\\\/diariotextual.com\\\/inicio\\\/#organization\"},\"image\":{\"@id\":\"https:\\\/\\\/diariotextual.com\\\/inicio\\\/index.php\\\/2026\\\/03\\\/12\\\/crisis-del-frigorifico-pico-duenos-dicen-que-podria-hacerse-cargo-un-grupo-empresario-europeo\\\/#primaryimage\"},\"thumbnailUrl\":\"https:\\\/\\\/diariotextual.com\\\/inicio\\\/wp-content\\\/uploads\\\/2026\\\/02\\\/frigorificopicoprotestatrabajadorestrenelfmlavoz2026-10.jpg\",\"articleSection\":[\"A - PORTADA2\",\"CAMPO\"],\"inLanguage\":\"es\"},{\"@type\":\"WebPage\",\"@id\":\"https:\\\/\\\/diariotextual.com\\\/inicio\\\/index.php\\\/2026\\\/03\\\/12\\\/crisis-del-frigorifico-pico-duenos-dicen-que-podria-hacerse-cargo-un-grupo-empresario-europeo\\\/\",\"url\":\"https:\\\/\\\/diariotextual.com\\\/inicio\\\/index.php\\\/2026\\\/03\\\/12\\\/crisis-del-frigorifico-pico-duenos-dicen-que-podria-hacerse-cargo-un-grupo-empresario-europeo\\\/\",\"name\":\"Crisis del Frigor\u00edfico Pico: due\u00f1os dicen que podr\u00eda hacerse cargo un grupo empresario europeo - Diario Textual\",\"isPartOf\":{\"@id\":\"https:\\\/\\\/diariotextual.com\\\/inicio\\\/#website\"},\"primaryImageOfPage\":{\"@id\":\"https:\\\/\\\/diariotextual.com\\\/inicio\\\/index.php\\\/2026\\\/03\\\/12\\\/crisis-del-frigorifico-pico-duenos-dicen-que-podria-hacerse-cargo-un-grupo-empresario-europeo\\\/#primaryimage\"},\"image\":{\"@id\":\"https:\\\/\\\/diariotextual.com\\\/inicio\\\/index.php\\\/2026\\\/03\\\/12\\\/crisis-del-frigorifico-pico-duenos-dicen-que-podria-hacerse-cargo-un-grupo-empresario-europeo\\\/#primaryimage\"},\"thumbnailUrl\":\"https:\\\/\\\/diariotextual.com\\\/inicio\\\/wp-content\\\/uploads\\\/2026\\\/02\\\/frigorificopicoprotestatrabajadorestrenelfmlavoz2026-10.jpg\",\"datePublished\":\"2026-03-12T21:07:56+00:00\",\"dateModified\":\"2026-03-13T08:56:28+00:00\",\"breadcrumb\":{\"@id\":\"https:\\\/\\\/diariotextual.com\\\/inicio\\\/index.php\\\/2026\\\/03\\\/12\\\/crisis-del-frigorifico-pico-duenos-dicen-que-podria-hacerse-cargo-un-grupo-empresario-europeo\\\/#breadcrumb\"},\"inLanguage\":\"es\",\"potentialAction\":[{\"@type\":\"ReadAction\",\"target\":[\"https:\\\/\\\/diariotextual.com\\\/inicio\\\/index.php\\\/2026\\\/03\\\/12\\\/crisis-del-frigorifico-pico-duenos-dicen-que-podria-hacerse-cargo-un-grupo-empresario-europeo\\\/\"]}]},{\"@type\":\"ImageObject\",\"inLanguage\":\"es\",\"@id\":\"https:\\\/\\\/diariotextual.com\\\/inicio\\\/index.php\\\/2026\\\/03\\\/12\\\/crisis-del-frigorifico-pico-duenos-dicen-que-podria-hacerse-cargo-un-grupo-empresario-europeo\\\/#primaryimage\",\"url\":\"https:\\\/\\\/diariotextual.com\\\/inicio\\\/wp-content\\\/uploads\\\/2026\\\/02\\\/frigorificopicoprotestatrabajadorestrenelfmlavoz2026-10.jpg\",\"contentUrl\":\"https:\\\/\\\/diariotextual.com\\\/inicio\\\/wp-content\\\/uploads\\\/2026\\\/02\\\/frigorificopicoprotestatrabajadorestrenelfmlavoz2026-10.jpg\",\"width\":1200,\"height\":793},{\"@type\":\"BreadcrumbList\",\"@id\":\"https:\\\/\\\/diariotextual.com\\\/inicio\\\/index.php\\\/2026\\\/03\\\/12\\\/crisis-del-frigorifico-pico-duenos-dicen-que-podria-hacerse-cargo-un-grupo-empresario-europeo\\\/#breadcrumb\",\"itemListElement\":[{\"@type\":\"ListItem\",\"position\":1,\"name\":\"Portada\",\"item\":\"https:\\\/\\\/diariotextual.com\\\/inicio\\\/\"},{\"@type\":\"ListItem\",\"position\":2,\"name\":\"Crisis del Frigor\u00edfico Pico: due\u00f1os dicen que podr\u00eda hacerse cargo un grupo empresario europeo\"}]},{\"@type\":\"WebSite\",\"@id\":\"https:\\\/\\\/diariotextual.com\\\/inicio\\\/#website\",\"url\":\"https:\\\/\\\/diariotextual.com\\\/inicio\\\/\",\"name\":\"Diario Textual\",\"description\":\"\",\"publisher\":{\"@id\":\"https:\\\/\\\/diariotextual.com\\\/inicio\\\/#organization\"},\"potentialAction\":[{\"@type\":\"SearchAction\",\"target\":{\"@type\":\"EntryPoint\",\"urlTemplate\":\"https:\\\/\\\/diariotextual.com\\\/inicio\\\/?s={search_term_string}\"},\"query-input\":{\"@type\":\"PropertyValueSpecification\",\"valueRequired\":true,\"valueName\":\"search_term_string\"}}],\"inLanguage\":\"es\"},{\"@type\":\"Organization\",\"@id\":\"https:\\\/\\\/diariotextual.com\\\/inicio\\\/#organization\",\"name\":\"Diario Textual\",\"url\":\"https:\\\/\\\/diariotextual.com\\\/inicio\\\/\",\"logo\":{\"@type\":\"ImageObject\",\"inLanguage\":\"es\",\"@id\":\"https:\\\/\\\/diariotextual.com\\\/inicio\\\/#\\\/schema\\\/logo\\\/image\\\/\",\"url\":\"https:\\\/\\\/diariotextual.com\\\/inicio\\\/wp-content\\\/uploads\\\/2023\\\/05\\\/logotextual1.jpg\",\"contentUrl\":\"https:\\\/\\\/diariotextual.com\\\/inicio\\\/wp-content\\\/uploads\\\/2023\\\/05\\\/logotextual1.jpg\",\"width\":516,\"height\":76,\"caption\":\"Diario Textual\"},\"image\":{\"@id\":\"https:\\\/\\\/diariotextual.com\\\/inicio\\\/#\\\/schema\\\/logo\\\/image\\\/\"},\"sameAs\":[\"https:\\\/\\\/www.facebook.com\\\/eltextual\",\"https:\\\/\\\/x.com\\\/eltextual\",\"http:\\\/\\\/www.instagram.com\\\/eltextual\"]},{\"@type\":\"Person\",\"@id\":\"https:\\\/\\\/diariotextual.com\\\/inicio\\\/#\\\/schema\\\/person\\\/418fc4093c33e86ed41562db3508f958\",\"name\":\"Diario1 Diario1\",\"image\":{\"@type\":\"ImageObject\",\"inLanguage\":\"es\",\"@id\":\"https:\\\/\\\/secure.gravatar.com\\\/avatar\\\/9167d280179c85bc18be67aa7eda765854300033af4896dd779b608640f2ef7a?s=96&d=mm&r=g\",\"url\":\"https:\\\/\\\/secure.gravatar.com\\\/avatar\\\/9167d280179c85bc18be67aa7eda765854300033af4896dd779b608640f2ef7a?s=96&d=mm&r=g\",\"contentUrl\":\"https:\\\/\\\/secure.gravatar.com\\\/avatar\\\/9167d280179c85bc18be67aa7eda765854300033af4896dd779b608640f2ef7a?s=96&d=mm&r=g\",\"caption\":\"Diario1 Diario1\"},\"url\":\"https:\\\/\\\/diariotextual.com\\\/inicio\\\/index.php\\\/author\\\/diario1\\\/\"}]}<\/script>\n<!-- \/ Yoast SEO plugin. -->","yoast_head_json":{"title":"Crisis del Frigor\u00edfico Pico: due\u00f1os dicen que podr\u00eda hacerse cargo un grupo empresario europeo - Diario Textual","robots":{"index":"index","follow":"follow","max-snippet":"max-snippet:-1","max-image-preview":"max-image-preview:large","max-video-preview":"max-video-preview:-1"},"canonical":"https:\/\/diariotextual.com\/inicio\/index.php\/2026\/03\/12\/crisis-del-frigorifico-pico-duenos-dicen-que-podria-hacerse-cargo-un-grupo-empresario-europeo\/","og_locale":"es_ES","og_type":"article","og_title":"Crisis del Frigor\u00edfico Pico: due\u00f1os dicen que podr\u00eda hacerse cargo un grupo empresario europeo - Diario Textual","og_description":"Los propietarios del Frigor\u00edfico General Pico informaron que contin\u00faan las gestiones para la venta o alquiler de la planta de faena ubicada en Trenel, en medio de la crisis que&hellip;","og_url":"https:\/\/diariotextual.com\/inicio\/index.php\/2026\/03\/12\/crisis-del-frigorifico-pico-duenos-dicen-que-podria-hacerse-cargo-un-grupo-empresario-europeo\/","og_site_name":"Diario Textual","article_publisher":"https:\/\/www.facebook.com\/eltextual","article_published_time":"2026-03-12T21:07:56+00:00","article_modified_time":"2026-03-13T08:56:28+00:00","og_image":[{"width":1200,"height":793,"url":"https:\/\/diariotextual.com\/inicio\/wp-content\/uploads\/2026\/02\/frigorificopicoprotestatrabajadorestrenelfmlavoz2026-10.jpg","type":"image\/jpeg"}],"author":"Diario1 Diario1","twitter_card":"summary_large_image","twitter_creator":"@eltextual","twitter_site":"@eltextual","twitter_misc":{"Escrito por":"Diario1 Diario1","Tiempo de lectura":"2 minutos"},"schema":{"@context":"https:\/\/schema.org","@graph":[{"@type":"Article","@id":"https:\/\/diariotextual.com\/inicio\/index.php\/2026\/03\/12\/crisis-del-frigorifico-pico-duenos-dicen-que-podria-hacerse-cargo-un-grupo-empresario-europeo\/#article","isPartOf":{"@id":"https:\/\/diariotextual.com\/inicio\/index.php\/2026\/03\/12\/crisis-del-frigorifico-pico-duenos-dicen-que-podria-hacerse-cargo-un-grupo-empresario-europeo\/"},"author":{"name":"Diario1 Diario1","@id":"https:\/\/diariotextual.com\/inicio\/#\/schema\/person\/418fc4093c33e86ed41562db3508f958"},"headline":"Crisis del Frigor\u00edfico Pico: due\u00f1os dicen que podr\u00eda hacerse cargo un grupo empresario europeo","datePublished":"2026-03-12T21:07:56+00:00","dateModified":"2026-03-13T08:56:28+00:00","mainEntityOfPage":{"@id":"https:\/\/diariotextual.com\/inicio\/index.php\/2026\/03\/12\/crisis-del-frigorifico-pico-duenos-dicen-que-podria-hacerse-cargo-un-grupo-empresario-europeo\/"},"wordCount":431,"publisher":{"@id":"https:\/\/diariotextual.com\/inicio\/#organization"},"image":{"@id":"https:\/\/diariotextual.com\/inicio\/index.php\/2026\/03\/12\/crisis-del-frigorifico-pico-duenos-dicen-que-podria-hacerse-cargo-un-grupo-empresario-europeo\/#primaryimage"},"thumbnailUrl":"https:\/\/diariotextual.com\/inicio\/wp-content\/uploads\/2026\/02\/frigorificopicoprotestatrabajadorestrenelfmlavoz2026-10.jpg","articleSection":["A - PORTADA2","CAMPO"],"inLanguage":"es"},{"@type":"WebPage","@id":"https:\/\/diariotextual.com\/inicio\/index.php\/2026\/03\/12\/crisis-del-frigorifico-pico-duenos-dicen-que-podria-hacerse-cargo-un-grupo-empresario-europeo\/","url":"https:\/\/diariotextual.com\/inicio\/index.php\/2026\/03\/12\/crisis-del-frigorifico-pico-duenos-dicen-que-podria-hacerse-cargo-un-grupo-empresario-europeo\/","name":"Crisis del Frigor\u00edfico Pico: due\u00f1os dicen que podr\u00eda hacerse cargo un grupo empresario europeo - Diario Textual","isPartOf":{"@id":"https:\/\/diariotextual.com\/inicio\/#website"},"primaryImageOfPage":{"@id":"https:\/\/diariotextual.com\/inicio\/index.php\/2026\/03\/12\/crisis-del-frigorifico-pico-duenos-dicen-que-podria-hacerse-cargo-un-grupo-empresario-europeo\/#primaryimage"},"image":{"@id":"https:\/\/diariotextual.com\/inicio\/index.php\/2026\/03\/12\/crisis-del-frigorifico-pico-duenos-dicen-que-podria-hacerse-cargo-un-grupo-empresario-europeo\/#primaryimage"},"thumbnailUrl":"https:\/\/diariotextual.com\/inicio\/wp-content\/uploads\/2026\/02\/frigorificopicoprotestatrabajadorestrenelfmlavoz2026-10.jpg","datePublished":"2026-03-12T21:07:56+00:00","dateModified":"2026-03-13T08:56:28+00:00","breadcrumb":{"@id":"https:\/\/diariotextual.com\/inicio\/index.php\/2026\/03\/12\/crisis-del-frigorifico-pico-duenos-dicen-que-podria-hacerse-cargo-un-grupo-empresario-europeo\/#breadcrumb"},"inLanguage":"es","potentialAction":[{"@type":"ReadAction","target":["https:\/\/diariotextual.com\/inicio\/index.php\/2026\/03\/12\/crisis-del-frigorifico-pico-duenos-dicen-que-podria-hacerse-cargo-un-grupo-empresario-europeo\/"]}]},{"@type":"ImageObject","inLanguage":"es","@id":"https:\/\/diariotextual.com\/inicio\/index.php\/2026\/03\/12\/crisis-del-frigorifico-pico-duenos-dicen-que-podria-hacerse-cargo-un-grupo-empresario-europeo\/#primaryimage","url":"https:\/\/diariotextual.com\/inicio\/wp-content\/uploads\/2026\/02\/frigorificopicoprotestatrabajadorestrenelfmlavoz2026-10.jpg","contentUrl":"https:\/\/diariotextual.com\/inicio\/wp-content\/uploads\/2026\/02\/frigorificopicoprotestatrabajadorestrenelfmlavoz2026-10.jpg","width":1200,"height":793},{"@type":"BreadcrumbList","@id":"https:\/\/diariotextual.com\/inicio\/index.php\/2026\/03\/12\/crisis-del-frigorifico-pico-duenos-dicen-que-podria-hacerse-cargo-un-grupo-empresario-europeo\/#breadcrumb","itemListElement":[{"@type":"ListItem","position":1,"name":"Portada","item":"https:\/\/diariotextual.com\/inicio\/"},{"@type":"ListItem","position":2,"name":"Crisis del Frigor\u00edfico Pico: due\u00f1os dicen que podr\u00eda hacerse cargo un grupo empresario europeo"}]},{"@type":"WebSite","@id":"https:\/\/diariotextual.com\/inicio\/#website","url":"https:\/\/diariotextual.com\/inicio\/","name":"Diario Textual","description":"","publisher":{"@id":"https:\/\/diariotextual.com\/inicio\/#organization"},"potentialAction":[{"@type":"SearchAction","target":{"@type":"EntryPoint","urlTemplate":"https:\/\/diariotextual.com\/inicio\/?s={search_term_string}"},"query-input":{"@type":"PropertyValueSpecification","valueRequired":true,"valueName":"search_term_string"}}],"inLanguage":"es"},{"@type":"Organization","@id":"https:\/\/diariotextual.com\/inicio\/#organization","name":"Diario Textual","url":"https:\/\/diariotextual.com\/inicio\/","logo":{"@type":"ImageObject","inLanguage":"es","@id":"https:\/\/diariotextual.com\/inicio\/#\/schema\/logo\/image\/","url":"https:\/\/diariotextual.com\/inicio\/wp-content\/uploads\/2023\/05\/logotextual1.jpg","contentUrl":"https:\/\/diariotextual.com\/inicio\/wp-content\/uploads\/2023\/05\/logotextual1.jpg","width":516,"height":76,"caption":"Diario Textual"},"image":{"@id":"https:\/\/diariotextual.com\/inicio\/#\/schema\/logo\/image\/"},"sameAs":["https:\/\/www.facebook.com\/eltextual","https:\/\/x.com\/eltextual","http:\/\/www.instagram.com\/eltextual"]},{"@type":"Person","@id":"https:\/\/diariotextual.com\/inicio\/#\/schema\/person\/418fc4093c33e86ed41562db3508f958","name":"Diario1 Diario1","image":{"@type":"ImageObject","inLanguage":"es","@id":"https:\/\/secure.gravatar.com\/avatar\/9167d280179c85bc18be67aa7eda765854300033af4896dd779b608640f2ef7a?s=96&d=mm&r=g","url":"https:\/\/secure.gravatar.com\/avatar\/9167d280179c85bc18be67aa7eda765854300033af4896dd779b608640f2ef7a?s=96&d=mm&r=g","contentUrl":"https:\/\/secure.gravatar.com\/avatar\/9167d280179c85bc18be67aa7eda765854300033af4896dd779b608640f2ef7a?s=96&d=mm&r=g","caption":"Diario1 Diario1"},"url":"https:\/\/diariotextual.com\/inicio\/index.php\/author\/diario1\/"}]}},"_links":{"self":[{"href":"https:\/\/diariotextual.com\/inicio\/index.php\/wp-json\/wp\/v2\/posts\/322142","targetHints":{"allow":["GET"]}}],"collection":[{"href":"https:\/\/diariotextual.com\/inicio\/index.php\/wp-json\/wp\/v2\/posts"}],"about":[{"href":"https:\/\/diariotextual.com\/inicio\/index.php\/wp-json\/wp\/v2\/types\/post"}],"author":[{"embeddable":true,"href":"https:\/\/diariotextual.com\/inicio\/index.php\/wp-json\/wp\/v2\/users\/3"}],"replies":[{"embeddable":true,"href":"https:\/\/diariotextual.com\/inicio\/index.php\/wp-json\/wp\/v2\/comments?post=322142"}],"version-history":[{"count":1,"href":"https:\/\/diariotextual.com\/inicio\/index.php\/wp-json\/wp\/v2\/posts\/322142\/revisions"}],"predecessor-version":[{"id":322143,"href":"https:\/\/diariotextual.com\/inicio\/index.php\/wp-json\/wp\/v2\/posts\/322142\/revisions\/322143"}],"wp:featuredmedia":[{"embeddable":true,"href":"https:\/\/diariotextual.com\/inicio\/index.php\/wp-json\/wp\/v2\/media\/319899"}],"wp:attachment":[{"href":"https:\/\/diariotextual.com\/inicio\/index.php\/wp-json\/wp\/v2\/media?parent=322142"}],"wp:term":[{"taxonomy":"category","embeddable":true,"href":"https:\/\/diariotextual.com\/inicio\/index.php\/wp-json\/wp\/v2\/categories?post=322142"},{"taxonomy":"post_tag","embeddable":true,"href":"https:\/\/diariotextual.com\/inicio\/index.php\/wp-json\/wp\/v2\/tags?post=322142"}],"curies":[{"name":"wp","href":"https:\/\/api.w.org\/{rel}","templated":true}]}}