{"id":322144,"date":"2026-03-12T19:39:32","date_gmt":"2026-03-12T22:39:32","guid":{"rendered":"https:\/\/diariotextual.com\/inicio\/?p=322144"},"modified":"2026-03-13T09:09:26","modified_gmt":"2026-03-13T12:09:26","slug":"ziliotto-en-la-expoagro-no-hay-desarrollo-pleno-ni-justo-si-no-es-a-traves-de-la-produccion-y-el-trabajo","status":"publish","type":"post","link":"https:\/\/diariotextual.com\/inicio\/index.php\/2026\/03\/12\/ziliotto-en-la-expoagro-no-hay-desarrollo-pleno-ni-justo-si-no-es-a-traves-de-la-produccion-y-el-trabajo\/","title":{"rendered":"Ziliotto en la Expoagro: \u201cNo hay desarrollo pleno ni justo si no es a trav\u00e9s de la producci\u00f3n y el trabajo\u201d"},"content":{"rendered":"\n<p>El gobernador <strong>Sergio Ziliotto<\/strong> particip\u00f3 este jueves de la edici\u00f3n 2026 de <strong>Expoagro<\/strong>, donde recorri\u00f3 los stands de las <strong>24 empresas pampeanas<\/strong> presentes en la muestra y mantuvo reuniones con representantes del sector productivo.<\/p>\n\n\n\n<p>Durante la visita, el mandatario remarc\u00f3 el acompa\u00f1amiento del <strong>Gobierno provincial<\/strong> a la industria local a trav\u00e9s de herramientas financieras y beneficios impositivos orientados a fortalecer la inversi\u00f3n productiva.<\/p>\n\n\n\n<p>El gobernador destac\u00f3 el rol del <strong>Banco de La Pampa<\/strong> como herramienta de desarrollo productivo. \u201cUna vez m\u00e1s hemos venido, como todos los a\u00f1os, con nuestro Banco de La Pampa, el banco p\u00fablico, acompa\u00f1ando a nuestros industriales. Lo hacemos con una fuerte bonificaci\u00f3n de tasas y con medidas que buscan mejorar la competitividad de nuestras empresas\u201d, se\u00f1al\u00f3.<\/p>\n\n\n\n<p>En ese sentido, record\u00f3 que el Gobierno provincial dispuso que las ventas que concreten las industrias pampeanas destinadas a inversi\u00f3n productiva no tributen los impuestos a los <strong>Ingresos Brutos<\/strong> ni de <strong>Sellos<\/strong>. \u201cSeguimos creyendo en el crecimiento y en el desarrollo del pa\u00eds a partir de la diversificaci\u00f3n productiva y, principalmente, del agregado de valor a nuestra producci\u00f3n primaria\u201d, sostuvo.<\/p>\n\n\n\n<figure class=\"wp-block-embed is-type-wp-embed is-provider-diario-textual wp-block-embed-diario-textual\"><div class=\"wp-block-embed__wrapper\">\n<blockquote class=\"wp-embedded-content\" data-secret=\"OlriHeYVx7\"><a href=\"https:\/\/diariotextual.com\/inicio\/index.php\/2026\/03\/12\/bensusan-la-pampa-es-ejemplo-nacional-sobre-como-el-estado-debe-acompanar-al-campo\/\">Bensus\u00e1n: \u201cLa Pampa es ejemplo nacional sobre c\u00f3mo el Estado debe acompa\u00f1ar al campo\u201d<\/a><\/blockquote><iframe class=\"wp-embedded-content\" sandbox=\"allow-scripts\" security=\"restricted\" style=\"position: absolute; visibility: hidden;\" title=\"\u00abBensus\u00e1n: \u201cLa Pampa es ejemplo nacional sobre c\u00f3mo el Estado debe acompa\u00f1ar al campo\u201d\u00bb \u2014 Diario Textual\" src=\"https:\/\/diariotextual.com\/inicio\/index.php\/2026\/03\/12\/bensusan-la-pampa-es-ejemplo-nacional-sobre-como-el-estado-debe-acompanar-al-campo\/embed\/#?secret=mJxnHAPd70#?secret=OlriHeYVx7\" data-secret=\"OlriHeYVx7\" width=\"600\" height=\"338\" frameborder=\"0\" marginwidth=\"0\" marginheight=\"0\" scrolling=\"no\"><\/iframe>\n<\/div><\/figure>\n\n\n\n<div style=\"height:100px\" aria-hidden=\"true\" class=\"wp-block-spacer\"><\/div>\n\n\n\n<p><strong>\u201cEl desarrollo del pa\u00eds es una construcci\u00f3n colectiva\u201d<\/strong><\/p>\n\n\n\n<p>El mandatario tambi\u00e9n remarc\u00f3 que, pese al contexto econ\u00f3mico nacional y al nivel de tasas financieras fijadas por el <strong>Banco Central<\/strong>, la Provincia contin\u00faa impulsando herramientas de financiamiento para el sector productivo.<\/p>\n\n\n\n<p>\u201cEste a\u00f1o hicimos un gran esfuerzo desde el presupuesto provincial para subsidiar tasas. El Banco de La Pampa pone lo suyo y los industriales tambi\u00e9n. El desarrollo del pa\u00eds es una construcci\u00f3n colectiva: nos salvamos todos juntos\u201d, afirm\u00f3.<\/p>\n\n\n\n<p>\u201cTrabajamos principalmente en el valor agregado al motor de la econom\u00eda pampeana, que es el campo. Por eso lo fomentamos. Esta es una muestra muy importante de la agroindustria de la provincia de La Pampa. Ayer tuvimos una venta muy grande con todas las herramientas del Banco de La Pampa y todos los industriales est\u00e1n en el stand del banco\u201d, agreg\u00f3.<\/p>\n\n\n\n<p>En relaci\u00f3n con el escenario nacional, Ziliotto reiter\u00f3 su postura sobre la necesidad de impulsar un modelo de desarrollo basado en la producci\u00f3n y el trabajo. \u201cNo hay desarrollo pleno ni socialmente justo si no es a trav\u00e9s de la producci\u00f3n y del trabajo. La Argentina tiene enormes recursos naturales y la industria es clave para agregar valor, generar empleo y dignidad\u201d, expres\u00f3.<\/p>\n\n\n\n<p>Asimismo, sostuvo que el crecimiento del interior del pa\u00eds depende de una distribuci\u00f3n m\u00e1s equilibrada de los recursos. \u201cSi no hay federalismo y desarrollo arm\u00f3nico, la Argentina dif\u00edcilmente salga de un esquema de concentraci\u00f3n de la riqueza. Necesitamos una mejor distribuci\u00f3n, y eso se logra con producci\u00f3n y trabajo\u201d, indic\u00f3.<\/p>\n\n\n\n<p>El gobernador tambi\u00e9n destac\u00f3 el desempe\u00f1o econ\u00f3mico de la Provincia en las \u00faltimas d\u00e9cadas. \u201cSeg\u00fan datos de la <strong>Comisi\u00f3n Econ\u00f3mica para Am\u00e9rica Latina y el Caribe (Cepal)<\/strong>, en los \u00faltimos 20 a\u00f1os la econom\u00eda de La Pampa creci\u00f3 un 61%, mientras que el promedio del pa\u00eds fue del 42%. Incluso en 2024, con una ca\u00edda nacional del 0,4%, La Pampa creci\u00f3 1,4%. Esto es resultado de un Estado eficiente que impulsa la sinergia p\u00fablico-privada\u201d, afirm\u00f3.<\/p>\n\n\n\n<p>Ziliotto estuvo acompa\u00f1ado por el presidente de la <strong>Agencia La Pampa de Inversiones y Comercio Exterior (I-Comex)<\/strong>, <strong>Sebasti\u00e1n Lastiri<\/strong>; el presidente del <strong>Banco de La Pampa<\/strong>, <strong>Alexis Iviglia<\/strong>; el senador nacional <strong>Daniel Bensus\u00e1n<\/strong>; y el diputado nacional <strong>Ariel Rauschenberger<\/strong>. En el marco de la exposici\u00f3n tambi\u00e9n mantuvo un encuentro con autoridades de la <strong>Confederaci\u00f3n de Asociaciones Rurales de Buenos Aires y La Pampa (Carbap)<\/strong>, encabezadas por <strong>Ignacio Kovarsky<\/strong>.<\/p>\n\n\n\n<div style=\"height:100px\" aria-hidden=\"true\" class=\"wp-block-spacer\"><\/div>\n\n\n\n<p><strong>Medidas especiales para Expoagro<\/strong><\/p>\n\n\n\n<p>En el marco de la exposici\u00f3n, el Gobierno provincial dispuso que las ventas realizadas por industrias de la Provincia durante la muestra est\u00e9n exentas del impuesto a los <strong>Ingresos Brutos<\/strong>, mientras que los cr\u00e9ditos otorgados por el <strong>Banco de La Pampa<\/strong> para inversi\u00f3n productiva no tributar\u00e1n <strong>Ingresos Brutos<\/strong> ni <strong>Impuesto de Sellos<\/strong>.<\/p>\n\n\n\n<p>Adem\u00e1s, las operaciones realizadas mediante el programa <strong>Compre Pampeano<\/strong> cuentan con condiciones especiales de financiamiento, con tasas iniciales cercanas al <strong>23% a 30 meses<\/strong> y del <strong>25% a 60 meses<\/strong>, producto de bonificaciones que reducen entre <strong>13 y 15 puntos porcentuales<\/strong> las tasas habituales. Para esta operatoria se dispuso un cupo total de <strong>12.000 millones de pesos<\/strong>.<\/p>\n\n\n\n<p>El esquema tambi\u00e9n contempla l\u00edneas espec\u00edficas para la compra de <strong>maquinaria agr\u00edcola de industria nacional<\/strong> por hasta <strong>450 millones de pesos<\/strong>, con una tasa del <strong>25% a 36 meses<\/strong>, adem\u00e1s de condiciones especiales para las operaciones que se concreten en <strong>remates de hacienda<\/strong> durante la muestra.<\/p>\n","protected":false},"excerpt":{"rendered":"<p>El gobernador Sergio Ziliotto particip\u00f3 este jueves de la edici\u00f3n 2026 de Expoagro, donde recorri\u00f3 los stands de las 24 empresas pampeanas presentes en la muestra y mantuvo reuniones con&hellip;<\/p>\n","protected":false},"author":3,"featured_media":322147,"comment_status":"closed","ping_status":"open","sticky":false,"template":"","format":"standard","meta":{"_acf_changed":false,"footnotes":""},"categories":[1,20],"tags":[],"class_list":["post-322144","post","type-post","status-publish","format-standard","has-post-thumbnail","hentry","category-es-noticia","category-campo"],"acf":[],"yoast_head":"<!-- This site is optimized with the Yoast SEO plugin v27.5 - https:\/\/yoast.com\/product\/yoast-seo-wordpress\/ -->\n<title>Ziliotto en la Expoagro: \u201cNo hay desarrollo pleno ni justo si no es a trav\u00e9s de la producci\u00f3n y el trabajo\u201d - Diario Textual<\/title>\n<meta name=\"robots\" content=\"index, follow, max-snippet:-1, max-image-preview:large, max-video-preview:-1\" \/>\n<link rel=\"canonical\" href=\"https:\/\/diariotextual.com\/inicio\/index.php\/2026\/03\/12\/ziliotto-en-la-expoagro-no-hay-desarrollo-pleno-ni-justo-si-no-es-a-traves-de-la-produccion-y-el-trabajo\/\" \/>\n<meta property=\"og:locale\" content=\"es_ES\" \/>\n<meta property=\"og:type\" content=\"article\" \/>\n<meta property=\"og:title\" content=\"Ziliotto en la Expoagro: \u201cNo hay desarrollo pleno ni justo si no es a trav\u00e9s de la producci\u00f3n y el trabajo\u201d - Diario Textual\" \/>\n<meta property=\"og:description\" content=\"El gobernador Sergio Ziliotto particip\u00f3 este jueves de la edici\u00f3n 2026 de Expoagro, donde recorri\u00f3 los stands de las 24 empresas pampeanas presentes en la muestra y mantuvo reuniones con&hellip;\" \/>\n<meta property=\"og:url\" content=\"https:\/\/diariotextual.com\/inicio\/index.php\/2026\/03\/12\/ziliotto-en-la-expoagro-no-hay-desarrollo-pleno-ni-justo-si-no-es-a-traves-de-la-produccion-y-el-trabajo\/\" \/>\n<meta property=\"og:site_name\" content=\"Diario Textual\" \/>\n<meta property=\"article:publisher\" content=\"https:\/\/www.facebook.com\/eltextual\" \/>\n<meta property=\"article:published_time\" content=\"2026-03-12T22:39:32+00:00\" \/>\n<meta property=\"article:modified_time\" content=\"2026-03-13T12:09:26+00:00\" \/>\n<meta property=\"og:image\" content=\"https:\/\/diariotextual.com\/inicio\/wp-content\/uploads\/2026\/03\/ziliottosergioexpoagro2026-10.jpg\" \/>\n\t<meta property=\"og:image:width\" content=\"1300\" \/>\n\t<meta property=\"og:image:height\" content=\"867\" \/>\n\t<meta property=\"og:image:type\" content=\"image\/jpeg\" \/>\n<meta name=\"author\" content=\"Diario1 Diario1\" \/>\n<meta name=\"twitter:card\" content=\"summary_large_image\" \/>\n<meta name=\"twitter:creator\" content=\"@eltextual\" \/>\n<meta name=\"twitter:site\" content=\"@eltextual\" \/>\n<meta name=\"twitter:label1\" content=\"Escrito por\" \/>\n\t<meta name=\"twitter:data1\" content=\"Diario1 Diario1\" \/>\n\t<meta name=\"twitter:label2\" content=\"Tiempo de lectura\" \/>\n\t<meta name=\"twitter:data2\" content=\"4 minutos\" \/>\n<script type=\"application\/ld+json\" class=\"yoast-schema-graph\">{\"@context\":\"https:\\\/\\\/schema.org\",\"@graph\":[{\"@type\":\"Article\",\"@id\":\"https:\\\/\\\/diariotextual.com\\\/inicio\\\/index.php\\\/2026\\\/03\\\/12\\\/ziliotto-en-la-expoagro-no-hay-desarrollo-pleno-ni-justo-si-no-es-a-traves-de-la-produccion-y-el-trabajo\\\/#article\",\"isPartOf\":{\"@id\":\"https:\\\/\\\/diariotextual.com\\\/inicio\\\/index.php\\\/2026\\\/03\\\/12\\\/ziliotto-en-la-expoagro-no-hay-desarrollo-pleno-ni-justo-si-no-es-a-traves-de-la-produccion-y-el-trabajo\\\/\"},\"author\":{\"name\":\"Diario1 Diario1\",\"@id\":\"https:\\\/\\\/diariotextual.com\\\/inicio\\\/#\\\/schema\\\/person\\\/418fc4093c33e86ed41562db3508f958\"},\"headline\":\"Ziliotto en la Expoagro: \u201cNo hay desarrollo pleno ni justo si no es a trav\u00e9s de la producci\u00f3n y el trabajo\u201d\",\"datePublished\":\"2026-03-12T22:39:32+00:00\",\"dateModified\":\"2026-03-13T12:09:26+00:00\",\"mainEntityOfPage\":{\"@id\":\"https:\\\/\\\/diariotextual.com\\\/inicio\\\/index.php\\\/2026\\\/03\\\/12\\\/ziliotto-en-la-expoagro-no-hay-desarrollo-pleno-ni-justo-si-no-es-a-traves-de-la-produccion-y-el-trabajo\\\/\"},\"wordCount\":813,\"publisher\":{\"@id\":\"https:\\\/\\\/diariotextual.com\\\/inicio\\\/#organization\"},\"image\":{\"@id\":\"https:\\\/\\\/diariotextual.com\\\/inicio\\\/index.php\\\/2026\\\/03\\\/12\\\/ziliotto-en-la-expoagro-no-hay-desarrollo-pleno-ni-justo-si-no-es-a-traves-de-la-produccion-y-el-trabajo\\\/#primaryimage\"},\"thumbnailUrl\":\"https:\\\/\\\/diariotextual.com\\\/inicio\\\/wp-content\\\/uploads\\\/2026\\\/03\\\/ziliottosergioexpoagro2026-10.jpg\",\"articleSection\":[\"A - ES NOTICIA (van abajo)\",\"CAMPO\"],\"inLanguage\":\"es\"},{\"@type\":\"WebPage\",\"@id\":\"https:\\\/\\\/diariotextual.com\\\/inicio\\\/index.php\\\/2026\\\/03\\\/12\\\/ziliotto-en-la-expoagro-no-hay-desarrollo-pleno-ni-justo-si-no-es-a-traves-de-la-produccion-y-el-trabajo\\\/\",\"url\":\"https:\\\/\\\/diariotextual.com\\\/inicio\\\/index.php\\\/2026\\\/03\\\/12\\\/ziliotto-en-la-expoagro-no-hay-desarrollo-pleno-ni-justo-si-no-es-a-traves-de-la-produccion-y-el-trabajo\\\/\",\"name\":\"Ziliotto en la Expoagro: \u201cNo hay desarrollo pleno ni justo si no es a trav\u00e9s de la producci\u00f3n y el trabajo\u201d - Diario Textual\",\"isPartOf\":{\"@id\":\"https:\\\/\\\/diariotextual.com\\\/inicio\\\/#website\"},\"primaryImageOfPage\":{\"@id\":\"https:\\\/\\\/diariotextual.com\\\/inicio\\\/index.php\\\/2026\\\/03\\\/12\\\/ziliotto-en-la-expoagro-no-hay-desarrollo-pleno-ni-justo-si-no-es-a-traves-de-la-produccion-y-el-trabajo\\\/#primaryimage\"},\"image\":{\"@id\":\"https:\\\/\\\/diariotextual.com\\\/inicio\\\/index.php\\\/2026\\\/03\\\/12\\\/ziliotto-en-la-expoagro-no-hay-desarrollo-pleno-ni-justo-si-no-es-a-traves-de-la-produccion-y-el-trabajo\\\/#primaryimage\"},\"thumbnailUrl\":\"https:\\\/\\\/diariotextual.com\\\/inicio\\\/wp-content\\\/uploads\\\/2026\\\/03\\\/ziliottosergioexpoagro2026-10.jpg\",\"datePublished\":\"2026-03-12T22:39:32+00:00\",\"dateModified\":\"2026-03-13T12:09:26+00:00\",\"breadcrumb\":{\"@id\":\"https:\\\/\\\/diariotextual.com\\\/inicio\\\/index.php\\\/2026\\\/03\\\/12\\\/ziliotto-en-la-expoagro-no-hay-desarrollo-pleno-ni-justo-si-no-es-a-traves-de-la-produccion-y-el-trabajo\\\/#breadcrumb\"},\"inLanguage\":\"es\",\"potentialAction\":[{\"@type\":\"ReadAction\",\"target\":[\"https:\\\/\\\/diariotextual.com\\\/inicio\\\/index.php\\\/2026\\\/03\\\/12\\\/ziliotto-en-la-expoagro-no-hay-desarrollo-pleno-ni-justo-si-no-es-a-traves-de-la-produccion-y-el-trabajo\\\/\"]}]},{\"@type\":\"ImageObject\",\"inLanguage\":\"es\",\"@id\":\"https:\\\/\\\/diariotextual.com\\\/inicio\\\/index.php\\\/2026\\\/03\\\/12\\\/ziliotto-en-la-expoagro-no-hay-desarrollo-pleno-ni-justo-si-no-es-a-traves-de-la-produccion-y-el-trabajo\\\/#primaryimage\",\"url\":\"https:\\\/\\\/diariotextual.com\\\/inicio\\\/wp-content\\\/uploads\\\/2026\\\/03\\\/ziliottosergioexpoagro2026-10.jpg\",\"contentUrl\":\"https:\\\/\\\/diariotextual.com\\\/inicio\\\/wp-content\\\/uploads\\\/2026\\\/03\\\/ziliottosergioexpoagro2026-10.jpg\",\"width\":1300,\"height\":867},{\"@type\":\"BreadcrumbList\",\"@id\":\"https:\\\/\\\/diariotextual.com\\\/inicio\\\/index.php\\\/2026\\\/03\\\/12\\\/ziliotto-en-la-expoagro-no-hay-desarrollo-pleno-ni-justo-si-no-es-a-traves-de-la-produccion-y-el-trabajo\\\/#breadcrumb\",\"itemListElement\":[{\"@type\":\"ListItem\",\"position\":1,\"name\":\"Portada\",\"item\":\"https:\\\/\\\/diariotextual.com\\\/inicio\\\/\"},{\"@type\":\"ListItem\",\"position\":2,\"name\":\"Ziliotto en la Expoagro: \u201cNo hay desarrollo pleno ni justo si no es a trav\u00e9s de la producci\u00f3n y el trabajo\u201d\"}]},{\"@type\":\"WebSite\",\"@id\":\"https:\\\/\\\/diariotextual.com\\\/inicio\\\/#website\",\"url\":\"https:\\\/\\\/diariotextual.com\\\/inicio\\\/\",\"name\":\"Diario Textual\",\"description\":\"\",\"publisher\":{\"@id\":\"https:\\\/\\\/diariotextual.com\\\/inicio\\\/#organization\"},\"potentialAction\":[{\"@type\":\"SearchAction\",\"target\":{\"@type\":\"EntryPoint\",\"urlTemplate\":\"https:\\\/\\\/diariotextual.com\\\/inicio\\\/?s={search_term_string}\"},\"query-input\":{\"@type\":\"PropertyValueSpecification\",\"valueRequired\":true,\"valueName\":\"search_term_string\"}}],\"inLanguage\":\"es\"},{\"@type\":\"Organization\",\"@id\":\"https:\\\/\\\/diariotextual.com\\\/inicio\\\/#organization\",\"name\":\"Diario Textual\",\"url\":\"https:\\\/\\\/diariotextual.com\\\/inicio\\\/\",\"logo\":{\"@type\":\"ImageObject\",\"inLanguage\":\"es\",\"@id\":\"https:\\\/\\\/diariotextual.com\\\/inicio\\\/#\\\/schema\\\/logo\\\/image\\\/\",\"url\":\"https:\\\/\\\/diariotextual.com\\\/inicio\\\/wp-content\\\/uploads\\\/2023\\\/05\\\/logotextual1.jpg\",\"contentUrl\":\"https:\\\/\\\/diariotextual.com\\\/inicio\\\/wp-content\\\/uploads\\\/2023\\\/05\\\/logotextual1.jpg\",\"width\":516,\"height\":76,\"caption\":\"Diario Textual\"},\"image\":{\"@id\":\"https:\\\/\\\/diariotextual.com\\\/inicio\\\/#\\\/schema\\\/logo\\\/image\\\/\"},\"sameAs\":[\"https:\\\/\\\/www.facebook.com\\\/eltextual\",\"https:\\\/\\\/x.com\\\/eltextual\",\"http:\\\/\\\/www.instagram.com\\\/eltextual\"]},{\"@type\":\"Person\",\"@id\":\"https:\\\/\\\/diariotextual.com\\\/inicio\\\/#\\\/schema\\\/person\\\/418fc4093c33e86ed41562db3508f958\",\"name\":\"Diario1 Diario1\",\"image\":{\"@type\":\"ImageObject\",\"inLanguage\":\"es\",\"@id\":\"https:\\\/\\\/secure.gravatar.com\\\/avatar\\\/9167d280179c85bc18be67aa7eda765854300033af4896dd779b608640f2ef7a?s=96&d=mm&r=g\",\"url\":\"https:\\\/\\\/secure.gravatar.com\\\/avatar\\\/9167d280179c85bc18be67aa7eda765854300033af4896dd779b608640f2ef7a?s=96&d=mm&r=g\",\"contentUrl\":\"https:\\\/\\\/secure.gravatar.com\\\/avatar\\\/9167d280179c85bc18be67aa7eda765854300033af4896dd779b608640f2ef7a?s=96&d=mm&r=g\",\"caption\":\"Diario1 Diario1\"},\"url\":\"https:\\\/\\\/diariotextual.com\\\/inicio\\\/index.php\\\/author\\\/diario1\\\/\"}]}<\/script>\n<!-- \/ Yoast SEO plugin. -->","yoast_head_json":{"title":"Ziliotto en la Expoagro: \u201cNo hay desarrollo pleno ni justo si no es a trav\u00e9s de la producci\u00f3n y el trabajo\u201d - Diario Textual","robots":{"index":"index","follow":"follow","max-snippet":"max-snippet:-1","max-image-preview":"max-image-preview:large","max-video-preview":"max-video-preview:-1"},"canonical":"https:\/\/diariotextual.com\/inicio\/index.php\/2026\/03\/12\/ziliotto-en-la-expoagro-no-hay-desarrollo-pleno-ni-justo-si-no-es-a-traves-de-la-produccion-y-el-trabajo\/","og_locale":"es_ES","og_type":"article","og_title":"Ziliotto en la Expoagro: \u201cNo hay desarrollo pleno ni justo si no es a trav\u00e9s de la producci\u00f3n y el trabajo\u201d - Diario Textual","og_description":"El gobernador Sergio Ziliotto particip\u00f3 este jueves de la edici\u00f3n 2026 de Expoagro, donde recorri\u00f3 los stands de las 24 empresas pampeanas presentes en la muestra y mantuvo reuniones con&hellip;","og_url":"https:\/\/diariotextual.com\/inicio\/index.php\/2026\/03\/12\/ziliotto-en-la-expoagro-no-hay-desarrollo-pleno-ni-justo-si-no-es-a-traves-de-la-produccion-y-el-trabajo\/","og_site_name":"Diario Textual","article_publisher":"https:\/\/www.facebook.com\/eltextual","article_published_time":"2026-03-12T22:39:32+00:00","article_modified_time":"2026-03-13T12:09:26+00:00","og_image":[{"width":1300,"height":867,"url":"https:\/\/diariotextual.com\/inicio\/wp-content\/uploads\/2026\/03\/ziliottosergioexpoagro2026-10.jpg","type":"image\/jpeg"}],"author":"Diario1 Diario1","twitter_card":"summary_large_image","twitter_creator":"@eltextual","twitter_site":"@eltextual","twitter_misc":{"Escrito por":"Diario1 Diario1","Tiempo de lectura":"4 minutos"},"schema":{"@context":"https:\/\/schema.org","@graph":[{"@type":"Article","@id":"https:\/\/diariotextual.com\/inicio\/index.php\/2026\/03\/12\/ziliotto-en-la-expoagro-no-hay-desarrollo-pleno-ni-justo-si-no-es-a-traves-de-la-produccion-y-el-trabajo\/#article","isPartOf":{"@id":"https:\/\/diariotextual.com\/inicio\/index.php\/2026\/03\/12\/ziliotto-en-la-expoagro-no-hay-desarrollo-pleno-ni-justo-si-no-es-a-traves-de-la-produccion-y-el-trabajo\/"},"author":{"name":"Diario1 Diario1","@id":"https:\/\/diariotextual.com\/inicio\/#\/schema\/person\/418fc4093c33e86ed41562db3508f958"},"headline":"Ziliotto en la Expoagro: \u201cNo hay desarrollo pleno ni justo si no es a trav\u00e9s de la producci\u00f3n y el trabajo\u201d","datePublished":"2026-03-12T22:39:32+00:00","dateModified":"2026-03-13T12:09:26+00:00","mainEntityOfPage":{"@id":"https:\/\/diariotextual.com\/inicio\/index.php\/2026\/03\/12\/ziliotto-en-la-expoagro-no-hay-desarrollo-pleno-ni-justo-si-no-es-a-traves-de-la-produccion-y-el-trabajo\/"},"wordCount":813,"publisher":{"@id":"https:\/\/diariotextual.com\/inicio\/#organization"},"image":{"@id":"https:\/\/diariotextual.com\/inicio\/index.php\/2026\/03\/12\/ziliotto-en-la-expoagro-no-hay-desarrollo-pleno-ni-justo-si-no-es-a-traves-de-la-produccion-y-el-trabajo\/#primaryimage"},"thumbnailUrl":"https:\/\/diariotextual.com\/inicio\/wp-content\/uploads\/2026\/03\/ziliottosergioexpoagro2026-10.jpg","articleSection":["A - ES NOTICIA (van abajo)","CAMPO"],"inLanguage":"es"},{"@type":"WebPage","@id":"https:\/\/diariotextual.com\/inicio\/index.php\/2026\/03\/12\/ziliotto-en-la-expoagro-no-hay-desarrollo-pleno-ni-justo-si-no-es-a-traves-de-la-produccion-y-el-trabajo\/","url":"https:\/\/diariotextual.com\/inicio\/index.php\/2026\/03\/12\/ziliotto-en-la-expoagro-no-hay-desarrollo-pleno-ni-justo-si-no-es-a-traves-de-la-produccion-y-el-trabajo\/","name":"Ziliotto en la Expoagro: \u201cNo hay desarrollo pleno ni justo si no es a trav\u00e9s de la producci\u00f3n y el trabajo\u201d - Diario Textual","isPartOf":{"@id":"https:\/\/diariotextual.com\/inicio\/#website"},"primaryImageOfPage":{"@id":"https:\/\/diariotextual.com\/inicio\/index.php\/2026\/03\/12\/ziliotto-en-la-expoagro-no-hay-desarrollo-pleno-ni-justo-si-no-es-a-traves-de-la-produccion-y-el-trabajo\/#primaryimage"},"image":{"@id":"https:\/\/diariotextual.com\/inicio\/index.php\/2026\/03\/12\/ziliotto-en-la-expoagro-no-hay-desarrollo-pleno-ni-justo-si-no-es-a-traves-de-la-produccion-y-el-trabajo\/#primaryimage"},"thumbnailUrl":"https:\/\/diariotextual.com\/inicio\/wp-content\/uploads\/2026\/03\/ziliottosergioexpoagro2026-10.jpg","datePublished":"2026-03-12T22:39:32+00:00","dateModified":"2026-03-13T12:09:26+00:00","breadcrumb":{"@id":"https:\/\/diariotextual.com\/inicio\/index.php\/2026\/03\/12\/ziliotto-en-la-expoagro-no-hay-desarrollo-pleno-ni-justo-si-no-es-a-traves-de-la-produccion-y-el-trabajo\/#breadcrumb"},"inLanguage":"es","potentialAction":[{"@type":"ReadAction","target":["https:\/\/diariotextual.com\/inicio\/index.php\/2026\/03\/12\/ziliotto-en-la-expoagro-no-hay-desarrollo-pleno-ni-justo-si-no-es-a-traves-de-la-produccion-y-el-trabajo\/"]}]},{"@type":"ImageObject","inLanguage":"es","@id":"https:\/\/diariotextual.com\/inicio\/index.php\/2026\/03\/12\/ziliotto-en-la-expoagro-no-hay-desarrollo-pleno-ni-justo-si-no-es-a-traves-de-la-produccion-y-el-trabajo\/#primaryimage","url":"https:\/\/diariotextual.com\/inicio\/wp-content\/uploads\/2026\/03\/ziliottosergioexpoagro2026-10.jpg","contentUrl":"https:\/\/diariotextual.com\/inicio\/wp-content\/uploads\/2026\/03\/ziliottosergioexpoagro2026-10.jpg","width":1300,"height":867},{"@type":"BreadcrumbList","@id":"https:\/\/diariotextual.com\/inicio\/index.php\/2026\/03\/12\/ziliotto-en-la-expoagro-no-hay-desarrollo-pleno-ni-justo-si-no-es-a-traves-de-la-produccion-y-el-trabajo\/#breadcrumb","itemListElement":[{"@type":"ListItem","position":1,"name":"Portada","item":"https:\/\/diariotextual.com\/inicio\/"},{"@type":"ListItem","position":2,"name":"Ziliotto en la Expoagro: \u201cNo hay desarrollo pleno ni justo si no es a trav\u00e9s de la producci\u00f3n y el trabajo\u201d"}]},{"@type":"WebSite","@id":"https:\/\/diariotextual.com\/inicio\/#website","url":"https:\/\/diariotextual.com\/inicio\/","name":"Diario Textual","description":"","publisher":{"@id":"https:\/\/diariotextual.com\/inicio\/#organization"},"potentialAction":[{"@type":"SearchAction","target":{"@type":"EntryPoint","urlTemplate":"https:\/\/diariotextual.com\/inicio\/?s={search_term_string}"},"query-input":{"@type":"PropertyValueSpecification","valueRequired":true,"valueName":"search_term_string"}}],"inLanguage":"es"},{"@type":"Organization","@id":"https:\/\/diariotextual.com\/inicio\/#organization","name":"Diario Textual","url":"https:\/\/diariotextual.com\/inicio\/","logo":{"@type":"ImageObject","inLanguage":"es","@id":"https:\/\/diariotextual.com\/inicio\/#\/schema\/logo\/image\/","url":"https:\/\/diariotextual.com\/inicio\/wp-content\/uploads\/2023\/05\/logotextual1.jpg","contentUrl":"https:\/\/diariotextual.com\/inicio\/wp-content\/uploads\/2023\/05\/logotextual1.jpg","width":516,"height":76,"caption":"Diario Textual"},"image":{"@id":"https:\/\/diariotextual.com\/inicio\/#\/schema\/logo\/image\/"},"sameAs":["https:\/\/www.facebook.com\/eltextual","https:\/\/x.com\/eltextual","http:\/\/www.instagram.com\/eltextual"]},{"@type":"Person","@id":"https:\/\/diariotextual.com\/inicio\/#\/schema\/person\/418fc4093c33e86ed41562db3508f958","name":"Diario1 Diario1","image":{"@type":"ImageObject","inLanguage":"es","@id":"https:\/\/secure.gravatar.com\/avatar\/9167d280179c85bc18be67aa7eda765854300033af4896dd779b608640f2ef7a?s=96&d=mm&r=g","url":"https:\/\/secure.gravatar.com\/avatar\/9167d280179c85bc18be67aa7eda765854300033af4896dd779b608640f2ef7a?s=96&d=mm&r=g","contentUrl":"https:\/\/secure.gravatar.com\/avatar\/9167d280179c85bc18be67aa7eda765854300033af4896dd779b608640f2ef7a?s=96&d=mm&r=g","caption":"Diario1 Diario1"},"url":"https:\/\/diariotextual.com\/inicio\/index.php\/author\/diario1\/"}]}},"_links":{"self":[{"href":"https:\/\/diariotextual.com\/inicio\/index.php\/wp-json\/wp\/v2\/posts\/322144","targetHints":{"allow":["GET"]}}],"collection":[{"href":"https:\/\/diariotextual.com\/inicio\/index.php\/wp-json\/wp\/v2\/posts"}],"about":[{"href":"https:\/\/diariotextual.com\/inicio\/index.php\/wp-json\/wp\/v2\/types\/post"}],"author":[{"embeddable":true,"href":"https:\/\/diariotextual.com\/inicio\/index.php\/wp-json\/wp\/v2\/users\/3"}],"replies":[{"embeddable":true,"href":"https:\/\/diariotextual.com\/inicio\/index.php\/wp-json\/wp\/v2\/comments?post=322144"}],"version-history":[{"count":3,"href":"https:\/\/diariotextual.com\/inicio\/index.php\/wp-json\/wp\/v2\/posts\/322144\/revisions"}],"predecessor-version":[{"id":322151,"href":"https:\/\/diariotextual.com\/inicio\/index.php\/wp-json\/wp\/v2\/posts\/322144\/revisions\/322151"}],"wp:featuredmedia":[{"embeddable":true,"href":"https:\/\/diariotextual.com\/inicio\/index.php\/wp-json\/wp\/v2\/media\/322147"}],"wp:attachment":[{"href":"https:\/\/diariotextual.com\/inicio\/index.php\/wp-json\/wp\/v2\/media?parent=322144"}],"wp:term":[{"taxonomy":"category","embeddable":true,"href":"https:\/\/diariotextual.com\/inicio\/index.php\/wp-json\/wp\/v2\/categories?post=322144"},{"taxonomy":"post_tag","embeddable":true,"href":"https:\/\/diariotextual.com\/inicio\/index.php\/wp-json\/wp\/v2\/tags?post=322144"}],"curies":[{"name":"wp","href":"https:\/\/api.w.org\/{rel}","templated":true}]}}