{"id":322148,"date":"2026-03-12T19:45:40","date_gmt":"2026-03-12T22:45:40","guid":{"rendered":"https:\/\/diariotextual.com\/inicio\/?p=322148"},"modified":"2026-03-13T06:34:56","modified_gmt":"2026-03-13T09:34:56","slug":"bensusan-la-pampa-es-ejemplo-nacional-sobre-como-el-estado-debe-acompanar-al-campo","status":"publish","type":"post","link":"https:\/\/diariotextual.com\/inicio\/index.php\/2026\/03\/12\/bensusan-la-pampa-es-ejemplo-nacional-sobre-como-el-estado-debe-acompanar-al-campo\/","title":{"rendered":"Bensus\u00e1n: \u201cLa Pampa es ejemplo nacional sobre c\u00f3mo el Estado debe acompa\u00f1ar al campo\u201d"},"content":{"rendered":"\n<p>El senador <strong>Daniel Bensus\u00e1n <\/strong>puso de ejemplo a La Pampa de c\u00f3mo deber\u00eda ser la relaci\u00f3n del Estado con el campo. <strong>\u201cDebe existir un compromiso concreto, que vaya m\u00e1s all\u00e1 de las palabras, como el que lleva adelante el Gobierno de La Pampa, que reconoce a este sector productivo y lo acompa\u00f1a con medidas reales, a trav\u00e9s de beneficios fiscales y financiamiento en las rondas de negocios\u201d, <\/strong>dijo.<\/p>\n\n\n\n<p>El legislador nacional,<strong> <a href=\"https:\/\/diariotextual.com\/inicio\/index.php\/2026\/03\/12\/ziliotto-en-la-expoagro-no-hay-desarrollo-pleno-ni-justo-si-no-es-a-traves-de-la-produccion-y-el-trabajo\/\" target=\"_blank\" rel=\"noreferrer noopener\">junto a otros legisladores, y acompa\u00f1\u00f3 al gobernador Sergio Ziliotto en la tradicional muestra agroindustrial Expoagro 2026. <\/a><\/strong>\u201cEs f\u00e1cil para algunos pol\u00edticos venir una vez, sacarse una foto y hacer declaraciones grandilocuentes, como varios funcionarios libertarios que recorren estas muestras. En nuestra provincia tenemos una tradici\u00f3n de cuatro d\u00e9cadas que avala, a trav\u00e9s de medidas reales y sostenidas en el tiempo, un modelo de acompa\u00f1amiento mediante pol\u00edticas p\u00fablicas y un banco que las concreta\u201d, a\u00f1adi\u00f3.<\/p>\n\n\n\n<p>Bensus\u00e1n redobl\u00f3 la apuesta contra el presidente Javier Milei. \u201cMilei hizo su campa\u00f1a presidencial prometiendo una eliminaci\u00f3n total de retenciones al campo y, hasta el momento, solo fueron parciales. El verdadero esfuerzo, para estar presentes junto a los sectores productivos, lo hacen los gobiernos de las provincias\u201d, dijo.<\/p>\n\n\n\n<figure class=\"wp-block-embed is-type-wp-embed is-provider-diario-textual wp-block-embed-diario-textual\"><div class=\"wp-block-embed__wrapper\">\n<blockquote class=\"wp-embedded-content\" data-secret=\"IJ357ZPbn4\"><a href=\"https:\/\/diariotextual.com\/inicio\/index.php\/2026\/03\/12\/ziliotto-en-la-expoagro-no-hay-desarrollo-pleno-ni-justo-si-no-es-a-traves-de-la-produccion-y-el-trabajo\/\">Ziliotto en la Expoagro: \u201cNo hay desarrollo pleno ni justo si no es a trav\u00e9s de la producci\u00f3n y el trabajo\u201d<\/a><\/blockquote><iframe class=\"wp-embedded-content\" sandbox=\"allow-scripts\" security=\"restricted\" style=\"position: absolute; visibility: hidden;\" title=\"\u00abZiliotto en la Expoagro: \u201cNo hay desarrollo pleno ni justo si no es a trav\u00e9s de la producci\u00f3n y el trabajo\u201d\u00bb \u2014 Diario Textual\" src=\"https:\/\/diariotextual.com\/inicio\/index.php\/2026\/03\/12\/ziliotto-en-la-expoagro-no-hay-desarrollo-pleno-ni-justo-si-no-es-a-traves-de-la-produccion-y-el-trabajo\/embed\/#?secret=bvJi3mKI4g#?secret=IJ357ZPbn4\" data-secret=\"IJ357ZPbn4\" width=\"600\" height=\"338\" frameborder=\"0\" marginwidth=\"0\" marginheight=\"0\" scrolling=\"no\"><\/iframe>\n<\/div><\/figure>\n\n\n\n<p>\u201cDefender al campo pampeano no significa solo acompa\u00f1ar a quienes producen, sino comprender que detr\u00e1s de cada actividad productiva hay familias, pueblos y oportunidades de desarrollo para toda la provincia. El crecimiento de La Pampa depende de fortalecer estas cadenas productivas, agregando valor a la producci\u00f3n y generando m\u00e1s industria local\u201d, concluy\u00f3.<\/p>\n\n\n\n<p><\/p>\n","protected":false},"excerpt":{"rendered":"<p>El senador Daniel Bensus\u00e1n puso de ejemplo a La Pampa de c\u00f3mo deber\u00eda ser la relaci\u00f3n del Estado con el campo. \u201cDebe existir un compromiso concreto, que vaya m\u00e1s all\u00e1&hellip;<\/p>\n","protected":false},"author":3,"featured_media":322149,"comment_status":"closed","ping_status":"open","sticky":false,"template":"","format":"standard","meta":{"_acf_changed":false,"footnotes":""},"categories":[1,20],"tags":[],"class_list":["post-322148","post","type-post","status-publish","format-standard","has-post-thumbnail","hentry","category-es-noticia","category-campo"],"acf":[],"yoast_head":"<!-- This site is optimized with the Yoast SEO plugin v27.5 - https:\/\/yoast.com\/product\/yoast-seo-wordpress\/ -->\n<title>Bensus\u00e1n: \u201cLa Pampa es ejemplo nacional sobre c\u00f3mo el Estado debe acompa\u00f1ar al campo\u201d - Diario Textual<\/title>\n<meta name=\"robots\" content=\"index, follow, max-snippet:-1, max-image-preview:large, max-video-preview:-1\" \/>\n<link rel=\"canonical\" href=\"https:\/\/diariotextual.com\/inicio\/index.php\/2026\/03\/12\/bensusan-la-pampa-es-ejemplo-nacional-sobre-como-el-estado-debe-acompanar-al-campo\/\" \/>\n<meta property=\"og:locale\" content=\"es_ES\" \/>\n<meta property=\"og:type\" content=\"article\" \/>\n<meta property=\"og:title\" content=\"Bensus\u00e1n: \u201cLa Pampa es ejemplo nacional sobre c\u00f3mo el Estado debe acompa\u00f1ar al campo\u201d - Diario Textual\" \/>\n<meta property=\"og:description\" content=\"El senador Daniel Bensus\u00e1n puso de ejemplo a La Pampa de c\u00f3mo deber\u00eda ser la relaci\u00f3n del Estado con el campo. \u201cDebe existir un compromiso concreto, que vaya m\u00e1s all\u00e1&hellip;\" \/>\n<meta property=\"og:url\" content=\"https:\/\/diariotextual.com\/inicio\/index.php\/2026\/03\/12\/bensusan-la-pampa-es-ejemplo-nacional-sobre-como-el-estado-debe-acompanar-al-campo\/\" \/>\n<meta property=\"og:site_name\" content=\"Diario Textual\" \/>\n<meta property=\"article:publisher\" content=\"https:\/\/www.facebook.com\/eltextual\" \/>\n<meta property=\"article:published_time\" content=\"2026-03-12T22:45:40+00:00\" \/>\n<meta property=\"article:modified_time\" content=\"2026-03-13T09:34:56+00:00\" \/>\n<meta property=\"og:image\" content=\"https:\/\/diariotextual.com\/inicio\/wp-content\/uploads\/2026\/03\/ziliottosergiobensusandanielexpoagro2026-2.jpg\" \/>\n\t<meta property=\"og:image:width\" content=\"1200\" \/>\n\t<meta property=\"og:image:height\" content=\"800\" \/>\n\t<meta property=\"og:image:type\" content=\"image\/jpeg\" \/>\n<meta name=\"author\" content=\"Diario1 Diario1\" \/>\n<meta name=\"twitter:card\" content=\"summary_large_image\" \/>\n<meta name=\"twitter:creator\" content=\"@eltextual\" \/>\n<meta name=\"twitter:site\" content=\"@eltextual\" \/>\n<meta name=\"twitter:label1\" content=\"Escrito por\" \/>\n\t<meta name=\"twitter:data1\" content=\"Diario1 Diario1\" \/>\n\t<meta name=\"twitter:label2\" content=\"Tiempo de lectura\" \/>\n\t<meta name=\"twitter:data2\" content=\"2 minutos\" \/>\n<script type=\"application\/ld+json\" class=\"yoast-schema-graph\">{\"@context\":\"https:\\\/\\\/schema.org\",\"@graph\":[{\"@type\":\"Article\",\"@id\":\"https:\\\/\\\/diariotextual.com\\\/inicio\\\/index.php\\\/2026\\\/03\\\/12\\\/bensusan-la-pampa-es-ejemplo-nacional-sobre-como-el-estado-debe-acompanar-al-campo\\\/#article\",\"isPartOf\":{\"@id\":\"https:\\\/\\\/diariotextual.com\\\/inicio\\\/index.php\\\/2026\\\/03\\\/12\\\/bensusan-la-pampa-es-ejemplo-nacional-sobre-como-el-estado-debe-acompanar-al-campo\\\/\"},\"author\":{\"name\":\"Diario1 Diario1\",\"@id\":\"https:\\\/\\\/diariotextual.com\\\/inicio\\\/#\\\/schema\\\/person\\\/418fc4093c33e86ed41562db3508f958\"},\"headline\":\"Bensus\u00e1n: \u201cLa Pampa es ejemplo nacional sobre c\u00f3mo el Estado debe acompa\u00f1ar al campo\u201d\",\"datePublished\":\"2026-03-12T22:45:40+00:00\",\"dateModified\":\"2026-03-13T09:34:56+00:00\",\"mainEntityOfPage\":{\"@id\":\"https:\\\/\\\/diariotextual.com\\\/inicio\\\/index.php\\\/2026\\\/03\\\/12\\\/bensusan-la-pampa-es-ejemplo-nacional-sobre-como-el-estado-debe-acompanar-al-campo\\\/\"},\"wordCount\":292,\"publisher\":{\"@id\":\"https:\\\/\\\/diariotextual.com\\\/inicio\\\/#organization\"},\"image\":{\"@id\":\"https:\\\/\\\/diariotextual.com\\\/inicio\\\/index.php\\\/2026\\\/03\\\/12\\\/bensusan-la-pampa-es-ejemplo-nacional-sobre-como-el-estado-debe-acompanar-al-campo\\\/#primaryimage\"},\"thumbnailUrl\":\"https:\\\/\\\/diariotextual.com\\\/inicio\\\/wp-content\\\/uploads\\\/2026\\\/03\\\/ziliottosergiobensusandanielexpoagro2026-2.jpg\",\"articleSection\":[\"A - ES NOTICIA (van abajo)\",\"CAMPO\"],\"inLanguage\":\"es\"},{\"@type\":\"WebPage\",\"@id\":\"https:\\\/\\\/diariotextual.com\\\/inicio\\\/index.php\\\/2026\\\/03\\\/12\\\/bensusan-la-pampa-es-ejemplo-nacional-sobre-como-el-estado-debe-acompanar-al-campo\\\/\",\"url\":\"https:\\\/\\\/diariotextual.com\\\/inicio\\\/index.php\\\/2026\\\/03\\\/12\\\/bensusan-la-pampa-es-ejemplo-nacional-sobre-como-el-estado-debe-acompanar-al-campo\\\/\",\"name\":\"Bensus\u00e1n: \u201cLa Pampa es ejemplo nacional sobre c\u00f3mo el Estado debe acompa\u00f1ar al campo\u201d - Diario Textual\",\"isPartOf\":{\"@id\":\"https:\\\/\\\/diariotextual.com\\\/inicio\\\/#website\"},\"primaryImageOfPage\":{\"@id\":\"https:\\\/\\\/diariotextual.com\\\/inicio\\\/index.php\\\/2026\\\/03\\\/12\\\/bensusan-la-pampa-es-ejemplo-nacional-sobre-como-el-estado-debe-acompanar-al-campo\\\/#primaryimage\"},\"image\":{\"@id\":\"https:\\\/\\\/diariotextual.com\\\/inicio\\\/index.php\\\/2026\\\/03\\\/12\\\/bensusan-la-pampa-es-ejemplo-nacional-sobre-como-el-estado-debe-acompanar-al-campo\\\/#primaryimage\"},\"thumbnailUrl\":\"https:\\\/\\\/diariotextual.com\\\/inicio\\\/wp-content\\\/uploads\\\/2026\\\/03\\\/ziliottosergiobensusandanielexpoagro2026-2.jpg\",\"datePublished\":\"2026-03-12T22:45:40+00:00\",\"dateModified\":\"2026-03-13T09:34:56+00:00\",\"breadcrumb\":{\"@id\":\"https:\\\/\\\/diariotextual.com\\\/inicio\\\/index.php\\\/2026\\\/03\\\/12\\\/bensusan-la-pampa-es-ejemplo-nacional-sobre-como-el-estado-debe-acompanar-al-campo\\\/#breadcrumb\"},\"inLanguage\":\"es\",\"potentialAction\":[{\"@type\":\"ReadAction\",\"target\":[\"https:\\\/\\\/diariotextual.com\\\/inicio\\\/index.php\\\/2026\\\/03\\\/12\\\/bensusan-la-pampa-es-ejemplo-nacional-sobre-como-el-estado-debe-acompanar-al-campo\\\/\"]}]},{\"@type\":\"ImageObject\",\"inLanguage\":\"es\",\"@id\":\"https:\\\/\\\/diariotextual.com\\\/inicio\\\/index.php\\\/2026\\\/03\\\/12\\\/bensusan-la-pampa-es-ejemplo-nacional-sobre-como-el-estado-debe-acompanar-al-campo\\\/#primaryimage\",\"url\":\"https:\\\/\\\/diariotextual.com\\\/inicio\\\/wp-content\\\/uploads\\\/2026\\\/03\\\/ziliottosergiobensusandanielexpoagro2026-2.jpg\",\"contentUrl\":\"https:\\\/\\\/diariotextual.com\\\/inicio\\\/wp-content\\\/uploads\\\/2026\\\/03\\\/ziliottosergiobensusandanielexpoagro2026-2.jpg\",\"width\":1200,\"height\":800},{\"@type\":\"BreadcrumbList\",\"@id\":\"https:\\\/\\\/diariotextual.com\\\/inicio\\\/index.php\\\/2026\\\/03\\\/12\\\/bensusan-la-pampa-es-ejemplo-nacional-sobre-como-el-estado-debe-acompanar-al-campo\\\/#breadcrumb\",\"itemListElement\":[{\"@type\":\"ListItem\",\"position\":1,\"name\":\"Portada\",\"item\":\"https:\\\/\\\/diariotextual.com\\\/inicio\\\/\"},{\"@type\":\"ListItem\",\"position\":2,\"name\":\"Bensus\u00e1n: \u201cLa Pampa es ejemplo nacional sobre c\u00f3mo el Estado debe acompa\u00f1ar al campo\u201d\"}]},{\"@type\":\"WebSite\",\"@id\":\"https:\\\/\\\/diariotextual.com\\\/inicio\\\/#website\",\"url\":\"https:\\\/\\\/diariotextual.com\\\/inicio\\\/\",\"name\":\"Diario Textual\",\"description\":\"\",\"publisher\":{\"@id\":\"https:\\\/\\\/diariotextual.com\\\/inicio\\\/#organization\"},\"potentialAction\":[{\"@type\":\"SearchAction\",\"target\":{\"@type\":\"EntryPoint\",\"urlTemplate\":\"https:\\\/\\\/diariotextual.com\\\/inicio\\\/?s={search_term_string}\"},\"query-input\":{\"@type\":\"PropertyValueSpecification\",\"valueRequired\":true,\"valueName\":\"search_term_string\"}}],\"inLanguage\":\"es\"},{\"@type\":\"Organization\",\"@id\":\"https:\\\/\\\/diariotextual.com\\\/inicio\\\/#organization\",\"name\":\"Diario Textual\",\"url\":\"https:\\\/\\\/diariotextual.com\\\/inicio\\\/\",\"logo\":{\"@type\":\"ImageObject\",\"inLanguage\":\"es\",\"@id\":\"https:\\\/\\\/diariotextual.com\\\/inicio\\\/#\\\/schema\\\/logo\\\/image\\\/\",\"url\":\"https:\\\/\\\/diariotextual.com\\\/inicio\\\/wp-content\\\/uploads\\\/2023\\\/05\\\/logotextual1.jpg\",\"contentUrl\":\"https:\\\/\\\/diariotextual.com\\\/inicio\\\/wp-content\\\/uploads\\\/2023\\\/05\\\/logotextual1.jpg\",\"width\":516,\"height\":76,\"caption\":\"Diario Textual\"},\"image\":{\"@id\":\"https:\\\/\\\/diariotextual.com\\\/inicio\\\/#\\\/schema\\\/logo\\\/image\\\/\"},\"sameAs\":[\"https:\\\/\\\/www.facebook.com\\\/eltextual\",\"https:\\\/\\\/x.com\\\/eltextual\",\"http:\\\/\\\/www.instagram.com\\\/eltextual\"]},{\"@type\":\"Person\",\"@id\":\"https:\\\/\\\/diariotextual.com\\\/inicio\\\/#\\\/schema\\\/person\\\/418fc4093c33e86ed41562db3508f958\",\"name\":\"Diario1 Diario1\",\"image\":{\"@type\":\"ImageObject\",\"inLanguage\":\"es\",\"@id\":\"https:\\\/\\\/secure.gravatar.com\\\/avatar\\\/9167d280179c85bc18be67aa7eda765854300033af4896dd779b608640f2ef7a?s=96&d=mm&r=g\",\"url\":\"https:\\\/\\\/secure.gravatar.com\\\/avatar\\\/9167d280179c85bc18be67aa7eda765854300033af4896dd779b608640f2ef7a?s=96&d=mm&r=g\",\"contentUrl\":\"https:\\\/\\\/secure.gravatar.com\\\/avatar\\\/9167d280179c85bc18be67aa7eda765854300033af4896dd779b608640f2ef7a?s=96&d=mm&r=g\",\"caption\":\"Diario1 Diario1\"},\"url\":\"https:\\\/\\\/diariotextual.com\\\/inicio\\\/index.php\\\/author\\\/diario1\\\/\"}]}<\/script>\n<!-- \/ Yoast SEO plugin. -->","yoast_head_json":{"title":"Bensus\u00e1n: \u201cLa Pampa es ejemplo nacional sobre c\u00f3mo el Estado debe acompa\u00f1ar al campo\u201d - Diario Textual","robots":{"index":"index","follow":"follow","max-snippet":"max-snippet:-1","max-image-preview":"max-image-preview:large","max-video-preview":"max-video-preview:-1"},"canonical":"https:\/\/diariotextual.com\/inicio\/index.php\/2026\/03\/12\/bensusan-la-pampa-es-ejemplo-nacional-sobre-como-el-estado-debe-acompanar-al-campo\/","og_locale":"es_ES","og_type":"article","og_title":"Bensus\u00e1n: \u201cLa Pampa es ejemplo nacional sobre c\u00f3mo el Estado debe acompa\u00f1ar al campo\u201d - Diario Textual","og_description":"El senador Daniel Bensus\u00e1n puso de ejemplo a La Pampa de c\u00f3mo deber\u00eda ser la relaci\u00f3n del Estado con el campo. \u201cDebe existir un compromiso concreto, que vaya m\u00e1s all\u00e1&hellip;","og_url":"https:\/\/diariotextual.com\/inicio\/index.php\/2026\/03\/12\/bensusan-la-pampa-es-ejemplo-nacional-sobre-como-el-estado-debe-acompanar-al-campo\/","og_site_name":"Diario Textual","article_publisher":"https:\/\/www.facebook.com\/eltextual","article_published_time":"2026-03-12T22:45:40+00:00","article_modified_time":"2026-03-13T09:34:56+00:00","og_image":[{"width":1200,"height":800,"url":"https:\/\/diariotextual.com\/inicio\/wp-content\/uploads\/2026\/03\/ziliottosergiobensusandanielexpoagro2026-2.jpg","type":"image\/jpeg"}],"author":"Diario1 Diario1","twitter_card":"summary_large_image","twitter_creator":"@eltextual","twitter_site":"@eltextual","twitter_misc":{"Escrito por":"Diario1 Diario1","Tiempo de lectura":"2 minutos"},"schema":{"@context":"https:\/\/schema.org","@graph":[{"@type":"Article","@id":"https:\/\/diariotextual.com\/inicio\/index.php\/2026\/03\/12\/bensusan-la-pampa-es-ejemplo-nacional-sobre-como-el-estado-debe-acompanar-al-campo\/#article","isPartOf":{"@id":"https:\/\/diariotextual.com\/inicio\/index.php\/2026\/03\/12\/bensusan-la-pampa-es-ejemplo-nacional-sobre-como-el-estado-debe-acompanar-al-campo\/"},"author":{"name":"Diario1 Diario1","@id":"https:\/\/diariotextual.com\/inicio\/#\/schema\/person\/418fc4093c33e86ed41562db3508f958"},"headline":"Bensus\u00e1n: \u201cLa Pampa es ejemplo nacional sobre c\u00f3mo el Estado debe acompa\u00f1ar al campo\u201d","datePublished":"2026-03-12T22:45:40+00:00","dateModified":"2026-03-13T09:34:56+00:00","mainEntityOfPage":{"@id":"https:\/\/diariotextual.com\/inicio\/index.php\/2026\/03\/12\/bensusan-la-pampa-es-ejemplo-nacional-sobre-como-el-estado-debe-acompanar-al-campo\/"},"wordCount":292,"publisher":{"@id":"https:\/\/diariotextual.com\/inicio\/#organization"},"image":{"@id":"https:\/\/diariotextual.com\/inicio\/index.php\/2026\/03\/12\/bensusan-la-pampa-es-ejemplo-nacional-sobre-como-el-estado-debe-acompanar-al-campo\/#primaryimage"},"thumbnailUrl":"https:\/\/diariotextual.com\/inicio\/wp-content\/uploads\/2026\/03\/ziliottosergiobensusandanielexpoagro2026-2.jpg","articleSection":["A - ES NOTICIA (van abajo)","CAMPO"],"inLanguage":"es"},{"@type":"WebPage","@id":"https:\/\/diariotextual.com\/inicio\/index.php\/2026\/03\/12\/bensusan-la-pampa-es-ejemplo-nacional-sobre-como-el-estado-debe-acompanar-al-campo\/","url":"https:\/\/diariotextual.com\/inicio\/index.php\/2026\/03\/12\/bensusan-la-pampa-es-ejemplo-nacional-sobre-como-el-estado-debe-acompanar-al-campo\/","name":"Bensus\u00e1n: \u201cLa Pampa es ejemplo nacional sobre c\u00f3mo el Estado debe acompa\u00f1ar al campo\u201d - Diario Textual","isPartOf":{"@id":"https:\/\/diariotextual.com\/inicio\/#website"},"primaryImageOfPage":{"@id":"https:\/\/diariotextual.com\/inicio\/index.php\/2026\/03\/12\/bensusan-la-pampa-es-ejemplo-nacional-sobre-como-el-estado-debe-acompanar-al-campo\/#primaryimage"},"image":{"@id":"https:\/\/diariotextual.com\/inicio\/index.php\/2026\/03\/12\/bensusan-la-pampa-es-ejemplo-nacional-sobre-como-el-estado-debe-acompanar-al-campo\/#primaryimage"},"thumbnailUrl":"https:\/\/diariotextual.com\/inicio\/wp-content\/uploads\/2026\/03\/ziliottosergiobensusandanielexpoagro2026-2.jpg","datePublished":"2026-03-12T22:45:40+00:00","dateModified":"2026-03-13T09:34:56+00:00","breadcrumb":{"@id":"https:\/\/diariotextual.com\/inicio\/index.php\/2026\/03\/12\/bensusan-la-pampa-es-ejemplo-nacional-sobre-como-el-estado-debe-acompanar-al-campo\/#breadcrumb"},"inLanguage":"es","potentialAction":[{"@type":"ReadAction","target":["https:\/\/diariotextual.com\/inicio\/index.php\/2026\/03\/12\/bensusan-la-pampa-es-ejemplo-nacional-sobre-como-el-estado-debe-acompanar-al-campo\/"]}]},{"@type":"ImageObject","inLanguage":"es","@id":"https:\/\/diariotextual.com\/inicio\/index.php\/2026\/03\/12\/bensusan-la-pampa-es-ejemplo-nacional-sobre-como-el-estado-debe-acompanar-al-campo\/#primaryimage","url":"https:\/\/diariotextual.com\/inicio\/wp-content\/uploads\/2026\/03\/ziliottosergiobensusandanielexpoagro2026-2.jpg","contentUrl":"https:\/\/diariotextual.com\/inicio\/wp-content\/uploads\/2026\/03\/ziliottosergiobensusandanielexpoagro2026-2.jpg","width":1200,"height":800},{"@type":"BreadcrumbList","@id":"https:\/\/diariotextual.com\/inicio\/index.php\/2026\/03\/12\/bensusan-la-pampa-es-ejemplo-nacional-sobre-como-el-estado-debe-acompanar-al-campo\/#breadcrumb","itemListElement":[{"@type":"ListItem","position":1,"name":"Portada","item":"https:\/\/diariotextual.com\/inicio\/"},{"@type":"ListItem","position":2,"name":"Bensus\u00e1n: \u201cLa Pampa es ejemplo nacional sobre c\u00f3mo el Estado debe acompa\u00f1ar al campo\u201d"}]},{"@type":"WebSite","@id":"https:\/\/diariotextual.com\/inicio\/#website","url":"https:\/\/diariotextual.com\/inicio\/","name":"Diario Textual","description":"","publisher":{"@id":"https:\/\/diariotextual.com\/inicio\/#organization"},"potentialAction":[{"@type":"SearchAction","target":{"@type":"EntryPoint","urlTemplate":"https:\/\/diariotextual.com\/inicio\/?s={search_term_string}"},"query-input":{"@type":"PropertyValueSpecification","valueRequired":true,"valueName":"search_term_string"}}],"inLanguage":"es"},{"@type":"Organization","@id":"https:\/\/diariotextual.com\/inicio\/#organization","name":"Diario Textual","url":"https:\/\/diariotextual.com\/inicio\/","logo":{"@type":"ImageObject","inLanguage":"es","@id":"https:\/\/diariotextual.com\/inicio\/#\/schema\/logo\/image\/","url":"https:\/\/diariotextual.com\/inicio\/wp-content\/uploads\/2023\/05\/logotextual1.jpg","contentUrl":"https:\/\/diariotextual.com\/inicio\/wp-content\/uploads\/2023\/05\/logotextual1.jpg","width":516,"height":76,"caption":"Diario Textual"},"image":{"@id":"https:\/\/diariotextual.com\/inicio\/#\/schema\/logo\/image\/"},"sameAs":["https:\/\/www.facebook.com\/eltextual","https:\/\/x.com\/eltextual","http:\/\/www.instagram.com\/eltextual"]},{"@type":"Person","@id":"https:\/\/diariotextual.com\/inicio\/#\/schema\/person\/418fc4093c33e86ed41562db3508f958","name":"Diario1 Diario1","image":{"@type":"ImageObject","inLanguage":"es","@id":"https:\/\/secure.gravatar.com\/avatar\/9167d280179c85bc18be67aa7eda765854300033af4896dd779b608640f2ef7a?s=96&d=mm&r=g","url":"https:\/\/secure.gravatar.com\/avatar\/9167d280179c85bc18be67aa7eda765854300033af4896dd779b608640f2ef7a?s=96&d=mm&r=g","contentUrl":"https:\/\/secure.gravatar.com\/avatar\/9167d280179c85bc18be67aa7eda765854300033af4896dd779b608640f2ef7a?s=96&d=mm&r=g","caption":"Diario1 Diario1"},"url":"https:\/\/diariotextual.com\/inicio\/index.php\/author\/diario1\/"}]}},"_links":{"self":[{"href":"https:\/\/diariotextual.com\/inicio\/index.php\/wp-json\/wp\/v2\/posts\/322148","targetHints":{"allow":["GET"]}}],"collection":[{"href":"https:\/\/diariotextual.com\/inicio\/index.php\/wp-json\/wp\/v2\/posts"}],"about":[{"href":"https:\/\/diariotextual.com\/inicio\/index.php\/wp-json\/wp\/v2\/types\/post"}],"author":[{"embeddable":true,"href":"https:\/\/diariotextual.com\/inicio\/index.php\/wp-json\/wp\/v2\/users\/3"}],"replies":[{"embeddable":true,"href":"https:\/\/diariotextual.com\/inicio\/index.php\/wp-json\/wp\/v2\/comments?post=322148"}],"version-history":[{"count":1,"href":"https:\/\/diariotextual.com\/inicio\/index.php\/wp-json\/wp\/v2\/posts\/322148\/revisions"}],"predecessor-version":[{"id":322150,"href":"https:\/\/diariotextual.com\/inicio\/index.php\/wp-json\/wp\/v2\/posts\/322148\/revisions\/322150"}],"wp:featuredmedia":[{"embeddable":true,"href":"https:\/\/diariotextual.com\/inicio\/index.php\/wp-json\/wp\/v2\/media\/322149"}],"wp:attachment":[{"href":"https:\/\/diariotextual.com\/inicio\/index.php\/wp-json\/wp\/v2\/media?parent=322148"}],"wp:term":[{"taxonomy":"category","embeddable":true,"href":"https:\/\/diariotextual.com\/inicio\/index.php\/wp-json\/wp\/v2\/categories?post=322148"},{"taxonomy":"post_tag","embeddable":true,"href":"https:\/\/diariotextual.com\/inicio\/index.php\/wp-json\/wp\/v2\/tags?post=322148"}],"curies":[{"name":"wp","href":"https:\/\/api.w.org\/{rel}","templated":true}]}}