{"id":322166,"date":"2026-03-13T05:55:52","date_gmt":"2026-03-13T08:55:52","guid":{"rendered":"https:\/\/diariotextual.com\/inicio\/?p=322166"},"modified":"2026-03-14T09:14:56","modified_gmt":"2026-03-14T12:14:56","slug":"es-un-costo-marginal-ravier-se-inmola-por-los-viajes-de-adorni-y-en-las-redes-no-se-lo-perdonan","status":"publish","type":"post","link":"https:\/\/diariotextual.com\/inicio\/index.php\/2026\/03\/13\/es-un-costo-marginal-ravier-se-inmola-por-los-viajes-de-adorni-y-en-las-redes-no-se-lo-perdonan\/","title":{"rendered":"\u201cEs un costo marginal\u201d: Ravier se inmola por los viajes de Adorni y en las redes no se lo perdonan"},"content":{"rendered":"\n<p>El referente de La Libertad Avanza de La Pampa,<strong> Adri\u00e1n Ravier<\/strong>, se puso en el rol de docente de econom\u00eda e<strong> intent\u00f3 validar el curioso argumento <\/strong>del presidente <strong>Javier Milei <\/strong>para defender al jefe de Gabinete, <strong>Manuel Adorni<\/strong>, luego de la pol\u00e9mica generada por el viaje de su esposa,<strong> Bettina Angeletti<\/strong>, a <strong>Estados Unidos a bordo del avi\u00f3n presidencial<\/strong>:<strong> no se detuvo en analizar si se trat\u00f3 de un problema \u00e9tico o moral o de un delito de incumplimiento de los deberes de funcionario p\u00fablico, sino que dijo que no hubo un costo extra en el viaje de la pareja de Adorni.<\/strong> Adem\u00e1s, <strong>no mencion\u00f3 ni una palabra sobre la otra pol\u00e9mica: el viaje en avi\u00f3n privado que Adorni y familia hicieron a Punta del Este, presuntamente pagado -seg\u00fan revel\u00f3 un amigo- con dinero del Estado<\/strong>.<\/p>\n\n\n\n<p><strong>\u00bfQu\u00e9 dijo Ravier para defender a \u201cla casta\u201d? <\/strong>\u201cHubo cr\u00edticas medi\u00e1ticas porque la esposa de Manuel Adorni viaj\u00f3 en el avi\u00f3n presidencial a Nueva York. Vale aclarar algo b\u00e1sico de econom\u00eda que muchas veces se ignora: el costo marginal. El costo marginal es el costo adicional de sumar una unidad m\u00e1s a algo que ya est\u00e1 ocurriendo\u201d, escribi\u00f3 en su cuenta de X, que en pocas horas recibi\u00f3 500 respuestas, la mayor\u00eda en contra. <strong>\u201cSi el avi\u00f3n presidencial ya ten\u00eda que volar, ya ten\u00eda tripulaci\u00f3n, ya ten\u00eda combustible cargado para ese trayecto, y ya estaba autorizado para despegar, entonces agregar un pasajero m\u00e1s no cambia pr\u00e1cticamente nada del costo del vuelo\u201d<\/strong>, agreg\u00f3.<\/p>\n\n\n\n<p>\u201cEl avi\u00f3n no consume m\u00e1s combustible relevante por una persona adicional, no requiere otra tripulaci\u00f3n, ni otro vuelo. Por lo tanto, el costo marginal de ese pasajero extra es esencialmente cero. <strong>Esto no es una cuesti\u00f3n ideol\u00f3gica, es un concepto b\u00e1sico de econom\u00eda que se ense\u00f1a en cualquier curso introductorio. <\/strong>Podr\u00e1n discutirse criterios pol\u00edticos, simb\u00f3licos o de comunicaci\u00f3n p\u00fablica, pero presentarlo como si hubiera implicado un gasto adicional para el Estado es, desde el punto de vista econ\u00f3mico, incorrecto. Antes de amplificar indignaci\u00f3n, conviene entender c\u00f3mo funcionan realmente los costos\u201d, sostuvo. <\/p>\n\n\n\n<p>Pero <strong>su intento de defensa fue desarticulado r\u00e1pidamente: recibi\u00f3 unos 500 comentarios, la mayor\u00eda en contra.<\/strong> Tambi\u00e9n recibi\u00f3 cr\u00edticas por lo bajo de su propia tropa.<strong> \u201cEs otra burrada del &#8216;Porte\u00f1o&#8217;\u201d,<\/strong> se burlaron desde las propias filas de LLA La Pampa en di\u00e1logo con<strong> Diario Textual<\/strong>.<\/p>\n\n\n\n<div style=\"height:100px\" aria-hidden=\"true\" class=\"wp-block-spacer\"><\/div>\n\n\n\n<p><strong>Bancando los trapos<\/strong><\/p>\n\n\n\n<p>Ayer, Adorni agradeci\u00f3 p\u00fablicamente el apoyo recibido por parte del Gobierno, incluido el del presidente Javier Milei y la secretaria general de la Presidencia, Karina Milei.<\/p>\n\n\n\n<p>Las expresiones de apoyo se dieron en medio de la escalada de cr\u00edticas por el viaje de Angeletti en el avi\u00f3n presidencial, una pol\u00e9mica que volvi\u00f3 a instalar el debate sobre el uso de recursos del Estado en los traslados de funcionarios durante misiones oficiales.<\/p>\n\n\n\n<p>Por lo pronto, m\u00e1s all\u00e1 de la defensa de Milei, Ravier y otros libertarios,<strong> la Justicia abri\u00f3 este jueves la primera investigaci\u00f3n por los viajes de Manuel Adorni con su esposa a Nueva York y Punta del Este. <\/strong>Debe determinar si incumpli\u00f3 con los deberes de funcionario p\u00fablico.<\/p>\n\n\n\n<p>La controversia comenz\u00f3 luego de que se conociera que Angeletti hab\u00eda viajado junto al funcionario en la aeronave oficial durante su visita a&nbsp;<strong>Estados Unidos<\/strong>, donde particip\u00f3 del evento&nbsp;<strong>Argentina Week<\/strong>, que se desarroll\u00f3 entre el 9 y el 12 de marzo.<\/p>\n\n\n\n<p>En declaraciones televisivas,&nbsp;<strong>Adorni confirm\u00f3 la presencia de su pareja en el avi\u00f3n&nbsp;<\/strong>y explic\u00f3 que el viaje no implic\u00f3 un costo adicional para el Estado. \u201cMi mujer estaba en el avi\u00f3n presidencial\u201d, se\u00f1al\u00f3 el jefe de Gabinete, quien detall\u00f3 que su esposa ya ten\u00eda previsto viajar a Miami, aunque el plan hab\u00eda sido postergado.<\/p>\n\n\n\n<p>Seg\u00fan relat\u00f3, la decisi\u00f3n de que lo acompa\u00f1ara surgi\u00f3 luego de una modificaci\u00f3n en su agenda oficial. \u201cMi mujer iba a viajar el 26 de febrero a Miami, pero despu\u00e9s hubo un cambio en el viaje y yo quer\u00eda que me acompa\u00f1e. Presidencia la invit\u00f3\u201d, explic\u00f3.<\/p>\n\n\n\n<p>El funcionario tambi\u00e9n remarc\u00f3 que el traslado no represent\u00f3 un gasto extra. \u201cVengo a deslomarme una semana o cinco d\u00edas a Estados Unidos y yo quer\u00eda que mi esposa me acompa\u00f1e porque es mi compa\u00f1era de vida. No le sacamos un peso al Estado\u201d, sostuvo.<\/p>\n\n\n\n<p>Luego de las cr\u00edticas que se multiplicaron en redes sociales y en algunos sectores de la oposici\u00f3n,&nbsp;<strong>Adorni public\u00f3 un mensaje en sus redes sociales<\/strong>&nbsp;en el que reconoci\u00f3 que utiliz\u00f3 una expresi\u00f3n desafortunada durante la entrevista.<\/p>\n\n\n\n<p>\u201cUno puede decir alguna palabra o frase desafortunada en un vivo, s\u00ed. Me ha ocurrido muchas veces. La palabra no debi\u00f3 ser \u2018deslomarse\u2019. Somos humanos y cometemos errores\u201d, escribi\u00f3 el funcionario.<\/p>\n\n\n\n<p><strong><br>El propio presidente Milei sali\u00f3 a respaldar p\u00fablicamente a su jefe de Gabinete<\/strong>&nbsp;y cuestion\u00f3 las cr\u00edticas por el episodio. \u201cSi muchos sectores supieran el concepto de costo marginal tendr\u00edan claro que muchas cosas que se dicen no tienen ni el m\u00e1s m\u00ednimo sentido\u201d, escribi\u00f3 el mandatario en sus redes sociales. \u201cPero como pocos economistas lo entienden de verdad y a otros rubro no les importa (ni lo captan) entonces ensucian\u2026 \u00c1nimo\u201d, agreg\u00f3 el presidente.<\/p>\n\n\n\n<div style=\"height:100px\" aria-hidden=\"true\" class=\"wp-block-spacer\"><\/div>\n\n\n\n<p><strong>El viaje a Punta, con \u201cla tuya\u201d<\/strong><\/p>\n\n\n\n<p>El periodista <strong>Marcelo Grandio<\/strong>, conductor de la TV P\u00fablica, <strong>sali\u00f3 en defensa del jefe de Gabinete por el vuelo privado a Punta del Este pero lo termin\u00f3 hundiendo al decir que \u201clo pag\u00f3 con plata del Estado\u201d.<\/strong><\/p>\n\n\n\n<p>Aunque Adorni hab\u00eda dicho que no hablar\u00eda del tema por tratarse de su vida privada, Grandio asumi\u00f3 la defensa y dio varias entrevistas en las que termin\u00f3 dando unas explicaciones un tanto llamativas y no hizo m\u00e1s que agrandar las dudas.<strong> \u201c\u00c9l pag\u00f3 sus 4 pasajes y pag\u00f3 3.600 d\u00f3lares y yo pagu\u00e9 800 d\u00f3lares\u201d,<\/strong> repiti\u00f3 Grandio en las entrevistas, siempre en referencia al tramo de ida. Pero Adorni y familia tambi\u00e9n volvieron en avi\u00f3n privado, con lo que la cifra que abon\u00f3 el funcionario es mucho mayor.<\/p>\n\n\n\n<p>\u201cLo invit\u00e9 a mi casa porque hac\u00eda dos a\u00f1os no se iba vacaciones. Le dije vamos en el taxi avi\u00f3n, no pasa nada\u201d, dijo en <strong>La Naci\u00f3n +<\/strong>. <strong>\u201cLo pag\u00f3 \u00e9l con plata del Estado, me lo pag\u00f3 a m\u00ed y tengo el recibo, yo le pagu\u00e9 a la compa\u00f1\u00eda\u201d,<\/strong> coment\u00f3, aunque poco antes hab\u00eda dicho que \u201cpag\u00f3 con su plata, no con plata del Estado\u201d.<\/p>\n\n\n\n<div style=\"height:100px\" aria-hidden=\"true\" class=\"wp-block-spacer\"><\/div>\n\n\n\n<p><strong>Los comentarios que \u201cmatan\u201d a Ravier<\/strong><\/p>\n\n\n\n<p>Estos son algunos de los m\u00e1s de 500 comentarios en contra que tiene en X:<\/p>\n\n\n\n<p><em>-Adrian, no quieras tapar el sol con la mano. Hicieron campa\u00f1a en contra de la casta y de los privilegios. \u00bfY venis a hablar de costo marginal? Ir en el avi\u00f3n presidencial no siendo funcionario, es un privilegio. Criticalo ahora..<\/em><\/p>\n\n\n\n<p><em>-Pregunta: la esposa de Adorni era la \u00fanica Argentina q ten\u00eda\/quer\u00eda viajar a New York?! Porque me parece una excelente pol\u00edtica de Gobierno eso del Costo Marginal para darle la posibilidad a cualquier ciudadano Argentino a aprovechar los vuelos presidenciales y viajar en el Tango.<\/em><\/p>\n\n\n\n<p><em>-Claro. Entonces con ese criterio yo puedo subirme gratis a cualquier avi\u00f3n que salga, total igual ese avi\u00f3n ten\u00eda q viajar! Una persona m\u00e1s, o sea yo, no cambia la ecuaci\u00f3n.<\/em><\/p>\n\n\n\n<p><em>-En esta no estoy de acuerdo. No ser\u00e1 un costo econ\u00f3mico pero es un dilema moral. Si no implica un gasto extra para el Estado y existen asientos vac\u00edos, \u00bfpor qu\u00e9 no hacer un sorteo entre los 40 millones de argentinos a ver qui\u00e9n tiene la suerte de ser un beneficiario neto y viajar a NY ? Los errores hay que marcarlos sino somos lo mismo que criticamos.<\/em><\/p>\n\n\n\n<p><em>-Tanta teor\u00eda y la mayor\u00eda de la clase laburadora no llega a fin de mes, gobiernan solo para un sector y lo mas jodido es que no se avispan ni tampoco quieren escuchar a la gente,<\/em><\/p>\n\n\n\n<p><em>-No es un tema de costos Adri\u00e1n. Es un tema \u00e9tico y moral. Es dar el ejemplo. Gestiones anteriores usaban el avi\u00f3n presidencial de taxi, se hac\u00edan hasta traer el diario. Siempre se critic\u00f3. Llevar a tu mujer, aunque no implique costo extra para nadie, est\u00e1 mal.<\/em><\/p>\n\n\n\n<p><em>-Sos economista??? Un ser humano, no es unidad productiva. Porque no viajo un periodista, otro funcionario, un empresario en lugar de la mujer de Adormi. Aca no se aplica costo marginal, crack. Que se producia?. Este caso es costo de oportunidad, crack.<\/em><\/p>\n\n\n\n<p><em>-Todo eso es cierto. La pregunta es por qu\u00e9 la esposa de un funcionario y no otra persona no? Amen de que contra esto dec\u00edan luchar, o no?<\/em><\/p>\n\n\n\n<p><em>-Contame @AdrianRavier, hay habitaciones vac\u00edas en la Quinta Presidencial de Olivos? &nbsp;Seguro que habr\u00e1 mucha gente deslom\u00e1ndose y sin poder pagar un alquiler, que estar\u00e1 encantada de ocupar esos espacios con un costo marginal cero, como el del avi\u00f3n presidencial.<\/em><\/p>\n\n\n\n<p><em>-El concepto para el derecho es otro, se tipifica como incumpliendo de funcionario p\u00fablico y violaci\u00f3n de la ley de \u00e9tica p\u00fablica. Tu costo marginal tipifica un delito. Fin-.<\/em><\/p>\n\n\n\n<p><em>-El costo marginal aplica muy bien a la producci\u00f3n, pero no a los bienes del Estado. \u00bfQui\u00e9n decide qui\u00e9n y c\u00f3mo accede a ellos? \u00bfCu\u00e1l es el costo marginal de romper la regla que determina el acceso? Hagans\u00e9 un favor y dejen de repetir esta boludez, est\u00e1n quedando muy brutos. Se levanta Hayek y los trompea a todos.<\/em><\/p>\n\n\n\n<p><\/p>\n","protected":false},"excerpt":{"rendered":"<p>El referente de La Libertad Avanza de La Pampa, Adri\u00e1n Ravier, se puso en el rol de docente de econom\u00eda e intent\u00f3 validar el curioso argumento del presidente Javier Milei&hellip;<\/p>\n","protected":false},"author":3,"featured_media":229668,"comment_status":"closed","ping_status":"open","sticky":false,"template":"","format":"standard","meta":{"_acf_changed":false,"footnotes":""},"categories":[1,11,8],"tags":[],"class_list":["post-322166","post","type-post","status-publish","format-standard","has-post-thumbnail","hentry","category-es-noticia","category-que-pasa","category-politica"],"acf":[],"yoast_head":"<!-- This site is optimized with the Yoast SEO plugin v27.5 - https:\/\/yoast.com\/product\/yoast-seo-wordpress\/ -->\n<title>\u201cEs un costo marginal\u201d: Ravier se inmola por los viajes de Adorni y en las redes no se lo perdonan - Diario Textual<\/title>\n<meta name=\"robots\" content=\"index, follow, max-snippet:-1, max-image-preview:large, max-video-preview:-1\" \/>\n<link rel=\"canonical\" href=\"https:\/\/diariotextual.com\/inicio\/index.php\/2026\/03\/13\/es-un-costo-marginal-ravier-se-inmola-por-los-viajes-de-adorni-y-en-las-redes-no-se-lo-perdonan\/\" \/>\n<meta property=\"og:locale\" content=\"es_ES\" \/>\n<meta property=\"og:type\" content=\"article\" \/>\n<meta property=\"og:title\" content=\"\u201cEs un costo marginal\u201d: Ravier se inmola por los viajes de Adorni y en las redes no se lo perdonan - Diario Textual\" \/>\n<meta property=\"og:description\" content=\"El referente de La Libertad Avanza de La Pampa, Adri\u00e1n Ravier, se puso en el rol de docente de econom\u00eda e intent\u00f3 validar el curioso argumento del presidente Javier Milei&hellip;\" \/>\n<meta property=\"og:url\" content=\"https:\/\/diariotextual.com\/inicio\/index.php\/2026\/03\/13\/es-un-costo-marginal-ravier-se-inmola-por-los-viajes-de-adorni-y-en-las-redes-no-se-lo-perdonan\/\" \/>\n<meta property=\"og:site_name\" content=\"Diario Textual\" \/>\n<meta property=\"article:publisher\" content=\"https:\/\/www.facebook.com\/eltextual\" \/>\n<meta property=\"article:published_time\" content=\"2026-03-13T08:55:52+00:00\" \/>\n<meta property=\"article:modified_time\" content=\"2026-03-14T12:14:56+00:00\" \/>\n<meta property=\"og:image\" content=\"https:\/\/diariotextual.com\/inicio\/wp-content\/uploads\/2023\/06\/ravieradrian2023-2.jpg\" \/>\n\t<meta property=\"og:image:width\" content=\"1100\" \/>\n\t<meta property=\"og:image:height\" content=\"658\" \/>\n\t<meta property=\"og:image:type\" content=\"image\/jpeg\" \/>\n<meta name=\"author\" content=\"Diario1 Diario1\" \/>\n<meta name=\"twitter:card\" content=\"summary_large_image\" \/>\n<meta name=\"twitter:creator\" content=\"@eltextual\" \/>\n<meta name=\"twitter:site\" content=\"@eltextual\" \/>\n<meta name=\"twitter:label1\" content=\"Escrito por\" \/>\n\t<meta name=\"twitter:data1\" content=\"Diario1 Diario1\" \/>\n\t<meta name=\"twitter:label2\" content=\"Tiempo de lectura\" \/>\n\t<meta name=\"twitter:data2\" content=\"8 minutos\" \/>\n<script type=\"application\/ld+json\" class=\"yoast-schema-graph\">{\"@context\":\"https:\\\/\\\/schema.org\",\"@graph\":[{\"@type\":\"Article\",\"@id\":\"https:\\\/\\\/diariotextual.com\\\/inicio\\\/index.php\\\/2026\\\/03\\\/13\\\/es-un-costo-marginal-ravier-se-inmola-por-los-viajes-de-adorni-y-en-las-redes-no-se-lo-perdonan\\\/#article\",\"isPartOf\":{\"@id\":\"https:\\\/\\\/diariotextual.com\\\/inicio\\\/index.php\\\/2026\\\/03\\\/13\\\/es-un-costo-marginal-ravier-se-inmola-por-los-viajes-de-adorni-y-en-las-redes-no-se-lo-perdonan\\\/\"},\"author\":{\"name\":\"Diario1 Diario1\",\"@id\":\"https:\\\/\\\/diariotextual.com\\\/inicio\\\/#\\\/schema\\\/person\\\/418fc4093c33e86ed41562db3508f958\"},\"headline\":\"\u201cEs un costo marginal\u201d: Ravier se inmola por los viajes de Adorni y en las redes no se lo perdonan\",\"datePublished\":\"2026-03-13T08:55:52+00:00\",\"dateModified\":\"2026-03-14T12:14:56+00:00\",\"mainEntityOfPage\":{\"@id\":\"https:\\\/\\\/diariotextual.com\\\/inicio\\\/index.php\\\/2026\\\/03\\\/13\\\/es-un-costo-marginal-ravier-se-inmola-por-los-viajes-de-adorni-y-en-las-redes-no-se-lo-perdonan\\\/\"},\"wordCount\":1662,\"publisher\":{\"@id\":\"https:\\\/\\\/diariotextual.com\\\/inicio\\\/#organization\"},\"image\":{\"@id\":\"https:\\\/\\\/diariotextual.com\\\/inicio\\\/index.php\\\/2026\\\/03\\\/13\\\/es-un-costo-marginal-ravier-se-inmola-por-los-viajes-de-adorni-y-en-las-redes-no-se-lo-perdonan\\\/#primaryimage\"},\"thumbnailUrl\":\"https:\\\/\\\/diariotextual.com\\\/inicio\\\/wp-content\\\/uploads\\\/2023\\\/06\\\/ravieradrian2023-2.jpg\",\"articleSection\":[\"A - ES NOTICIA (van abajo)\",\"A - QUE PASA (al costado)\",\"POLITICA\"],\"inLanguage\":\"es\"},{\"@type\":\"WebPage\",\"@id\":\"https:\\\/\\\/diariotextual.com\\\/inicio\\\/index.php\\\/2026\\\/03\\\/13\\\/es-un-costo-marginal-ravier-se-inmola-por-los-viajes-de-adorni-y-en-las-redes-no-se-lo-perdonan\\\/\",\"url\":\"https:\\\/\\\/diariotextual.com\\\/inicio\\\/index.php\\\/2026\\\/03\\\/13\\\/es-un-costo-marginal-ravier-se-inmola-por-los-viajes-de-adorni-y-en-las-redes-no-se-lo-perdonan\\\/\",\"name\":\"\u201cEs un costo marginal\u201d: Ravier se inmola por los viajes de Adorni y en las redes no se lo perdonan - Diario Textual\",\"isPartOf\":{\"@id\":\"https:\\\/\\\/diariotextual.com\\\/inicio\\\/#website\"},\"primaryImageOfPage\":{\"@id\":\"https:\\\/\\\/diariotextual.com\\\/inicio\\\/index.php\\\/2026\\\/03\\\/13\\\/es-un-costo-marginal-ravier-se-inmola-por-los-viajes-de-adorni-y-en-las-redes-no-se-lo-perdonan\\\/#primaryimage\"},\"image\":{\"@id\":\"https:\\\/\\\/diariotextual.com\\\/inicio\\\/index.php\\\/2026\\\/03\\\/13\\\/es-un-costo-marginal-ravier-se-inmola-por-los-viajes-de-adorni-y-en-las-redes-no-se-lo-perdonan\\\/#primaryimage\"},\"thumbnailUrl\":\"https:\\\/\\\/diariotextual.com\\\/inicio\\\/wp-content\\\/uploads\\\/2023\\\/06\\\/ravieradrian2023-2.jpg\",\"datePublished\":\"2026-03-13T08:55:52+00:00\",\"dateModified\":\"2026-03-14T12:14:56+00:00\",\"breadcrumb\":{\"@id\":\"https:\\\/\\\/diariotextual.com\\\/inicio\\\/index.php\\\/2026\\\/03\\\/13\\\/es-un-costo-marginal-ravier-se-inmola-por-los-viajes-de-adorni-y-en-las-redes-no-se-lo-perdonan\\\/#breadcrumb\"},\"inLanguage\":\"es\",\"potentialAction\":[{\"@type\":\"ReadAction\",\"target\":[\"https:\\\/\\\/diariotextual.com\\\/inicio\\\/index.php\\\/2026\\\/03\\\/13\\\/es-un-costo-marginal-ravier-se-inmola-por-los-viajes-de-adorni-y-en-las-redes-no-se-lo-perdonan\\\/\"]}]},{\"@type\":\"ImageObject\",\"inLanguage\":\"es\",\"@id\":\"https:\\\/\\\/diariotextual.com\\\/inicio\\\/index.php\\\/2026\\\/03\\\/13\\\/es-un-costo-marginal-ravier-se-inmola-por-los-viajes-de-adorni-y-en-las-redes-no-se-lo-perdonan\\\/#primaryimage\",\"url\":\"https:\\\/\\\/diariotextual.com\\\/inicio\\\/wp-content\\\/uploads\\\/2023\\\/06\\\/ravieradrian2023-2.jpg\",\"contentUrl\":\"https:\\\/\\\/diariotextual.com\\\/inicio\\\/wp-content\\\/uploads\\\/2023\\\/06\\\/ravieradrian2023-2.jpg\",\"width\":1100,\"height\":658},{\"@type\":\"BreadcrumbList\",\"@id\":\"https:\\\/\\\/diariotextual.com\\\/inicio\\\/index.php\\\/2026\\\/03\\\/13\\\/es-un-costo-marginal-ravier-se-inmola-por-los-viajes-de-adorni-y-en-las-redes-no-se-lo-perdonan\\\/#breadcrumb\",\"itemListElement\":[{\"@type\":\"ListItem\",\"position\":1,\"name\":\"Portada\",\"item\":\"https:\\\/\\\/diariotextual.com\\\/inicio\\\/\"},{\"@type\":\"ListItem\",\"position\":2,\"name\":\"\u201cEs un costo marginal\u201d: Ravier se inmola por los viajes de Adorni y en las redes no se lo perdonan\"}]},{\"@type\":\"WebSite\",\"@id\":\"https:\\\/\\\/diariotextual.com\\\/inicio\\\/#website\",\"url\":\"https:\\\/\\\/diariotextual.com\\\/inicio\\\/\",\"name\":\"Diario Textual\",\"description\":\"\",\"publisher\":{\"@id\":\"https:\\\/\\\/diariotextual.com\\\/inicio\\\/#organization\"},\"potentialAction\":[{\"@type\":\"SearchAction\",\"target\":{\"@type\":\"EntryPoint\",\"urlTemplate\":\"https:\\\/\\\/diariotextual.com\\\/inicio\\\/?s={search_term_string}\"},\"query-input\":{\"@type\":\"PropertyValueSpecification\",\"valueRequired\":true,\"valueName\":\"search_term_string\"}}],\"inLanguage\":\"es\"},{\"@type\":\"Organization\",\"@id\":\"https:\\\/\\\/diariotextual.com\\\/inicio\\\/#organization\",\"name\":\"Diario Textual\",\"url\":\"https:\\\/\\\/diariotextual.com\\\/inicio\\\/\",\"logo\":{\"@type\":\"ImageObject\",\"inLanguage\":\"es\",\"@id\":\"https:\\\/\\\/diariotextual.com\\\/inicio\\\/#\\\/schema\\\/logo\\\/image\\\/\",\"url\":\"https:\\\/\\\/diariotextual.com\\\/inicio\\\/wp-content\\\/uploads\\\/2023\\\/05\\\/logotextual1.jpg\",\"contentUrl\":\"https:\\\/\\\/diariotextual.com\\\/inicio\\\/wp-content\\\/uploads\\\/2023\\\/05\\\/logotextual1.jpg\",\"width\":516,\"height\":76,\"caption\":\"Diario Textual\"},\"image\":{\"@id\":\"https:\\\/\\\/diariotextual.com\\\/inicio\\\/#\\\/schema\\\/logo\\\/image\\\/\"},\"sameAs\":[\"https:\\\/\\\/www.facebook.com\\\/eltextual\",\"https:\\\/\\\/x.com\\\/eltextual\",\"http:\\\/\\\/www.instagram.com\\\/eltextual\"]},{\"@type\":\"Person\",\"@id\":\"https:\\\/\\\/diariotextual.com\\\/inicio\\\/#\\\/schema\\\/person\\\/418fc4093c33e86ed41562db3508f958\",\"name\":\"Diario1 Diario1\",\"image\":{\"@type\":\"ImageObject\",\"inLanguage\":\"es\",\"@id\":\"https:\\\/\\\/secure.gravatar.com\\\/avatar\\\/9167d280179c85bc18be67aa7eda765854300033af4896dd779b608640f2ef7a?s=96&d=mm&r=g\",\"url\":\"https:\\\/\\\/secure.gravatar.com\\\/avatar\\\/9167d280179c85bc18be67aa7eda765854300033af4896dd779b608640f2ef7a?s=96&d=mm&r=g\",\"contentUrl\":\"https:\\\/\\\/secure.gravatar.com\\\/avatar\\\/9167d280179c85bc18be67aa7eda765854300033af4896dd779b608640f2ef7a?s=96&d=mm&r=g\",\"caption\":\"Diario1 Diario1\"},\"url\":\"https:\\\/\\\/diariotextual.com\\\/inicio\\\/index.php\\\/author\\\/diario1\\\/\"}]}<\/script>\n<!-- \/ Yoast SEO plugin. -->","yoast_head_json":{"title":"\u201cEs un costo marginal\u201d: Ravier se inmola por los viajes de Adorni y en las redes no se lo perdonan - Diario Textual","robots":{"index":"index","follow":"follow","max-snippet":"max-snippet:-1","max-image-preview":"max-image-preview:large","max-video-preview":"max-video-preview:-1"},"canonical":"https:\/\/diariotextual.com\/inicio\/index.php\/2026\/03\/13\/es-un-costo-marginal-ravier-se-inmola-por-los-viajes-de-adorni-y-en-las-redes-no-se-lo-perdonan\/","og_locale":"es_ES","og_type":"article","og_title":"\u201cEs un costo marginal\u201d: Ravier se inmola por los viajes de Adorni y en las redes no se lo perdonan - Diario Textual","og_description":"El referente de La Libertad Avanza de La Pampa, Adri\u00e1n Ravier, se puso en el rol de docente de econom\u00eda e intent\u00f3 validar el curioso argumento del presidente Javier Milei&hellip;","og_url":"https:\/\/diariotextual.com\/inicio\/index.php\/2026\/03\/13\/es-un-costo-marginal-ravier-se-inmola-por-los-viajes-de-adorni-y-en-las-redes-no-se-lo-perdonan\/","og_site_name":"Diario Textual","article_publisher":"https:\/\/www.facebook.com\/eltextual","article_published_time":"2026-03-13T08:55:52+00:00","article_modified_time":"2026-03-14T12:14:56+00:00","og_image":[{"width":1100,"height":658,"url":"https:\/\/diariotextual.com\/inicio\/wp-content\/uploads\/2023\/06\/ravieradrian2023-2.jpg","type":"image\/jpeg"}],"author":"Diario1 Diario1","twitter_card":"summary_large_image","twitter_creator":"@eltextual","twitter_site":"@eltextual","twitter_misc":{"Escrito por":"Diario1 Diario1","Tiempo de lectura":"8 minutos"},"schema":{"@context":"https:\/\/schema.org","@graph":[{"@type":"Article","@id":"https:\/\/diariotextual.com\/inicio\/index.php\/2026\/03\/13\/es-un-costo-marginal-ravier-se-inmola-por-los-viajes-de-adorni-y-en-las-redes-no-se-lo-perdonan\/#article","isPartOf":{"@id":"https:\/\/diariotextual.com\/inicio\/index.php\/2026\/03\/13\/es-un-costo-marginal-ravier-se-inmola-por-los-viajes-de-adorni-y-en-las-redes-no-se-lo-perdonan\/"},"author":{"name":"Diario1 Diario1","@id":"https:\/\/diariotextual.com\/inicio\/#\/schema\/person\/418fc4093c33e86ed41562db3508f958"},"headline":"\u201cEs un costo marginal\u201d: Ravier se inmola por los viajes de Adorni y en las redes no se lo perdonan","datePublished":"2026-03-13T08:55:52+00:00","dateModified":"2026-03-14T12:14:56+00:00","mainEntityOfPage":{"@id":"https:\/\/diariotextual.com\/inicio\/index.php\/2026\/03\/13\/es-un-costo-marginal-ravier-se-inmola-por-los-viajes-de-adorni-y-en-las-redes-no-se-lo-perdonan\/"},"wordCount":1662,"publisher":{"@id":"https:\/\/diariotextual.com\/inicio\/#organization"},"image":{"@id":"https:\/\/diariotextual.com\/inicio\/index.php\/2026\/03\/13\/es-un-costo-marginal-ravier-se-inmola-por-los-viajes-de-adorni-y-en-las-redes-no-se-lo-perdonan\/#primaryimage"},"thumbnailUrl":"https:\/\/diariotextual.com\/inicio\/wp-content\/uploads\/2023\/06\/ravieradrian2023-2.jpg","articleSection":["A - ES NOTICIA (van abajo)","A - QUE PASA (al costado)","POLITICA"],"inLanguage":"es"},{"@type":"WebPage","@id":"https:\/\/diariotextual.com\/inicio\/index.php\/2026\/03\/13\/es-un-costo-marginal-ravier-se-inmola-por-los-viajes-de-adorni-y-en-las-redes-no-se-lo-perdonan\/","url":"https:\/\/diariotextual.com\/inicio\/index.php\/2026\/03\/13\/es-un-costo-marginal-ravier-se-inmola-por-los-viajes-de-adorni-y-en-las-redes-no-se-lo-perdonan\/","name":"\u201cEs un costo marginal\u201d: Ravier se inmola por los viajes de Adorni y en las redes no se lo perdonan - Diario Textual","isPartOf":{"@id":"https:\/\/diariotextual.com\/inicio\/#website"},"primaryImageOfPage":{"@id":"https:\/\/diariotextual.com\/inicio\/index.php\/2026\/03\/13\/es-un-costo-marginal-ravier-se-inmola-por-los-viajes-de-adorni-y-en-las-redes-no-se-lo-perdonan\/#primaryimage"},"image":{"@id":"https:\/\/diariotextual.com\/inicio\/index.php\/2026\/03\/13\/es-un-costo-marginal-ravier-se-inmola-por-los-viajes-de-adorni-y-en-las-redes-no-se-lo-perdonan\/#primaryimage"},"thumbnailUrl":"https:\/\/diariotextual.com\/inicio\/wp-content\/uploads\/2023\/06\/ravieradrian2023-2.jpg","datePublished":"2026-03-13T08:55:52+00:00","dateModified":"2026-03-14T12:14:56+00:00","breadcrumb":{"@id":"https:\/\/diariotextual.com\/inicio\/index.php\/2026\/03\/13\/es-un-costo-marginal-ravier-se-inmola-por-los-viajes-de-adorni-y-en-las-redes-no-se-lo-perdonan\/#breadcrumb"},"inLanguage":"es","potentialAction":[{"@type":"ReadAction","target":["https:\/\/diariotextual.com\/inicio\/index.php\/2026\/03\/13\/es-un-costo-marginal-ravier-se-inmola-por-los-viajes-de-adorni-y-en-las-redes-no-se-lo-perdonan\/"]}]},{"@type":"ImageObject","inLanguage":"es","@id":"https:\/\/diariotextual.com\/inicio\/index.php\/2026\/03\/13\/es-un-costo-marginal-ravier-se-inmola-por-los-viajes-de-adorni-y-en-las-redes-no-se-lo-perdonan\/#primaryimage","url":"https:\/\/diariotextual.com\/inicio\/wp-content\/uploads\/2023\/06\/ravieradrian2023-2.jpg","contentUrl":"https:\/\/diariotextual.com\/inicio\/wp-content\/uploads\/2023\/06\/ravieradrian2023-2.jpg","width":1100,"height":658},{"@type":"BreadcrumbList","@id":"https:\/\/diariotextual.com\/inicio\/index.php\/2026\/03\/13\/es-un-costo-marginal-ravier-se-inmola-por-los-viajes-de-adorni-y-en-las-redes-no-se-lo-perdonan\/#breadcrumb","itemListElement":[{"@type":"ListItem","position":1,"name":"Portada","item":"https:\/\/diariotextual.com\/inicio\/"},{"@type":"ListItem","position":2,"name":"\u201cEs un costo marginal\u201d: Ravier se inmola por los viajes de Adorni y en las redes no se lo perdonan"}]},{"@type":"WebSite","@id":"https:\/\/diariotextual.com\/inicio\/#website","url":"https:\/\/diariotextual.com\/inicio\/","name":"Diario Textual","description":"","publisher":{"@id":"https:\/\/diariotextual.com\/inicio\/#organization"},"potentialAction":[{"@type":"SearchAction","target":{"@type":"EntryPoint","urlTemplate":"https:\/\/diariotextual.com\/inicio\/?s={search_term_string}"},"query-input":{"@type":"PropertyValueSpecification","valueRequired":true,"valueName":"search_term_string"}}],"inLanguage":"es"},{"@type":"Organization","@id":"https:\/\/diariotextual.com\/inicio\/#organization","name":"Diario Textual","url":"https:\/\/diariotextual.com\/inicio\/","logo":{"@type":"ImageObject","inLanguage":"es","@id":"https:\/\/diariotextual.com\/inicio\/#\/schema\/logo\/image\/","url":"https:\/\/diariotextual.com\/inicio\/wp-content\/uploads\/2023\/05\/logotextual1.jpg","contentUrl":"https:\/\/diariotextual.com\/inicio\/wp-content\/uploads\/2023\/05\/logotextual1.jpg","width":516,"height":76,"caption":"Diario Textual"},"image":{"@id":"https:\/\/diariotextual.com\/inicio\/#\/schema\/logo\/image\/"},"sameAs":["https:\/\/www.facebook.com\/eltextual","https:\/\/x.com\/eltextual","http:\/\/www.instagram.com\/eltextual"]},{"@type":"Person","@id":"https:\/\/diariotextual.com\/inicio\/#\/schema\/person\/418fc4093c33e86ed41562db3508f958","name":"Diario1 Diario1","image":{"@type":"ImageObject","inLanguage":"es","@id":"https:\/\/secure.gravatar.com\/avatar\/9167d280179c85bc18be67aa7eda765854300033af4896dd779b608640f2ef7a?s=96&d=mm&r=g","url":"https:\/\/secure.gravatar.com\/avatar\/9167d280179c85bc18be67aa7eda765854300033af4896dd779b608640f2ef7a?s=96&d=mm&r=g","contentUrl":"https:\/\/secure.gravatar.com\/avatar\/9167d280179c85bc18be67aa7eda765854300033af4896dd779b608640f2ef7a?s=96&d=mm&r=g","caption":"Diario1 Diario1"},"url":"https:\/\/diariotextual.com\/inicio\/index.php\/author\/diario1\/"}]}},"_links":{"self":[{"href":"https:\/\/diariotextual.com\/inicio\/index.php\/wp-json\/wp\/v2\/posts\/322166","targetHints":{"allow":["GET"]}}],"collection":[{"href":"https:\/\/diariotextual.com\/inicio\/index.php\/wp-json\/wp\/v2\/posts"}],"about":[{"href":"https:\/\/diariotextual.com\/inicio\/index.php\/wp-json\/wp\/v2\/types\/post"}],"author":[{"embeddable":true,"href":"https:\/\/diariotextual.com\/inicio\/index.php\/wp-json\/wp\/v2\/users\/3"}],"replies":[{"embeddable":true,"href":"https:\/\/diariotextual.com\/inicio\/index.php\/wp-json\/wp\/v2\/comments?post=322166"}],"version-history":[{"count":3,"href":"https:\/\/diariotextual.com\/inicio\/index.php\/wp-json\/wp\/v2\/posts\/322166\/revisions"}],"predecessor-version":[{"id":322169,"href":"https:\/\/diariotextual.com\/inicio\/index.php\/wp-json\/wp\/v2\/posts\/322166\/revisions\/322169"}],"wp:featuredmedia":[{"embeddable":true,"href":"https:\/\/diariotextual.com\/inicio\/index.php\/wp-json\/wp\/v2\/media\/229668"}],"wp:attachment":[{"href":"https:\/\/diariotextual.com\/inicio\/index.php\/wp-json\/wp\/v2\/media?parent=322166"}],"wp:term":[{"taxonomy":"category","embeddable":true,"href":"https:\/\/diariotextual.com\/inicio\/index.php\/wp-json\/wp\/v2\/categories?post=322166"},{"taxonomy":"post_tag","embeddable":true,"href":"https:\/\/diariotextual.com\/inicio\/index.php\/wp-json\/wp\/v2\/tags?post=322166"}],"curies":[{"name":"wp","href":"https:\/\/api.w.org\/{rel}","templated":true}]}}