{"id":322170,"date":"2026-03-13T06:34:41","date_gmt":"2026-03-13T09:34:41","guid":{"rendered":"https:\/\/diariotextual.com\/inicio\/?p=322170"},"modified":"2026-03-13T09:38:41","modified_gmt":"2026-03-13T12:38:41","slug":"desde-la-ucr-cuestionan-la-compra-de-gazebos-por-100-millones-en-santa-rosa","status":"publish","type":"post","link":"https:\/\/diariotextual.com\/inicio\/index.php\/2026\/03\/13\/desde-la-ucr-cuestionan-la-compra-de-gazebos-por-100-millones-en-santa-rosa\/","title":{"rendered":"Desde la UCR cuestionan la compra de gazebos por $100 millones en Santa Rosa"},"content":{"rendered":"\n<p><strong>La UCR volvi\u00f3 a poner la lupa en las compras del intendente santarrose\u00f1o Luciano di N\u00e1poli. <\/strong>La concejala radical <strong>Romina Paci<\/strong> alert\u00f3 sobre dos datos: en primer lugar, <strong>la municipalidad adquiri\u00f3 gazebos para utilizar en las ferias de artesan\u00edas que tuvieron un costo total de 100 millones de pesos<\/strong>; y en segundo lugar,<strong> lo hizo a una empresa que se constituy\u00f3 d\u00edas antes de la compra.<\/strong><\/p>\n\n\n\n<p>\u201cEl Municipio, en septiembre del a\u00f1o pasado, compr\u00f3 gazebos por 100 millones de pesos. El proveedor es <strong>Roste Ing,<\/strong> una empresa constituida d\u00edas antes de la contrataci\u00f3n, seg\u00fan el Bolet\u00edn Oficial de la Provincia\u201d, sostuvo Paci. \u201cSus socios son Cristian Ezequiel Miranda y Marta In\u00e9s Fridel\u201d.<br><br>\u201cSeg\u00fan su inscripci\u00f3n en ARCA, sus actividades est\u00e1n vinculadas principalmente a prestaci\u00f3n de servicios, no a la venta de este tipo de bienes. Lo curioso es que a un estudio de agua potable (\u2026) se le destinaron solo 30 millones. Es claro que las prioridades no son las de los vecinos\u201d, resalt\u00f3.<\/p>\n\n\n\n<p><\/p>\n","protected":false},"excerpt":{"rendered":"<p>La UCR volvi\u00f3 a poner la lupa en las compras del intendente santarrose\u00f1o Luciano di N\u00e1poli. La concejala radical Romina Paci alert\u00f3 sobre dos datos: en primer lugar, la municipalidad&hellip;<\/p>\n","protected":false},"author":3,"featured_media":322172,"comment_status":"closed","ping_status":"open","sticky":false,"template":"","format":"standard","meta":{"_acf_changed":false,"footnotes":""},"categories":[1,12],"tags":[],"class_list":["post-322170","post","type-post","status-publish","format-standard","has-post-thumbnail","hentry","category-es-noticia","category-sociedad"],"acf":[],"yoast_head":"<!-- This site is optimized with the Yoast SEO plugin v27.5 - https:\/\/yoast.com\/product\/yoast-seo-wordpress\/ -->\n<title>Desde la UCR cuestionan la compra de gazebos por $100 millones en Santa Rosa - Diario Textual<\/title>\n<meta name=\"robots\" content=\"index, follow, max-snippet:-1, max-image-preview:large, max-video-preview:-1\" \/>\n<link rel=\"canonical\" href=\"https:\/\/diariotextual.com\/inicio\/index.php\/2026\/03\/13\/desde-la-ucr-cuestionan-la-compra-de-gazebos-por-100-millones-en-santa-rosa\/\" \/>\n<meta property=\"og:locale\" content=\"es_ES\" \/>\n<meta property=\"og:type\" content=\"article\" \/>\n<meta property=\"og:title\" content=\"Desde la UCR cuestionan la compra de gazebos por $100 millones en Santa Rosa - Diario Textual\" \/>\n<meta property=\"og:description\" content=\"La UCR volvi\u00f3 a poner la lupa en las compras del intendente santarrose\u00f1o Luciano di N\u00e1poli. La concejala radical Romina Paci alert\u00f3 sobre dos datos: en primer lugar, la municipalidad&hellip;\" \/>\n<meta property=\"og:url\" content=\"https:\/\/diariotextual.com\/inicio\/index.php\/2026\/03\/13\/desde-la-ucr-cuestionan-la-compra-de-gazebos-por-100-millones-en-santa-rosa\/\" \/>\n<meta property=\"og:site_name\" content=\"Diario Textual\" \/>\n<meta property=\"article:publisher\" content=\"https:\/\/www.facebook.com\/eltextual\" \/>\n<meta property=\"article:published_time\" content=\"2026-03-13T09:34:41+00:00\" \/>\n<meta property=\"article:modified_time\" content=\"2026-03-13T12:38:41+00:00\" \/>\n<meta property=\"og:image\" content=\"https:\/\/diariotextual.com\/inicio\/wp-content\/uploads\/2026\/03\/gazebosferiaartesanossantarosa2026-70.jpg\" \/>\n\t<meta property=\"og:image:width\" content=\"1200\" \/>\n\t<meta property=\"og:image:height\" content=\"674\" \/>\n\t<meta property=\"og:image:type\" content=\"image\/jpeg\" \/>\n<meta name=\"author\" content=\"Diario1 Diario1\" \/>\n<meta name=\"twitter:card\" content=\"summary_large_image\" \/>\n<meta name=\"twitter:creator\" content=\"@eltextual\" \/>\n<meta name=\"twitter:site\" content=\"@eltextual\" \/>\n<meta name=\"twitter:label1\" content=\"Escrito por\" \/>\n\t<meta name=\"twitter:data1\" content=\"Diario1 Diario1\" \/>\n\t<meta name=\"twitter:label2\" content=\"Tiempo de lectura\" \/>\n\t<meta name=\"twitter:data2\" content=\"1 minuto\" \/>\n<script type=\"application\/ld+json\" class=\"yoast-schema-graph\">{\"@context\":\"https:\\\/\\\/schema.org\",\"@graph\":[{\"@type\":\"Article\",\"@id\":\"https:\\\/\\\/diariotextual.com\\\/inicio\\\/index.php\\\/2026\\\/03\\\/13\\\/desde-la-ucr-cuestionan-la-compra-de-gazebos-por-100-millones-en-santa-rosa\\\/#article\",\"isPartOf\":{\"@id\":\"https:\\\/\\\/diariotextual.com\\\/inicio\\\/index.php\\\/2026\\\/03\\\/13\\\/desde-la-ucr-cuestionan-la-compra-de-gazebos-por-100-millones-en-santa-rosa\\\/\"},\"author\":{\"name\":\"Diario1 Diario1\",\"@id\":\"https:\\\/\\\/diariotextual.com\\\/inicio\\\/#\\\/schema\\\/person\\\/418fc4093c33e86ed41562db3508f958\"},\"headline\":\"Desde la UCR cuestionan la compra de gazebos por $100 millones en Santa Rosa\",\"datePublished\":\"2026-03-13T09:34:41+00:00\",\"dateModified\":\"2026-03-13T12:38:41+00:00\",\"mainEntityOfPage\":{\"@id\":\"https:\\\/\\\/diariotextual.com\\\/inicio\\\/index.php\\\/2026\\\/03\\\/13\\\/desde-la-ucr-cuestionan-la-compra-de-gazebos-por-100-millones-en-santa-rosa\\\/\"},\"wordCount\":187,\"publisher\":{\"@id\":\"https:\\\/\\\/diariotextual.com\\\/inicio\\\/#organization\"},\"image\":{\"@id\":\"https:\\\/\\\/diariotextual.com\\\/inicio\\\/index.php\\\/2026\\\/03\\\/13\\\/desde-la-ucr-cuestionan-la-compra-de-gazebos-por-100-millones-en-santa-rosa\\\/#primaryimage\"},\"thumbnailUrl\":\"https:\\\/\\\/diariotextual.com\\\/inicio\\\/wp-content\\\/uploads\\\/2026\\\/03\\\/gazebosferiaartesanossantarosa2026-70.jpg\",\"articleSection\":[\"A - ES NOTICIA (van abajo)\",\"SOCIEDAD\"],\"inLanguage\":\"es\"},{\"@type\":\"WebPage\",\"@id\":\"https:\\\/\\\/diariotextual.com\\\/inicio\\\/index.php\\\/2026\\\/03\\\/13\\\/desde-la-ucr-cuestionan-la-compra-de-gazebos-por-100-millones-en-santa-rosa\\\/\",\"url\":\"https:\\\/\\\/diariotextual.com\\\/inicio\\\/index.php\\\/2026\\\/03\\\/13\\\/desde-la-ucr-cuestionan-la-compra-de-gazebos-por-100-millones-en-santa-rosa\\\/\",\"name\":\"Desde la UCR cuestionan la compra de gazebos por $100 millones en Santa Rosa - Diario Textual\",\"isPartOf\":{\"@id\":\"https:\\\/\\\/diariotextual.com\\\/inicio\\\/#website\"},\"primaryImageOfPage\":{\"@id\":\"https:\\\/\\\/diariotextual.com\\\/inicio\\\/index.php\\\/2026\\\/03\\\/13\\\/desde-la-ucr-cuestionan-la-compra-de-gazebos-por-100-millones-en-santa-rosa\\\/#primaryimage\"},\"image\":{\"@id\":\"https:\\\/\\\/diariotextual.com\\\/inicio\\\/index.php\\\/2026\\\/03\\\/13\\\/desde-la-ucr-cuestionan-la-compra-de-gazebos-por-100-millones-en-santa-rosa\\\/#primaryimage\"},\"thumbnailUrl\":\"https:\\\/\\\/diariotextual.com\\\/inicio\\\/wp-content\\\/uploads\\\/2026\\\/03\\\/gazebosferiaartesanossantarosa2026-70.jpg\",\"datePublished\":\"2026-03-13T09:34:41+00:00\",\"dateModified\":\"2026-03-13T12:38:41+00:00\",\"breadcrumb\":{\"@id\":\"https:\\\/\\\/diariotextual.com\\\/inicio\\\/index.php\\\/2026\\\/03\\\/13\\\/desde-la-ucr-cuestionan-la-compra-de-gazebos-por-100-millones-en-santa-rosa\\\/#breadcrumb\"},\"inLanguage\":\"es\",\"potentialAction\":[{\"@type\":\"ReadAction\",\"target\":[\"https:\\\/\\\/diariotextual.com\\\/inicio\\\/index.php\\\/2026\\\/03\\\/13\\\/desde-la-ucr-cuestionan-la-compra-de-gazebos-por-100-millones-en-santa-rosa\\\/\"]}]},{\"@type\":\"ImageObject\",\"inLanguage\":\"es\",\"@id\":\"https:\\\/\\\/diariotextual.com\\\/inicio\\\/index.php\\\/2026\\\/03\\\/13\\\/desde-la-ucr-cuestionan-la-compra-de-gazebos-por-100-millones-en-santa-rosa\\\/#primaryimage\",\"url\":\"https:\\\/\\\/diariotextual.com\\\/inicio\\\/wp-content\\\/uploads\\\/2026\\\/03\\\/gazebosferiaartesanossantarosa2026-70.jpg\",\"contentUrl\":\"https:\\\/\\\/diariotextual.com\\\/inicio\\\/wp-content\\\/uploads\\\/2026\\\/03\\\/gazebosferiaartesanossantarosa2026-70.jpg\",\"width\":1200,\"height\":674},{\"@type\":\"BreadcrumbList\",\"@id\":\"https:\\\/\\\/diariotextual.com\\\/inicio\\\/index.php\\\/2026\\\/03\\\/13\\\/desde-la-ucr-cuestionan-la-compra-de-gazebos-por-100-millones-en-santa-rosa\\\/#breadcrumb\",\"itemListElement\":[{\"@type\":\"ListItem\",\"position\":1,\"name\":\"Portada\",\"item\":\"https:\\\/\\\/diariotextual.com\\\/inicio\\\/\"},{\"@type\":\"ListItem\",\"position\":2,\"name\":\"Desde la UCR cuestionan la compra de gazebos por $100 millones en Santa Rosa\"}]},{\"@type\":\"WebSite\",\"@id\":\"https:\\\/\\\/diariotextual.com\\\/inicio\\\/#website\",\"url\":\"https:\\\/\\\/diariotextual.com\\\/inicio\\\/\",\"name\":\"Diario Textual\",\"description\":\"\",\"publisher\":{\"@id\":\"https:\\\/\\\/diariotextual.com\\\/inicio\\\/#organization\"},\"potentialAction\":[{\"@type\":\"SearchAction\",\"target\":{\"@type\":\"EntryPoint\",\"urlTemplate\":\"https:\\\/\\\/diariotextual.com\\\/inicio\\\/?s={search_term_string}\"},\"query-input\":{\"@type\":\"PropertyValueSpecification\",\"valueRequired\":true,\"valueName\":\"search_term_string\"}}],\"inLanguage\":\"es\"},{\"@type\":\"Organization\",\"@id\":\"https:\\\/\\\/diariotextual.com\\\/inicio\\\/#organization\",\"name\":\"Diario Textual\",\"url\":\"https:\\\/\\\/diariotextual.com\\\/inicio\\\/\",\"logo\":{\"@type\":\"ImageObject\",\"inLanguage\":\"es\",\"@id\":\"https:\\\/\\\/diariotextual.com\\\/inicio\\\/#\\\/schema\\\/logo\\\/image\\\/\",\"url\":\"https:\\\/\\\/diariotextual.com\\\/inicio\\\/wp-content\\\/uploads\\\/2023\\\/05\\\/logotextual1.jpg\",\"contentUrl\":\"https:\\\/\\\/diariotextual.com\\\/inicio\\\/wp-content\\\/uploads\\\/2023\\\/05\\\/logotextual1.jpg\",\"width\":516,\"height\":76,\"caption\":\"Diario Textual\"},\"image\":{\"@id\":\"https:\\\/\\\/diariotextual.com\\\/inicio\\\/#\\\/schema\\\/logo\\\/image\\\/\"},\"sameAs\":[\"https:\\\/\\\/www.facebook.com\\\/eltextual\",\"https:\\\/\\\/x.com\\\/eltextual\",\"http:\\\/\\\/www.instagram.com\\\/eltextual\"]},{\"@type\":\"Person\",\"@id\":\"https:\\\/\\\/diariotextual.com\\\/inicio\\\/#\\\/schema\\\/person\\\/418fc4093c33e86ed41562db3508f958\",\"name\":\"Diario1 Diario1\",\"image\":{\"@type\":\"ImageObject\",\"inLanguage\":\"es\",\"@id\":\"https:\\\/\\\/secure.gravatar.com\\\/avatar\\\/9167d280179c85bc18be67aa7eda765854300033af4896dd779b608640f2ef7a?s=96&d=mm&r=g\",\"url\":\"https:\\\/\\\/secure.gravatar.com\\\/avatar\\\/9167d280179c85bc18be67aa7eda765854300033af4896dd779b608640f2ef7a?s=96&d=mm&r=g\",\"contentUrl\":\"https:\\\/\\\/secure.gravatar.com\\\/avatar\\\/9167d280179c85bc18be67aa7eda765854300033af4896dd779b608640f2ef7a?s=96&d=mm&r=g\",\"caption\":\"Diario1 Diario1\"},\"url\":\"https:\\\/\\\/diariotextual.com\\\/inicio\\\/index.php\\\/author\\\/diario1\\\/\"}]}<\/script>\n<!-- \/ Yoast SEO plugin. -->","yoast_head_json":{"title":"Desde la UCR cuestionan la compra de gazebos por $100 millones en Santa Rosa - Diario Textual","robots":{"index":"index","follow":"follow","max-snippet":"max-snippet:-1","max-image-preview":"max-image-preview:large","max-video-preview":"max-video-preview:-1"},"canonical":"https:\/\/diariotextual.com\/inicio\/index.php\/2026\/03\/13\/desde-la-ucr-cuestionan-la-compra-de-gazebos-por-100-millones-en-santa-rosa\/","og_locale":"es_ES","og_type":"article","og_title":"Desde la UCR cuestionan la compra de gazebos por $100 millones en Santa Rosa - Diario Textual","og_description":"La UCR volvi\u00f3 a poner la lupa en las compras del intendente santarrose\u00f1o Luciano di N\u00e1poli. La concejala radical Romina Paci alert\u00f3 sobre dos datos: en primer lugar, la municipalidad&hellip;","og_url":"https:\/\/diariotextual.com\/inicio\/index.php\/2026\/03\/13\/desde-la-ucr-cuestionan-la-compra-de-gazebos-por-100-millones-en-santa-rosa\/","og_site_name":"Diario Textual","article_publisher":"https:\/\/www.facebook.com\/eltextual","article_published_time":"2026-03-13T09:34:41+00:00","article_modified_time":"2026-03-13T12:38:41+00:00","og_image":[{"width":1200,"height":674,"url":"https:\/\/diariotextual.com\/inicio\/wp-content\/uploads\/2026\/03\/gazebosferiaartesanossantarosa2026-70.jpg","type":"image\/jpeg"}],"author":"Diario1 Diario1","twitter_card":"summary_large_image","twitter_creator":"@eltextual","twitter_site":"@eltextual","twitter_misc":{"Escrito por":"Diario1 Diario1","Tiempo de lectura":"1 minuto"},"schema":{"@context":"https:\/\/schema.org","@graph":[{"@type":"Article","@id":"https:\/\/diariotextual.com\/inicio\/index.php\/2026\/03\/13\/desde-la-ucr-cuestionan-la-compra-de-gazebos-por-100-millones-en-santa-rosa\/#article","isPartOf":{"@id":"https:\/\/diariotextual.com\/inicio\/index.php\/2026\/03\/13\/desde-la-ucr-cuestionan-la-compra-de-gazebos-por-100-millones-en-santa-rosa\/"},"author":{"name":"Diario1 Diario1","@id":"https:\/\/diariotextual.com\/inicio\/#\/schema\/person\/418fc4093c33e86ed41562db3508f958"},"headline":"Desde la UCR cuestionan la compra de gazebos por $100 millones en Santa Rosa","datePublished":"2026-03-13T09:34:41+00:00","dateModified":"2026-03-13T12:38:41+00:00","mainEntityOfPage":{"@id":"https:\/\/diariotextual.com\/inicio\/index.php\/2026\/03\/13\/desde-la-ucr-cuestionan-la-compra-de-gazebos-por-100-millones-en-santa-rosa\/"},"wordCount":187,"publisher":{"@id":"https:\/\/diariotextual.com\/inicio\/#organization"},"image":{"@id":"https:\/\/diariotextual.com\/inicio\/index.php\/2026\/03\/13\/desde-la-ucr-cuestionan-la-compra-de-gazebos-por-100-millones-en-santa-rosa\/#primaryimage"},"thumbnailUrl":"https:\/\/diariotextual.com\/inicio\/wp-content\/uploads\/2026\/03\/gazebosferiaartesanossantarosa2026-70.jpg","articleSection":["A - ES NOTICIA (van abajo)","SOCIEDAD"],"inLanguage":"es"},{"@type":"WebPage","@id":"https:\/\/diariotextual.com\/inicio\/index.php\/2026\/03\/13\/desde-la-ucr-cuestionan-la-compra-de-gazebos-por-100-millones-en-santa-rosa\/","url":"https:\/\/diariotextual.com\/inicio\/index.php\/2026\/03\/13\/desde-la-ucr-cuestionan-la-compra-de-gazebos-por-100-millones-en-santa-rosa\/","name":"Desde la UCR cuestionan la compra de gazebos por $100 millones en Santa Rosa - Diario Textual","isPartOf":{"@id":"https:\/\/diariotextual.com\/inicio\/#website"},"primaryImageOfPage":{"@id":"https:\/\/diariotextual.com\/inicio\/index.php\/2026\/03\/13\/desde-la-ucr-cuestionan-la-compra-de-gazebos-por-100-millones-en-santa-rosa\/#primaryimage"},"image":{"@id":"https:\/\/diariotextual.com\/inicio\/index.php\/2026\/03\/13\/desde-la-ucr-cuestionan-la-compra-de-gazebos-por-100-millones-en-santa-rosa\/#primaryimage"},"thumbnailUrl":"https:\/\/diariotextual.com\/inicio\/wp-content\/uploads\/2026\/03\/gazebosferiaartesanossantarosa2026-70.jpg","datePublished":"2026-03-13T09:34:41+00:00","dateModified":"2026-03-13T12:38:41+00:00","breadcrumb":{"@id":"https:\/\/diariotextual.com\/inicio\/index.php\/2026\/03\/13\/desde-la-ucr-cuestionan-la-compra-de-gazebos-por-100-millones-en-santa-rosa\/#breadcrumb"},"inLanguage":"es","potentialAction":[{"@type":"ReadAction","target":["https:\/\/diariotextual.com\/inicio\/index.php\/2026\/03\/13\/desde-la-ucr-cuestionan-la-compra-de-gazebos-por-100-millones-en-santa-rosa\/"]}]},{"@type":"ImageObject","inLanguage":"es","@id":"https:\/\/diariotextual.com\/inicio\/index.php\/2026\/03\/13\/desde-la-ucr-cuestionan-la-compra-de-gazebos-por-100-millones-en-santa-rosa\/#primaryimage","url":"https:\/\/diariotextual.com\/inicio\/wp-content\/uploads\/2026\/03\/gazebosferiaartesanossantarosa2026-70.jpg","contentUrl":"https:\/\/diariotextual.com\/inicio\/wp-content\/uploads\/2026\/03\/gazebosferiaartesanossantarosa2026-70.jpg","width":1200,"height":674},{"@type":"BreadcrumbList","@id":"https:\/\/diariotextual.com\/inicio\/index.php\/2026\/03\/13\/desde-la-ucr-cuestionan-la-compra-de-gazebos-por-100-millones-en-santa-rosa\/#breadcrumb","itemListElement":[{"@type":"ListItem","position":1,"name":"Portada","item":"https:\/\/diariotextual.com\/inicio\/"},{"@type":"ListItem","position":2,"name":"Desde la UCR cuestionan la compra de gazebos por $100 millones en Santa Rosa"}]},{"@type":"WebSite","@id":"https:\/\/diariotextual.com\/inicio\/#website","url":"https:\/\/diariotextual.com\/inicio\/","name":"Diario Textual","description":"","publisher":{"@id":"https:\/\/diariotextual.com\/inicio\/#organization"},"potentialAction":[{"@type":"SearchAction","target":{"@type":"EntryPoint","urlTemplate":"https:\/\/diariotextual.com\/inicio\/?s={search_term_string}"},"query-input":{"@type":"PropertyValueSpecification","valueRequired":true,"valueName":"search_term_string"}}],"inLanguage":"es"},{"@type":"Organization","@id":"https:\/\/diariotextual.com\/inicio\/#organization","name":"Diario Textual","url":"https:\/\/diariotextual.com\/inicio\/","logo":{"@type":"ImageObject","inLanguage":"es","@id":"https:\/\/diariotextual.com\/inicio\/#\/schema\/logo\/image\/","url":"https:\/\/diariotextual.com\/inicio\/wp-content\/uploads\/2023\/05\/logotextual1.jpg","contentUrl":"https:\/\/diariotextual.com\/inicio\/wp-content\/uploads\/2023\/05\/logotextual1.jpg","width":516,"height":76,"caption":"Diario Textual"},"image":{"@id":"https:\/\/diariotextual.com\/inicio\/#\/schema\/logo\/image\/"},"sameAs":["https:\/\/www.facebook.com\/eltextual","https:\/\/x.com\/eltextual","http:\/\/www.instagram.com\/eltextual"]},{"@type":"Person","@id":"https:\/\/diariotextual.com\/inicio\/#\/schema\/person\/418fc4093c33e86ed41562db3508f958","name":"Diario1 Diario1","image":{"@type":"ImageObject","inLanguage":"es","@id":"https:\/\/secure.gravatar.com\/avatar\/9167d280179c85bc18be67aa7eda765854300033af4896dd779b608640f2ef7a?s=96&d=mm&r=g","url":"https:\/\/secure.gravatar.com\/avatar\/9167d280179c85bc18be67aa7eda765854300033af4896dd779b608640f2ef7a?s=96&d=mm&r=g","contentUrl":"https:\/\/secure.gravatar.com\/avatar\/9167d280179c85bc18be67aa7eda765854300033af4896dd779b608640f2ef7a?s=96&d=mm&r=g","caption":"Diario1 Diario1"},"url":"https:\/\/diariotextual.com\/inicio\/index.php\/author\/diario1\/"}]}},"_links":{"self":[{"href":"https:\/\/diariotextual.com\/inicio\/index.php\/wp-json\/wp\/v2\/posts\/322170","targetHints":{"allow":["GET"]}}],"collection":[{"href":"https:\/\/diariotextual.com\/inicio\/index.php\/wp-json\/wp\/v2\/posts"}],"about":[{"href":"https:\/\/diariotextual.com\/inicio\/index.php\/wp-json\/wp\/v2\/types\/post"}],"author":[{"embeddable":true,"href":"https:\/\/diariotextual.com\/inicio\/index.php\/wp-json\/wp\/v2\/users\/3"}],"replies":[{"embeddable":true,"href":"https:\/\/diariotextual.com\/inicio\/index.php\/wp-json\/wp\/v2\/comments?post=322170"}],"version-history":[{"count":2,"href":"https:\/\/diariotextual.com\/inicio\/index.php\/wp-json\/wp\/v2\/posts\/322170\/revisions"}],"predecessor-version":[{"id":322173,"href":"https:\/\/diariotextual.com\/inicio\/index.php\/wp-json\/wp\/v2\/posts\/322170\/revisions\/322173"}],"wp:featuredmedia":[{"embeddable":true,"href":"https:\/\/diariotextual.com\/inicio\/index.php\/wp-json\/wp\/v2\/media\/322172"}],"wp:attachment":[{"href":"https:\/\/diariotextual.com\/inicio\/index.php\/wp-json\/wp\/v2\/media?parent=322170"}],"wp:term":[{"taxonomy":"category","embeddable":true,"href":"https:\/\/diariotextual.com\/inicio\/index.php\/wp-json\/wp\/v2\/categories?post=322170"},{"taxonomy":"post_tag","embeddable":true,"href":"https:\/\/diariotextual.com\/inicio\/index.php\/wp-json\/wp\/v2\/tags?post=322170"}],"curies":[{"name":"wp","href":"https:\/\/api.w.org\/{rel}","templated":true}]}}