{"id":322174,"date":"2026-03-13T07:19:49","date_gmt":"2026-03-13T10:19:49","guid":{"rendered":"https:\/\/diariotextual.com\/inicio\/?p=322174"},"modified":"2026-03-13T10:40:40","modified_gmt":"2026-03-13T13:40:40","slug":"toyota-bhassa-presento-el-nuevo-yaris-cross-en-simultaneo-en-sus-tres-sucursales","status":"publish","type":"post","link":"https:\/\/diariotextual.com\/inicio\/index.php\/2026\/03\/13\/toyota-bhassa-presento-el-nuevo-yaris-cross-en-simultaneo-en-sus-tres-sucursales\/","title":{"rendered":"Toyota Bhassa present\u00f3 el nuevo Yaris Cross en simult\u00e1neo en sus tres sucursales"},"content":{"rendered":"\n<p><strong>Toyota Bhassa<\/strong>, concesionario oficial de Toyota Argentina, llev\u00f3 a cabo la presentaci\u00f3n oficial del <strong>nuevo Toyota Yaris Cross<\/strong> en un evento exclusivo realizado simult\u00e1neamente en sus tres sucursales de <strong>Santa Rosa, Trenque Lauquen y General Pico<\/strong>.<\/p>\n\n\n\n<figure class=\"wp-block-image size-full\"><img fetchpriority=\"high\" decoding=\"async\" width=\"900\" height=\"506\" src=\"https:\/\/diariotextual.com\/inicio\/wp-content\/uploads\/2026\/03\/toyotayarisbhassa2026-2.jpg\" alt=\"\" class=\"wp-image-322176\" srcset=\"https:\/\/diariotextual.com\/inicio\/wp-content\/uploads\/2026\/03\/toyotayarisbhassa2026-2.jpg 900w, https:\/\/diariotextual.com\/inicio\/wp-content\/uploads\/2026\/03\/toyotayarisbhassa2026-2-300x169.jpg 300w, https:\/\/diariotextual.com\/inicio\/wp-content\/uploads\/2026\/03\/toyotayarisbhassa2026-2-768x432.jpg 768w, https:\/\/diariotextual.com\/inicio\/wp-content\/uploads\/2026\/03\/toyotayarisbhassa2026-2-585x329.jpg 585w\" sizes=\"(max-width: 900px) 100vw, 900px\" \/><\/figure>\n\n\n\n<p>La jornada cont\u00f3 con la destacada presencia de <strong>Guido Hegenk\u00f6tter<\/strong>, representante de Toyota Argentina, quien viaj\u00f3 especialmente para liderar la presentaci\u00f3n y compartir con clientes, prensa e invitados los detalles t\u00e9cnicos y atributos del modelo.<\/p>\n\n\n\n<div style=\"height:100px\" aria-hidden=\"true\" class=\"wp-block-spacer\"><\/div>\n\n\n\n<p><strong>Motorizaciones: eficiencia y versatilidad<\/strong><\/p>\n\n\n\n<p>El nuevo <strong>Toyota Yaris Cross<\/strong> se ofrece con <strong>dos opciones de motorizaci\u00f3n<\/strong>, pensadas para diferentes perfiles de uso:<\/p>\n\n\n\n<p><strong>&#8211; Versi\u00f3n naftera tradicional:<\/strong><\/p>\n\n\n\n<ul class=\"wp-block-list\">\n<li>Motor <strong>1.5 L Dual VVT-i<\/strong> de 4 cilindros con 16 v\u00e1lvulas y ciclo Otto, que entrega <strong>106 CV de potencia m\u00e1xima<\/strong> y <strong>138 Nm de torque<\/strong>.<\/li>\n\n\n\n<li>Asociado a una <strong>transmisi\u00f3n autom\u00e1tica CVT<\/strong> de funcionamiento suave y eficiente, con modos de conducci\u00f3n <strong>Eco y Power<\/strong> para adaptarse al estilo de manejo. Esta configuraci\u00f3n brinda un equilibrio ideal entre confort urbano y rendimiento.<\/li>\n<\/ul>\n\n\n\n<p><strong>&#8211; Sistema h\u00edbrido auto-recargable:<\/strong><\/p>\n\n\n\n<ul class=\"wp-block-list\">\n<li>Combina un motor naftero de <strong>1.5 L<\/strong> con un motor el\u00e9ctrico para una potencia total combinada de <strong>111 CV<\/strong>, sin necesidad de enchufar para cargar la bater\u00eda.<\/li>\n\n\n\n<li>La transmisi\u00f3n <strong>e-CVT<\/strong> ofrece una conducci\u00f3n fluida y eficiente, con cuatro modos de manejo (Normal, ECO, Sport y EV) que aprovechan al m\u00e1ximo la versatilidad del sistema h\u00edbrido.<\/li>\n<\/ul>\n\n\n\n<p>Estas alternativas permiten que cada cliente encuentre la versi\u00f3n que mejor se adapta a sus necesidades, ya sea priorizando econom\u00eda de consumo o la \u00faltima tecnolog\u00eda h\u00edbrida de Toyota.<\/p>\n\n\n\n<figure class=\"wp-block-gallery has-nested-images columns-default is-cropped wp-block-gallery-1 is-layout-flex wp-block-gallery-is-layout-flex\">\n<figure class=\"wp-block-image size-large\"><img decoding=\"async\" width=\"1024\" height=\"768\" data-id=\"322178\" src=\"https:\/\/diariotextual.com\/inicio\/wp-content\/uploads\/2026\/03\/toyotayarisbhassa2026-3-1024x768.jpg\" alt=\"\" class=\"wp-image-322178\" srcset=\"https:\/\/diariotextual.com\/inicio\/wp-content\/uploads\/2026\/03\/toyotayarisbhassa2026-3-1024x768.jpg 1024w, https:\/\/diariotextual.com\/inicio\/wp-content\/uploads\/2026\/03\/toyotayarisbhassa2026-3-300x225.jpg 300w, https:\/\/diariotextual.com\/inicio\/wp-content\/uploads\/2026\/03\/toyotayarisbhassa2026-3-768x576.jpg 768w, https:\/\/diariotextual.com\/inicio\/wp-content\/uploads\/2026\/03\/toyotayarisbhassa2026-3-585x439.jpg 585w, https:\/\/diariotextual.com\/inicio\/wp-content\/uploads\/2026\/03\/toyotayarisbhassa2026-3.jpg 1100w\" sizes=\"(max-width: 1024px) 100vw, 1024px\" \/><\/figure>\n<\/figure>\n\n\n\n<p><\/p>\n\n\n\n<div style=\"height:100px\" aria-hidden=\"true\" class=\"wp-block-spacer\"><\/div>\n\n\n\n<p><strong>Un SUV compacto con dise\u00f1o, tecnolog\u00eda y seguridad<\/strong><\/p>\n\n\n\n<p>El Yaris Cross tambi\u00e9n destaca por su dise\u00f1o moderno y robusto, interior espacioso, conectividad avanzada y el paquete de seguridad activa <strong>Toyota Safety Sense<\/strong>, con m\u00faltiples asistencias a la conducci\u00f3n de \u00faltima generaci\u00f3n.<\/p>\n\n\n\n<div style=\"height:100px\" aria-hidden=\"true\" class=\"wp-block-spacer\"><\/div>\n\n\n\n<p><strong>Lanzamiento simult\u00e1neo en la regi\u00f3n<\/strong><\/p>\n\n\n\n<p>La presentaci\u00f3n en simult\u00e1neo en Santa Rosa, Trenque Lauquen y General Pico reafirma el compromiso de Toyota Bhassa con la regi\u00f3n, acercando las novedades de la marca a clientes de todo el norte de La Pampa y zonas cercanas con una experiencia de lanzamiento de primer nivel.<\/p>\n\n\n\n<p>El <strong>nuevo Toyota Yaris Cross<\/strong> <strong>ya se encuentra disponible en las tres sucursales<\/strong> de Toyota Bhassa para que lo conozcan, lo prueben y vivan la experiencia en cada una de sus versiones.<\/p>\n\n\n\n<p>Adem\u00e1s, se puede adquirir mediante diferentes opciones de financiaci\u00f3n:<\/p>\n\n\n\n<ul class=\"wp-block-list\">\n<li><strong>Plan de Ahorro Toyota<\/strong><\/li>\n\n\n\n<li><strong>Cr\u00e9dito Prendario<\/strong><\/li>\n<\/ul>\n\n\n\n<p>Toyota Bhassa invit\u00f3 a toda la comunidad a acercarse y descubrir de primera mano este modelo que propone eficiencia, tecnolog\u00eda, dise\u00f1o y la versatilidad de un SUV moderno.<\/p>\n\n\n\n<figure class=\"wp-block-image size-large\"><img decoding=\"async\" width=\"1024\" height=\"576\" src=\"https:\/\/diariotextual.com\/inicio\/wp-content\/uploads\/2026\/03\/toyotayarisbhassa2026-4-1024x576.jpg\" alt=\"\" class=\"wp-image-322179\" srcset=\"https:\/\/diariotextual.com\/inicio\/wp-content\/uploads\/2026\/03\/toyotayarisbhassa2026-4-1024x576.jpg 1024w, https:\/\/diariotextual.com\/inicio\/wp-content\/uploads\/2026\/03\/toyotayarisbhassa2026-4-300x169.jpg 300w, https:\/\/diariotextual.com\/inicio\/wp-content\/uploads\/2026\/03\/toyotayarisbhassa2026-4-768x432.jpg 768w, https:\/\/diariotextual.com\/inicio\/wp-content\/uploads\/2026\/03\/toyotayarisbhassa2026-4-1170x658.jpg 1170w, https:\/\/diariotextual.com\/inicio\/wp-content\/uploads\/2026\/03\/toyotayarisbhassa2026-4-585x329.jpg 585w, https:\/\/diariotextual.com\/inicio\/wp-content\/uploads\/2026\/03\/toyotayarisbhassa2026-4.jpg 1280w\" sizes=\"(max-width: 1024px) 100vw, 1024px\" \/><\/figure>\n\n\n\n<p><\/p>\n","protected":false},"excerpt":{"rendered":"<p>Toyota Bhassa, concesionario oficial de Toyota Argentina, llev\u00f3 a cabo la presentaci\u00f3n oficial del nuevo Toyota Yaris Cross en un evento exclusivo realizado simult\u00e1neamente en sus tres sucursales de Santa&hellip;<\/p>\n","protected":false},"author":3,"featured_media":322177,"comment_status":"closed","ping_status":"open","sticky":false,"template":"","format":"standard","meta":{"_acf_changed":false,"footnotes":""},"categories":[10,12],"tags":[],"class_list":["post-322174","post","type-post","status-publish","format-standard","has-post-thumbnail","hentry","category-portada-2","category-sociedad"],"acf":[],"yoast_head":"<!-- This site is optimized with the Yoast SEO plugin v27.5 - https:\/\/yoast.com\/product\/yoast-seo-wordpress\/ -->\n<title>Toyota Bhassa present\u00f3 el nuevo Yaris Cross en simult\u00e1neo en sus tres sucursales - Diario Textual<\/title>\n<meta name=\"robots\" content=\"index, follow, max-snippet:-1, max-image-preview:large, max-video-preview:-1\" \/>\n<link rel=\"canonical\" href=\"https:\/\/diariotextual.com\/inicio\/index.php\/2026\/03\/13\/toyota-bhassa-presento-el-nuevo-yaris-cross-en-simultaneo-en-sus-tres-sucursales\/\" \/>\n<meta property=\"og:locale\" content=\"es_ES\" \/>\n<meta property=\"og:type\" content=\"article\" \/>\n<meta property=\"og:title\" content=\"Toyota Bhassa present\u00f3 el nuevo Yaris Cross en simult\u00e1neo en sus tres sucursales - Diario Textual\" \/>\n<meta property=\"og:description\" content=\"Toyota Bhassa, concesionario oficial de Toyota Argentina, llev\u00f3 a cabo la presentaci\u00f3n oficial del nuevo Toyota Yaris Cross en un evento exclusivo realizado simult\u00e1neamente en sus tres sucursales de Santa&hellip;\" \/>\n<meta property=\"og:url\" content=\"https:\/\/diariotextual.com\/inicio\/index.php\/2026\/03\/13\/toyota-bhassa-presento-el-nuevo-yaris-cross-en-simultaneo-en-sus-tres-sucursales\/\" \/>\n<meta property=\"og:site_name\" content=\"Diario Textual\" \/>\n<meta property=\"article:publisher\" content=\"https:\/\/www.facebook.com\/eltextual\" \/>\n<meta property=\"article:published_time\" content=\"2026-03-13T10:19:49+00:00\" \/>\n<meta property=\"article:modified_time\" content=\"2026-03-13T13:40:40+00:00\" \/>\n<meta property=\"og:image\" content=\"https:\/\/diariotextual.com\/inicio\/wp-content\/uploads\/2026\/03\/toyotayarisbhassa2026-1.jpg\" \/>\n\t<meta property=\"og:image:width\" content=\"1280\" \/>\n\t<meta property=\"og:image:height\" content=\"719\" \/>\n\t<meta property=\"og:image:type\" content=\"image\/jpeg\" \/>\n<meta name=\"author\" content=\"Diario1 Diario1\" \/>\n<meta name=\"twitter:card\" content=\"summary_large_image\" \/>\n<meta name=\"twitter:creator\" content=\"@eltextual\" \/>\n<meta name=\"twitter:site\" content=\"@eltextual\" \/>\n<meta name=\"twitter:label1\" content=\"Escrito por\" \/>\n\t<meta name=\"twitter:data1\" content=\"Diario1 Diario1\" \/>\n\t<meta name=\"twitter:label2\" content=\"Tiempo de lectura\" \/>\n\t<meta name=\"twitter:data2\" content=\"3 minutos\" \/>\n<script type=\"application\/ld+json\" class=\"yoast-schema-graph\">{\"@context\":\"https:\\\/\\\/schema.org\",\"@graph\":[{\"@type\":\"Article\",\"@id\":\"https:\\\/\\\/diariotextual.com\\\/inicio\\\/index.php\\\/2026\\\/03\\\/13\\\/toyota-bhassa-presento-el-nuevo-yaris-cross-en-simultaneo-en-sus-tres-sucursales\\\/#article\",\"isPartOf\":{\"@id\":\"https:\\\/\\\/diariotextual.com\\\/inicio\\\/index.php\\\/2026\\\/03\\\/13\\\/toyota-bhassa-presento-el-nuevo-yaris-cross-en-simultaneo-en-sus-tres-sucursales\\\/\"},\"author\":{\"name\":\"Diario1 Diario1\",\"@id\":\"https:\\\/\\\/diariotextual.com\\\/inicio\\\/#\\\/schema\\\/person\\\/418fc4093c33e86ed41562db3508f958\"},\"headline\":\"Toyota Bhassa present\u00f3 el nuevo Yaris Cross en simult\u00e1neo en sus tres sucursales\",\"datePublished\":\"2026-03-13T10:19:49+00:00\",\"dateModified\":\"2026-03-13T13:40:40+00:00\",\"mainEntityOfPage\":{\"@id\":\"https:\\\/\\\/diariotextual.com\\\/inicio\\\/index.php\\\/2026\\\/03\\\/13\\\/toyota-bhassa-presento-el-nuevo-yaris-cross-en-simultaneo-en-sus-tres-sucursales\\\/\"},\"wordCount\":462,\"publisher\":{\"@id\":\"https:\\\/\\\/diariotextual.com\\\/inicio\\\/#organization\"},\"image\":{\"@id\":\"https:\\\/\\\/diariotextual.com\\\/inicio\\\/index.php\\\/2026\\\/03\\\/13\\\/toyota-bhassa-presento-el-nuevo-yaris-cross-en-simultaneo-en-sus-tres-sucursales\\\/#primaryimage\"},\"thumbnailUrl\":\"https:\\\/\\\/diariotextual.com\\\/inicio\\\/wp-content\\\/uploads\\\/2026\\\/03\\\/toyotayarisbhassa2026-1.jpg\",\"articleSection\":[\"A - PORTADA2\",\"SOCIEDAD\"],\"inLanguage\":\"es\"},{\"@type\":\"WebPage\",\"@id\":\"https:\\\/\\\/diariotextual.com\\\/inicio\\\/index.php\\\/2026\\\/03\\\/13\\\/toyota-bhassa-presento-el-nuevo-yaris-cross-en-simultaneo-en-sus-tres-sucursales\\\/\",\"url\":\"https:\\\/\\\/diariotextual.com\\\/inicio\\\/index.php\\\/2026\\\/03\\\/13\\\/toyota-bhassa-presento-el-nuevo-yaris-cross-en-simultaneo-en-sus-tres-sucursales\\\/\",\"name\":\"Toyota Bhassa present\u00f3 el nuevo Yaris Cross en simult\u00e1neo en sus tres sucursales - Diario Textual\",\"isPartOf\":{\"@id\":\"https:\\\/\\\/diariotextual.com\\\/inicio\\\/#website\"},\"primaryImageOfPage\":{\"@id\":\"https:\\\/\\\/diariotextual.com\\\/inicio\\\/index.php\\\/2026\\\/03\\\/13\\\/toyota-bhassa-presento-el-nuevo-yaris-cross-en-simultaneo-en-sus-tres-sucursales\\\/#primaryimage\"},\"image\":{\"@id\":\"https:\\\/\\\/diariotextual.com\\\/inicio\\\/index.php\\\/2026\\\/03\\\/13\\\/toyota-bhassa-presento-el-nuevo-yaris-cross-en-simultaneo-en-sus-tres-sucursales\\\/#primaryimage\"},\"thumbnailUrl\":\"https:\\\/\\\/diariotextual.com\\\/inicio\\\/wp-content\\\/uploads\\\/2026\\\/03\\\/toyotayarisbhassa2026-1.jpg\",\"datePublished\":\"2026-03-13T10:19:49+00:00\",\"dateModified\":\"2026-03-13T13:40:40+00:00\",\"breadcrumb\":{\"@id\":\"https:\\\/\\\/diariotextual.com\\\/inicio\\\/index.php\\\/2026\\\/03\\\/13\\\/toyota-bhassa-presento-el-nuevo-yaris-cross-en-simultaneo-en-sus-tres-sucursales\\\/#breadcrumb\"},\"inLanguage\":\"es\",\"potentialAction\":[{\"@type\":\"ReadAction\",\"target\":[\"https:\\\/\\\/diariotextual.com\\\/inicio\\\/index.php\\\/2026\\\/03\\\/13\\\/toyota-bhassa-presento-el-nuevo-yaris-cross-en-simultaneo-en-sus-tres-sucursales\\\/\"]}]},{\"@type\":\"ImageObject\",\"inLanguage\":\"es\",\"@id\":\"https:\\\/\\\/diariotextual.com\\\/inicio\\\/index.php\\\/2026\\\/03\\\/13\\\/toyota-bhassa-presento-el-nuevo-yaris-cross-en-simultaneo-en-sus-tres-sucursales\\\/#primaryimage\",\"url\":\"https:\\\/\\\/diariotextual.com\\\/inicio\\\/wp-content\\\/uploads\\\/2026\\\/03\\\/toyotayarisbhassa2026-1.jpg\",\"contentUrl\":\"https:\\\/\\\/diariotextual.com\\\/inicio\\\/wp-content\\\/uploads\\\/2026\\\/03\\\/toyotayarisbhassa2026-1.jpg\",\"width\":1280,\"height\":719},{\"@type\":\"BreadcrumbList\",\"@id\":\"https:\\\/\\\/diariotextual.com\\\/inicio\\\/index.php\\\/2026\\\/03\\\/13\\\/toyota-bhassa-presento-el-nuevo-yaris-cross-en-simultaneo-en-sus-tres-sucursales\\\/#breadcrumb\",\"itemListElement\":[{\"@type\":\"ListItem\",\"position\":1,\"name\":\"Portada\",\"item\":\"https:\\\/\\\/diariotextual.com\\\/inicio\\\/\"},{\"@type\":\"ListItem\",\"position\":2,\"name\":\"Toyota Bhassa present\u00f3 el nuevo Yaris Cross en simult\u00e1neo en sus tres sucursales\"}]},{\"@type\":\"WebSite\",\"@id\":\"https:\\\/\\\/diariotextual.com\\\/inicio\\\/#website\",\"url\":\"https:\\\/\\\/diariotextual.com\\\/inicio\\\/\",\"name\":\"Diario Textual\",\"description\":\"\",\"publisher\":{\"@id\":\"https:\\\/\\\/diariotextual.com\\\/inicio\\\/#organization\"},\"potentialAction\":[{\"@type\":\"SearchAction\",\"target\":{\"@type\":\"EntryPoint\",\"urlTemplate\":\"https:\\\/\\\/diariotextual.com\\\/inicio\\\/?s={search_term_string}\"},\"query-input\":{\"@type\":\"PropertyValueSpecification\",\"valueRequired\":true,\"valueName\":\"search_term_string\"}}],\"inLanguage\":\"es\"},{\"@type\":\"Organization\",\"@id\":\"https:\\\/\\\/diariotextual.com\\\/inicio\\\/#organization\",\"name\":\"Diario Textual\",\"url\":\"https:\\\/\\\/diariotextual.com\\\/inicio\\\/\",\"logo\":{\"@type\":\"ImageObject\",\"inLanguage\":\"es\",\"@id\":\"https:\\\/\\\/diariotextual.com\\\/inicio\\\/#\\\/schema\\\/logo\\\/image\\\/\",\"url\":\"https:\\\/\\\/diariotextual.com\\\/inicio\\\/wp-content\\\/uploads\\\/2023\\\/05\\\/logotextual1.jpg\",\"contentUrl\":\"https:\\\/\\\/diariotextual.com\\\/inicio\\\/wp-content\\\/uploads\\\/2023\\\/05\\\/logotextual1.jpg\",\"width\":516,\"height\":76,\"caption\":\"Diario Textual\"},\"image\":{\"@id\":\"https:\\\/\\\/diariotextual.com\\\/inicio\\\/#\\\/schema\\\/logo\\\/image\\\/\"},\"sameAs\":[\"https:\\\/\\\/www.facebook.com\\\/eltextual\",\"https:\\\/\\\/x.com\\\/eltextual\",\"http:\\\/\\\/www.instagram.com\\\/eltextual\"]},{\"@type\":\"Person\",\"@id\":\"https:\\\/\\\/diariotextual.com\\\/inicio\\\/#\\\/schema\\\/person\\\/418fc4093c33e86ed41562db3508f958\",\"name\":\"Diario1 Diario1\",\"image\":{\"@type\":\"ImageObject\",\"inLanguage\":\"es\",\"@id\":\"https:\\\/\\\/secure.gravatar.com\\\/avatar\\\/9167d280179c85bc18be67aa7eda765854300033af4896dd779b608640f2ef7a?s=96&d=mm&r=g\",\"url\":\"https:\\\/\\\/secure.gravatar.com\\\/avatar\\\/9167d280179c85bc18be67aa7eda765854300033af4896dd779b608640f2ef7a?s=96&d=mm&r=g\",\"contentUrl\":\"https:\\\/\\\/secure.gravatar.com\\\/avatar\\\/9167d280179c85bc18be67aa7eda765854300033af4896dd779b608640f2ef7a?s=96&d=mm&r=g\",\"caption\":\"Diario1 Diario1\"},\"url\":\"https:\\\/\\\/diariotextual.com\\\/inicio\\\/index.php\\\/author\\\/diario1\\\/\"}]}<\/script>\n<!-- \/ Yoast SEO plugin. -->","yoast_head_json":{"title":"Toyota Bhassa present\u00f3 el nuevo Yaris Cross en simult\u00e1neo en sus tres sucursales - Diario Textual","robots":{"index":"index","follow":"follow","max-snippet":"max-snippet:-1","max-image-preview":"max-image-preview:large","max-video-preview":"max-video-preview:-1"},"canonical":"https:\/\/diariotextual.com\/inicio\/index.php\/2026\/03\/13\/toyota-bhassa-presento-el-nuevo-yaris-cross-en-simultaneo-en-sus-tres-sucursales\/","og_locale":"es_ES","og_type":"article","og_title":"Toyota Bhassa present\u00f3 el nuevo Yaris Cross en simult\u00e1neo en sus tres sucursales - Diario Textual","og_description":"Toyota Bhassa, concesionario oficial de Toyota Argentina, llev\u00f3 a cabo la presentaci\u00f3n oficial del nuevo Toyota Yaris Cross en un evento exclusivo realizado simult\u00e1neamente en sus tres sucursales de Santa&hellip;","og_url":"https:\/\/diariotextual.com\/inicio\/index.php\/2026\/03\/13\/toyota-bhassa-presento-el-nuevo-yaris-cross-en-simultaneo-en-sus-tres-sucursales\/","og_site_name":"Diario Textual","article_publisher":"https:\/\/www.facebook.com\/eltextual","article_published_time":"2026-03-13T10:19:49+00:00","article_modified_time":"2026-03-13T13:40:40+00:00","og_image":[{"width":1280,"height":719,"url":"https:\/\/diariotextual.com\/inicio\/wp-content\/uploads\/2026\/03\/toyotayarisbhassa2026-1.jpg","type":"image\/jpeg"}],"author":"Diario1 Diario1","twitter_card":"summary_large_image","twitter_creator":"@eltextual","twitter_site":"@eltextual","twitter_misc":{"Escrito por":"Diario1 Diario1","Tiempo de lectura":"3 minutos"},"schema":{"@context":"https:\/\/schema.org","@graph":[{"@type":"Article","@id":"https:\/\/diariotextual.com\/inicio\/index.php\/2026\/03\/13\/toyota-bhassa-presento-el-nuevo-yaris-cross-en-simultaneo-en-sus-tres-sucursales\/#article","isPartOf":{"@id":"https:\/\/diariotextual.com\/inicio\/index.php\/2026\/03\/13\/toyota-bhassa-presento-el-nuevo-yaris-cross-en-simultaneo-en-sus-tres-sucursales\/"},"author":{"name":"Diario1 Diario1","@id":"https:\/\/diariotextual.com\/inicio\/#\/schema\/person\/418fc4093c33e86ed41562db3508f958"},"headline":"Toyota Bhassa present\u00f3 el nuevo Yaris Cross en simult\u00e1neo en sus tres sucursales","datePublished":"2026-03-13T10:19:49+00:00","dateModified":"2026-03-13T13:40:40+00:00","mainEntityOfPage":{"@id":"https:\/\/diariotextual.com\/inicio\/index.php\/2026\/03\/13\/toyota-bhassa-presento-el-nuevo-yaris-cross-en-simultaneo-en-sus-tres-sucursales\/"},"wordCount":462,"publisher":{"@id":"https:\/\/diariotextual.com\/inicio\/#organization"},"image":{"@id":"https:\/\/diariotextual.com\/inicio\/index.php\/2026\/03\/13\/toyota-bhassa-presento-el-nuevo-yaris-cross-en-simultaneo-en-sus-tres-sucursales\/#primaryimage"},"thumbnailUrl":"https:\/\/diariotextual.com\/inicio\/wp-content\/uploads\/2026\/03\/toyotayarisbhassa2026-1.jpg","articleSection":["A - PORTADA2","SOCIEDAD"],"inLanguage":"es"},{"@type":"WebPage","@id":"https:\/\/diariotextual.com\/inicio\/index.php\/2026\/03\/13\/toyota-bhassa-presento-el-nuevo-yaris-cross-en-simultaneo-en-sus-tres-sucursales\/","url":"https:\/\/diariotextual.com\/inicio\/index.php\/2026\/03\/13\/toyota-bhassa-presento-el-nuevo-yaris-cross-en-simultaneo-en-sus-tres-sucursales\/","name":"Toyota Bhassa present\u00f3 el nuevo Yaris Cross en simult\u00e1neo en sus tres sucursales - Diario Textual","isPartOf":{"@id":"https:\/\/diariotextual.com\/inicio\/#website"},"primaryImageOfPage":{"@id":"https:\/\/diariotextual.com\/inicio\/index.php\/2026\/03\/13\/toyota-bhassa-presento-el-nuevo-yaris-cross-en-simultaneo-en-sus-tres-sucursales\/#primaryimage"},"image":{"@id":"https:\/\/diariotextual.com\/inicio\/index.php\/2026\/03\/13\/toyota-bhassa-presento-el-nuevo-yaris-cross-en-simultaneo-en-sus-tres-sucursales\/#primaryimage"},"thumbnailUrl":"https:\/\/diariotextual.com\/inicio\/wp-content\/uploads\/2026\/03\/toyotayarisbhassa2026-1.jpg","datePublished":"2026-03-13T10:19:49+00:00","dateModified":"2026-03-13T13:40:40+00:00","breadcrumb":{"@id":"https:\/\/diariotextual.com\/inicio\/index.php\/2026\/03\/13\/toyota-bhassa-presento-el-nuevo-yaris-cross-en-simultaneo-en-sus-tres-sucursales\/#breadcrumb"},"inLanguage":"es","potentialAction":[{"@type":"ReadAction","target":["https:\/\/diariotextual.com\/inicio\/index.php\/2026\/03\/13\/toyota-bhassa-presento-el-nuevo-yaris-cross-en-simultaneo-en-sus-tres-sucursales\/"]}]},{"@type":"ImageObject","inLanguage":"es","@id":"https:\/\/diariotextual.com\/inicio\/index.php\/2026\/03\/13\/toyota-bhassa-presento-el-nuevo-yaris-cross-en-simultaneo-en-sus-tres-sucursales\/#primaryimage","url":"https:\/\/diariotextual.com\/inicio\/wp-content\/uploads\/2026\/03\/toyotayarisbhassa2026-1.jpg","contentUrl":"https:\/\/diariotextual.com\/inicio\/wp-content\/uploads\/2026\/03\/toyotayarisbhassa2026-1.jpg","width":1280,"height":719},{"@type":"BreadcrumbList","@id":"https:\/\/diariotextual.com\/inicio\/index.php\/2026\/03\/13\/toyota-bhassa-presento-el-nuevo-yaris-cross-en-simultaneo-en-sus-tres-sucursales\/#breadcrumb","itemListElement":[{"@type":"ListItem","position":1,"name":"Portada","item":"https:\/\/diariotextual.com\/inicio\/"},{"@type":"ListItem","position":2,"name":"Toyota Bhassa present\u00f3 el nuevo Yaris Cross en simult\u00e1neo en sus tres sucursales"}]},{"@type":"WebSite","@id":"https:\/\/diariotextual.com\/inicio\/#website","url":"https:\/\/diariotextual.com\/inicio\/","name":"Diario Textual","description":"","publisher":{"@id":"https:\/\/diariotextual.com\/inicio\/#organization"},"potentialAction":[{"@type":"SearchAction","target":{"@type":"EntryPoint","urlTemplate":"https:\/\/diariotextual.com\/inicio\/?s={search_term_string}"},"query-input":{"@type":"PropertyValueSpecification","valueRequired":true,"valueName":"search_term_string"}}],"inLanguage":"es"},{"@type":"Organization","@id":"https:\/\/diariotextual.com\/inicio\/#organization","name":"Diario Textual","url":"https:\/\/diariotextual.com\/inicio\/","logo":{"@type":"ImageObject","inLanguage":"es","@id":"https:\/\/diariotextual.com\/inicio\/#\/schema\/logo\/image\/","url":"https:\/\/diariotextual.com\/inicio\/wp-content\/uploads\/2023\/05\/logotextual1.jpg","contentUrl":"https:\/\/diariotextual.com\/inicio\/wp-content\/uploads\/2023\/05\/logotextual1.jpg","width":516,"height":76,"caption":"Diario Textual"},"image":{"@id":"https:\/\/diariotextual.com\/inicio\/#\/schema\/logo\/image\/"},"sameAs":["https:\/\/www.facebook.com\/eltextual","https:\/\/x.com\/eltextual","http:\/\/www.instagram.com\/eltextual"]},{"@type":"Person","@id":"https:\/\/diariotextual.com\/inicio\/#\/schema\/person\/418fc4093c33e86ed41562db3508f958","name":"Diario1 Diario1","image":{"@type":"ImageObject","inLanguage":"es","@id":"https:\/\/secure.gravatar.com\/avatar\/9167d280179c85bc18be67aa7eda765854300033af4896dd779b608640f2ef7a?s=96&d=mm&r=g","url":"https:\/\/secure.gravatar.com\/avatar\/9167d280179c85bc18be67aa7eda765854300033af4896dd779b608640f2ef7a?s=96&d=mm&r=g","contentUrl":"https:\/\/secure.gravatar.com\/avatar\/9167d280179c85bc18be67aa7eda765854300033af4896dd779b608640f2ef7a?s=96&d=mm&r=g","caption":"Diario1 Diario1"},"url":"https:\/\/diariotextual.com\/inicio\/index.php\/author\/diario1\/"}]}},"_links":{"self":[{"href":"https:\/\/diariotextual.com\/inicio\/index.php\/wp-json\/wp\/v2\/posts\/322174","targetHints":{"allow":["GET"]}}],"collection":[{"href":"https:\/\/diariotextual.com\/inicio\/index.php\/wp-json\/wp\/v2\/posts"}],"about":[{"href":"https:\/\/diariotextual.com\/inicio\/index.php\/wp-json\/wp\/v2\/types\/post"}],"author":[{"embeddable":true,"href":"https:\/\/diariotextual.com\/inicio\/index.php\/wp-json\/wp\/v2\/users\/3"}],"replies":[{"embeddable":true,"href":"https:\/\/diariotextual.com\/inicio\/index.php\/wp-json\/wp\/v2\/comments?post=322174"}],"version-history":[{"count":2,"href":"https:\/\/diariotextual.com\/inicio\/index.php\/wp-json\/wp\/v2\/posts\/322174\/revisions"}],"predecessor-version":[{"id":322180,"href":"https:\/\/diariotextual.com\/inicio\/index.php\/wp-json\/wp\/v2\/posts\/322174\/revisions\/322180"}],"wp:featuredmedia":[{"embeddable":true,"href":"https:\/\/diariotextual.com\/inicio\/index.php\/wp-json\/wp\/v2\/media\/322177"}],"wp:attachment":[{"href":"https:\/\/diariotextual.com\/inicio\/index.php\/wp-json\/wp\/v2\/media?parent=322174"}],"wp:term":[{"taxonomy":"category","embeddable":true,"href":"https:\/\/diariotextual.com\/inicio\/index.php\/wp-json\/wp\/v2\/categories?post=322174"},{"taxonomy":"post_tag","embeddable":true,"href":"https:\/\/diariotextual.com\/inicio\/index.php\/wp-json\/wp\/v2\/tags?post=322174"}],"curies":[{"name":"wp","href":"https:\/\/api.w.org\/{rel}","templated":true}]}}