{"id":322205,"date":"2026-03-13T10:39:45","date_gmt":"2026-03-13T13:39:45","guid":{"rendered":"https:\/\/diariotextual.com\/inicio\/?p=322205"},"modified":"2026-03-14T13:58:10","modified_gmt":"2026-03-14T16:58:10","slug":"cuidemos-el-rio-colorado-esa-es-mi-propuesta-para-participar-de-esta-audiencia-publica","status":"publish","type":"post","link":"https:\/\/diariotextual.com\/inicio\/index.php\/2026\/03\/13\/cuidemos-el-rio-colorado-esa-es-mi-propuesta-para-participar-de-esta-audiencia-publica\/","title":{"rendered":"\u201cCuidemos el r\u00edo Colorado; esa es mi propuesta para participar de esta audiencia p\u00fablica\u201d"},"content":{"rendered":"\n<p><strong>Ana Mar\u00eda Zorzi,<\/strong> fot\u00f3grafa y militante por la causa de los r\u00edos pampeanos, es una de las inscriptas para participar de las <strong>audiencias p\u00fablicas organizadas por la C\u00e1mara de Diputados de la Naci\u00f3n<\/strong> en el marco del proyecto de <strong>reforma de la ley de Glaciares<\/strong>, que<strong> podr\u00eda afectar a los r\u00edos Atuel y Colorado<\/strong>. Hasta el momento ya hay <strong>m\u00e1s de 27 mil personas anotadas<\/strong> para intervenir en las jornadas previstas para el <strong>25 y 26 de marzo<\/strong>. \u201cCorresponde que seamos responsables de custodiar las <strong>reservas h\u00eddricas<\/strong>. La protecci\u00f3n de los <strong>glaciares y de la zona periglaciar<\/strong> impide la exploraci\u00f3n y explotaci\u00f3n minera que afecten la din\u00e1mica de los hielos y la calidad del agua\u201d, dijo Zorzi a <strong>Diario Textual<\/strong>.<\/p>\n\n\n\n<p>La iniciativa, que ya cuenta con <strong>media sanci\u00f3n del Senado<\/strong>, permitir\u00eda a las <strong>provincias cordilleranas<\/strong> -como Mendoza- determinar qu\u00e9 glaciares quedan protegidos y en cu\u00e1les se podr\u00edan habilitar <strong>actividades extractivas<\/strong>, entre ellas la miner\u00eda.<\/p>\n\n\n\n<p>\u201cDesde los <strong>glaciares nacen nuestros r\u00edos<\/strong>, que abastecen de agua potable a provincias alejadas de la cordillera, como <strong>La Pampa<\/strong>. Con esto podemos anticipar qu\u00e9 pasar\u00eda con nuestros r\u00edos <strong>Colorado y Atuel<\/strong>\u201d, sostuvo.<\/p>\n\n\n\n<p>Zorzi adelant\u00f3 que participar\u00e1 de la audiencia p\u00fablica <strong>el jueves 26 de marzo de manera virtual<\/strong>, mientras que la del <strong>25 ser\u00e1 presencial<\/strong> en la <strong>sala 2 del segundo piso del anexo C de la C\u00e1mara de Diputados de la Naci\u00f3n<\/strong>.<\/p>\n\n\n\n<div style=\"height:100px\" aria-hidden=\"true\" class=\"wp-block-spacer\"><\/div>\n\n\n\n<p><strong>M\u00e1s de 27 mil inscriptos<\/strong><\/p>\n\n\n\n<p>Las audiencias p\u00fablicas ya superan los <strong>27 mil inscriptos<\/strong> y ahora surge la inc\u00f3gnita sobre <strong>c\u00f3mo se instrumentar\u00e1n las exposiciones<\/strong> ante semejante cantidad de oradores interesados en opinar sobre la reforma que habilitar\u00eda la <strong>explotaci\u00f3n minera en zonas donde hoy est\u00e1 prohibida<\/strong>.<\/p>\n\n\n\n<p>Fuentes parlamentarias indicaron que se analiza la <strong>metodolog\u00eda para desarrollar las audiencias<\/strong> y no se descarta que gran parte de las intervenciones se realice <strong>por escrito<\/strong>, una alternativa que podr\u00eda generar cuestionamientos.<\/p>\n\n\n\n<p>Otra posibilidad es que cada <strong>bloque parlamentario<\/strong> proponga un n\u00famero determinado de expositores para participar de forma presencial.<\/p>\n\n\n\n<p>En ese contexto, los diputados opositores <strong>Maximiliano Ferraro<\/strong> y <strong>Mar\u00eda In\u00e9s Zigar\u00e1n<\/strong>, del interbloque <strong>Provincias Unidas<\/strong>, junto con la diputada <strong>Sabrina Selva<\/strong>, enviaron una <strong>carta al presidente de la C\u00e1mara de Diputados, Mart\u00edn Menem<\/strong>, y a los legisladores <strong>Gabriel Bornoroni, Nicol\u00e1s Mayoraz y Jos\u00e9 Luis Espert<\/strong>, entre otros, para solicitar que <strong>se extienda el plazo de las audiencias p\u00fablicas<\/strong>.<\/p>\n\n\n\n<p>\u201cYa es p\u00fablico el registro en la p\u00e1gina web de la C\u00e1mara de Diputados. Ahora falta que nos digan <strong>c\u00f3mo se extender\u00e1n los d\u00edas de audiencias<\/strong> para garantizar que todos los que se anotaron tengan voz. Hay inscriptos de todas las provincias\u201d, expres\u00f3 Selva.<\/p>\n\n\n\n<p>\u201c<strong>Hay 27.837 inscriptos<\/strong> en la audiencia p\u00fablica por la ley de Glaciares\u201d, dijo, en tanto, Ferraro. \u201cComo referencia, en el debate por la <strong>Interrupci\u00f3n Voluntaria del Embarazo (IVE)<\/strong> hubo <strong>15 d\u00edas de audiencias y 738 inscriptos<\/strong>\u201d.<\/p>\n\n\n\n<div style=\"height:100px\" aria-hidden=\"true\" class=\"wp-block-spacer\"><\/div>\n\n\n\n<p><strong>Media sanci\u00f3n del Senado<\/strong><\/p>\n\n\n\n<p>La <strong>reforma de la ley de Glaciares<\/strong> fue aprobada el <strong>26 de febrero<\/strong> por el Senado con <strong>40 votos a favor y 31 en contra<\/strong>. Entre los rechazos se incluyeron dos votos del bloque peronista: los exgobernadores <strong>Sergio U\u00f1ac<\/strong>, de <strong>San Juan<\/strong>, y <strong>Luc\u00eda Corpacci<\/strong>, de <strong>Catamarca<\/strong>.<\/p>\n\n\n\n<p>La aprobaci\u00f3n del proyecto respondi\u00f3 a un <strong>compromiso del Gobierno nacional con los gobernadores de provincias cordilleranas<\/strong>, que buscan una legislaci\u00f3n <strong>m\u00e1s flexible<\/strong> para impulsar <strong>inversiones en miner\u00eda e hidrocarburos<\/strong>.<\/p>\n\n\n\n<p><\/p>\n","protected":false},"excerpt":{"rendered":"<p>Ana Mar\u00eda Zorzi, fot\u00f3grafa y militante por la causa de los r\u00edos pampeanos, es una de las inscriptas para participar de las audiencias p\u00fablicas organizadas por la C\u00e1mara de Diputados&hellip;<\/p>\n","protected":false},"author":3,"featured_media":322207,"comment_status":"closed","ping_status":"open","sticky":false,"template":"","format":"standard","meta":{"_acf_changed":false,"footnotes":""},"categories":[1,12],"tags":[],"class_list":["post-322205","post","type-post","status-publish","format-standard","has-post-thumbnail","hentry","category-es-noticia","category-sociedad"],"acf":[],"yoast_head":"<!-- This site is optimized with the Yoast SEO plugin v27.5 - https:\/\/yoast.com\/product\/yoast-seo-wordpress\/ -->\n<title>\u201cCuidemos el r\u00edo Colorado; esa es mi propuesta para participar de esta audiencia p\u00fablica\u201d - Diario Textual<\/title>\n<meta name=\"robots\" content=\"index, follow, max-snippet:-1, max-image-preview:large, max-video-preview:-1\" \/>\n<link rel=\"canonical\" href=\"https:\/\/diariotextual.com\/inicio\/index.php\/2026\/03\/13\/cuidemos-el-rio-colorado-esa-es-mi-propuesta-para-participar-de-esta-audiencia-publica\/\" \/>\n<meta property=\"og:locale\" content=\"es_ES\" \/>\n<meta property=\"og:type\" content=\"article\" \/>\n<meta property=\"og:title\" content=\"\u201cCuidemos el r\u00edo Colorado; esa es mi propuesta para participar de esta audiencia p\u00fablica\u201d - Diario Textual\" \/>\n<meta property=\"og:description\" content=\"Ana Mar\u00eda Zorzi, fot\u00f3grafa y militante por la causa de los r\u00edos pampeanos, es una de las inscriptas para participar de las audiencias p\u00fablicas organizadas por la C\u00e1mara de Diputados&hellip;\" \/>\n<meta property=\"og:url\" content=\"https:\/\/diariotextual.com\/inicio\/index.php\/2026\/03\/13\/cuidemos-el-rio-colorado-esa-es-mi-propuesta-para-participar-de-esta-audiencia-publica\/\" \/>\n<meta property=\"og:site_name\" content=\"Diario Textual\" \/>\n<meta property=\"article:publisher\" content=\"https:\/\/www.facebook.com\/eltextual\" \/>\n<meta property=\"article:published_time\" content=\"2026-03-13T13:39:45+00:00\" \/>\n<meta property=\"article:modified_time\" content=\"2026-03-14T16:58:10+00:00\" \/>\n<meta property=\"og:image\" content=\"https:\/\/diariotextual.com\/inicio\/wp-content\/uploads\/2026\/03\/zorzianamaria2026-1.jpg\" \/>\n\t<meta property=\"og:image:width\" content=\"836\" \/>\n\t<meta property=\"og:image:height\" content=\"535\" \/>\n\t<meta property=\"og:image:type\" content=\"image\/jpeg\" \/>\n<meta name=\"author\" content=\"Diario1 Diario1\" \/>\n<meta name=\"twitter:card\" content=\"summary_large_image\" \/>\n<meta name=\"twitter:creator\" content=\"@eltextual\" \/>\n<meta name=\"twitter:site\" content=\"@eltextual\" \/>\n<meta name=\"twitter:label1\" content=\"Escrito por\" \/>\n\t<meta name=\"twitter:data1\" content=\"Diario1 Diario1\" \/>\n\t<meta name=\"twitter:label2\" content=\"Tiempo de lectura\" \/>\n\t<meta name=\"twitter:data2\" content=\"3 minutos\" \/>\n<script type=\"application\/ld+json\" class=\"yoast-schema-graph\">{\"@context\":\"https:\\\/\\\/schema.org\",\"@graph\":[{\"@type\":\"Article\",\"@id\":\"https:\\\/\\\/diariotextual.com\\\/inicio\\\/index.php\\\/2026\\\/03\\\/13\\\/cuidemos-el-rio-colorado-esa-es-mi-propuesta-para-participar-de-esta-audiencia-publica\\\/#article\",\"isPartOf\":{\"@id\":\"https:\\\/\\\/diariotextual.com\\\/inicio\\\/index.php\\\/2026\\\/03\\\/13\\\/cuidemos-el-rio-colorado-esa-es-mi-propuesta-para-participar-de-esta-audiencia-publica\\\/\"},\"author\":{\"name\":\"Diario1 Diario1\",\"@id\":\"https:\\\/\\\/diariotextual.com\\\/inicio\\\/#\\\/schema\\\/person\\\/418fc4093c33e86ed41562db3508f958\"},\"headline\":\"\u201cCuidemos el r\u00edo Colorado; esa es mi propuesta para participar de esta audiencia p\u00fablica\u201d\",\"datePublished\":\"2026-03-13T13:39:45+00:00\",\"dateModified\":\"2026-03-14T16:58:10+00:00\",\"mainEntityOfPage\":{\"@id\":\"https:\\\/\\\/diariotextual.com\\\/inicio\\\/index.php\\\/2026\\\/03\\\/13\\\/cuidemos-el-rio-colorado-esa-es-mi-propuesta-para-participar-de-esta-audiencia-publica\\\/\"},\"wordCount\":605,\"publisher\":{\"@id\":\"https:\\\/\\\/diariotextual.com\\\/inicio\\\/#organization\"},\"image\":{\"@id\":\"https:\\\/\\\/diariotextual.com\\\/inicio\\\/index.php\\\/2026\\\/03\\\/13\\\/cuidemos-el-rio-colorado-esa-es-mi-propuesta-para-participar-de-esta-audiencia-publica\\\/#primaryimage\"},\"thumbnailUrl\":\"https:\\\/\\\/diariotextual.com\\\/inicio\\\/wp-content\\\/uploads\\\/2026\\\/03\\\/zorzianamaria2026-1.jpg\",\"articleSection\":[\"A - ES NOTICIA (van abajo)\",\"SOCIEDAD\"],\"inLanguage\":\"es\"},{\"@type\":\"WebPage\",\"@id\":\"https:\\\/\\\/diariotextual.com\\\/inicio\\\/index.php\\\/2026\\\/03\\\/13\\\/cuidemos-el-rio-colorado-esa-es-mi-propuesta-para-participar-de-esta-audiencia-publica\\\/\",\"url\":\"https:\\\/\\\/diariotextual.com\\\/inicio\\\/index.php\\\/2026\\\/03\\\/13\\\/cuidemos-el-rio-colorado-esa-es-mi-propuesta-para-participar-de-esta-audiencia-publica\\\/\",\"name\":\"\u201cCuidemos el r\u00edo Colorado; esa es mi propuesta para participar de esta audiencia p\u00fablica\u201d - Diario Textual\",\"isPartOf\":{\"@id\":\"https:\\\/\\\/diariotextual.com\\\/inicio\\\/#website\"},\"primaryImageOfPage\":{\"@id\":\"https:\\\/\\\/diariotextual.com\\\/inicio\\\/index.php\\\/2026\\\/03\\\/13\\\/cuidemos-el-rio-colorado-esa-es-mi-propuesta-para-participar-de-esta-audiencia-publica\\\/#primaryimage\"},\"image\":{\"@id\":\"https:\\\/\\\/diariotextual.com\\\/inicio\\\/index.php\\\/2026\\\/03\\\/13\\\/cuidemos-el-rio-colorado-esa-es-mi-propuesta-para-participar-de-esta-audiencia-publica\\\/#primaryimage\"},\"thumbnailUrl\":\"https:\\\/\\\/diariotextual.com\\\/inicio\\\/wp-content\\\/uploads\\\/2026\\\/03\\\/zorzianamaria2026-1.jpg\",\"datePublished\":\"2026-03-13T13:39:45+00:00\",\"dateModified\":\"2026-03-14T16:58:10+00:00\",\"breadcrumb\":{\"@id\":\"https:\\\/\\\/diariotextual.com\\\/inicio\\\/index.php\\\/2026\\\/03\\\/13\\\/cuidemos-el-rio-colorado-esa-es-mi-propuesta-para-participar-de-esta-audiencia-publica\\\/#breadcrumb\"},\"inLanguage\":\"es\",\"potentialAction\":[{\"@type\":\"ReadAction\",\"target\":[\"https:\\\/\\\/diariotextual.com\\\/inicio\\\/index.php\\\/2026\\\/03\\\/13\\\/cuidemos-el-rio-colorado-esa-es-mi-propuesta-para-participar-de-esta-audiencia-publica\\\/\"]}]},{\"@type\":\"ImageObject\",\"inLanguage\":\"es\",\"@id\":\"https:\\\/\\\/diariotextual.com\\\/inicio\\\/index.php\\\/2026\\\/03\\\/13\\\/cuidemos-el-rio-colorado-esa-es-mi-propuesta-para-participar-de-esta-audiencia-publica\\\/#primaryimage\",\"url\":\"https:\\\/\\\/diariotextual.com\\\/inicio\\\/wp-content\\\/uploads\\\/2026\\\/03\\\/zorzianamaria2026-1.jpg\",\"contentUrl\":\"https:\\\/\\\/diariotextual.com\\\/inicio\\\/wp-content\\\/uploads\\\/2026\\\/03\\\/zorzianamaria2026-1.jpg\",\"width\":836,\"height\":535},{\"@type\":\"BreadcrumbList\",\"@id\":\"https:\\\/\\\/diariotextual.com\\\/inicio\\\/index.php\\\/2026\\\/03\\\/13\\\/cuidemos-el-rio-colorado-esa-es-mi-propuesta-para-participar-de-esta-audiencia-publica\\\/#breadcrumb\",\"itemListElement\":[{\"@type\":\"ListItem\",\"position\":1,\"name\":\"Portada\",\"item\":\"https:\\\/\\\/diariotextual.com\\\/inicio\\\/\"},{\"@type\":\"ListItem\",\"position\":2,\"name\":\"\u201cCuidemos el r\u00edo Colorado; esa es mi propuesta para participar de esta audiencia p\u00fablica\u201d\"}]},{\"@type\":\"WebSite\",\"@id\":\"https:\\\/\\\/diariotextual.com\\\/inicio\\\/#website\",\"url\":\"https:\\\/\\\/diariotextual.com\\\/inicio\\\/\",\"name\":\"Diario Textual\",\"description\":\"\",\"publisher\":{\"@id\":\"https:\\\/\\\/diariotextual.com\\\/inicio\\\/#organization\"},\"potentialAction\":[{\"@type\":\"SearchAction\",\"target\":{\"@type\":\"EntryPoint\",\"urlTemplate\":\"https:\\\/\\\/diariotextual.com\\\/inicio\\\/?s={search_term_string}\"},\"query-input\":{\"@type\":\"PropertyValueSpecification\",\"valueRequired\":true,\"valueName\":\"search_term_string\"}}],\"inLanguage\":\"es\"},{\"@type\":\"Organization\",\"@id\":\"https:\\\/\\\/diariotextual.com\\\/inicio\\\/#organization\",\"name\":\"Diario Textual\",\"url\":\"https:\\\/\\\/diariotextual.com\\\/inicio\\\/\",\"logo\":{\"@type\":\"ImageObject\",\"inLanguage\":\"es\",\"@id\":\"https:\\\/\\\/diariotextual.com\\\/inicio\\\/#\\\/schema\\\/logo\\\/image\\\/\",\"url\":\"https:\\\/\\\/diariotextual.com\\\/inicio\\\/wp-content\\\/uploads\\\/2023\\\/05\\\/logotextual1.jpg\",\"contentUrl\":\"https:\\\/\\\/diariotextual.com\\\/inicio\\\/wp-content\\\/uploads\\\/2023\\\/05\\\/logotextual1.jpg\",\"width\":516,\"height\":76,\"caption\":\"Diario Textual\"},\"image\":{\"@id\":\"https:\\\/\\\/diariotextual.com\\\/inicio\\\/#\\\/schema\\\/logo\\\/image\\\/\"},\"sameAs\":[\"https:\\\/\\\/www.facebook.com\\\/eltextual\",\"https:\\\/\\\/x.com\\\/eltextual\",\"http:\\\/\\\/www.instagram.com\\\/eltextual\"]},{\"@type\":\"Person\",\"@id\":\"https:\\\/\\\/diariotextual.com\\\/inicio\\\/#\\\/schema\\\/person\\\/418fc4093c33e86ed41562db3508f958\",\"name\":\"Diario1 Diario1\",\"image\":{\"@type\":\"ImageObject\",\"inLanguage\":\"es\",\"@id\":\"https:\\\/\\\/secure.gravatar.com\\\/avatar\\\/9167d280179c85bc18be67aa7eda765854300033af4896dd779b608640f2ef7a?s=96&d=mm&r=g\",\"url\":\"https:\\\/\\\/secure.gravatar.com\\\/avatar\\\/9167d280179c85bc18be67aa7eda765854300033af4896dd779b608640f2ef7a?s=96&d=mm&r=g\",\"contentUrl\":\"https:\\\/\\\/secure.gravatar.com\\\/avatar\\\/9167d280179c85bc18be67aa7eda765854300033af4896dd779b608640f2ef7a?s=96&d=mm&r=g\",\"caption\":\"Diario1 Diario1\"},\"url\":\"https:\\\/\\\/diariotextual.com\\\/inicio\\\/index.php\\\/author\\\/diario1\\\/\"}]}<\/script>\n<!-- \/ Yoast SEO plugin. -->","yoast_head_json":{"title":"\u201cCuidemos el r\u00edo Colorado; esa es mi propuesta para participar de esta audiencia p\u00fablica\u201d - Diario Textual","robots":{"index":"index","follow":"follow","max-snippet":"max-snippet:-1","max-image-preview":"max-image-preview:large","max-video-preview":"max-video-preview:-1"},"canonical":"https:\/\/diariotextual.com\/inicio\/index.php\/2026\/03\/13\/cuidemos-el-rio-colorado-esa-es-mi-propuesta-para-participar-de-esta-audiencia-publica\/","og_locale":"es_ES","og_type":"article","og_title":"\u201cCuidemos el r\u00edo Colorado; esa es mi propuesta para participar de esta audiencia p\u00fablica\u201d - Diario Textual","og_description":"Ana Mar\u00eda Zorzi, fot\u00f3grafa y militante por la causa de los r\u00edos pampeanos, es una de las inscriptas para participar de las audiencias p\u00fablicas organizadas por la C\u00e1mara de Diputados&hellip;","og_url":"https:\/\/diariotextual.com\/inicio\/index.php\/2026\/03\/13\/cuidemos-el-rio-colorado-esa-es-mi-propuesta-para-participar-de-esta-audiencia-publica\/","og_site_name":"Diario Textual","article_publisher":"https:\/\/www.facebook.com\/eltextual","article_published_time":"2026-03-13T13:39:45+00:00","article_modified_time":"2026-03-14T16:58:10+00:00","og_image":[{"width":836,"height":535,"url":"https:\/\/diariotextual.com\/inicio\/wp-content\/uploads\/2026\/03\/zorzianamaria2026-1.jpg","type":"image\/jpeg"}],"author":"Diario1 Diario1","twitter_card":"summary_large_image","twitter_creator":"@eltextual","twitter_site":"@eltextual","twitter_misc":{"Escrito por":"Diario1 Diario1","Tiempo de lectura":"3 minutos"},"schema":{"@context":"https:\/\/schema.org","@graph":[{"@type":"Article","@id":"https:\/\/diariotextual.com\/inicio\/index.php\/2026\/03\/13\/cuidemos-el-rio-colorado-esa-es-mi-propuesta-para-participar-de-esta-audiencia-publica\/#article","isPartOf":{"@id":"https:\/\/diariotextual.com\/inicio\/index.php\/2026\/03\/13\/cuidemos-el-rio-colorado-esa-es-mi-propuesta-para-participar-de-esta-audiencia-publica\/"},"author":{"name":"Diario1 Diario1","@id":"https:\/\/diariotextual.com\/inicio\/#\/schema\/person\/418fc4093c33e86ed41562db3508f958"},"headline":"\u201cCuidemos el r\u00edo Colorado; esa es mi propuesta para participar de esta audiencia p\u00fablica\u201d","datePublished":"2026-03-13T13:39:45+00:00","dateModified":"2026-03-14T16:58:10+00:00","mainEntityOfPage":{"@id":"https:\/\/diariotextual.com\/inicio\/index.php\/2026\/03\/13\/cuidemos-el-rio-colorado-esa-es-mi-propuesta-para-participar-de-esta-audiencia-publica\/"},"wordCount":605,"publisher":{"@id":"https:\/\/diariotextual.com\/inicio\/#organization"},"image":{"@id":"https:\/\/diariotextual.com\/inicio\/index.php\/2026\/03\/13\/cuidemos-el-rio-colorado-esa-es-mi-propuesta-para-participar-de-esta-audiencia-publica\/#primaryimage"},"thumbnailUrl":"https:\/\/diariotextual.com\/inicio\/wp-content\/uploads\/2026\/03\/zorzianamaria2026-1.jpg","articleSection":["A - ES NOTICIA (van abajo)","SOCIEDAD"],"inLanguage":"es"},{"@type":"WebPage","@id":"https:\/\/diariotextual.com\/inicio\/index.php\/2026\/03\/13\/cuidemos-el-rio-colorado-esa-es-mi-propuesta-para-participar-de-esta-audiencia-publica\/","url":"https:\/\/diariotextual.com\/inicio\/index.php\/2026\/03\/13\/cuidemos-el-rio-colorado-esa-es-mi-propuesta-para-participar-de-esta-audiencia-publica\/","name":"\u201cCuidemos el r\u00edo Colorado; esa es mi propuesta para participar de esta audiencia p\u00fablica\u201d - Diario Textual","isPartOf":{"@id":"https:\/\/diariotextual.com\/inicio\/#website"},"primaryImageOfPage":{"@id":"https:\/\/diariotextual.com\/inicio\/index.php\/2026\/03\/13\/cuidemos-el-rio-colorado-esa-es-mi-propuesta-para-participar-de-esta-audiencia-publica\/#primaryimage"},"image":{"@id":"https:\/\/diariotextual.com\/inicio\/index.php\/2026\/03\/13\/cuidemos-el-rio-colorado-esa-es-mi-propuesta-para-participar-de-esta-audiencia-publica\/#primaryimage"},"thumbnailUrl":"https:\/\/diariotextual.com\/inicio\/wp-content\/uploads\/2026\/03\/zorzianamaria2026-1.jpg","datePublished":"2026-03-13T13:39:45+00:00","dateModified":"2026-03-14T16:58:10+00:00","breadcrumb":{"@id":"https:\/\/diariotextual.com\/inicio\/index.php\/2026\/03\/13\/cuidemos-el-rio-colorado-esa-es-mi-propuesta-para-participar-de-esta-audiencia-publica\/#breadcrumb"},"inLanguage":"es","potentialAction":[{"@type":"ReadAction","target":["https:\/\/diariotextual.com\/inicio\/index.php\/2026\/03\/13\/cuidemos-el-rio-colorado-esa-es-mi-propuesta-para-participar-de-esta-audiencia-publica\/"]}]},{"@type":"ImageObject","inLanguage":"es","@id":"https:\/\/diariotextual.com\/inicio\/index.php\/2026\/03\/13\/cuidemos-el-rio-colorado-esa-es-mi-propuesta-para-participar-de-esta-audiencia-publica\/#primaryimage","url":"https:\/\/diariotextual.com\/inicio\/wp-content\/uploads\/2026\/03\/zorzianamaria2026-1.jpg","contentUrl":"https:\/\/diariotextual.com\/inicio\/wp-content\/uploads\/2026\/03\/zorzianamaria2026-1.jpg","width":836,"height":535},{"@type":"BreadcrumbList","@id":"https:\/\/diariotextual.com\/inicio\/index.php\/2026\/03\/13\/cuidemos-el-rio-colorado-esa-es-mi-propuesta-para-participar-de-esta-audiencia-publica\/#breadcrumb","itemListElement":[{"@type":"ListItem","position":1,"name":"Portada","item":"https:\/\/diariotextual.com\/inicio\/"},{"@type":"ListItem","position":2,"name":"\u201cCuidemos el r\u00edo Colorado; esa es mi propuesta para participar de esta audiencia p\u00fablica\u201d"}]},{"@type":"WebSite","@id":"https:\/\/diariotextual.com\/inicio\/#website","url":"https:\/\/diariotextual.com\/inicio\/","name":"Diario Textual","description":"","publisher":{"@id":"https:\/\/diariotextual.com\/inicio\/#organization"},"potentialAction":[{"@type":"SearchAction","target":{"@type":"EntryPoint","urlTemplate":"https:\/\/diariotextual.com\/inicio\/?s={search_term_string}"},"query-input":{"@type":"PropertyValueSpecification","valueRequired":true,"valueName":"search_term_string"}}],"inLanguage":"es"},{"@type":"Organization","@id":"https:\/\/diariotextual.com\/inicio\/#organization","name":"Diario Textual","url":"https:\/\/diariotextual.com\/inicio\/","logo":{"@type":"ImageObject","inLanguage":"es","@id":"https:\/\/diariotextual.com\/inicio\/#\/schema\/logo\/image\/","url":"https:\/\/diariotextual.com\/inicio\/wp-content\/uploads\/2023\/05\/logotextual1.jpg","contentUrl":"https:\/\/diariotextual.com\/inicio\/wp-content\/uploads\/2023\/05\/logotextual1.jpg","width":516,"height":76,"caption":"Diario Textual"},"image":{"@id":"https:\/\/diariotextual.com\/inicio\/#\/schema\/logo\/image\/"},"sameAs":["https:\/\/www.facebook.com\/eltextual","https:\/\/x.com\/eltextual","http:\/\/www.instagram.com\/eltextual"]},{"@type":"Person","@id":"https:\/\/diariotextual.com\/inicio\/#\/schema\/person\/418fc4093c33e86ed41562db3508f958","name":"Diario1 Diario1","image":{"@type":"ImageObject","inLanguage":"es","@id":"https:\/\/secure.gravatar.com\/avatar\/9167d280179c85bc18be67aa7eda765854300033af4896dd779b608640f2ef7a?s=96&d=mm&r=g","url":"https:\/\/secure.gravatar.com\/avatar\/9167d280179c85bc18be67aa7eda765854300033af4896dd779b608640f2ef7a?s=96&d=mm&r=g","contentUrl":"https:\/\/secure.gravatar.com\/avatar\/9167d280179c85bc18be67aa7eda765854300033af4896dd779b608640f2ef7a?s=96&d=mm&r=g","caption":"Diario1 Diario1"},"url":"https:\/\/diariotextual.com\/inicio\/index.php\/author\/diario1\/"}]}},"_links":{"self":[{"href":"https:\/\/diariotextual.com\/inicio\/index.php\/wp-json\/wp\/v2\/posts\/322205","targetHints":{"allow":["GET"]}}],"collection":[{"href":"https:\/\/diariotextual.com\/inicio\/index.php\/wp-json\/wp\/v2\/posts"}],"about":[{"href":"https:\/\/diariotextual.com\/inicio\/index.php\/wp-json\/wp\/v2\/types\/post"}],"author":[{"embeddable":true,"href":"https:\/\/diariotextual.com\/inicio\/index.php\/wp-json\/wp\/v2\/users\/3"}],"replies":[{"embeddable":true,"href":"https:\/\/diariotextual.com\/inicio\/index.php\/wp-json\/wp\/v2\/comments?post=322205"}],"version-history":[{"count":2,"href":"https:\/\/diariotextual.com\/inicio\/index.php\/wp-json\/wp\/v2\/posts\/322205\/revisions"}],"predecessor-version":[{"id":322208,"href":"https:\/\/diariotextual.com\/inicio\/index.php\/wp-json\/wp\/v2\/posts\/322205\/revisions\/322208"}],"wp:featuredmedia":[{"embeddable":true,"href":"https:\/\/diariotextual.com\/inicio\/index.php\/wp-json\/wp\/v2\/media\/322207"}],"wp:attachment":[{"href":"https:\/\/diariotextual.com\/inicio\/index.php\/wp-json\/wp\/v2\/media?parent=322205"}],"wp:term":[{"taxonomy":"category","embeddable":true,"href":"https:\/\/diariotextual.com\/inicio\/index.php\/wp-json\/wp\/v2\/categories?post=322205"},{"taxonomy":"post_tag","embeddable":true,"href":"https:\/\/diariotextual.com\/inicio\/index.php\/wp-json\/wp\/v2\/tags?post=322205"}],"curies":[{"name":"wp","href":"https:\/\/api.w.org\/{rel}","templated":true}]}}