{"id":322209,"date":"2026-03-13T11:11:43","date_gmt":"2026-03-13T14:11:43","guid":{"rendered":"https:\/\/diariotextual.com\/inicio\/?p=322209"},"modified":"2026-03-13T17:47:26","modified_gmt":"2026-03-13T20:47:26","slug":"el-gobierno-modifico-el-plan-de-lucha-contra-la-aftosa-para-habilitar-que-veterinarios-privados-apliquen-la-vacuna","status":"publish","type":"post","link":"https:\/\/diariotextual.com\/inicio\/index.php\/2026\/03\/13\/el-gobierno-modifico-el-plan-de-lucha-contra-la-aftosa-para-habilitar-que-veterinarios-privados-apliquen-la-vacuna\/","title":{"rendered":"El Gobierno modific\u00f3 el plan de lucha contra la  aftosa para habilitar que veterinarios privados apliquen la vacuna"},"content":{"rendered":"\n<p>El <strong>Gobierno nacional<\/strong> habilit\u00f3 la <strong>libre elecci\u00f3n de veterinarios<\/strong> para las campa\u00f1as de vacunaci\u00f3n contra la <strong>fiebre aftosa<\/strong> y la <strong>brucelosis bovina<\/strong>, una medida que regir\u00e1 desde el <strong>1\u00ba de enero de 2027<\/strong>. La disposici\u00f3n permitir\u00e1 que los <strong>productores ganaderos<\/strong> seleccionen al profesional privado que se encargar\u00e1 de la inmunizaci\u00f3n de sus rodeos, una tarea que hasta ahora estaba vinculada a los <strong>entes sanitarios locales<\/strong>.<\/p>\n\n\n\n<p>Hasta el momento, la vacunaci\u00f3n deb\u00eda ser realizada por el <strong>ente o fundaci\u00f3n sanitaria<\/strong> habilitada en cada distrito. Con el nuevo esquema, los productores podr\u00e1n contratar a un <strong>veterinario privado<\/strong> debidamente registrado ante el organismo sanitario.<\/p>\n\n\n\n<p>La norma que introduce este cambio es la <strong>Resoluci\u00f3n 201\/2026<\/strong>, firmada por la titular de <strong>Senasa<\/strong>, <strong>Mar\u00eda Beatriz \u201cPilu\u201d Giraudo<\/strong>, y publicada este viernes en el <strong>Bolet\u00edn Oficial<\/strong>. La modificaci\u00f3n fue dictada sin consenso con buena parte de la dirigencia rural \u2014en especial con <strong>Confederaciones Rurales Argentinas (CRA)<\/strong>, de donde depende gran parte de la estructura actual de fundaciones sanitarias\u2014 y hab\u00eda sido anticipada por el ministro de <strong>Desregulaci\u00f3n<\/strong>, <strong>Federico Sturzenegger<\/strong>.<\/p>\n\n\n\n<p>Bajo el nuevo esquema, los titulares de establecimientos registrados en el <strong>Registro Nacional Sanitario de Productores Agropecuarios (renspa)<\/strong> podr\u00e1n contratar directamente a <strong>veterinarios acreditados<\/strong> para la compra, guarda y aplicaci\u00f3n de las dosis.<\/p>\n\n\n\n<p>En caso de que el productor no informe una opci\u00f3n distinta a trav\u00e9s del <strong>sistema de autogesti\u00f3n<\/strong>, la responsabilidad del servicio se mantendr\u00e1, por defecto, en el <strong>ente sanitario<\/strong> de su jurisdicci\u00f3n.<\/p>\n\n\n\n<div style=\"height:100px\" aria-hidden=\"true\" class=\"wp-block-spacer\"><\/div>\n\n\n\n<p><strong>Cambios en el sistema de vacunaci\u00f3n<\/strong><\/p>\n\n\n\n<p>La resoluci\u00f3n establece los <strong>par\u00e1metros operativos<\/strong> que regir\u00e1n para los planes de erradicaci\u00f3n de estas enfermedades en todo el pa\u00eds. El documento indica que el titular de un establecimiento agropecuario \u201cpodr\u00e1 acordar y seleccionar libremente el servicio de un <strong>veterinario privado acreditado<\/strong> ante Senasa como vacunador\u201d.<\/p>\n\n\n\n<p>Para hacerlo, el productor deber\u00e1 comunicar su elecci\u00f3n <strong>con una antelaci\u00f3n m\u00ednima de 30 d\u00edas corridos<\/strong> antes del inicio de la primera campa\u00f1a oficial de vacunaci\u00f3n del a\u00f1o.<\/p>\n\n\n\n<p>Los profesionales que participen deber\u00e1n cumplir <strong>requisitos espec\u00edficos<\/strong>, entre ellos estar acreditados en <strong>brucelosis bovina<\/strong> y garantizar la <strong>cadena de fr\u00edo<\/strong> de los productos.<\/p>\n\n\n\n<p>Seg\u00fan el texto oficial, el veterinario \u201cdeber\u00e1 adquirir las <strong>vacunas antiaftosa<\/strong> autorizadas por Senasa para uso local directamente de los <strong>laboratorios productores<\/strong>, <strong>importadores<\/strong>, de un <strong>ente sanitario<\/strong> o de <strong>establecimientos habilitados<\/strong>\u201d.<\/p>\n\n\n\n<p>Adem\u00e1s, el plazo para registrar las <strong>actas de vacunaci\u00f3n<\/strong> en el sistema oficial no podr\u00e1 superar los <strong>siete d\u00edas corridos<\/strong> desde la aplicaci\u00f3n.<\/p>\n\n\n\n<div style=\"height:100px\" aria-hidden=\"true\" class=\"wp-block-spacer\"><\/div>\n\n\n\n<p><strong>Argumento del Gobierno<\/strong><\/p>\n\n\n\n<p>El organismo justific\u00f3 la medida como parte de un proceso de <strong>simplificaci\u00f3n administrativa<\/strong> y <strong>desregulaci\u00f3n econ\u00f3mica<\/strong>.<\/p>\n\n\n\n<p>El objetivo, seg\u00fan el documento oficial, es \u201c<strong>ampliar la libertad de acci\u00f3n de los administrados en la elecci\u00f3n de los actores intervinientes<\/strong>\u201d y ofrecer <strong>respuestas m\u00e1s \u00e1giles a los productores<\/strong>.<\/p>\n\n\n\n<p><\/p>\n","protected":false},"excerpt":{"rendered":"<p>El Gobierno nacional habilit\u00f3 la libre elecci\u00f3n de veterinarios para las campa\u00f1as de vacunaci\u00f3n contra la fiebre aftosa y la brucelosis bovina, una medida que regir\u00e1 desde el 1\u00ba de&hellip;<\/p>\n","protected":false},"author":3,"featured_media":39096,"comment_status":"closed","ping_status":"open","sticky":false,"template":"","format":"standard","meta":{"_acf_changed":false,"footnotes":""},"categories":[1,20],"tags":[],"class_list":["post-322209","post","type-post","status-publish","format-standard","has-post-thumbnail","hentry","category-es-noticia","category-campo"],"acf":[],"yoast_head":"<!-- This site is optimized with the Yoast SEO plugin v27.5 - https:\/\/yoast.com\/product\/yoast-seo-wordpress\/ -->\n<title>El Gobierno modific\u00f3 el plan de lucha contra la aftosa para habilitar que veterinarios privados apliquen la vacuna - Diario Textual<\/title>\n<meta name=\"robots\" content=\"index, follow, max-snippet:-1, max-image-preview:large, max-video-preview:-1\" \/>\n<link rel=\"canonical\" href=\"https:\/\/diariotextual.com\/inicio\/index.php\/2026\/03\/13\/el-gobierno-modifico-el-plan-de-lucha-contra-la-aftosa-para-habilitar-que-veterinarios-privados-apliquen-la-vacuna\/\" \/>\n<meta property=\"og:locale\" content=\"es_ES\" \/>\n<meta property=\"og:type\" content=\"article\" \/>\n<meta property=\"og:title\" content=\"El Gobierno modific\u00f3 el plan de lucha contra la aftosa para habilitar que veterinarios privados apliquen la vacuna - Diario Textual\" \/>\n<meta property=\"og:description\" content=\"El Gobierno nacional habilit\u00f3 la libre elecci\u00f3n de veterinarios para las campa\u00f1as de vacunaci\u00f3n contra la fiebre aftosa y la brucelosis bovina, una medida que regir\u00e1 desde el 1\u00ba de&hellip;\" \/>\n<meta property=\"og:url\" content=\"https:\/\/diariotextual.com\/inicio\/index.php\/2026\/03\/13\/el-gobierno-modifico-el-plan-de-lucha-contra-la-aftosa-para-habilitar-que-veterinarios-privados-apliquen-la-vacuna\/\" \/>\n<meta property=\"og:site_name\" content=\"Diario Textual\" \/>\n<meta property=\"article:publisher\" content=\"https:\/\/www.facebook.com\/eltextual\" \/>\n<meta property=\"article:published_time\" content=\"2026-03-13T14:11:43+00:00\" \/>\n<meta property=\"article:modified_time\" content=\"2026-03-13T20:47:26+00:00\" \/>\n<meta property=\"og:image\" content=\"https:\/\/diariotextual.com\/inicio\/wp-content\/uploads\/2019\/02\/vacunacionaftosa54.jpg\" \/>\n\t<meta property=\"og:image:width\" content=\"759\" \/>\n\t<meta property=\"og:image:height\" content=\"402\" \/>\n\t<meta property=\"og:image:type\" content=\"image\/jpeg\" \/>\n<meta name=\"author\" content=\"Diario1 Diario1\" \/>\n<meta name=\"twitter:card\" content=\"summary_large_image\" \/>\n<meta name=\"twitter:creator\" content=\"@eltextual\" \/>\n<meta name=\"twitter:site\" content=\"@eltextual\" \/>\n<meta name=\"twitter:label1\" content=\"Escrito por\" \/>\n\t<meta name=\"twitter:data1\" content=\"Diario1 Diario1\" \/>\n\t<meta name=\"twitter:label2\" content=\"Tiempo de lectura\" \/>\n\t<meta name=\"twitter:data2\" content=\"3 minutos\" \/>\n<script type=\"application\/ld+json\" class=\"yoast-schema-graph\">{\"@context\":\"https:\\\/\\\/schema.org\",\"@graph\":[{\"@type\":\"Article\",\"@id\":\"https:\\\/\\\/diariotextual.com\\\/inicio\\\/index.php\\\/2026\\\/03\\\/13\\\/el-gobierno-modifico-el-plan-de-lucha-contra-la-aftosa-para-habilitar-que-veterinarios-privados-apliquen-la-vacuna\\\/#article\",\"isPartOf\":{\"@id\":\"https:\\\/\\\/diariotextual.com\\\/inicio\\\/index.php\\\/2026\\\/03\\\/13\\\/el-gobierno-modifico-el-plan-de-lucha-contra-la-aftosa-para-habilitar-que-veterinarios-privados-apliquen-la-vacuna\\\/\"},\"author\":{\"name\":\"Diario1 Diario1\",\"@id\":\"https:\\\/\\\/diariotextual.com\\\/inicio\\\/#\\\/schema\\\/person\\\/418fc4093c33e86ed41562db3508f958\"},\"headline\":\"El Gobierno modific\u00f3 el plan de lucha contra la aftosa para habilitar que veterinarios privados apliquen la vacuna\",\"datePublished\":\"2026-03-13T14:11:43+00:00\",\"dateModified\":\"2026-03-13T20:47:26+00:00\",\"mainEntityOfPage\":{\"@id\":\"https:\\\/\\\/diariotextual.com\\\/inicio\\\/index.php\\\/2026\\\/03\\\/13\\\/el-gobierno-modifico-el-plan-de-lucha-contra-la-aftosa-para-habilitar-que-veterinarios-privados-apliquen-la-vacuna\\\/\"},\"wordCount\":507,\"publisher\":{\"@id\":\"https:\\\/\\\/diariotextual.com\\\/inicio\\\/#organization\"},\"image\":{\"@id\":\"https:\\\/\\\/diariotextual.com\\\/inicio\\\/index.php\\\/2026\\\/03\\\/13\\\/el-gobierno-modifico-el-plan-de-lucha-contra-la-aftosa-para-habilitar-que-veterinarios-privados-apliquen-la-vacuna\\\/#primaryimage\"},\"thumbnailUrl\":\"https:\\\/\\\/diariotextual.com\\\/inicio\\\/wp-content\\\/uploads\\\/2019\\\/02\\\/vacunacionaftosa54.jpg\",\"articleSection\":[\"A - ES NOTICIA (van abajo)\",\"CAMPO\"],\"inLanguage\":\"es\"},{\"@type\":\"WebPage\",\"@id\":\"https:\\\/\\\/diariotextual.com\\\/inicio\\\/index.php\\\/2026\\\/03\\\/13\\\/el-gobierno-modifico-el-plan-de-lucha-contra-la-aftosa-para-habilitar-que-veterinarios-privados-apliquen-la-vacuna\\\/\",\"url\":\"https:\\\/\\\/diariotextual.com\\\/inicio\\\/index.php\\\/2026\\\/03\\\/13\\\/el-gobierno-modifico-el-plan-de-lucha-contra-la-aftosa-para-habilitar-que-veterinarios-privados-apliquen-la-vacuna\\\/\",\"name\":\"El Gobierno modific\u00f3 el plan de lucha contra la aftosa para habilitar que veterinarios privados apliquen la vacuna - Diario Textual\",\"isPartOf\":{\"@id\":\"https:\\\/\\\/diariotextual.com\\\/inicio\\\/#website\"},\"primaryImageOfPage\":{\"@id\":\"https:\\\/\\\/diariotextual.com\\\/inicio\\\/index.php\\\/2026\\\/03\\\/13\\\/el-gobierno-modifico-el-plan-de-lucha-contra-la-aftosa-para-habilitar-que-veterinarios-privados-apliquen-la-vacuna\\\/#primaryimage\"},\"image\":{\"@id\":\"https:\\\/\\\/diariotextual.com\\\/inicio\\\/index.php\\\/2026\\\/03\\\/13\\\/el-gobierno-modifico-el-plan-de-lucha-contra-la-aftosa-para-habilitar-que-veterinarios-privados-apliquen-la-vacuna\\\/#primaryimage\"},\"thumbnailUrl\":\"https:\\\/\\\/diariotextual.com\\\/inicio\\\/wp-content\\\/uploads\\\/2019\\\/02\\\/vacunacionaftosa54.jpg\",\"datePublished\":\"2026-03-13T14:11:43+00:00\",\"dateModified\":\"2026-03-13T20:47:26+00:00\",\"breadcrumb\":{\"@id\":\"https:\\\/\\\/diariotextual.com\\\/inicio\\\/index.php\\\/2026\\\/03\\\/13\\\/el-gobierno-modifico-el-plan-de-lucha-contra-la-aftosa-para-habilitar-que-veterinarios-privados-apliquen-la-vacuna\\\/#breadcrumb\"},\"inLanguage\":\"es\",\"potentialAction\":[{\"@type\":\"ReadAction\",\"target\":[\"https:\\\/\\\/diariotextual.com\\\/inicio\\\/index.php\\\/2026\\\/03\\\/13\\\/el-gobierno-modifico-el-plan-de-lucha-contra-la-aftosa-para-habilitar-que-veterinarios-privados-apliquen-la-vacuna\\\/\"]}]},{\"@type\":\"ImageObject\",\"inLanguage\":\"es\",\"@id\":\"https:\\\/\\\/diariotextual.com\\\/inicio\\\/index.php\\\/2026\\\/03\\\/13\\\/el-gobierno-modifico-el-plan-de-lucha-contra-la-aftosa-para-habilitar-que-veterinarios-privados-apliquen-la-vacuna\\\/#primaryimage\",\"url\":\"https:\\\/\\\/diariotextual.com\\\/inicio\\\/wp-content\\\/uploads\\\/2019\\\/02\\\/vacunacionaftosa54.jpg\",\"contentUrl\":\"https:\\\/\\\/diariotextual.com\\\/inicio\\\/wp-content\\\/uploads\\\/2019\\\/02\\\/vacunacionaftosa54.jpg\",\"width\":759,\"height\":402},{\"@type\":\"BreadcrumbList\",\"@id\":\"https:\\\/\\\/diariotextual.com\\\/inicio\\\/index.php\\\/2026\\\/03\\\/13\\\/el-gobierno-modifico-el-plan-de-lucha-contra-la-aftosa-para-habilitar-que-veterinarios-privados-apliquen-la-vacuna\\\/#breadcrumb\",\"itemListElement\":[{\"@type\":\"ListItem\",\"position\":1,\"name\":\"Portada\",\"item\":\"https:\\\/\\\/diariotextual.com\\\/inicio\\\/\"},{\"@type\":\"ListItem\",\"position\":2,\"name\":\"El Gobierno modific\u00f3 el plan de lucha contra la aftosa para habilitar que veterinarios privados apliquen la vacuna\"}]},{\"@type\":\"WebSite\",\"@id\":\"https:\\\/\\\/diariotextual.com\\\/inicio\\\/#website\",\"url\":\"https:\\\/\\\/diariotextual.com\\\/inicio\\\/\",\"name\":\"Diario Textual\",\"description\":\"\",\"publisher\":{\"@id\":\"https:\\\/\\\/diariotextual.com\\\/inicio\\\/#organization\"},\"potentialAction\":[{\"@type\":\"SearchAction\",\"target\":{\"@type\":\"EntryPoint\",\"urlTemplate\":\"https:\\\/\\\/diariotextual.com\\\/inicio\\\/?s={search_term_string}\"},\"query-input\":{\"@type\":\"PropertyValueSpecification\",\"valueRequired\":true,\"valueName\":\"search_term_string\"}}],\"inLanguage\":\"es\"},{\"@type\":\"Organization\",\"@id\":\"https:\\\/\\\/diariotextual.com\\\/inicio\\\/#organization\",\"name\":\"Diario Textual\",\"url\":\"https:\\\/\\\/diariotextual.com\\\/inicio\\\/\",\"logo\":{\"@type\":\"ImageObject\",\"inLanguage\":\"es\",\"@id\":\"https:\\\/\\\/diariotextual.com\\\/inicio\\\/#\\\/schema\\\/logo\\\/image\\\/\",\"url\":\"https:\\\/\\\/diariotextual.com\\\/inicio\\\/wp-content\\\/uploads\\\/2023\\\/05\\\/logotextual1.jpg\",\"contentUrl\":\"https:\\\/\\\/diariotextual.com\\\/inicio\\\/wp-content\\\/uploads\\\/2023\\\/05\\\/logotextual1.jpg\",\"width\":516,\"height\":76,\"caption\":\"Diario Textual\"},\"image\":{\"@id\":\"https:\\\/\\\/diariotextual.com\\\/inicio\\\/#\\\/schema\\\/logo\\\/image\\\/\"},\"sameAs\":[\"https:\\\/\\\/www.facebook.com\\\/eltextual\",\"https:\\\/\\\/x.com\\\/eltextual\",\"http:\\\/\\\/www.instagram.com\\\/eltextual\"]},{\"@type\":\"Person\",\"@id\":\"https:\\\/\\\/diariotextual.com\\\/inicio\\\/#\\\/schema\\\/person\\\/418fc4093c33e86ed41562db3508f958\",\"name\":\"Diario1 Diario1\",\"image\":{\"@type\":\"ImageObject\",\"inLanguage\":\"es\",\"@id\":\"https:\\\/\\\/secure.gravatar.com\\\/avatar\\\/9167d280179c85bc18be67aa7eda765854300033af4896dd779b608640f2ef7a?s=96&d=mm&r=g\",\"url\":\"https:\\\/\\\/secure.gravatar.com\\\/avatar\\\/9167d280179c85bc18be67aa7eda765854300033af4896dd779b608640f2ef7a?s=96&d=mm&r=g\",\"contentUrl\":\"https:\\\/\\\/secure.gravatar.com\\\/avatar\\\/9167d280179c85bc18be67aa7eda765854300033af4896dd779b608640f2ef7a?s=96&d=mm&r=g\",\"caption\":\"Diario1 Diario1\"},\"url\":\"https:\\\/\\\/diariotextual.com\\\/inicio\\\/index.php\\\/author\\\/diario1\\\/\"}]}<\/script>\n<!-- \/ Yoast SEO plugin. -->","yoast_head_json":{"title":"El Gobierno modific\u00f3 el plan de lucha contra la aftosa para habilitar que veterinarios privados apliquen la vacuna - Diario Textual","robots":{"index":"index","follow":"follow","max-snippet":"max-snippet:-1","max-image-preview":"max-image-preview:large","max-video-preview":"max-video-preview:-1"},"canonical":"https:\/\/diariotextual.com\/inicio\/index.php\/2026\/03\/13\/el-gobierno-modifico-el-plan-de-lucha-contra-la-aftosa-para-habilitar-que-veterinarios-privados-apliquen-la-vacuna\/","og_locale":"es_ES","og_type":"article","og_title":"El Gobierno modific\u00f3 el plan de lucha contra la aftosa para habilitar que veterinarios privados apliquen la vacuna - Diario Textual","og_description":"El Gobierno nacional habilit\u00f3 la libre elecci\u00f3n de veterinarios para las campa\u00f1as de vacunaci\u00f3n contra la fiebre aftosa y la brucelosis bovina, una medida que regir\u00e1 desde el 1\u00ba de&hellip;","og_url":"https:\/\/diariotextual.com\/inicio\/index.php\/2026\/03\/13\/el-gobierno-modifico-el-plan-de-lucha-contra-la-aftosa-para-habilitar-que-veterinarios-privados-apliquen-la-vacuna\/","og_site_name":"Diario Textual","article_publisher":"https:\/\/www.facebook.com\/eltextual","article_published_time":"2026-03-13T14:11:43+00:00","article_modified_time":"2026-03-13T20:47:26+00:00","og_image":[{"width":759,"height":402,"url":"https:\/\/diariotextual.com\/inicio\/wp-content\/uploads\/2019\/02\/vacunacionaftosa54.jpg","type":"image\/jpeg"}],"author":"Diario1 Diario1","twitter_card":"summary_large_image","twitter_creator":"@eltextual","twitter_site":"@eltextual","twitter_misc":{"Escrito por":"Diario1 Diario1","Tiempo de lectura":"3 minutos"},"schema":{"@context":"https:\/\/schema.org","@graph":[{"@type":"Article","@id":"https:\/\/diariotextual.com\/inicio\/index.php\/2026\/03\/13\/el-gobierno-modifico-el-plan-de-lucha-contra-la-aftosa-para-habilitar-que-veterinarios-privados-apliquen-la-vacuna\/#article","isPartOf":{"@id":"https:\/\/diariotextual.com\/inicio\/index.php\/2026\/03\/13\/el-gobierno-modifico-el-plan-de-lucha-contra-la-aftosa-para-habilitar-que-veterinarios-privados-apliquen-la-vacuna\/"},"author":{"name":"Diario1 Diario1","@id":"https:\/\/diariotextual.com\/inicio\/#\/schema\/person\/418fc4093c33e86ed41562db3508f958"},"headline":"El Gobierno modific\u00f3 el plan de lucha contra la aftosa para habilitar que veterinarios privados apliquen la vacuna","datePublished":"2026-03-13T14:11:43+00:00","dateModified":"2026-03-13T20:47:26+00:00","mainEntityOfPage":{"@id":"https:\/\/diariotextual.com\/inicio\/index.php\/2026\/03\/13\/el-gobierno-modifico-el-plan-de-lucha-contra-la-aftosa-para-habilitar-que-veterinarios-privados-apliquen-la-vacuna\/"},"wordCount":507,"publisher":{"@id":"https:\/\/diariotextual.com\/inicio\/#organization"},"image":{"@id":"https:\/\/diariotextual.com\/inicio\/index.php\/2026\/03\/13\/el-gobierno-modifico-el-plan-de-lucha-contra-la-aftosa-para-habilitar-que-veterinarios-privados-apliquen-la-vacuna\/#primaryimage"},"thumbnailUrl":"https:\/\/diariotextual.com\/inicio\/wp-content\/uploads\/2019\/02\/vacunacionaftosa54.jpg","articleSection":["A - ES NOTICIA (van abajo)","CAMPO"],"inLanguage":"es"},{"@type":"WebPage","@id":"https:\/\/diariotextual.com\/inicio\/index.php\/2026\/03\/13\/el-gobierno-modifico-el-plan-de-lucha-contra-la-aftosa-para-habilitar-que-veterinarios-privados-apliquen-la-vacuna\/","url":"https:\/\/diariotextual.com\/inicio\/index.php\/2026\/03\/13\/el-gobierno-modifico-el-plan-de-lucha-contra-la-aftosa-para-habilitar-que-veterinarios-privados-apliquen-la-vacuna\/","name":"El Gobierno modific\u00f3 el plan de lucha contra la aftosa para habilitar que veterinarios privados apliquen la vacuna - Diario Textual","isPartOf":{"@id":"https:\/\/diariotextual.com\/inicio\/#website"},"primaryImageOfPage":{"@id":"https:\/\/diariotextual.com\/inicio\/index.php\/2026\/03\/13\/el-gobierno-modifico-el-plan-de-lucha-contra-la-aftosa-para-habilitar-que-veterinarios-privados-apliquen-la-vacuna\/#primaryimage"},"image":{"@id":"https:\/\/diariotextual.com\/inicio\/index.php\/2026\/03\/13\/el-gobierno-modifico-el-plan-de-lucha-contra-la-aftosa-para-habilitar-que-veterinarios-privados-apliquen-la-vacuna\/#primaryimage"},"thumbnailUrl":"https:\/\/diariotextual.com\/inicio\/wp-content\/uploads\/2019\/02\/vacunacionaftosa54.jpg","datePublished":"2026-03-13T14:11:43+00:00","dateModified":"2026-03-13T20:47:26+00:00","breadcrumb":{"@id":"https:\/\/diariotextual.com\/inicio\/index.php\/2026\/03\/13\/el-gobierno-modifico-el-plan-de-lucha-contra-la-aftosa-para-habilitar-que-veterinarios-privados-apliquen-la-vacuna\/#breadcrumb"},"inLanguage":"es","potentialAction":[{"@type":"ReadAction","target":["https:\/\/diariotextual.com\/inicio\/index.php\/2026\/03\/13\/el-gobierno-modifico-el-plan-de-lucha-contra-la-aftosa-para-habilitar-que-veterinarios-privados-apliquen-la-vacuna\/"]}]},{"@type":"ImageObject","inLanguage":"es","@id":"https:\/\/diariotextual.com\/inicio\/index.php\/2026\/03\/13\/el-gobierno-modifico-el-plan-de-lucha-contra-la-aftosa-para-habilitar-que-veterinarios-privados-apliquen-la-vacuna\/#primaryimage","url":"https:\/\/diariotextual.com\/inicio\/wp-content\/uploads\/2019\/02\/vacunacionaftosa54.jpg","contentUrl":"https:\/\/diariotextual.com\/inicio\/wp-content\/uploads\/2019\/02\/vacunacionaftosa54.jpg","width":759,"height":402},{"@type":"BreadcrumbList","@id":"https:\/\/diariotextual.com\/inicio\/index.php\/2026\/03\/13\/el-gobierno-modifico-el-plan-de-lucha-contra-la-aftosa-para-habilitar-que-veterinarios-privados-apliquen-la-vacuna\/#breadcrumb","itemListElement":[{"@type":"ListItem","position":1,"name":"Portada","item":"https:\/\/diariotextual.com\/inicio\/"},{"@type":"ListItem","position":2,"name":"El Gobierno modific\u00f3 el plan de lucha contra la aftosa para habilitar que veterinarios privados apliquen la vacuna"}]},{"@type":"WebSite","@id":"https:\/\/diariotextual.com\/inicio\/#website","url":"https:\/\/diariotextual.com\/inicio\/","name":"Diario Textual","description":"","publisher":{"@id":"https:\/\/diariotextual.com\/inicio\/#organization"},"potentialAction":[{"@type":"SearchAction","target":{"@type":"EntryPoint","urlTemplate":"https:\/\/diariotextual.com\/inicio\/?s={search_term_string}"},"query-input":{"@type":"PropertyValueSpecification","valueRequired":true,"valueName":"search_term_string"}}],"inLanguage":"es"},{"@type":"Organization","@id":"https:\/\/diariotextual.com\/inicio\/#organization","name":"Diario Textual","url":"https:\/\/diariotextual.com\/inicio\/","logo":{"@type":"ImageObject","inLanguage":"es","@id":"https:\/\/diariotextual.com\/inicio\/#\/schema\/logo\/image\/","url":"https:\/\/diariotextual.com\/inicio\/wp-content\/uploads\/2023\/05\/logotextual1.jpg","contentUrl":"https:\/\/diariotextual.com\/inicio\/wp-content\/uploads\/2023\/05\/logotextual1.jpg","width":516,"height":76,"caption":"Diario Textual"},"image":{"@id":"https:\/\/diariotextual.com\/inicio\/#\/schema\/logo\/image\/"},"sameAs":["https:\/\/www.facebook.com\/eltextual","https:\/\/x.com\/eltextual","http:\/\/www.instagram.com\/eltextual"]},{"@type":"Person","@id":"https:\/\/diariotextual.com\/inicio\/#\/schema\/person\/418fc4093c33e86ed41562db3508f958","name":"Diario1 Diario1","image":{"@type":"ImageObject","inLanguage":"es","@id":"https:\/\/secure.gravatar.com\/avatar\/9167d280179c85bc18be67aa7eda765854300033af4896dd779b608640f2ef7a?s=96&d=mm&r=g","url":"https:\/\/secure.gravatar.com\/avatar\/9167d280179c85bc18be67aa7eda765854300033af4896dd779b608640f2ef7a?s=96&d=mm&r=g","contentUrl":"https:\/\/secure.gravatar.com\/avatar\/9167d280179c85bc18be67aa7eda765854300033af4896dd779b608640f2ef7a?s=96&d=mm&r=g","caption":"Diario1 Diario1"},"url":"https:\/\/diariotextual.com\/inicio\/index.php\/author\/diario1\/"}]}},"_links":{"self":[{"href":"https:\/\/diariotextual.com\/inicio\/index.php\/wp-json\/wp\/v2\/posts\/322209","targetHints":{"allow":["GET"]}}],"collection":[{"href":"https:\/\/diariotextual.com\/inicio\/index.php\/wp-json\/wp\/v2\/posts"}],"about":[{"href":"https:\/\/diariotextual.com\/inicio\/index.php\/wp-json\/wp\/v2\/types\/post"}],"author":[{"embeddable":true,"href":"https:\/\/diariotextual.com\/inicio\/index.php\/wp-json\/wp\/v2\/users\/3"}],"replies":[{"embeddable":true,"href":"https:\/\/diariotextual.com\/inicio\/index.php\/wp-json\/wp\/v2\/comments?post=322209"}],"version-history":[{"count":2,"href":"https:\/\/diariotextual.com\/inicio\/index.php\/wp-json\/wp\/v2\/posts\/322209\/revisions"}],"predecessor-version":[{"id":322211,"href":"https:\/\/diariotextual.com\/inicio\/index.php\/wp-json\/wp\/v2\/posts\/322209\/revisions\/322211"}],"wp:featuredmedia":[{"embeddable":true,"href":"https:\/\/diariotextual.com\/inicio\/index.php\/wp-json\/wp\/v2\/media\/39096"}],"wp:attachment":[{"href":"https:\/\/diariotextual.com\/inicio\/index.php\/wp-json\/wp\/v2\/media?parent=322209"}],"wp:term":[{"taxonomy":"category","embeddable":true,"href":"https:\/\/diariotextual.com\/inicio\/index.php\/wp-json\/wp\/v2\/categories?post=322209"},{"taxonomy":"post_tag","embeddable":true,"href":"https:\/\/diariotextual.com\/inicio\/index.php\/wp-json\/wp\/v2\/tags?post=322209"}],"curies":[{"name":"wp","href":"https:\/\/api.w.org\/{rel}","templated":true}]}}