{"id":322224,"date":"2026-03-13T17:22:02","date_gmt":"2026-03-13T20:22:02","guid":{"rendered":"https:\/\/diariotextual.com\/inicio\/?p=322224"},"modified":"2026-03-13T17:22:06","modified_gmt":"2026-03-13T20:22:06","slug":"restos-hallados-en-el-centro-clandestino-de-la-perla-ya-identificaron-a-tres-victimas","status":"publish","type":"post","link":"https:\/\/diariotextual.com\/inicio\/index.php\/2026\/03\/13\/restos-hallados-en-el-centro-clandestino-de-la-perla-ya-identificaron-a-tres-victimas\/","title":{"rendered":"Restos hallados en el centro clandestino de La Perla: ya identificaron a tres v\u00edctimas"},"content":{"rendered":"\n<p><strong>Ramiro Bustillo Rubio y Oscar Omar Reyes<\/strong>, dos hombres que fueron secuestrados durante la \u00faltima dictadura militar, son los \u00faltimos cuerpos que <strong>fueron identificados entre los restos de los doce desaparecidos que hab\u00edan sido hallados enterrados en un predio conocido como La Perla<\/strong>. Antes se hab\u00eda identificado <strong>Mario Alberto N\u00edvoli.<\/strong><\/p>\n\n\n\n<p>La asociaci\u00f3n Hijos confirm\u00f3 la identidad de los restos que fueron hallados por el Equipo Argentino de Antropolog\u00eda Forense, en el marco de una investigaci\u00f3n que encabeza el Juzgado N\u00famero 3 de C\u00f3rdoba, a cargo de Hugo Vaca Narvaja.<\/p>\n\n\n\n<p>Ambos fueron secuestrados el mismo d\u00eda, en 1977, y encontrados este viernes en el ex centro clandestino La Perla, ubicado a unos 20 kil\u00f3metros de la ciudad. El lugar estuvo a cargo del militar Luciano Benjam\u00edn Men\u00e9ndez; fue uno de los centros de detenci\u00f3n m\u00e1s grandes del pa\u00eds, y comenz\u00f3 a funcionar en 1976. Se estima que all\u00ed estuvieron retenidas unas 2.500 personas en forma clandestina, la mayor\u00eda de ellas desaparecidas.<\/p>\n\n\n\n<p>Oscar Reyes, de 45 a\u00f1os, fue privado ilegalmente de su libertad cuando se dirig\u00eda a una junta de militancia del Partido Comunista (PC) en su veh\u00edculo. Era padre de cinco hijos, trabajaba como obrero para la empresa FIAT y hab\u00eda nacido en la localidad bonaerense de Banfield.<\/p>\n\n\n\n<p>Por su parte, Ramiro Rubio militaba en la misma organizaci\u00f3n, ten\u00eda 27 a\u00f1os al momento de su desaparici\u00f3n, era estudiante de ingenier\u00eda en la Universidad Nacional de C\u00f3rdoba, ten\u00eda un hijo y su esposa estaba embarazada. Tras el secuestro, estuvo en el Centro Clandestino de Detenci\u00f3n, Tortura y Exterminio \u201cDepartamento de Informaciones (D2)\u201d.<\/p>\n\n\n\n<p>Mario N\u00edvoli fue de los primeros cuerpos identificados y ten\u00eda 28 a\u00f1os cuando fue secuestrado el 14 de febrero de 1977 por las fuerzas del Tercer Cuerpo del Ej\u00e9rcito. Oriundo de la localidad cordobesa de Ucacha, estudi\u00f3 Ingenier\u00eda Qu\u00edmica en la Universidad Nacional del Litoral y milit\u00f3 en la Juventud Universitaria Peronista.<\/p>\n\n\n\n<p>El joven fue detenido ilegalmente frente a su familia por un grupo de tareas. Tras el secuestro fue trasladado al centro clandestino de detenci\u00f3n, tortura y exterminio de La Perla.<\/p>\n\n\n\n<figure class=\"wp-block-embed is-type-wp-embed is-provider-diario-textual wp-block-embed-diario-textual\"><div class=\"wp-block-embed__wrapper\">\n<blockquote class=\"wp-embedded-content\" data-secret=\"lxPdrKoSxk\"><a href=\"https:\/\/diariotextual.com\/inicio\/index.php\/2026\/03\/10\/el-eaaf-identifico-los-restos-de-12-personas-desaparecidas-en-cordoba\/\">El EAAF identific\u00f3 los restos de 12 personas desaparecidas en C\u00f3rdoba<\/a><\/blockquote><iframe class=\"wp-embedded-content\" sandbox=\"allow-scripts\" security=\"restricted\" style=\"position: absolute; visibility: hidden;\" title=\"\u00abEl EAAF identific\u00f3 los restos de 12 personas desaparecidas en C\u00f3rdoba\u00bb \u2014 Diario Textual\" src=\"https:\/\/diariotextual.com\/inicio\/index.php\/2026\/03\/10\/el-eaaf-identifico-los-restos-de-12-personas-desaparecidas-en-cordoba\/embed\/#?secret=yqrH1VNvSa#?secret=lxPdrKoSxk\" data-secret=\"lxPdrKoSxk\" width=\"600\" height=\"338\" frameborder=\"0\" marginwidth=\"0\" marginheight=\"0\" scrolling=\"no\"><\/iframe>\n<\/div><\/figure>\n","protected":false},"excerpt":{"rendered":"<p>Ramiro Bustillo Rubio y Oscar Omar Reyes, dos hombres que fueron secuestrados durante la \u00faltima dictadura militar, son los \u00faltimos cuerpos que fueron identificados entre los restos de los doce&hellip;<\/p>\n","protected":false},"author":5,"featured_media":322225,"comment_status":"closed","ping_status":"open","sticky":false,"template":"","format":"standard","meta":{"_acf_changed":false,"footnotes":""},"categories":[1,12],"tags":[],"class_list":["post-322224","post","type-post","status-publish","format-standard","has-post-thumbnail","hentry","category-es-noticia","category-sociedad"],"acf":[],"yoast_head":"<!-- This site is optimized with the Yoast SEO plugin v27.5 - https:\/\/yoast.com\/product\/yoast-seo-wordpress\/ -->\n<title>Restos hallados en el centro clandestino de La Perla: ya identificaron a tres v\u00edctimas - Diario Textual<\/title>\n<meta name=\"robots\" content=\"index, follow, max-snippet:-1, max-image-preview:large, max-video-preview:-1\" \/>\n<link rel=\"canonical\" href=\"https:\/\/diariotextual.com\/inicio\/index.php\/2026\/03\/13\/restos-hallados-en-el-centro-clandestino-de-la-perla-ya-identificaron-a-tres-victimas\/\" \/>\n<meta property=\"og:locale\" content=\"es_ES\" \/>\n<meta property=\"og:type\" content=\"article\" \/>\n<meta property=\"og:title\" content=\"Restos hallados en el centro clandestino de La Perla: ya identificaron a tres v\u00edctimas - Diario Textual\" \/>\n<meta property=\"og:description\" content=\"Ramiro Bustillo Rubio y Oscar Omar Reyes, dos hombres que fueron secuestrados durante la \u00faltima dictadura militar, son los \u00faltimos cuerpos que fueron identificados entre los restos de los doce&hellip;\" \/>\n<meta property=\"og:url\" content=\"https:\/\/diariotextual.com\/inicio\/index.php\/2026\/03\/13\/restos-hallados-en-el-centro-clandestino-de-la-perla-ya-identificaron-a-tres-victimas\/\" \/>\n<meta property=\"og:site_name\" content=\"Diario Textual\" \/>\n<meta property=\"article:publisher\" content=\"https:\/\/www.facebook.com\/eltextual\" \/>\n<meta property=\"article:published_time\" content=\"2026-03-13T20:22:02+00:00\" \/>\n<meta property=\"article:modified_time\" content=\"2026-03-13T20:22:06+00:00\" \/>\n<meta property=\"og:image\" content=\"https:\/\/diariotextual.com\/inicio\/wp-content\/uploads\/2026\/03\/rubioreyeslaperla2026.webp\" \/>\n\t<meta property=\"og:image:width\" content=\"1280\" \/>\n\t<meta property=\"og:image:height\" content=\"720\" \/>\n\t<meta property=\"og:image:type\" content=\"image\/webp\" \/>\n<meta name=\"author\" content=\"diario3\" \/>\n<meta name=\"twitter:card\" content=\"summary_large_image\" \/>\n<meta name=\"twitter:creator\" content=\"@eltextual\" \/>\n<meta name=\"twitter:site\" content=\"@eltextual\" \/>\n<meta name=\"twitter:label1\" content=\"Escrito por\" \/>\n\t<meta name=\"twitter:data1\" content=\"diario3\" \/>\n\t<meta name=\"twitter:label2\" content=\"Tiempo de lectura\" \/>\n\t<meta name=\"twitter:data2\" content=\"2 minutos\" \/>\n<script type=\"application\/ld+json\" class=\"yoast-schema-graph\">{\"@context\":\"https:\\\/\\\/schema.org\",\"@graph\":[{\"@type\":\"Article\",\"@id\":\"https:\\\/\\\/diariotextual.com\\\/inicio\\\/index.php\\\/2026\\\/03\\\/13\\\/restos-hallados-en-el-centro-clandestino-de-la-perla-ya-identificaron-a-tres-victimas\\\/#article\",\"isPartOf\":{\"@id\":\"https:\\\/\\\/diariotextual.com\\\/inicio\\\/index.php\\\/2026\\\/03\\\/13\\\/restos-hallados-en-el-centro-clandestino-de-la-perla-ya-identificaron-a-tres-victimas\\\/\"},\"author\":{\"name\":\"diario3\",\"@id\":\"https:\\\/\\\/diariotextual.com\\\/inicio\\\/#\\\/schema\\\/person\\\/a1b6f563e0ee944c60f98119389a4d9f\"},\"headline\":\"Restos hallados en el centro clandestino de La Perla: ya identificaron a tres v\u00edctimas\",\"datePublished\":\"2026-03-13T20:22:02+00:00\",\"dateModified\":\"2026-03-13T20:22:06+00:00\",\"mainEntityOfPage\":{\"@id\":\"https:\\\/\\\/diariotextual.com\\\/inicio\\\/index.php\\\/2026\\\/03\\\/13\\\/restos-hallados-en-el-centro-clandestino-de-la-perla-ya-identificaron-a-tres-victimas\\\/\"},\"wordCount\":390,\"publisher\":{\"@id\":\"https:\\\/\\\/diariotextual.com\\\/inicio\\\/#organization\"},\"image\":{\"@id\":\"https:\\\/\\\/diariotextual.com\\\/inicio\\\/index.php\\\/2026\\\/03\\\/13\\\/restos-hallados-en-el-centro-clandestino-de-la-perla-ya-identificaron-a-tres-victimas\\\/#primaryimage\"},\"thumbnailUrl\":\"https:\\\/\\\/diariotextual.com\\\/inicio\\\/wp-content\\\/uploads\\\/2026\\\/03\\\/rubioreyeslaperla2026.webp\",\"articleSection\":[\"A - ES NOTICIA (van abajo)\",\"SOCIEDAD\"],\"inLanguage\":\"es\"},{\"@type\":\"WebPage\",\"@id\":\"https:\\\/\\\/diariotextual.com\\\/inicio\\\/index.php\\\/2026\\\/03\\\/13\\\/restos-hallados-en-el-centro-clandestino-de-la-perla-ya-identificaron-a-tres-victimas\\\/\",\"url\":\"https:\\\/\\\/diariotextual.com\\\/inicio\\\/index.php\\\/2026\\\/03\\\/13\\\/restos-hallados-en-el-centro-clandestino-de-la-perla-ya-identificaron-a-tres-victimas\\\/\",\"name\":\"Restos hallados en el centro clandestino de La Perla: ya identificaron a tres v\u00edctimas - Diario Textual\",\"isPartOf\":{\"@id\":\"https:\\\/\\\/diariotextual.com\\\/inicio\\\/#website\"},\"primaryImageOfPage\":{\"@id\":\"https:\\\/\\\/diariotextual.com\\\/inicio\\\/index.php\\\/2026\\\/03\\\/13\\\/restos-hallados-en-el-centro-clandestino-de-la-perla-ya-identificaron-a-tres-victimas\\\/#primaryimage\"},\"image\":{\"@id\":\"https:\\\/\\\/diariotextual.com\\\/inicio\\\/index.php\\\/2026\\\/03\\\/13\\\/restos-hallados-en-el-centro-clandestino-de-la-perla-ya-identificaron-a-tres-victimas\\\/#primaryimage\"},\"thumbnailUrl\":\"https:\\\/\\\/diariotextual.com\\\/inicio\\\/wp-content\\\/uploads\\\/2026\\\/03\\\/rubioreyeslaperla2026.webp\",\"datePublished\":\"2026-03-13T20:22:02+00:00\",\"dateModified\":\"2026-03-13T20:22:06+00:00\",\"breadcrumb\":{\"@id\":\"https:\\\/\\\/diariotextual.com\\\/inicio\\\/index.php\\\/2026\\\/03\\\/13\\\/restos-hallados-en-el-centro-clandestino-de-la-perla-ya-identificaron-a-tres-victimas\\\/#breadcrumb\"},\"inLanguage\":\"es\",\"potentialAction\":[{\"@type\":\"ReadAction\",\"target\":[\"https:\\\/\\\/diariotextual.com\\\/inicio\\\/index.php\\\/2026\\\/03\\\/13\\\/restos-hallados-en-el-centro-clandestino-de-la-perla-ya-identificaron-a-tres-victimas\\\/\"]}]},{\"@type\":\"ImageObject\",\"inLanguage\":\"es\",\"@id\":\"https:\\\/\\\/diariotextual.com\\\/inicio\\\/index.php\\\/2026\\\/03\\\/13\\\/restos-hallados-en-el-centro-clandestino-de-la-perla-ya-identificaron-a-tres-victimas\\\/#primaryimage\",\"url\":\"https:\\\/\\\/diariotextual.com\\\/inicio\\\/wp-content\\\/uploads\\\/2026\\\/03\\\/rubioreyeslaperla2026.webp\",\"contentUrl\":\"https:\\\/\\\/diariotextual.com\\\/inicio\\\/wp-content\\\/uploads\\\/2026\\\/03\\\/rubioreyeslaperla2026.webp\",\"width\":1280,\"height\":720},{\"@type\":\"BreadcrumbList\",\"@id\":\"https:\\\/\\\/diariotextual.com\\\/inicio\\\/index.php\\\/2026\\\/03\\\/13\\\/restos-hallados-en-el-centro-clandestino-de-la-perla-ya-identificaron-a-tres-victimas\\\/#breadcrumb\",\"itemListElement\":[{\"@type\":\"ListItem\",\"position\":1,\"name\":\"Portada\",\"item\":\"https:\\\/\\\/diariotextual.com\\\/inicio\\\/\"},{\"@type\":\"ListItem\",\"position\":2,\"name\":\"Restos hallados en el centro clandestino de La Perla: ya identificaron a tres v\u00edctimas\"}]},{\"@type\":\"WebSite\",\"@id\":\"https:\\\/\\\/diariotextual.com\\\/inicio\\\/#website\",\"url\":\"https:\\\/\\\/diariotextual.com\\\/inicio\\\/\",\"name\":\"Diario Textual\",\"description\":\"\",\"publisher\":{\"@id\":\"https:\\\/\\\/diariotextual.com\\\/inicio\\\/#organization\"},\"potentialAction\":[{\"@type\":\"SearchAction\",\"target\":{\"@type\":\"EntryPoint\",\"urlTemplate\":\"https:\\\/\\\/diariotextual.com\\\/inicio\\\/?s={search_term_string}\"},\"query-input\":{\"@type\":\"PropertyValueSpecification\",\"valueRequired\":true,\"valueName\":\"search_term_string\"}}],\"inLanguage\":\"es\"},{\"@type\":\"Organization\",\"@id\":\"https:\\\/\\\/diariotextual.com\\\/inicio\\\/#organization\",\"name\":\"Diario Textual\",\"url\":\"https:\\\/\\\/diariotextual.com\\\/inicio\\\/\",\"logo\":{\"@type\":\"ImageObject\",\"inLanguage\":\"es\",\"@id\":\"https:\\\/\\\/diariotextual.com\\\/inicio\\\/#\\\/schema\\\/logo\\\/image\\\/\",\"url\":\"https:\\\/\\\/diariotextual.com\\\/inicio\\\/wp-content\\\/uploads\\\/2023\\\/05\\\/logotextual1.jpg\",\"contentUrl\":\"https:\\\/\\\/diariotextual.com\\\/inicio\\\/wp-content\\\/uploads\\\/2023\\\/05\\\/logotextual1.jpg\",\"width\":516,\"height\":76,\"caption\":\"Diario Textual\"},\"image\":{\"@id\":\"https:\\\/\\\/diariotextual.com\\\/inicio\\\/#\\\/schema\\\/logo\\\/image\\\/\"},\"sameAs\":[\"https:\\\/\\\/www.facebook.com\\\/eltextual\",\"https:\\\/\\\/x.com\\\/eltextual\",\"http:\\\/\\\/www.instagram.com\\\/eltextual\"]},{\"@type\":\"Person\",\"@id\":\"https:\\\/\\\/diariotextual.com\\\/inicio\\\/#\\\/schema\\\/person\\\/a1b6f563e0ee944c60f98119389a4d9f\",\"name\":\"diario3\",\"image\":{\"@type\":\"ImageObject\",\"inLanguage\":\"es\",\"@id\":\"https:\\\/\\\/secure.gravatar.com\\\/avatar\\\/5e7ee62c82fc04d9dd79d746a390d93c69c43223e5faeeb3ea9461ef752bfc5d?s=96&d=mm&r=g\",\"url\":\"https:\\\/\\\/secure.gravatar.com\\\/avatar\\\/5e7ee62c82fc04d9dd79d746a390d93c69c43223e5faeeb3ea9461ef752bfc5d?s=96&d=mm&r=g\",\"contentUrl\":\"https:\\\/\\\/secure.gravatar.com\\\/avatar\\\/5e7ee62c82fc04d9dd79d746a390d93c69c43223e5faeeb3ea9461ef752bfc5d?s=96&d=mm&r=g\",\"caption\":\"diario3\"},\"url\":\"https:\\\/\\\/diariotextual.com\\\/inicio\\\/index.php\\\/author\\\/diario3\\\/\"}]}<\/script>\n<!-- \/ Yoast SEO plugin. -->","yoast_head_json":{"title":"Restos hallados en el centro clandestino de La Perla: ya identificaron a tres v\u00edctimas - Diario Textual","robots":{"index":"index","follow":"follow","max-snippet":"max-snippet:-1","max-image-preview":"max-image-preview:large","max-video-preview":"max-video-preview:-1"},"canonical":"https:\/\/diariotextual.com\/inicio\/index.php\/2026\/03\/13\/restos-hallados-en-el-centro-clandestino-de-la-perla-ya-identificaron-a-tres-victimas\/","og_locale":"es_ES","og_type":"article","og_title":"Restos hallados en el centro clandestino de La Perla: ya identificaron a tres v\u00edctimas - Diario Textual","og_description":"Ramiro Bustillo Rubio y Oscar Omar Reyes, dos hombres que fueron secuestrados durante la \u00faltima dictadura militar, son los \u00faltimos cuerpos que fueron identificados entre los restos de los doce&hellip;","og_url":"https:\/\/diariotextual.com\/inicio\/index.php\/2026\/03\/13\/restos-hallados-en-el-centro-clandestino-de-la-perla-ya-identificaron-a-tres-victimas\/","og_site_name":"Diario Textual","article_publisher":"https:\/\/www.facebook.com\/eltextual","article_published_time":"2026-03-13T20:22:02+00:00","article_modified_time":"2026-03-13T20:22:06+00:00","og_image":[{"width":1280,"height":720,"url":"https:\/\/diariotextual.com\/inicio\/wp-content\/uploads\/2026\/03\/rubioreyeslaperla2026.webp","type":"image\/webp"}],"author":"diario3","twitter_card":"summary_large_image","twitter_creator":"@eltextual","twitter_site":"@eltextual","twitter_misc":{"Escrito por":"diario3","Tiempo de lectura":"2 minutos"},"schema":{"@context":"https:\/\/schema.org","@graph":[{"@type":"Article","@id":"https:\/\/diariotextual.com\/inicio\/index.php\/2026\/03\/13\/restos-hallados-en-el-centro-clandestino-de-la-perla-ya-identificaron-a-tres-victimas\/#article","isPartOf":{"@id":"https:\/\/diariotextual.com\/inicio\/index.php\/2026\/03\/13\/restos-hallados-en-el-centro-clandestino-de-la-perla-ya-identificaron-a-tres-victimas\/"},"author":{"name":"diario3","@id":"https:\/\/diariotextual.com\/inicio\/#\/schema\/person\/a1b6f563e0ee944c60f98119389a4d9f"},"headline":"Restos hallados en el centro clandestino de La Perla: ya identificaron a tres v\u00edctimas","datePublished":"2026-03-13T20:22:02+00:00","dateModified":"2026-03-13T20:22:06+00:00","mainEntityOfPage":{"@id":"https:\/\/diariotextual.com\/inicio\/index.php\/2026\/03\/13\/restos-hallados-en-el-centro-clandestino-de-la-perla-ya-identificaron-a-tres-victimas\/"},"wordCount":390,"publisher":{"@id":"https:\/\/diariotextual.com\/inicio\/#organization"},"image":{"@id":"https:\/\/diariotextual.com\/inicio\/index.php\/2026\/03\/13\/restos-hallados-en-el-centro-clandestino-de-la-perla-ya-identificaron-a-tres-victimas\/#primaryimage"},"thumbnailUrl":"https:\/\/diariotextual.com\/inicio\/wp-content\/uploads\/2026\/03\/rubioreyeslaperla2026.webp","articleSection":["A - ES NOTICIA (van abajo)","SOCIEDAD"],"inLanguage":"es"},{"@type":"WebPage","@id":"https:\/\/diariotextual.com\/inicio\/index.php\/2026\/03\/13\/restos-hallados-en-el-centro-clandestino-de-la-perla-ya-identificaron-a-tres-victimas\/","url":"https:\/\/diariotextual.com\/inicio\/index.php\/2026\/03\/13\/restos-hallados-en-el-centro-clandestino-de-la-perla-ya-identificaron-a-tres-victimas\/","name":"Restos hallados en el centro clandestino de La Perla: ya identificaron a tres v\u00edctimas - Diario Textual","isPartOf":{"@id":"https:\/\/diariotextual.com\/inicio\/#website"},"primaryImageOfPage":{"@id":"https:\/\/diariotextual.com\/inicio\/index.php\/2026\/03\/13\/restos-hallados-en-el-centro-clandestino-de-la-perla-ya-identificaron-a-tres-victimas\/#primaryimage"},"image":{"@id":"https:\/\/diariotextual.com\/inicio\/index.php\/2026\/03\/13\/restos-hallados-en-el-centro-clandestino-de-la-perla-ya-identificaron-a-tres-victimas\/#primaryimage"},"thumbnailUrl":"https:\/\/diariotextual.com\/inicio\/wp-content\/uploads\/2026\/03\/rubioreyeslaperla2026.webp","datePublished":"2026-03-13T20:22:02+00:00","dateModified":"2026-03-13T20:22:06+00:00","breadcrumb":{"@id":"https:\/\/diariotextual.com\/inicio\/index.php\/2026\/03\/13\/restos-hallados-en-el-centro-clandestino-de-la-perla-ya-identificaron-a-tres-victimas\/#breadcrumb"},"inLanguage":"es","potentialAction":[{"@type":"ReadAction","target":["https:\/\/diariotextual.com\/inicio\/index.php\/2026\/03\/13\/restos-hallados-en-el-centro-clandestino-de-la-perla-ya-identificaron-a-tres-victimas\/"]}]},{"@type":"ImageObject","inLanguage":"es","@id":"https:\/\/diariotextual.com\/inicio\/index.php\/2026\/03\/13\/restos-hallados-en-el-centro-clandestino-de-la-perla-ya-identificaron-a-tres-victimas\/#primaryimage","url":"https:\/\/diariotextual.com\/inicio\/wp-content\/uploads\/2026\/03\/rubioreyeslaperla2026.webp","contentUrl":"https:\/\/diariotextual.com\/inicio\/wp-content\/uploads\/2026\/03\/rubioreyeslaperla2026.webp","width":1280,"height":720},{"@type":"BreadcrumbList","@id":"https:\/\/diariotextual.com\/inicio\/index.php\/2026\/03\/13\/restos-hallados-en-el-centro-clandestino-de-la-perla-ya-identificaron-a-tres-victimas\/#breadcrumb","itemListElement":[{"@type":"ListItem","position":1,"name":"Portada","item":"https:\/\/diariotextual.com\/inicio\/"},{"@type":"ListItem","position":2,"name":"Restos hallados en el centro clandestino de La Perla: ya identificaron a tres v\u00edctimas"}]},{"@type":"WebSite","@id":"https:\/\/diariotextual.com\/inicio\/#website","url":"https:\/\/diariotextual.com\/inicio\/","name":"Diario Textual","description":"","publisher":{"@id":"https:\/\/diariotextual.com\/inicio\/#organization"},"potentialAction":[{"@type":"SearchAction","target":{"@type":"EntryPoint","urlTemplate":"https:\/\/diariotextual.com\/inicio\/?s={search_term_string}"},"query-input":{"@type":"PropertyValueSpecification","valueRequired":true,"valueName":"search_term_string"}}],"inLanguage":"es"},{"@type":"Organization","@id":"https:\/\/diariotextual.com\/inicio\/#organization","name":"Diario Textual","url":"https:\/\/diariotextual.com\/inicio\/","logo":{"@type":"ImageObject","inLanguage":"es","@id":"https:\/\/diariotextual.com\/inicio\/#\/schema\/logo\/image\/","url":"https:\/\/diariotextual.com\/inicio\/wp-content\/uploads\/2023\/05\/logotextual1.jpg","contentUrl":"https:\/\/diariotextual.com\/inicio\/wp-content\/uploads\/2023\/05\/logotextual1.jpg","width":516,"height":76,"caption":"Diario Textual"},"image":{"@id":"https:\/\/diariotextual.com\/inicio\/#\/schema\/logo\/image\/"},"sameAs":["https:\/\/www.facebook.com\/eltextual","https:\/\/x.com\/eltextual","http:\/\/www.instagram.com\/eltextual"]},{"@type":"Person","@id":"https:\/\/diariotextual.com\/inicio\/#\/schema\/person\/a1b6f563e0ee944c60f98119389a4d9f","name":"diario3","image":{"@type":"ImageObject","inLanguage":"es","@id":"https:\/\/secure.gravatar.com\/avatar\/5e7ee62c82fc04d9dd79d746a390d93c69c43223e5faeeb3ea9461ef752bfc5d?s=96&d=mm&r=g","url":"https:\/\/secure.gravatar.com\/avatar\/5e7ee62c82fc04d9dd79d746a390d93c69c43223e5faeeb3ea9461ef752bfc5d?s=96&d=mm&r=g","contentUrl":"https:\/\/secure.gravatar.com\/avatar\/5e7ee62c82fc04d9dd79d746a390d93c69c43223e5faeeb3ea9461ef752bfc5d?s=96&d=mm&r=g","caption":"diario3"},"url":"https:\/\/diariotextual.com\/inicio\/index.php\/author\/diario3\/"}]}},"_links":{"self":[{"href":"https:\/\/diariotextual.com\/inicio\/index.php\/wp-json\/wp\/v2\/posts\/322224","targetHints":{"allow":["GET"]}}],"collection":[{"href":"https:\/\/diariotextual.com\/inicio\/index.php\/wp-json\/wp\/v2\/posts"}],"about":[{"href":"https:\/\/diariotextual.com\/inicio\/index.php\/wp-json\/wp\/v2\/types\/post"}],"author":[{"embeddable":true,"href":"https:\/\/diariotextual.com\/inicio\/index.php\/wp-json\/wp\/v2\/users\/5"}],"replies":[{"embeddable":true,"href":"https:\/\/diariotextual.com\/inicio\/index.php\/wp-json\/wp\/v2\/comments?post=322224"}],"version-history":[{"count":1,"href":"https:\/\/diariotextual.com\/inicio\/index.php\/wp-json\/wp\/v2\/posts\/322224\/revisions"}],"predecessor-version":[{"id":322226,"href":"https:\/\/diariotextual.com\/inicio\/index.php\/wp-json\/wp\/v2\/posts\/322224\/revisions\/322226"}],"wp:featuredmedia":[{"embeddable":true,"href":"https:\/\/diariotextual.com\/inicio\/index.php\/wp-json\/wp\/v2\/media\/322225"}],"wp:attachment":[{"href":"https:\/\/diariotextual.com\/inicio\/index.php\/wp-json\/wp\/v2\/media?parent=322224"}],"wp:term":[{"taxonomy":"category","embeddable":true,"href":"https:\/\/diariotextual.com\/inicio\/index.php\/wp-json\/wp\/v2\/categories?post=322224"},{"taxonomy":"post_tag","embeddable":true,"href":"https:\/\/diariotextual.com\/inicio\/index.php\/wp-json\/wp\/v2\/tags?post=322224"}],"curies":[{"name":"wp","href":"https:\/\/api.w.org\/{rel}","templated":true}]}}