{"id":322227,"date":"2026-03-13T17:44:19","date_gmt":"2026-03-13T20:44:19","guid":{"rendered":"https:\/\/diariotextual.com\/inicio\/?p=322227"},"modified":"2026-03-13T22:34:26","modified_gmt":"2026-03-14T01:34:26","slug":"caso-libra-milei-cruzo-mensajes-y-llamadas-con-novelli-minutos-antes-y-despues-del-lanzamiento","status":"publish","type":"post","link":"https:\/\/diariotextual.com\/inicio\/index.php\/2026\/03\/13\/caso-libra-milei-cruzo-mensajes-y-llamadas-con-novelli-minutos-antes-y-despues-del-lanzamiento\/","title":{"rendered":"Caso $Libra: Milei cruz\u00f3 mensajes y llamadas con Novelli minutos antes y despu\u00e9s del lanzamiento"},"content":{"rendered":"\n<p>Minutos antes del lanzamiento del <strong>criptoactivo $Libra<\/strong>, el presidente <strong>Javier Milei<\/strong> interactu\u00f3 en al menos cinco ocasiones desde su tel\u00e9fono personal con el tel\u00e9fono del lobista argentino <strong>Mauricio Novelli,<\/strong> uno de los protagonistas de la operaci\u00f3n que gener\u00f3 p\u00e9rdidas a los inversores por al menos US$ 100 millones, seg\u00fan surge de los peritajes oficiales desarrollados sobre los dispositivos electr\u00f3nicos de Novelli, confirmaron fuentes al tanto de ese material a <strong>C5N <\/strong>y<strong> La Naci\u00f3n.<\/strong><\/p>\n\n\n\n<p>Los expertos inform\u00e1ticos detectaron que las llamadas e intercambios de mensajes se registraron en ambas direcciones; es decir, que Milei envi\u00f3 mensajes a Novelli, lo que dej\u00f3 en evidencia un ida y vuelta fluido entre el jefe de Estado argentino y el lobista, que al momento del lanzamiento y colapso de $Libra se encontraba en Estados Unidos junto a su socio\u00a0<strong>Manuel Terrones Godoy<\/strong>\u00a0y al CEO de Kelsier Ventures,\u00a0<strong>Hayden Mark Davis<\/strong>.<\/p>\n\n\n\n<p><strong>Los hallazgos muestran que Novelli actu\u00f3 como \u201cnodo central\u201d de las comunicaciones entre los impulsores del criptoactivo y quienes se encontraban en la Argentina. <\/strong>\u00bfPor qu\u00e9? Porque tambi\u00e9n cruz\u00f3 llamadas y mensajes con la secretaria general de la Presidencia,<strong>\u00a0Karina Milei<\/strong>, y as\u00ed consta en el material que los peritos oficiales presentaron en el expediente judicial que tramita en los tribunales federales de Comodoro Py, semanas atr\u00e1s, pero s\u00f3lo trascendieron durante las \u00faltimas horas, cuando lo revel\u00f3 el periodista\u00a0<strong>Ariel Zak<\/strong>\u00a0en la se\u00f1al de cable C5N.<\/p>\n\n\n\n<p>El peritaje refleja que el viernes 14 de febrero de 2024, Milei y Novelli registraron varias comunicaciones \u2013en particular, chats de una plataforma digital, como WhatsApp-, una detr\u00e1s de otra, alrededor de las 19.01, la hora exacta en que el Presidente poste\u00f3 un mensaje en la red social X que conten\u00eda el \u201ccontrato\u201d para adquirir $Libra, es decir\u00a0<strong>un c\u00f3digo de 44 n\u00fameros y letras may\u00fasculas y min\u00fasculas<\/strong>.<\/p>\n\n\n\n<p>Luego del estallido del esc\u00e1ndalo, el presidente afirm\u00f3 en la primera entrevista televisiva que concedi\u00f3 para defender su actuaci\u00f3n en el \u201ccaso $Libra\u201d que \u00e9l se hab\u00eda limitado a copiar ese \u201ccontrato\u201d de Internet en su cuenta de X, pero expertos que declararon bajo juramento ante la comisi\u00f3n investigadora del Congreso confirmaron que ese \u201ccontrato\u201d no estaba disponible en Internet a esa hora.<\/p>\n\n\n\n<p>A esa entrevista, que el presidente concedi\u00f3 al periodista Jony Viale, en el canal TN, y que registr\u00f3 la interrupci\u00f3n y correcci\u00f3n del asesor&nbsp;<strong>Santiago Caputo<\/strong>, aluden parte de los intercambios que recuperaron los expertos inform\u00e1ticos. Aparece que Milei le adelant\u00f3 a Novelli que dar\u00eda esa nota e intercambiaron ideas y sugerencias sobre qu\u00e9 responder y qu\u00e9 callar, indicaron las fuentes consultadas a&nbsp;<strong>La Naci\u00f3n.<\/strong><\/p>\n\n\n\n<p>El peritaje de las comunicaciones refleja, adem\u00e1s, que el intercambio entre Novelli y Milei se interrumpi\u00f3 luego de unos minutos -que coinciden con el lanzamiento de $Libra-, pero que luego se retomaron, con el presidente como impulsor de las interacciones, en coincidencia o correlaci\u00f3n con el posterior colapso del criptoactivo, con miles de inversores perjudicados.<\/p>\n\n\n\n<p>El an\u00e1lisis refleja, adem\u00e1s, que Novelli no s\u00f3lo se comunic\u00f3 con Milei mientras se encontraba reunido con Hayden Davis y Terrones Godoy en un hotel de Dallas, sino que tambi\u00e9n interactu\u00f3 con el CEO de Kip Protocol, el singapurense&nbsp;<strong>Julian Peh<\/strong>, quien se encontraba del otro lado del planeta.<\/p>\n\n\n\n<p>El dato aporta verosimilitud a las declaraciones de Peh cuando lo contact\u00f3 el diario estadounidense The New York Times, meses atr\u00e1s. Afirm\u00f3 que recibi\u00f3 una \u201cllamada inesperada\u201d de Novelli el 13 de febrero de 2025, un d\u00eda antes de la salida de $Libra. Y que le anticip\u00f3 que Davis lanzar\u00eda ese criptoactivo y que KIP Protocol podr\u00eda distribuir los fondos entre las empresas beneficiarias. Acept\u00f3, aunque no era su \u00e1rea de experticia.<\/p>\n\n\n\n<p>Un d\u00eda despu\u00e9s, seg\u00fan relat\u00f3 Peh al Times, se despert\u00f3 al recibir mensajes de colegas. Le preguntaban qu\u00e9 era $Libra, y le copiaban un tuit del presidente Milei con el enlace al sitio web donde se describ\u00eda el supuesto proyecto, el c\u00f3digo alfanum\u00e9rico para invertir y un \u00fanico descargo de responsabilidad: \u201cProyecto de iniciativa privada desarrollado por KIP Network Inc \u00a9 2025\u2033.<\/p>\n\n\n\n<p>Con la tormenta ya desatada, Peh afirm\u00f3 que Novelli lo contact\u00f3 y le orden\u00f3 que Kip Protocol publicara un mensaje en X en apoyo el token. \u201cNovelli le proporcion\u00f3 el texto exacto en ingl\u00e9s y espa\u00f1ol, dijo\u201d, public\u00f3 el diario, lo que de confirmarse contradir\u00eda la versi\u00f3n de Novelli y Terrones Godoy, quienes afirmaron que su \u00fanico rol fue acercar a los empresarios al entorno presidencial, pero negar haber intervenido en las operaciones.<\/p>\n\n\n\n<p>Seg\u00fan Peh, sigui\u00f3 las instrucciones de Novelli.<strong> \u201cLa moneda $LIBRA ha sido un \u00e9xito, y queremos agradecer a todos por su confianza y apoyo\u201d, <\/strong>public\u00f3 desde la cuenta de KIP. \u201cQueremos aclarar que el presidente Milei no estuvo ni est\u00e1 involucrado de ninguna manera en el desarrollo del proyecto, que es absolutamente privado\u201d.<\/p>\n\n\n\n<p>Apenas dos minutos despu\u00e9s de ese posteo, dijo, se dio cuenta de que hab\u00eda cometido un error. Vio que Milei borr\u00f3 su tuit inicial y public\u00f3 otro en el que se despeg\u00f3 del proyecto. Y que la Oficina del Presidente emiti\u00f3 luego un comunicado en el que descarg\u00f3 toda la responsabilidad del plan fallido en Kip Protocol: \u201cEl Sr. Davis no tuvo ni tiene ninguna vinculaci\u00f3n vigente con el Gobierno argentino y fue presentado por los representantes de KIP Protocol como uno de sus socios en el proyecto\u201d.<\/p>\n\n\n\n<p>Esa versi\u00f3n, sin embargo, registra al menos dos contradicciones. La primera, que los registros de ingresos a la Casa Rosada confirman que Davis hab\u00eda entrado a la Casa de Gobierno meses antes de que Peh conociera al presidente. La segunda, que antes de salir de la escena p\u00fablica, Davis exculp\u00f3 a Peh: dijo que era \u201ccompletamente inocente\u201d y que \u201clos socios de Milei intentaron echarle la culpa para escudarse\u201d.<\/p>\n\n\n\n<p>El peritaje de las comunicaciones refleja el rol clave de Novelli, tambi\u00e9n con su socio, Terrones Godoy. El 20 de febrero \u2013es decir, seis d\u00edas despu\u00e9s del lanzamiento y colapso de $Libra-, mantuvieron un intercambio sensible por WhatsApp. \u201cLlevo eso para all\u00e1, pero borr\u00e1\u201d, le orden\u00f3 Novelli a su socio.<\/p>\n\n\n\n<p><\/p>\n","protected":false},"excerpt":{"rendered":"<p>Minutos antes del lanzamiento del criptoactivo $Libra, el presidente Javier Milei interactu\u00f3 en al menos cinco ocasiones desde su tel\u00e9fono personal con el tel\u00e9fono del lobista argentino Mauricio Novelli, uno&hellip;<\/p>\n","protected":false},"author":3,"featured_media":303225,"comment_status":"closed","ping_status":"open","sticky":false,"template":"","format":"standard","meta":{"_acf_changed":false,"footnotes":""},"categories":[1,8],"tags":[],"class_list":["post-322227","post","type-post","status-publish","format-standard","has-post-thumbnail","hentry","category-es-noticia","category-politica"],"acf":[],"yoast_head":"<!-- This site is optimized with the Yoast SEO plugin v27.5 - https:\/\/yoast.com\/product\/yoast-seo-wordpress\/ -->\n<title>Caso $Libra: Milei cruz\u00f3 mensajes y llamadas con Novelli minutos antes y despu\u00e9s del lanzamiento - Diario Textual<\/title>\n<meta name=\"robots\" content=\"index, follow, max-snippet:-1, max-image-preview:large, max-video-preview:-1\" \/>\n<link rel=\"canonical\" href=\"https:\/\/diariotextual.com\/inicio\/index.php\/2026\/03\/13\/caso-libra-milei-cruzo-mensajes-y-llamadas-con-novelli-minutos-antes-y-despues-del-lanzamiento\/\" \/>\n<meta property=\"og:locale\" content=\"es_ES\" \/>\n<meta property=\"og:type\" content=\"article\" \/>\n<meta property=\"og:title\" content=\"Caso $Libra: Milei cruz\u00f3 mensajes y llamadas con Novelli minutos antes y despu\u00e9s del lanzamiento - Diario Textual\" \/>\n<meta property=\"og:description\" content=\"Minutos antes del lanzamiento del criptoactivo $Libra, el presidente Javier Milei interactu\u00f3 en al menos cinco ocasiones desde su tel\u00e9fono personal con el tel\u00e9fono del lobista argentino Mauricio Novelli, uno&hellip;\" \/>\n<meta property=\"og:url\" content=\"https:\/\/diariotextual.com\/inicio\/index.php\/2026\/03\/13\/caso-libra-milei-cruzo-mensajes-y-llamadas-con-novelli-minutos-antes-y-despues-del-lanzamiento\/\" \/>\n<meta property=\"og:site_name\" content=\"Diario Textual\" \/>\n<meta property=\"article:publisher\" content=\"https:\/\/www.facebook.com\/eltextual\" \/>\n<meta property=\"article:published_time\" content=\"2026-03-13T20:44:19+00:00\" \/>\n<meta property=\"article:modified_time\" content=\"2026-03-14T01:34:26+00:00\" \/>\n<meta property=\"og:image\" content=\"https:\/\/diariotextual.com\/inicio\/wp-content\/uploads\/2025\/08\/mileijavier2025-1112222.jpg\" \/>\n\t<meta property=\"og:image:width\" content=\"768\" \/>\n\t<meta property=\"og:image:height\" content=\"512\" \/>\n\t<meta property=\"og:image:type\" content=\"image\/jpeg\" \/>\n<meta name=\"author\" content=\"Diario1 Diario1\" \/>\n<meta name=\"twitter:card\" content=\"summary_large_image\" \/>\n<meta name=\"twitter:creator\" content=\"@eltextual\" \/>\n<meta name=\"twitter:site\" content=\"@eltextual\" \/>\n<meta name=\"twitter:label1\" content=\"Escrito por\" \/>\n\t<meta name=\"twitter:data1\" content=\"Diario1 Diario1\" \/>\n\t<meta name=\"twitter:label2\" content=\"Tiempo de lectura\" \/>\n\t<meta name=\"twitter:data2\" content=\"5 minutos\" \/>\n<script type=\"application\/ld+json\" class=\"yoast-schema-graph\">{\"@context\":\"https:\\\/\\\/schema.org\",\"@graph\":[{\"@type\":\"Article\",\"@id\":\"https:\\\/\\\/diariotextual.com\\\/inicio\\\/index.php\\\/2026\\\/03\\\/13\\\/caso-libra-milei-cruzo-mensajes-y-llamadas-con-novelli-minutos-antes-y-despues-del-lanzamiento\\\/#article\",\"isPartOf\":{\"@id\":\"https:\\\/\\\/diariotextual.com\\\/inicio\\\/index.php\\\/2026\\\/03\\\/13\\\/caso-libra-milei-cruzo-mensajes-y-llamadas-con-novelli-minutos-antes-y-despues-del-lanzamiento\\\/\"},\"author\":{\"name\":\"Diario1 Diario1\",\"@id\":\"https:\\\/\\\/diariotextual.com\\\/inicio\\\/#\\\/schema\\\/person\\\/418fc4093c33e86ed41562db3508f958\"},\"headline\":\"Caso $Libra: Milei cruz\u00f3 mensajes y llamadas con Novelli minutos antes y despu\u00e9s del lanzamiento\",\"datePublished\":\"2026-03-13T20:44:19+00:00\",\"dateModified\":\"2026-03-14T01:34:26+00:00\",\"mainEntityOfPage\":{\"@id\":\"https:\\\/\\\/diariotextual.com\\\/inicio\\\/index.php\\\/2026\\\/03\\\/13\\\/caso-libra-milei-cruzo-mensajes-y-llamadas-con-novelli-minutos-antes-y-despues-del-lanzamiento\\\/\"},\"wordCount\":1068,\"publisher\":{\"@id\":\"https:\\\/\\\/diariotextual.com\\\/inicio\\\/#organization\"},\"image\":{\"@id\":\"https:\\\/\\\/diariotextual.com\\\/inicio\\\/index.php\\\/2026\\\/03\\\/13\\\/caso-libra-milei-cruzo-mensajes-y-llamadas-con-novelli-minutos-antes-y-despues-del-lanzamiento\\\/#primaryimage\"},\"thumbnailUrl\":\"https:\\\/\\\/diariotextual.com\\\/inicio\\\/wp-content\\\/uploads\\\/2025\\\/08\\\/mileijavier2025-1112222.jpg\",\"articleSection\":[\"A - ES NOTICIA (van abajo)\",\"POLITICA\"],\"inLanguage\":\"es\"},{\"@type\":\"WebPage\",\"@id\":\"https:\\\/\\\/diariotextual.com\\\/inicio\\\/index.php\\\/2026\\\/03\\\/13\\\/caso-libra-milei-cruzo-mensajes-y-llamadas-con-novelli-minutos-antes-y-despues-del-lanzamiento\\\/\",\"url\":\"https:\\\/\\\/diariotextual.com\\\/inicio\\\/index.php\\\/2026\\\/03\\\/13\\\/caso-libra-milei-cruzo-mensajes-y-llamadas-con-novelli-minutos-antes-y-despues-del-lanzamiento\\\/\",\"name\":\"Caso $Libra: Milei cruz\u00f3 mensajes y llamadas con Novelli minutos antes y despu\u00e9s del lanzamiento - Diario Textual\",\"isPartOf\":{\"@id\":\"https:\\\/\\\/diariotextual.com\\\/inicio\\\/#website\"},\"primaryImageOfPage\":{\"@id\":\"https:\\\/\\\/diariotextual.com\\\/inicio\\\/index.php\\\/2026\\\/03\\\/13\\\/caso-libra-milei-cruzo-mensajes-y-llamadas-con-novelli-minutos-antes-y-despues-del-lanzamiento\\\/#primaryimage\"},\"image\":{\"@id\":\"https:\\\/\\\/diariotextual.com\\\/inicio\\\/index.php\\\/2026\\\/03\\\/13\\\/caso-libra-milei-cruzo-mensajes-y-llamadas-con-novelli-minutos-antes-y-despues-del-lanzamiento\\\/#primaryimage\"},\"thumbnailUrl\":\"https:\\\/\\\/diariotextual.com\\\/inicio\\\/wp-content\\\/uploads\\\/2025\\\/08\\\/mileijavier2025-1112222.jpg\",\"datePublished\":\"2026-03-13T20:44:19+00:00\",\"dateModified\":\"2026-03-14T01:34:26+00:00\",\"breadcrumb\":{\"@id\":\"https:\\\/\\\/diariotextual.com\\\/inicio\\\/index.php\\\/2026\\\/03\\\/13\\\/caso-libra-milei-cruzo-mensajes-y-llamadas-con-novelli-minutos-antes-y-despues-del-lanzamiento\\\/#breadcrumb\"},\"inLanguage\":\"es\",\"potentialAction\":[{\"@type\":\"ReadAction\",\"target\":[\"https:\\\/\\\/diariotextual.com\\\/inicio\\\/index.php\\\/2026\\\/03\\\/13\\\/caso-libra-milei-cruzo-mensajes-y-llamadas-con-novelli-minutos-antes-y-despues-del-lanzamiento\\\/\"]}]},{\"@type\":\"ImageObject\",\"inLanguage\":\"es\",\"@id\":\"https:\\\/\\\/diariotextual.com\\\/inicio\\\/index.php\\\/2026\\\/03\\\/13\\\/caso-libra-milei-cruzo-mensajes-y-llamadas-con-novelli-minutos-antes-y-despues-del-lanzamiento\\\/#primaryimage\",\"url\":\"https:\\\/\\\/diariotextual.com\\\/inicio\\\/wp-content\\\/uploads\\\/2025\\\/08\\\/mileijavier2025-1112222.jpg\",\"contentUrl\":\"https:\\\/\\\/diariotextual.com\\\/inicio\\\/wp-content\\\/uploads\\\/2025\\\/08\\\/mileijavier2025-1112222.jpg\",\"width\":768,\"height\":512},{\"@type\":\"BreadcrumbList\",\"@id\":\"https:\\\/\\\/diariotextual.com\\\/inicio\\\/index.php\\\/2026\\\/03\\\/13\\\/caso-libra-milei-cruzo-mensajes-y-llamadas-con-novelli-minutos-antes-y-despues-del-lanzamiento\\\/#breadcrumb\",\"itemListElement\":[{\"@type\":\"ListItem\",\"position\":1,\"name\":\"Portada\",\"item\":\"https:\\\/\\\/diariotextual.com\\\/inicio\\\/\"},{\"@type\":\"ListItem\",\"position\":2,\"name\":\"Caso $Libra: Milei cruz\u00f3 mensajes y llamadas con Novelli minutos antes y despu\u00e9s del lanzamiento\"}]},{\"@type\":\"WebSite\",\"@id\":\"https:\\\/\\\/diariotextual.com\\\/inicio\\\/#website\",\"url\":\"https:\\\/\\\/diariotextual.com\\\/inicio\\\/\",\"name\":\"Diario Textual\",\"description\":\"\",\"publisher\":{\"@id\":\"https:\\\/\\\/diariotextual.com\\\/inicio\\\/#organization\"},\"potentialAction\":[{\"@type\":\"SearchAction\",\"target\":{\"@type\":\"EntryPoint\",\"urlTemplate\":\"https:\\\/\\\/diariotextual.com\\\/inicio\\\/?s={search_term_string}\"},\"query-input\":{\"@type\":\"PropertyValueSpecification\",\"valueRequired\":true,\"valueName\":\"search_term_string\"}}],\"inLanguage\":\"es\"},{\"@type\":\"Organization\",\"@id\":\"https:\\\/\\\/diariotextual.com\\\/inicio\\\/#organization\",\"name\":\"Diario Textual\",\"url\":\"https:\\\/\\\/diariotextual.com\\\/inicio\\\/\",\"logo\":{\"@type\":\"ImageObject\",\"inLanguage\":\"es\",\"@id\":\"https:\\\/\\\/diariotextual.com\\\/inicio\\\/#\\\/schema\\\/logo\\\/image\\\/\",\"url\":\"https:\\\/\\\/diariotextual.com\\\/inicio\\\/wp-content\\\/uploads\\\/2023\\\/05\\\/logotextual1.jpg\",\"contentUrl\":\"https:\\\/\\\/diariotextual.com\\\/inicio\\\/wp-content\\\/uploads\\\/2023\\\/05\\\/logotextual1.jpg\",\"width\":516,\"height\":76,\"caption\":\"Diario Textual\"},\"image\":{\"@id\":\"https:\\\/\\\/diariotextual.com\\\/inicio\\\/#\\\/schema\\\/logo\\\/image\\\/\"},\"sameAs\":[\"https:\\\/\\\/www.facebook.com\\\/eltextual\",\"https:\\\/\\\/x.com\\\/eltextual\",\"http:\\\/\\\/www.instagram.com\\\/eltextual\"]},{\"@type\":\"Person\",\"@id\":\"https:\\\/\\\/diariotextual.com\\\/inicio\\\/#\\\/schema\\\/person\\\/418fc4093c33e86ed41562db3508f958\",\"name\":\"Diario1 Diario1\",\"image\":{\"@type\":\"ImageObject\",\"inLanguage\":\"es\",\"@id\":\"https:\\\/\\\/secure.gravatar.com\\\/avatar\\\/9167d280179c85bc18be67aa7eda765854300033af4896dd779b608640f2ef7a?s=96&d=mm&r=g\",\"url\":\"https:\\\/\\\/secure.gravatar.com\\\/avatar\\\/9167d280179c85bc18be67aa7eda765854300033af4896dd779b608640f2ef7a?s=96&d=mm&r=g\",\"contentUrl\":\"https:\\\/\\\/secure.gravatar.com\\\/avatar\\\/9167d280179c85bc18be67aa7eda765854300033af4896dd779b608640f2ef7a?s=96&d=mm&r=g\",\"caption\":\"Diario1 Diario1\"},\"url\":\"https:\\\/\\\/diariotextual.com\\\/inicio\\\/index.php\\\/author\\\/diario1\\\/\"}]}<\/script>\n<!-- \/ Yoast SEO plugin. -->","yoast_head_json":{"title":"Caso $Libra: Milei cruz\u00f3 mensajes y llamadas con Novelli minutos antes y despu\u00e9s del lanzamiento - Diario Textual","robots":{"index":"index","follow":"follow","max-snippet":"max-snippet:-1","max-image-preview":"max-image-preview:large","max-video-preview":"max-video-preview:-1"},"canonical":"https:\/\/diariotextual.com\/inicio\/index.php\/2026\/03\/13\/caso-libra-milei-cruzo-mensajes-y-llamadas-con-novelli-minutos-antes-y-despues-del-lanzamiento\/","og_locale":"es_ES","og_type":"article","og_title":"Caso $Libra: Milei cruz\u00f3 mensajes y llamadas con Novelli minutos antes y despu\u00e9s del lanzamiento - Diario Textual","og_description":"Minutos antes del lanzamiento del criptoactivo $Libra, el presidente Javier Milei interactu\u00f3 en al menos cinco ocasiones desde su tel\u00e9fono personal con el tel\u00e9fono del lobista argentino Mauricio Novelli, uno&hellip;","og_url":"https:\/\/diariotextual.com\/inicio\/index.php\/2026\/03\/13\/caso-libra-milei-cruzo-mensajes-y-llamadas-con-novelli-minutos-antes-y-despues-del-lanzamiento\/","og_site_name":"Diario Textual","article_publisher":"https:\/\/www.facebook.com\/eltextual","article_published_time":"2026-03-13T20:44:19+00:00","article_modified_time":"2026-03-14T01:34:26+00:00","og_image":[{"width":768,"height":512,"url":"https:\/\/diariotextual.com\/inicio\/wp-content\/uploads\/2025\/08\/mileijavier2025-1112222.jpg","type":"image\/jpeg"}],"author":"Diario1 Diario1","twitter_card":"summary_large_image","twitter_creator":"@eltextual","twitter_site":"@eltextual","twitter_misc":{"Escrito por":"Diario1 Diario1","Tiempo de lectura":"5 minutos"},"schema":{"@context":"https:\/\/schema.org","@graph":[{"@type":"Article","@id":"https:\/\/diariotextual.com\/inicio\/index.php\/2026\/03\/13\/caso-libra-milei-cruzo-mensajes-y-llamadas-con-novelli-minutos-antes-y-despues-del-lanzamiento\/#article","isPartOf":{"@id":"https:\/\/diariotextual.com\/inicio\/index.php\/2026\/03\/13\/caso-libra-milei-cruzo-mensajes-y-llamadas-con-novelli-minutos-antes-y-despues-del-lanzamiento\/"},"author":{"name":"Diario1 Diario1","@id":"https:\/\/diariotextual.com\/inicio\/#\/schema\/person\/418fc4093c33e86ed41562db3508f958"},"headline":"Caso $Libra: Milei cruz\u00f3 mensajes y llamadas con Novelli minutos antes y despu\u00e9s del lanzamiento","datePublished":"2026-03-13T20:44:19+00:00","dateModified":"2026-03-14T01:34:26+00:00","mainEntityOfPage":{"@id":"https:\/\/diariotextual.com\/inicio\/index.php\/2026\/03\/13\/caso-libra-milei-cruzo-mensajes-y-llamadas-con-novelli-minutos-antes-y-despues-del-lanzamiento\/"},"wordCount":1068,"publisher":{"@id":"https:\/\/diariotextual.com\/inicio\/#organization"},"image":{"@id":"https:\/\/diariotextual.com\/inicio\/index.php\/2026\/03\/13\/caso-libra-milei-cruzo-mensajes-y-llamadas-con-novelli-minutos-antes-y-despues-del-lanzamiento\/#primaryimage"},"thumbnailUrl":"https:\/\/diariotextual.com\/inicio\/wp-content\/uploads\/2025\/08\/mileijavier2025-1112222.jpg","articleSection":["A - ES NOTICIA (van abajo)","POLITICA"],"inLanguage":"es"},{"@type":"WebPage","@id":"https:\/\/diariotextual.com\/inicio\/index.php\/2026\/03\/13\/caso-libra-milei-cruzo-mensajes-y-llamadas-con-novelli-minutos-antes-y-despues-del-lanzamiento\/","url":"https:\/\/diariotextual.com\/inicio\/index.php\/2026\/03\/13\/caso-libra-milei-cruzo-mensajes-y-llamadas-con-novelli-minutos-antes-y-despues-del-lanzamiento\/","name":"Caso $Libra: Milei cruz\u00f3 mensajes y llamadas con Novelli minutos antes y despu\u00e9s del lanzamiento - Diario Textual","isPartOf":{"@id":"https:\/\/diariotextual.com\/inicio\/#website"},"primaryImageOfPage":{"@id":"https:\/\/diariotextual.com\/inicio\/index.php\/2026\/03\/13\/caso-libra-milei-cruzo-mensajes-y-llamadas-con-novelli-minutos-antes-y-despues-del-lanzamiento\/#primaryimage"},"image":{"@id":"https:\/\/diariotextual.com\/inicio\/index.php\/2026\/03\/13\/caso-libra-milei-cruzo-mensajes-y-llamadas-con-novelli-minutos-antes-y-despues-del-lanzamiento\/#primaryimage"},"thumbnailUrl":"https:\/\/diariotextual.com\/inicio\/wp-content\/uploads\/2025\/08\/mileijavier2025-1112222.jpg","datePublished":"2026-03-13T20:44:19+00:00","dateModified":"2026-03-14T01:34:26+00:00","breadcrumb":{"@id":"https:\/\/diariotextual.com\/inicio\/index.php\/2026\/03\/13\/caso-libra-milei-cruzo-mensajes-y-llamadas-con-novelli-minutos-antes-y-despues-del-lanzamiento\/#breadcrumb"},"inLanguage":"es","potentialAction":[{"@type":"ReadAction","target":["https:\/\/diariotextual.com\/inicio\/index.php\/2026\/03\/13\/caso-libra-milei-cruzo-mensajes-y-llamadas-con-novelli-minutos-antes-y-despues-del-lanzamiento\/"]}]},{"@type":"ImageObject","inLanguage":"es","@id":"https:\/\/diariotextual.com\/inicio\/index.php\/2026\/03\/13\/caso-libra-milei-cruzo-mensajes-y-llamadas-con-novelli-minutos-antes-y-despues-del-lanzamiento\/#primaryimage","url":"https:\/\/diariotextual.com\/inicio\/wp-content\/uploads\/2025\/08\/mileijavier2025-1112222.jpg","contentUrl":"https:\/\/diariotextual.com\/inicio\/wp-content\/uploads\/2025\/08\/mileijavier2025-1112222.jpg","width":768,"height":512},{"@type":"BreadcrumbList","@id":"https:\/\/diariotextual.com\/inicio\/index.php\/2026\/03\/13\/caso-libra-milei-cruzo-mensajes-y-llamadas-con-novelli-minutos-antes-y-despues-del-lanzamiento\/#breadcrumb","itemListElement":[{"@type":"ListItem","position":1,"name":"Portada","item":"https:\/\/diariotextual.com\/inicio\/"},{"@type":"ListItem","position":2,"name":"Caso $Libra: Milei cruz\u00f3 mensajes y llamadas con Novelli minutos antes y despu\u00e9s del lanzamiento"}]},{"@type":"WebSite","@id":"https:\/\/diariotextual.com\/inicio\/#website","url":"https:\/\/diariotextual.com\/inicio\/","name":"Diario Textual","description":"","publisher":{"@id":"https:\/\/diariotextual.com\/inicio\/#organization"},"potentialAction":[{"@type":"SearchAction","target":{"@type":"EntryPoint","urlTemplate":"https:\/\/diariotextual.com\/inicio\/?s={search_term_string}"},"query-input":{"@type":"PropertyValueSpecification","valueRequired":true,"valueName":"search_term_string"}}],"inLanguage":"es"},{"@type":"Organization","@id":"https:\/\/diariotextual.com\/inicio\/#organization","name":"Diario Textual","url":"https:\/\/diariotextual.com\/inicio\/","logo":{"@type":"ImageObject","inLanguage":"es","@id":"https:\/\/diariotextual.com\/inicio\/#\/schema\/logo\/image\/","url":"https:\/\/diariotextual.com\/inicio\/wp-content\/uploads\/2023\/05\/logotextual1.jpg","contentUrl":"https:\/\/diariotextual.com\/inicio\/wp-content\/uploads\/2023\/05\/logotextual1.jpg","width":516,"height":76,"caption":"Diario Textual"},"image":{"@id":"https:\/\/diariotextual.com\/inicio\/#\/schema\/logo\/image\/"},"sameAs":["https:\/\/www.facebook.com\/eltextual","https:\/\/x.com\/eltextual","http:\/\/www.instagram.com\/eltextual"]},{"@type":"Person","@id":"https:\/\/diariotextual.com\/inicio\/#\/schema\/person\/418fc4093c33e86ed41562db3508f958","name":"Diario1 Diario1","image":{"@type":"ImageObject","inLanguage":"es","@id":"https:\/\/secure.gravatar.com\/avatar\/9167d280179c85bc18be67aa7eda765854300033af4896dd779b608640f2ef7a?s=96&d=mm&r=g","url":"https:\/\/secure.gravatar.com\/avatar\/9167d280179c85bc18be67aa7eda765854300033af4896dd779b608640f2ef7a?s=96&d=mm&r=g","contentUrl":"https:\/\/secure.gravatar.com\/avatar\/9167d280179c85bc18be67aa7eda765854300033af4896dd779b608640f2ef7a?s=96&d=mm&r=g","caption":"Diario1 Diario1"},"url":"https:\/\/diariotextual.com\/inicio\/index.php\/author\/diario1\/"}]}},"_links":{"self":[{"href":"https:\/\/diariotextual.com\/inicio\/index.php\/wp-json\/wp\/v2\/posts\/322227","targetHints":{"allow":["GET"]}}],"collection":[{"href":"https:\/\/diariotextual.com\/inicio\/index.php\/wp-json\/wp\/v2\/posts"}],"about":[{"href":"https:\/\/diariotextual.com\/inicio\/index.php\/wp-json\/wp\/v2\/types\/post"}],"author":[{"embeddable":true,"href":"https:\/\/diariotextual.com\/inicio\/index.php\/wp-json\/wp\/v2\/users\/3"}],"replies":[{"embeddable":true,"href":"https:\/\/diariotextual.com\/inicio\/index.php\/wp-json\/wp\/v2\/comments?post=322227"}],"version-history":[{"count":3,"href":"https:\/\/diariotextual.com\/inicio\/index.php\/wp-json\/wp\/v2\/posts\/322227\/revisions"}],"predecessor-version":[{"id":322232,"href":"https:\/\/diariotextual.com\/inicio\/index.php\/wp-json\/wp\/v2\/posts\/322227\/revisions\/322232"}],"wp:featuredmedia":[{"embeddable":true,"href":"https:\/\/diariotextual.com\/inicio\/index.php\/wp-json\/wp\/v2\/media\/303225"}],"wp:attachment":[{"href":"https:\/\/diariotextual.com\/inicio\/index.php\/wp-json\/wp\/v2\/media?parent=322227"}],"wp:term":[{"taxonomy":"category","embeddable":true,"href":"https:\/\/diariotextual.com\/inicio\/index.php\/wp-json\/wp\/v2\/categories?post=322227"},{"taxonomy":"post_tag","embeddable":true,"href":"https:\/\/diariotextual.com\/inicio\/index.php\/wp-json\/wp\/v2\/tags?post=322227"}],"curies":[{"name":"wp","href":"https:\/\/api.w.org\/{rel}","templated":true}]}}