{"id":322233,"date":"2026-03-13T18:03:16","date_gmt":"2026-03-13T21:03:16","guid":{"rendered":"https:\/\/diariotextual.com\/inicio\/?p=322233"},"modified":"2026-03-14T09:04:27","modified_gmt":"2026-03-14T12:04:27","slug":"familias-de-relmo-recibieron-las-llaves-de-sus-viviendas-por-el-plan-mi-casa-1","status":"publish","type":"post","link":"https:\/\/diariotextual.com\/inicio\/index.php\/2026\/03\/13\/familias-de-relmo-recibieron-las-llaves-de-sus-viviendas-por-el-plan-mi-casa-1\/","title":{"rendered":"Familias de Relmo recibieron las llaves de sus viviendas por el Plan Mi Casa 1"},"content":{"rendered":"\n<p>Ocho familias de <strong>Relmo<\/strong> recibieron este viernes las llaves de sus viviendas, construidas a trav\u00e9s del <strong>Plan Provincial Mi Casa 1<\/strong>, una pol\u00edtica habitacional del <strong>Gobierno de La Pampa<\/strong> destinada a dar respuesta a la demanda de vivienda en distintas localidades.<\/p>\n\n\n\n<figure class=\"wp-block-image size-large\"><img fetchpriority=\"high\" decoding=\"async\" width=\"1024\" height=\"683\" src=\"https:\/\/diariotextual.com\/inicio\/wp-content\/uploads\/2026\/03\/casassocialesipavrelmo2026-4-1024x683.jpg\" alt=\"\" class=\"wp-image-322238\" srcset=\"https:\/\/diariotextual.com\/inicio\/wp-content\/uploads\/2026\/03\/casassocialesipavrelmo2026-4-1024x683.jpg 1024w, https:\/\/diariotextual.com\/inicio\/wp-content\/uploads\/2026\/03\/casassocialesipavrelmo2026-4-300x200.jpg 300w, https:\/\/diariotextual.com\/inicio\/wp-content\/uploads\/2026\/03\/casassocialesipavrelmo2026-4-768x512.jpg 768w, https:\/\/diariotextual.com\/inicio\/wp-content\/uploads\/2026\/03\/casassocialesipavrelmo2026-4-1170x780.jpg 1170w, https:\/\/diariotextual.com\/inicio\/wp-content\/uploads\/2026\/03\/casassocialesipavrelmo2026-4-585x390.jpg 585w, https:\/\/diariotextual.com\/inicio\/wp-content\/uploads\/2026\/03\/casassocialesipavrelmo2026-4-263x175.jpg 263w, https:\/\/diariotextual.com\/inicio\/wp-content\/uploads\/2026\/03\/casassocialesipavrelmo2026-4.jpg 1200w\" sizes=\"(max-width: 1024px) 100vw, 1024px\" \/><\/figure>\n\n\n\n<p>Con estas nuevas soluciones habitacionales, la <strong>comisi\u00f3n de fomento<\/strong> de la localidad cubre pr\u00e1cticamente el <strong>100 % de la demanda habitacional<\/strong>. Del acto participaron el ministro de Conectividad y Modernizaci\u00f3n, <strong>Antonio Curciarello<\/strong>; el vicepresidente primero de la C\u00e1mara de Diputados, <strong>Hern\u00e1n P\u00e9rez Araujo<\/strong>; el diputado provincial <strong>Federico Ortiz<\/strong>; la titular del <strong>Instituto Provincial Aut\u00e1rquico de Vivienda (Ipav)<\/strong>, <strong>Erica Riboyra<\/strong>; y el gerente contable del organismo, <strong>Jos\u00e9 Garr\u00e9<\/strong>. Las autoridades fueron recibidas por el presidente de la comisi\u00f3n de fomento de Relmo, <strong>Ariel Vidondo<\/strong>, junto a representantes locales.<\/p>\n\n\n\n<p>Durante el acto, Riboyra destac\u00f3 la importancia de sostener las pol\u00edticas p\u00fablicas que garantizan el acceso a la vivienda. \u201cCada vez que llegamos a una localidad a entregar viviendas sabemos que estamos haciendo realidad el sue\u00f1o de muchas familias. Para que eso sea posible tiene que existir una decisi\u00f3n pol\u00edtica clara, como la que tiene el gobernador <strong>Sergio Ziliotto<\/strong>\u201d, afirm\u00f3.<\/p>\n\n\n\n<p>La funcionaria se\u00f1al\u00f3 que la construcci\u00f3n de estas viviendas fue una meta largamente esperada por la comunidad. \u201cHace tiempo so\u00f1\u00e1bamos con poder construir ocho viviendas en Relmo, porque donde hay un pampeano o una pampeana con una necesidad, tambi\u00e9n hay una decisi\u00f3n pol\u00edtica de dar una respuesta. Y hoy esa respuesta se concreta con estas casas\u201d, expres\u00f3.<\/p>\n\n\n\n<figure class=\"wp-block-image size-large\"><img decoding=\"async\" width=\"1024\" height=\"683\" src=\"https:\/\/diariotextual.com\/inicio\/wp-content\/uploads\/2026\/03\/casassocialesipavrelmo2026-5-1024x683.jpg\" alt=\"\" class=\"wp-image-322239\" srcset=\"https:\/\/diariotextual.com\/inicio\/wp-content\/uploads\/2026\/03\/casassocialesipavrelmo2026-5-1024x683.jpg 1024w, https:\/\/diariotextual.com\/inicio\/wp-content\/uploads\/2026\/03\/casassocialesipavrelmo2026-5-300x200.jpg 300w, https:\/\/diariotextual.com\/inicio\/wp-content\/uploads\/2026\/03\/casassocialesipavrelmo2026-5-768x512.jpg 768w, https:\/\/diariotextual.com\/inicio\/wp-content\/uploads\/2026\/03\/casassocialesipavrelmo2026-5-1170x780.jpg 1170w, https:\/\/diariotextual.com\/inicio\/wp-content\/uploads\/2026\/03\/casassocialesipavrelmo2026-5-585x390.jpg 585w, https:\/\/diariotextual.com\/inicio\/wp-content\/uploads\/2026\/03\/casassocialesipavrelmo2026-5-263x175.jpg 263w, https:\/\/diariotextual.com\/inicio\/wp-content\/uploads\/2026\/03\/casassocialesipavrelmo2026-5.jpg 1200w\" sizes=\"(max-width: 1024px) 100vw, 1024px\" \/><\/figure>\n\n\n\n<p>Adem\u00e1s, remarc\u00f3 el compromiso de las familias adjudicatarias con el sistema solidario de vivienda. \u201cSabemos que hacen un esfuerzo muy importante para pagar su cuota. <strong>Las casas no se regalan<\/strong>: cada adjudicatario la paga, y ese aporte permite que podamos seguir construyendo m\u00e1s viviendas\u201d, dijo. Tambi\u00e9n reconoci\u00f3 el contexto econ\u00f3mico actual y sostuvo que \u201cen momentos donde la situaci\u00f3n se vuelve cada vez m\u00e1s compleja, en <strong>La Pampa<\/strong> hay un Gobierno que acompa\u00f1a y responde con hechos concretos\u201d.<\/p>\n\n\n\n<figure class=\"wp-block-image size-large\"><img decoding=\"async\" width=\"1024\" height=\"683\" src=\"https:\/\/diariotextual.com\/inicio\/wp-content\/uploads\/2026\/03\/casassocialesipavrelmo2026-3-1024x683.jpg\" alt=\"\" class=\"wp-image-322237\" srcset=\"https:\/\/diariotextual.com\/inicio\/wp-content\/uploads\/2026\/03\/casassocialesipavrelmo2026-3-1024x683.jpg 1024w, https:\/\/diariotextual.com\/inicio\/wp-content\/uploads\/2026\/03\/casassocialesipavrelmo2026-3-300x200.jpg 300w, https:\/\/diariotextual.com\/inicio\/wp-content\/uploads\/2026\/03\/casassocialesipavrelmo2026-3-768x512.jpg 768w, https:\/\/diariotextual.com\/inicio\/wp-content\/uploads\/2026\/03\/casassocialesipavrelmo2026-3-1170x780.jpg 1170w, https:\/\/diariotextual.com\/inicio\/wp-content\/uploads\/2026\/03\/casassocialesipavrelmo2026-3-585x390.jpg 585w, https:\/\/diariotextual.com\/inicio\/wp-content\/uploads\/2026\/03\/casassocialesipavrelmo2026-3-263x175.jpg 263w, https:\/\/diariotextual.com\/inicio\/wp-content\/uploads\/2026\/03\/casassocialesipavrelmo2026-3.jpg 1200w\" sizes=\"(max-width: 1024px) 100vw, 1024px\" \/><\/figure>\n\n\n\n<p>Por su parte, Vidondo agradeci\u00f3 las gestiones del Gobierno provincial y el acompa\u00f1amiento a la localidad. \u201cEs un d\u00eda muy importante para Relmo y para nuestra comunidad. La entrega de estas <strong>ocho viviendas<\/strong> representa un n\u00famero muy significativo para una localidad como la nuestra y permite resolver gran parte de la demanda habitacional\u201d, indic\u00f3.<\/p>\n\n\n\n<p>El jefe comunal tambi\u00e9n destac\u00f3 el impacto que tiene el acceso a la vivienda en la vida cotidiana de las familias. \u201cA partir de hoy muchas familias van a poder dejar atr\u00e1s la preocupaci\u00f3n por el alquiler o por tener que mudarse. El esfuerzo que hagan para pagar la cuota ser\u00e1 para su propia casa, y eso les cambia la vida\u201d, concluy\u00f3.<\/p>\n\n\n\n<p><\/p>\n","protected":false},"excerpt":{"rendered":"<p>Ocho familias de Relmo recibieron este viernes las llaves de sus viviendas, construidas a trav\u00e9s del Plan Provincial Mi Casa 1, una pol\u00edtica habitacional del Gobierno de La Pampa destinada&hellip;<\/p>\n","protected":false},"author":3,"featured_media":322236,"comment_status":"closed","ping_status":"open","sticky":false,"template":"","format":"standard","meta":{"_acf_changed":false,"footnotes":""},"categories":[1,12],"tags":[],"class_list":["post-322233","post","type-post","status-publish","format-standard","has-post-thumbnail","hentry","category-es-noticia","category-sociedad"],"acf":[],"yoast_head":"<!-- This site is optimized with the Yoast SEO plugin v27.5 - https:\/\/yoast.com\/product\/yoast-seo-wordpress\/ -->\n<title>Familias de Relmo recibieron las llaves de sus viviendas por el Plan Mi Casa 1 - Diario Textual<\/title>\n<meta name=\"robots\" content=\"index, follow, max-snippet:-1, max-image-preview:large, max-video-preview:-1\" \/>\n<link rel=\"canonical\" href=\"https:\/\/diariotextual.com\/inicio\/index.php\/2026\/03\/13\/familias-de-relmo-recibieron-las-llaves-de-sus-viviendas-por-el-plan-mi-casa-1\/\" \/>\n<meta property=\"og:locale\" content=\"es_ES\" \/>\n<meta property=\"og:type\" content=\"article\" \/>\n<meta property=\"og:title\" content=\"Familias de Relmo recibieron las llaves de sus viviendas por el Plan Mi Casa 1 - Diario Textual\" \/>\n<meta property=\"og:description\" content=\"Ocho familias de Relmo recibieron este viernes las llaves de sus viviendas, construidas a trav\u00e9s del Plan Provincial Mi Casa 1, una pol\u00edtica habitacional del Gobierno de La Pampa destinada&hellip;\" \/>\n<meta property=\"og:url\" content=\"https:\/\/diariotextual.com\/inicio\/index.php\/2026\/03\/13\/familias-de-relmo-recibieron-las-llaves-de-sus-viviendas-por-el-plan-mi-casa-1\/\" \/>\n<meta property=\"og:site_name\" content=\"Diario Textual\" \/>\n<meta property=\"article:publisher\" content=\"https:\/\/www.facebook.com\/eltextual\" \/>\n<meta property=\"article:published_time\" content=\"2026-03-13T21:03:16+00:00\" \/>\n<meta property=\"article:modified_time\" content=\"2026-03-14T12:04:27+00:00\" \/>\n<meta property=\"og:image\" content=\"https:\/\/diariotextual.com\/inicio\/wp-content\/uploads\/2026\/03\/casassocialesipavrelmo2025-2.jpg\" \/>\n\t<meta property=\"og:image:width\" content=\"1200\" \/>\n\t<meta property=\"og:image:height\" content=\"800\" \/>\n\t<meta property=\"og:image:type\" content=\"image\/jpeg\" \/>\n<meta name=\"author\" content=\"Diario1 Diario1\" \/>\n<meta name=\"twitter:card\" content=\"summary_large_image\" \/>\n<meta name=\"twitter:creator\" content=\"@eltextual\" \/>\n<meta name=\"twitter:site\" content=\"@eltextual\" \/>\n<meta name=\"twitter:label1\" content=\"Escrito por\" \/>\n\t<meta name=\"twitter:data1\" content=\"Diario1 Diario1\" \/>\n\t<meta name=\"twitter:label2\" content=\"Tiempo de lectura\" \/>\n\t<meta name=\"twitter:data2\" content=\"3 minutos\" \/>\n<script type=\"application\/ld+json\" class=\"yoast-schema-graph\">{\"@context\":\"https:\\\/\\\/schema.org\",\"@graph\":[{\"@type\":\"Article\",\"@id\":\"https:\\\/\\\/diariotextual.com\\\/inicio\\\/index.php\\\/2026\\\/03\\\/13\\\/familias-de-relmo-recibieron-las-llaves-de-sus-viviendas-por-el-plan-mi-casa-1\\\/#article\",\"isPartOf\":{\"@id\":\"https:\\\/\\\/diariotextual.com\\\/inicio\\\/index.php\\\/2026\\\/03\\\/13\\\/familias-de-relmo-recibieron-las-llaves-de-sus-viviendas-por-el-plan-mi-casa-1\\\/\"},\"author\":{\"name\":\"Diario1 Diario1\",\"@id\":\"https:\\\/\\\/diariotextual.com\\\/inicio\\\/#\\\/schema\\\/person\\\/418fc4093c33e86ed41562db3508f958\"},\"headline\":\"Familias de Relmo recibieron las llaves de sus viviendas por el Plan Mi Casa 1\",\"datePublished\":\"2026-03-13T21:03:16+00:00\",\"dateModified\":\"2026-03-14T12:04:27+00:00\",\"mainEntityOfPage\":{\"@id\":\"https:\\\/\\\/diariotextual.com\\\/inicio\\\/index.php\\\/2026\\\/03\\\/13\\\/familias-de-relmo-recibieron-las-llaves-de-sus-viviendas-por-el-plan-mi-casa-1\\\/\"},\"wordCount\":484,\"publisher\":{\"@id\":\"https:\\\/\\\/diariotextual.com\\\/inicio\\\/#organization\"},\"image\":{\"@id\":\"https:\\\/\\\/diariotextual.com\\\/inicio\\\/index.php\\\/2026\\\/03\\\/13\\\/familias-de-relmo-recibieron-las-llaves-de-sus-viviendas-por-el-plan-mi-casa-1\\\/#primaryimage\"},\"thumbnailUrl\":\"https:\\\/\\\/diariotextual.com\\\/inicio\\\/wp-content\\\/uploads\\\/2026\\\/03\\\/casassocialesipavrelmo2025-2.jpg\",\"articleSection\":[\"A - ES NOTICIA (van abajo)\",\"SOCIEDAD\"],\"inLanguage\":\"es\"},{\"@type\":\"WebPage\",\"@id\":\"https:\\\/\\\/diariotextual.com\\\/inicio\\\/index.php\\\/2026\\\/03\\\/13\\\/familias-de-relmo-recibieron-las-llaves-de-sus-viviendas-por-el-plan-mi-casa-1\\\/\",\"url\":\"https:\\\/\\\/diariotextual.com\\\/inicio\\\/index.php\\\/2026\\\/03\\\/13\\\/familias-de-relmo-recibieron-las-llaves-de-sus-viviendas-por-el-plan-mi-casa-1\\\/\",\"name\":\"Familias de Relmo recibieron las llaves de sus viviendas por el Plan Mi Casa 1 - Diario Textual\",\"isPartOf\":{\"@id\":\"https:\\\/\\\/diariotextual.com\\\/inicio\\\/#website\"},\"primaryImageOfPage\":{\"@id\":\"https:\\\/\\\/diariotextual.com\\\/inicio\\\/index.php\\\/2026\\\/03\\\/13\\\/familias-de-relmo-recibieron-las-llaves-de-sus-viviendas-por-el-plan-mi-casa-1\\\/#primaryimage\"},\"image\":{\"@id\":\"https:\\\/\\\/diariotextual.com\\\/inicio\\\/index.php\\\/2026\\\/03\\\/13\\\/familias-de-relmo-recibieron-las-llaves-de-sus-viviendas-por-el-plan-mi-casa-1\\\/#primaryimage\"},\"thumbnailUrl\":\"https:\\\/\\\/diariotextual.com\\\/inicio\\\/wp-content\\\/uploads\\\/2026\\\/03\\\/casassocialesipavrelmo2025-2.jpg\",\"datePublished\":\"2026-03-13T21:03:16+00:00\",\"dateModified\":\"2026-03-14T12:04:27+00:00\",\"breadcrumb\":{\"@id\":\"https:\\\/\\\/diariotextual.com\\\/inicio\\\/index.php\\\/2026\\\/03\\\/13\\\/familias-de-relmo-recibieron-las-llaves-de-sus-viviendas-por-el-plan-mi-casa-1\\\/#breadcrumb\"},\"inLanguage\":\"es\",\"potentialAction\":[{\"@type\":\"ReadAction\",\"target\":[\"https:\\\/\\\/diariotextual.com\\\/inicio\\\/index.php\\\/2026\\\/03\\\/13\\\/familias-de-relmo-recibieron-las-llaves-de-sus-viviendas-por-el-plan-mi-casa-1\\\/\"]}]},{\"@type\":\"ImageObject\",\"inLanguage\":\"es\",\"@id\":\"https:\\\/\\\/diariotextual.com\\\/inicio\\\/index.php\\\/2026\\\/03\\\/13\\\/familias-de-relmo-recibieron-las-llaves-de-sus-viviendas-por-el-plan-mi-casa-1\\\/#primaryimage\",\"url\":\"https:\\\/\\\/diariotextual.com\\\/inicio\\\/wp-content\\\/uploads\\\/2026\\\/03\\\/casassocialesipavrelmo2025-2.jpg\",\"contentUrl\":\"https:\\\/\\\/diariotextual.com\\\/inicio\\\/wp-content\\\/uploads\\\/2026\\\/03\\\/casassocialesipavrelmo2025-2.jpg\",\"width\":1200,\"height\":800},{\"@type\":\"BreadcrumbList\",\"@id\":\"https:\\\/\\\/diariotextual.com\\\/inicio\\\/index.php\\\/2026\\\/03\\\/13\\\/familias-de-relmo-recibieron-las-llaves-de-sus-viviendas-por-el-plan-mi-casa-1\\\/#breadcrumb\",\"itemListElement\":[{\"@type\":\"ListItem\",\"position\":1,\"name\":\"Portada\",\"item\":\"https:\\\/\\\/diariotextual.com\\\/inicio\\\/\"},{\"@type\":\"ListItem\",\"position\":2,\"name\":\"Familias de Relmo recibieron las llaves de sus viviendas por el Plan Mi Casa 1\"}]},{\"@type\":\"WebSite\",\"@id\":\"https:\\\/\\\/diariotextual.com\\\/inicio\\\/#website\",\"url\":\"https:\\\/\\\/diariotextual.com\\\/inicio\\\/\",\"name\":\"Diario Textual\",\"description\":\"\",\"publisher\":{\"@id\":\"https:\\\/\\\/diariotextual.com\\\/inicio\\\/#organization\"},\"potentialAction\":[{\"@type\":\"SearchAction\",\"target\":{\"@type\":\"EntryPoint\",\"urlTemplate\":\"https:\\\/\\\/diariotextual.com\\\/inicio\\\/?s={search_term_string}\"},\"query-input\":{\"@type\":\"PropertyValueSpecification\",\"valueRequired\":true,\"valueName\":\"search_term_string\"}}],\"inLanguage\":\"es\"},{\"@type\":\"Organization\",\"@id\":\"https:\\\/\\\/diariotextual.com\\\/inicio\\\/#organization\",\"name\":\"Diario Textual\",\"url\":\"https:\\\/\\\/diariotextual.com\\\/inicio\\\/\",\"logo\":{\"@type\":\"ImageObject\",\"inLanguage\":\"es\",\"@id\":\"https:\\\/\\\/diariotextual.com\\\/inicio\\\/#\\\/schema\\\/logo\\\/image\\\/\",\"url\":\"https:\\\/\\\/diariotextual.com\\\/inicio\\\/wp-content\\\/uploads\\\/2023\\\/05\\\/logotextual1.jpg\",\"contentUrl\":\"https:\\\/\\\/diariotextual.com\\\/inicio\\\/wp-content\\\/uploads\\\/2023\\\/05\\\/logotextual1.jpg\",\"width\":516,\"height\":76,\"caption\":\"Diario Textual\"},\"image\":{\"@id\":\"https:\\\/\\\/diariotextual.com\\\/inicio\\\/#\\\/schema\\\/logo\\\/image\\\/\"},\"sameAs\":[\"https:\\\/\\\/www.facebook.com\\\/eltextual\",\"https:\\\/\\\/x.com\\\/eltextual\",\"http:\\\/\\\/www.instagram.com\\\/eltextual\"]},{\"@type\":\"Person\",\"@id\":\"https:\\\/\\\/diariotextual.com\\\/inicio\\\/#\\\/schema\\\/person\\\/418fc4093c33e86ed41562db3508f958\",\"name\":\"Diario1 Diario1\",\"image\":{\"@type\":\"ImageObject\",\"inLanguage\":\"es\",\"@id\":\"https:\\\/\\\/secure.gravatar.com\\\/avatar\\\/9167d280179c85bc18be67aa7eda765854300033af4896dd779b608640f2ef7a?s=96&d=mm&r=g\",\"url\":\"https:\\\/\\\/secure.gravatar.com\\\/avatar\\\/9167d280179c85bc18be67aa7eda765854300033af4896dd779b608640f2ef7a?s=96&d=mm&r=g\",\"contentUrl\":\"https:\\\/\\\/secure.gravatar.com\\\/avatar\\\/9167d280179c85bc18be67aa7eda765854300033af4896dd779b608640f2ef7a?s=96&d=mm&r=g\",\"caption\":\"Diario1 Diario1\"},\"url\":\"https:\\\/\\\/diariotextual.com\\\/inicio\\\/index.php\\\/author\\\/diario1\\\/\"}]}<\/script>\n<!-- \/ Yoast SEO plugin. -->","yoast_head_json":{"title":"Familias de Relmo recibieron las llaves de sus viviendas por el Plan Mi Casa 1 - Diario Textual","robots":{"index":"index","follow":"follow","max-snippet":"max-snippet:-1","max-image-preview":"max-image-preview:large","max-video-preview":"max-video-preview:-1"},"canonical":"https:\/\/diariotextual.com\/inicio\/index.php\/2026\/03\/13\/familias-de-relmo-recibieron-las-llaves-de-sus-viviendas-por-el-plan-mi-casa-1\/","og_locale":"es_ES","og_type":"article","og_title":"Familias de Relmo recibieron las llaves de sus viviendas por el Plan Mi Casa 1 - Diario Textual","og_description":"Ocho familias de Relmo recibieron este viernes las llaves de sus viviendas, construidas a trav\u00e9s del Plan Provincial Mi Casa 1, una pol\u00edtica habitacional del Gobierno de La Pampa destinada&hellip;","og_url":"https:\/\/diariotextual.com\/inicio\/index.php\/2026\/03\/13\/familias-de-relmo-recibieron-las-llaves-de-sus-viviendas-por-el-plan-mi-casa-1\/","og_site_name":"Diario Textual","article_publisher":"https:\/\/www.facebook.com\/eltextual","article_published_time":"2026-03-13T21:03:16+00:00","article_modified_time":"2026-03-14T12:04:27+00:00","og_image":[{"width":1200,"height":800,"url":"https:\/\/diariotextual.com\/inicio\/wp-content\/uploads\/2026\/03\/casassocialesipavrelmo2025-2.jpg","type":"image\/jpeg"}],"author":"Diario1 Diario1","twitter_card":"summary_large_image","twitter_creator":"@eltextual","twitter_site":"@eltextual","twitter_misc":{"Escrito por":"Diario1 Diario1","Tiempo de lectura":"3 minutos"},"schema":{"@context":"https:\/\/schema.org","@graph":[{"@type":"Article","@id":"https:\/\/diariotextual.com\/inicio\/index.php\/2026\/03\/13\/familias-de-relmo-recibieron-las-llaves-de-sus-viviendas-por-el-plan-mi-casa-1\/#article","isPartOf":{"@id":"https:\/\/diariotextual.com\/inicio\/index.php\/2026\/03\/13\/familias-de-relmo-recibieron-las-llaves-de-sus-viviendas-por-el-plan-mi-casa-1\/"},"author":{"name":"Diario1 Diario1","@id":"https:\/\/diariotextual.com\/inicio\/#\/schema\/person\/418fc4093c33e86ed41562db3508f958"},"headline":"Familias de Relmo recibieron las llaves de sus viviendas por el Plan Mi Casa 1","datePublished":"2026-03-13T21:03:16+00:00","dateModified":"2026-03-14T12:04:27+00:00","mainEntityOfPage":{"@id":"https:\/\/diariotextual.com\/inicio\/index.php\/2026\/03\/13\/familias-de-relmo-recibieron-las-llaves-de-sus-viviendas-por-el-plan-mi-casa-1\/"},"wordCount":484,"publisher":{"@id":"https:\/\/diariotextual.com\/inicio\/#organization"},"image":{"@id":"https:\/\/diariotextual.com\/inicio\/index.php\/2026\/03\/13\/familias-de-relmo-recibieron-las-llaves-de-sus-viviendas-por-el-plan-mi-casa-1\/#primaryimage"},"thumbnailUrl":"https:\/\/diariotextual.com\/inicio\/wp-content\/uploads\/2026\/03\/casassocialesipavrelmo2025-2.jpg","articleSection":["A - ES NOTICIA (van abajo)","SOCIEDAD"],"inLanguage":"es"},{"@type":"WebPage","@id":"https:\/\/diariotextual.com\/inicio\/index.php\/2026\/03\/13\/familias-de-relmo-recibieron-las-llaves-de-sus-viviendas-por-el-plan-mi-casa-1\/","url":"https:\/\/diariotextual.com\/inicio\/index.php\/2026\/03\/13\/familias-de-relmo-recibieron-las-llaves-de-sus-viviendas-por-el-plan-mi-casa-1\/","name":"Familias de Relmo recibieron las llaves de sus viviendas por el Plan Mi Casa 1 - Diario Textual","isPartOf":{"@id":"https:\/\/diariotextual.com\/inicio\/#website"},"primaryImageOfPage":{"@id":"https:\/\/diariotextual.com\/inicio\/index.php\/2026\/03\/13\/familias-de-relmo-recibieron-las-llaves-de-sus-viviendas-por-el-plan-mi-casa-1\/#primaryimage"},"image":{"@id":"https:\/\/diariotextual.com\/inicio\/index.php\/2026\/03\/13\/familias-de-relmo-recibieron-las-llaves-de-sus-viviendas-por-el-plan-mi-casa-1\/#primaryimage"},"thumbnailUrl":"https:\/\/diariotextual.com\/inicio\/wp-content\/uploads\/2026\/03\/casassocialesipavrelmo2025-2.jpg","datePublished":"2026-03-13T21:03:16+00:00","dateModified":"2026-03-14T12:04:27+00:00","breadcrumb":{"@id":"https:\/\/diariotextual.com\/inicio\/index.php\/2026\/03\/13\/familias-de-relmo-recibieron-las-llaves-de-sus-viviendas-por-el-plan-mi-casa-1\/#breadcrumb"},"inLanguage":"es","potentialAction":[{"@type":"ReadAction","target":["https:\/\/diariotextual.com\/inicio\/index.php\/2026\/03\/13\/familias-de-relmo-recibieron-las-llaves-de-sus-viviendas-por-el-plan-mi-casa-1\/"]}]},{"@type":"ImageObject","inLanguage":"es","@id":"https:\/\/diariotextual.com\/inicio\/index.php\/2026\/03\/13\/familias-de-relmo-recibieron-las-llaves-de-sus-viviendas-por-el-plan-mi-casa-1\/#primaryimage","url":"https:\/\/diariotextual.com\/inicio\/wp-content\/uploads\/2026\/03\/casassocialesipavrelmo2025-2.jpg","contentUrl":"https:\/\/diariotextual.com\/inicio\/wp-content\/uploads\/2026\/03\/casassocialesipavrelmo2025-2.jpg","width":1200,"height":800},{"@type":"BreadcrumbList","@id":"https:\/\/diariotextual.com\/inicio\/index.php\/2026\/03\/13\/familias-de-relmo-recibieron-las-llaves-de-sus-viviendas-por-el-plan-mi-casa-1\/#breadcrumb","itemListElement":[{"@type":"ListItem","position":1,"name":"Portada","item":"https:\/\/diariotextual.com\/inicio\/"},{"@type":"ListItem","position":2,"name":"Familias de Relmo recibieron las llaves de sus viviendas por el Plan Mi Casa 1"}]},{"@type":"WebSite","@id":"https:\/\/diariotextual.com\/inicio\/#website","url":"https:\/\/diariotextual.com\/inicio\/","name":"Diario Textual","description":"","publisher":{"@id":"https:\/\/diariotextual.com\/inicio\/#organization"},"potentialAction":[{"@type":"SearchAction","target":{"@type":"EntryPoint","urlTemplate":"https:\/\/diariotextual.com\/inicio\/?s={search_term_string}"},"query-input":{"@type":"PropertyValueSpecification","valueRequired":true,"valueName":"search_term_string"}}],"inLanguage":"es"},{"@type":"Organization","@id":"https:\/\/diariotextual.com\/inicio\/#organization","name":"Diario Textual","url":"https:\/\/diariotextual.com\/inicio\/","logo":{"@type":"ImageObject","inLanguage":"es","@id":"https:\/\/diariotextual.com\/inicio\/#\/schema\/logo\/image\/","url":"https:\/\/diariotextual.com\/inicio\/wp-content\/uploads\/2023\/05\/logotextual1.jpg","contentUrl":"https:\/\/diariotextual.com\/inicio\/wp-content\/uploads\/2023\/05\/logotextual1.jpg","width":516,"height":76,"caption":"Diario Textual"},"image":{"@id":"https:\/\/diariotextual.com\/inicio\/#\/schema\/logo\/image\/"},"sameAs":["https:\/\/www.facebook.com\/eltextual","https:\/\/x.com\/eltextual","http:\/\/www.instagram.com\/eltextual"]},{"@type":"Person","@id":"https:\/\/diariotextual.com\/inicio\/#\/schema\/person\/418fc4093c33e86ed41562db3508f958","name":"Diario1 Diario1","image":{"@type":"ImageObject","inLanguage":"es","@id":"https:\/\/secure.gravatar.com\/avatar\/9167d280179c85bc18be67aa7eda765854300033af4896dd779b608640f2ef7a?s=96&d=mm&r=g","url":"https:\/\/secure.gravatar.com\/avatar\/9167d280179c85bc18be67aa7eda765854300033af4896dd779b608640f2ef7a?s=96&d=mm&r=g","contentUrl":"https:\/\/secure.gravatar.com\/avatar\/9167d280179c85bc18be67aa7eda765854300033af4896dd779b608640f2ef7a?s=96&d=mm&r=g","caption":"Diario1 Diario1"},"url":"https:\/\/diariotextual.com\/inicio\/index.php\/author\/diario1\/"}]}},"_links":{"self":[{"href":"https:\/\/diariotextual.com\/inicio\/index.php\/wp-json\/wp\/v2\/posts\/322233","targetHints":{"allow":["GET"]}}],"collection":[{"href":"https:\/\/diariotextual.com\/inicio\/index.php\/wp-json\/wp\/v2\/posts"}],"about":[{"href":"https:\/\/diariotextual.com\/inicio\/index.php\/wp-json\/wp\/v2\/types\/post"}],"author":[{"embeddable":true,"href":"https:\/\/diariotextual.com\/inicio\/index.php\/wp-json\/wp\/v2\/users\/3"}],"replies":[{"embeddable":true,"href":"https:\/\/diariotextual.com\/inicio\/index.php\/wp-json\/wp\/v2\/comments?post=322233"}],"version-history":[{"count":3,"href":"https:\/\/diariotextual.com\/inicio\/index.php\/wp-json\/wp\/v2\/posts\/322233\/revisions"}],"predecessor-version":[{"id":322240,"href":"https:\/\/diariotextual.com\/inicio\/index.php\/wp-json\/wp\/v2\/posts\/322233\/revisions\/322240"}],"wp:featuredmedia":[{"embeddable":true,"href":"https:\/\/diariotextual.com\/inicio\/index.php\/wp-json\/wp\/v2\/media\/322236"}],"wp:attachment":[{"href":"https:\/\/diariotextual.com\/inicio\/index.php\/wp-json\/wp\/v2\/media?parent=322233"}],"wp:term":[{"taxonomy":"category","embeddable":true,"href":"https:\/\/diariotextual.com\/inicio\/index.php\/wp-json\/wp\/v2\/categories?post=322233"},{"taxonomy":"post_tag","embeddable":true,"href":"https:\/\/diariotextual.com\/inicio\/index.php\/wp-json\/wp\/v2\/tags?post=322233"}],"curies":[{"name":"wp","href":"https:\/\/api.w.org\/{rel}","templated":true}]}}