{"id":322241,"date":"2026-03-13T18:32:03","date_gmt":"2026-03-13T21:32:03","guid":{"rendered":"https:\/\/diariotextual.com\/inicio\/?p=322241"},"modified":"2026-03-13T19:46:17","modified_gmt":"2026-03-13T22:46:17","slug":"en-la-pampa-las-cooperativas-y-mutuales-son-respetadas-y-valoradas","status":"publish","type":"post","link":"https:\/\/diariotextual.com\/inicio\/index.php\/2026\/03\/13\/en-la-pampa-las-cooperativas-y-mutuales-son-respetadas-y-valoradas\/","title":{"rendered":"\u201cEn La Pampa las cooperativas y mutuales son respetadas y valoradas\u201d"},"content":{"rendered":"\n<p>El Gobierno provincial particip\u00f3 del <strong>Segundo Encuentro Nacional de Cooperativas de Cuidado<\/strong>, que se desarroll\u00f3 en el <strong>Recreo Mercantil de Santa Rosa<\/strong> y reuni\u00f3 a representantes de <strong>39 cooperativas argentinas<\/strong>.<\/p>\n\n\n\n<p>De la actividad participaron el ministro de Gobierno y Asuntos Municipales, <strong>Pascual Fern\u00e1ndez<\/strong>; el subsecretario de Cooperativas y Mutuales, <strong>Fabi\u00e1n Bruna<\/strong>; la directora del \u00e1rea, <strong>Carla Urbano<\/strong>; la secretaria de la Mujer, <strong>Gabriela Labourie<\/strong>; y la subsecretaria de Econom\u00eda Social, <strong>Graciela Marta Salvini<\/strong>. Las autoridades fueron recibidas por el presidente de la <strong>Federaci\u00f3n de Mutuales Pampeanas<\/strong>, <strong>Rodrigo Genoni<\/strong>, junto a dirigentes de <strong>Fepamco<\/strong>.<\/p>\n\n\n\n<p>El ministro Fern\u00e1ndez transmiti\u00f3 el saludo del gobernador <strong>Sergio Ziliotto<\/strong> y destac\u00f3 el valor del <strong>cooperativismo y el mutualismo<\/strong> como herramientas de compromiso social. En ese marco, cuestion\u00f3 las pol\u00edticas que promueven el individualismo.<\/p>\n\n\n\n<p>Sostuvo que las cooperativas representan \u201c<strong>el punto m\u00e1s alto de compromiso en relaci\u00f3n con el otro<\/strong>\u201d, en un contexto donde, seg\u00fan afirm\u00f3, se impulsa una mirada individualista. \u201cHoy vemos que aflora una bajada pol\u00edtica en relaci\u00f3n al individualismo, a la falsa meritocracia, al \u2018s\u00e1lvese quien pueda\u2019. Ustedes son el ejemplo de que hay otras posibilidades\u201d, se\u00f1al\u00f3.<\/p>\n\n\n\n<p>Tambi\u00e9n defendi\u00f3 el rol del <strong>Estado provincial<\/strong> en la promoci\u00f3n de pol\u00edticas p\u00fablicas vinculadas al sector. Afirm\u00f3 que esas pol\u00edticas deben construirse \u201c<strong>mirando a ustedes, tomando lo que ustedes nos dan y lo que permanentemente contagian en funci\u00f3n de los dem\u00e1s<\/strong>\u201d.<\/p>\n\n\n\n<p>El funcionario sostuvo que esos valores, orientados a lo colectivo y a extender la mano al otro, \u201c<strong>son muy diferentes a lo que sucede hoy, que es meterle palo a los jubilados, bajarles la jubilaci\u00f3n o desmerecer los salarios<\/strong>\u201d.<\/p>\n\n\n\n<p>Finalmente, remarc\u00f3 el respaldo del Gobierno pampeano al sector cooperativo. \u201c<strong>Est\u00e1n en el territorio de La Pampa, donde las cooperativas y mutuales son valoradas, respetadas y acompa\u00f1adas<\/strong>\u201d, dijo.<\/p>\n\n\n\n<p><\/p>\n","protected":false},"excerpt":{"rendered":"<p>El Gobierno provincial particip\u00f3 del Segundo Encuentro Nacional de Cooperativas de Cuidado, que se desarroll\u00f3 en el Recreo Mercantil de Santa Rosa y reuni\u00f3 a representantes de 39 cooperativas argentinas.&hellip;<\/p>\n","protected":false},"author":3,"featured_media":322243,"comment_status":"closed","ping_status":"open","sticky":false,"template":"","format":"standard","meta":{"_acf_changed":false,"footnotes":""},"categories":[1,8],"tags":[],"class_list":["post-322241","post","type-post","status-publish","format-standard","has-post-thumbnail","hentry","category-es-noticia","category-politica"],"acf":[],"yoast_head":"<!-- This site is optimized with the Yoast SEO plugin v27.5 - https:\/\/yoast.com\/product\/yoast-seo-wordpress\/ -->\n<title>\u201cEn La Pampa las cooperativas y mutuales son respetadas y valoradas\u201d - Diario Textual<\/title>\n<meta name=\"robots\" content=\"index, follow, max-snippet:-1, max-image-preview:large, max-video-preview:-1\" \/>\n<link rel=\"canonical\" href=\"https:\/\/diariotextual.com\/inicio\/index.php\/2026\/03\/13\/en-la-pampa-las-cooperativas-y-mutuales-son-respetadas-y-valoradas\/\" \/>\n<meta property=\"og:locale\" content=\"es_ES\" \/>\n<meta property=\"og:type\" content=\"article\" \/>\n<meta property=\"og:title\" content=\"\u201cEn La Pampa las cooperativas y mutuales son respetadas y valoradas\u201d - Diario Textual\" \/>\n<meta property=\"og:description\" content=\"El Gobierno provincial particip\u00f3 del Segundo Encuentro Nacional de Cooperativas de Cuidado, que se desarroll\u00f3 en el Recreo Mercantil de Santa Rosa y reuni\u00f3 a representantes de 39 cooperativas argentinas.&hellip;\" \/>\n<meta property=\"og:url\" content=\"https:\/\/diariotextual.com\/inicio\/index.php\/2026\/03\/13\/en-la-pampa-las-cooperativas-y-mutuales-son-respetadas-y-valoradas\/\" \/>\n<meta property=\"og:site_name\" content=\"Diario Textual\" \/>\n<meta property=\"article:publisher\" content=\"https:\/\/www.facebook.com\/eltextual\" \/>\n<meta property=\"article:published_time\" content=\"2026-03-13T21:32:03+00:00\" \/>\n<meta property=\"article:modified_time\" content=\"2026-03-13T22:46:17+00:00\" \/>\n<meta property=\"og:image\" content=\"https:\/\/diariotextual.com\/inicio\/wp-content\/uploads\/2026\/03\/fernandezpascualencuentrocooperativas2026-10.jpg\" \/>\n\t<meta property=\"og:image:width\" content=\"1200\" \/>\n\t<meta property=\"og:image:height\" content=\"798\" \/>\n\t<meta property=\"og:image:type\" content=\"image\/jpeg\" \/>\n<meta name=\"author\" content=\"Diario1 Diario1\" \/>\n<meta name=\"twitter:card\" content=\"summary_large_image\" \/>\n<meta name=\"twitter:creator\" content=\"@eltextual\" \/>\n<meta name=\"twitter:site\" content=\"@eltextual\" \/>\n<meta name=\"twitter:label1\" content=\"Escrito por\" \/>\n\t<meta name=\"twitter:data1\" content=\"Diario1 Diario1\" \/>\n\t<meta name=\"twitter:label2\" content=\"Tiempo de lectura\" \/>\n\t<meta name=\"twitter:data2\" content=\"2 minutos\" \/>\n<script type=\"application\/ld+json\" class=\"yoast-schema-graph\">{\"@context\":\"https:\\\/\\\/schema.org\",\"@graph\":[{\"@type\":\"Article\",\"@id\":\"https:\\\/\\\/diariotextual.com\\\/inicio\\\/index.php\\\/2026\\\/03\\\/13\\\/en-la-pampa-las-cooperativas-y-mutuales-son-respetadas-y-valoradas\\\/#article\",\"isPartOf\":{\"@id\":\"https:\\\/\\\/diariotextual.com\\\/inicio\\\/index.php\\\/2026\\\/03\\\/13\\\/en-la-pampa-las-cooperativas-y-mutuales-son-respetadas-y-valoradas\\\/\"},\"author\":{\"name\":\"Diario1 Diario1\",\"@id\":\"https:\\\/\\\/diariotextual.com\\\/inicio\\\/#\\\/schema\\\/person\\\/418fc4093c33e86ed41562db3508f958\"},\"headline\":\"\u201cEn La Pampa las cooperativas y mutuales son respetadas y valoradas\u201d\",\"datePublished\":\"2026-03-13T21:32:03+00:00\",\"dateModified\":\"2026-03-13T22:46:17+00:00\",\"mainEntityOfPage\":{\"@id\":\"https:\\\/\\\/diariotextual.com\\\/inicio\\\/index.php\\\/2026\\\/03\\\/13\\\/en-la-pampa-las-cooperativas-y-mutuales-son-respetadas-y-valoradas\\\/\"},\"wordCount\":324,\"publisher\":{\"@id\":\"https:\\\/\\\/diariotextual.com\\\/inicio\\\/#organization\"},\"image\":{\"@id\":\"https:\\\/\\\/diariotextual.com\\\/inicio\\\/index.php\\\/2026\\\/03\\\/13\\\/en-la-pampa-las-cooperativas-y-mutuales-son-respetadas-y-valoradas\\\/#primaryimage\"},\"thumbnailUrl\":\"https:\\\/\\\/diariotextual.com\\\/inicio\\\/wp-content\\\/uploads\\\/2026\\\/03\\\/fernandezpascualencuentrocooperativas2026-10.jpg\",\"articleSection\":[\"A - ES NOTICIA (van abajo)\",\"POLITICA\"],\"inLanguage\":\"es\"},{\"@type\":\"WebPage\",\"@id\":\"https:\\\/\\\/diariotextual.com\\\/inicio\\\/index.php\\\/2026\\\/03\\\/13\\\/en-la-pampa-las-cooperativas-y-mutuales-son-respetadas-y-valoradas\\\/\",\"url\":\"https:\\\/\\\/diariotextual.com\\\/inicio\\\/index.php\\\/2026\\\/03\\\/13\\\/en-la-pampa-las-cooperativas-y-mutuales-son-respetadas-y-valoradas\\\/\",\"name\":\"\u201cEn La Pampa las cooperativas y mutuales son respetadas y valoradas\u201d - Diario Textual\",\"isPartOf\":{\"@id\":\"https:\\\/\\\/diariotextual.com\\\/inicio\\\/#website\"},\"primaryImageOfPage\":{\"@id\":\"https:\\\/\\\/diariotextual.com\\\/inicio\\\/index.php\\\/2026\\\/03\\\/13\\\/en-la-pampa-las-cooperativas-y-mutuales-son-respetadas-y-valoradas\\\/#primaryimage\"},\"image\":{\"@id\":\"https:\\\/\\\/diariotextual.com\\\/inicio\\\/index.php\\\/2026\\\/03\\\/13\\\/en-la-pampa-las-cooperativas-y-mutuales-son-respetadas-y-valoradas\\\/#primaryimage\"},\"thumbnailUrl\":\"https:\\\/\\\/diariotextual.com\\\/inicio\\\/wp-content\\\/uploads\\\/2026\\\/03\\\/fernandezpascualencuentrocooperativas2026-10.jpg\",\"datePublished\":\"2026-03-13T21:32:03+00:00\",\"dateModified\":\"2026-03-13T22:46:17+00:00\",\"breadcrumb\":{\"@id\":\"https:\\\/\\\/diariotextual.com\\\/inicio\\\/index.php\\\/2026\\\/03\\\/13\\\/en-la-pampa-las-cooperativas-y-mutuales-son-respetadas-y-valoradas\\\/#breadcrumb\"},\"inLanguage\":\"es\",\"potentialAction\":[{\"@type\":\"ReadAction\",\"target\":[\"https:\\\/\\\/diariotextual.com\\\/inicio\\\/index.php\\\/2026\\\/03\\\/13\\\/en-la-pampa-las-cooperativas-y-mutuales-son-respetadas-y-valoradas\\\/\"]}]},{\"@type\":\"ImageObject\",\"inLanguage\":\"es\",\"@id\":\"https:\\\/\\\/diariotextual.com\\\/inicio\\\/index.php\\\/2026\\\/03\\\/13\\\/en-la-pampa-las-cooperativas-y-mutuales-son-respetadas-y-valoradas\\\/#primaryimage\",\"url\":\"https:\\\/\\\/diariotextual.com\\\/inicio\\\/wp-content\\\/uploads\\\/2026\\\/03\\\/fernandezpascualencuentrocooperativas2026-10.jpg\",\"contentUrl\":\"https:\\\/\\\/diariotextual.com\\\/inicio\\\/wp-content\\\/uploads\\\/2026\\\/03\\\/fernandezpascualencuentrocooperativas2026-10.jpg\",\"width\":1200,\"height\":798},{\"@type\":\"BreadcrumbList\",\"@id\":\"https:\\\/\\\/diariotextual.com\\\/inicio\\\/index.php\\\/2026\\\/03\\\/13\\\/en-la-pampa-las-cooperativas-y-mutuales-son-respetadas-y-valoradas\\\/#breadcrumb\",\"itemListElement\":[{\"@type\":\"ListItem\",\"position\":1,\"name\":\"Portada\",\"item\":\"https:\\\/\\\/diariotextual.com\\\/inicio\\\/\"},{\"@type\":\"ListItem\",\"position\":2,\"name\":\"\u201cEn La Pampa las cooperativas y mutuales son respetadas y valoradas\u201d\"}]},{\"@type\":\"WebSite\",\"@id\":\"https:\\\/\\\/diariotextual.com\\\/inicio\\\/#website\",\"url\":\"https:\\\/\\\/diariotextual.com\\\/inicio\\\/\",\"name\":\"Diario Textual\",\"description\":\"\",\"publisher\":{\"@id\":\"https:\\\/\\\/diariotextual.com\\\/inicio\\\/#organization\"},\"potentialAction\":[{\"@type\":\"SearchAction\",\"target\":{\"@type\":\"EntryPoint\",\"urlTemplate\":\"https:\\\/\\\/diariotextual.com\\\/inicio\\\/?s={search_term_string}\"},\"query-input\":{\"@type\":\"PropertyValueSpecification\",\"valueRequired\":true,\"valueName\":\"search_term_string\"}}],\"inLanguage\":\"es\"},{\"@type\":\"Organization\",\"@id\":\"https:\\\/\\\/diariotextual.com\\\/inicio\\\/#organization\",\"name\":\"Diario Textual\",\"url\":\"https:\\\/\\\/diariotextual.com\\\/inicio\\\/\",\"logo\":{\"@type\":\"ImageObject\",\"inLanguage\":\"es\",\"@id\":\"https:\\\/\\\/diariotextual.com\\\/inicio\\\/#\\\/schema\\\/logo\\\/image\\\/\",\"url\":\"https:\\\/\\\/diariotextual.com\\\/inicio\\\/wp-content\\\/uploads\\\/2023\\\/05\\\/logotextual1.jpg\",\"contentUrl\":\"https:\\\/\\\/diariotextual.com\\\/inicio\\\/wp-content\\\/uploads\\\/2023\\\/05\\\/logotextual1.jpg\",\"width\":516,\"height\":76,\"caption\":\"Diario Textual\"},\"image\":{\"@id\":\"https:\\\/\\\/diariotextual.com\\\/inicio\\\/#\\\/schema\\\/logo\\\/image\\\/\"},\"sameAs\":[\"https:\\\/\\\/www.facebook.com\\\/eltextual\",\"https:\\\/\\\/x.com\\\/eltextual\",\"http:\\\/\\\/www.instagram.com\\\/eltextual\"]},{\"@type\":\"Person\",\"@id\":\"https:\\\/\\\/diariotextual.com\\\/inicio\\\/#\\\/schema\\\/person\\\/418fc4093c33e86ed41562db3508f958\",\"name\":\"Diario1 Diario1\",\"image\":{\"@type\":\"ImageObject\",\"inLanguage\":\"es\",\"@id\":\"https:\\\/\\\/secure.gravatar.com\\\/avatar\\\/9167d280179c85bc18be67aa7eda765854300033af4896dd779b608640f2ef7a?s=96&d=mm&r=g\",\"url\":\"https:\\\/\\\/secure.gravatar.com\\\/avatar\\\/9167d280179c85bc18be67aa7eda765854300033af4896dd779b608640f2ef7a?s=96&d=mm&r=g\",\"contentUrl\":\"https:\\\/\\\/secure.gravatar.com\\\/avatar\\\/9167d280179c85bc18be67aa7eda765854300033af4896dd779b608640f2ef7a?s=96&d=mm&r=g\",\"caption\":\"Diario1 Diario1\"},\"url\":\"https:\\\/\\\/diariotextual.com\\\/inicio\\\/index.php\\\/author\\\/diario1\\\/\"}]}<\/script>\n<!-- \/ Yoast SEO plugin. -->","yoast_head_json":{"title":"\u201cEn La Pampa las cooperativas y mutuales son respetadas y valoradas\u201d - Diario Textual","robots":{"index":"index","follow":"follow","max-snippet":"max-snippet:-1","max-image-preview":"max-image-preview:large","max-video-preview":"max-video-preview:-1"},"canonical":"https:\/\/diariotextual.com\/inicio\/index.php\/2026\/03\/13\/en-la-pampa-las-cooperativas-y-mutuales-son-respetadas-y-valoradas\/","og_locale":"es_ES","og_type":"article","og_title":"\u201cEn La Pampa las cooperativas y mutuales son respetadas y valoradas\u201d - Diario Textual","og_description":"El Gobierno provincial particip\u00f3 del Segundo Encuentro Nacional de Cooperativas de Cuidado, que se desarroll\u00f3 en el Recreo Mercantil de Santa Rosa y reuni\u00f3 a representantes de 39 cooperativas argentinas.&hellip;","og_url":"https:\/\/diariotextual.com\/inicio\/index.php\/2026\/03\/13\/en-la-pampa-las-cooperativas-y-mutuales-son-respetadas-y-valoradas\/","og_site_name":"Diario Textual","article_publisher":"https:\/\/www.facebook.com\/eltextual","article_published_time":"2026-03-13T21:32:03+00:00","article_modified_time":"2026-03-13T22:46:17+00:00","og_image":[{"width":1200,"height":798,"url":"https:\/\/diariotextual.com\/inicio\/wp-content\/uploads\/2026\/03\/fernandezpascualencuentrocooperativas2026-10.jpg","type":"image\/jpeg"}],"author":"Diario1 Diario1","twitter_card":"summary_large_image","twitter_creator":"@eltextual","twitter_site":"@eltextual","twitter_misc":{"Escrito por":"Diario1 Diario1","Tiempo de lectura":"2 minutos"},"schema":{"@context":"https:\/\/schema.org","@graph":[{"@type":"Article","@id":"https:\/\/diariotextual.com\/inicio\/index.php\/2026\/03\/13\/en-la-pampa-las-cooperativas-y-mutuales-son-respetadas-y-valoradas\/#article","isPartOf":{"@id":"https:\/\/diariotextual.com\/inicio\/index.php\/2026\/03\/13\/en-la-pampa-las-cooperativas-y-mutuales-son-respetadas-y-valoradas\/"},"author":{"name":"Diario1 Diario1","@id":"https:\/\/diariotextual.com\/inicio\/#\/schema\/person\/418fc4093c33e86ed41562db3508f958"},"headline":"\u201cEn La Pampa las cooperativas y mutuales son respetadas y valoradas\u201d","datePublished":"2026-03-13T21:32:03+00:00","dateModified":"2026-03-13T22:46:17+00:00","mainEntityOfPage":{"@id":"https:\/\/diariotextual.com\/inicio\/index.php\/2026\/03\/13\/en-la-pampa-las-cooperativas-y-mutuales-son-respetadas-y-valoradas\/"},"wordCount":324,"publisher":{"@id":"https:\/\/diariotextual.com\/inicio\/#organization"},"image":{"@id":"https:\/\/diariotextual.com\/inicio\/index.php\/2026\/03\/13\/en-la-pampa-las-cooperativas-y-mutuales-son-respetadas-y-valoradas\/#primaryimage"},"thumbnailUrl":"https:\/\/diariotextual.com\/inicio\/wp-content\/uploads\/2026\/03\/fernandezpascualencuentrocooperativas2026-10.jpg","articleSection":["A - ES NOTICIA (van abajo)","POLITICA"],"inLanguage":"es"},{"@type":"WebPage","@id":"https:\/\/diariotextual.com\/inicio\/index.php\/2026\/03\/13\/en-la-pampa-las-cooperativas-y-mutuales-son-respetadas-y-valoradas\/","url":"https:\/\/diariotextual.com\/inicio\/index.php\/2026\/03\/13\/en-la-pampa-las-cooperativas-y-mutuales-son-respetadas-y-valoradas\/","name":"\u201cEn La Pampa las cooperativas y mutuales son respetadas y valoradas\u201d - Diario Textual","isPartOf":{"@id":"https:\/\/diariotextual.com\/inicio\/#website"},"primaryImageOfPage":{"@id":"https:\/\/diariotextual.com\/inicio\/index.php\/2026\/03\/13\/en-la-pampa-las-cooperativas-y-mutuales-son-respetadas-y-valoradas\/#primaryimage"},"image":{"@id":"https:\/\/diariotextual.com\/inicio\/index.php\/2026\/03\/13\/en-la-pampa-las-cooperativas-y-mutuales-son-respetadas-y-valoradas\/#primaryimage"},"thumbnailUrl":"https:\/\/diariotextual.com\/inicio\/wp-content\/uploads\/2026\/03\/fernandezpascualencuentrocooperativas2026-10.jpg","datePublished":"2026-03-13T21:32:03+00:00","dateModified":"2026-03-13T22:46:17+00:00","breadcrumb":{"@id":"https:\/\/diariotextual.com\/inicio\/index.php\/2026\/03\/13\/en-la-pampa-las-cooperativas-y-mutuales-son-respetadas-y-valoradas\/#breadcrumb"},"inLanguage":"es","potentialAction":[{"@type":"ReadAction","target":["https:\/\/diariotextual.com\/inicio\/index.php\/2026\/03\/13\/en-la-pampa-las-cooperativas-y-mutuales-son-respetadas-y-valoradas\/"]}]},{"@type":"ImageObject","inLanguage":"es","@id":"https:\/\/diariotextual.com\/inicio\/index.php\/2026\/03\/13\/en-la-pampa-las-cooperativas-y-mutuales-son-respetadas-y-valoradas\/#primaryimage","url":"https:\/\/diariotextual.com\/inicio\/wp-content\/uploads\/2026\/03\/fernandezpascualencuentrocooperativas2026-10.jpg","contentUrl":"https:\/\/diariotextual.com\/inicio\/wp-content\/uploads\/2026\/03\/fernandezpascualencuentrocooperativas2026-10.jpg","width":1200,"height":798},{"@type":"BreadcrumbList","@id":"https:\/\/diariotextual.com\/inicio\/index.php\/2026\/03\/13\/en-la-pampa-las-cooperativas-y-mutuales-son-respetadas-y-valoradas\/#breadcrumb","itemListElement":[{"@type":"ListItem","position":1,"name":"Portada","item":"https:\/\/diariotextual.com\/inicio\/"},{"@type":"ListItem","position":2,"name":"\u201cEn La Pampa las cooperativas y mutuales son respetadas y valoradas\u201d"}]},{"@type":"WebSite","@id":"https:\/\/diariotextual.com\/inicio\/#website","url":"https:\/\/diariotextual.com\/inicio\/","name":"Diario Textual","description":"","publisher":{"@id":"https:\/\/diariotextual.com\/inicio\/#organization"},"potentialAction":[{"@type":"SearchAction","target":{"@type":"EntryPoint","urlTemplate":"https:\/\/diariotextual.com\/inicio\/?s={search_term_string}"},"query-input":{"@type":"PropertyValueSpecification","valueRequired":true,"valueName":"search_term_string"}}],"inLanguage":"es"},{"@type":"Organization","@id":"https:\/\/diariotextual.com\/inicio\/#organization","name":"Diario Textual","url":"https:\/\/diariotextual.com\/inicio\/","logo":{"@type":"ImageObject","inLanguage":"es","@id":"https:\/\/diariotextual.com\/inicio\/#\/schema\/logo\/image\/","url":"https:\/\/diariotextual.com\/inicio\/wp-content\/uploads\/2023\/05\/logotextual1.jpg","contentUrl":"https:\/\/diariotextual.com\/inicio\/wp-content\/uploads\/2023\/05\/logotextual1.jpg","width":516,"height":76,"caption":"Diario Textual"},"image":{"@id":"https:\/\/diariotextual.com\/inicio\/#\/schema\/logo\/image\/"},"sameAs":["https:\/\/www.facebook.com\/eltextual","https:\/\/x.com\/eltextual","http:\/\/www.instagram.com\/eltextual"]},{"@type":"Person","@id":"https:\/\/diariotextual.com\/inicio\/#\/schema\/person\/418fc4093c33e86ed41562db3508f958","name":"Diario1 Diario1","image":{"@type":"ImageObject","inLanguage":"es","@id":"https:\/\/secure.gravatar.com\/avatar\/9167d280179c85bc18be67aa7eda765854300033af4896dd779b608640f2ef7a?s=96&d=mm&r=g","url":"https:\/\/secure.gravatar.com\/avatar\/9167d280179c85bc18be67aa7eda765854300033af4896dd779b608640f2ef7a?s=96&d=mm&r=g","contentUrl":"https:\/\/secure.gravatar.com\/avatar\/9167d280179c85bc18be67aa7eda765854300033af4896dd779b608640f2ef7a?s=96&d=mm&r=g","caption":"Diario1 Diario1"},"url":"https:\/\/diariotextual.com\/inicio\/index.php\/author\/diario1\/"}]}},"_links":{"self":[{"href":"https:\/\/diariotextual.com\/inicio\/index.php\/wp-json\/wp\/v2\/posts\/322241","targetHints":{"allow":["GET"]}}],"collection":[{"href":"https:\/\/diariotextual.com\/inicio\/index.php\/wp-json\/wp\/v2\/posts"}],"about":[{"href":"https:\/\/diariotextual.com\/inicio\/index.php\/wp-json\/wp\/v2\/types\/post"}],"author":[{"embeddable":true,"href":"https:\/\/diariotextual.com\/inicio\/index.php\/wp-json\/wp\/v2\/users\/3"}],"replies":[{"embeddable":true,"href":"https:\/\/diariotextual.com\/inicio\/index.php\/wp-json\/wp\/v2\/comments?post=322241"}],"version-history":[{"count":1,"href":"https:\/\/diariotextual.com\/inicio\/index.php\/wp-json\/wp\/v2\/posts\/322241\/revisions"}],"predecessor-version":[{"id":322242,"href":"https:\/\/diariotextual.com\/inicio\/index.php\/wp-json\/wp\/v2\/posts\/322241\/revisions\/322242"}],"wp:featuredmedia":[{"embeddable":true,"href":"https:\/\/diariotextual.com\/inicio\/index.php\/wp-json\/wp\/v2\/media\/322243"}],"wp:attachment":[{"href":"https:\/\/diariotextual.com\/inicio\/index.php\/wp-json\/wp\/v2\/media?parent=322241"}],"wp:term":[{"taxonomy":"category","embeddable":true,"href":"https:\/\/diariotextual.com\/inicio\/index.php\/wp-json\/wp\/v2\/categories?post=322241"},{"taxonomy":"post_tag","embeddable":true,"href":"https:\/\/diariotextual.com\/inicio\/index.php\/wp-json\/wp\/v2\/tags?post=322241"}],"curies":[{"name":"wp","href":"https:\/\/api.w.org\/{rel}","templated":true}]}}