{"id":322245,"date":"2026-03-13T18:41:16","date_gmt":"2026-03-13T21:41:16","guid":{"rendered":"https:\/\/diariotextual.com\/inicio\/?p=322245"},"modified":"2026-03-14T09:14:44","modified_gmt":"2026-03-14T12:14:44","slug":"ciencia-comunidad-y-compromiso-objetivos-de-la-jornada-de-neurologia-en-la-pampa","status":"publish","type":"post","link":"https:\/\/diariotextual.com\/inicio\/index.php\/2026\/03\/13\/ciencia-comunidad-y-compromiso-objetivos-de-la-jornada-de-neurologia-en-la-pampa\/","title":{"rendered":"Ciencia, comunidad y compromiso: objetivos de la Jornada de Neurolog\u00eda en La Pampa"},"content":{"rendered":"\n<p>La Pampa fue sede de la <strong>primera Jornada Multidisciplinaria de Neurolog\u00eda<\/strong>, un espacio de referencia cient\u00edfica y comunitaria que abord\u00f3 dos patolog\u00edas de gran impacto: la <strong>esclerosis m\u00faltiple<\/strong> y la <strong>esclerosis lateral amiotr\u00f3fica (ELA)<\/strong>.<\/p>\n\n\n\n<p>El encuentro se desarroll\u00f3 en la capital pampeana y combin\u00f3 el rigor acad\u00e9mico con instancias de acompa\u00f1amiento a <strong>pacientes y familiares<\/strong>, con una mirada integral sobre enfermedades poco frecuentes pero altamente discapacitantes. La actividad fue declarada de <strong>inter\u00e9s provincial<\/strong> mediante el decreto 103\/26, firmado el 9 de febrero por el gobernador <strong>Sergio Ziliotto<\/strong>.<\/p>\n\n\n\n<p>La jornada fue organizada por la <strong>Fundaci\u00f3n Sinapsis<\/strong>, <strong>Fleni Buenos Aires<\/strong>, la <strong>Fundaci\u00f3n Alcem<\/strong>, la <strong>Fundaci\u00f3n Bullrich<\/strong> y el <strong>Ministerio de Salud de La Pampa<\/strong>. El programa comenz\u00f3 este viernes y continuar\u00e1 hasta ma\u00f1ana s\u00e1bado 14, con la participaci\u00f3n de <strong>neur\u00f3logos, neumon\u00f3logos, especialistas en rehabilitaci\u00f3n y profesionales de enfermer\u00eda, psicolog\u00eda, arquitectura y derecho<\/strong>. El encuentro permiti\u00f3 consolidar un <strong>abordaje interdisciplinario<\/strong> frente a los desaf\u00edos que plantea la neurolog\u00eda contempor\u00e1nea.<\/p>\n\n\n\n<div style=\"height:100px\" aria-hidden=\"true\" class=\"wp-block-spacer\"><\/div>\n\n\n\n<p><strong>Refuerzos<\/strong><\/p>\n\n\n\n<p>En la apertura, el <strong>ministro de Salud<\/strong>, <strong>Mario Rub\u00e9n Kohan<\/strong>, destac\u00f3 el valor del encuentro. \u201cEs una jornada -dijo- para reforzar e intercambiar saberes sobre enfermedades poco frecuentes, pero de enorme impacto en la vida de las personas. El Gobierno provincial respalda plenamente toda actividad acad\u00e9mica y formativa, porque cada instancia de aprendizaje nos permite mejorar d\u00eda a d\u00eda\u201d.<\/p>\n\n\n\n<p><\/p>\n\n\n\n<figure class=\"wp-block-image size-large\"><img fetchpriority=\"high\" decoding=\"async\" width=\"1024\" height=\"684\" src=\"https:\/\/diariotextual.com\/inicio\/wp-content\/uploads\/2026\/03\/kohanrubenjornadadeneurologia2026-1-1024x684.jpg\" alt=\"\" class=\"wp-image-322249\" srcset=\"https:\/\/diariotextual.com\/inicio\/wp-content\/uploads\/2026\/03\/kohanrubenjornadadeneurologia2026-1-1024x684.jpg 1024w, https:\/\/diariotextual.com\/inicio\/wp-content\/uploads\/2026\/03\/kohanrubenjornadadeneurologia2026-1-300x201.jpg 300w, https:\/\/diariotextual.com\/inicio\/wp-content\/uploads\/2026\/03\/kohanrubenjornadadeneurologia2026-1-768x513.jpg 768w, https:\/\/diariotextual.com\/inicio\/wp-content\/uploads\/2026\/03\/kohanrubenjornadadeneurologia2026-1-1170x782.jpg 1170w, https:\/\/diariotextual.com\/inicio\/wp-content\/uploads\/2026\/03\/kohanrubenjornadadeneurologia2026-1.jpg 1200w, https:\/\/diariotextual.com\/inicio\/wp-content\/uploads\/2026\/03\/kohanrubenjornadadeneurologia2026-1-585x391.jpg 585w, https:\/\/diariotextual.com\/inicio\/wp-content\/uploads\/2026\/03\/kohanrubenjornadadeneurologia2026-1-263x175.jpg 263w\" sizes=\"(max-width: 1024px) 100vw, 1024px\" \/><\/figure>\n\n\n\n<p><\/p>\n\n\n\n<p>Tambi\u00e9n subray\u00f3 la importancia de la participaci\u00f3n de especialistas locales y nacionales, lo que enriquece el debate al poner en com\u00fan distintas realidades. Finalmente, remarc\u00f3 la necesidad de <strong>fortalecer redes entre instituciones y subsectores del sistema sanitario<\/strong>, con el objetivo de trasladar el conocimiento a la comunidad y a los pacientes.<\/p>\n\n\n\n<p>Por su parte, <strong>Eduardo K\u00f6hler<\/strong>, referente del <strong>Centro Neurol\u00f3gico Sinapsis<\/strong>, valor\u00f3 la participaci\u00f3n de profesionales y se\u00f1al\u00f3 que \u201clas enfermedades que nos convocan -como la esclerosis m\u00faltiple y la esclerosis lateral amiotr\u00f3fica- son patolog\u00edas complejas que requieren <strong>diagn\u00f3stico temprano, tratamiento adecuado, rehabilitaci\u00f3n y acompa\u00f1amiento familiar<\/strong>\u201d.<\/p>\n\n\n\n<p>K\u00f6hler tambi\u00e9n explic\u00f3 el sentido del nombre de la instituci\u00f3n. \u201cSinapsis significa uni\u00f3n y conexi\u00f3n, y esa es nuestra misi\u00f3n: generar v\u00ednculos entre <strong>m\u00e9dicos, kinesi\u00f3logos, terapistas ocupacionales, fonoaudi\u00f3logos y otros profesionales<\/strong>\u201d, expres\u00f3. En ese sentido, indic\u00f3 que estas patolog\u00edas se atienden de manera cotidiana en hospitales regionales y servicios de salud provinciales del subsector privado, por lo que <strong>fortalecer las conexiones profesionales en La Pampa resulta fundamental<\/strong>.<\/p>\n\n\n\n<p>El especialista sostuvo que, aunque el encuentro se centr\u00f3 en la esclerosis m\u00faltiple y la ELA, el objetivo a futuro es ampliar el abordaje hacia otras patolog\u00edas neurol\u00f3gicas con fuerte impacto en la vida de los pacientes y sus familias. \u201cLas <strong>enfermedades poco frecuentes<\/strong> tambi\u00e9n generan un impacto importante en los subsistemas de salud, tanto p\u00fablicos como privados. Si trabajamos juntos, podremos mejorar la calidad de vida de los pacientes y optimizar los recursos\u201d, afirm\u00f3.<\/p>\n\n\n\n<div style=\"height:100px\" aria-hidden=\"true\" class=\"wp-block-spacer\"><\/div>\n\n\n\n<p><strong>Baja prevalencia, gran impacto social<\/strong><\/p>\n\n\n\n<p>Uno de los neur\u00f3logos disertantes explic\u00f3 que la jornada busc\u00f3 <strong>fortalecer espacios acad\u00e9micos y comunitarios<\/strong> con foco en enfermedades de baja prevalencia pero de gran impacto social.<\/p>\n\n\n\n<p>En primer lugar, se abord\u00f3 la <strong>esclerosis m\u00faltiple (EM)<\/strong>, una enfermedad autoinmune que afecta el <strong>sistema nervioso central<\/strong> y da\u00f1a la mielina, lo que puede provocar p\u00e9rdida de visi\u00f3n, debilidad muscular, problemas de coordinaci\u00f3n, fatiga y alteraciones cognitivas. Se estima que <strong>m\u00e1s de 1,8 millones de personas en el mundo<\/strong> conviven con esta condici\u00f3n, con mayor incidencia en adultos j\u00f3venes de entre 30 y 40 a\u00f1os. Si bien no tiene cura, los avances terap\u00e9uticos permiten <strong>retrasar su progresi\u00f3n<\/strong> y, con diagn\u00f3stico temprano, muchos pacientes pueden llevar una vida pr\u00e1cticamente normal.<\/p>\n\n\n\n<p>Tambi\u00e9n se analiz\u00f3 la <strong>esclerosis lateral amiotr\u00f3fica (ELA)<\/strong>, una enfermedad neurodegenerativa que destruye progresivamente las <strong>neuronas motoras<\/strong>, lo que provoca debilidad, atrofia muscular y p\u00e9rdida de funciones vitales como hablar, tragar y respirar. Su prevalencia global ronda <strong>seis casos cada 100.000 habitantes<\/strong>, con inicio habitual despu\u00e9s de los 50 a\u00f1os. Aunque los tratamientos actuales solo logran <strong>ralentizar parcialmente la evoluci\u00f3n<\/strong>, nuevas terapias gen\u00e9ticas en investigaci\u00f3n abren expectativas para mejorar la calidad de vida de los pacientes.<\/p>\n\n\n\n<p>En ese contexto, los organizadores destacaron que la jornada busc\u00f3 <strong>integrar ciencia, comunidad y compromiso institucional<\/strong>, con el objetivo de fortalecer redes entre investigaci\u00f3n, sociedad e instituciones.<\/p>\n\n\n\n<p><\/p>\n","protected":false},"excerpt":{"rendered":"<p>La Pampa fue sede de la primera Jornada Multidisciplinaria de Neurolog\u00eda, un espacio de referencia cient\u00edfica y comunitaria que abord\u00f3 dos patolog\u00edas de gran impacto: la esclerosis m\u00faltiple y la&hellip;<\/p>\n","protected":false},"author":3,"featured_media":322247,"comment_status":"closed","ping_status":"open","sticky":false,"template":"","format":"standard","meta":{"_acf_changed":false,"footnotes":""},"categories":[10,12],"tags":[],"class_list":["post-322245","post","type-post","status-publish","format-standard","has-post-thumbnail","hentry","category-portada-2","category-sociedad"],"acf":[],"yoast_head":"<!-- This site is optimized with the Yoast SEO plugin v27.5 - https:\/\/yoast.com\/product\/yoast-seo-wordpress\/ -->\n<title>Ciencia, comunidad y compromiso: objetivos de la Jornada de Neurolog\u00eda en La Pampa - Diario Textual<\/title>\n<meta name=\"robots\" content=\"index, follow, max-snippet:-1, max-image-preview:large, max-video-preview:-1\" \/>\n<link rel=\"canonical\" href=\"https:\/\/diariotextual.com\/inicio\/index.php\/2026\/03\/13\/ciencia-comunidad-y-compromiso-objetivos-de-la-jornada-de-neurologia-en-la-pampa\/\" \/>\n<meta property=\"og:locale\" content=\"es_ES\" \/>\n<meta property=\"og:type\" content=\"article\" \/>\n<meta property=\"og:title\" content=\"Ciencia, comunidad y compromiso: objetivos de la Jornada de Neurolog\u00eda en La Pampa - Diario Textual\" \/>\n<meta property=\"og:description\" content=\"La Pampa fue sede de la primera Jornada Multidisciplinaria de Neurolog\u00eda, un espacio de referencia cient\u00edfica y comunitaria que abord\u00f3 dos patolog\u00edas de gran impacto: la esclerosis m\u00faltiple y la&hellip;\" \/>\n<meta property=\"og:url\" content=\"https:\/\/diariotextual.com\/inicio\/index.php\/2026\/03\/13\/ciencia-comunidad-y-compromiso-objetivos-de-la-jornada-de-neurologia-en-la-pampa\/\" \/>\n<meta property=\"og:site_name\" content=\"Diario Textual\" \/>\n<meta property=\"article:publisher\" content=\"https:\/\/www.facebook.com\/eltextual\" \/>\n<meta property=\"article:published_time\" content=\"2026-03-13T21:41:16+00:00\" \/>\n<meta property=\"article:modified_time\" content=\"2026-03-14T12:14:44+00:00\" \/>\n<meta property=\"og:image\" content=\"https:\/\/diariotextual.com\/inicio\/wp-content\/uploads\/2026\/03\/jornadadeneurologia2026-12.jpg\" \/>\n\t<meta property=\"og:image:width\" content=\"1200\" \/>\n\t<meta property=\"og:image:height\" content=\"800\" \/>\n\t<meta property=\"og:image:type\" content=\"image\/jpeg\" \/>\n<meta name=\"author\" content=\"Diario1 Diario1\" \/>\n<meta name=\"twitter:card\" content=\"summary_large_image\" \/>\n<meta name=\"twitter:creator\" content=\"@eltextual\" \/>\n<meta name=\"twitter:site\" content=\"@eltextual\" \/>\n<meta name=\"twitter:label1\" content=\"Escrito por\" \/>\n\t<meta name=\"twitter:data1\" content=\"Diario1 Diario1\" \/>\n\t<meta name=\"twitter:label2\" content=\"Tiempo de lectura\" \/>\n\t<meta name=\"twitter:data2\" content=\"4 minutos\" \/>\n<script type=\"application\/ld+json\" class=\"yoast-schema-graph\">{\"@context\":\"https:\\\/\\\/schema.org\",\"@graph\":[{\"@type\":\"Article\",\"@id\":\"https:\\\/\\\/diariotextual.com\\\/inicio\\\/index.php\\\/2026\\\/03\\\/13\\\/ciencia-comunidad-y-compromiso-objetivos-de-la-jornada-de-neurologia-en-la-pampa\\\/#article\",\"isPartOf\":{\"@id\":\"https:\\\/\\\/diariotextual.com\\\/inicio\\\/index.php\\\/2026\\\/03\\\/13\\\/ciencia-comunidad-y-compromiso-objetivos-de-la-jornada-de-neurologia-en-la-pampa\\\/\"},\"author\":{\"name\":\"Diario1 Diario1\",\"@id\":\"https:\\\/\\\/diariotextual.com\\\/inicio\\\/#\\\/schema\\\/person\\\/418fc4093c33e86ed41562db3508f958\"},\"headline\":\"Ciencia, comunidad y compromiso: objetivos de la Jornada de Neurolog\u00eda en La Pampa\",\"datePublished\":\"2026-03-13T21:41:16+00:00\",\"dateModified\":\"2026-03-14T12:14:44+00:00\",\"mainEntityOfPage\":{\"@id\":\"https:\\\/\\\/diariotextual.com\\\/inicio\\\/index.php\\\/2026\\\/03\\\/13\\\/ciencia-comunidad-y-compromiso-objetivos-de-la-jornada-de-neurologia-en-la-pampa\\\/\"},\"wordCount\":764,\"publisher\":{\"@id\":\"https:\\\/\\\/diariotextual.com\\\/inicio\\\/#organization\"},\"image\":{\"@id\":\"https:\\\/\\\/diariotextual.com\\\/inicio\\\/index.php\\\/2026\\\/03\\\/13\\\/ciencia-comunidad-y-compromiso-objetivos-de-la-jornada-de-neurologia-en-la-pampa\\\/#primaryimage\"},\"thumbnailUrl\":\"https:\\\/\\\/diariotextual.com\\\/inicio\\\/wp-content\\\/uploads\\\/2026\\\/03\\\/jornadadeneurologia2026-12.jpg\",\"articleSection\":[\"A - PORTADA2\",\"SOCIEDAD\"],\"inLanguage\":\"es\"},{\"@type\":\"WebPage\",\"@id\":\"https:\\\/\\\/diariotextual.com\\\/inicio\\\/index.php\\\/2026\\\/03\\\/13\\\/ciencia-comunidad-y-compromiso-objetivos-de-la-jornada-de-neurologia-en-la-pampa\\\/\",\"url\":\"https:\\\/\\\/diariotextual.com\\\/inicio\\\/index.php\\\/2026\\\/03\\\/13\\\/ciencia-comunidad-y-compromiso-objetivos-de-la-jornada-de-neurologia-en-la-pampa\\\/\",\"name\":\"Ciencia, comunidad y compromiso: objetivos de la Jornada de Neurolog\u00eda en La Pampa - Diario Textual\",\"isPartOf\":{\"@id\":\"https:\\\/\\\/diariotextual.com\\\/inicio\\\/#website\"},\"primaryImageOfPage\":{\"@id\":\"https:\\\/\\\/diariotextual.com\\\/inicio\\\/index.php\\\/2026\\\/03\\\/13\\\/ciencia-comunidad-y-compromiso-objetivos-de-la-jornada-de-neurologia-en-la-pampa\\\/#primaryimage\"},\"image\":{\"@id\":\"https:\\\/\\\/diariotextual.com\\\/inicio\\\/index.php\\\/2026\\\/03\\\/13\\\/ciencia-comunidad-y-compromiso-objetivos-de-la-jornada-de-neurologia-en-la-pampa\\\/#primaryimage\"},\"thumbnailUrl\":\"https:\\\/\\\/diariotextual.com\\\/inicio\\\/wp-content\\\/uploads\\\/2026\\\/03\\\/jornadadeneurologia2026-12.jpg\",\"datePublished\":\"2026-03-13T21:41:16+00:00\",\"dateModified\":\"2026-03-14T12:14:44+00:00\",\"breadcrumb\":{\"@id\":\"https:\\\/\\\/diariotextual.com\\\/inicio\\\/index.php\\\/2026\\\/03\\\/13\\\/ciencia-comunidad-y-compromiso-objetivos-de-la-jornada-de-neurologia-en-la-pampa\\\/#breadcrumb\"},\"inLanguage\":\"es\",\"potentialAction\":[{\"@type\":\"ReadAction\",\"target\":[\"https:\\\/\\\/diariotextual.com\\\/inicio\\\/index.php\\\/2026\\\/03\\\/13\\\/ciencia-comunidad-y-compromiso-objetivos-de-la-jornada-de-neurologia-en-la-pampa\\\/\"]}]},{\"@type\":\"ImageObject\",\"inLanguage\":\"es\",\"@id\":\"https:\\\/\\\/diariotextual.com\\\/inicio\\\/index.php\\\/2026\\\/03\\\/13\\\/ciencia-comunidad-y-compromiso-objetivos-de-la-jornada-de-neurologia-en-la-pampa\\\/#primaryimage\",\"url\":\"https:\\\/\\\/diariotextual.com\\\/inicio\\\/wp-content\\\/uploads\\\/2026\\\/03\\\/jornadadeneurologia2026-12.jpg\",\"contentUrl\":\"https:\\\/\\\/diariotextual.com\\\/inicio\\\/wp-content\\\/uploads\\\/2026\\\/03\\\/jornadadeneurologia2026-12.jpg\",\"width\":1200,\"height\":800},{\"@type\":\"BreadcrumbList\",\"@id\":\"https:\\\/\\\/diariotextual.com\\\/inicio\\\/index.php\\\/2026\\\/03\\\/13\\\/ciencia-comunidad-y-compromiso-objetivos-de-la-jornada-de-neurologia-en-la-pampa\\\/#breadcrumb\",\"itemListElement\":[{\"@type\":\"ListItem\",\"position\":1,\"name\":\"Portada\",\"item\":\"https:\\\/\\\/diariotextual.com\\\/inicio\\\/\"},{\"@type\":\"ListItem\",\"position\":2,\"name\":\"Ciencia, comunidad y compromiso: objetivos de la Jornada de Neurolog\u00eda en La Pampa\"}]},{\"@type\":\"WebSite\",\"@id\":\"https:\\\/\\\/diariotextual.com\\\/inicio\\\/#website\",\"url\":\"https:\\\/\\\/diariotextual.com\\\/inicio\\\/\",\"name\":\"Diario Textual\",\"description\":\"\",\"publisher\":{\"@id\":\"https:\\\/\\\/diariotextual.com\\\/inicio\\\/#organization\"},\"potentialAction\":[{\"@type\":\"SearchAction\",\"target\":{\"@type\":\"EntryPoint\",\"urlTemplate\":\"https:\\\/\\\/diariotextual.com\\\/inicio\\\/?s={search_term_string}\"},\"query-input\":{\"@type\":\"PropertyValueSpecification\",\"valueRequired\":true,\"valueName\":\"search_term_string\"}}],\"inLanguage\":\"es\"},{\"@type\":\"Organization\",\"@id\":\"https:\\\/\\\/diariotextual.com\\\/inicio\\\/#organization\",\"name\":\"Diario Textual\",\"url\":\"https:\\\/\\\/diariotextual.com\\\/inicio\\\/\",\"logo\":{\"@type\":\"ImageObject\",\"inLanguage\":\"es\",\"@id\":\"https:\\\/\\\/diariotextual.com\\\/inicio\\\/#\\\/schema\\\/logo\\\/image\\\/\",\"url\":\"https:\\\/\\\/diariotextual.com\\\/inicio\\\/wp-content\\\/uploads\\\/2023\\\/05\\\/logotextual1.jpg\",\"contentUrl\":\"https:\\\/\\\/diariotextual.com\\\/inicio\\\/wp-content\\\/uploads\\\/2023\\\/05\\\/logotextual1.jpg\",\"width\":516,\"height\":76,\"caption\":\"Diario Textual\"},\"image\":{\"@id\":\"https:\\\/\\\/diariotextual.com\\\/inicio\\\/#\\\/schema\\\/logo\\\/image\\\/\"},\"sameAs\":[\"https:\\\/\\\/www.facebook.com\\\/eltextual\",\"https:\\\/\\\/x.com\\\/eltextual\",\"http:\\\/\\\/www.instagram.com\\\/eltextual\"]},{\"@type\":\"Person\",\"@id\":\"https:\\\/\\\/diariotextual.com\\\/inicio\\\/#\\\/schema\\\/person\\\/418fc4093c33e86ed41562db3508f958\",\"name\":\"Diario1 Diario1\",\"image\":{\"@type\":\"ImageObject\",\"inLanguage\":\"es\",\"@id\":\"https:\\\/\\\/secure.gravatar.com\\\/avatar\\\/9167d280179c85bc18be67aa7eda765854300033af4896dd779b608640f2ef7a?s=96&d=mm&r=g\",\"url\":\"https:\\\/\\\/secure.gravatar.com\\\/avatar\\\/9167d280179c85bc18be67aa7eda765854300033af4896dd779b608640f2ef7a?s=96&d=mm&r=g\",\"contentUrl\":\"https:\\\/\\\/secure.gravatar.com\\\/avatar\\\/9167d280179c85bc18be67aa7eda765854300033af4896dd779b608640f2ef7a?s=96&d=mm&r=g\",\"caption\":\"Diario1 Diario1\"},\"url\":\"https:\\\/\\\/diariotextual.com\\\/inicio\\\/index.php\\\/author\\\/diario1\\\/\"}]}<\/script>\n<!-- \/ Yoast SEO plugin. -->","yoast_head_json":{"title":"Ciencia, comunidad y compromiso: objetivos de la Jornada de Neurolog\u00eda en La Pampa - Diario Textual","robots":{"index":"index","follow":"follow","max-snippet":"max-snippet:-1","max-image-preview":"max-image-preview:large","max-video-preview":"max-video-preview:-1"},"canonical":"https:\/\/diariotextual.com\/inicio\/index.php\/2026\/03\/13\/ciencia-comunidad-y-compromiso-objetivos-de-la-jornada-de-neurologia-en-la-pampa\/","og_locale":"es_ES","og_type":"article","og_title":"Ciencia, comunidad y compromiso: objetivos de la Jornada de Neurolog\u00eda en La Pampa - Diario Textual","og_description":"La Pampa fue sede de la primera Jornada Multidisciplinaria de Neurolog\u00eda, un espacio de referencia cient\u00edfica y comunitaria que abord\u00f3 dos patolog\u00edas de gran impacto: la esclerosis m\u00faltiple y la&hellip;","og_url":"https:\/\/diariotextual.com\/inicio\/index.php\/2026\/03\/13\/ciencia-comunidad-y-compromiso-objetivos-de-la-jornada-de-neurologia-en-la-pampa\/","og_site_name":"Diario Textual","article_publisher":"https:\/\/www.facebook.com\/eltextual","article_published_time":"2026-03-13T21:41:16+00:00","article_modified_time":"2026-03-14T12:14:44+00:00","og_image":[{"width":1200,"height":800,"url":"https:\/\/diariotextual.com\/inicio\/wp-content\/uploads\/2026\/03\/jornadadeneurologia2026-12.jpg","type":"image\/jpeg"}],"author":"Diario1 Diario1","twitter_card":"summary_large_image","twitter_creator":"@eltextual","twitter_site":"@eltextual","twitter_misc":{"Escrito por":"Diario1 Diario1","Tiempo de lectura":"4 minutos"},"schema":{"@context":"https:\/\/schema.org","@graph":[{"@type":"Article","@id":"https:\/\/diariotextual.com\/inicio\/index.php\/2026\/03\/13\/ciencia-comunidad-y-compromiso-objetivos-de-la-jornada-de-neurologia-en-la-pampa\/#article","isPartOf":{"@id":"https:\/\/diariotextual.com\/inicio\/index.php\/2026\/03\/13\/ciencia-comunidad-y-compromiso-objetivos-de-la-jornada-de-neurologia-en-la-pampa\/"},"author":{"name":"Diario1 Diario1","@id":"https:\/\/diariotextual.com\/inicio\/#\/schema\/person\/418fc4093c33e86ed41562db3508f958"},"headline":"Ciencia, comunidad y compromiso: objetivos de la Jornada de Neurolog\u00eda en La Pampa","datePublished":"2026-03-13T21:41:16+00:00","dateModified":"2026-03-14T12:14:44+00:00","mainEntityOfPage":{"@id":"https:\/\/diariotextual.com\/inicio\/index.php\/2026\/03\/13\/ciencia-comunidad-y-compromiso-objetivos-de-la-jornada-de-neurologia-en-la-pampa\/"},"wordCount":764,"publisher":{"@id":"https:\/\/diariotextual.com\/inicio\/#organization"},"image":{"@id":"https:\/\/diariotextual.com\/inicio\/index.php\/2026\/03\/13\/ciencia-comunidad-y-compromiso-objetivos-de-la-jornada-de-neurologia-en-la-pampa\/#primaryimage"},"thumbnailUrl":"https:\/\/diariotextual.com\/inicio\/wp-content\/uploads\/2026\/03\/jornadadeneurologia2026-12.jpg","articleSection":["A - PORTADA2","SOCIEDAD"],"inLanguage":"es"},{"@type":"WebPage","@id":"https:\/\/diariotextual.com\/inicio\/index.php\/2026\/03\/13\/ciencia-comunidad-y-compromiso-objetivos-de-la-jornada-de-neurologia-en-la-pampa\/","url":"https:\/\/diariotextual.com\/inicio\/index.php\/2026\/03\/13\/ciencia-comunidad-y-compromiso-objetivos-de-la-jornada-de-neurologia-en-la-pampa\/","name":"Ciencia, comunidad y compromiso: objetivos de la Jornada de Neurolog\u00eda en La Pampa - Diario Textual","isPartOf":{"@id":"https:\/\/diariotextual.com\/inicio\/#website"},"primaryImageOfPage":{"@id":"https:\/\/diariotextual.com\/inicio\/index.php\/2026\/03\/13\/ciencia-comunidad-y-compromiso-objetivos-de-la-jornada-de-neurologia-en-la-pampa\/#primaryimage"},"image":{"@id":"https:\/\/diariotextual.com\/inicio\/index.php\/2026\/03\/13\/ciencia-comunidad-y-compromiso-objetivos-de-la-jornada-de-neurologia-en-la-pampa\/#primaryimage"},"thumbnailUrl":"https:\/\/diariotextual.com\/inicio\/wp-content\/uploads\/2026\/03\/jornadadeneurologia2026-12.jpg","datePublished":"2026-03-13T21:41:16+00:00","dateModified":"2026-03-14T12:14:44+00:00","breadcrumb":{"@id":"https:\/\/diariotextual.com\/inicio\/index.php\/2026\/03\/13\/ciencia-comunidad-y-compromiso-objetivos-de-la-jornada-de-neurologia-en-la-pampa\/#breadcrumb"},"inLanguage":"es","potentialAction":[{"@type":"ReadAction","target":["https:\/\/diariotextual.com\/inicio\/index.php\/2026\/03\/13\/ciencia-comunidad-y-compromiso-objetivos-de-la-jornada-de-neurologia-en-la-pampa\/"]}]},{"@type":"ImageObject","inLanguage":"es","@id":"https:\/\/diariotextual.com\/inicio\/index.php\/2026\/03\/13\/ciencia-comunidad-y-compromiso-objetivos-de-la-jornada-de-neurologia-en-la-pampa\/#primaryimage","url":"https:\/\/diariotextual.com\/inicio\/wp-content\/uploads\/2026\/03\/jornadadeneurologia2026-12.jpg","contentUrl":"https:\/\/diariotextual.com\/inicio\/wp-content\/uploads\/2026\/03\/jornadadeneurologia2026-12.jpg","width":1200,"height":800},{"@type":"BreadcrumbList","@id":"https:\/\/diariotextual.com\/inicio\/index.php\/2026\/03\/13\/ciencia-comunidad-y-compromiso-objetivos-de-la-jornada-de-neurologia-en-la-pampa\/#breadcrumb","itemListElement":[{"@type":"ListItem","position":1,"name":"Portada","item":"https:\/\/diariotextual.com\/inicio\/"},{"@type":"ListItem","position":2,"name":"Ciencia, comunidad y compromiso: objetivos de la Jornada de Neurolog\u00eda en La Pampa"}]},{"@type":"WebSite","@id":"https:\/\/diariotextual.com\/inicio\/#website","url":"https:\/\/diariotextual.com\/inicio\/","name":"Diario Textual","description":"","publisher":{"@id":"https:\/\/diariotextual.com\/inicio\/#organization"},"potentialAction":[{"@type":"SearchAction","target":{"@type":"EntryPoint","urlTemplate":"https:\/\/diariotextual.com\/inicio\/?s={search_term_string}"},"query-input":{"@type":"PropertyValueSpecification","valueRequired":true,"valueName":"search_term_string"}}],"inLanguage":"es"},{"@type":"Organization","@id":"https:\/\/diariotextual.com\/inicio\/#organization","name":"Diario Textual","url":"https:\/\/diariotextual.com\/inicio\/","logo":{"@type":"ImageObject","inLanguage":"es","@id":"https:\/\/diariotextual.com\/inicio\/#\/schema\/logo\/image\/","url":"https:\/\/diariotextual.com\/inicio\/wp-content\/uploads\/2023\/05\/logotextual1.jpg","contentUrl":"https:\/\/diariotextual.com\/inicio\/wp-content\/uploads\/2023\/05\/logotextual1.jpg","width":516,"height":76,"caption":"Diario Textual"},"image":{"@id":"https:\/\/diariotextual.com\/inicio\/#\/schema\/logo\/image\/"},"sameAs":["https:\/\/www.facebook.com\/eltextual","https:\/\/x.com\/eltextual","http:\/\/www.instagram.com\/eltextual"]},{"@type":"Person","@id":"https:\/\/diariotextual.com\/inicio\/#\/schema\/person\/418fc4093c33e86ed41562db3508f958","name":"Diario1 Diario1","image":{"@type":"ImageObject","inLanguage":"es","@id":"https:\/\/secure.gravatar.com\/avatar\/9167d280179c85bc18be67aa7eda765854300033af4896dd779b608640f2ef7a?s=96&d=mm&r=g","url":"https:\/\/secure.gravatar.com\/avatar\/9167d280179c85bc18be67aa7eda765854300033af4896dd779b608640f2ef7a?s=96&d=mm&r=g","contentUrl":"https:\/\/secure.gravatar.com\/avatar\/9167d280179c85bc18be67aa7eda765854300033af4896dd779b608640f2ef7a?s=96&d=mm&r=g","caption":"Diario1 Diario1"},"url":"https:\/\/diariotextual.com\/inicio\/index.php\/author\/diario1\/"}]}},"_links":{"self":[{"href":"https:\/\/diariotextual.com\/inicio\/index.php\/wp-json\/wp\/v2\/posts\/322245","targetHints":{"allow":["GET"]}}],"collection":[{"href":"https:\/\/diariotextual.com\/inicio\/index.php\/wp-json\/wp\/v2\/posts"}],"about":[{"href":"https:\/\/diariotextual.com\/inicio\/index.php\/wp-json\/wp\/v2\/types\/post"}],"author":[{"embeddable":true,"href":"https:\/\/diariotextual.com\/inicio\/index.php\/wp-json\/wp\/v2\/users\/3"}],"replies":[{"embeddable":true,"href":"https:\/\/diariotextual.com\/inicio\/index.php\/wp-json\/wp\/v2\/comments?post=322245"}],"version-history":[{"count":3,"href":"https:\/\/diariotextual.com\/inicio\/index.php\/wp-json\/wp\/v2\/posts\/322245\/revisions"}],"predecessor-version":[{"id":322250,"href":"https:\/\/diariotextual.com\/inicio\/index.php\/wp-json\/wp\/v2\/posts\/322245\/revisions\/322250"}],"wp:featuredmedia":[{"embeddable":true,"href":"https:\/\/diariotextual.com\/inicio\/index.php\/wp-json\/wp\/v2\/media\/322247"}],"wp:attachment":[{"href":"https:\/\/diariotextual.com\/inicio\/index.php\/wp-json\/wp\/v2\/media?parent=322245"}],"wp:term":[{"taxonomy":"category","embeddable":true,"href":"https:\/\/diariotextual.com\/inicio\/index.php\/wp-json\/wp\/v2\/categories?post=322245"},{"taxonomy":"post_tag","embeddable":true,"href":"https:\/\/diariotextual.com\/inicio\/index.php\/wp-json\/wp\/v2\/tags?post=322245"}],"curies":[{"name":"wp","href":"https:\/\/api.w.org\/{rel}","templated":true}]}}