{"id":322253,"date":"2026-03-13T19:46:00","date_gmt":"2026-03-13T22:46:00","guid":{"rendered":"https:\/\/diariotextual.com\/inicio\/?p=322253"},"modified":"2026-03-15T11:30:45","modified_gmt":"2026-03-15T14:30:45","slug":"provincia-suma-balanzas-moviles-para-controlar-el-transito-pesado-y-cuidar-las-rutas","status":"publish","type":"post","link":"https:\/\/diariotextual.com\/inicio\/index.php\/2026\/03\/13\/provincia-suma-balanzas-moviles-para-controlar-el-transito-pesado-y-cuidar-las-rutas\/","title":{"rendered":"Provincia suma balanzas m\u00f3viles para controlar el tr\u00e1nsito pesado y cuidar las rutas"},"content":{"rendered":"\n<p>El <strong>Ministerio de Seguridad y Justicia<\/strong> y la <strong>Direcci\u00f3n Provincial de Vialidad<\/strong> firmaron un convenio para implementar <strong>operativos conjuntos de control de cargas y dimensiones<\/strong> en rutas provinciales mediante el uso de <strong>balanzas m\u00f3viles<\/strong>. La medida apunta a preservar la infraestructura vial frente al fuerte incremento del <strong>tr\u00e1nsito pesado<\/strong> registrado en la Provincia.<\/p>\n\n\n\n<p>La firma del acuerdo se realiz\u00f3 este viernes en el despacho del gobernador <strong>Sergio Ziliotto<\/strong> y estuvo encabezada por el ministro de Seguridad y Justicia, <strong>Horacio di N\u00e1poli<\/strong>, y el presidente del directorio de <strong>Vialidad Provincial<\/strong>, <strong>Rodrigo Cadenas<\/strong>.<\/p>\n\n\n\n<p>A partir del convenio se pondr\u00e1n en funcionamiento <strong>balanzas m\u00f3viles<\/strong> que permitir\u00e1n controlar el peso de los camiones que circulan por las rutas provinciales. Una de ellas ser\u00e1 operada por personal de <strong>Vialidad Provincial<\/strong>, con acompa\u00f1amiento de la <strong>Polic\u00eda de La Pampa<\/strong>, mientras que otra quedar\u00e1 a cargo de la <strong>Polic\u00eda<\/strong> para realizar controles propios.<\/p>\n\n\n\n<p>Los operativos se realizar\u00e1n <strong>de lunes a lunes<\/strong> en distintos puntos del territorio provincial y tambi\u00e9n en <strong>puestos camineros estrat\u00e9gicos<\/strong>, como Rol\u00f3n, Victorica, Trebolares, Anchorena y Guatrach\u00e9.<\/p>\n\n\n\n<p>El ministro di N\u00e1poli explic\u00f3 que el objetivo central es controlar el <strong>peso por eje de los camiones<\/strong>, ya que el exceso de carga constituye uno de los principales factores que deterioran la estructura del pavimento.<\/p>\n\n\n\n<p>\u201cEl exceso de peso por eje es lo que genera el da\u00f1o a la estructura del pavimento. Por eso la idea es controlar no solamente el peso total del cami\u00f3n, sino tambi\u00e9n c\u00f3mo se distribuye la carga\u201d, se\u00f1al\u00f3.<\/p>\n\n\n\n<p>Desde el <strong>Gobierno provincial<\/strong> advirtieron adem\u00e1s que en los \u00faltimos a\u00f1os se registr\u00f3 un <strong>marcado aumento del tr\u00e1nsito pesado<\/strong> en la red vial pampeana. Seg\u00fan explic\u00f3 el ministro, muchos transportistas comenzaron a utilizar las <strong>rutas provinciales<\/strong> debido al deterioro de varios tramos de las <strong>rutas nacionales<\/strong>.<\/p>\n\n\n\n<p>\u201cSe ha advertido el gran caudal de tr\u00e1nsito pesado que hay en la provincia y que comenzaron a usar las rutas que est\u00e1n en mejores condiciones, que son las provinciales\u201d, expres\u00f3 el funcionario.<\/p>\n\n\n\n<p>Adem\u00e1s del control de cargas, en los operativos se realizar\u00e1n <strong>verificaciones integrales de seguridad vial<\/strong>. En ese marco, la <strong>Polic\u00eda<\/strong> controlar\u00e1 documentaci\u00f3n del veh\u00edculo, licencias de conducir, <strong>verificaci\u00f3n t\u00e9cnica vehicular (VTV)<\/strong> y realizar\u00e1 <strong>test de alcoholemia<\/strong>.<\/p>\n\n\n\n<div style=\"height:100px\" aria-hidden=\"true\" class=\"wp-block-spacer\"><\/div>\n\n\n\n<p><strong>M\u00e1s camiones en rutas provinciales<\/strong><\/p>\n\n\n\n<p>Por su parte, Cadenas indic\u00f3 que la decisi\u00f3n responde al <strong>aumento del tr\u00e1nsito pesado<\/strong> que circula por rutas provinciales.<\/p>\n\n\n\n<p>\u201cSe ha advertido un incremento muy importante del tr\u00e1nsito pesado. En la <strong>ruta provincial 1<\/strong> pasamos de tener entre <strong>300 y 400 camiones por d\u00eda<\/strong> a registrar entre <strong>800 y 1.200 camiones diarios<\/strong> que transportan arena\u201d, detall\u00f3.<\/p>\n\n\n\n<p>Gran parte de ese movimiento est\u00e1 vinculado al <strong>traslado de arena desde la cuenca del Paran\u00e1 hacia la formaci\u00f3n Vaca Muerta<\/strong>. Seg\u00fan explicaron, en muchos casos ese transporte utiliza rutas provinciales que <strong>no fueron dise\u00f1adas para soportar ese volumen de tr\u00e1nsito pesado<\/strong>.<\/p>\n\n\n\n<p>Los controles tambi\u00e9n alcanzar\u00e1n al <strong>tr\u00e1nsito de maquinaria agr\u00edcola<\/strong> y al <strong>transporte de rollos de pasto<\/strong>, actividades habituales en el territorio pampeano.<\/p>\n\n\n\n<div style=\"height:100px\" aria-hidden=\"true\" class=\"wp-block-spacer\"><\/div>\n\n\n\n<p><strong>Capacitaci\u00f3n<\/strong><\/p>\n\n\n\n<p>El convenio establece adem\u00e1s que <strong>Vialidad Provincial capacitar\u00e1 al personal policial<\/strong> en la normativa vigente y en los procedimientos para <strong>labrar actas de infracci\u00f3n<\/strong>, mientras que el equipamiento de pesaje contar\u00e1 con <strong>homologaci\u00f3n t\u00e9cnica del Instituto Nacional de Tecnolog\u00eda Industrial (Inti)<\/strong>.<\/p>\n\n\n\n<p>Las autoridades destacaron que la medida busca <strong>proteger la inversi\u00f3n p\u00fablica destinada a la red vial provincial<\/strong>.<\/p>\n\n\n\n<p>\u201cEn definitiva, lo que estamos haciendo es <strong>cuidar la inversi\u00f3n que el Estado realiza en las rutas pampeanas<\/strong>\u201d, concluy\u00f3 Cadenas.<\/p>\n\n\n\n<p><\/p>\n","protected":false},"excerpt":{"rendered":"<p>El Ministerio de Seguridad y Justicia y la Direcci\u00f3n Provincial de Vialidad firmaron un convenio para implementar operativos conjuntos de control de cargas y dimensiones en rutas provinciales mediante el&hellip;<\/p>\n","protected":false},"author":3,"featured_media":322256,"comment_status":"closed","ping_status":"open","sticky":false,"template":"","format":"standard","meta":{"_acf_changed":false,"footnotes":""},"categories":[1,11,12],"tags":[],"class_list":["post-322253","post","type-post","status-publish","format-standard","has-post-thumbnail","hentry","category-es-noticia","category-que-pasa","category-sociedad"],"acf":[],"yoast_head":"<!-- This site is optimized with the Yoast SEO plugin v27.5 - https:\/\/yoast.com\/product\/yoast-seo-wordpress\/ -->\n<title>Provincia suma balanzas m\u00f3viles para controlar el tr\u00e1nsito pesado y cuidar las rutas - Diario Textual<\/title>\n<meta name=\"robots\" content=\"index, follow, max-snippet:-1, max-image-preview:large, max-video-preview:-1\" \/>\n<link rel=\"canonical\" href=\"https:\/\/diariotextual.com\/inicio\/index.php\/2026\/03\/13\/provincia-suma-balanzas-moviles-para-controlar-el-transito-pesado-y-cuidar-las-rutas\/\" \/>\n<meta property=\"og:locale\" content=\"es_ES\" \/>\n<meta property=\"og:type\" content=\"article\" \/>\n<meta property=\"og:title\" content=\"Provincia suma balanzas m\u00f3viles para controlar el tr\u00e1nsito pesado y cuidar las rutas - Diario Textual\" \/>\n<meta property=\"og:description\" content=\"El Ministerio de Seguridad y Justicia y la Direcci\u00f3n Provincial de Vialidad firmaron un convenio para implementar operativos conjuntos de control de cargas y dimensiones en rutas provinciales mediante el&hellip;\" \/>\n<meta property=\"og:url\" content=\"https:\/\/diariotextual.com\/inicio\/index.php\/2026\/03\/13\/provincia-suma-balanzas-moviles-para-controlar-el-transito-pesado-y-cuidar-las-rutas\/\" \/>\n<meta property=\"og:site_name\" content=\"Diario Textual\" \/>\n<meta property=\"article:publisher\" content=\"https:\/\/www.facebook.com\/eltextual\" \/>\n<meta property=\"article:published_time\" content=\"2026-03-13T22:46:00+00:00\" \/>\n<meta property=\"article:modified_time\" content=\"2026-03-15T14:30:45+00:00\" \/>\n<meta property=\"og:image\" content=\"https:\/\/diariotextual.com\/inicio\/wp-content\/uploads\/2026\/03\/balanzasmovilesrutaslapampa2026-1.jpg\" \/>\n\t<meta property=\"og:image:width\" content=\"1200\" \/>\n\t<meta property=\"og:image:height\" content=\"800\" \/>\n\t<meta property=\"og:image:type\" content=\"image\/jpeg\" \/>\n<meta name=\"author\" content=\"Diario1 Diario1\" \/>\n<meta name=\"twitter:card\" content=\"summary_large_image\" \/>\n<meta name=\"twitter:creator\" content=\"@eltextual\" \/>\n<meta name=\"twitter:site\" content=\"@eltextual\" \/>\n<meta name=\"twitter:label1\" content=\"Escrito por\" \/>\n\t<meta name=\"twitter:data1\" content=\"Diario1 Diario1\" \/>\n\t<meta name=\"twitter:label2\" content=\"Tiempo de lectura\" \/>\n\t<meta name=\"twitter:data2\" content=\"3 minutos\" \/>\n<script type=\"application\/ld+json\" class=\"yoast-schema-graph\">{\"@context\":\"https:\\\/\\\/schema.org\",\"@graph\":[{\"@type\":\"Article\",\"@id\":\"https:\\\/\\\/diariotextual.com\\\/inicio\\\/index.php\\\/2026\\\/03\\\/13\\\/provincia-suma-balanzas-moviles-para-controlar-el-transito-pesado-y-cuidar-las-rutas\\\/#article\",\"isPartOf\":{\"@id\":\"https:\\\/\\\/diariotextual.com\\\/inicio\\\/index.php\\\/2026\\\/03\\\/13\\\/provincia-suma-balanzas-moviles-para-controlar-el-transito-pesado-y-cuidar-las-rutas\\\/\"},\"author\":{\"name\":\"Diario1 Diario1\",\"@id\":\"https:\\\/\\\/diariotextual.com\\\/inicio\\\/#\\\/schema\\\/person\\\/418fc4093c33e86ed41562db3508f958\"},\"headline\":\"Provincia suma balanzas m\u00f3viles para controlar el tr\u00e1nsito pesado y cuidar las rutas\",\"datePublished\":\"2026-03-13T22:46:00+00:00\",\"dateModified\":\"2026-03-15T14:30:45+00:00\",\"mainEntityOfPage\":{\"@id\":\"https:\\\/\\\/diariotextual.com\\\/inicio\\\/index.php\\\/2026\\\/03\\\/13\\\/provincia-suma-balanzas-moviles-para-controlar-el-transito-pesado-y-cuidar-las-rutas\\\/\"},\"wordCount\":631,\"publisher\":{\"@id\":\"https:\\\/\\\/diariotextual.com\\\/inicio\\\/#organization\"},\"image\":{\"@id\":\"https:\\\/\\\/diariotextual.com\\\/inicio\\\/index.php\\\/2026\\\/03\\\/13\\\/provincia-suma-balanzas-moviles-para-controlar-el-transito-pesado-y-cuidar-las-rutas\\\/#primaryimage\"},\"thumbnailUrl\":\"https:\\\/\\\/diariotextual.com\\\/inicio\\\/wp-content\\\/uploads\\\/2026\\\/03\\\/balanzasmovilesrutaslapampa2026-1.jpg\",\"articleSection\":[\"A - ES NOTICIA (van abajo)\",\"A - QUE PASA (al costado)\",\"SOCIEDAD\"],\"inLanguage\":\"es\"},{\"@type\":\"WebPage\",\"@id\":\"https:\\\/\\\/diariotextual.com\\\/inicio\\\/index.php\\\/2026\\\/03\\\/13\\\/provincia-suma-balanzas-moviles-para-controlar-el-transito-pesado-y-cuidar-las-rutas\\\/\",\"url\":\"https:\\\/\\\/diariotextual.com\\\/inicio\\\/index.php\\\/2026\\\/03\\\/13\\\/provincia-suma-balanzas-moviles-para-controlar-el-transito-pesado-y-cuidar-las-rutas\\\/\",\"name\":\"Provincia suma balanzas m\u00f3viles para controlar el tr\u00e1nsito pesado y cuidar las rutas - Diario Textual\",\"isPartOf\":{\"@id\":\"https:\\\/\\\/diariotextual.com\\\/inicio\\\/#website\"},\"primaryImageOfPage\":{\"@id\":\"https:\\\/\\\/diariotextual.com\\\/inicio\\\/index.php\\\/2026\\\/03\\\/13\\\/provincia-suma-balanzas-moviles-para-controlar-el-transito-pesado-y-cuidar-las-rutas\\\/#primaryimage\"},\"image\":{\"@id\":\"https:\\\/\\\/diariotextual.com\\\/inicio\\\/index.php\\\/2026\\\/03\\\/13\\\/provincia-suma-balanzas-moviles-para-controlar-el-transito-pesado-y-cuidar-las-rutas\\\/#primaryimage\"},\"thumbnailUrl\":\"https:\\\/\\\/diariotextual.com\\\/inicio\\\/wp-content\\\/uploads\\\/2026\\\/03\\\/balanzasmovilesrutaslapampa2026-1.jpg\",\"datePublished\":\"2026-03-13T22:46:00+00:00\",\"dateModified\":\"2026-03-15T14:30:45+00:00\",\"breadcrumb\":{\"@id\":\"https:\\\/\\\/diariotextual.com\\\/inicio\\\/index.php\\\/2026\\\/03\\\/13\\\/provincia-suma-balanzas-moviles-para-controlar-el-transito-pesado-y-cuidar-las-rutas\\\/#breadcrumb\"},\"inLanguage\":\"es\",\"potentialAction\":[{\"@type\":\"ReadAction\",\"target\":[\"https:\\\/\\\/diariotextual.com\\\/inicio\\\/index.php\\\/2026\\\/03\\\/13\\\/provincia-suma-balanzas-moviles-para-controlar-el-transito-pesado-y-cuidar-las-rutas\\\/\"]}]},{\"@type\":\"ImageObject\",\"inLanguage\":\"es\",\"@id\":\"https:\\\/\\\/diariotextual.com\\\/inicio\\\/index.php\\\/2026\\\/03\\\/13\\\/provincia-suma-balanzas-moviles-para-controlar-el-transito-pesado-y-cuidar-las-rutas\\\/#primaryimage\",\"url\":\"https:\\\/\\\/diariotextual.com\\\/inicio\\\/wp-content\\\/uploads\\\/2026\\\/03\\\/balanzasmovilesrutaslapampa2026-1.jpg\",\"contentUrl\":\"https:\\\/\\\/diariotextual.com\\\/inicio\\\/wp-content\\\/uploads\\\/2026\\\/03\\\/balanzasmovilesrutaslapampa2026-1.jpg\",\"width\":1200,\"height\":800},{\"@type\":\"BreadcrumbList\",\"@id\":\"https:\\\/\\\/diariotextual.com\\\/inicio\\\/index.php\\\/2026\\\/03\\\/13\\\/provincia-suma-balanzas-moviles-para-controlar-el-transito-pesado-y-cuidar-las-rutas\\\/#breadcrumb\",\"itemListElement\":[{\"@type\":\"ListItem\",\"position\":1,\"name\":\"Portada\",\"item\":\"https:\\\/\\\/diariotextual.com\\\/inicio\\\/\"},{\"@type\":\"ListItem\",\"position\":2,\"name\":\"Provincia suma balanzas m\u00f3viles para controlar el tr\u00e1nsito pesado y cuidar las rutas\"}]},{\"@type\":\"WebSite\",\"@id\":\"https:\\\/\\\/diariotextual.com\\\/inicio\\\/#website\",\"url\":\"https:\\\/\\\/diariotextual.com\\\/inicio\\\/\",\"name\":\"Diario Textual\",\"description\":\"\",\"publisher\":{\"@id\":\"https:\\\/\\\/diariotextual.com\\\/inicio\\\/#organization\"},\"potentialAction\":[{\"@type\":\"SearchAction\",\"target\":{\"@type\":\"EntryPoint\",\"urlTemplate\":\"https:\\\/\\\/diariotextual.com\\\/inicio\\\/?s={search_term_string}\"},\"query-input\":{\"@type\":\"PropertyValueSpecification\",\"valueRequired\":true,\"valueName\":\"search_term_string\"}}],\"inLanguage\":\"es\"},{\"@type\":\"Organization\",\"@id\":\"https:\\\/\\\/diariotextual.com\\\/inicio\\\/#organization\",\"name\":\"Diario Textual\",\"url\":\"https:\\\/\\\/diariotextual.com\\\/inicio\\\/\",\"logo\":{\"@type\":\"ImageObject\",\"inLanguage\":\"es\",\"@id\":\"https:\\\/\\\/diariotextual.com\\\/inicio\\\/#\\\/schema\\\/logo\\\/image\\\/\",\"url\":\"https:\\\/\\\/diariotextual.com\\\/inicio\\\/wp-content\\\/uploads\\\/2023\\\/05\\\/logotextual1.jpg\",\"contentUrl\":\"https:\\\/\\\/diariotextual.com\\\/inicio\\\/wp-content\\\/uploads\\\/2023\\\/05\\\/logotextual1.jpg\",\"width\":516,\"height\":76,\"caption\":\"Diario Textual\"},\"image\":{\"@id\":\"https:\\\/\\\/diariotextual.com\\\/inicio\\\/#\\\/schema\\\/logo\\\/image\\\/\"},\"sameAs\":[\"https:\\\/\\\/www.facebook.com\\\/eltextual\",\"https:\\\/\\\/x.com\\\/eltextual\",\"http:\\\/\\\/www.instagram.com\\\/eltextual\"]},{\"@type\":\"Person\",\"@id\":\"https:\\\/\\\/diariotextual.com\\\/inicio\\\/#\\\/schema\\\/person\\\/418fc4093c33e86ed41562db3508f958\",\"name\":\"Diario1 Diario1\",\"image\":{\"@type\":\"ImageObject\",\"inLanguage\":\"es\",\"@id\":\"https:\\\/\\\/secure.gravatar.com\\\/avatar\\\/9167d280179c85bc18be67aa7eda765854300033af4896dd779b608640f2ef7a?s=96&d=mm&r=g\",\"url\":\"https:\\\/\\\/secure.gravatar.com\\\/avatar\\\/9167d280179c85bc18be67aa7eda765854300033af4896dd779b608640f2ef7a?s=96&d=mm&r=g\",\"contentUrl\":\"https:\\\/\\\/secure.gravatar.com\\\/avatar\\\/9167d280179c85bc18be67aa7eda765854300033af4896dd779b608640f2ef7a?s=96&d=mm&r=g\",\"caption\":\"Diario1 Diario1\"},\"url\":\"https:\\\/\\\/diariotextual.com\\\/inicio\\\/index.php\\\/author\\\/diario1\\\/\"}]}<\/script>\n<!-- \/ Yoast SEO plugin. -->","yoast_head_json":{"title":"Provincia suma balanzas m\u00f3viles para controlar el tr\u00e1nsito pesado y cuidar las rutas - Diario Textual","robots":{"index":"index","follow":"follow","max-snippet":"max-snippet:-1","max-image-preview":"max-image-preview:large","max-video-preview":"max-video-preview:-1"},"canonical":"https:\/\/diariotextual.com\/inicio\/index.php\/2026\/03\/13\/provincia-suma-balanzas-moviles-para-controlar-el-transito-pesado-y-cuidar-las-rutas\/","og_locale":"es_ES","og_type":"article","og_title":"Provincia suma balanzas m\u00f3viles para controlar el tr\u00e1nsito pesado y cuidar las rutas - Diario Textual","og_description":"El Ministerio de Seguridad y Justicia y la Direcci\u00f3n Provincial de Vialidad firmaron un convenio para implementar operativos conjuntos de control de cargas y dimensiones en rutas provinciales mediante el&hellip;","og_url":"https:\/\/diariotextual.com\/inicio\/index.php\/2026\/03\/13\/provincia-suma-balanzas-moviles-para-controlar-el-transito-pesado-y-cuidar-las-rutas\/","og_site_name":"Diario Textual","article_publisher":"https:\/\/www.facebook.com\/eltextual","article_published_time":"2026-03-13T22:46:00+00:00","article_modified_time":"2026-03-15T14:30:45+00:00","og_image":[{"width":1200,"height":800,"url":"https:\/\/diariotextual.com\/inicio\/wp-content\/uploads\/2026\/03\/balanzasmovilesrutaslapampa2026-1.jpg","type":"image\/jpeg"}],"author":"Diario1 Diario1","twitter_card":"summary_large_image","twitter_creator":"@eltextual","twitter_site":"@eltextual","twitter_misc":{"Escrito por":"Diario1 Diario1","Tiempo de lectura":"3 minutos"},"schema":{"@context":"https:\/\/schema.org","@graph":[{"@type":"Article","@id":"https:\/\/diariotextual.com\/inicio\/index.php\/2026\/03\/13\/provincia-suma-balanzas-moviles-para-controlar-el-transito-pesado-y-cuidar-las-rutas\/#article","isPartOf":{"@id":"https:\/\/diariotextual.com\/inicio\/index.php\/2026\/03\/13\/provincia-suma-balanzas-moviles-para-controlar-el-transito-pesado-y-cuidar-las-rutas\/"},"author":{"name":"Diario1 Diario1","@id":"https:\/\/diariotextual.com\/inicio\/#\/schema\/person\/418fc4093c33e86ed41562db3508f958"},"headline":"Provincia suma balanzas m\u00f3viles para controlar el tr\u00e1nsito pesado y cuidar las rutas","datePublished":"2026-03-13T22:46:00+00:00","dateModified":"2026-03-15T14:30:45+00:00","mainEntityOfPage":{"@id":"https:\/\/diariotextual.com\/inicio\/index.php\/2026\/03\/13\/provincia-suma-balanzas-moviles-para-controlar-el-transito-pesado-y-cuidar-las-rutas\/"},"wordCount":631,"publisher":{"@id":"https:\/\/diariotextual.com\/inicio\/#organization"},"image":{"@id":"https:\/\/diariotextual.com\/inicio\/index.php\/2026\/03\/13\/provincia-suma-balanzas-moviles-para-controlar-el-transito-pesado-y-cuidar-las-rutas\/#primaryimage"},"thumbnailUrl":"https:\/\/diariotextual.com\/inicio\/wp-content\/uploads\/2026\/03\/balanzasmovilesrutaslapampa2026-1.jpg","articleSection":["A - ES NOTICIA (van abajo)","A - QUE PASA (al costado)","SOCIEDAD"],"inLanguage":"es"},{"@type":"WebPage","@id":"https:\/\/diariotextual.com\/inicio\/index.php\/2026\/03\/13\/provincia-suma-balanzas-moviles-para-controlar-el-transito-pesado-y-cuidar-las-rutas\/","url":"https:\/\/diariotextual.com\/inicio\/index.php\/2026\/03\/13\/provincia-suma-balanzas-moviles-para-controlar-el-transito-pesado-y-cuidar-las-rutas\/","name":"Provincia suma balanzas m\u00f3viles para controlar el tr\u00e1nsito pesado y cuidar las rutas - Diario Textual","isPartOf":{"@id":"https:\/\/diariotextual.com\/inicio\/#website"},"primaryImageOfPage":{"@id":"https:\/\/diariotextual.com\/inicio\/index.php\/2026\/03\/13\/provincia-suma-balanzas-moviles-para-controlar-el-transito-pesado-y-cuidar-las-rutas\/#primaryimage"},"image":{"@id":"https:\/\/diariotextual.com\/inicio\/index.php\/2026\/03\/13\/provincia-suma-balanzas-moviles-para-controlar-el-transito-pesado-y-cuidar-las-rutas\/#primaryimage"},"thumbnailUrl":"https:\/\/diariotextual.com\/inicio\/wp-content\/uploads\/2026\/03\/balanzasmovilesrutaslapampa2026-1.jpg","datePublished":"2026-03-13T22:46:00+00:00","dateModified":"2026-03-15T14:30:45+00:00","breadcrumb":{"@id":"https:\/\/diariotextual.com\/inicio\/index.php\/2026\/03\/13\/provincia-suma-balanzas-moviles-para-controlar-el-transito-pesado-y-cuidar-las-rutas\/#breadcrumb"},"inLanguage":"es","potentialAction":[{"@type":"ReadAction","target":["https:\/\/diariotextual.com\/inicio\/index.php\/2026\/03\/13\/provincia-suma-balanzas-moviles-para-controlar-el-transito-pesado-y-cuidar-las-rutas\/"]}]},{"@type":"ImageObject","inLanguage":"es","@id":"https:\/\/diariotextual.com\/inicio\/index.php\/2026\/03\/13\/provincia-suma-balanzas-moviles-para-controlar-el-transito-pesado-y-cuidar-las-rutas\/#primaryimage","url":"https:\/\/diariotextual.com\/inicio\/wp-content\/uploads\/2026\/03\/balanzasmovilesrutaslapampa2026-1.jpg","contentUrl":"https:\/\/diariotextual.com\/inicio\/wp-content\/uploads\/2026\/03\/balanzasmovilesrutaslapampa2026-1.jpg","width":1200,"height":800},{"@type":"BreadcrumbList","@id":"https:\/\/diariotextual.com\/inicio\/index.php\/2026\/03\/13\/provincia-suma-balanzas-moviles-para-controlar-el-transito-pesado-y-cuidar-las-rutas\/#breadcrumb","itemListElement":[{"@type":"ListItem","position":1,"name":"Portada","item":"https:\/\/diariotextual.com\/inicio\/"},{"@type":"ListItem","position":2,"name":"Provincia suma balanzas m\u00f3viles para controlar el tr\u00e1nsito pesado y cuidar las rutas"}]},{"@type":"WebSite","@id":"https:\/\/diariotextual.com\/inicio\/#website","url":"https:\/\/diariotextual.com\/inicio\/","name":"Diario Textual","description":"","publisher":{"@id":"https:\/\/diariotextual.com\/inicio\/#organization"},"potentialAction":[{"@type":"SearchAction","target":{"@type":"EntryPoint","urlTemplate":"https:\/\/diariotextual.com\/inicio\/?s={search_term_string}"},"query-input":{"@type":"PropertyValueSpecification","valueRequired":true,"valueName":"search_term_string"}}],"inLanguage":"es"},{"@type":"Organization","@id":"https:\/\/diariotextual.com\/inicio\/#organization","name":"Diario Textual","url":"https:\/\/diariotextual.com\/inicio\/","logo":{"@type":"ImageObject","inLanguage":"es","@id":"https:\/\/diariotextual.com\/inicio\/#\/schema\/logo\/image\/","url":"https:\/\/diariotextual.com\/inicio\/wp-content\/uploads\/2023\/05\/logotextual1.jpg","contentUrl":"https:\/\/diariotextual.com\/inicio\/wp-content\/uploads\/2023\/05\/logotextual1.jpg","width":516,"height":76,"caption":"Diario Textual"},"image":{"@id":"https:\/\/diariotextual.com\/inicio\/#\/schema\/logo\/image\/"},"sameAs":["https:\/\/www.facebook.com\/eltextual","https:\/\/x.com\/eltextual","http:\/\/www.instagram.com\/eltextual"]},{"@type":"Person","@id":"https:\/\/diariotextual.com\/inicio\/#\/schema\/person\/418fc4093c33e86ed41562db3508f958","name":"Diario1 Diario1","image":{"@type":"ImageObject","inLanguage":"es","@id":"https:\/\/secure.gravatar.com\/avatar\/9167d280179c85bc18be67aa7eda765854300033af4896dd779b608640f2ef7a?s=96&d=mm&r=g","url":"https:\/\/secure.gravatar.com\/avatar\/9167d280179c85bc18be67aa7eda765854300033af4896dd779b608640f2ef7a?s=96&d=mm&r=g","contentUrl":"https:\/\/secure.gravatar.com\/avatar\/9167d280179c85bc18be67aa7eda765854300033af4896dd779b608640f2ef7a?s=96&d=mm&r=g","caption":"Diario1 Diario1"},"url":"https:\/\/diariotextual.com\/inicio\/index.php\/author\/diario1\/"}]}},"_links":{"self":[{"href":"https:\/\/diariotextual.com\/inicio\/index.php\/wp-json\/wp\/v2\/posts\/322253","targetHints":{"allow":["GET"]}}],"collection":[{"href":"https:\/\/diariotextual.com\/inicio\/index.php\/wp-json\/wp\/v2\/posts"}],"about":[{"href":"https:\/\/diariotextual.com\/inicio\/index.php\/wp-json\/wp\/v2\/types\/post"}],"author":[{"embeddable":true,"href":"https:\/\/diariotextual.com\/inicio\/index.php\/wp-json\/wp\/v2\/users\/3"}],"replies":[{"embeddable":true,"href":"https:\/\/diariotextual.com\/inicio\/index.php\/wp-json\/wp\/v2\/comments?post=322253"}],"version-history":[{"count":2,"href":"https:\/\/diariotextual.com\/inicio\/index.php\/wp-json\/wp\/v2\/posts\/322253\/revisions"}],"predecessor-version":[{"id":322255,"href":"https:\/\/diariotextual.com\/inicio\/index.php\/wp-json\/wp\/v2\/posts\/322253\/revisions\/322255"}],"wp:featuredmedia":[{"embeddable":true,"href":"https:\/\/diariotextual.com\/inicio\/index.php\/wp-json\/wp\/v2\/media\/322256"}],"wp:attachment":[{"href":"https:\/\/diariotextual.com\/inicio\/index.php\/wp-json\/wp\/v2\/media?parent=322253"}],"wp:term":[{"taxonomy":"category","embeddable":true,"href":"https:\/\/diariotextual.com\/inicio\/index.php\/wp-json\/wp\/v2\/categories?post=322253"},{"taxonomy":"post_tag","embeddable":true,"href":"https:\/\/diariotextual.com\/inicio\/index.php\/wp-json\/wp\/v2\/tags?post=322253"}],"curies":[{"name":"wp","href":"https:\/\/api.w.org\/{rel}","templated":true}]}}