{"id":322257,"date":"2026-03-13T22:30:15","date_gmt":"2026-03-14T01:30:15","guid":{"rendered":"https:\/\/diariotextual.com\/inicio\/?p=322257"},"modified":"2026-03-13T23:16:29","modified_gmt":"2026-03-14T02:16:29","slug":"con-un-asado-virtual-lanzamiento-de-candidatura-de-berhongaray-solos-no-nos-alcanza","status":"publish","type":"post","link":"https:\/\/diariotextual.com\/inicio\/index.php\/2026\/03\/13\/con-un-asado-virtual-lanzamiento-de-candidatura-de-berhongaray-solos-no-nos-alcanza\/","title":{"rendered":"Con un acto y asado, hubo un virtual lanzamiento de Berhongaray: \u201cSolos no nos alcanza\u201d"},"content":{"rendered":"\n<p><strong>El operativo \u201cMart\u00edn Gobernador\u201d ya est\u00e1 en marcha. Mart\u00edn Berhongaray <\/strong>asumi\u00f3 en la noche de este viernes <strong>la presidencia de la UCR en un acto y asado<\/strong>, en el Club Independiente (Santa Rosa)<strong>, acompa\u00f1ado por dirigentes de todas las l\u00edneas internas <\/strong>del radicalismo. N<strong>eg\u00f3 que haya sido el lanzamiento de su candidatura, pero los gestos indicaron todo lo contrario.<\/strong><\/p>\n\n\n\n<p>Previo al asado y los choripanes, dio un discurso, en el que llam\u00f3 a los partidos opositores a unirse para vencer al PJ en 2027. <strong>\u201cSabemos que solo no nos alcanza\u201d,<\/strong> expres\u00f3, en un <strong>mensaje claro a La Libertad Avanza para acodar un frente antiperonista.<\/strong> \u201cPor eso, vamos a apelar a un mayor di\u00e1logo, buscar coincidencias b\u00e1sicas en el diagn\u00f3stico de lo que pasa en La Pampa y hacia d\u00f3nde ir\u201d, agreg\u00f3.<\/p>\n\n\n\n<p>Adem\u00e1s, neg\u00f3 que ya sea el candidato del radicalismo. <strong>\u201cNo vamos a poner las apetencias personales por encima del colectivo. Ya llegar\u00e1 el momento y conf\u00edo en que la gente sabr\u00e1 elegir a su candidato\u201d,<\/strong> dijo.<\/p>\n\n\n\n<p>Tambi\u00e9n le tir\u00f3 palos al peronismo. \u201cEstamos ante un modelo de gesti\u00f3n agotado, que pide alternancia. La Pampa no genera inversiones, ni oportunidades para los j\u00f3venes. No genera trabajo, por lo menos en el sector privado. Hay que ayudar a nuestros productores a que mejoren sus condiciones\u201d, resalt\u00f3.<\/p>\n\n\n\n<figure class=\"wp-block-image size-full\"><img fetchpriority=\"high\" decoding=\"async\" width=\"1200\" height=\"900\" src=\"https:\/\/diariotextual.com\/inicio\/wp-content\/uploads\/2026\/03\/berhongaraymartinchiarellakronebergerucrasado2026-70.jpg\" alt=\"\" class=\"wp-image-322276\" srcset=\"https:\/\/diariotextual.com\/inicio\/wp-content\/uploads\/2026\/03\/berhongaraymartinchiarellakronebergerucrasado2026-70.jpg 1200w, https:\/\/diariotextual.com\/inicio\/wp-content\/uploads\/2026\/03\/berhongaraymartinchiarellakronebergerucrasado2026-70-300x225.jpg 300w, https:\/\/diariotextual.com\/inicio\/wp-content\/uploads\/2026\/03\/berhongaraymartinchiarellakronebergerucrasado2026-70-1024x768.jpg 1024w, https:\/\/diariotextual.com\/inicio\/wp-content\/uploads\/2026\/03\/berhongaraymartinchiarellakronebergerucrasado2026-70-768x576.jpg 768w, https:\/\/diariotextual.com\/inicio\/wp-content\/uploads\/2026\/03\/berhongaraymartinchiarellakronebergerucrasado2026-70-1170x878.jpg 1170w, https:\/\/diariotextual.com\/inicio\/wp-content\/uploads\/2026\/03\/berhongaraymartinchiarellakronebergerucrasado2026-70-585x439.jpg 585w\" sizes=\"(max-width: 1200px) 100vw, 1200px\" \/><\/figure>\n\n\n\n<div style=\"height:100px\" aria-hidden=\"true\" class=\"wp-block-spacer\"><\/div>\n\n\n\n<p><strong>Presidente de la UCR nacional<\/strong><\/p>\n\n\n\n<p>En el acto estuvo el presidente del Comit\u00e9 Nacional, Leonel Chiarella. \u201cAlgunos dicen que es agarrar una papa caliente, pero es el honor y orgullo m\u00e1s grande de m\u00ed vida partidaria\u201d, dijo. \u201cTenemos dos desaf\u00edos como partido: recorrer y reforzar el territorio, y poder hablar de los temas que le importan a la sociedad, dejar de hablar de la rosca y las internas. Cuando estamos unidos, ganamos elecciones. Y en La Pampa seguramente vamos a poner al sexto gobernador radical\u201d, resalt\u00f3.<\/p>\n\n\n\n<div style=\"height:100px\" aria-hidden=\"true\" class=\"wp-block-spacer\"><\/div>\n\n\n\n<p><strong>Momento clave<\/strong><\/p>\n\n\n\n<p>El radicalismo pampeano atraviesa un momento clave: debe definir&nbsp;<strong>c\u00f3mo articular\u00e1 una alianza amplia con La Libertad Avanza, el PRO y otros espacios antiperonistas<\/strong>, en un contexto donde la oposici\u00f3n busca un armado competitivo para disputar el poder al peronismo provincial. <\/p>\n\n\n\n<p>En principio, <strong>los dirigentes de la UCR pretenden que el candidato de la alianza antiperonista se defina en una interna<\/strong>, en tanto que <strong>los referentes locales de La Libertad Avanza aspiran a que talle el dedo de Karina y Javier Milei.<\/strong><\/p>\n\n\n\n<p>Si finalmente confirma su postulaci\u00f3n, ser\u00eda la segunda candidatura a gobernador de Berhongaray. En 2023 encabez\u00f3 la principal oferta opositora y estuvo cerca de derrotar al peronista&nbsp;<strong>Sergio Ziliotto<\/strong>, que consigui\u00f3 la reelecci\u00f3n. Despu\u00e9s de aquella elecci\u00f3n, el dirigente prefiri\u00f3 no competir en las legislativas de 2025, una decisi\u00f3n que en el partido interpretaron como un movimiento para preservar capital pol\u00edtico y posicionarse para el pr\u00f3ximo turno electoral.<\/p>\n\n\n\n<p>La UCR pampeana coincide en un punto, luego de las elecciones legislativas de este a\u00f1o en las que perdi\u00f3 una banca:&nbsp;<strong>para competir en 2027 necesitan integrar a La Libertad Avanza<\/strong>&nbsp;dentro del armado opositor. Esa definici\u00f3n, sin embargo, abre una nueva puja interna.<\/p>\n\n\n\n<p>Por un lado, los&nbsp;<strong>\u201ccelestes\u201d<\/strong>, con Mart\u00edn Berhongaray e Hip\u00f3lito Altolaguirre como referentes, se muestran&nbsp;<strong>m\u00e1s proclives a una alianza sin mayores condiciones<\/strong>&nbsp;con LLA.<\/p>\n\n\n\n<p>Por el otro, la Liga de Intendentes -que expresa la voz del interior provincial- adopta una postura m\u00e1s cautelosa. Su objetivo es&nbsp;<strong>imponer l\u00edmites claros a la incorporaci\u00f3n de LLA<\/strong>, conscientes de que&nbsp;<strong>\u201cun mal acuerdo puede poner en riesgo su reelecci\u00f3n\u201d<\/strong>&nbsp;en los municipios que gobiernan. Para ellos, no se trata solo de ganar la provincia, sino de&nbsp;<strong>sostener el poder territorial<\/strong>.<\/p>\n\n\n\n<p>El trasfondo de la discusi\u00f3n es la necesidad de la oposici\u00f3n de reorganizarse frente a un peronismo que gobierna la provincia desde hace d\u00e9cadas y que, pese a tensiones internas, mantiene una estructura pol\u00edtica consolidada.<\/p>\n\n\n\n<p>En ese escenario<strong>, la UCR intenta definir su rol: si ser\u00e1 el eje ordenador de una coalici\u00f3n opositora ampliada o si quedar\u00e1 subsumida dentro de un armado m\u00e1s amplio donde La Libertad Avanza aspire a tener un peso determinante.<\/strong><\/p>\n\n\n\n<p><\/p>\n","protected":false},"excerpt":{"rendered":"<p>El operativo \u201cMart\u00edn Gobernador\u201d ya est\u00e1 en marcha. Mart\u00edn Berhongaray asumi\u00f3 en la noche de este viernes la presidencia de la UCR en un acto y asado, en el Club&hellip;<\/p>\n","protected":false},"author":3,"featured_media":322272,"comment_status":"closed","ping_status":"open","sticky":false,"template":"","format":"standard","meta":{"_acf_changed":false,"footnotes":""},"categories":[4,8],"tags":[],"class_list":["post-322257","post","type-post","status-publish","format-standard","has-post-thumbnail","hentry","category-destacadas","category-politica"],"acf":[],"yoast_head":"<!-- This site is optimized with the Yoast SEO plugin v27.5 - https:\/\/yoast.com\/product\/yoast-seo-wordpress\/ -->\n<title>Con un acto y asado, hubo un virtual lanzamiento de Berhongaray: \u201cSolos no nos alcanza\u201d - Diario Textual<\/title>\n<meta name=\"robots\" content=\"index, follow, max-snippet:-1, max-image-preview:large, max-video-preview:-1\" \/>\n<link rel=\"canonical\" href=\"https:\/\/diariotextual.com\/inicio\/index.php\/2026\/03\/13\/con-un-asado-virtual-lanzamiento-de-candidatura-de-berhongaray-solos-no-nos-alcanza\/\" \/>\n<meta property=\"og:locale\" content=\"es_ES\" \/>\n<meta property=\"og:type\" content=\"article\" \/>\n<meta property=\"og:title\" content=\"Con un acto y asado, hubo un virtual lanzamiento de Berhongaray: \u201cSolos no nos alcanza\u201d - Diario Textual\" \/>\n<meta property=\"og:description\" content=\"El operativo \u201cMart\u00edn Gobernador\u201d ya est\u00e1 en marcha. Mart\u00edn Berhongaray asumi\u00f3 en la noche de este viernes la presidencia de la UCR en un acto y asado, en el Club&hellip;\" \/>\n<meta property=\"og:url\" content=\"https:\/\/diariotextual.com\/inicio\/index.php\/2026\/03\/13\/con-un-asado-virtual-lanzamiento-de-candidatura-de-berhongaray-solos-no-nos-alcanza\/\" \/>\n<meta property=\"og:site_name\" content=\"Diario Textual\" \/>\n<meta property=\"article:publisher\" content=\"https:\/\/www.facebook.com\/eltextual\" \/>\n<meta property=\"article:published_time\" content=\"2026-03-14T01:30:15+00:00\" \/>\n<meta property=\"article:modified_time\" content=\"2026-03-14T02:16:29+00:00\" \/>\n<meta property=\"og:image\" content=\"https:\/\/diariotextual.com\/inicio\/wp-content\/uploads\/2026\/03\/berhongaraymartin2026-01.jpg\" \/>\n\t<meta property=\"og:image:width\" content=\"960\" \/>\n\t<meta property=\"og:image:height\" content=\"639\" \/>\n\t<meta property=\"og:image:type\" content=\"image\/jpeg\" \/>\n<meta name=\"author\" content=\"Diario1 Diario1\" \/>\n<meta name=\"twitter:card\" content=\"summary_large_image\" \/>\n<meta name=\"twitter:creator\" content=\"@eltextual\" \/>\n<meta name=\"twitter:site\" content=\"@eltextual\" \/>\n<meta name=\"twitter:label1\" content=\"Escrito por\" \/>\n\t<meta name=\"twitter:data1\" content=\"Diario1 Diario1\" \/>\n\t<meta name=\"twitter:label2\" content=\"Tiempo de lectura\" \/>\n\t<meta name=\"twitter:data2\" content=\"4 minutos\" \/>\n<script type=\"application\/ld+json\" class=\"yoast-schema-graph\">{\"@context\":\"https:\\\/\\\/schema.org\",\"@graph\":[{\"@type\":\"Article\",\"@id\":\"https:\\\/\\\/diariotextual.com\\\/inicio\\\/index.php\\\/2026\\\/03\\\/13\\\/con-un-asado-virtual-lanzamiento-de-candidatura-de-berhongaray-solos-no-nos-alcanza\\\/#article\",\"isPartOf\":{\"@id\":\"https:\\\/\\\/diariotextual.com\\\/inicio\\\/index.php\\\/2026\\\/03\\\/13\\\/con-un-asado-virtual-lanzamiento-de-candidatura-de-berhongaray-solos-no-nos-alcanza\\\/\"},\"author\":{\"name\":\"Diario1 Diario1\",\"@id\":\"https:\\\/\\\/diariotextual.com\\\/inicio\\\/#\\\/schema\\\/person\\\/418fc4093c33e86ed41562db3508f958\"},\"headline\":\"Con un acto y asado, hubo un virtual lanzamiento de Berhongaray: \u201cSolos no nos alcanza\u201d\",\"datePublished\":\"2026-03-14T01:30:15+00:00\",\"dateModified\":\"2026-03-14T02:16:29+00:00\",\"mainEntityOfPage\":{\"@id\":\"https:\\\/\\\/diariotextual.com\\\/inicio\\\/index.php\\\/2026\\\/03\\\/13\\\/con-un-asado-virtual-lanzamiento-de-candidatura-de-berhongaray-solos-no-nos-alcanza\\\/\"},\"wordCount\":721,\"publisher\":{\"@id\":\"https:\\\/\\\/diariotextual.com\\\/inicio\\\/#organization\"},\"image\":{\"@id\":\"https:\\\/\\\/diariotextual.com\\\/inicio\\\/index.php\\\/2026\\\/03\\\/13\\\/con-un-asado-virtual-lanzamiento-de-candidatura-de-berhongaray-solos-no-nos-alcanza\\\/#primaryimage\"},\"thumbnailUrl\":\"https:\\\/\\\/diariotextual.com\\\/inicio\\\/wp-content\\\/uploads\\\/2026\\\/03\\\/berhongaraymartin2026-01.jpg\",\"articleSection\":[\"A - DESTACADAS (mod 16)\",\"POLITICA\"],\"inLanguage\":\"es\"},{\"@type\":\"WebPage\",\"@id\":\"https:\\\/\\\/diariotextual.com\\\/inicio\\\/index.php\\\/2026\\\/03\\\/13\\\/con-un-asado-virtual-lanzamiento-de-candidatura-de-berhongaray-solos-no-nos-alcanza\\\/\",\"url\":\"https:\\\/\\\/diariotextual.com\\\/inicio\\\/index.php\\\/2026\\\/03\\\/13\\\/con-un-asado-virtual-lanzamiento-de-candidatura-de-berhongaray-solos-no-nos-alcanza\\\/\",\"name\":\"Con un acto y asado, hubo un virtual lanzamiento de Berhongaray: \u201cSolos no nos alcanza\u201d - Diario Textual\",\"isPartOf\":{\"@id\":\"https:\\\/\\\/diariotextual.com\\\/inicio\\\/#website\"},\"primaryImageOfPage\":{\"@id\":\"https:\\\/\\\/diariotextual.com\\\/inicio\\\/index.php\\\/2026\\\/03\\\/13\\\/con-un-asado-virtual-lanzamiento-de-candidatura-de-berhongaray-solos-no-nos-alcanza\\\/#primaryimage\"},\"image\":{\"@id\":\"https:\\\/\\\/diariotextual.com\\\/inicio\\\/index.php\\\/2026\\\/03\\\/13\\\/con-un-asado-virtual-lanzamiento-de-candidatura-de-berhongaray-solos-no-nos-alcanza\\\/#primaryimage\"},\"thumbnailUrl\":\"https:\\\/\\\/diariotextual.com\\\/inicio\\\/wp-content\\\/uploads\\\/2026\\\/03\\\/berhongaraymartin2026-01.jpg\",\"datePublished\":\"2026-03-14T01:30:15+00:00\",\"dateModified\":\"2026-03-14T02:16:29+00:00\",\"breadcrumb\":{\"@id\":\"https:\\\/\\\/diariotextual.com\\\/inicio\\\/index.php\\\/2026\\\/03\\\/13\\\/con-un-asado-virtual-lanzamiento-de-candidatura-de-berhongaray-solos-no-nos-alcanza\\\/#breadcrumb\"},\"inLanguage\":\"es\",\"potentialAction\":[{\"@type\":\"ReadAction\",\"target\":[\"https:\\\/\\\/diariotextual.com\\\/inicio\\\/index.php\\\/2026\\\/03\\\/13\\\/con-un-asado-virtual-lanzamiento-de-candidatura-de-berhongaray-solos-no-nos-alcanza\\\/\"]}]},{\"@type\":\"ImageObject\",\"inLanguage\":\"es\",\"@id\":\"https:\\\/\\\/diariotextual.com\\\/inicio\\\/index.php\\\/2026\\\/03\\\/13\\\/con-un-asado-virtual-lanzamiento-de-candidatura-de-berhongaray-solos-no-nos-alcanza\\\/#primaryimage\",\"url\":\"https:\\\/\\\/diariotextual.com\\\/inicio\\\/wp-content\\\/uploads\\\/2026\\\/03\\\/berhongaraymartin2026-01.jpg\",\"contentUrl\":\"https:\\\/\\\/diariotextual.com\\\/inicio\\\/wp-content\\\/uploads\\\/2026\\\/03\\\/berhongaraymartin2026-01.jpg\",\"width\":960,\"height\":639},{\"@type\":\"BreadcrumbList\",\"@id\":\"https:\\\/\\\/diariotextual.com\\\/inicio\\\/index.php\\\/2026\\\/03\\\/13\\\/con-un-asado-virtual-lanzamiento-de-candidatura-de-berhongaray-solos-no-nos-alcanza\\\/#breadcrumb\",\"itemListElement\":[{\"@type\":\"ListItem\",\"position\":1,\"name\":\"Portada\",\"item\":\"https:\\\/\\\/diariotextual.com\\\/inicio\\\/\"},{\"@type\":\"ListItem\",\"position\":2,\"name\":\"Con un acto y asado, hubo un virtual lanzamiento de Berhongaray: \u201cSolos no nos alcanza\u201d\"}]},{\"@type\":\"WebSite\",\"@id\":\"https:\\\/\\\/diariotextual.com\\\/inicio\\\/#website\",\"url\":\"https:\\\/\\\/diariotextual.com\\\/inicio\\\/\",\"name\":\"Diario Textual\",\"description\":\"\",\"publisher\":{\"@id\":\"https:\\\/\\\/diariotextual.com\\\/inicio\\\/#organization\"},\"potentialAction\":[{\"@type\":\"SearchAction\",\"target\":{\"@type\":\"EntryPoint\",\"urlTemplate\":\"https:\\\/\\\/diariotextual.com\\\/inicio\\\/?s={search_term_string}\"},\"query-input\":{\"@type\":\"PropertyValueSpecification\",\"valueRequired\":true,\"valueName\":\"search_term_string\"}}],\"inLanguage\":\"es\"},{\"@type\":\"Organization\",\"@id\":\"https:\\\/\\\/diariotextual.com\\\/inicio\\\/#organization\",\"name\":\"Diario Textual\",\"url\":\"https:\\\/\\\/diariotextual.com\\\/inicio\\\/\",\"logo\":{\"@type\":\"ImageObject\",\"inLanguage\":\"es\",\"@id\":\"https:\\\/\\\/diariotextual.com\\\/inicio\\\/#\\\/schema\\\/logo\\\/image\\\/\",\"url\":\"https:\\\/\\\/diariotextual.com\\\/inicio\\\/wp-content\\\/uploads\\\/2023\\\/05\\\/logotextual1.jpg\",\"contentUrl\":\"https:\\\/\\\/diariotextual.com\\\/inicio\\\/wp-content\\\/uploads\\\/2023\\\/05\\\/logotextual1.jpg\",\"width\":516,\"height\":76,\"caption\":\"Diario Textual\"},\"image\":{\"@id\":\"https:\\\/\\\/diariotextual.com\\\/inicio\\\/#\\\/schema\\\/logo\\\/image\\\/\"},\"sameAs\":[\"https:\\\/\\\/www.facebook.com\\\/eltextual\",\"https:\\\/\\\/x.com\\\/eltextual\",\"http:\\\/\\\/www.instagram.com\\\/eltextual\"]},{\"@type\":\"Person\",\"@id\":\"https:\\\/\\\/diariotextual.com\\\/inicio\\\/#\\\/schema\\\/person\\\/418fc4093c33e86ed41562db3508f958\",\"name\":\"Diario1 Diario1\",\"image\":{\"@type\":\"ImageObject\",\"inLanguage\":\"es\",\"@id\":\"https:\\\/\\\/secure.gravatar.com\\\/avatar\\\/9167d280179c85bc18be67aa7eda765854300033af4896dd779b608640f2ef7a?s=96&d=mm&r=g\",\"url\":\"https:\\\/\\\/secure.gravatar.com\\\/avatar\\\/9167d280179c85bc18be67aa7eda765854300033af4896dd779b608640f2ef7a?s=96&d=mm&r=g\",\"contentUrl\":\"https:\\\/\\\/secure.gravatar.com\\\/avatar\\\/9167d280179c85bc18be67aa7eda765854300033af4896dd779b608640f2ef7a?s=96&d=mm&r=g\",\"caption\":\"Diario1 Diario1\"},\"url\":\"https:\\\/\\\/diariotextual.com\\\/inicio\\\/index.php\\\/author\\\/diario1\\\/\"}]}<\/script>\n<!-- \/ Yoast SEO plugin. -->","yoast_head_json":{"title":"Con un acto y asado, hubo un virtual lanzamiento de Berhongaray: \u201cSolos no nos alcanza\u201d - Diario Textual","robots":{"index":"index","follow":"follow","max-snippet":"max-snippet:-1","max-image-preview":"max-image-preview:large","max-video-preview":"max-video-preview:-1"},"canonical":"https:\/\/diariotextual.com\/inicio\/index.php\/2026\/03\/13\/con-un-asado-virtual-lanzamiento-de-candidatura-de-berhongaray-solos-no-nos-alcanza\/","og_locale":"es_ES","og_type":"article","og_title":"Con un acto y asado, hubo un virtual lanzamiento de Berhongaray: \u201cSolos no nos alcanza\u201d - Diario Textual","og_description":"El operativo \u201cMart\u00edn Gobernador\u201d ya est\u00e1 en marcha. Mart\u00edn Berhongaray asumi\u00f3 en la noche de este viernes la presidencia de la UCR en un acto y asado, en el Club&hellip;","og_url":"https:\/\/diariotextual.com\/inicio\/index.php\/2026\/03\/13\/con-un-asado-virtual-lanzamiento-de-candidatura-de-berhongaray-solos-no-nos-alcanza\/","og_site_name":"Diario Textual","article_publisher":"https:\/\/www.facebook.com\/eltextual","article_published_time":"2026-03-14T01:30:15+00:00","article_modified_time":"2026-03-14T02:16:29+00:00","og_image":[{"width":960,"height":639,"url":"https:\/\/diariotextual.com\/inicio\/wp-content\/uploads\/2026\/03\/berhongaraymartin2026-01.jpg","type":"image\/jpeg"}],"author":"Diario1 Diario1","twitter_card":"summary_large_image","twitter_creator":"@eltextual","twitter_site":"@eltextual","twitter_misc":{"Escrito por":"Diario1 Diario1","Tiempo de lectura":"4 minutos"},"schema":{"@context":"https:\/\/schema.org","@graph":[{"@type":"Article","@id":"https:\/\/diariotextual.com\/inicio\/index.php\/2026\/03\/13\/con-un-asado-virtual-lanzamiento-de-candidatura-de-berhongaray-solos-no-nos-alcanza\/#article","isPartOf":{"@id":"https:\/\/diariotextual.com\/inicio\/index.php\/2026\/03\/13\/con-un-asado-virtual-lanzamiento-de-candidatura-de-berhongaray-solos-no-nos-alcanza\/"},"author":{"name":"Diario1 Diario1","@id":"https:\/\/diariotextual.com\/inicio\/#\/schema\/person\/418fc4093c33e86ed41562db3508f958"},"headline":"Con un acto y asado, hubo un virtual lanzamiento de Berhongaray: \u201cSolos no nos alcanza\u201d","datePublished":"2026-03-14T01:30:15+00:00","dateModified":"2026-03-14T02:16:29+00:00","mainEntityOfPage":{"@id":"https:\/\/diariotextual.com\/inicio\/index.php\/2026\/03\/13\/con-un-asado-virtual-lanzamiento-de-candidatura-de-berhongaray-solos-no-nos-alcanza\/"},"wordCount":721,"publisher":{"@id":"https:\/\/diariotextual.com\/inicio\/#organization"},"image":{"@id":"https:\/\/diariotextual.com\/inicio\/index.php\/2026\/03\/13\/con-un-asado-virtual-lanzamiento-de-candidatura-de-berhongaray-solos-no-nos-alcanza\/#primaryimage"},"thumbnailUrl":"https:\/\/diariotextual.com\/inicio\/wp-content\/uploads\/2026\/03\/berhongaraymartin2026-01.jpg","articleSection":["A - DESTACADAS (mod 16)","POLITICA"],"inLanguage":"es"},{"@type":"WebPage","@id":"https:\/\/diariotextual.com\/inicio\/index.php\/2026\/03\/13\/con-un-asado-virtual-lanzamiento-de-candidatura-de-berhongaray-solos-no-nos-alcanza\/","url":"https:\/\/diariotextual.com\/inicio\/index.php\/2026\/03\/13\/con-un-asado-virtual-lanzamiento-de-candidatura-de-berhongaray-solos-no-nos-alcanza\/","name":"Con un acto y asado, hubo un virtual lanzamiento de Berhongaray: \u201cSolos no nos alcanza\u201d - Diario Textual","isPartOf":{"@id":"https:\/\/diariotextual.com\/inicio\/#website"},"primaryImageOfPage":{"@id":"https:\/\/diariotextual.com\/inicio\/index.php\/2026\/03\/13\/con-un-asado-virtual-lanzamiento-de-candidatura-de-berhongaray-solos-no-nos-alcanza\/#primaryimage"},"image":{"@id":"https:\/\/diariotextual.com\/inicio\/index.php\/2026\/03\/13\/con-un-asado-virtual-lanzamiento-de-candidatura-de-berhongaray-solos-no-nos-alcanza\/#primaryimage"},"thumbnailUrl":"https:\/\/diariotextual.com\/inicio\/wp-content\/uploads\/2026\/03\/berhongaraymartin2026-01.jpg","datePublished":"2026-03-14T01:30:15+00:00","dateModified":"2026-03-14T02:16:29+00:00","breadcrumb":{"@id":"https:\/\/diariotextual.com\/inicio\/index.php\/2026\/03\/13\/con-un-asado-virtual-lanzamiento-de-candidatura-de-berhongaray-solos-no-nos-alcanza\/#breadcrumb"},"inLanguage":"es","potentialAction":[{"@type":"ReadAction","target":["https:\/\/diariotextual.com\/inicio\/index.php\/2026\/03\/13\/con-un-asado-virtual-lanzamiento-de-candidatura-de-berhongaray-solos-no-nos-alcanza\/"]}]},{"@type":"ImageObject","inLanguage":"es","@id":"https:\/\/diariotextual.com\/inicio\/index.php\/2026\/03\/13\/con-un-asado-virtual-lanzamiento-de-candidatura-de-berhongaray-solos-no-nos-alcanza\/#primaryimage","url":"https:\/\/diariotextual.com\/inicio\/wp-content\/uploads\/2026\/03\/berhongaraymartin2026-01.jpg","contentUrl":"https:\/\/diariotextual.com\/inicio\/wp-content\/uploads\/2026\/03\/berhongaraymartin2026-01.jpg","width":960,"height":639},{"@type":"BreadcrumbList","@id":"https:\/\/diariotextual.com\/inicio\/index.php\/2026\/03\/13\/con-un-asado-virtual-lanzamiento-de-candidatura-de-berhongaray-solos-no-nos-alcanza\/#breadcrumb","itemListElement":[{"@type":"ListItem","position":1,"name":"Portada","item":"https:\/\/diariotextual.com\/inicio\/"},{"@type":"ListItem","position":2,"name":"Con un acto y asado, hubo un virtual lanzamiento de Berhongaray: \u201cSolos no nos alcanza\u201d"}]},{"@type":"WebSite","@id":"https:\/\/diariotextual.com\/inicio\/#website","url":"https:\/\/diariotextual.com\/inicio\/","name":"Diario Textual","description":"","publisher":{"@id":"https:\/\/diariotextual.com\/inicio\/#organization"},"potentialAction":[{"@type":"SearchAction","target":{"@type":"EntryPoint","urlTemplate":"https:\/\/diariotextual.com\/inicio\/?s={search_term_string}"},"query-input":{"@type":"PropertyValueSpecification","valueRequired":true,"valueName":"search_term_string"}}],"inLanguage":"es"},{"@type":"Organization","@id":"https:\/\/diariotextual.com\/inicio\/#organization","name":"Diario Textual","url":"https:\/\/diariotextual.com\/inicio\/","logo":{"@type":"ImageObject","inLanguage":"es","@id":"https:\/\/diariotextual.com\/inicio\/#\/schema\/logo\/image\/","url":"https:\/\/diariotextual.com\/inicio\/wp-content\/uploads\/2023\/05\/logotextual1.jpg","contentUrl":"https:\/\/diariotextual.com\/inicio\/wp-content\/uploads\/2023\/05\/logotextual1.jpg","width":516,"height":76,"caption":"Diario Textual"},"image":{"@id":"https:\/\/diariotextual.com\/inicio\/#\/schema\/logo\/image\/"},"sameAs":["https:\/\/www.facebook.com\/eltextual","https:\/\/x.com\/eltextual","http:\/\/www.instagram.com\/eltextual"]},{"@type":"Person","@id":"https:\/\/diariotextual.com\/inicio\/#\/schema\/person\/418fc4093c33e86ed41562db3508f958","name":"Diario1 Diario1","image":{"@type":"ImageObject","inLanguage":"es","@id":"https:\/\/secure.gravatar.com\/avatar\/9167d280179c85bc18be67aa7eda765854300033af4896dd779b608640f2ef7a?s=96&d=mm&r=g","url":"https:\/\/secure.gravatar.com\/avatar\/9167d280179c85bc18be67aa7eda765854300033af4896dd779b608640f2ef7a?s=96&d=mm&r=g","contentUrl":"https:\/\/secure.gravatar.com\/avatar\/9167d280179c85bc18be67aa7eda765854300033af4896dd779b608640f2ef7a?s=96&d=mm&r=g","caption":"Diario1 Diario1"},"url":"https:\/\/diariotextual.com\/inicio\/index.php\/author\/diario1\/"}]}},"_links":{"self":[{"href":"https:\/\/diariotextual.com\/inicio\/index.php\/wp-json\/wp\/v2\/posts\/322257","targetHints":{"allow":["GET"]}}],"collection":[{"href":"https:\/\/diariotextual.com\/inicio\/index.php\/wp-json\/wp\/v2\/posts"}],"about":[{"href":"https:\/\/diariotextual.com\/inicio\/index.php\/wp-json\/wp\/v2\/types\/post"}],"author":[{"embeddable":true,"href":"https:\/\/diariotextual.com\/inicio\/index.php\/wp-json\/wp\/v2\/users\/3"}],"replies":[{"embeddable":true,"href":"https:\/\/diariotextual.com\/inicio\/index.php\/wp-json\/wp\/v2\/comments?post=322257"}],"version-history":[{"count":13,"href":"https:\/\/diariotextual.com\/inicio\/index.php\/wp-json\/wp\/v2\/posts\/322257\/revisions"}],"predecessor-version":[{"id":322277,"href":"https:\/\/diariotextual.com\/inicio\/index.php\/wp-json\/wp\/v2\/posts\/322257\/revisions\/322277"}],"wp:featuredmedia":[{"embeddable":true,"href":"https:\/\/diariotextual.com\/inicio\/index.php\/wp-json\/wp\/v2\/media\/322272"}],"wp:attachment":[{"href":"https:\/\/diariotextual.com\/inicio\/index.php\/wp-json\/wp\/v2\/media?parent=322257"}],"wp:term":[{"taxonomy":"category","embeddable":true,"href":"https:\/\/diariotextual.com\/inicio\/index.php\/wp-json\/wp\/v2\/categories?post=322257"},{"taxonomy":"post_tag","embeddable":true,"href":"https:\/\/diariotextual.com\/inicio\/index.php\/wp-json\/wp\/v2\/tags?post=322257"}],"curies":[{"name":"wp","href":"https:\/\/api.w.org\/{rel}","templated":true}]}}