{"id":322302,"date":"2026-03-14T11:00:28","date_gmt":"2026-03-14T14:00:28","guid":{"rendered":"https:\/\/diariotextual.com\/inicio\/?p=322302"},"modified":"2026-03-16T07:23:14","modified_gmt":"2026-03-16T10:23:14","slug":"van-a-catamarca-se-les-rompio-el-auto-en-santa-rosa-y-el-arreglo-sale-1-millon-piden-ayuda","status":"publish","type":"post","link":"https:\/\/diariotextual.com\/inicio\/index.php\/2026\/03\/14\/van-a-catamarca-se-les-rompio-el-auto-en-santa-rosa-y-el-arreglo-sale-1-millon-piden-ayuda\/","title":{"rendered":"Van a Catamarca, se les rompi\u00f3 el auto en Santa Rosa y el arreglo sale $1 mill\u00f3n: piden ayuda"},"content":{"rendered":"\n<p>Una familia sufri\u00f3 la rotura de su <strong>Renault M\u00e9gane<\/strong> en <strong>Santa Rosa<\/strong> y pide ayuda de la poblaci\u00f3n para poder continuar viaje hacia <strong>Tinogasta, Catamarca<\/strong>. \u201c<strong>El arreglo del auto sale cerca de un mill\u00f3n y, la verdad, no tenemos c\u00f3mo pagarlo<\/strong>\u201d, cont\u00f3 <strong>Graciela Noem\u00ed del Valle Amador<\/strong> a <strong>Diario Textual<\/strong>. Est\u00e1 acompa\u00f1ada por <strong>su nieta de 16 a\u00f1os<\/strong> y <strong>su hijo de 34<\/strong>.<\/p>\n\n\n\n<p>Desde el <strong>mi\u00e9rcoles 11<\/strong> permanecen varados a metros de la <strong>estaci\u00f3n de servicio YPF Aeropuerto<\/strong>, en el norte de la capital pampeana. \u201c<strong>No sab\u00edamos a qui\u00e9n pedir ayuda, por eso recurrimos a ustedes, para que la gente, si puede, nos ayude<\/strong>\u201d, sostuvo.<\/p>\n\n\n\n<p>\u201c<strong>Salimos desde Comodoro Rivadavia hacia Tinogasta<\/strong>, en un autito medio viejito, del <strong>a\u00f1o 2000<\/strong>. Tengo que ir para dejar a mi nieta por el tema de la escuela. Como es menor, de <strong>16 a\u00f1os<\/strong>, no puede viajar sola, entonces decidimos llevarla\u201d, cont\u00f3.<\/p>\n\n\n\n<p>En <strong>Santa Rosa<\/strong> comenzaron los problemas mec\u00e1nicos. \u201c<strong>Hab\u00edamos controlado en la zona de Padre Buodo el aceite, el agua, todo el auto&#8230; estaba lo m\u00e1s bien. Ven\u00edamos saliendo de ac\u00e1 y vi que empez\u00f3 a levantar temperatura. Me tir\u00e9 a una orilla y, cuando nos bajamos, dejamos que se enfr\u00ede. Despu\u00e9s le volvimos a poner agua al auto, pero no: ya sopl\u00f3 junta<\/strong>\u201d, relat\u00f3.<\/p>\n\n\n\n<p>Seg\u00fan explic\u00f3, hab\u00edan pasado <strong>unos dos kil\u00f3metros de Santa Rosa por la ruta nacional 35<\/strong> cuando intentaron volver. \u201c<strong>Tratamos de hacerlo arrancar, lo logramos, dimos la vuelta y alcanzamos a llegar hasta la estaci\u00f3n de servicio<\/strong>\u201d, dijo.<\/p>\n\n\n\n<p>La mujer averigu\u00f3 en un taller mec\u00e1nico de la ciudad y le informaron que el arreglo demandar\u00e1 <strong>unos 950 mil pesos<\/strong>. \u201c<strong>La verdad es que nos quedamos sin dinero. Averig\u00fc\u00e9 cu\u00e1nto sale el arreglo de la tapa: me cobran 150 mil pesos, pero la mano de obra es una locura, nos pidieron 800 mil<\/strong>\u201d, explic\u00f3. \u201c<strong>El mec\u00e1nico, para desarmar la tapa y armarla, me cobra 800 mil<\/strong>\u201d, insisti\u00f3.<\/p>\n\n\n\n<p>La familia, mientras aguarda por ayuda, pasa las noches dentro del veh\u00edculo. \u201c<strong>Por el alojamiento estamos durmiendo en el auto. Por lo menos, hasta ahora estamos bien con eso<\/strong>\u201d, expres\u00f3.<\/p>\n\n\n\n<p>\u201c<strong>El tema es que estamos varados y no tenemos a qui\u00e9n recurrir. Por eso quer\u00edamos dar a conocer esto, para ver si alguien nos puede dar una mano<\/strong>. Aunque sea m\u00ednima, siempre ayuda\u201d, agreg\u00f3.<\/p>\n\n\n\n<div style=\"height:100px\" aria-hidden=\"true\" class=\"wp-block-spacer\"><\/div>\n\n\n\n<p><strong>Datos para ayudar econ\u00f3micamente<\/strong><\/p>\n\n\n\n<p><strong>Alias:<\/strong> valle14<br><strong>Nombre:<\/strong> Graciela Noem\u00ed del Valle Amador<\/p>\n\n\n\n<p><\/p>\n\n\n\n<p><strong>Datos de contacto:<\/strong><\/p>\n\n\n\n<p>Tel\u00e9fono celular: 297 5387136<\/p>\n\n\n\n<p><\/p>\n","protected":false},"excerpt":{"rendered":"<p>Una familia sufri\u00f3 la rotura de su Renault M\u00e9gane en Santa Rosa y pide ayuda de la poblaci\u00f3n para poder continuar viaje hacia Tinogasta, Catamarca. \u201cEl arreglo del auto sale&hellip;<\/p>\n","protected":false},"author":2,"featured_media":322304,"comment_status":"closed","ping_status":"open","sticky":false,"template":"","format":"standard","meta":{"_acf_changed":false,"footnotes":""},"categories":[11,12],"tags":[],"class_list":["post-322302","post","type-post","status-publish","format-standard","has-post-thumbnail","hentry","category-que-pasa","category-sociedad"],"acf":[],"yoast_head":"<!-- This site is optimized with the Yoast SEO plugin v27.5 - https:\/\/yoast.com\/product\/yoast-seo-wordpress\/ -->\n<title>Van a Catamarca, se les rompi\u00f3 el auto en Santa Rosa y el arreglo sale $1 mill\u00f3n: piden ayuda - Diario Textual<\/title>\n<meta name=\"robots\" content=\"index, follow, max-snippet:-1, max-image-preview:large, max-video-preview:-1\" \/>\n<link rel=\"canonical\" href=\"https:\/\/diariotextual.com\/inicio\/index.php\/2026\/03\/14\/van-a-catamarca-se-les-rompio-el-auto-en-santa-rosa-y-el-arreglo-sale-1-millon-piden-ayuda\/\" \/>\n<meta property=\"og:locale\" content=\"es_ES\" \/>\n<meta property=\"og:type\" content=\"article\" \/>\n<meta property=\"og:title\" content=\"Van a Catamarca, se les rompi\u00f3 el auto en Santa Rosa y el arreglo sale $1 mill\u00f3n: piden ayuda - Diario Textual\" \/>\n<meta property=\"og:description\" content=\"Una familia sufri\u00f3 la rotura de su Renault M\u00e9gane en Santa Rosa y pide ayuda de la poblaci\u00f3n para poder continuar viaje hacia Tinogasta, Catamarca. \u201cEl arreglo del auto sale&hellip;\" \/>\n<meta property=\"og:url\" content=\"https:\/\/diariotextual.com\/inicio\/index.php\/2026\/03\/14\/van-a-catamarca-se-les-rompio-el-auto-en-santa-rosa-y-el-arreglo-sale-1-millon-piden-ayuda\/\" \/>\n<meta property=\"og:site_name\" content=\"Diario Textual\" \/>\n<meta property=\"article:publisher\" content=\"https:\/\/www.facebook.com\/eltextual\" \/>\n<meta property=\"article:published_time\" content=\"2026-03-14T14:00:28+00:00\" \/>\n<meta property=\"article:modified_time\" content=\"2026-03-16T10:23:14+00:00\" \/>\n<meta property=\"og:image\" content=\"https:\/\/diariotextual.com\/inicio\/wp-content\/uploads\/2026\/03\/familiavaradaGraciela-Noemi-del-Valle-Amador2026-1.jpg\" \/>\n\t<meta property=\"og:image:width\" content=\"1600\" \/>\n\t<meta property=\"og:image:height\" content=\"900\" \/>\n\t<meta property=\"og:image:type\" content=\"image\/jpeg\" \/>\n<meta name=\"author\" content=\"Sergio Romano\" \/>\n<meta name=\"twitter:card\" content=\"summary_large_image\" \/>\n<meta name=\"twitter:creator\" content=\"@eltextual\" \/>\n<meta name=\"twitter:site\" content=\"@eltextual\" \/>\n<meta name=\"twitter:label1\" content=\"Escrito por\" \/>\n\t<meta name=\"twitter:data1\" content=\"Sergio Romano\" \/>\n\t<meta name=\"twitter:label2\" content=\"Tiempo de lectura\" \/>\n\t<meta name=\"twitter:data2\" content=\"3 minutos\" \/>\n<script type=\"application\/ld+json\" class=\"yoast-schema-graph\">{\"@context\":\"https:\\\/\\\/schema.org\",\"@graph\":[{\"@type\":\"Article\",\"@id\":\"https:\\\/\\\/diariotextual.com\\\/inicio\\\/index.php\\\/2026\\\/03\\\/14\\\/van-a-catamarca-se-les-rompio-el-auto-en-santa-rosa-y-el-arreglo-sale-1-millon-piden-ayuda\\\/#article\",\"isPartOf\":{\"@id\":\"https:\\\/\\\/diariotextual.com\\\/inicio\\\/index.php\\\/2026\\\/03\\\/14\\\/van-a-catamarca-se-les-rompio-el-auto-en-santa-rosa-y-el-arreglo-sale-1-millon-piden-ayuda\\\/\"},\"author\":{\"name\":\"Sergio Romano\",\"@id\":\"https:\\\/\\\/diariotextual.com\\\/inicio\\\/#\\\/schema\\\/person\\\/523499e72392084bbaa07d9918058135\"},\"headline\":\"Van a Catamarca, se les rompi\u00f3 el auto en Santa Rosa y el arreglo sale $1 mill\u00f3n: piden ayuda\",\"datePublished\":\"2026-03-14T14:00:28+00:00\",\"dateModified\":\"2026-03-16T10:23:14+00:00\",\"mainEntityOfPage\":{\"@id\":\"https:\\\/\\\/diariotextual.com\\\/inicio\\\/index.php\\\/2026\\\/03\\\/14\\\/van-a-catamarca-se-les-rompio-el-auto-en-santa-rosa-y-el-arreglo-sale-1-millon-piden-ayuda\\\/\"},\"wordCount\":437,\"publisher\":{\"@id\":\"https:\\\/\\\/diariotextual.com\\\/inicio\\\/#organization\"},\"image\":{\"@id\":\"https:\\\/\\\/diariotextual.com\\\/inicio\\\/index.php\\\/2026\\\/03\\\/14\\\/van-a-catamarca-se-les-rompio-el-auto-en-santa-rosa-y-el-arreglo-sale-1-millon-piden-ayuda\\\/#primaryimage\"},\"thumbnailUrl\":\"https:\\\/\\\/diariotextual.com\\\/inicio\\\/wp-content\\\/uploads\\\/2026\\\/03\\\/familiavaradaGraciela-Noemi-del-Valle-Amador2026-1.jpg\",\"articleSection\":[\"A - QUE PASA (al costado)\",\"SOCIEDAD\"],\"inLanguage\":\"es\"},{\"@type\":\"WebPage\",\"@id\":\"https:\\\/\\\/diariotextual.com\\\/inicio\\\/index.php\\\/2026\\\/03\\\/14\\\/van-a-catamarca-se-les-rompio-el-auto-en-santa-rosa-y-el-arreglo-sale-1-millon-piden-ayuda\\\/\",\"url\":\"https:\\\/\\\/diariotextual.com\\\/inicio\\\/index.php\\\/2026\\\/03\\\/14\\\/van-a-catamarca-se-les-rompio-el-auto-en-santa-rosa-y-el-arreglo-sale-1-millon-piden-ayuda\\\/\",\"name\":\"Van a Catamarca, se les rompi\u00f3 el auto en Santa Rosa y el arreglo sale $1 mill\u00f3n: piden ayuda - Diario Textual\",\"isPartOf\":{\"@id\":\"https:\\\/\\\/diariotextual.com\\\/inicio\\\/#website\"},\"primaryImageOfPage\":{\"@id\":\"https:\\\/\\\/diariotextual.com\\\/inicio\\\/index.php\\\/2026\\\/03\\\/14\\\/van-a-catamarca-se-les-rompio-el-auto-en-santa-rosa-y-el-arreglo-sale-1-millon-piden-ayuda\\\/#primaryimage\"},\"image\":{\"@id\":\"https:\\\/\\\/diariotextual.com\\\/inicio\\\/index.php\\\/2026\\\/03\\\/14\\\/van-a-catamarca-se-les-rompio-el-auto-en-santa-rosa-y-el-arreglo-sale-1-millon-piden-ayuda\\\/#primaryimage\"},\"thumbnailUrl\":\"https:\\\/\\\/diariotextual.com\\\/inicio\\\/wp-content\\\/uploads\\\/2026\\\/03\\\/familiavaradaGraciela-Noemi-del-Valle-Amador2026-1.jpg\",\"datePublished\":\"2026-03-14T14:00:28+00:00\",\"dateModified\":\"2026-03-16T10:23:14+00:00\",\"breadcrumb\":{\"@id\":\"https:\\\/\\\/diariotextual.com\\\/inicio\\\/index.php\\\/2026\\\/03\\\/14\\\/van-a-catamarca-se-les-rompio-el-auto-en-santa-rosa-y-el-arreglo-sale-1-millon-piden-ayuda\\\/#breadcrumb\"},\"inLanguage\":\"es\",\"potentialAction\":[{\"@type\":\"ReadAction\",\"target\":[\"https:\\\/\\\/diariotextual.com\\\/inicio\\\/index.php\\\/2026\\\/03\\\/14\\\/van-a-catamarca-se-les-rompio-el-auto-en-santa-rosa-y-el-arreglo-sale-1-millon-piden-ayuda\\\/\"]}]},{\"@type\":\"ImageObject\",\"inLanguage\":\"es\",\"@id\":\"https:\\\/\\\/diariotextual.com\\\/inicio\\\/index.php\\\/2026\\\/03\\\/14\\\/van-a-catamarca-se-les-rompio-el-auto-en-santa-rosa-y-el-arreglo-sale-1-millon-piden-ayuda\\\/#primaryimage\",\"url\":\"https:\\\/\\\/diariotextual.com\\\/inicio\\\/wp-content\\\/uploads\\\/2026\\\/03\\\/familiavaradaGraciela-Noemi-del-Valle-Amador2026-1.jpg\",\"contentUrl\":\"https:\\\/\\\/diariotextual.com\\\/inicio\\\/wp-content\\\/uploads\\\/2026\\\/03\\\/familiavaradaGraciela-Noemi-del-Valle-Amador2026-1.jpg\",\"width\":1600,\"height\":900},{\"@type\":\"BreadcrumbList\",\"@id\":\"https:\\\/\\\/diariotextual.com\\\/inicio\\\/index.php\\\/2026\\\/03\\\/14\\\/van-a-catamarca-se-les-rompio-el-auto-en-santa-rosa-y-el-arreglo-sale-1-millon-piden-ayuda\\\/#breadcrumb\",\"itemListElement\":[{\"@type\":\"ListItem\",\"position\":1,\"name\":\"Portada\",\"item\":\"https:\\\/\\\/diariotextual.com\\\/inicio\\\/\"},{\"@type\":\"ListItem\",\"position\":2,\"name\":\"Van a Catamarca, se les rompi\u00f3 el auto en Santa Rosa y el arreglo sale $1 mill\u00f3n: piden ayuda\"}]},{\"@type\":\"WebSite\",\"@id\":\"https:\\\/\\\/diariotextual.com\\\/inicio\\\/#website\",\"url\":\"https:\\\/\\\/diariotextual.com\\\/inicio\\\/\",\"name\":\"Diario Textual\",\"description\":\"\",\"publisher\":{\"@id\":\"https:\\\/\\\/diariotextual.com\\\/inicio\\\/#organization\"},\"potentialAction\":[{\"@type\":\"SearchAction\",\"target\":{\"@type\":\"EntryPoint\",\"urlTemplate\":\"https:\\\/\\\/diariotextual.com\\\/inicio\\\/?s={search_term_string}\"},\"query-input\":{\"@type\":\"PropertyValueSpecification\",\"valueRequired\":true,\"valueName\":\"search_term_string\"}}],\"inLanguage\":\"es\"},{\"@type\":\"Organization\",\"@id\":\"https:\\\/\\\/diariotextual.com\\\/inicio\\\/#organization\",\"name\":\"Diario Textual\",\"url\":\"https:\\\/\\\/diariotextual.com\\\/inicio\\\/\",\"logo\":{\"@type\":\"ImageObject\",\"inLanguage\":\"es\",\"@id\":\"https:\\\/\\\/diariotextual.com\\\/inicio\\\/#\\\/schema\\\/logo\\\/image\\\/\",\"url\":\"https:\\\/\\\/diariotextual.com\\\/inicio\\\/wp-content\\\/uploads\\\/2023\\\/05\\\/logotextual1.jpg\",\"contentUrl\":\"https:\\\/\\\/diariotextual.com\\\/inicio\\\/wp-content\\\/uploads\\\/2023\\\/05\\\/logotextual1.jpg\",\"width\":516,\"height\":76,\"caption\":\"Diario Textual\"},\"image\":{\"@id\":\"https:\\\/\\\/diariotextual.com\\\/inicio\\\/#\\\/schema\\\/logo\\\/image\\\/\"},\"sameAs\":[\"https:\\\/\\\/www.facebook.com\\\/eltextual\",\"https:\\\/\\\/x.com\\\/eltextual\",\"http:\\\/\\\/www.instagram.com\\\/eltextual\"]},{\"@type\":\"Person\",\"@id\":\"https:\\\/\\\/diariotextual.com\\\/inicio\\\/#\\\/schema\\\/person\\\/523499e72392084bbaa07d9918058135\",\"name\":\"Sergio Romano\",\"image\":{\"@type\":\"ImageObject\",\"inLanguage\":\"es\",\"@id\":\"https:\\\/\\\/secure.gravatar.com\\\/avatar\\\/558f03f407fa3accd9dabd3c363c971a21b2b44ce0fe39bb24a92ac5472808b8?s=96&d=mm&r=g\",\"url\":\"https:\\\/\\\/secure.gravatar.com\\\/avatar\\\/558f03f407fa3accd9dabd3c363c971a21b2b44ce0fe39bb24a92ac5472808b8?s=96&d=mm&r=g\",\"contentUrl\":\"https:\\\/\\\/secure.gravatar.com\\\/avatar\\\/558f03f407fa3accd9dabd3c363c971a21b2b44ce0fe39bb24a92ac5472808b8?s=96&d=mm&r=g\",\"caption\":\"Sergio Romano\"},\"sameAs\":[\"http:\\\/\\\/www.diariotextual.com\"],\"url\":\"https:\\\/\\\/diariotextual.com\\\/inicio\\\/index.php\\\/author\\\/sergio\\\/\"}]}<\/script>\n<!-- \/ Yoast SEO plugin. -->","yoast_head_json":{"title":"Van a Catamarca, se les rompi\u00f3 el auto en Santa Rosa y el arreglo sale $1 mill\u00f3n: piden ayuda - Diario Textual","robots":{"index":"index","follow":"follow","max-snippet":"max-snippet:-1","max-image-preview":"max-image-preview:large","max-video-preview":"max-video-preview:-1"},"canonical":"https:\/\/diariotextual.com\/inicio\/index.php\/2026\/03\/14\/van-a-catamarca-se-les-rompio-el-auto-en-santa-rosa-y-el-arreglo-sale-1-millon-piden-ayuda\/","og_locale":"es_ES","og_type":"article","og_title":"Van a Catamarca, se les rompi\u00f3 el auto en Santa Rosa y el arreglo sale $1 mill\u00f3n: piden ayuda - Diario Textual","og_description":"Una familia sufri\u00f3 la rotura de su Renault M\u00e9gane en Santa Rosa y pide ayuda de la poblaci\u00f3n para poder continuar viaje hacia Tinogasta, Catamarca. \u201cEl arreglo del auto sale&hellip;","og_url":"https:\/\/diariotextual.com\/inicio\/index.php\/2026\/03\/14\/van-a-catamarca-se-les-rompio-el-auto-en-santa-rosa-y-el-arreglo-sale-1-millon-piden-ayuda\/","og_site_name":"Diario Textual","article_publisher":"https:\/\/www.facebook.com\/eltextual","article_published_time":"2026-03-14T14:00:28+00:00","article_modified_time":"2026-03-16T10:23:14+00:00","og_image":[{"width":1600,"height":900,"url":"https:\/\/diariotextual.com\/inicio\/wp-content\/uploads\/2026\/03\/familiavaradaGraciela-Noemi-del-Valle-Amador2026-1.jpg","type":"image\/jpeg"}],"author":"Sergio Romano","twitter_card":"summary_large_image","twitter_creator":"@eltextual","twitter_site":"@eltextual","twitter_misc":{"Escrito por":"Sergio Romano","Tiempo de lectura":"3 minutos"},"schema":{"@context":"https:\/\/schema.org","@graph":[{"@type":"Article","@id":"https:\/\/diariotextual.com\/inicio\/index.php\/2026\/03\/14\/van-a-catamarca-se-les-rompio-el-auto-en-santa-rosa-y-el-arreglo-sale-1-millon-piden-ayuda\/#article","isPartOf":{"@id":"https:\/\/diariotextual.com\/inicio\/index.php\/2026\/03\/14\/van-a-catamarca-se-les-rompio-el-auto-en-santa-rosa-y-el-arreglo-sale-1-millon-piden-ayuda\/"},"author":{"name":"Sergio Romano","@id":"https:\/\/diariotextual.com\/inicio\/#\/schema\/person\/523499e72392084bbaa07d9918058135"},"headline":"Van a Catamarca, se les rompi\u00f3 el auto en Santa Rosa y el arreglo sale $1 mill\u00f3n: piden ayuda","datePublished":"2026-03-14T14:00:28+00:00","dateModified":"2026-03-16T10:23:14+00:00","mainEntityOfPage":{"@id":"https:\/\/diariotextual.com\/inicio\/index.php\/2026\/03\/14\/van-a-catamarca-se-les-rompio-el-auto-en-santa-rosa-y-el-arreglo-sale-1-millon-piden-ayuda\/"},"wordCount":437,"publisher":{"@id":"https:\/\/diariotextual.com\/inicio\/#organization"},"image":{"@id":"https:\/\/diariotextual.com\/inicio\/index.php\/2026\/03\/14\/van-a-catamarca-se-les-rompio-el-auto-en-santa-rosa-y-el-arreglo-sale-1-millon-piden-ayuda\/#primaryimage"},"thumbnailUrl":"https:\/\/diariotextual.com\/inicio\/wp-content\/uploads\/2026\/03\/familiavaradaGraciela-Noemi-del-Valle-Amador2026-1.jpg","articleSection":["A - QUE PASA (al costado)","SOCIEDAD"],"inLanguage":"es"},{"@type":"WebPage","@id":"https:\/\/diariotextual.com\/inicio\/index.php\/2026\/03\/14\/van-a-catamarca-se-les-rompio-el-auto-en-santa-rosa-y-el-arreglo-sale-1-millon-piden-ayuda\/","url":"https:\/\/diariotextual.com\/inicio\/index.php\/2026\/03\/14\/van-a-catamarca-se-les-rompio-el-auto-en-santa-rosa-y-el-arreglo-sale-1-millon-piden-ayuda\/","name":"Van a Catamarca, se les rompi\u00f3 el auto en Santa Rosa y el arreglo sale $1 mill\u00f3n: piden ayuda - Diario Textual","isPartOf":{"@id":"https:\/\/diariotextual.com\/inicio\/#website"},"primaryImageOfPage":{"@id":"https:\/\/diariotextual.com\/inicio\/index.php\/2026\/03\/14\/van-a-catamarca-se-les-rompio-el-auto-en-santa-rosa-y-el-arreglo-sale-1-millon-piden-ayuda\/#primaryimage"},"image":{"@id":"https:\/\/diariotextual.com\/inicio\/index.php\/2026\/03\/14\/van-a-catamarca-se-les-rompio-el-auto-en-santa-rosa-y-el-arreglo-sale-1-millon-piden-ayuda\/#primaryimage"},"thumbnailUrl":"https:\/\/diariotextual.com\/inicio\/wp-content\/uploads\/2026\/03\/familiavaradaGraciela-Noemi-del-Valle-Amador2026-1.jpg","datePublished":"2026-03-14T14:00:28+00:00","dateModified":"2026-03-16T10:23:14+00:00","breadcrumb":{"@id":"https:\/\/diariotextual.com\/inicio\/index.php\/2026\/03\/14\/van-a-catamarca-se-les-rompio-el-auto-en-santa-rosa-y-el-arreglo-sale-1-millon-piden-ayuda\/#breadcrumb"},"inLanguage":"es","potentialAction":[{"@type":"ReadAction","target":["https:\/\/diariotextual.com\/inicio\/index.php\/2026\/03\/14\/van-a-catamarca-se-les-rompio-el-auto-en-santa-rosa-y-el-arreglo-sale-1-millon-piden-ayuda\/"]}]},{"@type":"ImageObject","inLanguage":"es","@id":"https:\/\/diariotextual.com\/inicio\/index.php\/2026\/03\/14\/van-a-catamarca-se-les-rompio-el-auto-en-santa-rosa-y-el-arreglo-sale-1-millon-piden-ayuda\/#primaryimage","url":"https:\/\/diariotextual.com\/inicio\/wp-content\/uploads\/2026\/03\/familiavaradaGraciela-Noemi-del-Valle-Amador2026-1.jpg","contentUrl":"https:\/\/diariotextual.com\/inicio\/wp-content\/uploads\/2026\/03\/familiavaradaGraciela-Noemi-del-Valle-Amador2026-1.jpg","width":1600,"height":900},{"@type":"BreadcrumbList","@id":"https:\/\/diariotextual.com\/inicio\/index.php\/2026\/03\/14\/van-a-catamarca-se-les-rompio-el-auto-en-santa-rosa-y-el-arreglo-sale-1-millon-piden-ayuda\/#breadcrumb","itemListElement":[{"@type":"ListItem","position":1,"name":"Portada","item":"https:\/\/diariotextual.com\/inicio\/"},{"@type":"ListItem","position":2,"name":"Van a Catamarca, se les rompi\u00f3 el auto en Santa Rosa y el arreglo sale $1 mill\u00f3n: piden ayuda"}]},{"@type":"WebSite","@id":"https:\/\/diariotextual.com\/inicio\/#website","url":"https:\/\/diariotextual.com\/inicio\/","name":"Diario Textual","description":"","publisher":{"@id":"https:\/\/diariotextual.com\/inicio\/#organization"},"potentialAction":[{"@type":"SearchAction","target":{"@type":"EntryPoint","urlTemplate":"https:\/\/diariotextual.com\/inicio\/?s={search_term_string}"},"query-input":{"@type":"PropertyValueSpecification","valueRequired":true,"valueName":"search_term_string"}}],"inLanguage":"es"},{"@type":"Organization","@id":"https:\/\/diariotextual.com\/inicio\/#organization","name":"Diario Textual","url":"https:\/\/diariotextual.com\/inicio\/","logo":{"@type":"ImageObject","inLanguage":"es","@id":"https:\/\/diariotextual.com\/inicio\/#\/schema\/logo\/image\/","url":"https:\/\/diariotextual.com\/inicio\/wp-content\/uploads\/2023\/05\/logotextual1.jpg","contentUrl":"https:\/\/diariotextual.com\/inicio\/wp-content\/uploads\/2023\/05\/logotextual1.jpg","width":516,"height":76,"caption":"Diario Textual"},"image":{"@id":"https:\/\/diariotextual.com\/inicio\/#\/schema\/logo\/image\/"},"sameAs":["https:\/\/www.facebook.com\/eltextual","https:\/\/x.com\/eltextual","http:\/\/www.instagram.com\/eltextual"]},{"@type":"Person","@id":"https:\/\/diariotextual.com\/inicio\/#\/schema\/person\/523499e72392084bbaa07d9918058135","name":"Sergio Romano","image":{"@type":"ImageObject","inLanguage":"es","@id":"https:\/\/secure.gravatar.com\/avatar\/558f03f407fa3accd9dabd3c363c971a21b2b44ce0fe39bb24a92ac5472808b8?s=96&d=mm&r=g","url":"https:\/\/secure.gravatar.com\/avatar\/558f03f407fa3accd9dabd3c363c971a21b2b44ce0fe39bb24a92ac5472808b8?s=96&d=mm&r=g","contentUrl":"https:\/\/secure.gravatar.com\/avatar\/558f03f407fa3accd9dabd3c363c971a21b2b44ce0fe39bb24a92ac5472808b8?s=96&d=mm&r=g","caption":"Sergio Romano"},"sameAs":["http:\/\/www.diariotextual.com"],"url":"https:\/\/diariotextual.com\/inicio\/index.php\/author\/sergio\/"}]}},"_links":{"self":[{"href":"https:\/\/diariotextual.com\/inicio\/index.php\/wp-json\/wp\/v2\/posts\/322302","targetHints":{"allow":["GET"]}}],"collection":[{"href":"https:\/\/diariotextual.com\/inicio\/index.php\/wp-json\/wp\/v2\/posts"}],"about":[{"href":"https:\/\/diariotextual.com\/inicio\/index.php\/wp-json\/wp\/v2\/types\/post"}],"author":[{"embeddable":true,"href":"https:\/\/diariotextual.com\/inicio\/index.php\/wp-json\/wp\/v2\/users\/2"}],"replies":[{"embeddable":true,"href":"https:\/\/diariotextual.com\/inicio\/index.php\/wp-json\/wp\/v2\/comments?post=322302"}],"version-history":[{"count":5,"href":"https:\/\/diariotextual.com\/inicio\/index.php\/wp-json\/wp\/v2\/posts\/322302\/revisions"}],"predecessor-version":[{"id":322308,"href":"https:\/\/diariotextual.com\/inicio\/index.php\/wp-json\/wp\/v2\/posts\/322302\/revisions\/322308"}],"wp:featuredmedia":[{"embeddable":true,"href":"https:\/\/diariotextual.com\/inicio\/index.php\/wp-json\/wp\/v2\/media\/322304"}],"wp:attachment":[{"href":"https:\/\/diariotextual.com\/inicio\/index.php\/wp-json\/wp\/v2\/media?parent=322302"}],"wp:term":[{"taxonomy":"category","embeddable":true,"href":"https:\/\/diariotextual.com\/inicio\/index.php\/wp-json\/wp\/v2\/categories?post=322302"},{"taxonomy":"post_tag","embeddable":true,"href":"https:\/\/diariotextual.com\/inicio\/index.php\/wp-json\/wp\/v2\/tags?post=322302"}],"curies":[{"name":"wp","href":"https:\/\/api.w.org\/{rel}","templated":true}]}}