{"id":322309,"date":"2026-03-14T13:57:14","date_gmt":"2026-03-14T16:57:14","guid":{"rendered":"https:\/\/diariotextual.com\/inicio\/?p=322309"},"modified":"2026-03-16T08:09:39","modified_gmt":"2026-03-16T11:09:39","slug":"desde-junio-corpico-dejara-de-comprarle-30-megas-a-clarin-y-se-los-comprara-a-empatel","status":"publish","type":"post","link":"https:\/\/diariotextual.com\/inicio\/index.php\/2026\/03\/14\/desde-junio-corpico-dejara-de-comprarle-30-megas-a-clarin-y-se-los-comprara-a-empatel\/","title":{"rendered":"Desde junio Corpico dejar\u00e1 de comprarle 30 gigas a Clar\u00edn y se los comprar\u00e1 a Empatel"},"content":{"rendered":"\n<p>El presidente de la Cooperativa Regional de Electricidad de General Pico (Corpico), <strong>Miguel Prieto<\/strong>, dijo a <strong>Radio Textual<\/strong> que a partir del <strong><a href=\"https:\/\/diariotextual.com\/inicio\/index.php\/2026\/03\/10\/la-cpe-y-corpico-hacen-alianza-con-empatel-y-empiezan-a-dejar-de-comprar-datos-a-clarin\/\" target=\"_blank\" rel=\"noreferrer noopener\">acuerdo que la entidad firm\u00f3 con la empresa estatal de telecomunicaciones Empatel<\/a><\/strong> la entidad dejar\u00e1 de comprarle 30 gigas a <strong>Clar\u00edn<\/strong> a partir de junio, cuando venza el contrato, para adquirirlos a la empresa pampeana.<\/p>\n\n\n\n<p>Seg\u00fan explic\u00f3, el convenio implica \u201creforzar y profundizar la alianza estrat\u00e9gica que tiene el cooperativismo con el Estado provincial\u201d, a trav\u00e9s de un esquema en el que la cooperativa adquiere capacidad de internet a la empresa pampeana.<\/p>\n\n\n\n<p><strong>Actualmente Corpico compra 15 gigas para General Pico y otros 5 para localidades cercanas, mientras que mantiene un contrato por 30 gigas con Telef\u00f3nica que vence a comienzos de junio. La idea es que, una vez finalizado ese acuerdo, ese volumen pase a adquirirse a la empresa provincial.<\/strong><\/p>\n\n\n\n<p>\u201cVamos a dejar de comprarle esos 30 gigas a Telef\u00f3nica para compr\u00e1rselos a Empatel\u201d, explic\u00f3 Prieto.<\/p>\n\n\n\n<p>El dirigente se\u00f1al\u00f3 que la decisi\u00f3n es posible porque la empresa estatal desarroll\u00f3 infraestructura en el norte de La Pampa que ahora permite ofrecer un buen servicio, algo que anteriormente s\u00f3lo brindaban proveedores privados.<\/p>\n\n\n\n<p>\u201cEn este mercado el volumen es clave. No es lo mismo comprar un giga que comprar 50. Eso va a beneficiar a todo el movimiento cooperativo\u201d, explic\u00f3.<\/p>\n\n\n\n<p>En ese marco, se\u00f1al\u00f3 que el objetivo inmediato es sostener los valores actuales del servicio. \u201cPor lo pronto no vamos a aumentar la tarifa que paga nuestro asociado. Con una inflaci\u00f3n cercana al 3% mensual, poder mantener el mismo precio ya es importante\u201d, sostuvo.<\/p>\n\n\n\n<p>Seg\u00fan indic\u00f3, hoy el servicio de internet en La Pampa tiene un costo promedio unos 2.000 pesos menor que en el resto del pa\u00eds, a pesar de las dificultades que implica la baja densidad poblacional y las grandes distancias de fibra \u00f3ptica.<\/p>\n\n\n\n<p>Prieto destac\u00f3 que el desarrollo de la red de fibra \u00f3ptica provincial es resultado de una pol\u00edtica de Estado sostenida durante distintos gobiernos y del trabajo conjunto entre cooperativas y el Estado.<\/p>\n\n\n\n<p>Actualmente, afirm\u00f3, el 85% de lo que pagan los usuarios por el servicio queda dentro de la provincia, generando empleo y actividad local.<\/p>\n\n\n\n<div style=\"height:100px\" aria-hidden=\"true\" class=\"wp-block-spacer\"><\/div>\n\n\n\n<p><strong>Preocupaci\u00f3n por la morosidad en energ\u00eda<\/strong><\/p>\n\n\n\n<p>Por otra parte, el titular de Corpico advirti\u00f3 que las familias atraviesan cada vez m\u00e1s dificultades para pagar el servicio el\u00e9ctrico.<\/p>\n\n\n\n<p>Explic\u00f3 que el aumento del costo mayorista de la energ\u00eda, que se actualiza mensualmente a nivel nacional, impacta directamente en las facturas.<\/p>\n\n\n\n<p>\u201cLa cooperativa es el \u00faltimo eslab\u00f3n. Nosotros trasladamos un costo que fija la pol\u00edtica energ\u00e9tica nacional\u201d, se\u00f1al\u00f3.<\/p>\n\n\n\n<p>Aunque el porcentaje de morosidad general no creci\u00f3 de manera significativa, s\u00ed aumentaron las dificultades de los usuarios que se atrasan en el pago.<\/p>\n\n\n\n<p>\u201cCuando tienen que venir a reconectar el servicio cada vez les cuesta m\u00e1s. Antes pagaban con tarjeta y ahora muchas veces ya no tienen l\u00edmite porque la usaron para otras cosas, como alimentos\u201d, afirm\u00f3.<\/p>\n\n\n\n<div style=\"height:100px\" aria-hidden=\"true\" class=\"wp-block-spacer\"><\/div>\n\n\n\n<p><strong>Loteos urbanos<\/strong><\/p>\n\n\n\n<p>Prieto record\u00f3 que Corpico presta numerosos servicios en General Pico, varios de ellos concesionados por el municipio, entre ellos alumbrado p\u00fablico, transporte urbano, agua potable y cloacas.<\/p>\n\n\n\n<p>A eso se suman los servicios propios de la cooperativa, como energ\u00eda el\u00e9ctrica, internet, televisi\u00f3n, telefon\u00eda, servicios sociales, enfermer\u00eda y biblioteca.<\/p>\n\n\n\n<p>En los \u00faltimos a\u00f1os tambi\u00e9n comenzaron a desarrollar loteos urbanos junto a propietarios de tierras, donde la cooperativa realiza la infraestructura y luego comercializa parte de los terrenos entre sus asociados.<\/p>\n\n\n\n<p>Seg\u00fan explic\u00f3, uno de los primeros desarrollos en la zona sur de la ciudad permiti\u00f3 que entre 60 y 70 familias construyan sus viviendas en terrenos que originalmente pertenec\u00edan a la cooperativa.<\/p>\n\n\n\n<p>Adem\u00e1s, adelant\u00f3 que en los pr\u00f3ximos d\u00edas se lanzar\u00e1 un nuevo loteo y que ya proyectan otros para diciembre y para el pr\u00f3ximo a\u00f1o, incluso en la localidad de Speluzzi.<\/p>\n","protected":false},"excerpt":{"rendered":"<p>El presidente de la Cooperativa Regional de Electricidad de General Pico (Corpico), Miguel Prieto, dijo a Radio Textual que a partir del acuerdo que la entidad firm\u00f3 con la empresa&hellip;<\/p>\n","protected":false},"author":7,"featured_media":153982,"comment_status":"closed","ping_status":"open","sticky":false,"template":"","format":"standard","meta":{"_acf_changed":false,"footnotes":""},"categories":[1,12],"tags":[],"class_list":["post-322309","post","type-post","status-publish","format-standard","has-post-thumbnail","hentry","category-es-noticia","category-sociedad"],"acf":[],"yoast_head":"<!-- This site is optimized with the Yoast SEO plugin v27.5 - https:\/\/yoast.com\/product\/yoast-seo-wordpress\/ -->\n<title>Desde junio Corpico dejar\u00e1 de comprarle 30 gigas a Clar\u00edn y se los comprar\u00e1 a Empatel - Diario Textual<\/title>\n<meta name=\"robots\" content=\"index, follow, max-snippet:-1, max-image-preview:large, max-video-preview:-1\" \/>\n<link rel=\"canonical\" href=\"https:\/\/diariotextual.com\/inicio\/index.php\/2026\/03\/14\/desde-junio-corpico-dejara-de-comprarle-30-megas-a-clarin-y-se-los-comprara-a-empatel\/\" \/>\n<meta property=\"og:locale\" content=\"es_ES\" \/>\n<meta property=\"og:type\" content=\"article\" \/>\n<meta property=\"og:title\" content=\"Desde junio Corpico dejar\u00e1 de comprarle 30 gigas a Clar\u00edn y se los comprar\u00e1 a Empatel - Diario Textual\" \/>\n<meta property=\"og:description\" content=\"El presidente de la Cooperativa Regional de Electricidad de General Pico (Corpico), Miguel Prieto, dijo a Radio Textual que a partir del acuerdo que la entidad firm\u00f3 con la empresa&hellip;\" \/>\n<meta property=\"og:url\" content=\"https:\/\/diariotextual.com\/inicio\/index.php\/2026\/03\/14\/desde-junio-corpico-dejara-de-comprarle-30-megas-a-clarin-y-se-los-comprara-a-empatel\/\" \/>\n<meta property=\"og:site_name\" content=\"Diario Textual\" \/>\n<meta property=\"article:publisher\" content=\"https:\/\/www.facebook.com\/eltextual\" \/>\n<meta property=\"article:published_time\" content=\"2026-03-14T16:57:14+00:00\" \/>\n<meta property=\"article:modified_time\" content=\"2026-03-16T11:09:39+00:00\" \/>\n<meta property=\"og:image\" content=\"https:\/\/diariotextual.com\/inicio\/wp-content\/uploads\/2021\/07\/internetbandaancha00.jpg\" \/>\n\t<meta property=\"og:image:width\" content=\"960\" \/>\n\t<meta property=\"og:image:height\" content=\"540\" \/>\n\t<meta property=\"og:image:type\" content=\"image\/jpeg\" \/>\n<meta name=\"author\" content=\"diario5\" \/>\n<meta name=\"twitter:card\" content=\"summary_large_image\" \/>\n<meta name=\"twitter:creator\" content=\"@eltextual\" \/>\n<meta name=\"twitter:site\" content=\"@eltextual\" \/>\n<meta name=\"twitter:label1\" content=\"Escrito por\" \/>\n\t<meta name=\"twitter:data1\" content=\"diario5\" \/>\n\t<meta name=\"twitter:label2\" content=\"Tiempo de lectura\" \/>\n\t<meta name=\"twitter:data2\" content=\"4 minutos\" \/>\n<script type=\"application\/ld+json\" class=\"yoast-schema-graph\">{\"@context\":\"https:\\\/\\\/schema.org\",\"@graph\":[{\"@type\":\"Article\",\"@id\":\"https:\\\/\\\/diariotextual.com\\\/inicio\\\/index.php\\\/2026\\\/03\\\/14\\\/desde-junio-corpico-dejara-de-comprarle-30-megas-a-clarin-y-se-los-comprara-a-empatel\\\/#article\",\"isPartOf\":{\"@id\":\"https:\\\/\\\/diariotextual.com\\\/inicio\\\/index.php\\\/2026\\\/03\\\/14\\\/desde-junio-corpico-dejara-de-comprarle-30-megas-a-clarin-y-se-los-comprara-a-empatel\\\/\"},\"author\":{\"name\":\"diario5\",\"@id\":\"https:\\\/\\\/diariotextual.com\\\/inicio\\\/#\\\/schema\\\/person\\\/c7834961ad8b29b1d9cdbf4571299067\"},\"headline\":\"Desde junio Corpico dejar\u00e1 de comprarle 30 gigas a Clar\u00edn y se los comprar\u00e1 a Empatel\",\"datePublished\":\"2026-03-14T16:57:14+00:00\",\"dateModified\":\"2026-03-16T11:09:39+00:00\",\"mainEntityOfPage\":{\"@id\":\"https:\\\/\\\/diariotextual.com\\\/inicio\\\/index.php\\\/2026\\\/03\\\/14\\\/desde-junio-corpico-dejara-de-comprarle-30-megas-a-clarin-y-se-los-comprara-a-empatel\\\/\"},\"wordCount\":673,\"publisher\":{\"@id\":\"https:\\\/\\\/diariotextual.com\\\/inicio\\\/#organization\"},\"image\":{\"@id\":\"https:\\\/\\\/diariotextual.com\\\/inicio\\\/index.php\\\/2026\\\/03\\\/14\\\/desde-junio-corpico-dejara-de-comprarle-30-megas-a-clarin-y-se-los-comprara-a-empatel\\\/#primaryimage\"},\"thumbnailUrl\":\"https:\\\/\\\/diariotextual.com\\\/inicio\\\/wp-content\\\/uploads\\\/2021\\\/07\\\/internetbandaancha00.jpg\",\"articleSection\":[\"A - ES NOTICIA (van abajo)\",\"SOCIEDAD\"],\"inLanguage\":\"es\"},{\"@type\":\"WebPage\",\"@id\":\"https:\\\/\\\/diariotextual.com\\\/inicio\\\/index.php\\\/2026\\\/03\\\/14\\\/desde-junio-corpico-dejara-de-comprarle-30-megas-a-clarin-y-se-los-comprara-a-empatel\\\/\",\"url\":\"https:\\\/\\\/diariotextual.com\\\/inicio\\\/index.php\\\/2026\\\/03\\\/14\\\/desde-junio-corpico-dejara-de-comprarle-30-megas-a-clarin-y-se-los-comprara-a-empatel\\\/\",\"name\":\"Desde junio Corpico dejar\u00e1 de comprarle 30 gigas a Clar\u00edn y se los comprar\u00e1 a Empatel - Diario Textual\",\"isPartOf\":{\"@id\":\"https:\\\/\\\/diariotextual.com\\\/inicio\\\/#website\"},\"primaryImageOfPage\":{\"@id\":\"https:\\\/\\\/diariotextual.com\\\/inicio\\\/index.php\\\/2026\\\/03\\\/14\\\/desde-junio-corpico-dejara-de-comprarle-30-megas-a-clarin-y-se-los-comprara-a-empatel\\\/#primaryimage\"},\"image\":{\"@id\":\"https:\\\/\\\/diariotextual.com\\\/inicio\\\/index.php\\\/2026\\\/03\\\/14\\\/desde-junio-corpico-dejara-de-comprarle-30-megas-a-clarin-y-se-los-comprara-a-empatel\\\/#primaryimage\"},\"thumbnailUrl\":\"https:\\\/\\\/diariotextual.com\\\/inicio\\\/wp-content\\\/uploads\\\/2021\\\/07\\\/internetbandaancha00.jpg\",\"datePublished\":\"2026-03-14T16:57:14+00:00\",\"dateModified\":\"2026-03-16T11:09:39+00:00\",\"breadcrumb\":{\"@id\":\"https:\\\/\\\/diariotextual.com\\\/inicio\\\/index.php\\\/2026\\\/03\\\/14\\\/desde-junio-corpico-dejara-de-comprarle-30-megas-a-clarin-y-se-los-comprara-a-empatel\\\/#breadcrumb\"},\"inLanguage\":\"es\",\"potentialAction\":[{\"@type\":\"ReadAction\",\"target\":[\"https:\\\/\\\/diariotextual.com\\\/inicio\\\/index.php\\\/2026\\\/03\\\/14\\\/desde-junio-corpico-dejara-de-comprarle-30-megas-a-clarin-y-se-los-comprara-a-empatel\\\/\"]}]},{\"@type\":\"ImageObject\",\"inLanguage\":\"es\",\"@id\":\"https:\\\/\\\/diariotextual.com\\\/inicio\\\/index.php\\\/2026\\\/03\\\/14\\\/desde-junio-corpico-dejara-de-comprarle-30-megas-a-clarin-y-se-los-comprara-a-empatel\\\/#primaryimage\",\"url\":\"https:\\\/\\\/diariotextual.com\\\/inicio\\\/wp-content\\\/uploads\\\/2021\\\/07\\\/internetbandaancha00.jpg\",\"contentUrl\":\"https:\\\/\\\/diariotextual.com\\\/inicio\\\/wp-content\\\/uploads\\\/2021\\\/07\\\/internetbandaancha00.jpg\",\"width\":960,\"height\":540},{\"@type\":\"BreadcrumbList\",\"@id\":\"https:\\\/\\\/diariotextual.com\\\/inicio\\\/index.php\\\/2026\\\/03\\\/14\\\/desde-junio-corpico-dejara-de-comprarle-30-megas-a-clarin-y-se-los-comprara-a-empatel\\\/#breadcrumb\",\"itemListElement\":[{\"@type\":\"ListItem\",\"position\":1,\"name\":\"Portada\",\"item\":\"https:\\\/\\\/diariotextual.com\\\/inicio\\\/\"},{\"@type\":\"ListItem\",\"position\":2,\"name\":\"Desde junio Corpico dejar\u00e1 de comprarle 30 gigas a Clar\u00edn y se los comprar\u00e1 a Empatel\"}]},{\"@type\":\"WebSite\",\"@id\":\"https:\\\/\\\/diariotextual.com\\\/inicio\\\/#website\",\"url\":\"https:\\\/\\\/diariotextual.com\\\/inicio\\\/\",\"name\":\"Diario Textual\",\"description\":\"\",\"publisher\":{\"@id\":\"https:\\\/\\\/diariotextual.com\\\/inicio\\\/#organization\"},\"potentialAction\":[{\"@type\":\"SearchAction\",\"target\":{\"@type\":\"EntryPoint\",\"urlTemplate\":\"https:\\\/\\\/diariotextual.com\\\/inicio\\\/?s={search_term_string}\"},\"query-input\":{\"@type\":\"PropertyValueSpecification\",\"valueRequired\":true,\"valueName\":\"search_term_string\"}}],\"inLanguage\":\"es\"},{\"@type\":\"Organization\",\"@id\":\"https:\\\/\\\/diariotextual.com\\\/inicio\\\/#organization\",\"name\":\"Diario Textual\",\"url\":\"https:\\\/\\\/diariotextual.com\\\/inicio\\\/\",\"logo\":{\"@type\":\"ImageObject\",\"inLanguage\":\"es\",\"@id\":\"https:\\\/\\\/diariotextual.com\\\/inicio\\\/#\\\/schema\\\/logo\\\/image\\\/\",\"url\":\"https:\\\/\\\/diariotextual.com\\\/inicio\\\/wp-content\\\/uploads\\\/2023\\\/05\\\/logotextual1.jpg\",\"contentUrl\":\"https:\\\/\\\/diariotextual.com\\\/inicio\\\/wp-content\\\/uploads\\\/2023\\\/05\\\/logotextual1.jpg\",\"width\":516,\"height\":76,\"caption\":\"Diario Textual\"},\"image\":{\"@id\":\"https:\\\/\\\/diariotextual.com\\\/inicio\\\/#\\\/schema\\\/logo\\\/image\\\/\"},\"sameAs\":[\"https:\\\/\\\/www.facebook.com\\\/eltextual\",\"https:\\\/\\\/x.com\\\/eltextual\",\"http:\\\/\\\/www.instagram.com\\\/eltextual\"]},{\"@type\":\"Person\",\"@id\":\"https:\\\/\\\/diariotextual.com\\\/inicio\\\/#\\\/schema\\\/person\\\/c7834961ad8b29b1d9cdbf4571299067\",\"name\":\"diario5\",\"image\":{\"@type\":\"ImageObject\",\"inLanguage\":\"es\",\"@id\":\"https:\\\/\\\/secure.gravatar.com\\\/avatar\\\/948c893b847ca6df68216ead81b63f363408ec9b0f600fefc0641ce78613b111?s=96&d=mm&r=g\",\"url\":\"https:\\\/\\\/secure.gravatar.com\\\/avatar\\\/948c893b847ca6df68216ead81b63f363408ec9b0f600fefc0641ce78613b111?s=96&d=mm&r=g\",\"contentUrl\":\"https:\\\/\\\/secure.gravatar.com\\\/avatar\\\/948c893b847ca6df68216ead81b63f363408ec9b0f600fefc0641ce78613b111?s=96&d=mm&r=g\",\"caption\":\"diario5\"},\"url\":\"https:\\\/\\\/diariotextual.com\\\/inicio\\\/index.php\\\/author\\\/diario5\\\/\"}]}<\/script>\n<!-- \/ Yoast SEO plugin. -->","yoast_head_json":{"title":"Desde junio Corpico dejar\u00e1 de comprarle 30 gigas a Clar\u00edn y se los comprar\u00e1 a Empatel - Diario Textual","robots":{"index":"index","follow":"follow","max-snippet":"max-snippet:-1","max-image-preview":"max-image-preview:large","max-video-preview":"max-video-preview:-1"},"canonical":"https:\/\/diariotextual.com\/inicio\/index.php\/2026\/03\/14\/desde-junio-corpico-dejara-de-comprarle-30-megas-a-clarin-y-se-los-comprara-a-empatel\/","og_locale":"es_ES","og_type":"article","og_title":"Desde junio Corpico dejar\u00e1 de comprarle 30 gigas a Clar\u00edn y se los comprar\u00e1 a Empatel - Diario Textual","og_description":"El presidente de la Cooperativa Regional de Electricidad de General Pico (Corpico), Miguel Prieto, dijo a Radio Textual que a partir del acuerdo que la entidad firm\u00f3 con la empresa&hellip;","og_url":"https:\/\/diariotextual.com\/inicio\/index.php\/2026\/03\/14\/desde-junio-corpico-dejara-de-comprarle-30-megas-a-clarin-y-se-los-comprara-a-empatel\/","og_site_name":"Diario Textual","article_publisher":"https:\/\/www.facebook.com\/eltextual","article_published_time":"2026-03-14T16:57:14+00:00","article_modified_time":"2026-03-16T11:09:39+00:00","og_image":[{"width":960,"height":540,"url":"https:\/\/diariotextual.com\/inicio\/wp-content\/uploads\/2021\/07\/internetbandaancha00.jpg","type":"image\/jpeg"}],"author":"diario5","twitter_card":"summary_large_image","twitter_creator":"@eltextual","twitter_site":"@eltextual","twitter_misc":{"Escrito por":"diario5","Tiempo de lectura":"4 minutos"},"schema":{"@context":"https:\/\/schema.org","@graph":[{"@type":"Article","@id":"https:\/\/diariotextual.com\/inicio\/index.php\/2026\/03\/14\/desde-junio-corpico-dejara-de-comprarle-30-megas-a-clarin-y-se-los-comprara-a-empatel\/#article","isPartOf":{"@id":"https:\/\/diariotextual.com\/inicio\/index.php\/2026\/03\/14\/desde-junio-corpico-dejara-de-comprarle-30-megas-a-clarin-y-se-los-comprara-a-empatel\/"},"author":{"name":"diario5","@id":"https:\/\/diariotextual.com\/inicio\/#\/schema\/person\/c7834961ad8b29b1d9cdbf4571299067"},"headline":"Desde junio Corpico dejar\u00e1 de comprarle 30 gigas a Clar\u00edn y se los comprar\u00e1 a Empatel","datePublished":"2026-03-14T16:57:14+00:00","dateModified":"2026-03-16T11:09:39+00:00","mainEntityOfPage":{"@id":"https:\/\/diariotextual.com\/inicio\/index.php\/2026\/03\/14\/desde-junio-corpico-dejara-de-comprarle-30-megas-a-clarin-y-se-los-comprara-a-empatel\/"},"wordCount":673,"publisher":{"@id":"https:\/\/diariotextual.com\/inicio\/#organization"},"image":{"@id":"https:\/\/diariotextual.com\/inicio\/index.php\/2026\/03\/14\/desde-junio-corpico-dejara-de-comprarle-30-megas-a-clarin-y-se-los-comprara-a-empatel\/#primaryimage"},"thumbnailUrl":"https:\/\/diariotextual.com\/inicio\/wp-content\/uploads\/2021\/07\/internetbandaancha00.jpg","articleSection":["A - ES NOTICIA (van abajo)","SOCIEDAD"],"inLanguage":"es"},{"@type":"WebPage","@id":"https:\/\/diariotextual.com\/inicio\/index.php\/2026\/03\/14\/desde-junio-corpico-dejara-de-comprarle-30-megas-a-clarin-y-se-los-comprara-a-empatel\/","url":"https:\/\/diariotextual.com\/inicio\/index.php\/2026\/03\/14\/desde-junio-corpico-dejara-de-comprarle-30-megas-a-clarin-y-se-los-comprara-a-empatel\/","name":"Desde junio Corpico dejar\u00e1 de comprarle 30 gigas a Clar\u00edn y se los comprar\u00e1 a Empatel - Diario Textual","isPartOf":{"@id":"https:\/\/diariotextual.com\/inicio\/#website"},"primaryImageOfPage":{"@id":"https:\/\/diariotextual.com\/inicio\/index.php\/2026\/03\/14\/desde-junio-corpico-dejara-de-comprarle-30-megas-a-clarin-y-se-los-comprara-a-empatel\/#primaryimage"},"image":{"@id":"https:\/\/diariotextual.com\/inicio\/index.php\/2026\/03\/14\/desde-junio-corpico-dejara-de-comprarle-30-megas-a-clarin-y-se-los-comprara-a-empatel\/#primaryimage"},"thumbnailUrl":"https:\/\/diariotextual.com\/inicio\/wp-content\/uploads\/2021\/07\/internetbandaancha00.jpg","datePublished":"2026-03-14T16:57:14+00:00","dateModified":"2026-03-16T11:09:39+00:00","breadcrumb":{"@id":"https:\/\/diariotextual.com\/inicio\/index.php\/2026\/03\/14\/desde-junio-corpico-dejara-de-comprarle-30-megas-a-clarin-y-se-los-comprara-a-empatel\/#breadcrumb"},"inLanguage":"es","potentialAction":[{"@type":"ReadAction","target":["https:\/\/diariotextual.com\/inicio\/index.php\/2026\/03\/14\/desde-junio-corpico-dejara-de-comprarle-30-megas-a-clarin-y-se-los-comprara-a-empatel\/"]}]},{"@type":"ImageObject","inLanguage":"es","@id":"https:\/\/diariotextual.com\/inicio\/index.php\/2026\/03\/14\/desde-junio-corpico-dejara-de-comprarle-30-megas-a-clarin-y-se-los-comprara-a-empatel\/#primaryimage","url":"https:\/\/diariotextual.com\/inicio\/wp-content\/uploads\/2021\/07\/internetbandaancha00.jpg","contentUrl":"https:\/\/diariotextual.com\/inicio\/wp-content\/uploads\/2021\/07\/internetbandaancha00.jpg","width":960,"height":540},{"@type":"BreadcrumbList","@id":"https:\/\/diariotextual.com\/inicio\/index.php\/2026\/03\/14\/desde-junio-corpico-dejara-de-comprarle-30-megas-a-clarin-y-se-los-comprara-a-empatel\/#breadcrumb","itemListElement":[{"@type":"ListItem","position":1,"name":"Portada","item":"https:\/\/diariotextual.com\/inicio\/"},{"@type":"ListItem","position":2,"name":"Desde junio Corpico dejar\u00e1 de comprarle 30 gigas a Clar\u00edn y se los comprar\u00e1 a Empatel"}]},{"@type":"WebSite","@id":"https:\/\/diariotextual.com\/inicio\/#website","url":"https:\/\/diariotextual.com\/inicio\/","name":"Diario Textual","description":"","publisher":{"@id":"https:\/\/diariotextual.com\/inicio\/#organization"},"potentialAction":[{"@type":"SearchAction","target":{"@type":"EntryPoint","urlTemplate":"https:\/\/diariotextual.com\/inicio\/?s={search_term_string}"},"query-input":{"@type":"PropertyValueSpecification","valueRequired":true,"valueName":"search_term_string"}}],"inLanguage":"es"},{"@type":"Organization","@id":"https:\/\/diariotextual.com\/inicio\/#organization","name":"Diario Textual","url":"https:\/\/diariotextual.com\/inicio\/","logo":{"@type":"ImageObject","inLanguage":"es","@id":"https:\/\/diariotextual.com\/inicio\/#\/schema\/logo\/image\/","url":"https:\/\/diariotextual.com\/inicio\/wp-content\/uploads\/2023\/05\/logotextual1.jpg","contentUrl":"https:\/\/diariotextual.com\/inicio\/wp-content\/uploads\/2023\/05\/logotextual1.jpg","width":516,"height":76,"caption":"Diario Textual"},"image":{"@id":"https:\/\/diariotextual.com\/inicio\/#\/schema\/logo\/image\/"},"sameAs":["https:\/\/www.facebook.com\/eltextual","https:\/\/x.com\/eltextual","http:\/\/www.instagram.com\/eltextual"]},{"@type":"Person","@id":"https:\/\/diariotextual.com\/inicio\/#\/schema\/person\/c7834961ad8b29b1d9cdbf4571299067","name":"diario5","image":{"@type":"ImageObject","inLanguage":"es","@id":"https:\/\/secure.gravatar.com\/avatar\/948c893b847ca6df68216ead81b63f363408ec9b0f600fefc0641ce78613b111?s=96&d=mm&r=g","url":"https:\/\/secure.gravatar.com\/avatar\/948c893b847ca6df68216ead81b63f363408ec9b0f600fefc0641ce78613b111?s=96&d=mm&r=g","contentUrl":"https:\/\/secure.gravatar.com\/avatar\/948c893b847ca6df68216ead81b63f363408ec9b0f600fefc0641ce78613b111?s=96&d=mm&r=g","caption":"diario5"},"url":"https:\/\/diariotextual.com\/inicio\/index.php\/author\/diario5\/"}]}},"_links":{"self":[{"href":"https:\/\/diariotextual.com\/inicio\/index.php\/wp-json\/wp\/v2\/posts\/322309","targetHints":{"allow":["GET"]}}],"collection":[{"href":"https:\/\/diariotextual.com\/inicio\/index.php\/wp-json\/wp\/v2\/posts"}],"about":[{"href":"https:\/\/diariotextual.com\/inicio\/index.php\/wp-json\/wp\/v2\/types\/post"}],"author":[{"embeddable":true,"href":"https:\/\/diariotextual.com\/inicio\/index.php\/wp-json\/wp\/v2\/users\/7"}],"replies":[{"embeddable":true,"href":"https:\/\/diariotextual.com\/inicio\/index.php\/wp-json\/wp\/v2\/comments?post=322309"}],"version-history":[{"count":5,"href":"https:\/\/diariotextual.com\/inicio\/index.php\/wp-json\/wp\/v2\/posts\/322309\/revisions"}],"predecessor-version":[{"id":322324,"href":"https:\/\/diariotextual.com\/inicio\/index.php\/wp-json\/wp\/v2\/posts\/322309\/revisions\/322324"}],"wp:featuredmedia":[{"embeddable":true,"href":"https:\/\/diariotextual.com\/inicio\/index.php\/wp-json\/wp\/v2\/media\/153982"}],"wp:attachment":[{"href":"https:\/\/diariotextual.com\/inicio\/index.php\/wp-json\/wp\/v2\/media?parent=322309"}],"wp:term":[{"taxonomy":"category","embeddable":true,"href":"https:\/\/diariotextual.com\/inicio\/index.php\/wp-json\/wp\/v2\/categories?post=322309"},{"taxonomy":"post_tag","embeddable":true,"href":"https:\/\/diariotextual.com\/inicio\/index.php\/wp-json\/wp\/v2\/tags?post=322309"}],"curies":[{"name":"wp","href":"https:\/\/api.w.org\/{rel}","templated":true}]}}