{"id":322313,"date":"2026-03-14T14:19:06","date_gmt":"2026-03-14T17:19:06","guid":{"rendered":"https:\/\/diariotextual.com\/inicio\/?p=322313"},"modified":"2026-03-16T09:29:18","modified_gmt":"2026-03-16T12:29:18","slug":"universidades-alpa-aviso-que-se-viene-un-fuerte-conflicto-por-el-financiamiento-y-la-falta-de-paritarias","status":"publish","type":"post","link":"https:\/\/diariotextual.com\/inicio\/index.php\/2026\/03\/14\/universidades-alpa-aviso-que-se-viene-un-fuerte-conflicto-por-el-financiamiento-y-la-falta-de-paritarias\/","title":{"rendered":"Universidades: Alpa avis\u00f3 que se viene un \u201cfuerte conflicto\u201d por el financiamiento y la falta de paritarias"},"content":{"rendered":"\n<p>El rector de la Universidad Nacional de La Pampa (UNLPam) y presidente del Consejo Interuniversitario Nacional (CIN),<strong> Oscar Alpa<\/strong>, advirti\u00f3 a<strong> Radio Textual<\/strong> que el <strong>sistema universitario p\u00fablico<\/strong> se encamina a un a\u00f1o de <strong>fuerte conflicto en 2026<\/strong>, debido a la falta de cumplimiento de la ley de financiamiento universitario, la ausencia de paritarias y la ca\u00edda del poder adquisitivo de docentes y no docentes.<\/p>\n\n\n\n<p>\u201cEl segundo cuatrimestre del a\u00f1o pasado ya anticip\u00e1bamos que iba a ser conflictivo\u201d, dijo Alpa. Seg\u00fan explic\u00f3, el Congreso aprob\u00f3 la Ley de Financiamiento Universitario con m\u00e1s de dos tercios en ambas c\u00e1maras luego del veto presidencial, pero el Poder Ejecutivo decidi\u00f3 no aplicarla.<\/p>\n\n\n\n<p>\u201cEs algo inconcebible constitucionalmente que alguien no quiera cumplir una ley. El Poder Ejecutivo dijo directamente que no la iba a aplicar y la suspendi\u00f3, como si tuviera poder para hacerlo\u201d, se\u00f1al\u00f3.<\/p>\n\n\n\n<p>Ante esa situaci\u00f3n, el CIN y 49 universidades nacionales presentaron una demanda judicial para exigir la implementaci\u00f3n de la ley. El 23 de diciembre obtuvieron un primer fallo favorable que consider\u00f3 inconstitucional frenar una ley mediante un decreto.<\/p>\n\n\n\n<p>Sin embargo, el Gobierno apel\u00f3 la decisi\u00f3n, por lo que el expediente ahora se encuentra en una instancia superior. Adem\u00e1s, seg\u00fan explic\u00f3 el rector, el Estado nacional incluso lleg\u00f3 a recusar al juez del caso por ser docente universitario, un planteo que fue rechazado.<\/p>\n\n\n\n<p>\u201cTodos los jueces pueden ser docentes porque es una actividad permitida. La C\u00e1mara desestim\u00f3 esa recusaci\u00f3n\u201d, indic\u00f3.<\/p>\n\n\n\n<div style=\"height:100px\" aria-hidden=\"true\" class=\"wp-block-spacer\"><\/div>\n\n\n\n<p><strong>Salarios deteriorados y sin negociaci\u00f3n<\/strong><\/p>\n\n\n\n<p>Alpa describi\u00f3 un escenario cr\u00edtico en materia salarial dentro del sistema universitario. Asegur\u00f3 que los docentes y no docentes acumulan una p\u00e9rdida cercana al 40% del poder adquisitivo y que el Gobierno no convoc\u00f3 a nuevas paritarias.<\/p>\n\n\n\n<p>\u201cNo hay perspectiva, no hay un planteo. No hay una paritaria donde se sienten y propongan algo\u201d, afirm\u00f3.<\/p>\n\n\n\n<p>Adem\u00e1s, cuestion\u00f3 un borrador de proyecto oficial sobre financiamiento universitario que, seg\u00fan explic\u00f3, mantendr\u00eda formalmente la ley vigente pero sin recursos reales para aplicarla.<\/p>\n\n\n\n<p>\u201cEs dejar la ley vac\u00eda. Donde dice 40% ponen cero. Es lo mismo que derogarla\u201d, sostuvo.<\/p>\n\n\n\n<div style=\"height:100px\" aria-hidden=\"true\" class=\"wp-block-spacer\"><\/div>\n\n\n\n<p><strong>Posible marcha federal<\/strong><\/p>\n\n\n\n<p>En este contexto, los gremios docentes y no docentes eval\u00faan medidas de fuerza y acciones de visibilizaci\u00f3n. Una de las posibilidades es convocar a una nueva marcha federal universitaria alrededor del 23 de abril, fecha en que se realiz\u00f3 la primera gran movilizaci\u00f3n en defensa de la universidad p\u00fablica en 2024.<\/p>\n\n\n\n<p>La iniciativa es analizada por las federaciones sindicales del sector, entre ellas CONADU, CONADU Hist\u00f3rica, FEDUN y la federaci\u00f3n no docente FATUN.<\/p>\n\n\n\n<p>\u201cEl sistema universitario est\u00e1 angustiado porque no hay perspectiva\u201d, afirm\u00f3 Alpa.<\/p>\n\n\n\n<div style=\"height:100px\" aria-hidden=\"true\" class=\"wp-block-spacer\"><\/div>\n\n\n\n<p><strong>\u201cUn actor inc\u00f3modo para el Gobierno\u201d <\/strong><\/p>\n\n\n\n<p>El rector tambi\u00e9n vincul\u00f3 el conflicto con la pol\u00edtica general de ajuste del Gobierno nacional. Seg\u00fan dijo, la administraci\u00f3n busca reducir en un 30% el tama\u00f1o del Estado y eso impacta en las universidades.<\/p>\n\n\n\n<p>\u201cComo no se puede reducir la planta docente por la autonom\u00eda universitaria, se baja el salario. El resultado es el mismo: un sistema cada vez m\u00e1s empobrecido\u201d, expres\u00f3.<\/p>\n\n\n\n<p>Alpa consider\u00f3 que el sistema universitario se convirti\u00f3 en un actor inc\u00f3modo para el oficialismo despu\u00e9s de las masivas movilizaciones de los \u00faltimos a\u00f1os.<\/p>\n\n\n\n<p>\u201cPara ellos somos la oposici\u00f3n que quiso voltear al gobierno. Pero lo \u00fanico que queremos es que funcione la universidad p\u00fablica\u201d, concluy\u00f3.<\/p>\n","protected":false},"excerpt":{"rendered":"<p>El rector de la Universidad Nacional de La Pampa (UNLPam) y presidente del Consejo Interuniversitario Nacional (CIN), Oscar Alpa, advirti\u00f3 a Radio Textual que el sistema universitario p\u00fablico se encamina&hellip;<\/p>\n","protected":false},"author":7,"featured_media":307546,"comment_status":"closed","ping_status":"open","sticky":false,"template":"","format":"standard","meta":{"_acf_changed":false,"footnotes":""},"categories":[1,12],"tags":[],"class_list":["post-322313","post","type-post","status-publish","format-standard","has-post-thumbnail","hentry","category-es-noticia","category-sociedad"],"acf":[],"yoast_head":"<!-- This site is optimized with the Yoast SEO plugin v27.5 - https:\/\/yoast.com\/product\/yoast-seo-wordpress\/ -->\n<title>Universidades: Alpa avis\u00f3 que se viene un \u201cfuerte conflicto\u201d por el financiamiento y la falta de paritarias - Diario Textual<\/title>\n<meta name=\"robots\" content=\"index, follow, max-snippet:-1, max-image-preview:large, max-video-preview:-1\" \/>\n<link rel=\"canonical\" href=\"https:\/\/diariotextual.com\/inicio\/index.php\/2026\/03\/14\/universidades-alpa-aviso-que-se-viene-un-fuerte-conflicto-por-el-financiamiento-y-la-falta-de-paritarias\/\" \/>\n<meta property=\"og:locale\" content=\"es_ES\" \/>\n<meta property=\"og:type\" content=\"article\" \/>\n<meta property=\"og:title\" content=\"Universidades: Alpa avis\u00f3 que se viene un \u201cfuerte conflicto\u201d por el financiamiento y la falta de paritarias - Diario Textual\" \/>\n<meta property=\"og:description\" content=\"El rector de la Universidad Nacional de La Pampa (UNLPam) y presidente del Consejo Interuniversitario Nacional (CIN), Oscar Alpa, advirti\u00f3 a Radio Textual que el sistema universitario p\u00fablico se encamina&hellip;\" \/>\n<meta property=\"og:url\" content=\"https:\/\/diariotextual.com\/inicio\/index.php\/2026\/03\/14\/universidades-alpa-aviso-que-se-viene-un-fuerte-conflicto-por-el-financiamiento-y-la-falta-de-paritarias\/\" \/>\n<meta property=\"og:site_name\" content=\"Diario Textual\" \/>\n<meta property=\"article:publisher\" content=\"https:\/\/www.facebook.com\/eltextual\" \/>\n<meta property=\"article:published_time\" content=\"2026-03-14T17:19:06+00:00\" \/>\n<meta property=\"article:modified_time\" content=\"2026-03-16T12:29:18+00:00\" \/>\n<meta property=\"og:image\" content=\"https:\/\/diariotextual.com\/inicio\/wp-content\/uploads\/2025\/09\/marchafederaluniversitariunlpamsantarosa17septiembre2025-2.jpg\" \/>\n\t<meta property=\"og:image:width\" content=\"1400\" \/>\n\t<meta property=\"og:image:height\" content=\"900\" \/>\n\t<meta property=\"og:image:type\" content=\"image\/jpeg\" \/>\n<meta name=\"author\" content=\"diario5\" \/>\n<meta name=\"twitter:card\" content=\"summary_large_image\" \/>\n<meta name=\"twitter:creator\" content=\"@eltextual\" \/>\n<meta name=\"twitter:site\" content=\"@eltextual\" \/>\n<meta name=\"twitter:label1\" content=\"Escrito por\" \/>\n\t<meta name=\"twitter:data1\" content=\"diario5\" \/>\n\t<meta name=\"twitter:label2\" content=\"Tiempo de lectura\" \/>\n\t<meta name=\"twitter:data2\" content=\"3 minutos\" \/>\n<script type=\"application\/ld+json\" class=\"yoast-schema-graph\">{\"@context\":\"https:\\\/\\\/schema.org\",\"@graph\":[{\"@type\":\"Article\",\"@id\":\"https:\\\/\\\/diariotextual.com\\\/inicio\\\/index.php\\\/2026\\\/03\\\/14\\\/universidades-alpa-aviso-que-se-viene-un-fuerte-conflicto-por-el-financiamiento-y-la-falta-de-paritarias\\\/#article\",\"isPartOf\":{\"@id\":\"https:\\\/\\\/diariotextual.com\\\/inicio\\\/index.php\\\/2026\\\/03\\\/14\\\/universidades-alpa-aviso-que-se-viene-un-fuerte-conflicto-por-el-financiamiento-y-la-falta-de-paritarias\\\/\"},\"author\":{\"name\":\"diario5\",\"@id\":\"https:\\\/\\\/diariotextual.com\\\/inicio\\\/#\\\/schema\\\/person\\\/c7834961ad8b29b1d9cdbf4571299067\"},\"headline\":\"Universidades: Alpa avis\u00f3 que se viene un \u201cfuerte conflicto\u201d por el financiamiento y la falta de paritarias\",\"datePublished\":\"2026-03-14T17:19:06+00:00\",\"dateModified\":\"2026-03-16T12:29:18+00:00\",\"mainEntityOfPage\":{\"@id\":\"https:\\\/\\\/diariotextual.com\\\/inicio\\\/index.php\\\/2026\\\/03\\\/14\\\/universidades-alpa-aviso-que-se-viene-un-fuerte-conflicto-por-el-financiamiento-y-la-falta-de-paritarias\\\/\"},\"wordCount\":592,\"publisher\":{\"@id\":\"https:\\\/\\\/diariotextual.com\\\/inicio\\\/#organization\"},\"image\":{\"@id\":\"https:\\\/\\\/diariotextual.com\\\/inicio\\\/index.php\\\/2026\\\/03\\\/14\\\/universidades-alpa-aviso-que-se-viene-un-fuerte-conflicto-por-el-financiamiento-y-la-falta-de-paritarias\\\/#primaryimage\"},\"thumbnailUrl\":\"https:\\\/\\\/diariotextual.com\\\/inicio\\\/wp-content\\\/uploads\\\/2025\\\/09\\\/marchafederaluniversitariunlpamsantarosa17septiembre2025-2.jpg\",\"articleSection\":[\"A - ES NOTICIA (van abajo)\",\"SOCIEDAD\"],\"inLanguage\":\"es\"},{\"@type\":\"WebPage\",\"@id\":\"https:\\\/\\\/diariotextual.com\\\/inicio\\\/index.php\\\/2026\\\/03\\\/14\\\/universidades-alpa-aviso-que-se-viene-un-fuerte-conflicto-por-el-financiamiento-y-la-falta-de-paritarias\\\/\",\"url\":\"https:\\\/\\\/diariotextual.com\\\/inicio\\\/index.php\\\/2026\\\/03\\\/14\\\/universidades-alpa-aviso-que-se-viene-un-fuerte-conflicto-por-el-financiamiento-y-la-falta-de-paritarias\\\/\",\"name\":\"Universidades: Alpa avis\u00f3 que se viene un \u201cfuerte conflicto\u201d por el financiamiento y la falta de paritarias - Diario Textual\",\"isPartOf\":{\"@id\":\"https:\\\/\\\/diariotextual.com\\\/inicio\\\/#website\"},\"primaryImageOfPage\":{\"@id\":\"https:\\\/\\\/diariotextual.com\\\/inicio\\\/index.php\\\/2026\\\/03\\\/14\\\/universidades-alpa-aviso-que-se-viene-un-fuerte-conflicto-por-el-financiamiento-y-la-falta-de-paritarias\\\/#primaryimage\"},\"image\":{\"@id\":\"https:\\\/\\\/diariotextual.com\\\/inicio\\\/index.php\\\/2026\\\/03\\\/14\\\/universidades-alpa-aviso-que-se-viene-un-fuerte-conflicto-por-el-financiamiento-y-la-falta-de-paritarias\\\/#primaryimage\"},\"thumbnailUrl\":\"https:\\\/\\\/diariotextual.com\\\/inicio\\\/wp-content\\\/uploads\\\/2025\\\/09\\\/marchafederaluniversitariunlpamsantarosa17septiembre2025-2.jpg\",\"datePublished\":\"2026-03-14T17:19:06+00:00\",\"dateModified\":\"2026-03-16T12:29:18+00:00\",\"breadcrumb\":{\"@id\":\"https:\\\/\\\/diariotextual.com\\\/inicio\\\/index.php\\\/2026\\\/03\\\/14\\\/universidades-alpa-aviso-que-se-viene-un-fuerte-conflicto-por-el-financiamiento-y-la-falta-de-paritarias\\\/#breadcrumb\"},\"inLanguage\":\"es\",\"potentialAction\":[{\"@type\":\"ReadAction\",\"target\":[\"https:\\\/\\\/diariotextual.com\\\/inicio\\\/index.php\\\/2026\\\/03\\\/14\\\/universidades-alpa-aviso-que-se-viene-un-fuerte-conflicto-por-el-financiamiento-y-la-falta-de-paritarias\\\/\"]}]},{\"@type\":\"ImageObject\",\"inLanguage\":\"es\",\"@id\":\"https:\\\/\\\/diariotextual.com\\\/inicio\\\/index.php\\\/2026\\\/03\\\/14\\\/universidades-alpa-aviso-que-se-viene-un-fuerte-conflicto-por-el-financiamiento-y-la-falta-de-paritarias\\\/#primaryimage\",\"url\":\"https:\\\/\\\/diariotextual.com\\\/inicio\\\/wp-content\\\/uploads\\\/2025\\\/09\\\/marchafederaluniversitariunlpamsantarosa17septiembre2025-2.jpg\",\"contentUrl\":\"https:\\\/\\\/diariotextual.com\\\/inicio\\\/wp-content\\\/uploads\\\/2025\\\/09\\\/marchafederaluniversitariunlpamsantarosa17septiembre2025-2.jpg\",\"width\":1400,\"height\":900},{\"@type\":\"BreadcrumbList\",\"@id\":\"https:\\\/\\\/diariotextual.com\\\/inicio\\\/index.php\\\/2026\\\/03\\\/14\\\/universidades-alpa-aviso-que-se-viene-un-fuerte-conflicto-por-el-financiamiento-y-la-falta-de-paritarias\\\/#breadcrumb\",\"itemListElement\":[{\"@type\":\"ListItem\",\"position\":1,\"name\":\"Portada\",\"item\":\"https:\\\/\\\/diariotextual.com\\\/inicio\\\/\"},{\"@type\":\"ListItem\",\"position\":2,\"name\":\"Universidades: Alpa avis\u00f3 que se viene un \u201cfuerte conflicto\u201d por el financiamiento y la falta de paritarias\"}]},{\"@type\":\"WebSite\",\"@id\":\"https:\\\/\\\/diariotextual.com\\\/inicio\\\/#website\",\"url\":\"https:\\\/\\\/diariotextual.com\\\/inicio\\\/\",\"name\":\"Diario Textual\",\"description\":\"\",\"publisher\":{\"@id\":\"https:\\\/\\\/diariotextual.com\\\/inicio\\\/#organization\"},\"potentialAction\":[{\"@type\":\"SearchAction\",\"target\":{\"@type\":\"EntryPoint\",\"urlTemplate\":\"https:\\\/\\\/diariotextual.com\\\/inicio\\\/?s={search_term_string}\"},\"query-input\":{\"@type\":\"PropertyValueSpecification\",\"valueRequired\":true,\"valueName\":\"search_term_string\"}}],\"inLanguage\":\"es\"},{\"@type\":\"Organization\",\"@id\":\"https:\\\/\\\/diariotextual.com\\\/inicio\\\/#organization\",\"name\":\"Diario Textual\",\"url\":\"https:\\\/\\\/diariotextual.com\\\/inicio\\\/\",\"logo\":{\"@type\":\"ImageObject\",\"inLanguage\":\"es\",\"@id\":\"https:\\\/\\\/diariotextual.com\\\/inicio\\\/#\\\/schema\\\/logo\\\/image\\\/\",\"url\":\"https:\\\/\\\/diariotextual.com\\\/inicio\\\/wp-content\\\/uploads\\\/2023\\\/05\\\/logotextual1.jpg\",\"contentUrl\":\"https:\\\/\\\/diariotextual.com\\\/inicio\\\/wp-content\\\/uploads\\\/2023\\\/05\\\/logotextual1.jpg\",\"width\":516,\"height\":76,\"caption\":\"Diario Textual\"},\"image\":{\"@id\":\"https:\\\/\\\/diariotextual.com\\\/inicio\\\/#\\\/schema\\\/logo\\\/image\\\/\"},\"sameAs\":[\"https:\\\/\\\/www.facebook.com\\\/eltextual\",\"https:\\\/\\\/x.com\\\/eltextual\",\"http:\\\/\\\/www.instagram.com\\\/eltextual\"]},{\"@type\":\"Person\",\"@id\":\"https:\\\/\\\/diariotextual.com\\\/inicio\\\/#\\\/schema\\\/person\\\/c7834961ad8b29b1d9cdbf4571299067\",\"name\":\"diario5\",\"image\":{\"@type\":\"ImageObject\",\"inLanguage\":\"es\",\"@id\":\"https:\\\/\\\/secure.gravatar.com\\\/avatar\\\/948c893b847ca6df68216ead81b63f363408ec9b0f600fefc0641ce78613b111?s=96&d=mm&r=g\",\"url\":\"https:\\\/\\\/secure.gravatar.com\\\/avatar\\\/948c893b847ca6df68216ead81b63f363408ec9b0f600fefc0641ce78613b111?s=96&d=mm&r=g\",\"contentUrl\":\"https:\\\/\\\/secure.gravatar.com\\\/avatar\\\/948c893b847ca6df68216ead81b63f363408ec9b0f600fefc0641ce78613b111?s=96&d=mm&r=g\",\"caption\":\"diario5\"},\"url\":\"https:\\\/\\\/diariotextual.com\\\/inicio\\\/index.php\\\/author\\\/diario5\\\/\"}]}<\/script>\n<!-- \/ Yoast SEO plugin. -->","yoast_head_json":{"title":"Universidades: Alpa avis\u00f3 que se viene un \u201cfuerte conflicto\u201d por el financiamiento y la falta de paritarias - Diario Textual","robots":{"index":"index","follow":"follow","max-snippet":"max-snippet:-1","max-image-preview":"max-image-preview:large","max-video-preview":"max-video-preview:-1"},"canonical":"https:\/\/diariotextual.com\/inicio\/index.php\/2026\/03\/14\/universidades-alpa-aviso-que-se-viene-un-fuerte-conflicto-por-el-financiamiento-y-la-falta-de-paritarias\/","og_locale":"es_ES","og_type":"article","og_title":"Universidades: Alpa avis\u00f3 que se viene un \u201cfuerte conflicto\u201d por el financiamiento y la falta de paritarias - Diario Textual","og_description":"El rector de la Universidad Nacional de La Pampa (UNLPam) y presidente del Consejo Interuniversitario Nacional (CIN), Oscar Alpa, advirti\u00f3 a Radio Textual que el sistema universitario p\u00fablico se encamina&hellip;","og_url":"https:\/\/diariotextual.com\/inicio\/index.php\/2026\/03\/14\/universidades-alpa-aviso-que-se-viene-un-fuerte-conflicto-por-el-financiamiento-y-la-falta-de-paritarias\/","og_site_name":"Diario Textual","article_publisher":"https:\/\/www.facebook.com\/eltextual","article_published_time":"2026-03-14T17:19:06+00:00","article_modified_time":"2026-03-16T12:29:18+00:00","og_image":[{"width":1400,"height":900,"url":"https:\/\/diariotextual.com\/inicio\/wp-content\/uploads\/2025\/09\/marchafederaluniversitariunlpamsantarosa17septiembre2025-2.jpg","type":"image\/jpeg"}],"author":"diario5","twitter_card":"summary_large_image","twitter_creator":"@eltextual","twitter_site":"@eltextual","twitter_misc":{"Escrito por":"diario5","Tiempo de lectura":"3 minutos"},"schema":{"@context":"https:\/\/schema.org","@graph":[{"@type":"Article","@id":"https:\/\/diariotextual.com\/inicio\/index.php\/2026\/03\/14\/universidades-alpa-aviso-que-se-viene-un-fuerte-conflicto-por-el-financiamiento-y-la-falta-de-paritarias\/#article","isPartOf":{"@id":"https:\/\/diariotextual.com\/inicio\/index.php\/2026\/03\/14\/universidades-alpa-aviso-que-se-viene-un-fuerte-conflicto-por-el-financiamiento-y-la-falta-de-paritarias\/"},"author":{"name":"diario5","@id":"https:\/\/diariotextual.com\/inicio\/#\/schema\/person\/c7834961ad8b29b1d9cdbf4571299067"},"headline":"Universidades: Alpa avis\u00f3 que se viene un \u201cfuerte conflicto\u201d por el financiamiento y la falta de paritarias","datePublished":"2026-03-14T17:19:06+00:00","dateModified":"2026-03-16T12:29:18+00:00","mainEntityOfPage":{"@id":"https:\/\/diariotextual.com\/inicio\/index.php\/2026\/03\/14\/universidades-alpa-aviso-que-se-viene-un-fuerte-conflicto-por-el-financiamiento-y-la-falta-de-paritarias\/"},"wordCount":592,"publisher":{"@id":"https:\/\/diariotextual.com\/inicio\/#organization"},"image":{"@id":"https:\/\/diariotextual.com\/inicio\/index.php\/2026\/03\/14\/universidades-alpa-aviso-que-se-viene-un-fuerte-conflicto-por-el-financiamiento-y-la-falta-de-paritarias\/#primaryimage"},"thumbnailUrl":"https:\/\/diariotextual.com\/inicio\/wp-content\/uploads\/2025\/09\/marchafederaluniversitariunlpamsantarosa17septiembre2025-2.jpg","articleSection":["A - ES NOTICIA (van abajo)","SOCIEDAD"],"inLanguage":"es"},{"@type":"WebPage","@id":"https:\/\/diariotextual.com\/inicio\/index.php\/2026\/03\/14\/universidades-alpa-aviso-que-se-viene-un-fuerte-conflicto-por-el-financiamiento-y-la-falta-de-paritarias\/","url":"https:\/\/diariotextual.com\/inicio\/index.php\/2026\/03\/14\/universidades-alpa-aviso-que-se-viene-un-fuerte-conflicto-por-el-financiamiento-y-la-falta-de-paritarias\/","name":"Universidades: Alpa avis\u00f3 que se viene un \u201cfuerte conflicto\u201d por el financiamiento y la falta de paritarias - Diario Textual","isPartOf":{"@id":"https:\/\/diariotextual.com\/inicio\/#website"},"primaryImageOfPage":{"@id":"https:\/\/diariotextual.com\/inicio\/index.php\/2026\/03\/14\/universidades-alpa-aviso-que-se-viene-un-fuerte-conflicto-por-el-financiamiento-y-la-falta-de-paritarias\/#primaryimage"},"image":{"@id":"https:\/\/diariotextual.com\/inicio\/index.php\/2026\/03\/14\/universidades-alpa-aviso-que-se-viene-un-fuerte-conflicto-por-el-financiamiento-y-la-falta-de-paritarias\/#primaryimage"},"thumbnailUrl":"https:\/\/diariotextual.com\/inicio\/wp-content\/uploads\/2025\/09\/marchafederaluniversitariunlpamsantarosa17septiembre2025-2.jpg","datePublished":"2026-03-14T17:19:06+00:00","dateModified":"2026-03-16T12:29:18+00:00","breadcrumb":{"@id":"https:\/\/diariotextual.com\/inicio\/index.php\/2026\/03\/14\/universidades-alpa-aviso-que-se-viene-un-fuerte-conflicto-por-el-financiamiento-y-la-falta-de-paritarias\/#breadcrumb"},"inLanguage":"es","potentialAction":[{"@type":"ReadAction","target":["https:\/\/diariotextual.com\/inicio\/index.php\/2026\/03\/14\/universidades-alpa-aviso-que-se-viene-un-fuerte-conflicto-por-el-financiamiento-y-la-falta-de-paritarias\/"]}]},{"@type":"ImageObject","inLanguage":"es","@id":"https:\/\/diariotextual.com\/inicio\/index.php\/2026\/03\/14\/universidades-alpa-aviso-que-se-viene-un-fuerte-conflicto-por-el-financiamiento-y-la-falta-de-paritarias\/#primaryimage","url":"https:\/\/diariotextual.com\/inicio\/wp-content\/uploads\/2025\/09\/marchafederaluniversitariunlpamsantarosa17septiembre2025-2.jpg","contentUrl":"https:\/\/diariotextual.com\/inicio\/wp-content\/uploads\/2025\/09\/marchafederaluniversitariunlpamsantarosa17septiembre2025-2.jpg","width":1400,"height":900},{"@type":"BreadcrumbList","@id":"https:\/\/diariotextual.com\/inicio\/index.php\/2026\/03\/14\/universidades-alpa-aviso-que-se-viene-un-fuerte-conflicto-por-el-financiamiento-y-la-falta-de-paritarias\/#breadcrumb","itemListElement":[{"@type":"ListItem","position":1,"name":"Portada","item":"https:\/\/diariotextual.com\/inicio\/"},{"@type":"ListItem","position":2,"name":"Universidades: Alpa avis\u00f3 que se viene un \u201cfuerte conflicto\u201d por el financiamiento y la falta de paritarias"}]},{"@type":"WebSite","@id":"https:\/\/diariotextual.com\/inicio\/#website","url":"https:\/\/diariotextual.com\/inicio\/","name":"Diario Textual","description":"","publisher":{"@id":"https:\/\/diariotextual.com\/inicio\/#organization"},"potentialAction":[{"@type":"SearchAction","target":{"@type":"EntryPoint","urlTemplate":"https:\/\/diariotextual.com\/inicio\/?s={search_term_string}"},"query-input":{"@type":"PropertyValueSpecification","valueRequired":true,"valueName":"search_term_string"}}],"inLanguage":"es"},{"@type":"Organization","@id":"https:\/\/diariotextual.com\/inicio\/#organization","name":"Diario Textual","url":"https:\/\/diariotextual.com\/inicio\/","logo":{"@type":"ImageObject","inLanguage":"es","@id":"https:\/\/diariotextual.com\/inicio\/#\/schema\/logo\/image\/","url":"https:\/\/diariotextual.com\/inicio\/wp-content\/uploads\/2023\/05\/logotextual1.jpg","contentUrl":"https:\/\/diariotextual.com\/inicio\/wp-content\/uploads\/2023\/05\/logotextual1.jpg","width":516,"height":76,"caption":"Diario Textual"},"image":{"@id":"https:\/\/diariotextual.com\/inicio\/#\/schema\/logo\/image\/"},"sameAs":["https:\/\/www.facebook.com\/eltextual","https:\/\/x.com\/eltextual","http:\/\/www.instagram.com\/eltextual"]},{"@type":"Person","@id":"https:\/\/diariotextual.com\/inicio\/#\/schema\/person\/c7834961ad8b29b1d9cdbf4571299067","name":"diario5","image":{"@type":"ImageObject","inLanguage":"es","@id":"https:\/\/secure.gravatar.com\/avatar\/948c893b847ca6df68216ead81b63f363408ec9b0f600fefc0641ce78613b111?s=96&d=mm&r=g","url":"https:\/\/secure.gravatar.com\/avatar\/948c893b847ca6df68216ead81b63f363408ec9b0f600fefc0641ce78613b111?s=96&d=mm&r=g","contentUrl":"https:\/\/secure.gravatar.com\/avatar\/948c893b847ca6df68216ead81b63f363408ec9b0f600fefc0641ce78613b111?s=96&d=mm&r=g","caption":"diario5"},"url":"https:\/\/diariotextual.com\/inicio\/index.php\/author\/diario5\/"}]}},"_links":{"self":[{"href":"https:\/\/diariotextual.com\/inicio\/index.php\/wp-json\/wp\/v2\/posts\/322313","targetHints":{"allow":["GET"]}}],"collection":[{"href":"https:\/\/diariotextual.com\/inicio\/index.php\/wp-json\/wp\/v2\/posts"}],"about":[{"href":"https:\/\/diariotextual.com\/inicio\/index.php\/wp-json\/wp\/v2\/types\/post"}],"author":[{"embeddable":true,"href":"https:\/\/diariotextual.com\/inicio\/index.php\/wp-json\/wp\/v2\/users\/7"}],"replies":[{"embeddable":true,"href":"https:\/\/diariotextual.com\/inicio\/index.php\/wp-json\/wp\/v2\/comments?post=322313"}],"version-history":[{"count":1,"href":"https:\/\/diariotextual.com\/inicio\/index.php\/wp-json\/wp\/v2\/posts\/322313\/revisions"}],"predecessor-version":[{"id":322314,"href":"https:\/\/diariotextual.com\/inicio\/index.php\/wp-json\/wp\/v2\/posts\/322313\/revisions\/322314"}],"wp:featuredmedia":[{"embeddable":true,"href":"https:\/\/diariotextual.com\/inicio\/index.php\/wp-json\/wp\/v2\/media\/307546"}],"wp:attachment":[{"href":"https:\/\/diariotextual.com\/inicio\/index.php\/wp-json\/wp\/v2\/media?parent=322313"}],"wp:term":[{"taxonomy":"category","embeddable":true,"href":"https:\/\/diariotextual.com\/inicio\/index.php\/wp-json\/wp\/v2\/categories?post=322313"},{"taxonomy":"post_tag","embeddable":true,"href":"https:\/\/diariotextual.com\/inicio\/index.php\/wp-json\/wp\/v2\/tags?post=322313"}],"curies":[{"name":"wp","href":"https:\/\/api.w.org\/{rel}","templated":true}]}}