{"id":322328,"date":"2026-03-15T05:48:19","date_gmt":"2026-03-15T08:48:19","guid":{"rendered":"https:\/\/diariotextual.com\/inicio\/?p=322328"},"modified":"2026-03-15T19:39:20","modified_gmt":"2026-03-15T22:39:20","slug":"colapinto-termino-decimo-en-el-gp-de-china-y-sumo-puntos-en-la-formula-1","status":"publish","type":"post","link":"https:\/\/diariotextual.com\/inicio\/index.php\/2026\/03\/15\/colapinto-termino-decimo-en-el-gp-de-china-y-sumo-puntos-en-la-formula-1\/","title":{"rendered":"Colapinto termin\u00f3 d\u00e9cimo en el GP de China y sum\u00f3 su primer punto en Alpine"},"content":{"rendered":"\n<p>El piloto argentino\u00a0<strong>Franco Colapinto (Alpine) protagoniz\u00f3 una muy buena actuaci\u00f3n para finalizar d\u00e9cimo y sumar un punto en el Gran Premio de China<\/strong>, que tuvo como ganador al italiano Andrea Kimi Antonelli (Mercedes). El podio lo completaron los brit\u00e1nicos George Russell (Mercedes) y Lewis Hamilton (Ferrari).<\/p>\n\n\n\n<p>Colapinto, que hab\u00eda clasificado 12\u00b0, larg\u00f3 en el 10\u00b0 puesto debido a la baja por problemas mec\u00e1nicos de los McLaren del brit\u00e1nico Lando Norris y del australiano Oscar Piastri.<\/p>\n\n\n\n<p>Desde un principio el argentino demostr\u00f3 que estaba m\u00e1s que inspirado, ya que en la largada pas\u00f3 a dos oponentes y antes del final de la primera vuelta ya estaba sexto pese a haber largado con neum\u00e1ticos duros.<\/p>\n\n\n\n<p>En las primeras vueltas hubo un safety car, por lo que varios oponentes pararon en boxes y Colapinto escal\u00f3 hasta la segunda posici\u00f3n, ya que decidi\u00f3 apostar a estirar el cambio de neum\u00e1ticos.<\/p>\n\n\n\n<p>A partir de all\u00ed, el argentino solo fue superado por rivales con mejores autos y neum\u00e1ticos, mientras que protagoniz\u00f3 una impresionante defensa ante el franc\u00e9s Esteban Ocon (Haas).<\/p>\n\n\n\n<p>Sin embargo, hubo un momento de gran suspenso, debido a que Colapinto par\u00f3 en boxes en la vuelta 33 y mientras sal\u00eda fue chocado de manera ins\u00f3lita por Ocon, quien lo quiso superar en un sector donde no ten\u00eda espacio.<\/p>\n\n\n\n<p>Por suerte para el argentino, el choque solo se limit\u00f3 a un trompo, aunque no present\u00f3 problemas en su monoplaza y pudo recuperarse de gran manera para terminar escalando hasta la d\u00e9cima posici\u00f3n.<\/p>\n\n\n\n<p>Esta fue la primera vez que Colapinto sum\u00f3 puntos en la F\u00f3rmula 1 desde el Gran Premio de Estados Unidos 2024, que se llev\u00f3 a cabo en el Circuito de las Am\u00e9ricas de la ciudad de Austin.<\/p>\n\n\n\n<p><\/p>\n","protected":false},"excerpt":{"rendered":"<p>El piloto argentino\u00a0Franco Colapinto (Alpine) protagoniz\u00f3 una muy buena actuaci\u00f3n para finalizar d\u00e9cimo y sumar un punto en el Gran Premio de China, que tuvo como ganador al italiano Andrea&hellip;<\/p>\n","protected":false},"author":3,"featured_media":322329,"comment_status":"closed","ping_status":"open","sticky":false,"template":"","format":"standard","meta":{"_acf_changed":false,"footnotes":""},"categories":[1,3],"tags":[],"class_list":["post-322328","post","type-post","status-publish","format-standard","has-post-thumbnail","hentry","category-es-noticia","category-deportes"],"acf":[],"yoast_head":"<!-- This site is optimized with the Yoast SEO plugin v27.5 - https:\/\/yoast.com\/product\/yoast-seo-wordpress\/ -->\n<title>Colapinto termin\u00f3 d\u00e9cimo en el GP de China y sum\u00f3 su primer punto en Alpine - Diario Textual<\/title>\n<meta name=\"robots\" content=\"index, follow, max-snippet:-1, max-image-preview:large, max-video-preview:-1\" \/>\n<link rel=\"canonical\" href=\"https:\/\/diariotextual.com\/inicio\/index.php\/2026\/03\/15\/colapinto-termino-decimo-en-el-gp-de-china-y-sumo-puntos-en-la-formula-1\/\" \/>\n<meta property=\"og:locale\" content=\"es_ES\" \/>\n<meta property=\"og:type\" content=\"article\" \/>\n<meta property=\"og:title\" content=\"Colapinto termin\u00f3 d\u00e9cimo en el GP de China y sum\u00f3 su primer punto en Alpine - Diario Textual\" \/>\n<meta property=\"og:description\" content=\"El piloto argentino\u00a0Franco Colapinto (Alpine) protagoniz\u00f3 una muy buena actuaci\u00f3n para finalizar d\u00e9cimo y sumar un punto en el Gran Premio de China, que tuvo como ganador al italiano Andrea&hellip;\" \/>\n<meta property=\"og:url\" content=\"https:\/\/diariotextual.com\/inicio\/index.php\/2026\/03\/15\/colapinto-termino-decimo-en-el-gp-de-china-y-sumo-puntos-en-la-formula-1\/\" \/>\n<meta property=\"og:site_name\" content=\"Diario Textual\" \/>\n<meta property=\"article:publisher\" content=\"https:\/\/www.facebook.com\/eltextual\" \/>\n<meta property=\"article:published_time\" content=\"2026-03-15T08:48:19+00:00\" \/>\n<meta property=\"article:modified_time\" content=\"2026-03-15T22:39:20+00:00\" \/>\n<meta property=\"og:image\" content=\"https:\/\/diariotextual.com\/inicio\/wp-content\/uploads\/2026\/03\/colapintofranco2026-77.jpg\" \/>\n\t<meta property=\"og:image:width\" content=\"1200\" \/>\n\t<meta property=\"og:image:height\" content=\"793\" \/>\n\t<meta property=\"og:image:type\" content=\"image\/jpeg\" \/>\n<meta name=\"author\" content=\"Diario1 Diario1\" \/>\n<meta name=\"twitter:card\" content=\"summary_large_image\" \/>\n<meta name=\"twitter:creator\" content=\"@eltextual\" \/>\n<meta name=\"twitter:site\" content=\"@eltextual\" \/>\n<meta name=\"twitter:label1\" content=\"Escrito por\" \/>\n\t<meta name=\"twitter:data1\" content=\"Diario1 Diario1\" \/>\n\t<meta name=\"twitter:label2\" content=\"Tiempo de lectura\" \/>\n\t<meta name=\"twitter:data2\" content=\"2 minutos\" \/>\n<script type=\"application\/ld+json\" class=\"yoast-schema-graph\">{\"@context\":\"https:\\\/\\\/schema.org\",\"@graph\":[{\"@type\":\"Article\",\"@id\":\"https:\\\/\\\/diariotextual.com\\\/inicio\\\/index.php\\\/2026\\\/03\\\/15\\\/colapinto-termino-decimo-en-el-gp-de-china-y-sumo-puntos-en-la-formula-1\\\/#article\",\"isPartOf\":{\"@id\":\"https:\\\/\\\/diariotextual.com\\\/inicio\\\/index.php\\\/2026\\\/03\\\/15\\\/colapinto-termino-decimo-en-el-gp-de-china-y-sumo-puntos-en-la-formula-1\\\/\"},\"author\":{\"name\":\"Diario1 Diario1\",\"@id\":\"https:\\\/\\\/diariotextual.com\\\/inicio\\\/#\\\/schema\\\/person\\\/418fc4093c33e86ed41562db3508f958\"},\"headline\":\"Colapinto termin\u00f3 d\u00e9cimo en el GP de China y sum\u00f3 su primer punto en Alpine\",\"datePublished\":\"2026-03-15T08:48:19+00:00\",\"dateModified\":\"2026-03-15T22:39:20+00:00\",\"mainEntityOfPage\":{\"@id\":\"https:\\\/\\\/diariotextual.com\\\/inicio\\\/index.php\\\/2026\\\/03\\\/15\\\/colapinto-termino-decimo-en-el-gp-de-china-y-sumo-puntos-en-la-formula-1\\\/\"},\"wordCount\":315,\"publisher\":{\"@id\":\"https:\\\/\\\/diariotextual.com\\\/inicio\\\/#organization\"},\"image\":{\"@id\":\"https:\\\/\\\/diariotextual.com\\\/inicio\\\/index.php\\\/2026\\\/03\\\/15\\\/colapinto-termino-decimo-en-el-gp-de-china-y-sumo-puntos-en-la-formula-1\\\/#primaryimage\"},\"thumbnailUrl\":\"https:\\\/\\\/diariotextual.com\\\/inicio\\\/wp-content\\\/uploads\\\/2026\\\/03\\\/colapintofranco2026-77.jpg\",\"articleSection\":[\"A - ES NOTICIA (van abajo)\",\"DEPORTES\"],\"inLanguage\":\"es\"},{\"@type\":\"WebPage\",\"@id\":\"https:\\\/\\\/diariotextual.com\\\/inicio\\\/index.php\\\/2026\\\/03\\\/15\\\/colapinto-termino-decimo-en-el-gp-de-china-y-sumo-puntos-en-la-formula-1\\\/\",\"url\":\"https:\\\/\\\/diariotextual.com\\\/inicio\\\/index.php\\\/2026\\\/03\\\/15\\\/colapinto-termino-decimo-en-el-gp-de-china-y-sumo-puntos-en-la-formula-1\\\/\",\"name\":\"Colapinto termin\u00f3 d\u00e9cimo en el GP de China y sum\u00f3 su primer punto en Alpine - Diario Textual\",\"isPartOf\":{\"@id\":\"https:\\\/\\\/diariotextual.com\\\/inicio\\\/#website\"},\"primaryImageOfPage\":{\"@id\":\"https:\\\/\\\/diariotextual.com\\\/inicio\\\/index.php\\\/2026\\\/03\\\/15\\\/colapinto-termino-decimo-en-el-gp-de-china-y-sumo-puntos-en-la-formula-1\\\/#primaryimage\"},\"image\":{\"@id\":\"https:\\\/\\\/diariotextual.com\\\/inicio\\\/index.php\\\/2026\\\/03\\\/15\\\/colapinto-termino-decimo-en-el-gp-de-china-y-sumo-puntos-en-la-formula-1\\\/#primaryimage\"},\"thumbnailUrl\":\"https:\\\/\\\/diariotextual.com\\\/inicio\\\/wp-content\\\/uploads\\\/2026\\\/03\\\/colapintofranco2026-77.jpg\",\"datePublished\":\"2026-03-15T08:48:19+00:00\",\"dateModified\":\"2026-03-15T22:39:20+00:00\",\"breadcrumb\":{\"@id\":\"https:\\\/\\\/diariotextual.com\\\/inicio\\\/index.php\\\/2026\\\/03\\\/15\\\/colapinto-termino-decimo-en-el-gp-de-china-y-sumo-puntos-en-la-formula-1\\\/#breadcrumb\"},\"inLanguage\":\"es\",\"potentialAction\":[{\"@type\":\"ReadAction\",\"target\":[\"https:\\\/\\\/diariotextual.com\\\/inicio\\\/index.php\\\/2026\\\/03\\\/15\\\/colapinto-termino-decimo-en-el-gp-de-china-y-sumo-puntos-en-la-formula-1\\\/\"]}]},{\"@type\":\"ImageObject\",\"inLanguage\":\"es\",\"@id\":\"https:\\\/\\\/diariotextual.com\\\/inicio\\\/index.php\\\/2026\\\/03\\\/15\\\/colapinto-termino-decimo-en-el-gp-de-china-y-sumo-puntos-en-la-formula-1\\\/#primaryimage\",\"url\":\"https:\\\/\\\/diariotextual.com\\\/inicio\\\/wp-content\\\/uploads\\\/2026\\\/03\\\/colapintofranco2026-77.jpg\",\"contentUrl\":\"https:\\\/\\\/diariotextual.com\\\/inicio\\\/wp-content\\\/uploads\\\/2026\\\/03\\\/colapintofranco2026-77.jpg\",\"width\":1200,\"height\":793},{\"@type\":\"BreadcrumbList\",\"@id\":\"https:\\\/\\\/diariotextual.com\\\/inicio\\\/index.php\\\/2026\\\/03\\\/15\\\/colapinto-termino-decimo-en-el-gp-de-china-y-sumo-puntos-en-la-formula-1\\\/#breadcrumb\",\"itemListElement\":[{\"@type\":\"ListItem\",\"position\":1,\"name\":\"Portada\",\"item\":\"https:\\\/\\\/diariotextual.com\\\/inicio\\\/\"},{\"@type\":\"ListItem\",\"position\":2,\"name\":\"Colapinto termin\u00f3 d\u00e9cimo en el GP de China y sum\u00f3 su primer punto en Alpine\"}]},{\"@type\":\"WebSite\",\"@id\":\"https:\\\/\\\/diariotextual.com\\\/inicio\\\/#website\",\"url\":\"https:\\\/\\\/diariotextual.com\\\/inicio\\\/\",\"name\":\"Diario Textual\",\"description\":\"\",\"publisher\":{\"@id\":\"https:\\\/\\\/diariotextual.com\\\/inicio\\\/#organization\"},\"potentialAction\":[{\"@type\":\"SearchAction\",\"target\":{\"@type\":\"EntryPoint\",\"urlTemplate\":\"https:\\\/\\\/diariotextual.com\\\/inicio\\\/?s={search_term_string}\"},\"query-input\":{\"@type\":\"PropertyValueSpecification\",\"valueRequired\":true,\"valueName\":\"search_term_string\"}}],\"inLanguage\":\"es\"},{\"@type\":\"Organization\",\"@id\":\"https:\\\/\\\/diariotextual.com\\\/inicio\\\/#organization\",\"name\":\"Diario Textual\",\"url\":\"https:\\\/\\\/diariotextual.com\\\/inicio\\\/\",\"logo\":{\"@type\":\"ImageObject\",\"inLanguage\":\"es\",\"@id\":\"https:\\\/\\\/diariotextual.com\\\/inicio\\\/#\\\/schema\\\/logo\\\/image\\\/\",\"url\":\"https:\\\/\\\/diariotextual.com\\\/inicio\\\/wp-content\\\/uploads\\\/2023\\\/05\\\/logotextual1.jpg\",\"contentUrl\":\"https:\\\/\\\/diariotextual.com\\\/inicio\\\/wp-content\\\/uploads\\\/2023\\\/05\\\/logotextual1.jpg\",\"width\":516,\"height\":76,\"caption\":\"Diario Textual\"},\"image\":{\"@id\":\"https:\\\/\\\/diariotextual.com\\\/inicio\\\/#\\\/schema\\\/logo\\\/image\\\/\"},\"sameAs\":[\"https:\\\/\\\/www.facebook.com\\\/eltextual\",\"https:\\\/\\\/x.com\\\/eltextual\",\"http:\\\/\\\/www.instagram.com\\\/eltextual\"]},{\"@type\":\"Person\",\"@id\":\"https:\\\/\\\/diariotextual.com\\\/inicio\\\/#\\\/schema\\\/person\\\/418fc4093c33e86ed41562db3508f958\",\"name\":\"Diario1 Diario1\",\"image\":{\"@type\":\"ImageObject\",\"inLanguage\":\"es\",\"@id\":\"https:\\\/\\\/secure.gravatar.com\\\/avatar\\\/9167d280179c85bc18be67aa7eda765854300033af4896dd779b608640f2ef7a?s=96&d=mm&r=g\",\"url\":\"https:\\\/\\\/secure.gravatar.com\\\/avatar\\\/9167d280179c85bc18be67aa7eda765854300033af4896dd779b608640f2ef7a?s=96&d=mm&r=g\",\"contentUrl\":\"https:\\\/\\\/secure.gravatar.com\\\/avatar\\\/9167d280179c85bc18be67aa7eda765854300033af4896dd779b608640f2ef7a?s=96&d=mm&r=g\",\"caption\":\"Diario1 Diario1\"},\"url\":\"https:\\\/\\\/diariotextual.com\\\/inicio\\\/index.php\\\/author\\\/diario1\\\/\"}]}<\/script>\n<!-- \/ Yoast SEO plugin. -->","yoast_head_json":{"title":"Colapinto termin\u00f3 d\u00e9cimo en el GP de China y sum\u00f3 su primer punto en Alpine - Diario Textual","robots":{"index":"index","follow":"follow","max-snippet":"max-snippet:-1","max-image-preview":"max-image-preview:large","max-video-preview":"max-video-preview:-1"},"canonical":"https:\/\/diariotextual.com\/inicio\/index.php\/2026\/03\/15\/colapinto-termino-decimo-en-el-gp-de-china-y-sumo-puntos-en-la-formula-1\/","og_locale":"es_ES","og_type":"article","og_title":"Colapinto termin\u00f3 d\u00e9cimo en el GP de China y sum\u00f3 su primer punto en Alpine - Diario Textual","og_description":"El piloto argentino\u00a0Franco Colapinto (Alpine) protagoniz\u00f3 una muy buena actuaci\u00f3n para finalizar d\u00e9cimo y sumar un punto en el Gran Premio de China, que tuvo como ganador al italiano Andrea&hellip;","og_url":"https:\/\/diariotextual.com\/inicio\/index.php\/2026\/03\/15\/colapinto-termino-decimo-en-el-gp-de-china-y-sumo-puntos-en-la-formula-1\/","og_site_name":"Diario Textual","article_publisher":"https:\/\/www.facebook.com\/eltextual","article_published_time":"2026-03-15T08:48:19+00:00","article_modified_time":"2026-03-15T22:39:20+00:00","og_image":[{"width":1200,"height":793,"url":"https:\/\/diariotextual.com\/inicio\/wp-content\/uploads\/2026\/03\/colapintofranco2026-77.jpg","type":"image\/jpeg"}],"author":"Diario1 Diario1","twitter_card":"summary_large_image","twitter_creator":"@eltextual","twitter_site":"@eltextual","twitter_misc":{"Escrito por":"Diario1 Diario1","Tiempo de lectura":"2 minutos"},"schema":{"@context":"https:\/\/schema.org","@graph":[{"@type":"Article","@id":"https:\/\/diariotextual.com\/inicio\/index.php\/2026\/03\/15\/colapinto-termino-decimo-en-el-gp-de-china-y-sumo-puntos-en-la-formula-1\/#article","isPartOf":{"@id":"https:\/\/diariotextual.com\/inicio\/index.php\/2026\/03\/15\/colapinto-termino-decimo-en-el-gp-de-china-y-sumo-puntos-en-la-formula-1\/"},"author":{"name":"Diario1 Diario1","@id":"https:\/\/diariotextual.com\/inicio\/#\/schema\/person\/418fc4093c33e86ed41562db3508f958"},"headline":"Colapinto termin\u00f3 d\u00e9cimo en el GP de China y sum\u00f3 su primer punto en Alpine","datePublished":"2026-03-15T08:48:19+00:00","dateModified":"2026-03-15T22:39:20+00:00","mainEntityOfPage":{"@id":"https:\/\/diariotextual.com\/inicio\/index.php\/2026\/03\/15\/colapinto-termino-decimo-en-el-gp-de-china-y-sumo-puntos-en-la-formula-1\/"},"wordCount":315,"publisher":{"@id":"https:\/\/diariotextual.com\/inicio\/#organization"},"image":{"@id":"https:\/\/diariotextual.com\/inicio\/index.php\/2026\/03\/15\/colapinto-termino-decimo-en-el-gp-de-china-y-sumo-puntos-en-la-formula-1\/#primaryimage"},"thumbnailUrl":"https:\/\/diariotextual.com\/inicio\/wp-content\/uploads\/2026\/03\/colapintofranco2026-77.jpg","articleSection":["A - ES NOTICIA (van abajo)","DEPORTES"],"inLanguage":"es"},{"@type":"WebPage","@id":"https:\/\/diariotextual.com\/inicio\/index.php\/2026\/03\/15\/colapinto-termino-decimo-en-el-gp-de-china-y-sumo-puntos-en-la-formula-1\/","url":"https:\/\/diariotextual.com\/inicio\/index.php\/2026\/03\/15\/colapinto-termino-decimo-en-el-gp-de-china-y-sumo-puntos-en-la-formula-1\/","name":"Colapinto termin\u00f3 d\u00e9cimo en el GP de China y sum\u00f3 su primer punto en Alpine - Diario Textual","isPartOf":{"@id":"https:\/\/diariotextual.com\/inicio\/#website"},"primaryImageOfPage":{"@id":"https:\/\/diariotextual.com\/inicio\/index.php\/2026\/03\/15\/colapinto-termino-decimo-en-el-gp-de-china-y-sumo-puntos-en-la-formula-1\/#primaryimage"},"image":{"@id":"https:\/\/diariotextual.com\/inicio\/index.php\/2026\/03\/15\/colapinto-termino-decimo-en-el-gp-de-china-y-sumo-puntos-en-la-formula-1\/#primaryimage"},"thumbnailUrl":"https:\/\/diariotextual.com\/inicio\/wp-content\/uploads\/2026\/03\/colapintofranco2026-77.jpg","datePublished":"2026-03-15T08:48:19+00:00","dateModified":"2026-03-15T22:39:20+00:00","breadcrumb":{"@id":"https:\/\/diariotextual.com\/inicio\/index.php\/2026\/03\/15\/colapinto-termino-decimo-en-el-gp-de-china-y-sumo-puntos-en-la-formula-1\/#breadcrumb"},"inLanguage":"es","potentialAction":[{"@type":"ReadAction","target":["https:\/\/diariotextual.com\/inicio\/index.php\/2026\/03\/15\/colapinto-termino-decimo-en-el-gp-de-china-y-sumo-puntos-en-la-formula-1\/"]}]},{"@type":"ImageObject","inLanguage":"es","@id":"https:\/\/diariotextual.com\/inicio\/index.php\/2026\/03\/15\/colapinto-termino-decimo-en-el-gp-de-china-y-sumo-puntos-en-la-formula-1\/#primaryimage","url":"https:\/\/diariotextual.com\/inicio\/wp-content\/uploads\/2026\/03\/colapintofranco2026-77.jpg","contentUrl":"https:\/\/diariotextual.com\/inicio\/wp-content\/uploads\/2026\/03\/colapintofranco2026-77.jpg","width":1200,"height":793},{"@type":"BreadcrumbList","@id":"https:\/\/diariotextual.com\/inicio\/index.php\/2026\/03\/15\/colapinto-termino-decimo-en-el-gp-de-china-y-sumo-puntos-en-la-formula-1\/#breadcrumb","itemListElement":[{"@type":"ListItem","position":1,"name":"Portada","item":"https:\/\/diariotextual.com\/inicio\/"},{"@type":"ListItem","position":2,"name":"Colapinto termin\u00f3 d\u00e9cimo en el GP de China y sum\u00f3 su primer punto en Alpine"}]},{"@type":"WebSite","@id":"https:\/\/diariotextual.com\/inicio\/#website","url":"https:\/\/diariotextual.com\/inicio\/","name":"Diario Textual","description":"","publisher":{"@id":"https:\/\/diariotextual.com\/inicio\/#organization"},"potentialAction":[{"@type":"SearchAction","target":{"@type":"EntryPoint","urlTemplate":"https:\/\/diariotextual.com\/inicio\/?s={search_term_string}"},"query-input":{"@type":"PropertyValueSpecification","valueRequired":true,"valueName":"search_term_string"}}],"inLanguage":"es"},{"@type":"Organization","@id":"https:\/\/diariotextual.com\/inicio\/#organization","name":"Diario Textual","url":"https:\/\/diariotextual.com\/inicio\/","logo":{"@type":"ImageObject","inLanguage":"es","@id":"https:\/\/diariotextual.com\/inicio\/#\/schema\/logo\/image\/","url":"https:\/\/diariotextual.com\/inicio\/wp-content\/uploads\/2023\/05\/logotextual1.jpg","contentUrl":"https:\/\/diariotextual.com\/inicio\/wp-content\/uploads\/2023\/05\/logotextual1.jpg","width":516,"height":76,"caption":"Diario Textual"},"image":{"@id":"https:\/\/diariotextual.com\/inicio\/#\/schema\/logo\/image\/"},"sameAs":["https:\/\/www.facebook.com\/eltextual","https:\/\/x.com\/eltextual","http:\/\/www.instagram.com\/eltextual"]},{"@type":"Person","@id":"https:\/\/diariotextual.com\/inicio\/#\/schema\/person\/418fc4093c33e86ed41562db3508f958","name":"Diario1 Diario1","image":{"@type":"ImageObject","inLanguage":"es","@id":"https:\/\/secure.gravatar.com\/avatar\/9167d280179c85bc18be67aa7eda765854300033af4896dd779b608640f2ef7a?s=96&d=mm&r=g","url":"https:\/\/secure.gravatar.com\/avatar\/9167d280179c85bc18be67aa7eda765854300033af4896dd779b608640f2ef7a?s=96&d=mm&r=g","contentUrl":"https:\/\/secure.gravatar.com\/avatar\/9167d280179c85bc18be67aa7eda765854300033af4896dd779b608640f2ef7a?s=96&d=mm&r=g","caption":"Diario1 Diario1"},"url":"https:\/\/diariotextual.com\/inicio\/index.php\/author\/diario1\/"}]}},"_links":{"self":[{"href":"https:\/\/diariotextual.com\/inicio\/index.php\/wp-json\/wp\/v2\/posts\/322328","targetHints":{"allow":["GET"]}}],"collection":[{"href":"https:\/\/diariotextual.com\/inicio\/index.php\/wp-json\/wp\/v2\/posts"}],"about":[{"href":"https:\/\/diariotextual.com\/inicio\/index.php\/wp-json\/wp\/v2\/types\/post"}],"author":[{"embeddable":true,"href":"https:\/\/diariotextual.com\/inicio\/index.php\/wp-json\/wp\/v2\/users\/3"}],"replies":[{"embeddable":true,"href":"https:\/\/diariotextual.com\/inicio\/index.php\/wp-json\/wp\/v2\/comments?post=322328"}],"version-history":[{"count":5,"href":"https:\/\/diariotextual.com\/inicio\/index.php\/wp-json\/wp\/v2\/posts\/322328\/revisions"}],"predecessor-version":[{"id":322334,"href":"https:\/\/diariotextual.com\/inicio\/index.php\/wp-json\/wp\/v2\/posts\/322328\/revisions\/322334"}],"wp:featuredmedia":[{"embeddable":true,"href":"https:\/\/diariotextual.com\/inicio\/index.php\/wp-json\/wp\/v2\/media\/322329"}],"wp:attachment":[{"href":"https:\/\/diariotextual.com\/inicio\/index.php\/wp-json\/wp\/v2\/media?parent=322328"}],"wp:term":[{"taxonomy":"category","embeddable":true,"href":"https:\/\/diariotextual.com\/inicio\/index.php\/wp-json\/wp\/v2\/categories?post=322328"},{"taxonomy":"post_tag","embeddable":true,"href":"https:\/\/diariotextual.com\/inicio\/index.php\/wp-json\/wp\/v2\/tags?post=322328"}],"curies":[{"name":"wp","href":"https:\/\/api.w.org\/{rel}","templated":true}]}}