{"id":322340,"date":"2026-03-16T16:16:00","date_gmt":"2026-03-16T19:16:00","guid":{"rendered":"https:\/\/diariotextual.com\/inicio\/?p=322340"},"modified":"2026-03-16T16:31:15","modified_gmt":"2026-03-16T19:31:15","slug":"desde-el-lunes-al-viernes-de-paro-docentes-de-la-unlpam-exigen-que-el-gobierno-nacional-convoque-a-paritarias","status":"publish","type":"post","link":"https:\/\/diariotextual.com\/inicio\/index.php\/2026\/03\/16\/desde-el-lunes-al-viernes-de-paro-docentes-de-la-unlpam-exigen-que-el-gobierno-nacional-convoque-a-paritarias\/","title":{"rendered":"Arranc\u00f3 el paro de una semana: docentes de la UNLPam exigen que el Gobierno nacional convoque a paritarias"},"content":{"rendered":"\n<p><strong>Este lunes arranc\u00f3 el paro de una semana de los universitarios.<\/strong> La <strong>Federaci\u00f3n Nacional de Docentes Universitarios (Conadu)<\/strong> resolvi\u00f3 un <strong>plan de paros progresivos para todo el semestre<\/strong>, en reclamo del cumplimiento de la <strong>Ley de Financiamiento Universitario<\/strong> y para exigir que el Gobierno nacional convoque de manera \u201curgente\u201d a <strong>paritarias<\/strong>.<\/p>\n\n\n\n<p>La primera medida de fuerza comenz\u00f3 <strong>este lunes 15 y se extender\u00e1 hasta el viernes 20<\/strong>. Adem\u00e1s, el gremio adelant\u00f3 que habr\u00e1 <strong>nuevas medidas de protesta durante las semanas del 20 de marzo y del 27 de abril<\/strong>, junto con la convocatoria a una <strong>Marcha Federal Universitaria prevista para el 23 de abril<\/strong>.<\/p>\n\n\n\n<p>En la <strong>Universidad Nacional de La Pampa (UNLPam)<\/strong> se descuenta <strong>una alta adhesi\u00f3n<\/strong> a la medida. El paro es impulsado por la <strong>Asociaci\u00f3n de Docentes Universitarios (ADU)<\/strong> y cuenta con el acompa\u00f1amiento de la <strong>Asociaci\u00f3n del Personal de la Universidad Nacional de La Pampa (Apulp)<\/strong>.<\/p>\n\n\n\n<p>Los gremios sostienen que los <strong>salarios docentes registran una p\u00e9rdida del 34% en t\u00e9rminos reales desde noviembre de 2023<\/strong>. Adem\u00e1s, advirtieron que el <strong>presupuesto universitario cay\u00f3 un 28,9% entre 2023 y 2025<\/strong>, lo que impacta en el funcionamiento de las casas de estudio.<\/p>\n\n\n\n<p>En ese contexto, cuestionaron una <strong>iniciativa oficial que propone aumentos salariales escalonados del 4,1% en tres tramos<\/strong>, elimina la recomposici\u00f3n correspondiente al per\u00edodo <strong>2023-2024<\/strong> y <strong>suprime la garant\u00eda de actualizaci\u00f3n autom\u00e1tica seg\u00fan la inflaci\u00f3n del Indec<\/strong>.<\/p>\n\n\n\n<p>Esta ser\u00eda la <strong>tercera vez que el Congreso trata un proyecto de financiamiento universitario durante la gesti\u00f3n de Javier Milei<\/strong>. La primera ocurri\u00f3 en <strong>2024<\/strong>, cuando el Congreso aprob\u00f3 la ley pero el Presidente <strong>la vet\u00f3<\/strong>. La segunda se produjo en <strong>2025<\/strong>: en esa ocasi\u00f3n, el mandatario volvi\u00f3 a vetarla, aunque <strong>el Congreso finalmente revirti\u00f3 ese veto<\/strong>.<\/p>\n\n\n\n<p>Actualmente, la <strong>Ley de Financiamiento Universitario se encuentra vigente<\/strong>, pero desde el sistema universitario sostienen que <strong>no se est\u00e1 cumpliendo<\/strong>. En diciembre, el <strong>Consejo Interuniversitario Nacional (CIN)<\/strong>, con el respaldo de <strong>m\u00e1s de 40 universidades p\u00fablicas<\/strong>, present\u00f3 <strong>una acci\u00f3n de amparo por ese incumplimiento<\/strong>.<\/p>\n\n\n\n<figure class=\"wp-block-embed is-type-wp-embed is-provider-diario-textual wp-block-embed-diario-textual\"><div class=\"wp-block-embed__wrapper\">\n<blockquote class=\"wp-embedded-content\" data-secret=\"WgV9yTTRUj\"><a href=\"https:\/\/diariotextual.com\/inicio\/index.php\/2026\/03\/14\/universidades-alpa-aviso-que-se-viene-un-fuerte-conflicto-por-el-financiamiento-y-la-falta-de-paritarias\/\">Universidades: Alpa avis\u00f3 que se viene un \u201cfuerte conflicto\u201d por el financiamiento y la falta de paritarias<\/a><\/blockquote><iframe class=\"wp-embedded-content\" sandbox=\"allow-scripts\" security=\"restricted\" style=\"position: absolute; visibility: hidden;\" title=\"\u00abUniversidades: Alpa avis\u00f3 que se viene un \u201cfuerte conflicto\u201d por el financiamiento y la falta de paritarias\u00bb \u2014 Diario Textual\" src=\"https:\/\/diariotextual.com\/inicio\/index.php\/2026\/03\/14\/universidades-alpa-aviso-que-se-viene-un-fuerte-conflicto-por-el-financiamiento-y-la-falta-de-paritarias\/embed\/#?secret=J5BItRTB03#?secret=WgV9yTTRUj\" data-secret=\"WgV9yTTRUj\" width=\"600\" height=\"338\" frameborder=\"0\" marginwidth=\"0\" marginheight=\"0\" scrolling=\"no\"><\/iframe>\n<\/div><\/figure>\n\n\n\n<p><\/p>\n\n\n\n<p>Ese mismo mes, el <strong>juez federal Enrique Cormick<\/strong> dict\u00f3 una <strong>medida cautelar<\/strong> mediante la cual suspendi\u00f3 el decreto del Poder Ejecutivo que promulgaba la ley pero <strong>postergaba su aplicaci\u00f3n hasta que el Congreso definiera las fuentes de financiamiento<\/strong>. El magistrado consider\u00f3 que exist\u00eda una <strong>\u201carbitrariedad e ilegalidad manifiesta\u201d<\/strong> en esa decisi\u00f3n.<\/p>\n\n\n\n<p>Este fin de semana, el rector de la Universidad Nacional de La Pampa (UNLPam) y presidente del Consejo Interuniversitario Nacional (CIN),<strong>&nbsp;Oscar Alpa<\/strong>, advirti\u00f3 a<strong>&nbsp;Radio Textual<\/strong>&nbsp;que el&nbsp;<strong>sistema universitario p\u00fablico<\/strong>&nbsp;se encamina a un a\u00f1o de&nbsp;<strong>fuerte conflicto en 2026<\/strong>, debido a la falta de cumplimiento de la ley de financiamiento universitario, la ausencia de paritarias y la ca\u00edda del poder adquisitivo de docentes y no docentes.<\/p>\n\n\n\n<p>\u201cEl segundo cuatrimestre del a\u00f1o pasado ya anticip\u00e1bamos que iba a ser conflictivo\u201d, dijo Alpa. Seg\u00fan explic\u00f3, el Congreso aprob\u00f3 la Ley de Financiamiento Universitario con m\u00e1s de dos tercios en ambas c\u00e1maras luego del veto presidencial, pero el Poder Ejecutivo decidi\u00f3 no aplicarla.<\/p>\n\n\n\n<p>\u201cEs algo inconcebible constitucionalmente que alguien no quiera cumplir una ley. El Poder Ejecutivo dijo directamente que no la iba a aplicar y la suspendi\u00f3, como si tuviera poder para hacerlo\u201d, se\u00f1al\u00f3.<\/p>\n\n\n\n<p><\/p>\n","protected":false},"excerpt":{"rendered":"<p>Este lunes arranc\u00f3 el paro de una semana de los universitarios. La Federaci\u00f3n Nacional de Docentes Universitarios (Conadu) resolvi\u00f3 un plan de paros progresivos para todo el semestre, en reclamo&hellip;<\/p>\n","protected":false},"author":3,"featured_media":307553,"comment_status":"closed","ping_status":"open","sticky":false,"template":"","format":"standard","meta":{"_acf_changed":false,"footnotes":""},"categories":[1,11,8],"tags":[],"class_list":["post-322340","post","type-post","status-publish","format-standard","has-post-thumbnail","hentry","category-es-noticia","category-que-pasa","category-politica"],"acf":[],"yoast_head":"<!-- This site is optimized with the Yoast SEO plugin v27.5 - https:\/\/yoast.com\/product\/yoast-seo-wordpress\/ -->\n<title>Arranc\u00f3 el paro de una semana: docentes de la UNLPam exigen que el Gobierno nacional convoque a paritarias - Diario Textual<\/title>\n<meta name=\"robots\" content=\"index, follow, max-snippet:-1, max-image-preview:large, max-video-preview:-1\" \/>\n<link rel=\"canonical\" href=\"https:\/\/diariotextual.com\/inicio\/index.php\/2026\/03\/16\/desde-el-lunes-al-viernes-de-paro-docentes-de-la-unlpam-exigen-que-el-gobierno-nacional-convoque-a-paritarias\/\" \/>\n<meta property=\"og:locale\" content=\"es_ES\" \/>\n<meta property=\"og:type\" content=\"article\" \/>\n<meta property=\"og:title\" content=\"Arranc\u00f3 el paro de una semana: docentes de la UNLPam exigen que el Gobierno nacional convoque a paritarias - Diario Textual\" \/>\n<meta property=\"og:description\" content=\"Este lunes arranc\u00f3 el paro de una semana de los universitarios. La Federaci\u00f3n Nacional de Docentes Universitarios (Conadu) resolvi\u00f3 un plan de paros progresivos para todo el semestre, en reclamo&hellip;\" \/>\n<meta property=\"og:url\" content=\"https:\/\/diariotextual.com\/inicio\/index.php\/2026\/03\/16\/desde-el-lunes-al-viernes-de-paro-docentes-de-la-unlpam-exigen-que-el-gobierno-nacional-convoque-a-paritarias\/\" \/>\n<meta property=\"og:site_name\" content=\"Diario Textual\" \/>\n<meta property=\"article:publisher\" content=\"https:\/\/www.facebook.com\/eltextual\" \/>\n<meta property=\"article:published_time\" content=\"2026-03-16T19:16:00+00:00\" \/>\n<meta property=\"article:modified_time\" content=\"2026-03-16T19:31:15+00:00\" \/>\n<meta property=\"og:image\" content=\"https:\/\/diariotextual.com\/inicio\/wp-content\/uploads\/2025\/09\/marchafederaluniversitariunlpamsantarosa17septiembre2025-3.jpg\" \/>\n\t<meta property=\"og:image:width\" content=\"1200\" \/>\n\t<meta property=\"og:image:height\" content=\"741\" \/>\n\t<meta property=\"og:image:type\" content=\"image\/jpeg\" \/>\n<meta name=\"author\" content=\"Diario1 Diario1\" \/>\n<meta name=\"twitter:card\" content=\"summary_large_image\" \/>\n<meta name=\"twitter:creator\" content=\"@eltextual\" \/>\n<meta name=\"twitter:site\" content=\"@eltextual\" \/>\n<meta name=\"twitter:label1\" content=\"Escrito por\" \/>\n\t<meta name=\"twitter:data1\" content=\"Diario1 Diario1\" \/>\n\t<meta name=\"twitter:label2\" content=\"Tiempo de lectura\" \/>\n\t<meta name=\"twitter:data2\" content=\"3 minutos\" \/>\n<script type=\"application\/ld+json\" class=\"yoast-schema-graph\">{\"@context\":\"https:\\\/\\\/schema.org\",\"@graph\":[{\"@type\":\"Article\",\"@id\":\"https:\\\/\\\/diariotextual.com\\\/inicio\\\/index.php\\\/2026\\\/03\\\/16\\\/desde-el-lunes-al-viernes-de-paro-docentes-de-la-unlpam-exigen-que-el-gobierno-nacional-convoque-a-paritarias\\\/#article\",\"isPartOf\":{\"@id\":\"https:\\\/\\\/diariotextual.com\\\/inicio\\\/index.php\\\/2026\\\/03\\\/16\\\/desde-el-lunes-al-viernes-de-paro-docentes-de-la-unlpam-exigen-que-el-gobierno-nacional-convoque-a-paritarias\\\/\"},\"author\":{\"name\":\"Diario1 Diario1\",\"@id\":\"https:\\\/\\\/diariotextual.com\\\/inicio\\\/#\\\/schema\\\/person\\\/418fc4093c33e86ed41562db3508f958\"},\"headline\":\"Arranc\u00f3 el paro de una semana: docentes de la UNLPam exigen que el Gobierno nacional convoque a paritarias\",\"datePublished\":\"2026-03-16T19:16:00+00:00\",\"dateModified\":\"2026-03-16T19:31:15+00:00\",\"mainEntityOfPage\":{\"@id\":\"https:\\\/\\\/diariotextual.com\\\/inicio\\\/index.php\\\/2026\\\/03\\\/16\\\/desde-el-lunes-al-viernes-de-paro-docentes-de-la-unlpam-exigen-que-el-gobierno-nacional-convoque-a-paritarias\\\/\"},\"wordCount\":575,\"publisher\":{\"@id\":\"https:\\\/\\\/diariotextual.com\\\/inicio\\\/#organization\"},\"image\":{\"@id\":\"https:\\\/\\\/diariotextual.com\\\/inicio\\\/index.php\\\/2026\\\/03\\\/16\\\/desde-el-lunes-al-viernes-de-paro-docentes-de-la-unlpam-exigen-que-el-gobierno-nacional-convoque-a-paritarias\\\/#primaryimage\"},\"thumbnailUrl\":\"https:\\\/\\\/diariotextual.com\\\/inicio\\\/wp-content\\\/uploads\\\/2025\\\/09\\\/marchafederaluniversitariunlpamsantarosa17septiembre2025-3.jpg\",\"articleSection\":[\"A - ES NOTICIA (van abajo)\",\"A - QUE PASA (al costado)\",\"POLITICA\"],\"inLanguage\":\"es\"},{\"@type\":\"WebPage\",\"@id\":\"https:\\\/\\\/diariotextual.com\\\/inicio\\\/index.php\\\/2026\\\/03\\\/16\\\/desde-el-lunes-al-viernes-de-paro-docentes-de-la-unlpam-exigen-que-el-gobierno-nacional-convoque-a-paritarias\\\/\",\"url\":\"https:\\\/\\\/diariotextual.com\\\/inicio\\\/index.php\\\/2026\\\/03\\\/16\\\/desde-el-lunes-al-viernes-de-paro-docentes-de-la-unlpam-exigen-que-el-gobierno-nacional-convoque-a-paritarias\\\/\",\"name\":\"Arranc\u00f3 el paro de una semana: docentes de la UNLPam exigen que el Gobierno nacional convoque a paritarias - Diario Textual\",\"isPartOf\":{\"@id\":\"https:\\\/\\\/diariotextual.com\\\/inicio\\\/#website\"},\"primaryImageOfPage\":{\"@id\":\"https:\\\/\\\/diariotextual.com\\\/inicio\\\/index.php\\\/2026\\\/03\\\/16\\\/desde-el-lunes-al-viernes-de-paro-docentes-de-la-unlpam-exigen-que-el-gobierno-nacional-convoque-a-paritarias\\\/#primaryimage\"},\"image\":{\"@id\":\"https:\\\/\\\/diariotextual.com\\\/inicio\\\/index.php\\\/2026\\\/03\\\/16\\\/desde-el-lunes-al-viernes-de-paro-docentes-de-la-unlpam-exigen-que-el-gobierno-nacional-convoque-a-paritarias\\\/#primaryimage\"},\"thumbnailUrl\":\"https:\\\/\\\/diariotextual.com\\\/inicio\\\/wp-content\\\/uploads\\\/2025\\\/09\\\/marchafederaluniversitariunlpamsantarosa17septiembre2025-3.jpg\",\"datePublished\":\"2026-03-16T19:16:00+00:00\",\"dateModified\":\"2026-03-16T19:31:15+00:00\",\"breadcrumb\":{\"@id\":\"https:\\\/\\\/diariotextual.com\\\/inicio\\\/index.php\\\/2026\\\/03\\\/16\\\/desde-el-lunes-al-viernes-de-paro-docentes-de-la-unlpam-exigen-que-el-gobierno-nacional-convoque-a-paritarias\\\/#breadcrumb\"},\"inLanguage\":\"es\",\"potentialAction\":[{\"@type\":\"ReadAction\",\"target\":[\"https:\\\/\\\/diariotextual.com\\\/inicio\\\/index.php\\\/2026\\\/03\\\/16\\\/desde-el-lunes-al-viernes-de-paro-docentes-de-la-unlpam-exigen-que-el-gobierno-nacional-convoque-a-paritarias\\\/\"]}]},{\"@type\":\"ImageObject\",\"inLanguage\":\"es\",\"@id\":\"https:\\\/\\\/diariotextual.com\\\/inicio\\\/index.php\\\/2026\\\/03\\\/16\\\/desde-el-lunes-al-viernes-de-paro-docentes-de-la-unlpam-exigen-que-el-gobierno-nacional-convoque-a-paritarias\\\/#primaryimage\",\"url\":\"https:\\\/\\\/diariotextual.com\\\/inicio\\\/wp-content\\\/uploads\\\/2025\\\/09\\\/marchafederaluniversitariunlpamsantarosa17septiembre2025-3.jpg\",\"contentUrl\":\"https:\\\/\\\/diariotextual.com\\\/inicio\\\/wp-content\\\/uploads\\\/2025\\\/09\\\/marchafederaluniversitariunlpamsantarosa17septiembre2025-3.jpg\",\"width\":1200,\"height\":741},{\"@type\":\"BreadcrumbList\",\"@id\":\"https:\\\/\\\/diariotextual.com\\\/inicio\\\/index.php\\\/2026\\\/03\\\/16\\\/desde-el-lunes-al-viernes-de-paro-docentes-de-la-unlpam-exigen-que-el-gobierno-nacional-convoque-a-paritarias\\\/#breadcrumb\",\"itemListElement\":[{\"@type\":\"ListItem\",\"position\":1,\"name\":\"Portada\",\"item\":\"https:\\\/\\\/diariotextual.com\\\/inicio\\\/\"},{\"@type\":\"ListItem\",\"position\":2,\"name\":\"Arranc\u00f3 el paro de una semana: docentes de la UNLPam exigen que el Gobierno nacional convoque a paritarias\"}]},{\"@type\":\"WebSite\",\"@id\":\"https:\\\/\\\/diariotextual.com\\\/inicio\\\/#website\",\"url\":\"https:\\\/\\\/diariotextual.com\\\/inicio\\\/\",\"name\":\"Diario Textual\",\"description\":\"\",\"publisher\":{\"@id\":\"https:\\\/\\\/diariotextual.com\\\/inicio\\\/#organization\"},\"potentialAction\":[{\"@type\":\"SearchAction\",\"target\":{\"@type\":\"EntryPoint\",\"urlTemplate\":\"https:\\\/\\\/diariotextual.com\\\/inicio\\\/?s={search_term_string}\"},\"query-input\":{\"@type\":\"PropertyValueSpecification\",\"valueRequired\":true,\"valueName\":\"search_term_string\"}}],\"inLanguage\":\"es\"},{\"@type\":\"Organization\",\"@id\":\"https:\\\/\\\/diariotextual.com\\\/inicio\\\/#organization\",\"name\":\"Diario Textual\",\"url\":\"https:\\\/\\\/diariotextual.com\\\/inicio\\\/\",\"logo\":{\"@type\":\"ImageObject\",\"inLanguage\":\"es\",\"@id\":\"https:\\\/\\\/diariotextual.com\\\/inicio\\\/#\\\/schema\\\/logo\\\/image\\\/\",\"url\":\"https:\\\/\\\/diariotextual.com\\\/inicio\\\/wp-content\\\/uploads\\\/2023\\\/05\\\/logotextual1.jpg\",\"contentUrl\":\"https:\\\/\\\/diariotextual.com\\\/inicio\\\/wp-content\\\/uploads\\\/2023\\\/05\\\/logotextual1.jpg\",\"width\":516,\"height\":76,\"caption\":\"Diario Textual\"},\"image\":{\"@id\":\"https:\\\/\\\/diariotextual.com\\\/inicio\\\/#\\\/schema\\\/logo\\\/image\\\/\"},\"sameAs\":[\"https:\\\/\\\/www.facebook.com\\\/eltextual\",\"https:\\\/\\\/x.com\\\/eltextual\",\"http:\\\/\\\/www.instagram.com\\\/eltextual\"]},{\"@type\":\"Person\",\"@id\":\"https:\\\/\\\/diariotextual.com\\\/inicio\\\/#\\\/schema\\\/person\\\/418fc4093c33e86ed41562db3508f958\",\"name\":\"Diario1 Diario1\",\"image\":{\"@type\":\"ImageObject\",\"inLanguage\":\"es\",\"@id\":\"https:\\\/\\\/secure.gravatar.com\\\/avatar\\\/9167d280179c85bc18be67aa7eda765854300033af4896dd779b608640f2ef7a?s=96&d=mm&r=g\",\"url\":\"https:\\\/\\\/secure.gravatar.com\\\/avatar\\\/9167d280179c85bc18be67aa7eda765854300033af4896dd779b608640f2ef7a?s=96&d=mm&r=g\",\"contentUrl\":\"https:\\\/\\\/secure.gravatar.com\\\/avatar\\\/9167d280179c85bc18be67aa7eda765854300033af4896dd779b608640f2ef7a?s=96&d=mm&r=g\",\"caption\":\"Diario1 Diario1\"},\"url\":\"https:\\\/\\\/diariotextual.com\\\/inicio\\\/index.php\\\/author\\\/diario1\\\/\"}]}<\/script>\n<!-- \/ Yoast SEO plugin. -->","yoast_head_json":{"title":"Arranc\u00f3 el paro de una semana: docentes de la UNLPam exigen que el Gobierno nacional convoque a paritarias - Diario Textual","robots":{"index":"index","follow":"follow","max-snippet":"max-snippet:-1","max-image-preview":"max-image-preview:large","max-video-preview":"max-video-preview:-1"},"canonical":"https:\/\/diariotextual.com\/inicio\/index.php\/2026\/03\/16\/desde-el-lunes-al-viernes-de-paro-docentes-de-la-unlpam-exigen-que-el-gobierno-nacional-convoque-a-paritarias\/","og_locale":"es_ES","og_type":"article","og_title":"Arranc\u00f3 el paro de una semana: docentes de la UNLPam exigen que el Gobierno nacional convoque a paritarias - Diario Textual","og_description":"Este lunes arranc\u00f3 el paro de una semana de los universitarios. La Federaci\u00f3n Nacional de Docentes Universitarios (Conadu) resolvi\u00f3 un plan de paros progresivos para todo el semestre, en reclamo&hellip;","og_url":"https:\/\/diariotextual.com\/inicio\/index.php\/2026\/03\/16\/desde-el-lunes-al-viernes-de-paro-docentes-de-la-unlpam-exigen-que-el-gobierno-nacional-convoque-a-paritarias\/","og_site_name":"Diario Textual","article_publisher":"https:\/\/www.facebook.com\/eltextual","article_published_time":"2026-03-16T19:16:00+00:00","article_modified_time":"2026-03-16T19:31:15+00:00","og_image":[{"width":1200,"height":741,"url":"https:\/\/diariotextual.com\/inicio\/wp-content\/uploads\/2025\/09\/marchafederaluniversitariunlpamsantarosa17septiembre2025-3.jpg","type":"image\/jpeg"}],"author":"Diario1 Diario1","twitter_card":"summary_large_image","twitter_creator":"@eltextual","twitter_site":"@eltextual","twitter_misc":{"Escrito por":"Diario1 Diario1","Tiempo de lectura":"3 minutos"},"schema":{"@context":"https:\/\/schema.org","@graph":[{"@type":"Article","@id":"https:\/\/diariotextual.com\/inicio\/index.php\/2026\/03\/16\/desde-el-lunes-al-viernes-de-paro-docentes-de-la-unlpam-exigen-que-el-gobierno-nacional-convoque-a-paritarias\/#article","isPartOf":{"@id":"https:\/\/diariotextual.com\/inicio\/index.php\/2026\/03\/16\/desde-el-lunes-al-viernes-de-paro-docentes-de-la-unlpam-exigen-que-el-gobierno-nacional-convoque-a-paritarias\/"},"author":{"name":"Diario1 Diario1","@id":"https:\/\/diariotextual.com\/inicio\/#\/schema\/person\/418fc4093c33e86ed41562db3508f958"},"headline":"Arranc\u00f3 el paro de una semana: docentes de la UNLPam exigen que el Gobierno nacional convoque a paritarias","datePublished":"2026-03-16T19:16:00+00:00","dateModified":"2026-03-16T19:31:15+00:00","mainEntityOfPage":{"@id":"https:\/\/diariotextual.com\/inicio\/index.php\/2026\/03\/16\/desde-el-lunes-al-viernes-de-paro-docentes-de-la-unlpam-exigen-que-el-gobierno-nacional-convoque-a-paritarias\/"},"wordCount":575,"publisher":{"@id":"https:\/\/diariotextual.com\/inicio\/#organization"},"image":{"@id":"https:\/\/diariotextual.com\/inicio\/index.php\/2026\/03\/16\/desde-el-lunes-al-viernes-de-paro-docentes-de-la-unlpam-exigen-que-el-gobierno-nacional-convoque-a-paritarias\/#primaryimage"},"thumbnailUrl":"https:\/\/diariotextual.com\/inicio\/wp-content\/uploads\/2025\/09\/marchafederaluniversitariunlpamsantarosa17septiembre2025-3.jpg","articleSection":["A - ES NOTICIA (van abajo)","A - QUE PASA (al costado)","POLITICA"],"inLanguage":"es"},{"@type":"WebPage","@id":"https:\/\/diariotextual.com\/inicio\/index.php\/2026\/03\/16\/desde-el-lunes-al-viernes-de-paro-docentes-de-la-unlpam-exigen-que-el-gobierno-nacional-convoque-a-paritarias\/","url":"https:\/\/diariotextual.com\/inicio\/index.php\/2026\/03\/16\/desde-el-lunes-al-viernes-de-paro-docentes-de-la-unlpam-exigen-que-el-gobierno-nacional-convoque-a-paritarias\/","name":"Arranc\u00f3 el paro de una semana: docentes de la UNLPam exigen que el Gobierno nacional convoque a paritarias - Diario Textual","isPartOf":{"@id":"https:\/\/diariotextual.com\/inicio\/#website"},"primaryImageOfPage":{"@id":"https:\/\/diariotextual.com\/inicio\/index.php\/2026\/03\/16\/desde-el-lunes-al-viernes-de-paro-docentes-de-la-unlpam-exigen-que-el-gobierno-nacional-convoque-a-paritarias\/#primaryimage"},"image":{"@id":"https:\/\/diariotextual.com\/inicio\/index.php\/2026\/03\/16\/desde-el-lunes-al-viernes-de-paro-docentes-de-la-unlpam-exigen-que-el-gobierno-nacional-convoque-a-paritarias\/#primaryimage"},"thumbnailUrl":"https:\/\/diariotextual.com\/inicio\/wp-content\/uploads\/2025\/09\/marchafederaluniversitariunlpamsantarosa17septiembre2025-3.jpg","datePublished":"2026-03-16T19:16:00+00:00","dateModified":"2026-03-16T19:31:15+00:00","breadcrumb":{"@id":"https:\/\/diariotextual.com\/inicio\/index.php\/2026\/03\/16\/desde-el-lunes-al-viernes-de-paro-docentes-de-la-unlpam-exigen-que-el-gobierno-nacional-convoque-a-paritarias\/#breadcrumb"},"inLanguage":"es","potentialAction":[{"@type":"ReadAction","target":["https:\/\/diariotextual.com\/inicio\/index.php\/2026\/03\/16\/desde-el-lunes-al-viernes-de-paro-docentes-de-la-unlpam-exigen-que-el-gobierno-nacional-convoque-a-paritarias\/"]}]},{"@type":"ImageObject","inLanguage":"es","@id":"https:\/\/diariotextual.com\/inicio\/index.php\/2026\/03\/16\/desde-el-lunes-al-viernes-de-paro-docentes-de-la-unlpam-exigen-que-el-gobierno-nacional-convoque-a-paritarias\/#primaryimage","url":"https:\/\/diariotextual.com\/inicio\/wp-content\/uploads\/2025\/09\/marchafederaluniversitariunlpamsantarosa17septiembre2025-3.jpg","contentUrl":"https:\/\/diariotextual.com\/inicio\/wp-content\/uploads\/2025\/09\/marchafederaluniversitariunlpamsantarosa17septiembre2025-3.jpg","width":1200,"height":741},{"@type":"BreadcrumbList","@id":"https:\/\/diariotextual.com\/inicio\/index.php\/2026\/03\/16\/desde-el-lunes-al-viernes-de-paro-docentes-de-la-unlpam-exigen-que-el-gobierno-nacional-convoque-a-paritarias\/#breadcrumb","itemListElement":[{"@type":"ListItem","position":1,"name":"Portada","item":"https:\/\/diariotextual.com\/inicio\/"},{"@type":"ListItem","position":2,"name":"Arranc\u00f3 el paro de una semana: docentes de la UNLPam exigen que el Gobierno nacional convoque a paritarias"}]},{"@type":"WebSite","@id":"https:\/\/diariotextual.com\/inicio\/#website","url":"https:\/\/diariotextual.com\/inicio\/","name":"Diario Textual","description":"","publisher":{"@id":"https:\/\/diariotextual.com\/inicio\/#organization"},"potentialAction":[{"@type":"SearchAction","target":{"@type":"EntryPoint","urlTemplate":"https:\/\/diariotextual.com\/inicio\/?s={search_term_string}"},"query-input":{"@type":"PropertyValueSpecification","valueRequired":true,"valueName":"search_term_string"}}],"inLanguage":"es"},{"@type":"Organization","@id":"https:\/\/diariotextual.com\/inicio\/#organization","name":"Diario Textual","url":"https:\/\/diariotextual.com\/inicio\/","logo":{"@type":"ImageObject","inLanguage":"es","@id":"https:\/\/diariotextual.com\/inicio\/#\/schema\/logo\/image\/","url":"https:\/\/diariotextual.com\/inicio\/wp-content\/uploads\/2023\/05\/logotextual1.jpg","contentUrl":"https:\/\/diariotextual.com\/inicio\/wp-content\/uploads\/2023\/05\/logotextual1.jpg","width":516,"height":76,"caption":"Diario Textual"},"image":{"@id":"https:\/\/diariotextual.com\/inicio\/#\/schema\/logo\/image\/"},"sameAs":["https:\/\/www.facebook.com\/eltextual","https:\/\/x.com\/eltextual","http:\/\/www.instagram.com\/eltextual"]},{"@type":"Person","@id":"https:\/\/diariotextual.com\/inicio\/#\/schema\/person\/418fc4093c33e86ed41562db3508f958","name":"Diario1 Diario1","image":{"@type":"ImageObject","inLanguage":"es","@id":"https:\/\/secure.gravatar.com\/avatar\/9167d280179c85bc18be67aa7eda765854300033af4896dd779b608640f2ef7a?s=96&d=mm&r=g","url":"https:\/\/secure.gravatar.com\/avatar\/9167d280179c85bc18be67aa7eda765854300033af4896dd779b608640f2ef7a?s=96&d=mm&r=g","contentUrl":"https:\/\/secure.gravatar.com\/avatar\/9167d280179c85bc18be67aa7eda765854300033af4896dd779b608640f2ef7a?s=96&d=mm&r=g","caption":"Diario1 Diario1"},"url":"https:\/\/diariotextual.com\/inicio\/index.php\/author\/diario1\/"}]}},"_links":{"self":[{"href":"https:\/\/diariotextual.com\/inicio\/index.php\/wp-json\/wp\/v2\/posts\/322340","targetHints":{"allow":["GET"]}}],"collection":[{"href":"https:\/\/diariotextual.com\/inicio\/index.php\/wp-json\/wp\/v2\/posts"}],"about":[{"href":"https:\/\/diariotextual.com\/inicio\/index.php\/wp-json\/wp\/v2\/types\/post"}],"author":[{"embeddable":true,"href":"https:\/\/diariotextual.com\/inicio\/index.php\/wp-json\/wp\/v2\/users\/3"}],"replies":[{"embeddable":true,"href":"https:\/\/diariotextual.com\/inicio\/index.php\/wp-json\/wp\/v2\/comments?post=322340"}],"version-history":[{"count":3,"href":"https:\/\/diariotextual.com\/inicio\/index.php\/wp-json\/wp\/v2\/posts\/322340\/revisions"}],"predecessor-version":[{"id":322371,"href":"https:\/\/diariotextual.com\/inicio\/index.php\/wp-json\/wp\/v2\/posts\/322340\/revisions\/322371"}],"wp:featuredmedia":[{"embeddable":true,"href":"https:\/\/diariotextual.com\/inicio\/index.php\/wp-json\/wp\/v2\/media\/307553"}],"wp:attachment":[{"href":"https:\/\/diariotextual.com\/inicio\/index.php\/wp-json\/wp\/v2\/media?parent=322340"}],"wp:term":[{"taxonomy":"category","embeddable":true,"href":"https:\/\/diariotextual.com\/inicio\/index.php\/wp-json\/wp\/v2\/categories?post=322340"},{"taxonomy":"post_tag","embeddable":true,"href":"https:\/\/diariotextual.com\/inicio\/index.php\/wp-json\/wp\/v2\/tags?post=322340"}],"curies":[{"name":"wp","href":"https:\/\/api.w.org\/{rel}","templated":true}]}}