{"id":322346,"date":"2026-03-15T19:39:08","date_gmt":"2026-03-15T22:39:08","guid":{"rendered":"https:\/\/diariotextual.com\/inicio\/?p=322346"},"modified":"2026-03-16T12:45:10","modified_gmt":"2026-03-16T15:45:10","slug":"temporal-la-provincia-invertira-684-millones-para-reparar-la-escuela-78-de-santa-rosa","status":"publish","type":"post","link":"https:\/\/diariotextual.com\/inicio\/index.php\/2026\/03\/15\/temporal-la-provincia-invertira-684-millones-para-reparar-la-escuela-78-de-santa-rosa\/","title":{"rendered":"Temporal: la Provincia invertir\u00e1 $684 millones para reparar la Escuela 78 de Santa Rosa"},"content":{"rendered":"\n<p>El <strong>Gobierno de La Pampa<\/strong> adjudic\u00f3 la obra de <strong>reparaciones generales en la Escuela N\u00b0 78 de Santa Rosa<\/strong>, uno de los establecimientos educativos que sufri\u00f3 <strong>da\u00f1os significativos durante el temporal de viento y lluvia del 18 de febrero<\/strong>. La intervenci\u00f3n demandar\u00e1 una inversi\u00f3n de <strong>$684.952.606<\/strong> y tendr\u00e1 un <strong>plazo de ejecuci\u00f3n de 120 d\u00edas<\/strong>.<\/p>\n\n\n\n<p>La medida se formaliz\u00f3 mediante <strong>decreto del Poder Ejecutivo provincial<\/strong> en el marco de las acciones destinadas a <strong>recuperar la infraestructura escolar afectada por la tormenta<\/strong>. La obra fue adjudicada mediante <strong>contrataci\u00f3n directa por razones de urgencia<\/strong> a la empresa <strong>B. K. Construcciones<\/strong>, representada por <strong>Luis Mar\u00eda Kenf<\/strong>.<\/p>\n\n\n\n<p>La decisi\u00f3n se encuadra en el <strong>Decreto N\u00b0 163\/2026<\/strong>, que declar\u00f3 en <strong>estado de urgencia a los edificios escolares de Santa Rosa y Toay da\u00f1ados por el temporal<\/strong>, y habilit\u00f3 al <strong>Ministerio de Obras y Servicios P\u00fablicos<\/strong> a <strong>acelerar los procesos administrativos para ejecutar trabajos de reparaci\u00f3n y refacci\u00f3n<\/strong>.<\/p>\n\n\n\n<p>De acuerdo con la documentaci\u00f3n t\u00e9cnica aprobada por la <strong>Direcci\u00f3n General de Obras P\u00fablicas<\/strong>, los trabajos en la <strong>Escuela N\u00b0 78<\/strong> demandar\u00e1n una inversi\u00f3n de <strong>$684.952.606,01 -a valores de febrero de 2026-<\/strong> y deber\u00e1n ejecutarse en <strong>120 d\u00edas corridos desde el acta de inicio<\/strong>.<\/p>\n\n\n\n<div style=\"height:100px\" aria-hidden=\"true\" class=\"wp-block-spacer\"><\/div>\n\n\n\n<p><strong>Plan de reparaciones<\/strong><\/p>\n\n\n\n<p>Las obras forman parte de un <strong>plan de intervenciones en establecimientos educativos de Santa Rosa afectados por el temporal<\/strong>. En total, la inversi\u00f3n prevista <strong>supera los $1.466 millones<\/strong>.<\/p>\n\n\n\n<p>Entre las intervenciones ya adjudicadas figuran las <strong>reparaciones generales en la Escuela N\u00b0 27<\/strong>, a cargo de <strong>Materiales Butal\u00f3 S. R. L.<\/strong>, con un presupuesto de <strong>$116.037.903,27<\/strong> y un plazo de <strong>90 d\u00edas<\/strong>.<\/p>\n\n\n\n<p>Tambi\u00e9n se realizan trabajos en la <strong>Escuela N\u00b0 219<\/strong>, cuya obra fue adjudicada a <strong>Canalis Antonella Yanet<\/strong> por <strong>$249.563.614,69<\/strong>, con un plazo de <strong>90 d\u00edas<\/strong>. En la <strong>Escuela N\u00b0 25<\/strong>, en tanto, las tareas quedaron a cargo de <strong>Abbona Jos\u00e9 Walter<\/strong> por <strong>$38.324.351,16<\/strong>, tambi\u00e9n con un plazo de <strong>90 d\u00edas<\/strong>.<\/p>\n\n\n\n<p>A su vez, las reparaciones en la <strong>Escuela N\u00b0 6<\/strong> fueron adjudicadas a <strong>Iaco Construcciones S. A.<\/strong> por <strong>$181.994.025<\/strong>, con un plazo de ejecuci\u00f3n de <strong>100 d\u00edas<\/strong>.<\/p>\n\n\n\n<p>Por su parte, el <strong>Centro Provincial de Formaci\u00f3n Profesional N\u00b0 3<\/strong> ser\u00e1 intervenido por <strong>Innokonst S. A.<\/strong>, que realizar\u00e1 trabajos por <strong>$142.197.949,45<\/strong> con un plazo de <strong>90 d\u00edas<\/strong>.<\/p>\n\n\n\n<p>Finalmente, la <strong>reparaci\u00f3n general en la EPET N\u00b0 1<\/strong> fue adjudicada a <strong>Ledesma Zulema Beatriz<\/strong> por <strong>$53.581.233,97<\/strong>, tambi\u00e9n con un plazo de <strong>90 d\u00edas<\/strong>.<\/p>\n\n\n\n<div style=\"height:100px\" aria-hidden=\"true\" class=\"wp-block-spacer\"><\/div>\n\n\n\n<p><strong>Relevamiento luego del temporal<\/strong><\/p>\n\n\n\n<p>Luego del <strong>temporal del 18 de febrero<\/strong>, el <strong>Gobierno provincial<\/strong> dispuso un <strong>relevamiento t\u00e9cnico en los 112 establecimientos educativos de Santa Rosa<\/strong>. El diagn\u00f3stico determin\u00f3 que <strong>la mayor\u00eda presentaba da\u00f1os menores<\/strong>, principalmente por <strong>ca\u00edda de \u00e1rboles y afectaciones superficiales<\/strong>, aunque en varios edificios se detectaron <strong>problemas estructurales que requirieron intervenciones espec\u00edficas<\/strong>.<\/p>\n\n\n\n<p>A pesar de los da\u00f1os ocasionados por el fen\u00f3meno clim\u00e1tico, el <strong>ciclo lectivo 2026 comenz\u00f3 con normalidad el 2 de marzo<\/strong>, a partir de <strong>tareas de emergencia y de la intervenci\u00f3n de equipos t\u00e9cnicos del Gobierno provincial para garantizar condiciones seguras en los establecimientos educativos<\/strong>.<\/p>\n","protected":false},"excerpt":{"rendered":"<p>El Gobierno de La Pampa adjudic\u00f3 la obra de reparaciones generales en la Escuela N\u00b0 78 de Santa Rosa, uno de los establecimientos educativos que sufri\u00f3 da\u00f1os significativos durante el&hellip;<\/p>\n","protected":false},"author":3,"featured_media":322349,"comment_status":"closed","ping_status":"open","sticky":false,"template":"","format":"standard","meta":{"_acf_changed":false,"footnotes":""},"categories":[1,11,12],"tags":[],"class_list":["post-322346","post","type-post","status-publish","format-standard","has-post-thumbnail","hentry","category-es-noticia","category-que-pasa","category-sociedad"],"acf":[],"yoast_head":"<!-- This site is optimized with the Yoast SEO plugin v27.5 - https:\/\/yoast.com\/product\/yoast-seo-wordpress\/ -->\n<title>Temporal: la Provincia invertir\u00e1 $684 millones para reparar la Escuela 78 de Santa Rosa - Diario Textual<\/title>\n<meta name=\"robots\" content=\"index, follow, max-snippet:-1, max-image-preview:large, max-video-preview:-1\" \/>\n<link rel=\"canonical\" href=\"https:\/\/diariotextual.com\/inicio\/index.php\/2026\/03\/15\/temporal-la-provincia-invertira-684-millones-para-reparar-la-escuela-78-de-santa-rosa\/\" \/>\n<meta property=\"og:locale\" content=\"es_ES\" \/>\n<meta property=\"og:type\" content=\"article\" \/>\n<meta property=\"og:title\" content=\"Temporal: la Provincia invertir\u00e1 $684 millones para reparar la Escuela 78 de Santa Rosa - Diario Textual\" \/>\n<meta property=\"og:description\" content=\"El Gobierno de La Pampa adjudic\u00f3 la obra de reparaciones generales en la Escuela N\u00b0 78 de Santa Rosa, uno de los establecimientos educativos que sufri\u00f3 da\u00f1os significativos durante el&hellip;\" \/>\n<meta property=\"og:url\" content=\"https:\/\/diariotextual.com\/inicio\/index.php\/2026\/03\/15\/temporal-la-provincia-invertira-684-millones-para-reparar-la-escuela-78-de-santa-rosa\/\" \/>\n<meta property=\"og:site_name\" content=\"Diario Textual\" \/>\n<meta property=\"article:publisher\" content=\"https:\/\/www.facebook.com\/eltextual\" \/>\n<meta property=\"article:published_time\" content=\"2026-03-15T22:39:08+00:00\" \/>\n<meta property=\"article:modified_time\" content=\"2026-03-16T15:45:10+00:00\" \/>\n<meta property=\"og:image\" content=\"https:\/\/diariotextual.com\/inicio\/wp-content\/uploads\/2026\/03\/escuela78santarosa2026-1.jpg\" \/>\n\t<meta property=\"og:image:width\" content=\"1200\" \/>\n\t<meta property=\"og:image:height\" content=\"800\" \/>\n\t<meta property=\"og:image:type\" content=\"image\/jpeg\" \/>\n<meta name=\"author\" content=\"Diario1 Diario1\" \/>\n<meta name=\"twitter:card\" content=\"summary_large_image\" \/>\n<meta name=\"twitter:creator\" content=\"@eltextual\" \/>\n<meta name=\"twitter:site\" content=\"@eltextual\" \/>\n<meta name=\"twitter:label1\" content=\"Escrito por\" \/>\n\t<meta name=\"twitter:data1\" content=\"Diario1 Diario1\" \/>\n\t<meta name=\"twitter:label2\" content=\"Tiempo de lectura\" \/>\n\t<meta name=\"twitter:data2\" content=\"3 minutos\" \/>\n<script type=\"application\/ld+json\" class=\"yoast-schema-graph\">{\"@context\":\"https:\\\/\\\/schema.org\",\"@graph\":[{\"@type\":\"Article\",\"@id\":\"https:\\\/\\\/diariotextual.com\\\/inicio\\\/index.php\\\/2026\\\/03\\\/15\\\/temporal-la-provincia-invertira-684-millones-para-reparar-la-escuela-78-de-santa-rosa\\\/#article\",\"isPartOf\":{\"@id\":\"https:\\\/\\\/diariotextual.com\\\/inicio\\\/index.php\\\/2026\\\/03\\\/15\\\/temporal-la-provincia-invertira-684-millones-para-reparar-la-escuela-78-de-santa-rosa\\\/\"},\"author\":{\"name\":\"Diario1 Diario1\",\"@id\":\"https:\\\/\\\/diariotextual.com\\\/inicio\\\/#\\\/schema\\\/person\\\/418fc4093c33e86ed41562db3508f958\"},\"headline\":\"Temporal: la Provincia invertir\u00e1 $684 millones para reparar la Escuela 78 de Santa Rosa\",\"datePublished\":\"2026-03-15T22:39:08+00:00\",\"dateModified\":\"2026-03-16T15:45:10+00:00\",\"mainEntityOfPage\":{\"@id\":\"https:\\\/\\\/diariotextual.com\\\/inicio\\\/index.php\\\/2026\\\/03\\\/15\\\/temporal-la-provincia-invertira-684-millones-para-reparar-la-escuela-78-de-santa-rosa\\\/\"},\"wordCount\":514,\"publisher\":{\"@id\":\"https:\\\/\\\/diariotextual.com\\\/inicio\\\/#organization\"},\"image\":{\"@id\":\"https:\\\/\\\/diariotextual.com\\\/inicio\\\/index.php\\\/2026\\\/03\\\/15\\\/temporal-la-provincia-invertira-684-millones-para-reparar-la-escuela-78-de-santa-rosa\\\/#primaryimage\"},\"thumbnailUrl\":\"https:\\\/\\\/diariotextual.com\\\/inicio\\\/wp-content\\\/uploads\\\/2026\\\/03\\\/escuela78santarosa2026-1.jpg\",\"articleSection\":[\"A - ES NOTICIA (van abajo)\",\"A - QUE PASA (al costado)\",\"SOCIEDAD\"],\"inLanguage\":\"es\"},{\"@type\":\"WebPage\",\"@id\":\"https:\\\/\\\/diariotextual.com\\\/inicio\\\/index.php\\\/2026\\\/03\\\/15\\\/temporal-la-provincia-invertira-684-millones-para-reparar-la-escuela-78-de-santa-rosa\\\/\",\"url\":\"https:\\\/\\\/diariotextual.com\\\/inicio\\\/index.php\\\/2026\\\/03\\\/15\\\/temporal-la-provincia-invertira-684-millones-para-reparar-la-escuela-78-de-santa-rosa\\\/\",\"name\":\"Temporal: la Provincia invertir\u00e1 $684 millones para reparar la Escuela 78 de Santa Rosa - Diario Textual\",\"isPartOf\":{\"@id\":\"https:\\\/\\\/diariotextual.com\\\/inicio\\\/#website\"},\"primaryImageOfPage\":{\"@id\":\"https:\\\/\\\/diariotextual.com\\\/inicio\\\/index.php\\\/2026\\\/03\\\/15\\\/temporal-la-provincia-invertira-684-millones-para-reparar-la-escuela-78-de-santa-rosa\\\/#primaryimage\"},\"image\":{\"@id\":\"https:\\\/\\\/diariotextual.com\\\/inicio\\\/index.php\\\/2026\\\/03\\\/15\\\/temporal-la-provincia-invertira-684-millones-para-reparar-la-escuela-78-de-santa-rosa\\\/#primaryimage\"},\"thumbnailUrl\":\"https:\\\/\\\/diariotextual.com\\\/inicio\\\/wp-content\\\/uploads\\\/2026\\\/03\\\/escuela78santarosa2026-1.jpg\",\"datePublished\":\"2026-03-15T22:39:08+00:00\",\"dateModified\":\"2026-03-16T15:45:10+00:00\",\"breadcrumb\":{\"@id\":\"https:\\\/\\\/diariotextual.com\\\/inicio\\\/index.php\\\/2026\\\/03\\\/15\\\/temporal-la-provincia-invertira-684-millones-para-reparar-la-escuela-78-de-santa-rosa\\\/#breadcrumb\"},\"inLanguage\":\"es\",\"potentialAction\":[{\"@type\":\"ReadAction\",\"target\":[\"https:\\\/\\\/diariotextual.com\\\/inicio\\\/index.php\\\/2026\\\/03\\\/15\\\/temporal-la-provincia-invertira-684-millones-para-reparar-la-escuela-78-de-santa-rosa\\\/\"]}]},{\"@type\":\"ImageObject\",\"inLanguage\":\"es\",\"@id\":\"https:\\\/\\\/diariotextual.com\\\/inicio\\\/index.php\\\/2026\\\/03\\\/15\\\/temporal-la-provincia-invertira-684-millones-para-reparar-la-escuela-78-de-santa-rosa\\\/#primaryimage\",\"url\":\"https:\\\/\\\/diariotextual.com\\\/inicio\\\/wp-content\\\/uploads\\\/2026\\\/03\\\/escuela78santarosa2026-1.jpg\",\"contentUrl\":\"https:\\\/\\\/diariotextual.com\\\/inicio\\\/wp-content\\\/uploads\\\/2026\\\/03\\\/escuela78santarosa2026-1.jpg\",\"width\":1200,\"height\":800},{\"@type\":\"BreadcrumbList\",\"@id\":\"https:\\\/\\\/diariotextual.com\\\/inicio\\\/index.php\\\/2026\\\/03\\\/15\\\/temporal-la-provincia-invertira-684-millones-para-reparar-la-escuela-78-de-santa-rosa\\\/#breadcrumb\",\"itemListElement\":[{\"@type\":\"ListItem\",\"position\":1,\"name\":\"Portada\",\"item\":\"https:\\\/\\\/diariotextual.com\\\/inicio\\\/\"},{\"@type\":\"ListItem\",\"position\":2,\"name\":\"Temporal: la Provincia invertir\u00e1 $684 millones para reparar la Escuela 78 de Santa Rosa\"}]},{\"@type\":\"WebSite\",\"@id\":\"https:\\\/\\\/diariotextual.com\\\/inicio\\\/#website\",\"url\":\"https:\\\/\\\/diariotextual.com\\\/inicio\\\/\",\"name\":\"Diario Textual\",\"description\":\"\",\"publisher\":{\"@id\":\"https:\\\/\\\/diariotextual.com\\\/inicio\\\/#organization\"},\"potentialAction\":[{\"@type\":\"SearchAction\",\"target\":{\"@type\":\"EntryPoint\",\"urlTemplate\":\"https:\\\/\\\/diariotextual.com\\\/inicio\\\/?s={search_term_string}\"},\"query-input\":{\"@type\":\"PropertyValueSpecification\",\"valueRequired\":true,\"valueName\":\"search_term_string\"}}],\"inLanguage\":\"es\"},{\"@type\":\"Organization\",\"@id\":\"https:\\\/\\\/diariotextual.com\\\/inicio\\\/#organization\",\"name\":\"Diario Textual\",\"url\":\"https:\\\/\\\/diariotextual.com\\\/inicio\\\/\",\"logo\":{\"@type\":\"ImageObject\",\"inLanguage\":\"es\",\"@id\":\"https:\\\/\\\/diariotextual.com\\\/inicio\\\/#\\\/schema\\\/logo\\\/image\\\/\",\"url\":\"https:\\\/\\\/diariotextual.com\\\/inicio\\\/wp-content\\\/uploads\\\/2023\\\/05\\\/logotextual1.jpg\",\"contentUrl\":\"https:\\\/\\\/diariotextual.com\\\/inicio\\\/wp-content\\\/uploads\\\/2023\\\/05\\\/logotextual1.jpg\",\"width\":516,\"height\":76,\"caption\":\"Diario Textual\"},\"image\":{\"@id\":\"https:\\\/\\\/diariotextual.com\\\/inicio\\\/#\\\/schema\\\/logo\\\/image\\\/\"},\"sameAs\":[\"https:\\\/\\\/www.facebook.com\\\/eltextual\",\"https:\\\/\\\/x.com\\\/eltextual\",\"http:\\\/\\\/www.instagram.com\\\/eltextual\"]},{\"@type\":\"Person\",\"@id\":\"https:\\\/\\\/diariotextual.com\\\/inicio\\\/#\\\/schema\\\/person\\\/418fc4093c33e86ed41562db3508f958\",\"name\":\"Diario1 Diario1\",\"image\":{\"@type\":\"ImageObject\",\"inLanguage\":\"es\",\"@id\":\"https:\\\/\\\/secure.gravatar.com\\\/avatar\\\/9167d280179c85bc18be67aa7eda765854300033af4896dd779b608640f2ef7a?s=96&d=mm&r=g\",\"url\":\"https:\\\/\\\/secure.gravatar.com\\\/avatar\\\/9167d280179c85bc18be67aa7eda765854300033af4896dd779b608640f2ef7a?s=96&d=mm&r=g\",\"contentUrl\":\"https:\\\/\\\/secure.gravatar.com\\\/avatar\\\/9167d280179c85bc18be67aa7eda765854300033af4896dd779b608640f2ef7a?s=96&d=mm&r=g\",\"caption\":\"Diario1 Diario1\"},\"url\":\"https:\\\/\\\/diariotextual.com\\\/inicio\\\/index.php\\\/author\\\/diario1\\\/\"}]}<\/script>\n<!-- \/ Yoast SEO plugin. -->","yoast_head_json":{"title":"Temporal: la Provincia invertir\u00e1 $684 millones para reparar la Escuela 78 de Santa Rosa - Diario Textual","robots":{"index":"index","follow":"follow","max-snippet":"max-snippet:-1","max-image-preview":"max-image-preview:large","max-video-preview":"max-video-preview:-1"},"canonical":"https:\/\/diariotextual.com\/inicio\/index.php\/2026\/03\/15\/temporal-la-provincia-invertira-684-millones-para-reparar-la-escuela-78-de-santa-rosa\/","og_locale":"es_ES","og_type":"article","og_title":"Temporal: la Provincia invertir\u00e1 $684 millones para reparar la Escuela 78 de Santa Rosa - Diario Textual","og_description":"El Gobierno de La Pampa adjudic\u00f3 la obra de reparaciones generales en la Escuela N\u00b0 78 de Santa Rosa, uno de los establecimientos educativos que sufri\u00f3 da\u00f1os significativos durante el&hellip;","og_url":"https:\/\/diariotextual.com\/inicio\/index.php\/2026\/03\/15\/temporal-la-provincia-invertira-684-millones-para-reparar-la-escuela-78-de-santa-rosa\/","og_site_name":"Diario Textual","article_publisher":"https:\/\/www.facebook.com\/eltextual","article_published_time":"2026-03-15T22:39:08+00:00","article_modified_time":"2026-03-16T15:45:10+00:00","og_image":[{"width":1200,"height":800,"url":"https:\/\/diariotextual.com\/inicio\/wp-content\/uploads\/2026\/03\/escuela78santarosa2026-1.jpg","type":"image\/jpeg"}],"author":"Diario1 Diario1","twitter_card":"summary_large_image","twitter_creator":"@eltextual","twitter_site":"@eltextual","twitter_misc":{"Escrito por":"Diario1 Diario1","Tiempo de lectura":"3 minutos"},"schema":{"@context":"https:\/\/schema.org","@graph":[{"@type":"Article","@id":"https:\/\/diariotextual.com\/inicio\/index.php\/2026\/03\/15\/temporal-la-provincia-invertira-684-millones-para-reparar-la-escuela-78-de-santa-rosa\/#article","isPartOf":{"@id":"https:\/\/diariotextual.com\/inicio\/index.php\/2026\/03\/15\/temporal-la-provincia-invertira-684-millones-para-reparar-la-escuela-78-de-santa-rosa\/"},"author":{"name":"Diario1 Diario1","@id":"https:\/\/diariotextual.com\/inicio\/#\/schema\/person\/418fc4093c33e86ed41562db3508f958"},"headline":"Temporal: la Provincia invertir\u00e1 $684 millones para reparar la Escuela 78 de Santa Rosa","datePublished":"2026-03-15T22:39:08+00:00","dateModified":"2026-03-16T15:45:10+00:00","mainEntityOfPage":{"@id":"https:\/\/diariotextual.com\/inicio\/index.php\/2026\/03\/15\/temporal-la-provincia-invertira-684-millones-para-reparar-la-escuela-78-de-santa-rosa\/"},"wordCount":514,"publisher":{"@id":"https:\/\/diariotextual.com\/inicio\/#organization"},"image":{"@id":"https:\/\/diariotextual.com\/inicio\/index.php\/2026\/03\/15\/temporal-la-provincia-invertira-684-millones-para-reparar-la-escuela-78-de-santa-rosa\/#primaryimage"},"thumbnailUrl":"https:\/\/diariotextual.com\/inicio\/wp-content\/uploads\/2026\/03\/escuela78santarosa2026-1.jpg","articleSection":["A - ES NOTICIA (van abajo)","A - QUE PASA (al costado)","SOCIEDAD"],"inLanguage":"es"},{"@type":"WebPage","@id":"https:\/\/diariotextual.com\/inicio\/index.php\/2026\/03\/15\/temporal-la-provincia-invertira-684-millones-para-reparar-la-escuela-78-de-santa-rosa\/","url":"https:\/\/diariotextual.com\/inicio\/index.php\/2026\/03\/15\/temporal-la-provincia-invertira-684-millones-para-reparar-la-escuela-78-de-santa-rosa\/","name":"Temporal: la Provincia invertir\u00e1 $684 millones para reparar la Escuela 78 de Santa Rosa - Diario Textual","isPartOf":{"@id":"https:\/\/diariotextual.com\/inicio\/#website"},"primaryImageOfPage":{"@id":"https:\/\/diariotextual.com\/inicio\/index.php\/2026\/03\/15\/temporal-la-provincia-invertira-684-millones-para-reparar-la-escuela-78-de-santa-rosa\/#primaryimage"},"image":{"@id":"https:\/\/diariotextual.com\/inicio\/index.php\/2026\/03\/15\/temporal-la-provincia-invertira-684-millones-para-reparar-la-escuela-78-de-santa-rosa\/#primaryimage"},"thumbnailUrl":"https:\/\/diariotextual.com\/inicio\/wp-content\/uploads\/2026\/03\/escuela78santarosa2026-1.jpg","datePublished":"2026-03-15T22:39:08+00:00","dateModified":"2026-03-16T15:45:10+00:00","breadcrumb":{"@id":"https:\/\/diariotextual.com\/inicio\/index.php\/2026\/03\/15\/temporal-la-provincia-invertira-684-millones-para-reparar-la-escuela-78-de-santa-rosa\/#breadcrumb"},"inLanguage":"es","potentialAction":[{"@type":"ReadAction","target":["https:\/\/diariotextual.com\/inicio\/index.php\/2026\/03\/15\/temporal-la-provincia-invertira-684-millones-para-reparar-la-escuela-78-de-santa-rosa\/"]}]},{"@type":"ImageObject","inLanguage":"es","@id":"https:\/\/diariotextual.com\/inicio\/index.php\/2026\/03\/15\/temporal-la-provincia-invertira-684-millones-para-reparar-la-escuela-78-de-santa-rosa\/#primaryimage","url":"https:\/\/diariotextual.com\/inicio\/wp-content\/uploads\/2026\/03\/escuela78santarosa2026-1.jpg","contentUrl":"https:\/\/diariotextual.com\/inicio\/wp-content\/uploads\/2026\/03\/escuela78santarosa2026-1.jpg","width":1200,"height":800},{"@type":"BreadcrumbList","@id":"https:\/\/diariotextual.com\/inicio\/index.php\/2026\/03\/15\/temporal-la-provincia-invertira-684-millones-para-reparar-la-escuela-78-de-santa-rosa\/#breadcrumb","itemListElement":[{"@type":"ListItem","position":1,"name":"Portada","item":"https:\/\/diariotextual.com\/inicio\/"},{"@type":"ListItem","position":2,"name":"Temporal: la Provincia invertir\u00e1 $684 millones para reparar la Escuela 78 de Santa Rosa"}]},{"@type":"WebSite","@id":"https:\/\/diariotextual.com\/inicio\/#website","url":"https:\/\/diariotextual.com\/inicio\/","name":"Diario Textual","description":"","publisher":{"@id":"https:\/\/diariotextual.com\/inicio\/#organization"},"potentialAction":[{"@type":"SearchAction","target":{"@type":"EntryPoint","urlTemplate":"https:\/\/diariotextual.com\/inicio\/?s={search_term_string}"},"query-input":{"@type":"PropertyValueSpecification","valueRequired":true,"valueName":"search_term_string"}}],"inLanguage":"es"},{"@type":"Organization","@id":"https:\/\/diariotextual.com\/inicio\/#organization","name":"Diario Textual","url":"https:\/\/diariotextual.com\/inicio\/","logo":{"@type":"ImageObject","inLanguage":"es","@id":"https:\/\/diariotextual.com\/inicio\/#\/schema\/logo\/image\/","url":"https:\/\/diariotextual.com\/inicio\/wp-content\/uploads\/2023\/05\/logotextual1.jpg","contentUrl":"https:\/\/diariotextual.com\/inicio\/wp-content\/uploads\/2023\/05\/logotextual1.jpg","width":516,"height":76,"caption":"Diario Textual"},"image":{"@id":"https:\/\/diariotextual.com\/inicio\/#\/schema\/logo\/image\/"},"sameAs":["https:\/\/www.facebook.com\/eltextual","https:\/\/x.com\/eltextual","http:\/\/www.instagram.com\/eltextual"]},{"@type":"Person","@id":"https:\/\/diariotextual.com\/inicio\/#\/schema\/person\/418fc4093c33e86ed41562db3508f958","name":"Diario1 Diario1","image":{"@type":"ImageObject","inLanguage":"es","@id":"https:\/\/secure.gravatar.com\/avatar\/9167d280179c85bc18be67aa7eda765854300033af4896dd779b608640f2ef7a?s=96&d=mm&r=g","url":"https:\/\/secure.gravatar.com\/avatar\/9167d280179c85bc18be67aa7eda765854300033af4896dd779b608640f2ef7a?s=96&d=mm&r=g","contentUrl":"https:\/\/secure.gravatar.com\/avatar\/9167d280179c85bc18be67aa7eda765854300033af4896dd779b608640f2ef7a?s=96&d=mm&r=g","caption":"Diario1 Diario1"},"url":"https:\/\/diariotextual.com\/inicio\/index.php\/author\/diario1\/"}]}},"_links":{"self":[{"href":"https:\/\/diariotextual.com\/inicio\/index.php\/wp-json\/wp\/v2\/posts\/322346","targetHints":{"allow":["GET"]}}],"collection":[{"href":"https:\/\/diariotextual.com\/inicio\/index.php\/wp-json\/wp\/v2\/posts"}],"about":[{"href":"https:\/\/diariotextual.com\/inicio\/index.php\/wp-json\/wp\/v2\/types\/post"}],"author":[{"embeddable":true,"href":"https:\/\/diariotextual.com\/inicio\/index.php\/wp-json\/wp\/v2\/users\/3"}],"replies":[{"embeddable":true,"href":"https:\/\/diariotextual.com\/inicio\/index.php\/wp-json\/wp\/v2\/comments?post=322346"}],"version-history":[{"count":2,"href":"https:\/\/diariotextual.com\/inicio\/index.php\/wp-json\/wp\/v2\/posts\/322346\/revisions"}],"predecessor-version":[{"id":322348,"href":"https:\/\/diariotextual.com\/inicio\/index.php\/wp-json\/wp\/v2\/posts\/322346\/revisions\/322348"}],"wp:featuredmedia":[{"embeddable":true,"href":"https:\/\/diariotextual.com\/inicio\/index.php\/wp-json\/wp\/v2\/media\/322349"}],"wp:attachment":[{"href":"https:\/\/diariotextual.com\/inicio\/index.php\/wp-json\/wp\/v2\/media?parent=322346"}],"wp:term":[{"taxonomy":"category","embeddable":true,"href":"https:\/\/diariotextual.com\/inicio\/index.php\/wp-json\/wp\/v2\/categories?post=322346"},{"taxonomy":"post_tag","embeddable":true,"href":"https:\/\/diariotextual.com\/inicio\/index.php\/wp-json\/wp\/v2\/tags?post=322346"}],"curies":[{"name":"wp","href":"https:\/\/api.w.org\/{rel}","templated":true}]}}