{"id":322350,"date":"2026-03-15T22:19:23","date_gmt":"2026-03-16T01:19:23","guid":{"rendered":"https:\/\/diariotextual.com\/inicio\/?p=322350"},"modified":"2026-03-15T22:19:25","modified_gmt":"2026-03-16T01:19:25","slug":"tormentas-electricas-con-lluvia-y-caida-de-granizo-en-la-pampa","status":"publish","type":"post","link":"https:\/\/diariotextual.com\/inicio\/index.php\/2026\/03\/15\/tormentas-electricas-con-lluvia-y-caida-de-granizo-en-la-pampa\/","title":{"rendered":"Tormentas el\u00e9ctricas, con lluvia y ca\u00edda de granizo en La Pampa"},"content":{"rendered":"\n<p>Varias <strong>tormentas el\u00e9ctricas<\/strong> alcanzaron durante la tarde y la noche de este domingo a <strong>distintas localidades de La Pampa<\/strong>, con <strong>lluvias intensas y ca\u00edda de granizo<\/strong> en algunos sectores de la provincia.<\/p>\n\n\n\n<p>De acuerdo con los primeros reportes, en la <strong>zona de Guatrach\u00e9<\/strong> se registr\u00f3 <strong>ca\u00edda de piedra<\/strong>, mientras que cerca de las <strong>22 horas<\/strong> tambi\u00e9n se produjo <strong>granizo, acompa\u00f1ado de lluvia<\/strong>, en <strong>algunos sectores de Santa Rosa y Toay<\/strong>. La granizada dur\u00f3 menos de 10 minutos.<\/p>\n\n\n\n<p>Tambi\u00e9n graniz\u00f3 en Jag\u00fcel del Monte y El Durazno, entre otros sectores de la provincia.<\/p>\n\n\n\n<p>El fen\u00f3meno se produjo en el marco de una <strong>alerta meteorol\u00f3gica de muy corto plazo<\/strong> emitida durante la tarde por el Servicio Meteorol\u00f3gico Nacional, que advirti\u00f3 sobre <strong>tormentas fuertes con lluvias intensas, r\u00e1fagas y ocasional ca\u00edda de granizo<\/strong>, con una <strong>validez de dos horas desde cada emisi\u00f3n<\/strong>.<\/p>\n\n\n\n<p>El aviso incluy\u00f3 a varios departamentos de la provincia, entre ellos <strong>Atreuc\u00f3, Catril\u00f3, Guatrach\u00e9, Hucal, Limay Mahuida, Loventu\u00e9, Santa Rosa, Toay y Utrac\u00e1n<\/strong>, donde se esperaban <strong>fen\u00f3menos meteorol\u00f3gicos de intensidad variable<\/strong> durante la jornada.<\/p>\n\n\n\n<p>Desde la <strong>Polic\u00eda de La Pampa<\/strong> y la <strong>Direcci\u00f3n General de Defensa Civil de La Pampa<\/strong> recomendaron <strong>evitar actividades al aire libre, asegurar objetos que puedan volarse, no refugiarse debajo de \u00e1rboles y conducir con m\u00e1xima precauci\u00f3n<\/strong>.<\/p>\n\n\n\n<p>Las autoridades tambi\u00e9n recordaron que, <strong>ante emergencias<\/strong>, la poblaci\u00f3n puede comunicarse con la <strong>Polic\u00eda<\/strong> a trav\u00e9s del <strong>101<\/strong>.<\/p>\n","protected":false},"excerpt":{"rendered":"<p>Varias tormentas el\u00e9ctricas alcanzaron durante la tarde y la noche de este domingo a distintas localidades de La Pampa, con lluvias intensas y ca\u00edda de granizo en algunos sectores de&hellip;<\/p>\n","protected":false},"author":3,"featured_media":322353,"comment_status":"closed","ping_status":"open","sticky":false,"template":"","format":"standard","meta":{"_acf_changed":false,"footnotes":""},"categories":[1,12],"tags":[],"class_list":["post-322350","post","type-post","status-publish","format-standard","has-post-thumbnail","hentry","category-es-noticia","category-sociedad"],"acf":[],"yoast_head":"<!-- This site is optimized with the Yoast SEO plugin v27.5 - https:\/\/yoast.com\/product\/yoast-seo-wordpress\/ -->\n<title>Tormentas el\u00e9ctricas, con lluvia y ca\u00edda de granizo en La Pampa - Diario Textual<\/title>\n<meta name=\"robots\" content=\"index, follow, max-snippet:-1, max-image-preview:large, max-video-preview:-1\" \/>\n<link rel=\"canonical\" href=\"https:\/\/diariotextual.com\/inicio\/index.php\/2026\/03\/15\/tormentas-electricas-con-lluvia-y-caida-de-granizo-en-la-pampa\/\" \/>\n<meta property=\"og:locale\" content=\"es_ES\" \/>\n<meta property=\"og:type\" content=\"article\" \/>\n<meta property=\"og:title\" content=\"Tormentas el\u00e9ctricas, con lluvia y ca\u00edda de granizo en La Pampa - Diario Textual\" \/>\n<meta property=\"og:description\" content=\"Varias tormentas el\u00e9ctricas alcanzaron durante la tarde y la noche de este domingo a distintas localidades de La Pampa, con lluvias intensas y ca\u00edda de granizo en algunos sectores de&hellip;\" \/>\n<meta property=\"og:url\" content=\"https:\/\/diariotextual.com\/inicio\/index.php\/2026\/03\/15\/tormentas-electricas-con-lluvia-y-caida-de-granizo-en-la-pampa\/\" \/>\n<meta property=\"og:site_name\" content=\"Diario Textual\" \/>\n<meta property=\"article:publisher\" content=\"https:\/\/www.facebook.com\/eltextual\" \/>\n<meta property=\"article:published_time\" content=\"2026-03-16T01:19:23+00:00\" \/>\n<meta property=\"article:modified_time\" content=\"2026-03-16T01:19:25+00:00\" \/>\n<meta property=\"og:image\" content=\"https:\/\/diariotextual.com\/inicio\/wp-content\/uploads\/2026\/03\/granizo15marzo2026-19.jpg\" \/>\n\t<meta property=\"og:image:width\" content=\"1200\" \/>\n\t<meta property=\"og:image:height\" content=\"675\" \/>\n\t<meta property=\"og:image:type\" content=\"image\/jpeg\" \/>\n<meta name=\"author\" content=\"Diario1 Diario1\" \/>\n<meta name=\"twitter:card\" content=\"summary_large_image\" \/>\n<meta name=\"twitter:creator\" content=\"@eltextual\" \/>\n<meta name=\"twitter:site\" content=\"@eltextual\" \/>\n<meta name=\"twitter:label1\" content=\"Escrito por\" \/>\n\t<meta name=\"twitter:data1\" content=\"Diario1 Diario1\" \/>\n\t<meta name=\"twitter:label2\" content=\"Tiempo de lectura\" \/>\n\t<meta name=\"twitter:data2\" content=\"2 minutos\" \/>\n<script type=\"application\/ld+json\" class=\"yoast-schema-graph\">{\"@context\":\"https:\\\/\\\/schema.org\",\"@graph\":[{\"@type\":\"Article\",\"@id\":\"https:\\\/\\\/diariotextual.com\\\/inicio\\\/index.php\\\/2026\\\/03\\\/15\\\/tormentas-electricas-con-lluvia-y-caida-de-granizo-en-la-pampa\\\/#article\",\"isPartOf\":{\"@id\":\"https:\\\/\\\/diariotextual.com\\\/inicio\\\/index.php\\\/2026\\\/03\\\/15\\\/tormentas-electricas-con-lluvia-y-caida-de-granizo-en-la-pampa\\\/\"},\"author\":{\"name\":\"Diario1 Diario1\",\"@id\":\"https:\\\/\\\/diariotextual.com\\\/inicio\\\/#\\\/schema\\\/person\\\/418fc4093c33e86ed41562db3508f958\"},\"headline\":\"Tormentas el\u00e9ctricas, con lluvia y ca\u00edda de granizo en La Pampa\",\"datePublished\":\"2026-03-16T01:19:23+00:00\",\"dateModified\":\"2026-03-16T01:19:25+00:00\",\"mainEntityOfPage\":{\"@id\":\"https:\\\/\\\/diariotextual.com\\\/inicio\\\/index.php\\\/2026\\\/03\\\/15\\\/tormentas-electricas-con-lluvia-y-caida-de-granizo-en-la-pampa\\\/\"},\"wordCount\":262,\"publisher\":{\"@id\":\"https:\\\/\\\/diariotextual.com\\\/inicio\\\/#organization\"},\"image\":{\"@id\":\"https:\\\/\\\/diariotextual.com\\\/inicio\\\/index.php\\\/2026\\\/03\\\/15\\\/tormentas-electricas-con-lluvia-y-caida-de-granizo-en-la-pampa\\\/#primaryimage\"},\"thumbnailUrl\":\"https:\\\/\\\/diariotextual.com\\\/inicio\\\/wp-content\\\/uploads\\\/2026\\\/03\\\/granizo15marzo2026-19.jpg\",\"articleSection\":[\"A - ES NOTICIA (van abajo)\",\"SOCIEDAD\"],\"inLanguage\":\"es\"},{\"@type\":\"WebPage\",\"@id\":\"https:\\\/\\\/diariotextual.com\\\/inicio\\\/index.php\\\/2026\\\/03\\\/15\\\/tormentas-electricas-con-lluvia-y-caida-de-granizo-en-la-pampa\\\/\",\"url\":\"https:\\\/\\\/diariotextual.com\\\/inicio\\\/index.php\\\/2026\\\/03\\\/15\\\/tormentas-electricas-con-lluvia-y-caida-de-granizo-en-la-pampa\\\/\",\"name\":\"Tormentas el\u00e9ctricas, con lluvia y ca\u00edda de granizo en La Pampa - Diario Textual\",\"isPartOf\":{\"@id\":\"https:\\\/\\\/diariotextual.com\\\/inicio\\\/#website\"},\"primaryImageOfPage\":{\"@id\":\"https:\\\/\\\/diariotextual.com\\\/inicio\\\/index.php\\\/2026\\\/03\\\/15\\\/tormentas-electricas-con-lluvia-y-caida-de-granizo-en-la-pampa\\\/#primaryimage\"},\"image\":{\"@id\":\"https:\\\/\\\/diariotextual.com\\\/inicio\\\/index.php\\\/2026\\\/03\\\/15\\\/tormentas-electricas-con-lluvia-y-caida-de-granizo-en-la-pampa\\\/#primaryimage\"},\"thumbnailUrl\":\"https:\\\/\\\/diariotextual.com\\\/inicio\\\/wp-content\\\/uploads\\\/2026\\\/03\\\/granizo15marzo2026-19.jpg\",\"datePublished\":\"2026-03-16T01:19:23+00:00\",\"dateModified\":\"2026-03-16T01:19:25+00:00\",\"breadcrumb\":{\"@id\":\"https:\\\/\\\/diariotextual.com\\\/inicio\\\/index.php\\\/2026\\\/03\\\/15\\\/tormentas-electricas-con-lluvia-y-caida-de-granizo-en-la-pampa\\\/#breadcrumb\"},\"inLanguage\":\"es\",\"potentialAction\":[{\"@type\":\"ReadAction\",\"target\":[\"https:\\\/\\\/diariotextual.com\\\/inicio\\\/index.php\\\/2026\\\/03\\\/15\\\/tormentas-electricas-con-lluvia-y-caida-de-granizo-en-la-pampa\\\/\"]}]},{\"@type\":\"ImageObject\",\"inLanguage\":\"es\",\"@id\":\"https:\\\/\\\/diariotextual.com\\\/inicio\\\/index.php\\\/2026\\\/03\\\/15\\\/tormentas-electricas-con-lluvia-y-caida-de-granizo-en-la-pampa\\\/#primaryimage\",\"url\":\"https:\\\/\\\/diariotextual.com\\\/inicio\\\/wp-content\\\/uploads\\\/2026\\\/03\\\/granizo15marzo2026-19.jpg\",\"contentUrl\":\"https:\\\/\\\/diariotextual.com\\\/inicio\\\/wp-content\\\/uploads\\\/2026\\\/03\\\/granizo15marzo2026-19.jpg\",\"width\":1200,\"height\":675},{\"@type\":\"BreadcrumbList\",\"@id\":\"https:\\\/\\\/diariotextual.com\\\/inicio\\\/index.php\\\/2026\\\/03\\\/15\\\/tormentas-electricas-con-lluvia-y-caida-de-granizo-en-la-pampa\\\/#breadcrumb\",\"itemListElement\":[{\"@type\":\"ListItem\",\"position\":1,\"name\":\"Portada\",\"item\":\"https:\\\/\\\/diariotextual.com\\\/inicio\\\/\"},{\"@type\":\"ListItem\",\"position\":2,\"name\":\"Tormentas el\u00e9ctricas, con lluvia y ca\u00edda de granizo en La Pampa\"}]},{\"@type\":\"WebSite\",\"@id\":\"https:\\\/\\\/diariotextual.com\\\/inicio\\\/#website\",\"url\":\"https:\\\/\\\/diariotextual.com\\\/inicio\\\/\",\"name\":\"Diario Textual\",\"description\":\"\",\"publisher\":{\"@id\":\"https:\\\/\\\/diariotextual.com\\\/inicio\\\/#organization\"},\"potentialAction\":[{\"@type\":\"SearchAction\",\"target\":{\"@type\":\"EntryPoint\",\"urlTemplate\":\"https:\\\/\\\/diariotextual.com\\\/inicio\\\/?s={search_term_string}\"},\"query-input\":{\"@type\":\"PropertyValueSpecification\",\"valueRequired\":true,\"valueName\":\"search_term_string\"}}],\"inLanguage\":\"es\"},{\"@type\":\"Organization\",\"@id\":\"https:\\\/\\\/diariotextual.com\\\/inicio\\\/#organization\",\"name\":\"Diario Textual\",\"url\":\"https:\\\/\\\/diariotextual.com\\\/inicio\\\/\",\"logo\":{\"@type\":\"ImageObject\",\"inLanguage\":\"es\",\"@id\":\"https:\\\/\\\/diariotextual.com\\\/inicio\\\/#\\\/schema\\\/logo\\\/image\\\/\",\"url\":\"https:\\\/\\\/diariotextual.com\\\/inicio\\\/wp-content\\\/uploads\\\/2023\\\/05\\\/logotextual1.jpg\",\"contentUrl\":\"https:\\\/\\\/diariotextual.com\\\/inicio\\\/wp-content\\\/uploads\\\/2023\\\/05\\\/logotextual1.jpg\",\"width\":516,\"height\":76,\"caption\":\"Diario Textual\"},\"image\":{\"@id\":\"https:\\\/\\\/diariotextual.com\\\/inicio\\\/#\\\/schema\\\/logo\\\/image\\\/\"},\"sameAs\":[\"https:\\\/\\\/www.facebook.com\\\/eltextual\",\"https:\\\/\\\/x.com\\\/eltextual\",\"http:\\\/\\\/www.instagram.com\\\/eltextual\"]},{\"@type\":\"Person\",\"@id\":\"https:\\\/\\\/diariotextual.com\\\/inicio\\\/#\\\/schema\\\/person\\\/418fc4093c33e86ed41562db3508f958\",\"name\":\"Diario1 Diario1\",\"image\":{\"@type\":\"ImageObject\",\"inLanguage\":\"es\",\"@id\":\"https:\\\/\\\/secure.gravatar.com\\\/avatar\\\/9167d280179c85bc18be67aa7eda765854300033af4896dd779b608640f2ef7a?s=96&d=mm&r=g\",\"url\":\"https:\\\/\\\/secure.gravatar.com\\\/avatar\\\/9167d280179c85bc18be67aa7eda765854300033af4896dd779b608640f2ef7a?s=96&d=mm&r=g\",\"contentUrl\":\"https:\\\/\\\/secure.gravatar.com\\\/avatar\\\/9167d280179c85bc18be67aa7eda765854300033af4896dd779b608640f2ef7a?s=96&d=mm&r=g\",\"caption\":\"Diario1 Diario1\"},\"url\":\"https:\\\/\\\/diariotextual.com\\\/inicio\\\/index.php\\\/author\\\/diario1\\\/\"}]}<\/script>\n<!-- \/ Yoast SEO plugin. -->","yoast_head_json":{"title":"Tormentas el\u00e9ctricas, con lluvia y ca\u00edda de granizo en La Pampa - Diario Textual","robots":{"index":"index","follow":"follow","max-snippet":"max-snippet:-1","max-image-preview":"max-image-preview:large","max-video-preview":"max-video-preview:-1"},"canonical":"https:\/\/diariotextual.com\/inicio\/index.php\/2026\/03\/15\/tormentas-electricas-con-lluvia-y-caida-de-granizo-en-la-pampa\/","og_locale":"es_ES","og_type":"article","og_title":"Tormentas el\u00e9ctricas, con lluvia y ca\u00edda de granizo en La Pampa - Diario Textual","og_description":"Varias tormentas el\u00e9ctricas alcanzaron durante la tarde y la noche de este domingo a distintas localidades de La Pampa, con lluvias intensas y ca\u00edda de granizo en algunos sectores de&hellip;","og_url":"https:\/\/diariotextual.com\/inicio\/index.php\/2026\/03\/15\/tormentas-electricas-con-lluvia-y-caida-de-granizo-en-la-pampa\/","og_site_name":"Diario Textual","article_publisher":"https:\/\/www.facebook.com\/eltextual","article_published_time":"2026-03-16T01:19:23+00:00","article_modified_time":"2026-03-16T01:19:25+00:00","og_image":[{"width":1200,"height":675,"url":"https:\/\/diariotextual.com\/inicio\/wp-content\/uploads\/2026\/03\/granizo15marzo2026-19.jpg","type":"image\/jpeg"}],"author":"Diario1 Diario1","twitter_card":"summary_large_image","twitter_creator":"@eltextual","twitter_site":"@eltextual","twitter_misc":{"Escrito por":"Diario1 Diario1","Tiempo de lectura":"2 minutos"},"schema":{"@context":"https:\/\/schema.org","@graph":[{"@type":"Article","@id":"https:\/\/diariotextual.com\/inicio\/index.php\/2026\/03\/15\/tormentas-electricas-con-lluvia-y-caida-de-granizo-en-la-pampa\/#article","isPartOf":{"@id":"https:\/\/diariotextual.com\/inicio\/index.php\/2026\/03\/15\/tormentas-electricas-con-lluvia-y-caida-de-granizo-en-la-pampa\/"},"author":{"name":"Diario1 Diario1","@id":"https:\/\/diariotextual.com\/inicio\/#\/schema\/person\/418fc4093c33e86ed41562db3508f958"},"headline":"Tormentas el\u00e9ctricas, con lluvia y ca\u00edda de granizo en La Pampa","datePublished":"2026-03-16T01:19:23+00:00","dateModified":"2026-03-16T01:19:25+00:00","mainEntityOfPage":{"@id":"https:\/\/diariotextual.com\/inicio\/index.php\/2026\/03\/15\/tormentas-electricas-con-lluvia-y-caida-de-granizo-en-la-pampa\/"},"wordCount":262,"publisher":{"@id":"https:\/\/diariotextual.com\/inicio\/#organization"},"image":{"@id":"https:\/\/diariotextual.com\/inicio\/index.php\/2026\/03\/15\/tormentas-electricas-con-lluvia-y-caida-de-granizo-en-la-pampa\/#primaryimage"},"thumbnailUrl":"https:\/\/diariotextual.com\/inicio\/wp-content\/uploads\/2026\/03\/granizo15marzo2026-19.jpg","articleSection":["A - ES NOTICIA (van abajo)","SOCIEDAD"],"inLanguage":"es"},{"@type":"WebPage","@id":"https:\/\/diariotextual.com\/inicio\/index.php\/2026\/03\/15\/tormentas-electricas-con-lluvia-y-caida-de-granizo-en-la-pampa\/","url":"https:\/\/diariotextual.com\/inicio\/index.php\/2026\/03\/15\/tormentas-electricas-con-lluvia-y-caida-de-granizo-en-la-pampa\/","name":"Tormentas el\u00e9ctricas, con lluvia y ca\u00edda de granizo en La Pampa - Diario Textual","isPartOf":{"@id":"https:\/\/diariotextual.com\/inicio\/#website"},"primaryImageOfPage":{"@id":"https:\/\/diariotextual.com\/inicio\/index.php\/2026\/03\/15\/tormentas-electricas-con-lluvia-y-caida-de-granizo-en-la-pampa\/#primaryimage"},"image":{"@id":"https:\/\/diariotextual.com\/inicio\/index.php\/2026\/03\/15\/tormentas-electricas-con-lluvia-y-caida-de-granizo-en-la-pampa\/#primaryimage"},"thumbnailUrl":"https:\/\/diariotextual.com\/inicio\/wp-content\/uploads\/2026\/03\/granizo15marzo2026-19.jpg","datePublished":"2026-03-16T01:19:23+00:00","dateModified":"2026-03-16T01:19:25+00:00","breadcrumb":{"@id":"https:\/\/diariotextual.com\/inicio\/index.php\/2026\/03\/15\/tormentas-electricas-con-lluvia-y-caida-de-granizo-en-la-pampa\/#breadcrumb"},"inLanguage":"es","potentialAction":[{"@type":"ReadAction","target":["https:\/\/diariotextual.com\/inicio\/index.php\/2026\/03\/15\/tormentas-electricas-con-lluvia-y-caida-de-granizo-en-la-pampa\/"]}]},{"@type":"ImageObject","inLanguage":"es","@id":"https:\/\/diariotextual.com\/inicio\/index.php\/2026\/03\/15\/tormentas-electricas-con-lluvia-y-caida-de-granizo-en-la-pampa\/#primaryimage","url":"https:\/\/diariotextual.com\/inicio\/wp-content\/uploads\/2026\/03\/granizo15marzo2026-19.jpg","contentUrl":"https:\/\/diariotextual.com\/inicio\/wp-content\/uploads\/2026\/03\/granizo15marzo2026-19.jpg","width":1200,"height":675},{"@type":"BreadcrumbList","@id":"https:\/\/diariotextual.com\/inicio\/index.php\/2026\/03\/15\/tormentas-electricas-con-lluvia-y-caida-de-granizo-en-la-pampa\/#breadcrumb","itemListElement":[{"@type":"ListItem","position":1,"name":"Portada","item":"https:\/\/diariotextual.com\/inicio\/"},{"@type":"ListItem","position":2,"name":"Tormentas el\u00e9ctricas, con lluvia y ca\u00edda de granizo en La Pampa"}]},{"@type":"WebSite","@id":"https:\/\/diariotextual.com\/inicio\/#website","url":"https:\/\/diariotextual.com\/inicio\/","name":"Diario Textual","description":"","publisher":{"@id":"https:\/\/diariotextual.com\/inicio\/#organization"},"potentialAction":[{"@type":"SearchAction","target":{"@type":"EntryPoint","urlTemplate":"https:\/\/diariotextual.com\/inicio\/?s={search_term_string}"},"query-input":{"@type":"PropertyValueSpecification","valueRequired":true,"valueName":"search_term_string"}}],"inLanguage":"es"},{"@type":"Organization","@id":"https:\/\/diariotextual.com\/inicio\/#organization","name":"Diario Textual","url":"https:\/\/diariotextual.com\/inicio\/","logo":{"@type":"ImageObject","inLanguage":"es","@id":"https:\/\/diariotextual.com\/inicio\/#\/schema\/logo\/image\/","url":"https:\/\/diariotextual.com\/inicio\/wp-content\/uploads\/2023\/05\/logotextual1.jpg","contentUrl":"https:\/\/diariotextual.com\/inicio\/wp-content\/uploads\/2023\/05\/logotextual1.jpg","width":516,"height":76,"caption":"Diario Textual"},"image":{"@id":"https:\/\/diariotextual.com\/inicio\/#\/schema\/logo\/image\/"},"sameAs":["https:\/\/www.facebook.com\/eltextual","https:\/\/x.com\/eltextual","http:\/\/www.instagram.com\/eltextual"]},{"@type":"Person","@id":"https:\/\/diariotextual.com\/inicio\/#\/schema\/person\/418fc4093c33e86ed41562db3508f958","name":"Diario1 Diario1","image":{"@type":"ImageObject","inLanguage":"es","@id":"https:\/\/secure.gravatar.com\/avatar\/9167d280179c85bc18be67aa7eda765854300033af4896dd779b608640f2ef7a?s=96&d=mm&r=g","url":"https:\/\/secure.gravatar.com\/avatar\/9167d280179c85bc18be67aa7eda765854300033af4896dd779b608640f2ef7a?s=96&d=mm&r=g","contentUrl":"https:\/\/secure.gravatar.com\/avatar\/9167d280179c85bc18be67aa7eda765854300033af4896dd779b608640f2ef7a?s=96&d=mm&r=g","caption":"Diario1 Diario1"},"url":"https:\/\/diariotextual.com\/inicio\/index.php\/author\/diario1\/"}]}},"_links":{"self":[{"href":"https:\/\/diariotextual.com\/inicio\/index.php\/wp-json\/wp\/v2\/posts\/322350","targetHints":{"allow":["GET"]}}],"collection":[{"href":"https:\/\/diariotextual.com\/inicio\/index.php\/wp-json\/wp\/v2\/posts"}],"about":[{"href":"https:\/\/diariotextual.com\/inicio\/index.php\/wp-json\/wp\/v2\/types\/post"}],"author":[{"embeddable":true,"href":"https:\/\/diariotextual.com\/inicio\/index.php\/wp-json\/wp\/v2\/users\/3"}],"replies":[{"embeddable":true,"href":"https:\/\/diariotextual.com\/inicio\/index.php\/wp-json\/wp\/v2\/comments?post=322350"}],"version-history":[{"count":2,"href":"https:\/\/diariotextual.com\/inicio\/index.php\/wp-json\/wp\/v2\/posts\/322350\/revisions"}],"predecessor-version":[{"id":322352,"href":"https:\/\/diariotextual.com\/inicio\/index.php\/wp-json\/wp\/v2\/posts\/322350\/revisions\/322352"}],"wp:featuredmedia":[{"embeddable":true,"href":"https:\/\/diariotextual.com\/inicio\/index.php\/wp-json\/wp\/v2\/media\/322353"}],"wp:attachment":[{"href":"https:\/\/diariotextual.com\/inicio\/index.php\/wp-json\/wp\/v2\/media?parent=322350"}],"wp:term":[{"taxonomy":"category","embeddable":true,"href":"https:\/\/diariotextual.com\/inicio\/index.php\/wp-json\/wp\/v2\/categories?post=322350"},{"taxonomy":"post_tag","embeddable":true,"href":"https:\/\/diariotextual.com\/inicio\/index.php\/wp-json\/wp\/v2\/tags?post=322350"}],"curies":[{"name":"wp","href":"https:\/\/api.w.org\/{rel}","templated":true}]}}