{"id":322357,"date":"2026-03-15T22:23:24","date_gmt":"2026-03-16T01:23:24","guid":{"rendered":"https:\/\/diariotextual.com\/inicio\/?p=322357"},"modified":"2026-03-16T07:47:03","modified_gmt":"2026-03-16T10:47:03","slug":"adorni-por-el-viaje-de-su-esposa-a-nueva-york-fue-una-pesima-decision-no-un-delito","status":"publish","type":"post","link":"https:\/\/diariotextual.com\/inicio\/index.php\/2026\/03\/15\/adorni-por-el-viaje-de-su-esposa-a-nueva-york-fue-una-pesima-decision-no-un-delito\/","title":{"rendered":"Adorni por el viaje de su esposa a Nueva York: \u201cFue una p\u00e9sima decisi\u00f3n, no un delito\u201d"},"content":{"rendered":"\n<p>El jefe de Gabinete,\u00a0<strong>Manuel Adorni<\/strong>, volvi\u00f3 a pedir disculpas este domingo por el viaje de su esposa a Nueva York en el avi\u00f3n presidencial y reconoci\u00f3 que \u201cfue una p\u00e9sima decisi\u00f3n\u201d, pero remarc\u00f3 tambi\u00e9n que \u201cno se trat\u00f3 de un delito\u201d. Adem\u00e1s, <strong>dijo que pag\u00f3 de su bolsillo un viaje de vacaciones en avi\u00f3n privado a Punta del Este y neg\u00f3 que entre diciembre y enero haya gastado en tarjetas de cr\u00e9ditos unos 30 millones de pesos.<\/strong><\/p>\n\n\n\n<p>Ya de regreso en la Argentina, el funcionario habl\u00f3 una vez m\u00e1s del esc\u00e1ndalo. Ratific\u00f3 que la mujer fue autorizada por Presidencia a formar parte del vuelo que traslad\u00f3 a la comitiva oficial a los Estados Unidos y sostuvo que no se percat\u00f3 \u201cdel error que iba a cometer al aceptar esa invitaci\u00f3n\u201d.<\/p>\n\n\n\n<p>\u201cFue una mala decisi\u00f3n, una p\u00e9sima decisi\u00f3n, m\u00e1s all\u00e1 de que no gener\u00f3 ni un d\u00f3lar de gasto para el Estado, yo no advert\u00ed el error y por eso pido disculpas\u201d, destac\u00f3 el ministro coordinador en di\u00e1logo con&nbsp;<strong>Luis Majul&nbsp;<\/strong>en&nbsp;<em>LN+<\/em>.<\/p>\n\n\n\n<p>\u201cLa actual administraci\u00f3n puso una vara alt\u00edsima y la gente espera que esa vara se cumpla porque hay cosas que est\u00e1n mal y hay que pedir disculpas cuando uno se equivoca\u201d, dijo.<\/p>\n\n\n\n<p>\u201cNo somos casta y por eso estoy ac\u00e1 dando explicaciones. T\u00edpico de casta es llevarte los diarios en avi\u00f3n a Santa Cruz, yo comet\u00ed un error. Tom\u00e9 una p\u00e9sima decisi\u00f3n,<strong>\u00a0pero la vara va a seguir donde est\u00e1, bien alta, y todo el Gobierno va a apuntar a que esa vara se cumpla<\/strong>\u201d, agreg\u00f3.<\/p>\n\n\n\n<p>En cuanto al viaje a Punta del Este, Uruguay, en un vuelo privado por el que habr\u00eda pagado casi 4 mil d\u00f3lares, el jefe de Gabinete explic\u00f3 que lo hizo porque se le abri\u00f3 \u201cuna ventana\u201d para irse con los hijos \u201cese fin de semana de carnaval\u201d y remarc\u00f3 que \u201ctodo el mundo sab\u00eda\u201d de sus vacaciones.<\/p>\n\n\n\n<p>\u201cYo me iba a ir en diciembre. Por la din\u00e1mica del Gobierno, que uno la aprende estando en el ejercicio del poder, las decisiones de viaje las tom\u00e1s a \u00faltimo minuto. Yo ten\u00eda previsto irme el 26 o 27 de diciembre de vacaciones, pero en noviembre asum\u00ed la Jefatura de Gabinete y, por lo tanto, no era razonable irme en esa fecha\u201d, se\u00f1al\u00f3.<\/p>\n\n\n\n<p>En cuanto a los fondos que utiliz\u00f3 en esa ocasi\u00f3n, el jefe de Gabinete indic\u00f3 que \u201ces dinero familiar gastado en una actividad familiar de cuatro d\u00edas\u201d y que \u201cse van a ver claramente en las declaraciones juradas\u201d.<\/p>\n\n\n\n<p>\u201cYo creo que todo esto que pas\u00f3 durante esta semana no fue contra m\u00ed, fue contra el Gobierno. Fue un golpe m\u00e1s, de todos los que vienen dando, para intentar desestabilizarlo. Hace un mes que tienen guardado un video\u201d, dijo.<\/p>\n\n\n\n<p><\/p>\n","protected":false},"excerpt":{"rendered":"<p>El jefe de Gabinete,\u00a0Manuel Adorni, volvi\u00f3 a pedir disculpas este domingo por el viaje de su esposa a Nueva York en el avi\u00f3n presidencial y reconoci\u00f3 que \u201cfue una p\u00e9sima&hellip;<\/p>\n","protected":false},"author":3,"featured_media":250140,"comment_status":"closed","ping_status":"open","sticky":false,"template":"","format":"standard","meta":{"_acf_changed":false,"footnotes":""},"categories":[1,8],"tags":[],"class_list":["post-322357","post","type-post","status-publish","format-standard","has-post-thumbnail","hentry","category-es-noticia","category-politica"],"acf":[],"yoast_head":"<!-- This site is optimized with the Yoast SEO plugin v27.5 - https:\/\/yoast.com\/product\/yoast-seo-wordpress\/ -->\n<title>Adorni por el viaje de su esposa a Nueva York: \u201cFue una p\u00e9sima decisi\u00f3n, no un delito\u201d - Diario Textual<\/title>\n<meta name=\"robots\" content=\"index, follow, max-snippet:-1, max-image-preview:large, max-video-preview:-1\" \/>\n<link rel=\"canonical\" href=\"https:\/\/diariotextual.com\/inicio\/index.php\/2026\/03\/15\/adorni-por-el-viaje-de-su-esposa-a-nueva-york-fue-una-pesima-decision-no-un-delito\/\" \/>\n<meta property=\"og:locale\" content=\"es_ES\" \/>\n<meta property=\"og:type\" content=\"article\" \/>\n<meta property=\"og:title\" content=\"Adorni por el viaje de su esposa a Nueva York: \u201cFue una p\u00e9sima decisi\u00f3n, no un delito\u201d - Diario Textual\" \/>\n<meta property=\"og:description\" content=\"El jefe de Gabinete,\u00a0Manuel Adorni, volvi\u00f3 a pedir disculpas este domingo por el viaje de su esposa a Nueva York en el avi\u00f3n presidencial y reconoci\u00f3 que \u201cfue una p\u00e9sima&hellip;\" \/>\n<meta property=\"og:url\" content=\"https:\/\/diariotextual.com\/inicio\/index.php\/2026\/03\/15\/adorni-por-el-viaje-de-su-esposa-a-nueva-york-fue-una-pesima-decision-no-un-delito\/\" \/>\n<meta property=\"og:site_name\" content=\"Diario Textual\" \/>\n<meta property=\"article:publisher\" content=\"https:\/\/www.facebook.com\/eltextual\" \/>\n<meta property=\"article:published_time\" content=\"2026-03-16T01:23:24+00:00\" \/>\n<meta property=\"article:modified_time\" content=\"2026-03-16T10:47:03+00:00\" \/>\n<meta property=\"og:image\" content=\"https:\/\/diariotextual.com\/inicio\/wp-content\/uploads\/2024\/01\/adornimanuel2024-10.jpg\" \/>\n\t<meta property=\"og:image:width\" content=\"1024\" \/>\n\t<meta property=\"og:image:height\" content=\"683\" \/>\n\t<meta property=\"og:image:type\" content=\"image\/jpeg\" \/>\n<meta name=\"author\" content=\"Diario1 Diario1\" \/>\n<meta name=\"twitter:card\" content=\"summary_large_image\" \/>\n<meta name=\"twitter:creator\" content=\"@eltextual\" \/>\n<meta name=\"twitter:site\" content=\"@eltextual\" \/>\n<meta name=\"twitter:label1\" content=\"Escrito por\" \/>\n\t<meta name=\"twitter:data1\" content=\"Diario1 Diario1\" \/>\n\t<meta name=\"twitter:label2\" content=\"Tiempo de lectura\" \/>\n\t<meta name=\"twitter:data2\" content=\"3 minutos\" \/>\n<script type=\"application\/ld+json\" class=\"yoast-schema-graph\">{\"@context\":\"https:\\\/\\\/schema.org\",\"@graph\":[{\"@type\":\"Article\",\"@id\":\"https:\\\/\\\/diariotextual.com\\\/inicio\\\/index.php\\\/2026\\\/03\\\/15\\\/adorni-por-el-viaje-de-su-esposa-a-nueva-york-fue-una-pesima-decision-no-un-delito\\\/#article\",\"isPartOf\":{\"@id\":\"https:\\\/\\\/diariotextual.com\\\/inicio\\\/index.php\\\/2026\\\/03\\\/15\\\/adorni-por-el-viaje-de-su-esposa-a-nueva-york-fue-una-pesima-decision-no-un-delito\\\/\"},\"author\":{\"name\":\"Diario1 Diario1\",\"@id\":\"https:\\\/\\\/diariotextual.com\\\/inicio\\\/#\\\/schema\\\/person\\\/418fc4093c33e86ed41562db3508f958\"},\"headline\":\"Adorni por el viaje de su esposa a Nueva York: \u201cFue una p\u00e9sima decisi\u00f3n, no un delito\u201d\",\"datePublished\":\"2026-03-16T01:23:24+00:00\",\"dateModified\":\"2026-03-16T10:47:03+00:00\",\"mainEntityOfPage\":{\"@id\":\"https:\\\/\\\/diariotextual.com\\\/inicio\\\/index.php\\\/2026\\\/03\\\/15\\\/adorni-por-el-viaje-de-su-esposa-a-nueva-york-fue-una-pesima-decision-no-un-delito\\\/\"},\"wordCount\":508,\"publisher\":{\"@id\":\"https:\\\/\\\/diariotextual.com\\\/inicio\\\/#organization\"},\"image\":{\"@id\":\"https:\\\/\\\/diariotextual.com\\\/inicio\\\/index.php\\\/2026\\\/03\\\/15\\\/adorni-por-el-viaje-de-su-esposa-a-nueva-york-fue-una-pesima-decision-no-un-delito\\\/#primaryimage\"},\"thumbnailUrl\":\"https:\\\/\\\/diariotextual.com\\\/inicio\\\/wp-content\\\/uploads\\\/2024\\\/01\\\/adornimanuel2024-10.jpg\",\"articleSection\":[\"A - ES NOTICIA (van abajo)\",\"POLITICA\"],\"inLanguage\":\"es\"},{\"@type\":\"WebPage\",\"@id\":\"https:\\\/\\\/diariotextual.com\\\/inicio\\\/index.php\\\/2026\\\/03\\\/15\\\/adorni-por-el-viaje-de-su-esposa-a-nueva-york-fue-una-pesima-decision-no-un-delito\\\/\",\"url\":\"https:\\\/\\\/diariotextual.com\\\/inicio\\\/index.php\\\/2026\\\/03\\\/15\\\/adorni-por-el-viaje-de-su-esposa-a-nueva-york-fue-una-pesima-decision-no-un-delito\\\/\",\"name\":\"Adorni por el viaje de su esposa a Nueva York: \u201cFue una p\u00e9sima decisi\u00f3n, no un delito\u201d - Diario Textual\",\"isPartOf\":{\"@id\":\"https:\\\/\\\/diariotextual.com\\\/inicio\\\/#website\"},\"primaryImageOfPage\":{\"@id\":\"https:\\\/\\\/diariotextual.com\\\/inicio\\\/index.php\\\/2026\\\/03\\\/15\\\/adorni-por-el-viaje-de-su-esposa-a-nueva-york-fue-una-pesima-decision-no-un-delito\\\/#primaryimage\"},\"image\":{\"@id\":\"https:\\\/\\\/diariotextual.com\\\/inicio\\\/index.php\\\/2026\\\/03\\\/15\\\/adorni-por-el-viaje-de-su-esposa-a-nueva-york-fue-una-pesima-decision-no-un-delito\\\/#primaryimage\"},\"thumbnailUrl\":\"https:\\\/\\\/diariotextual.com\\\/inicio\\\/wp-content\\\/uploads\\\/2024\\\/01\\\/adornimanuel2024-10.jpg\",\"datePublished\":\"2026-03-16T01:23:24+00:00\",\"dateModified\":\"2026-03-16T10:47:03+00:00\",\"breadcrumb\":{\"@id\":\"https:\\\/\\\/diariotextual.com\\\/inicio\\\/index.php\\\/2026\\\/03\\\/15\\\/adorni-por-el-viaje-de-su-esposa-a-nueva-york-fue-una-pesima-decision-no-un-delito\\\/#breadcrumb\"},\"inLanguage\":\"es\",\"potentialAction\":[{\"@type\":\"ReadAction\",\"target\":[\"https:\\\/\\\/diariotextual.com\\\/inicio\\\/index.php\\\/2026\\\/03\\\/15\\\/adorni-por-el-viaje-de-su-esposa-a-nueva-york-fue-una-pesima-decision-no-un-delito\\\/\"]}]},{\"@type\":\"ImageObject\",\"inLanguage\":\"es\",\"@id\":\"https:\\\/\\\/diariotextual.com\\\/inicio\\\/index.php\\\/2026\\\/03\\\/15\\\/adorni-por-el-viaje-de-su-esposa-a-nueva-york-fue-una-pesima-decision-no-un-delito\\\/#primaryimage\",\"url\":\"https:\\\/\\\/diariotextual.com\\\/inicio\\\/wp-content\\\/uploads\\\/2024\\\/01\\\/adornimanuel2024-10.jpg\",\"contentUrl\":\"https:\\\/\\\/diariotextual.com\\\/inicio\\\/wp-content\\\/uploads\\\/2024\\\/01\\\/adornimanuel2024-10.jpg\",\"width\":1024,\"height\":683},{\"@type\":\"BreadcrumbList\",\"@id\":\"https:\\\/\\\/diariotextual.com\\\/inicio\\\/index.php\\\/2026\\\/03\\\/15\\\/adorni-por-el-viaje-de-su-esposa-a-nueva-york-fue-una-pesima-decision-no-un-delito\\\/#breadcrumb\",\"itemListElement\":[{\"@type\":\"ListItem\",\"position\":1,\"name\":\"Portada\",\"item\":\"https:\\\/\\\/diariotextual.com\\\/inicio\\\/\"},{\"@type\":\"ListItem\",\"position\":2,\"name\":\"Adorni por el viaje de su esposa a Nueva York: \u201cFue una p\u00e9sima decisi\u00f3n, no un delito\u201d\"}]},{\"@type\":\"WebSite\",\"@id\":\"https:\\\/\\\/diariotextual.com\\\/inicio\\\/#website\",\"url\":\"https:\\\/\\\/diariotextual.com\\\/inicio\\\/\",\"name\":\"Diario Textual\",\"description\":\"\",\"publisher\":{\"@id\":\"https:\\\/\\\/diariotextual.com\\\/inicio\\\/#organization\"},\"potentialAction\":[{\"@type\":\"SearchAction\",\"target\":{\"@type\":\"EntryPoint\",\"urlTemplate\":\"https:\\\/\\\/diariotextual.com\\\/inicio\\\/?s={search_term_string}\"},\"query-input\":{\"@type\":\"PropertyValueSpecification\",\"valueRequired\":true,\"valueName\":\"search_term_string\"}}],\"inLanguage\":\"es\"},{\"@type\":\"Organization\",\"@id\":\"https:\\\/\\\/diariotextual.com\\\/inicio\\\/#organization\",\"name\":\"Diario Textual\",\"url\":\"https:\\\/\\\/diariotextual.com\\\/inicio\\\/\",\"logo\":{\"@type\":\"ImageObject\",\"inLanguage\":\"es\",\"@id\":\"https:\\\/\\\/diariotextual.com\\\/inicio\\\/#\\\/schema\\\/logo\\\/image\\\/\",\"url\":\"https:\\\/\\\/diariotextual.com\\\/inicio\\\/wp-content\\\/uploads\\\/2023\\\/05\\\/logotextual1.jpg\",\"contentUrl\":\"https:\\\/\\\/diariotextual.com\\\/inicio\\\/wp-content\\\/uploads\\\/2023\\\/05\\\/logotextual1.jpg\",\"width\":516,\"height\":76,\"caption\":\"Diario Textual\"},\"image\":{\"@id\":\"https:\\\/\\\/diariotextual.com\\\/inicio\\\/#\\\/schema\\\/logo\\\/image\\\/\"},\"sameAs\":[\"https:\\\/\\\/www.facebook.com\\\/eltextual\",\"https:\\\/\\\/x.com\\\/eltextual\",\"http:\\\/\\\/www.instagram.com\\\/eltextual\"]},{\"@type\":\"Person\",\"@id\":\"https:\\\/\\\/diariotextual.com\\\/inicio\\\/#\\\/schema\\\/person\\\/418fc4093c33e86ed41562db3508f958\",\"name\":\"Diario1 Diario1\",\"image\":{\"@type\":\"ImageObject\",\"inLanguage\":\"es\",\"@id\":\"https:\\\/\\\/secure.gravatar.com\\\/avatar\\\/9167d280179c85bc18be67aa7eda765854300033af4896dd779b608640f2ef7a?s=96&d=mm&r=g\",\"url\":\"https:\\\/\\\/secure.gravatar.com\\\/avatar\\\/9167d280179c85bc18be67aa7eda765854300033af4896dd779b608640f2ef7a?s=96&d=mm&r=g\",\"contentUrl\":\"https:\\\/\\\/secure.gravatar.com\\\/avatar\\\/9167d280179c85bc18be67aa7eda765854300033af4896dd779b608640f2ef7a?s=96&d=mm&r=g\",\"caption\":\"Diario1 Diario1\"},\"url\":\"https:\\\/\\\/diariotextual.com\\\/inicio\\\/index.php\\\/author\\\/diario1\\\/\"}]}<\/script>\n<!-- \/ Yoast SEO plugin. -->","yoast_head_json":{"title":"Adorni por el viaje de su esposa a Nueva York: \u201cFue una p\u00e9sima decisi\u00f3n, no un delito\u201d - Diario Textual","robots":{"index":"index","follow":"follow","max-snippet":"max-snippet:-1","max-image-preview":"max-image-preview:large","max-video-preview":"max-video-preview:-1"},"canonical":"https:\/\/diariotextual.com\/inicio\/index.php\/2026\/03\/15\/adorni-por-el-viaje-de-su-esposa-a-nueva-york-fue-una-pesima-decision-no-un-delito\/","og_locale":"es_ES","og_type":"article","og_title":"Adorni por el viaje de su esposa a Nueva York: \u201cFue una p\u00e9sima decisi\u00f3n, no un delito\u201d - Diario Textual","og_description":"El jefe de Gabinete,\u00a0Manuel Adorni, volvi\u00f3 a pedir disculpas este domingo por el viaje de su esposa a Nueva York en el avi\u00f3n presidencial y reconoci\u00f3 que \u201cfue una p\u00e9sima&hellip;","og_url":"https:\/\/diariotextual.com\/inicio\/index.php\/2026\/03\/15\/adorni-por-el-viaje-de-su-esposa-a-nueva-york-fue-una-pesima-decision-no-un-delito\/","og_site_name":"Diario Textual","article_publisher":"https:\/\/www.facebook.com\/eltextual","article_published_time":"2026-03-16T01:23:24+00:00","article_modified_time":"2026-03-16T10:47:03+00:00","og_image":[{"width":1024,"height":683,"url":"https:\/\/diariotextual.com\/inicio\/wp-content\/uploads\/2024\/01\/adornimanuel2024-10.jpg","type":"image\/jpeg"}],"author":"Diario1 Diario1","twitter_card":"summary_large_image","twitter_creator":"@eltextual","twitter_site":"@eltextual","twitter_misc":{"Escrito por":"Diario1 Diario1","Tiempo de lectura":"3 minutos"},"schema":{"@context":"https:\/\/schema.org","@graph":[{"@type":"Article","@id":"https:\/\/diariotextual.com\/inicio\/index.php\/2026\/03\/15\/adorni-por-el-viaje-de-su-esposa-a-nueva-york-fue-una-pesima-decision-no-un-delito\/#article","isPartOf":{"@id":"https:\/\/diariotextual.com\/inicio\/index.php\/2026\/03\/15\/adorni-por-el-viaje-de-su-esposa-a-nueva-york-fue-una-pesima-decision-no-un-delito\/"},"author":{"name":"Diario1 Diario1","@id":"https:\/\/diariotextual.com\/inicio\/#\/schema\/person\/418fc4093c33e86ed41562db3508f958"},"headline":"Adorni por el viaje de su esposa a Nueva York: \u201cFue una p\u00e9sima decisi\u00f3n, no un delito\u201d","datePublished":"2026-03-16T01:23:24+00:00","dateModified":"2026-03-16T10:47:03+00:00","mainEntityOfPage":{"@id":"https:\/\/diariotextual.com\/inicio\/index.php\/2026\/03\/15\/adorni-por-el-viaje-de-su-esposa-a-nueva-york-fue-una-pesima-decision-no-un-delito\/"},"wordCount":508,"publisher":{"@id":"https:\/\/diariotextual.com\/inicio\/#organization"},"image":{"@id":"https:\/\/diariotextual.com\/inicio\/index.php\/2026\/03\/15\/adorni-por-el-viaje-de-su-esposa-a-nueva-york-fue-una-pesima-decision-no-un-delito\/#primaryimage"},"thumbnailUrl":"https:\/\/diariotextual.com\/inicio\/wp-content\/uploads\/2024\/01\/adornimanuel2024-10.jpg","articleSection":["A - ES NOTICIA (van abajo)","POLITICA"],"inLanguage":"es"},{"@type":"WebPage","@id":"https:\/\/diariotextual.com\/inicio\/index.php\/2026\/03\/15\/adorni-por-el-viaje-de-su-esposa-a-nueva-york-fue-una-pesima-decision-no-un-delito\/","url":"https:\/\/diariotextual.com\/inicio\/index.php\/2026\/03\/15\/adorni-por-el-viaje-de-su-esposa-a-nueva-york-fue-una-pesima-decision-no-un-delito\/","name":"Adorni por el viaje de su esposa a Nueva York: \u201cFue una p\u00e9sima decisi\u00f3n, no un delito\u201d - Diario Textual","isPartOf":{"@id":"https:\/\/diariotextual.com\/inicio\/#website"},"primaryImageOfPage":{"@id":"https:\/\/diariotextual.com\/inicio\/index.php\/2026\/03\/15\/adorni-por-el-viaje-de-su-esposa-a-nueva-york-fue-una-pesima-decision-no-un-delito\/#primaryimage"},"image":{"@id":"https:\/\/diariotextual.com\/inicio\/index.php\/2026\/03\/15\/adorni-por-el-viaje-de-su-esposa-a-nueva-york-fue-una-pesima-decision-no-un-delito\/#primaryimage"},"thumbnailUrl":"https:\/\/diariotextual.com\/inicio\/wp-content\/uploads\/2024\/01\/adornimanuel2024-10.jpg","datePublished":"2026-03-16T01:23:24+00:00","dateModified":"2026-03-16T10:47:03+00:00","breadcrumb":{"@id":"https:\/\/diariotextual.com\/inicio\/index.php\/2026\/03\/15\/adorni-por-el-viaje-de-su-esposa-a-nueva-york-fue-una-pesima-decision-no-un-delito\/#breadcrumb"},"inLanguage":"es","potentialAction":[{"@type":"ReadAction","target":["https:\/\/diariotextual.com\/inicio\/index.php\/2026\/03\/15\/adorni-por-el-viaje-de-su-esposa-a-nueva-york-fue-una-pesima-decision-no-un-delito\/"]}]},{"@type":"ImageObject","inLanguage":"es","@id":"https:\/\/diariotextual.com\/inicio\/index.php\/2026\/03\/15\/adorni-por-el-viaje-de-su-esposa-a-nueva-york-fue-una-pesima-decision-no-un-delito\/#primaryimage","url":"https:\/\/diariotextual.com\/inicio\/wp-content\/uploads\/2024\/01\/adornimanuel2024-10.jpg","contentUrl":"https:\/\/diariotextual.com\/inicio\/wp-content\/uploads\/2024\/01\/adornimanuel2024-10.jpg","width":1024,"height":683},{"@type":"BreadcrumbList","@id":"https:\/\/diariotextual.com\/inicio\/index.php\/2026\/03\/15\/adorni-por-el-viaje-de-su-esposa-a-nueva-york-fue-una-pesima-decision-no-un-delito\/#breadcrumb","itemListElement":[{"@type":"ListItem","position":1,"name":"Portada","item":"https:\/\/diariotextual.com\/inicio\/"},{"@type":"ListItem","position":2,"name":"Adorni por el viaje de su esposa a Nueva York: \u201cFue una p\u00e9sima decisi\u00f3n, no un delito\u201d"}]},{"@type":"WebSite","@id":"https:\/\/diariotextual.com\/inicio\/#website","url":"https:\/\/diariotextual.com\/inicio\/","name":"Diario Textual","description":"","publisher":{"@id":"https:\/\/diariotextual.com\/inicio\/#organization"},"potentialAction":[{"@type":"SearchAction","target":{"@type":"EntryPoint","urlTemplate":"https:\/\/diariotextual.com\/inicio\/?s={search_term_string}"},"query-input":{"@type":"PropertyValueSpecification","valueRequired":true,"valueName":"search_term_string"}}],"inLanguage":"es"},{"@type":"Organization","@id":"https:\/\/diariotextual.com\/inicio\/#organization","name":"Diario Textual","url":"https:\/\/diariotextual.com\/inicio\/","logo":{"@type":"ImageObject","inLanguage":"es","@id":"https:\/\/diariotextual.com\/inicio\/#\/schema\/logo\/image\/","url":"https:\/\/diariotextual.com\/inicio\/wp-content\/uploads\/2023\/05\/logotextual1.jpg","contentUrl":"https:\/\/diariotextual.com\/inicio\/wp-content\/uploads\/2023\/05\/logotextual1.jpg","width":516,"height":76,"caption":"Diario Textual"},"image":{"@id":"https:\/\/diariotextual.com\/inicio\/#\/schema\/logo\/image\/"},"sameAs":["https:\/\/www.facebook.com\/eltextual","https:\/\/x.com\/eltextual","http:\/\/www.instagram.com\/eltextual"]},{"@type":"Person","@id":"https:\/\/diariotextual.com\/inicio\/#\/schema\/person\/418fc4093c33e86ed41562db3508f958","name":"Diario1 Diario1","image":{"@type":"ImageObject","inLanguage":"es","@id":"https:\/\/secure.gravatar.com\/avatar\/9167d280179c85bc18be67aa7eda765854300033af4896dd779b608640f2ef7a?s=96&d=mm&r=g","url":"https:\/\/secure.gravatar.com\/avatar\/9167d280179c85bc18be67aa7eda765854300033af4896dd779b608640f2ef7a?s=96&d=mm&r=g","contentUrl":"https:\/\/secure.gravatar.com\/avatar\/9167d280179c85bc18be67aa7eda765854300033af4896dd779b608640f2ef7a?s=96&d=mm&r=g","caption":"Diario1 Diario1"},"url":"https:\/\/diariotextual.com\/inicio\/index.php\/author\/diario1\/"}]}},"_links":{"self":[{"href":"https:\/\/diariotextual.com\/inicio\/index.php\/wp-json\/wp\/v2\/posts\/322357","targetHints":{"allow":["GET"]}}],"collection":[{"href":"https:\/\/diariotextual.com\/inicio\/index.php\/wp-json\/wp\/v2\/posts"}],"about":[{"href":"https:\/\/diariotextual.com\/inicio\/index.php\/wp-json\/wp\/v2\/types\/post"}],"author":[{"embeddable":true,"href":"https:\/\/diariotextual.com\/inicio\/index.php\/wp-json\/wp\/v2\/users\/3"}],"replies":[{"embeddable":true,"href":"https:\/\/diariotextual.com\/inicio\/index.php\/wp-json\/wp\/v2\/comments?post=322357"}],"version-history":[{"count":5,"href":"https:\/\/diariotextual.com\/inicio\/index.php\/wp-json\/wp\/v2\/posts\/322357\/revisions"}],"predecessor-version":[{"id":322365,"href":"https:\/\/diariotextual.com\/inicio\/index.php\/wp-json\/wp\/v2\/posts\/322357\/revisions\/322365"}],"wp:featuredmedia":[{"embeddable":true,"href":"https:\/\/diariotextual.com\/inicio\/index.php\/wp-json\/wp\/v2\/media\/250140"}],"wp:attachment":[{"href":"https:\/\/diariotextual.com\/inicio\/index.php\/wp-json\/wp\/v2\/media?parent=322357"}],"wp:term":[{"taxonomy":"category","embeddable":true,"href":"https:\/\/diariotextual.com\/inicio\/index.php\/wp-json\/wp\/v2\/categories?post=322357"},{"taxonomy":"post_tag","embeddable":true,"href":"https:\/\/diariotextual.com\/inicio\/index.php\/wp-json\/wp\/v2\/tags?post=322357"}],"curies":[{"name":"wp","href":"https:\/\/api.w.org\/{rel}","templated":true}]}}