{"id":322368,"date":"2026-03-16T16:20:55","date_gmt":"2026-03-16T19:20:55","guid":{"rendered":"https:\/\/diariotextual.com\/inicio\/?p=322368"},"modified":"2026-03-16T16:31:04","modified_gmt":"2026-03-16T19:31:04","slug":"se-largo-la-campana-opositora-en-la-pampa-radicales-y-libertarios-cabeza-a-cabeza","status":"publish","type":"post","link":"https:\/\/diariotextual.com\/inicio\/index.php\/2026\/03\/16\/se-largo-la-campana-opositora-en-la-pampa-radicales-y-libertarios-cabeza-a-cabeza\/","title":{"rendered":"Se larg\u00f3 la campa\u00f1a opositora en La Pampa: radicales y libertarios cabeza a cabeza"},"content":{"rendered":"\n<h2 class=\"wp-block-heading\"><strong>Por Norberto Asquini<\/strong><\/h2>\n\n\n\n<p>En la <strong>pol\u00edtica pampeana<\/strong> ya empez\u00f3 a escucharse el <strong>ruido de motores<\/strong> cuando queda un a\u00f1o para la <strong>elecci\u00f3n ejecutiva de 2027<\/strong>. En la \u00faltima semana dos actos marcaron que la carrera ya larg\u00f3 para la <strong>oposici\u00f3n antiperonista<\/strong>. En un andarivel se acomodaron los <strong>libertarios<\/strong>, con su discurso duro y la <strong>foto de Milei<\/strong> como bandera. En el otro, el <strong>radicalismo<\/strong>, m\u00e1s moderado y con m\u00e1s territorio. Ambos tienen el mismo objetivo: disputarle la <strong>gobernaci\u00f3n<\/strong> al <strong>peronismo<\/strong> despu\u00e9s de <strong>44 a\u00f1os<\/strong>.<\/p>\n\n\n\n<p>El primer movimiento lo hizo el <strong>espacio libertario<\/strong> con un acto en <strong>General Pico<\/strong> encabezado por el <strong>diputado Adri\u00e1n Ravier<\/strong>, que no esconde sus <strong>intenciones de ser candidato a gobernador<\/strong>. D\u00edas despu\u00e9s respondi\u00f3 el <strong>radicalismo<\/strong> con un encuentro en el <strong>Club Independiente de Santa Rosa<\/strong>, liderado por el <strong>presidente de la UCR<\/strong> y tambi\u00e9n <strong>candidato a gobernador Mart\u00edn Berhongaray<\/strong>.<\/p>\n\n\n\n<p>Las dos fotos muestran algo m\u00e1s que una simple <strong>actividad partidaria<\/strong>. Son <strong>se\u00f1ales de largada<\/strong>. Las dos puntas opositoras del <strong>antiperonismo en la provincia<\/strong> decidieron empezar a mostrarse en el <strong>territorio<\/strong>. Y lo hacen con un mismo diagn\u00f3stico: analizan que el <strong>peronismo<\/strong> atraviesa un <strong>momento de debilidad<\/strong>, en parte por lo que ocurre a <strong>nivel nacional<\/strong> con el <strong>avance pol\u00edtico de Javier Milei<\/strong>, y que la <strong>posibilidad de ganar<\/strong> es cierta.<\/p>\n\n\n\n<p>En la <strong>jerga pol\u00edtica<\/strong> dir\u00edan que <strong>\u201chuelen sangre\u201d<\/strong>. No s\u00f3lo por el <strong>escenario nacional<\/strong>, sino tambi\u00e9n porque observan a un <strong>oficialismo provincial<\/strong> que deber\u00e1 enfrentar un <strong>ciclo electoral complejo<\/strong>.<\/p>\n\n\n\n<p>Sin embargo, <strong>radicales y libertarios<\/strong> comparten algo m\u00e1s que la <strong>ambici\u00f3n de llegar a la Casa de Gobierno<\/strong>. Ambos saben que, si quieren <strong>ganar<\/strong>, necesitar\u00e1n <strong>terminar en el mismo barco<\/strong>. La <strong>historia electoral pampeana<\/strong> indica que el <strong>antiperonismo<\/strong> s\u00f3lo tendr\u00e1 <strong>chances reales<\/strong> cuando logre confluir en un <strong>frente amplio<\/strong>.<\/p>\n\n\n\n<p>El problema es <strong>qui\u00e9n llevar\u00e1 el tim\u00f3n<\/strong>. Hoy la disputa no es s\u00f3lo contra el <strong>peronismo<\/strong>. Tambi\u00e9n es una <strong>competencia interna<\/strong> por la <strong>cabeza de la boleta<\/strong>. <strong>Radicales y libertarios<\/strong> corren en paralelo para ver <strong>qui\u00e9n llega primero<\/strong>.<\/p>\n\n\n\n<p>El <strong>radicalismo<\/strong> apuesta a la <strong>estructura<\/strong>. Tiene <strong>intendentes<\/strong>, <strong>comit\u00e9s<\/strong> y una <strong>maquinaria territorial<\/strong> que todav\u00eda funciona. Su estrategia ya empez\u00f3 a quedar clara: <strong>provincializar la campa\u00f1a<\/strong> y <strong>despegarse del gobierno nacional de Milei<\/strong>. El mensaje es simple: mostrarse como la <strong>oposici\u00f3n hist\u00f3rica al peronismo pampeano<\/strong>.<\/p>\n\n\n\n<p>El inconveniente es que ese <strong>discurso suena conocido<\/strong>. El <strong>radicalismo<\/strong> vuelve a tocar la <strong>misma canci\u00f3n<\/strong> que repite desde hace a\u00f1os frente al <strong>PJ<\/strong> que lo derrot\u00f3 <strong>una y otra vez<\/strong>. La inc\u00f3gnita es si esa <strong>melod\u00eda<\/strong> todav\u00eda seduce a un <strong>electorado<\/strong> que en <strong>2025<\/strong> eligi\u00f3 en las <strong>urnas<\/strong> una opci\u00f3n mucho m\u00e1s <strong>disruptiva<\/strong> y le dio el <strong>primer triunfo a los libertarios<\/strong>.<\/p>\n\n\n\n<p>Ah\u00ed aparece el otro competidor en la pista: el <strong>aluvi\u00f3n violeta<\/strong>, una fuerza a la que se suma todo lo <strong>perif\u00e9rico<\/strong> que est\u00e1 dando vuelta y que busca su <strong>oportunidad<\/strong>. <strong>La Libertad Avanza<\/strong> no tiene <strong>estructura territorial<\/strong> comparable con la <strong>UCR<\/strong>, pero juega con otras cartas. Tiene un <strong>presidente fuerte en la Casa Rosada<\/strong>, un <strong>discurso confrontativo<\/strong> hasta el uso sin incomodidad de <strong>la mentira<\/strong> y un <strong>electorado<\/strong> que todav\u00eda se siente <strong>ganador<\/strong>.<\/p>\n\n\n\n<p>En ese esquema, los <strong>libertarios<\/strong> buscar\u00e1n imponer el <strong>peso del liderazgo nacional<\/strong>. El <strong>\u201cdedo\u201d de Milei<\/strong> aparece como la <strong>herramienta para ordenar candidaturas<\/strong>. Y esa es precisamente la <strong>frontera<\/strong> que el <strong>radicalismo<\/strong> intenta marcar.<\/p>\n\n\n\n<p>El <strong>dirigente radical \u201cPoli\u201d Altolaguirre<\/strong> lo dej\u00f3 entrever al se\u00f1alar que la <strong>UCR<\/strong> va a querer <strong>dirimir la candidatura en una interna<\/strong>. No es casual: en una <strong>PASO a la pampeana<\/strong> pesan m\u00e1s los <strong>afiliados<\/strong> y la <strong>estructura<\/strong>, dos territorios donde el <strong>radicalismo<\/strong> se mueve con <strong>comodidad<\/strong>. Y que <strong>no aceptar\u00e1n ning\u00fan dedo<\/strong>.<\/p>\n\n\n\n<p>Algunos <strong>libertarios sueltos<\/strong> ya respondieron con <strong>dureza<\/strong>, incluso con <strong>ataques personales en las redes sociales<\/strong> a <strong>Altolaguirre<\/strong> sobre un supuesto <strong>pacto con el peronismo<\/strong>. Nada m\u00e1s alejado de la <strong>realidad de un legislador duro con el PJ<\/strong>. Es parte del <strong>clima<\/strong> que anticipa la <strong>pelea entre unos y otros<\/strong>.<\/p>\n\n\n\n<p>La <strong>carrera<\/strong> parece <strong>larga<\/strong>, pero no es tanto porque <strong>a fin de a\u00f1o<\/strong> tendr\u00edan que estar las <strong>principales definiciones electorales<\/strong>. Por eso ambos se adelantan buscando <strong>sacar alg\u00fan cuerpo de distancia<\/strong>. De un lado, la <strong>estructura radical<\/strong>; del otro, el <strong>envi\u00f3n libertario<\/strong>. Uno apuesta al <strong>m\u00fasculo territorial<\/strong>. El otro al <strong>impulso de una ola pol\u00edtica nacional<\/strong>.<\/p>\n\n\n\n<p>La <strong>inc\u00f3gnita<\/strong> es qu\u00e9 preferir\u00e1 el <strong>votante pampeano<\/strong> cuando llegue el <strong>momento de elegir<\/strong>: la <strong>opci\u00f3n moderada<\/strong> o la <strong>opci\u00f3n dura<\/strong>.<\/p>\n\n\n\n<p><\/p>\n","protected":false},"excerpt":{"rendered":"<p>Por Norberto Asquini En la pol\u00edtica pampeana ya empez\u00f3 a escucharse el ruido de motores cuando queda un a\u00f1o para la elecci\u00f3n ejecutiva de 2027. En la \u00faltima semana dos&hellip;<\/p>\n","protected":false},"author":3,"featured_media":322272,"comment_status":"closed","ping_status":"open","sticky":false,"template":"","format":"standard","meta":{"_acf_changed":false,"footnotes":""},"categories":[10,8],"tags":[],"class_list":["post-322368","post","type-post","status-publish","format-standard","has-post-thumbnail","hentry","category-portada-2","category-politica"],"acf":[],"yoast_head":"<!-- This site is optimized with the Yoast SEO plugin v27.5 - https:\/\/yoast.com\/product\/yoast-seo-wordpress\/ -->\n<title>Se larg\u00f3 la campa\u00f1a opositora en La Pampa: radicales y libertarios cabeza a cabeza - Diario Textual<\/title>\n<meta name=\"robots\" content=\"index, follow, max-snippet:-1, max-image-preview:large, max-video-preview:-1\" \/>\n<link rel=\"canonical\" href=\"https:\/\/diariotextual.com\/inicio\/index.php\/2026\/03\/16\/se-largo-la-campana-opositora-en-la-pampa-radicales-y-libertarios-cabeza-a-cabeza\/\" \/>\n<meta property=\"og:locale\" content=\"es_ES\" \/>\n<meta property=\"og:type\" content=\"article\" \/>\n<meta property=\"og:title\" content=\"Se larg\u00f3 la campa\u00f1a opositora en La Pampa: radicales y libertarios cabeza a cabeza - Diario Textual\" \/>\n<meta property=\"og:description\" content=\"Por Norberto Asquini En la pol\u00edtica pampeana ya empez\u00f3 a escucharse el ruido de motores cuando queda un a\u00f1o para la elecci\u00f3n ejecutiva de 2027. En la \u00faltima semana dos&hellip;\" \/>\n<meta property=\"og:url\" content=\"https:\/\/diariotextual.com\/inicio\/index.php\/2026\/03\/16\/se-largo-la-campana-opositora-en-la-pampa-radicales-y-libertarios-cabeza-a-cabeza\/\" \/>\n<meta property=\"og:site_name\" content=\"Diario Textual\" \/>\n<meta property=\"article:publisher\" content=\"https:\/\/www.facebook.com\/eltextual\" \/>\n<meta property=\"article:published_time\" content=\"2026-03-16T19:20:55+00:00\" \/>\n<meta property=\"article:modified_time\" content=\"2026-03-16T19:31:04+00:00\" \/>\n<meta property=\"og:image\" content=\"https:\/\/diariotextual.com\/inicio\/wp-content\/uploads\/2026\/03\/berhongaraymartin2026-01.jpg\" \/>\n\t<meta property=\"og:image:width\" content=\"960\" \/>\n\t<meta property=\"og:image:height\" content=\"639\" \/>\n\t<meta property=\"og:image:type\" content=\"image\/jpeg\" \/>\n<meta name=\"author\" content=\"Diario1 Diario1\" \/>\n<meta name=\"twitter:card\" content=\"summary_large_image\" \/>\n<meta name=\"twitter:creator\" content=\"@eltextual\" \/>\n<meta name=\"twitter:site\" content=\"@eltextual\" \/>\n<meta name=\"twitter:label1\" content=\"Escrito por\" \/>\n\t<meta name=\"twitter:data1\" content=\"Diario1 Diario1\" \/>\n\t<meta name=\"twitter:label2\" content=\"Tiempo de lectura\" \/>\n\t<meta name=\"twitter:data2\" content=\"4 minutos\" \/>\n<script type=\"application\/ld+json\" class=\"yoast-schema-graph\">{\"@context\":\"https:\\\/\\\/schema.org\",\"@graph\":[{\"@type\":\"Article\",\"@id\":\"https:\\\/\\\/diariotextual.com\\\/inicio\\\/index.php\\\/2026\\\/03\\\/16\\\/se-largo-la-campana-opositora-en-la-pampa-radicales-y-libertarios-cabeza-a-cabeza\\\/#article\",\"isPartOf\":{\"@id\":\"https:\\\/\\\/diariotextual.com\\\/inicio\\\/index.php\\\/2026\\\/03\\\/16\\\/se-largo-la-campana-opositora-en-la-pampa-radicales-y-libertarios-cabeza-a-cabeza\\\/\"},\"author\":{\"name\":\"Diario1 Diario1\",\"@id\":\"https:\\\/\\\/diariotextual.com\\\/inicio\\\/#\\\/schema\\\/person\\\/418fc4093c33e86ed41562db3508f958\"},\"headline\":\"Se larg\u00f3 la campa\u00f1a opositora en La Pampa: radicales y libertarios cabeza a cabeza\",\"datePublished\":\"2026-03-16T19:20:55+00:00\",\"dateModified\":\"2026-03-16T19:31:04+00:00\",\"mainEntityOfPage\":{\"@id\":\"https:\\\/\\\/diariotextual.com\\\/inicio\\\/index.php\\\/2026\\\/03\\\/16\\\/se-largo-la-campana-opositora-en-la-pampa-radicales-y-libertarios-cabeza-a-cabeza\\\/\"},\"wordCount\":797,\"publisher\":{\"@id\":\"https:\\\/\\\/diariotextual.com\\\/inicio\\\/#organization\"},\"image\":{\"@id\":\"https:\\\/\\\/diariotextual.com\\\/inicio\\\/index.php\\\/2026\\\/03\\\/16\\\/se-largo-la-campana-opositora-en-la-pampa-radicales-y-libertarios-cabeza-a-cabeza\\\/#primaryimage\"},\"thumbnailUrl\":\"https:\\\/\\\/diariotextual.com\\\/inicio\\\/wp-content\\\/uploads\\\/2026\\\/03\\\/berhongaraymartin2026-01.jpg\",\"articleSection\":[\"A - PORTADA2\",\"POLITICA\"],\"inLanguage\":\"es\"},{\"@type\":\"WebPage\",\"@id\":\"https:\\\/\\\/diariotextual.com\\\/inicio\\\/index.php\\\/2026\\\/03\\\/16\\\/se-largo-la-campana-opositora-en-la-pampa-radicales-y-libertarios-cabeza-a-cabeza\\\/\",\"url\":\"https:\\\/\\\/diariotextual.com\\\/inicio\\\/index.php\\\/2026\\\/03\\\/16\\\/se-largo-la-campana-opositora-en-la-pampa-radicales-y-libertarios-cabeza-a-cabeza\\\/\",\"name\":\"Se larg\u00f3 la campa\u00f1a opositora en La Pampa: radicales y libertarios cabeza a cabeza - Diario Textual\",\"isPartOf\":{\"@id\":\"https:\\\/\\\/diariotextual.com\\\/inicio\\\/#website\"},\"primaryImageOfPage\":{\"@id\":\"https:\\\/\\\/diariotextual.com\\\/inicio\\\/index.php\\\/2026\\\/03\\\/16\\\/se-largo-la-campana-opositora-en-la-pampa-radicales-y-libertarios-cabeza-a-cabeza\\\/#primaryimage\"},\"image\":{\"@id\":\"https:\\\/\\\/diariotextual.com\\\/inicio\\\/index.php\\\/2026\\\/03\\\/16\\\/se-largo-la-campana-opositora-en-la-pampa-radicales-y-libertarios-cabeza-a-cabeza\\\/#primaryimage\"},\"thumbnailUrl\":\"https:\\\/\\\/diariotextual.com\\\/inicio\\\/wp-content\\\/uploads\\\/2026\\\/03\\\/berhongaraymartin2026-01.jpg\",\"datePublished\":\"2026-03-16T19:20:55+00:00\",\"dateModified\":\"2026-03-16T19:31:04+00:00\",\"breadcrumb\":{\"@id\":\"https:\\\/\\\/diariotextual.com\\\/inicio\\\/index.php\\\/2026\\\/03\\\/16\\\/se-largo-la-campana-opositora-en-la-pampa-radicales-y-libertarios-cabeza-a-cabeza\\\/#breadcrumb\"},\"inLanguage\":\"es\",\"potentialAction\":[{\"@type\":\"ReadAction\",\"target\":[\"https:\\\/\\\/diariotextual.com\\\/inicio\\\/index.php\\\/2026\\\/03\\\/16\\\/se-largo-la-campana-opositora-en-la-pampa-radicales-y-libertarios-cabeza-a-cabeza\\\/\"]}]},{\"@type\":\"ImageObject\",\"inLanguage\":\"es\",\"@id\":\"https:\\\/\\\/diariotextual.com\\\/inicio\\\/index.php\\\/2026\\\/03\\\/16\\\/se-largo-la-campana-opositora-en-la-pampa-radicales-y-libertarios-cabeza-a-cabeza\\\/#primaryimage\",\"url\":\"https:\\\/\\\/diariotextual.com\\\/inicio\\\/wp-content\\\/uploads\\\/2026\\\/03\\\/berhongaraymartin2026-01.jpg\",\"contentUrl\":\"https:\\\/\\\/diariotextual.com\\\/inicio\\\/wp-content\\\/uploads\\\/2026\\\/03\\\/berhongaraymartin2026-01.jpg\",\"width\":960,\"height\":639},{\"@type\":\"BreadcrumbList\",\"@id\":\"https:\\\/\\\/diariotextual.com\\\/inicio\\\/index.php\\\/2026\\\/03\\\/16\\\/se-largo-la-campana-opositora-en-la-pampa-radicales-y-libertarios-cabeza-a-cabeza\\\/#breadcrumb\",\"itemListElement\":[{\"@type\":\"ListItem\",\"position\":1,\"name\":\"Portada\",\"item\":\"https:\\\/\\\/diariotextual.com\\\/inicio\\\/\"},{\"@type\":\"ListItem\",\"position\":2,\"name\":\"Se larg\u00f3 la campa\u00f1a opositora en La Pampa: radicales y libertarios cabeza a cabeza\"}]},{\"@type\":\"WebSite\",\"@id\":\"https:\\\/\\\/diariotextual.com\\\/inicio\\\/#website\",\"url\":\"https:\\\/\\\/diariotextual.com\\\/inicio\\\/\",\"name\":\"Diario Textual\",\"description\":\"\",\"publisher\":{\"@id\":\"https:\\\/\\\/diariotextual.com\\\/inicio\\\/#organization\"},\"potentialAction\":[{\"@type\":\"SearchAction\",\"target\":{\"@type\":\"EntryPoint\",\"urlTemplate\":\"https:\\\/\\\/diariotextual.com\\\/inicio\\\/?s={search_term_string}\"},\"query-input\":{\"@type\":\"PropertyValueSpecification\",\"valueRequired\":true,\"valueName\":\"search_term_string\"}}],\"inLanguage\":\"es\"},{\"@type\":\"Organization\",\"@id\":\"https:\\\/\\\/diariotextual.com\\\/inicio\\\/#organization\",\"name\":\"Diario Textual\",\"url\":\"https:\\\/\\\/diariotextual.com\\\/inicio\\\/\",\"logo\":{\"@type\":\"ImageObject\",\"inLanguage\":\"es\",\"@id\":\"https:\\\/\\\/diariotextual.com\\\/inicio\\\/#\\\/schema\\\/logo\\\/image\\\/\",\"url\":\"https:\\\/\\\/diariotextual.com\\\/inicio\\\/wp-content\\\/uploads\\\/2023\\\/05\\\/logotextual1.jpg\",\"contentUrl\":\"https:\\\/\\\/diariotextual.com\\\/inicio\\\/wp-content\\\/uploads\\\/2023\\\/05\\\/logotextual1.jpg\",\"width\":516,\"height\":76,\"caption\":\"Diario Textual\"},\"image\":{\"@id\":\"https:\\\/\\\/diariotextual.com\\\/inicio\\\/#\\\/schema\\\/logo\\\/image\\\/\"},\"sameAs\":[\"https:\\\/\\\/www.facebook.com\\\/eltextual\",\"https:\\\/\\\/x.com\\\/eltextual\",\"http:\\\/\\\/www.instagram.com\\\/eltextual\"]},{\"@type\":\"Person\",\"@id\":\"https:\\\/\\\/diariotextual.com\\\/inicio\\\/#\\\/schema\\\/person\\\/418fc4093c33e86ed41562db3508f958\",\"name\":\"Diario1 Diario1\",\"image\":{\"@type\":\"ImageObject\",\"inLanguage\":\"es\",\"@id\":\"https:\\\/\\\/secure.gravatar.com\\\/avatar\\\/9167d280179c85bc18be67aa7eda765854300033af4896dd779b608640f2ef7a?s=96&d=mm&r=g\",\"url\":\"https:\\\/\\\/secure.gravatar.com\\\/avatar\\\/9167d280179c85bc18be67aa7eda765854300033af4896dd779b608640f2ef7a?s=96&d=mm&r=g\",\"contentUrl\":\"https:\\\/\\\/secure.gravatar.com\\\/avatar\\\/9167d280179c85bc18be67aa7eda765854300033af4896dd779b608640f2ef7a?s=96&d=mm&r=g\",\"caption\":\"Diario1 Diario1\"},\"url\":\"https:\\\/\\\/diariotextual.com\\\/inicio\\\/index.php\\\/author\\\/diario1\\\/\"}]}<\/script>\n<!-- \/ Yoast SEO plugin. -->","yoast_head_json":{"title":"Se larg\u00f3 la campa\u00f1a opositora en La Pampa: radicales y libertarios cabeza a cabeza - Diario Textual","robots":{"index":"index","follow":"follow","max-snippet":"max-snippet:-1","max-image-preview":"max-image-preview:large","max-video-preview":"max-video-preview:-1"},"canonical":"https:\/\/diariotextual.com\/inicio\/index.php\/2026\/03\/16\/se-largo-la-campana-opositora-en-la-pampa-radicales-y-libertarios-cabeza-a-cabeza\/","og_locale":"es_ES","og_type":"article","og_title":"Se larg\u00f3 la campa\u00f1a opositora en La Pampa: radicales y libertarios cabeza a cabeza - Diario Textual","og_description":"Por Norberto Asquini En la pol\u00edtica pampeana ya empez\u00f3 a escucharse el ruido de motores cuando queda un a\u00f1o para la elecci\u00f3n ejecutiva de 2027. En la \u00faltima semana dos&hellip;","og_url":"https:\/\/diariotextual.com\/inicio\/index.php\/2026\/03\/16\/se-largo-la-campana-opositora-en-la-pampa-radicales-y-libertarios-cabeza-a-cabeza\/","og_site_name":"Diario Textual","article_publisher":"https:\/\/www.facebook.com\/eltextual","article_published_time":"2026-03-16T19:20:55+00:00","article_modified_time":"2026-03-16T19:31:04+00:00","og_image":[{"width":960,"height":639,"url":"https:\/\/diariotextual.com\/inicio\/wp-content\/uploads\/2026\/03\/berhongaraymartin2026-01.jpg","type":"image\/jpeg"}],"author":"Diario1 Diario1","twitter_card":"summary_large_image","twitter_creator":"@eltextual","twitter_site":"@eltextual","twitter_misc":{"Escrito por":"Diario1 Diario1","Tiempo de lectura":"4 minutos"},"schema":{"@context":"https:\/\/schema.org","@graph":[{"@type":"Article","@id":"https:\/\/diariotextual.com\/inicio\/index.php\/2026\/03\/16\/se-largo-la-campana-opositora-en-la-pampa-radicales-y-libertarios-cabeza-a-cabeza\/#article","isPartOf":{"@id":"https:\/\/diariotextual.com\/inicio\/index.php\/2026\/03\/16\/se-largo-la-campana-opositora-en-la-pampa-radicales-y-libertarios-cabeza-a-cabeza\/"},"author":{"name":"Diario1 Diario1","@id":"https:\/\/diariotextual.com\/inicio\/#\/schema\/person\/418fc4093c33e86ed41562db3508f958"},"headline":"Se larg\u00f3 la campa\u00f1a opositora en La Pampa: radicales y libertarios cabeza a cabeza","datePublished":"2026-03-16T19:20:55+00:00","dateModified":"2026-03-16T19:31:04+00:00","mainEntityOfPage":{"@id":"https:\/\/diariotextual.com\/inicio\/index.php\/2026\/03\/16\/se-largo-la-campana-opositora-en-la-pampa-radicales-y-libertarios-cabeza-a-cabeza\/"},"wordCount":797,"publisher":{"@id":"https:\/\/diariotextual.com\/inicio\/#organization"},"image":{"@id":"https:\/\/diariotextual.com\/inicio\/index.php\/2026\/03\/16\/se-largo-la-campana-opositora-en-la-pampa-radicales-y-libertarios-cabeza-a-cabeza\/#primaryimage"},"thumbnailUrl":"https:\/\/diariotextual.com\/inicio\/wp-content\/uploads\/2026\/03\/berhongaraymartin2026-01.jpg","articleSection":["A - PORTADA2","POLITICA"],"inLanguage":"es"},{"@type":"WebPage","@id":"https:\/\/diariotextual.com\/inicio\/index.php\/2026\/03\/16\/se-largo-la-campana-opositora-en-la-pampa-radicales-y-libertarios-cabeza-a-cabeza\/","url":"https:\/\/diariotextual.com\/inicio\/index.php\/2026\/03\/16\/se-largo-la-campana-opositora-en-la-pampa-radicales-y-libertarios-cabeza-a-cabeza\/","name":"Se larg\u00f3 la campa\u00f1a opositora en La Pampa: radicales y libertarios cabeza a cabeza - Diario Textual","isPartOf":{"@id":"https:\/\/diariotextual.com\/inicio\/#website"},"primaryImageOfPage":{"@id":"https:\/\/diariotextual.com\/inicio\/index.php\/2026\/03\/16\/se-largo-la-campana-opositora-en-la-pampa-radicales-y-libertarios-cabeza-a-cabeza\/#primaryimage"},"image":{"@id":"https:\/\/diariotextual.com\/inicio\/index.php\/2026\/03\/16\/se-largo-la-campana-opositora-en-la-pampa-radicales-y-libertarios-cabeza-a-cabeza\/#primaryimage"},"thumbnailUrl":"https:\/\/diariotextual.com\/inicio\/wp-content\/uploads\/2026\/03\/berhongaraymartin2026-01.jpg","datePublished":"2026-03-16T19:20:55+00:00","dateModified":"2026-03-16T19:31:04+00:00","breadcrumb":{"@id":"https:\/\/diariotextual.com\/inicio\/index.php\/2026\/03\/16\/se-largo-la-campana-opositora-en-la-pampa-radicales-y-libertarios-cabeza-a-cabeza\/#breadcrumb"},"inLanguage":"es","potentialAction":[{"@type":"ReadAction","target":["https:\/\/diariotextual.com\/inicio\/index.php\/2026\/03\/16\/se-largo-la-campana-opositora-en-la-pampa-radicales-y-libertarios-cabeza-a-cabeza\/"]}]},{"@type":"ImageObject","inLanguage":"es","@id":"https:\/\/diariotextual.com\/inicio\/index.php\/2026\/03\/16\/se-largo-la-campana-opositora-en-la-pampa-radicales-y-libertarios-cabeza-a-cabeza\/#primaryimage","url":"https:\/\/diariotextual.com\/inicio\/wp-content\/uploads\/2026\/03\/berhongaraymartin2026-01.jpg","contentUrl":"https:\/\/diariotextual.com\/inicio\/wp-content\/uploads\/2026\/03\/berhongaraymartin2026-01.jpg","width":960,"height":639},{"@type":"BreadcrumbList","@id":"https:\/\/diariotextual.com\/inicio\/index.php\/2026\/03\/16\/se-largo-la-campana-opositora-en-la-pampa-radicales-y-libertarios-cabeza-a-cabeza\/#breadcrumb","itemListElement":[{"@type":"ListItem","position":1,"name":"Portada","item":"https:\/\/diariotextual.com\/inicio\/"},{"@type":"ListItem","position":2,"name":"Se larg\u00f3 la campa\u00f1a opositora en La Pampa: radicales y libertarios cabeza a cabeza"}]},{"@type":"WebSite","@id":"https:\/\/diariotextual.com\/inicio\/#website","url":"https:\/\/diariotextual.com\/inicio\/","name":"Diario Textual","description":"","publisher":{"@id":"https:\/\/diariotextual.com\/inicio\/#organization"},"potentialAction":[{"@type":"SearchAction","target":{"@type":"EntryPoint","urlTemplate":"https:\/\/diariotextual.com\/inicio\/?s={search_term_string}"},"query-input":{"@type":"PropertyValueSpecification","valueRequired":true,"valueName":"search_term_string"}}],"inLanguage":"es"},{"@type":"Organization","@id":"https:\/\/diariotextual.com\/inicio\/#organization","name":"Diario Textual","url":"https:\/\/diariotextual.com\/inicio\/","logo":{"@type":"ImageObject","inLanguage":"es","@id":"https:\/\/diariotextual.com\/inicio\/#\/schema\/logo\/image\/","url":"https:\/\/diariotextual.com\/inicio\/wp-content\/uploads\/2023\/05\/logotextual1.jpg","contentUrl":"https:\/\/diariotextual.com\/inicio\/wp-content\/uploads\/2023\/05\/logotextual1.jpg","width":516,"height":76,"caption":"Diario Textual"},"image":{"@id":"https:\/\/diariotextual.com\/inicio\/#\/schema\/logo\/image\/"},"sameAs":["https:\/\/www.facebook.com\/eltextual","https:\/\/x.com\/eltextual","http:\/\/www.instagram.com\/eltextual"]},{"@type":"Person","@id":"https:\/\/diariotextual.com\/inicio\/#\/schema\/person\/418fc4093c33e86ed41562db3508f958","name":"Diario1 Diario1","image":{"@type":"ImageObject","inLanguage":"es","@id":"https:\/\/secure.gravatar.com\/avatar\/9167d280179c85bc18be67aa7eda765854300033af4896dd779b608640f2ef7a?s=96&d=mm&r=g","url":"https:\/\/secure.gravatar.com\/avatar\/9167d280179c85bc18be67aa7eda765854300033af4896dd779b608640f2ef7a?s=96&d=mm&r=g","contentUrl":"https:\/\/secure.gravatar.com\/avatar\/9167d280179c85bc18be67aa7eda765854300033af4896dd779b608640f2ef7a?s=96&d=mm&r=g","caption":"Diario1 Diario1"},"url":"https:\/\/diariotextual.com\/inicio\/index.php\/author\/diario1\/"}]}},"_links":{"self":[{"href":"https:\/\/diariotextual.com\/inicio\/index.php\/wp-json\/wp\/v2\/posts\/322368","targetHints":{"allow":["GET"]}}],"collection":[{"href":"https:\/\/diariotextual.com\/inicio\/index.php\/wp-json\/wp\/v2\/posts"}],"about":[{"href":"https:\/\/diariotextual.com\/inicio\/index.php\/wp-json\/wp\/v2\/types\/post"}],"author":[{"embeddable":true,"href":"https:\/\/diariotextual.com\/inicio\/index.php\/wp-json\/wp\/v2\/users\/3"}],"replies":[{"embeddable":true,"href":"https:\/\/diariotextual.com\/inicio\/index.php\/wp-json\/wp\/v2\/comments?post=322368"}],"version-history":[{"count":2,"href":"https:\/\/diariotextual.com\/inicio\/index.php\/wp-json\/wp\/v2\/posts\/322368\/revisions"}],"predecessor-version":[{"id":322372,"href":"https:\/\/diariotextual.com\/inicio\/index.php\/wp-json\/wp\/v2\/posts\/322368\/revisions\/322372"}],"wp:featuredmedia":[{"embeddable":true,"href":"https:\/\/diariotextual.com\/inicio\/index.php\/wp-json\/wp\/v2\/media\/322272"}],"wp:attachment":[{"href":"https:\/\/diariotextual.com\/inicio\/index.php\/wp-json\/wp\/v2\/media?parent=322368"}],"wp:term":[{"taxonomy":"category","embeddable":true,"href":"https:\/\/diariotextual.com\/inicio\/index.php\/wp-json\/wp\/v2\/categories?post=322368"},{"taxonomy":"post_tag","embeddable":true,"href":"https:\/\/diariotextual.com\/inicio\/index.php\/wp-json\/wp\/v2\/tags?post=322368"}],"curies":[{"name":"wp","href":"https:\/\/api.w.org\/{rel}","templated":true}]}}