{"id":322373,"date":"2026-03-16T07:46:45","date_gmt":"2026-03-16T10:46:45","guid":{"rendered":"https:\/\/diariotextual.com\/inicio\/?p=322373"},"modified":"2026-03-16T10:55:40","modified_gmt":"2026-03-16T13:55:40","slug":"el-campo-produce-riqueza-y-paga-pobreza-reclamo-de-uatre-la-pampa-en-la-expoagro","status":"publish","type":"post","link":"https:\/\/diariotextual.com\/inicio\/index.php\/2026\/03\/16\/el-campo-produce-riqueza-y-paga-pobreza-reclamo-de-uatre-la-pampa-en-la-expoagro\/","title":{"rendered":"\u201cEl campo produce riqueza y paga pobreza\u201d: reclamo de Uatre La Pampa en la Expoagro"},"content":{"rendered":"\n<p>La <strong>Uni\u00f3n Argentina de Trabajadores Rurales y Estibadores (Uatre)<\/strong> protagoniz\u00f3 una protesta el pasado viernes durante la exposici\u00f3n <strong>Expoagro 2026<\/strong>, que se realiz\u00f3 en el aut\u00f3dromo de <strong>Aut\u00f3dromo de San Nicol\u00e1s<\/strong>. En la manifestaci\u00f3n participarondelegados regionales de <strong>La Pampa<\/strong>.<\/p>\n\n\n\n<p>Los representantes gremiales pampeanos viajaron hasta la muestra agroindustrial para sumarse a la manifestaci\u00f3n convocada por el sindicato. Aunque la <strong>Polic\u00eda<\/strong> no permiti\u00f3 el ingreso de los manifestantes al predio, la protesta se desarroll\u00f3 igualmente en el exterior del lugar. \u201cEl campo produce riqueza y paga pobreza\u201d, se pod\u00eda leer en un cartel sostenido por los representantes pampeanos.<\/p>\n\n\n\n<p>Durante la jornada, los delegados reclamaron <strong>una recomposici\u00f3n salarial urgente para los trabajadores y trabajadoras rurales<\/strong> y expresaron su preocupaci\u00f3n por el impacto que podr\u00eda tener la <strong>reforma laboral impulsada por el gobierno de Javier Milei<\/strong> sobre el sector.<\/p>\n\n\n\n<p>Seg\u00fan plantearon desde el gremio, en los \u00faltimos meses hubo varios intentos de negociaci\u00f3n con el sector empleador, pero <strong>no se alcanz\u00f3 ning\u00fan acuerdo<\/strong>. Adem\u00e1s, recordaron que <strong>el \u00faltimo incremento salarial para los trabajadores rurales se otorg\u00f3 en diciembre de 2025<\/strong>, sin que desde entonces se haya producido una actualizaci\u00f3n de los ingresos.<\/p>\n\n\n\n<p>\u201cEl campo gana millones y al trabajador rural le quieren ofrecer <strong>menos de mil pesos por d\u00eda<\/strong>. Esa realidad es inadmisible para quienes sostienen la producci\u00f3n todos los d\u00edas\u201d, se\u00f1alaron durante la protesta.<\/p>\n\n\n\n<p>Los dirigentes tambi\u00e9n advirtieron sobre las <strong>posibles consecuencias de la reforma laboral<\/strong> en materia de condiciones de trabajo, estabilidad y negociaci\u00f3n colectiva dentro del sector rural.<\/p>\n\n\n\n<p>Finalmente, desde <strong>Uatre<\/strong> ratificaron que el sindicato <strong>continuar\u00e1 defendiendo las paritarias y los derechos laborales de los trabajadores y trabajadoras rurales<\/strong>, y no descartaron nuevas medidas si la situaci\u00f3n salarial no se modifica.<\/p>\n\n\n\n<p><\/p>\n","protected":false},"excerpt":{"rendered":"<p>La Uni\u00f3n Argentina de Trabajadores Rurales y Estibadores (Uatre) protagoniz\u00f3 una protesta el pasado viernes durante la exposici\u00f3n Expoagro 2026, que se realiz\u00f3 en el aut\u00f3dromo de Aut\u00f3dromo de San&hellip;<\/p>\n","protected":false},"author":3,"featured_media":322374,"comment_status":"closed","ping_status":"open","sticky":false,"template":"","format":"standard","meta":{"_acf_changed":false,"footnotes":""},"categories":[1,20],"tags":[],"class_list":["post-322373","post","type-post","status-publish","format-standard","has-post-thumbnail","hentry","category-es-noticia","category-campo"],"acf":[],"yoast_head":"<!-- This site is optimized with the Yoast SEO plugin v27.5 - https:\/\/yoast.com\/product\/yoast-seo-wordpress\/ -->\n<title>\u201cEl campo produce riqueza y paga pobreza\u201d: reclamo de Uatre La Pampa en la Expoagro - Diario Textual<\/title>\n<meta name=\"robots\" content=\"index, follow, max-snippet:-1, max-image-preview:large, max-video-preview:-1\" \/>\n<link rel=\"canonical\" href=\"https:\/\/diariotextual.com\/inicio\/index.php\/2026\/03\/16\/el-campo-produce-riqueza-y-paga-pobreza-reclamo-de-uatre-la-pampa-en-la-expoagro\/\" \/>\n<meta property=\"og:locale\" content=\"es_ES\" \/>\n<meta property=\"og:type\" content=\"article\" \/>\n<meta property=\"og:title\" content=\"\u201cEl campo produce riqueza y paga pobreza\u201d: reclamo de Uatre La Pampa en la Expoagro - Diario Textual\" \/>\n<meta property=\"og:description\" content=\"La Uni\u00f3n Argentina de Trabajadores Rurales y Estibadores (Uatre) protagoniz\u00f3 una protesta el pasado viernes durante la exposici\u00f3n Expoagro 2026, que se realiz\u00f3 en el aut\u00f3dromo de Aut\u00f3dromo de San&hellip;\" \/>\n<meta property=\"og:url\" content=\"https:\/\/diariotextual.com\/inicio\/index.php\/2026\/03\/16\/el-campo-produce-riqueza-y-paga-pobreza-reclamo-de-uatre-la-pampa-en-la-expoagro\/\" \/>\n<meta property=\"og:site_name\" content=\"Diario Textual\" \/>\n<meta property=\"article:publisher\" content=\"https:\/\/www.facebook.com\/eltextual\" \/>\n<meta property=\"article:published_time\" content=\"2026-03-16T10:46:45+00:00\" \/>\n<meta property=\"article:modified_time\" content=\"2026-03-16T13:55:40+00:00\" \/>\n<meta property=\"og:image\" content=\"https:\/\/diariotextual.com\/inicio\/wp-content\/uploads\/2026\/03\/uatreexpoagromanifestacion2026-1.jpg\" \/>\n\t<meta property=\"og:image:width\" content=\"1200\" \/>\n\t<meta property=\"og:image:height\" content=\"803\" \/>\n\t<meta property=\"og:image:type\" content=\"image\/jpeg\" \/>\n<meta name=\"author\" content=\"Diario1 Diario1\" \/>\n<meta name=\"twitter:card\" content=\"summary_large_image\" \/>\n<meta name=\"twitter:creator\" content=\"@eltextual\" \/>\n<meta name=\"twitter:site\" content=\"@eltextual\" \/>\n<meta name=\"twitter:label1\" content=\"Escrito por\" \/>\n\t<meta name=\"twitter:data1\" content=\"Diario1 Diario1\" \/>\n\t<meta name=\"twitter:label2\" content=\"Tiempo de lectura\" \/>\n\t<meta name=\"twitter:data2\" content=\"2 minutos\" \/>\n<script type=\"application\/ld+json\" class=\"yoast-schema-graph\">{\"@context\":\"https:\\\/\\\/schema.org\",\"@graph\":[{\"@type\":\"Article\",\"@id\":\"https:\\\/\\\/diariotextual.com\\\/inicio\\\/index.php\\\/2026\\\/03\\\/16\\\/el-campo-produce-riqueza-y-paga-pobreza-reclamo-de-uatre-la-pampa-en-la-expoagro\\\/#article\",\"isPartOf\":{\"@id\":\"https:\\\/\\\/diariotextual.com\\\/inicio\\\/index.php\\\/2026\\\/03\\\/16\\\/el-campo-produce-riqueza-y-paga-pobreza-reclamo-de-uatre-la-pampa-en-la-expoagro\\\/\"},\"author\":{\"name\":\"Diario1 Diario1\",\"@id\":\"https:\\\/\\\/diariotextual.com\\\/inicio\\\/#\\\/schema\\\/person\\\/418fc4093c33e86ed41562db3508f958\"},\"headline\":\"\u201cEl campo produce riqueza y paga pobreza\u201d: reclamo de Uatre La Pampa en la Expoagro\",\"datePublished\":\"2026-03-16T10:46:45+00:00\",\"dateModified\":\"2026-03-16T13:55:40+00:00\",\"mainEntityOfPage\":{\"@id\":\"https:\\\/\\\/diariotextual.com\\\/inicio\\\/index.php\\\/2026\\\/03\\\/16\\\/el-campo-produce-riqueza-y-paga-pobreza-reclamo-de-uatre-la-pampa-en-la-expoagro\\\/\"},\"wordCount\":318,\"publisher\":{\"@id\":\"https:\\\/\\\/diariotextual.com\\\/inicio\\\/#organization\"},\"image\":{\"@id\":\"https:\\\/\\\/diariotextual.com\\\/inicio\\\/index.php\\\/2026\\\/03\\\/16\\\/el-campo-produce-riqueza-y-paga-pobreza-reclamo-de-uatre-la-pampa-en-la-expoagro\\\/#primaryimage\"},\"thumbnailUrl\":\"https:\\\/\\\/diariotextual.com\\\/inicio\\\/wp-content\\\/uploads\\\/2026\\\/03\\\/uatreexpoagromanifestacion2026-1.jpg\",\"articleSection\":[\"A - ES NOTICIA (van abajo)\",\"CAMPO\"],\"inLanguage\":\"es\"},{\"@type\":\"WebPage\",\"@id\":\"https:\\\/\\\/diariotextual.com\\\/inicio\\\/index.php\\\/2026\\\/03\\\/16\\\/el-campo-produce-riqueza-y-paga-pobreza-reclamo-de-uatre-la-pampa-en-la-expoagro\\\/\",\"url\":\"https:\\\/\\\/diariotextual.com\\\/inicio\\\/index.php\\\/2026\\\/03\\\/16\\\/el-campo-produce-riqueza-y-paga-pobreza-reclamo-de-uatre-la-pampa-en-la-expoagro\\\/\",\"name\":\"\u201cEl campo produce riqueza y paga pobreza\u201d: reclamo de Uatre La Pampa en la Expoagro - Diario Textual\",\"isPartOf\":{\"@id\":\"https:\\\/\\\/diariotextual.com\\\/inicio\\\/#website\"},\"primaryImageOfPage\":{\"@id\":\"https:\\\/\\\/diariotextual.com\\\/inicio\\\/index.php\\\/2026\\\/03\\\/16\\\/el-campo-produce-riqueza-y-paga-pobreza-reclamo-de-uatre-la-pampa-en-la-expoagro\\\/#primaryimage\"},\"image\":{\"@id\":\"https:\\\/\\\/diariotextual.com\\\/inicio\\\/index.php\\\/2026\\\/03\\\/16\\\/el-campo-produce-riqueza-y-paga-pobreza-reclamo-de-uatre-la-pampa-en-la-expoagro\\\/#primaryimage\"},\"thumbnailUrl\":\"https:\\\/\\\/diariotextual.com\\\/inicio\\\/wp-content\\\/uploads\\\/2026\\\/03\\\/uatreexpoagromanifestacion2026-1.jpg\",\"datePublished\":\"2026-03-16T10:46:45+00:00\",\"dateModified\":\"2026-03-16T13:55:40+00:00\",\"breadcrumb\":{\"@id\":\"https:\\\/\\\/diariotextual.com\\\/inicio\\\/index.php\\\/2026\\\/03\\\/16\\\/el-campo-produce-riqueza-y-paga-pobreza-reclamo-de-uatre-la-pampa-en-la-expoagro\\\/#breadcrumb\"},\"inLanguage\":\"es\",\"potentialAction\":[{\"@type\":\"ReadAction\",\"target\":[\"https:\\\/\\\/diariotextual.com\\\/inicio\\\/index.php\\\/2026\\\/03\\\/16\\\/el-campo-produce-riqueza-y-paga-pobreza-reclamo-de-uatre-la-pampa-en-la-expoagro\\\/\"]}]},{\"@type\":\"ImageObject\",\"inLanguage\":\"es\",\"@id\":\"https:\\\/\\\/diariotextual.com\\\/inicio\\\/index.php\\\/2026\\\/03\\\/16\\\/el-campo-produce-riqueza-y-paga-pobreza-reclamo-de-uatre-la-pampa-en-la-expoagro\\\/#primaryimage\",\"url\":\"https:\\\/\\\/diariotextual.com\\\/inicio\\\/wp-content\\\/uploads\\\/2026\\\/03\\\/uatreexpoagromanifestacion2026-1.jpg\",\"contentUrl\":\"https:\\\/\\\/diariotextual.com\\\/inicio\\\/wp-content\\\/uploads\\\/2026\\\/03\\\/uatreexpoagromanifestacion2026-1.jpg\",\"width\":1200,\"height\":803},{\"@type\":\"BreadcrumbList\",\"@id\":\"https:\\\/\\\/diariotextual.com\\\/inicio\\\/index.php\\\/2026\\\/03\\\/16\\\/el-campo-produce-riqueza-y-paga-pobreza-reclamo-de-uatre-la-pampa-en-la-expoagro\\\/#breadcrumb\",\"itemListElement\":[{\"@type\":\"ListItem\",\"position\":1,\"name\":\"Portada\",\"item\":\"https:\\\/\\\/diariotextual.com\\\/inicio\\\/\"},{\"@type\":\"ListItem\",\"position\":2,\"name\":\"\u201cEl campo produce riqueza y paga pobreza\u201d: reclamo de Uatre La Pampa en la Expoagro\"}]},{\"@type\":\"WebSite\",\"@id\":\"https:\\\/\\\/diariotextual.com\\\/inicio\\\/#website\",\"url\":\"https:\\\/\\\/diariotextual.com\\\/inicio\\\/\",\"name\":\"Diario Textual\",\"description\":\"\",\"publisher\":{\"@id\":\"https:\\\/\\\/diariotextual.com\\\/inicio\\\/#organization\"},\"potentialAction\":[{\"@type\":\"SearchAction\",\"target\":{\"@type\":\"EntryPoint\",\"urlTemplate\":\"https:\\\/\\\/diariotextual.com\\\/inicio\\\/?s={search_term_string}\"},\"query-input\":{\"@type\":\"PropertyValueSpecification\",\"valueRequired\":true,\"valueName\":\"search_term_string\"}}],\"inLanguage\":\"es\"},{\"@type\":\"Organization\",\"@id\":\"https:\\\/\\\/diariotextual.com\\\/inicio\\\/#organization\",\"name\":\"Diario Textual\",\"url\":\"https:\\\/\\\/diariotextual.com\\\/inicio\\\/\",\"logo\":{\"@type\":\"ImageObject\",\"inLanguage\":\"es\",\"@id\":\"https:\\\/\\\/diariotextual.com\\\/inicio\\\/#\\\/schema\\\/logo\\\/image\\\/\",\"url\":\"https:\\\/\\\/diariotextual.com\\\/inicio\\\/wp-content\\\/uploads\\\/2023\\\/05\\\/logotextual1.jpg\",\"contentUrl\":\"https:\\\/\\\/diariotextual.com\\\/inicio\\\/wp-content\\\/uploads\\\/2023\\\/05\\\/logotextual1.jpg\",\"width\":516,\"height\":76,\"caption\":\"Diario Textual\"},\"image\":{\"@id\":\"https:\\\/\\\/diariotextual.com\\\/inicio\\\/#\\\/schema\\\/logo\\\/image\\\/\"},\"sameAs\":[\"https:\\\/\\\/www.facebook.com\\\/eltextual\",\"https:\\\/\\\/x.com\\\/eltextual\",\"http:\\\/\\\/www.instagram.com\\\/eltextual\"]},{\"@type\":\"Person\",\"@id\":\"https:\\\/\\\/diariotextual.com\\\/inicio\\\/#\\\/schema\\\/person\\\/418fc4093c33e86ed41562db3508f958\",\"name\":\"Diario1 Diario1\",\"image\":{\"@type\":\"ImageObject\",\"inLanguage\":\"es\",\"@id\":\"https:\\\/\\\/secure.gravatar.com\\\/avatar\\\/9167d280179c85bc18be67aa7eda765854300033af4896dd779b608640f2ef7a?s=96&d=mm&r=g\",\"url\":\"https:\\\/\\\/secure.gravatar.com\\\/avatar\\\/9167d280179c85bc18be67aa7eda765854300033af4896dd779b608640f2ef7a?s=96&d=mm&r=g\",\"contentUrl\":\"https:\\\/\\\/secure.gravatar.com\\\/avatar\\\/9167d280179c85bc18be67aa7eda765854300033af4896dd779b608640f2ef7a?s=96&d=mm&r=g\",\"caption\":\"Diario1 Diario1\"},\"url\":\"https:\\\/\\\/diariotextual.com\\\/inicio\\\/index.php\\\/author\\\/diario1\\\/\"}]}<\/script>\n<!-- \/ Yoast SEO plugin. -->","yoast_head_json":{"title":"\u201cEl campo produce riqueza y paga pobreza\u201d: reclamo de Uatre La Pampa en la Expoagro - Diario Textual","robots":{"index":"index","follow":"follow","max-snippet":"max-snippet:-1","max-image-preview":"max-image-preview:large","max-video-preview":"max-video-preview:-1"},"canonical":"https:\/\/diariotextual.com\/inicio\/index.php\/2026\/03\/16\/el-campo-produce-riqueza-y-paga-pobreza-reclamo-de-uatre-la-pampa-en-la-expoagro\/","og_locale":"es_ES","og_type":"article","og_title":"\u201cEl campo produce riqueza y paga pobreza\u201d: reclamo de Uatre La Pampa en la Expoagro - Diario Textual","og_description":"La Uni\u00f3n Argentina de Trabajadores Rurales y Estibadores (Uatre) protagoniz\u00f3 una protesta el pasado viernes durante la exposici\u00f3n Expoagro 2026, que se realiz\u00f3 en el aut\u00f3dromo de Aut\u00f3dromo de San&hellip;","og_url":"https:\/\/diariotextual.com\/inicio\/index.php\/2026\/03\/16\/el-campo-produce-riqueza-y-paga-pobreza-reclamo-de-uatre-la-pampa-en-la-expoagro\/","og_site_name":"Diario Textual","article_publisher":"https:\/\/www.facebook.com\/eltextual","article_published_time":"2026-03-16T10:46:45+00:00","article_modified_time":"2026-03-16T13:55:40+00:00","og_image":[{"width":1200,"height":803,"url":"https:\/\/diariotextual.com\/inicio\/wp-content\/uploads\/2026\/03\/uatreexpoagromanifestacion2026-1.jpg","type":"image\/jpeg"}],"author":"Diario1 Diario1","twitter_card":"summary_large_image","twitter_creator":"@eltextual","twitter_site":"@eltextual","twitter_misc":{"Escrito por":"Diario1 Diario1","Tiempo de lectura":"2 minutos"},"schema":{"@context":"https:\/\/schema.org","@graph":[{"@type":"Article","@id":"https:\/\/diariotextual.com\/inicio\/index.php\/2026\/03\/16\/el-campo-produce-riqueza-y-paga-pobreza-reclamo-de-uatre-la-pampa-en-la-expoagro\/#article","isPartOf":{"@id":"https:\/\/diariotextual.com\/inicio\/index.php\/2026\/03\/16\/el-campo-produce-riqueza-y-paga-pobreza-reclamo-de-uatre-la-pampa-en-la-expoagro\/"},"author":{"name":"Diario1 Diario1","@id":"https:\/\/diariotextual.com\/inicio\/#\/schema\/person\/418fc4093c33e86ed41562db3508f958"},"headline":"\u201cEl campo produce riqueza y paga pobreza\u201d: reclamo de Uatre La Pampa en la Expoagro","datePublished":"2026-03-16T10:46:45+00:00","dateModified":"2026-03-16T13:55:40+00:00","mainEntityOfPage":{"@id":"https:\/\/diariotextual.com\/inicio\/index.php\/2026\/03\/16\/el-campo-produce-riqueza-y-paga-pobreza-reclamo-de-uatre-la-pampa-en-la-expoagro\/"},"wordCount":318,"publisher":{"@id":"https:\/\/diariotextual.com\/inicio\/#organization"},"image":{"@id":"https:\/\/diariotextual.com\/inicio\/index.php\/2026\/03\/16\/el-campo-produce-riqueza-y-paga-pobreza-reclamo-de-uatre-la-pampa-en-la-expoagro\/#primaryimage"},"thumbnailUrl":"https:\/\/diariotextual.com\/inicio\/wp-content\/uploads\/2026\/03\/uatreexpoagromanifestacion2026-1.jpg","articleSection":["A - ES NOTICIA (van abajo)","CAMPO"],"inLanguage":"es"},{"@type":"WebPage","@id":"https:\/\/diariotextual.com\/inicio\/index.php\/2026\/03\/16\/el-campo-produce-riqueza-y-paga-pobreza-reclamo-de-uatre-la-pampa-en-la-expoagro\/","url":"https:\/\/diariotextual.com\/inicio\/index.php\/2026\/03\/16\/el-campo-produce-riqueza-y-paga-pobreza-reclamo-de-uatre-la-pampa-en-la-expoagro\/","name":"\u201cEl campo produce riqueza y paga pobreza\u201d: reclamo de Uatre La Pampa en la Expoagro - Diario Textual","isPartOf":{"@id":"https:\/\/diariotextual.com\/inicio\/#website"},"primaryImageOfPage":{"@id":"https:\/\/diariotextual.com\/inicio\/index.php\/2026\/03\/16\/el-campo-produce-riqueza-y-paga-pobreza-reclamo-de-uatre-la-pampa-en-la-expoagro\/#primaryimage"},"image":{"@id":"https:\/\/diariotextual.com\/inicio\/index.php\/2026\/03\/16\/el-campo-produce-riqueza-y-paga-pobreza-reclamo-de-uatre-la-pampa-en-la-expoagro\/#primaryimage"},"thumbnailUrl":"https:\/\/diariotextual.com\/inicio\/wp-content\/uploads\/2026\/03\/uatreexpoagromanifestacion2026-1.jpg","datePublished":"2026-03-16T10:46:45+00:00","dateModified":"2026-03-16T13:55:40+00:00","breadcrumb":{"@id":"https:\/\/diariotextual.com\/inicio\/index.php\/2026\/03\/16\/el-campo-produce-riqueza-y-paga-pobreza-reclamo-de-uatre-la-pampa-en-la-expoagro\/#breadcrumb"},"inLanguage":"es","potentialAction":[{"@type":"ReadAction","target":["https:\/\/diariotextual.com\/inicio\/index.php\/2026\/03\/16\/el-campo-produce-riqueza-y-paga-pobreza-reclamo-de-uatre-la-pampa-en-la-expoagro\/"]}]},{"@type":"ImageObject","inLanguage":"es","@id":"https:\/\/diariotextual.com\/inicio\/index.php\/2026\/03\/16\/el-campo-produce-riqueza-y-paga-pobreza-reclamo-de-uatre-la-pampa-en-la-expoagro\/#primaryimage","url":"https:\/\/diariotextual.com\/inicio\/wp-content\/uploads\/2026\/03\/uatreexpoagromanifestacion2026-1.jpg","contentUrl":"https:\/\/diariotextual.com\/inicio\/wp-content\/uploads\/2026\/03\/uatreexpoagromanifestacion2026-1.jpg","width":1200,"height":803},{"@type":"BreadcrumbList","@id":"https:\/\/diariotextual.com\/inicio\/index.php\/2026\/03\/16\/el-campo-produce-riqueza-y-paga-pobreza-reclamo-de-uatre-la-pampa-en-la-expoagro\/#breadcrumb","itemListElement":[{"@type":"ListItem","position":1,"name":"Portada","item":"https:\/\/diariotextual.com\/inicio\/"},{"@type":"ListItem","position":2,"name":"\u201cEl campo produce riqueza y paga pobreza\u201d: reclamo de Uatre La Pampa en la Expoagro"}]},{"@type":"WebSite","@id":"https:\/\/diariotextual.com\/inicio\/#website","url":"https:\/\/diariotextual.com\/inicio\/","name":"Diario Textual","description":"","publisher":{"@id":"https:\/\/diariotextual.com\/inicio\/#organization"},"potentialAction":[{"@type":"SearchAction","target":{"@type":"EntryPoint","urlTemplate":"https:\/\/diariotextual.com\/inicio\/?s={search_term_string}"},"query-input":{"@type":"PropertyValueSpecification","valueRequired":true,"valueName":"search_term_string"}}],"inLanguage":"es"},{"@type":"Organization","@id":"https:\/\/diariotextual.com\/inicio\/#organization","name":"Diario Textual","url":"https:\/\/diariotextual.com\/inicio\/","logo":{"@type":"ImageObject","inLanguage":"es","@id":"https:\/\/diariotextual.com\/inicio\/#\/schema\/logo\/image\/","url":"https:\/\/diariotextual.com\/inicio\/wp-content\/uploads\/2023\/05\/logotextual1.jpg","contentUrl":"https:\/\/diariotextual.com\/inicio\/wp-content\/uploads\/2023\/05\/logotextual1.jpg","width":516,"height":76,"caption":"Diario Textual"},"image":{"@id":"https:\/\/diariotextual.com\/inicio\/#\/schema\/logo\/image\/"},"sameAs":["https:\/\/www.facebook.com\/eltextual","https:\/\/x.com\/eltextual","http:\/\/www.instagram.com\/eltextual"]},{"@type":"Person","@id":"https:\/\/diariotextual.com\/inicio\/#\/schema\/person\/418fc4093c33e86ed41562db3508f958","name":"Diario1 Diario1","image":{"@type":"ImageObject","inLanguage":"es","@id":"https:\/\/secure.gravatar.com\/avatar\/9167d280179c85bc18be67aa7eda765854300033af4896dd779b608640f2ef7a?s=96&d=mm&r=g","url":"https:\/\/secure.gravatar.com\/avatar\/9167d280179c85bc18be67aa7eda765854300033af4896dd779b608640f2ef7a?s=96&d=mm&r=g","contentUrl":"https:\/\/secure.gravatar.com\/avatar\/9167d280179c85bc18be67aa7eda765854300033af4896dd779b608640f2ef7a?s=96&d=mm&r=g","caption":"Diario1 Diario1"},"url":"https:\/\/diariotextual.com\/inicio\/index.php\/author\/diario1\/"}]}},"_links":{"self":[{"href":"https:\/\/diariotextual.com\/inicio\/index.php\/wp-json\/wp\/v2\/posts\/322373","targetHints":{"allow":["GET"]}}],"collection":[{"href":"https:\/\/diariotextual.com\/inicio\/index.php\/wp-json\/wp\/v2\/posts"}],"about":[{"href":"https:\/\/diariotextual.com\/inicio\/index.php\/wp-json\/wp\/v2\/types\/post"}],"author":[{"embeddable":true,"href":"https:\/\/diariotextual.com\/inicio\/index.php\/wp-json\/wp\/v2\/users\/3"}],"replies":[{"embeddable":true,"href":"https:\/\/diariotextual.com\/inicio\/index.php\/wp-json\/wp\/v2\/comments?post=322373"}],"version-history":[{"count":2,"href":"https:\/\/diariotextual.com\/inicio\/index.php\/wp-json\/wp\/v2\/posts\/322373\/revisions"}],"predecessor-version":[{"id":322376,"href":"https:\/\/diariotextual.com\/inicio\/index.php\/wp-json\/wp\/v2\/posts\/322373\/revisions\/322376"}],"wp:featuredmedia":[{"embeddable":true,"href":"https:\/\/diariotextual.com\/inicio\/index.php\/wp-json\/wp\/v2\/media\/322374"}],"wp:attachment":[{"href":"https:\/\/diariotextual.com\/inicio\/index.php\/wp-json\/wp\/v2\/media?parent=322373"}],"wp:term":[{"taxonomy":"category","embeddable":true,"href":"https:\/\/diariotextual.com\/inicio\/index.php\/wp-json\/wp\/v2\/categories?post=322373"},{"taxonomy":"post_tag","embeddable":true,"href":"https:\/\/diariotextual.com\/inicio\/index.php\/wp-json\/wp\/v2\/tags?post=322373"}],"curies":[{"name":"wp","href":"https:\/\/api.w.org\/{rel}","templated":true}]}}