{"id":322401,"date":"2026-03-16T10:34:14","date_gmt":"2026-03-16T13:34:14","guid":{"rendered":"https:\/\/diariotextual.com\/inicio\/?p=322401"},"modified":"2026-03-16T10:34:16","modified_gmt":"2026-03-16T13:34:16","slug":"murio-marcelo-araujo-el-periodista-que-revoluciono-la-forma-de-relatar-futbol","status":"publish","type":"post","link":"https:\/\/diariotextual.com\/inicio\/index.php\/2026\/03\/16\/murio-marcelo-araujo-el-periodista-que-revoluciono-la-forma-de-relatar-futbol\/","title":{"rendered":"Muri\u00f3 Marcelo Araujo, el periodista que revolucion\u00f3 la forma de relatar f\u00fatbol"},"content":{"rendered":"\n<p>Una noticia gener\u00f3 tristeza en el mundo del f\u00fatbol argentino.\u00a0<strong>Marcelo Araujo, hist\u00f3rico relator y periodista, muri\u00f3 a los 78 a\u00f1os<\/strong>. La confirmaci\u00f3n lleg\u00f3 a trav\u00e9s de su amigo\u00a0<strong>Fernando Pacini\u00a0<\/strong>en radio La Red. \u201cLamentablemente a la madrugada lleg\u00f3 la noticia de la muerte de Marcelo\u201d, dijo quien fue su comentarista en la etapa de\u00a0<em>F\u00fatbol para Todos\u00a0<\/em>en la\u00a0<em>TV P\u00fablica.<\/em><\/p>\n\n\n\n<p>\u201cMarcelo siempre tuvo una nobleza y una gran generosidad con nosotros\u201d, agreg\u00f3 Pacini sobre el perfil del ic\u00f3nico relator que marc\u00f3 una \u00e9poca en la forma de c\u00f3mo contar los partidos de Primera Divisi\u00f3n.<\/p>\n\n\n\n<p>Araujo form\u00f3 una dupla hist\u00f3rica con&nbsp;<strong>Enrique Macaya M\u00e1rquez<\/strong>&nbsp;en el m\u00edtico ciclo&nbsp;<strong>F\u00fatbol de Primera<\/strong>, que naci\u00f3 el domingo 4 de agosto de 1985 y cont\u00f3 las alternativas de cada fecha del f\u00fatbol argentino durante 25 a\u00f1os, primero en ATC (hoy TV P\u00fablica), luego en Canal 9 y finalmente en ElTrece. El ciclo fue una creaci\u00f3n de&nbsp;<strong>Carlos \u00c1vila<\/strong>, fundador de la productora deportiva Torneos y Competencias junto con&nbsp;<strong>Luis Nofal<\/strong>, mientras que la producci\u00f3n general, la direcci\u00f3n y la realizaci\u00f3n estaban a cargo de&nbsp;<strong>Juan Cruz \u00c1vila<\/strong>.<\/p>\n\n\n\n<p>Aquella impronta rupturista que marc\u00f3 a fuego la carrera de Araujo se reflej\u00f3 en frases que trascendieron la pantalla y popularizaron las transmisiones:&nbsp;<strong>\u201c\u00bfEst\u00e1s crazy, Macaya?\u201d<\/strong>&nbsp;y&nbsp;<strong>\u201c\u00a1Si lo hac\u00e9s me voy!\u201d<\/strong>, sos algunos de los momentos que sobresalen de la carrera periodistica de un hombre que supo ser el faro para una camada de relatores que, en la actualidad, son los que est\u00e1n a cargo de las grandes transmisiones de los partidos del f\u00fatbol local como as\u00f3 tambi\u00e9n de los encuentros de torneos internacionales y la selecci\u00f3n argentina.<\/p>\n\n\n\n<p>Luego de su salida de la productora Torneos y Competencias, el relator retorn\u00f3 a la TV como la voz principal de&nbsp;<strong>F\u00fatbol para Todos&nbsp;<\/strong>en la Televisi\u00f3n P\u00fablica, narrando nuevamente los encuentros de la Primera Divisi\u00f3n para distintas generaciones de fan\u00e1ticos.<\/p>\n","protected":false},"excerpt":{"rendered":"<p>Una noticia gener\u00f3 tristeza en el mundo del f\u00fatbol argentino.\u00a0Marcelo Araujo, hist\u00f3rico relator y periodista, muri\u00f3 a los 78 a\u00f1os. La confirmaci\u00f3n lleg\u00f3 a trav\u00e9s de su amigo\u00a0Fernando Pacini\u00a0en radio&hellip;<\/p>\n","protected":false},"author":3,"featured_media":322404,"comment_status":"closed","ping_status":"open","sticky":false,"template":"","format":"standard","meta":{"_acf_changed":false,"footnotes":""},"categories":[1,3],"tags":[],"class_list":["post-322401","post","type-post","status-publish","format-standard","has-post-thumbnail","hentry","category-es-noticia","category-deportes"],"acf":[],"yoast_head":"<!-- This site is optimized with the Yoast SEO plugin v27.5 - https:\/\/yoast.com\/product\/yoast-seo-wordpress\/ -->\n<title>Muri\u00f3 Marcelo Araujo, el periodista que revolucion\u00f3 la forma de relatar f\u00fatbol - Diario Textual<\/title>\n<meta name=\"robots\" content=\"index, follow, max-snippet:-1, max-image-preview:large, max-video-preview:-1\" \/>\n<link rel=\"canonical\" href=\"https:\/\/diariotextual.com\/inicio\/index.php\/2026\/03\/16\/murio-marcelo-araujo-el-periodista-que-revoluciono-la-forma-de-relatar-futbol\/\" \/>\n<meta property=\"og:locale\" content=\"es_ES\" \/>\n<meta property=\"og:type\" content=\"article\" \/>\n<meta property=\"og:title\" content=\"Muri\u00f3 Marcelo Araujo, el periodista que revolucion\u00f3 la forma de relatar f\u00fatbol - Diario Textual\" \/>\n<meta property=\"og:description\" content=\"Una noticia gener\u00f3 tristeza en el mundo del f\u00fatbol argentino.\u00a0Marcelo Araujo, hist\u00f3rico relator y periodista, muri\u00f3 a los 78 a\u00f1os. La confirmaci\u00f3n lleg\u00f3 a trav\u00e9s de su amigo\u00a0Fernando Pacini\u00a0en radio&hellip;\" \/>\n<meta property=\"og:url\" content=\"https:\/\/diariotextual.com\/inicio\/index.php\/2026\/03\/16\/murio-marcelo-araujo-el-periodista-que-revoluciono-la-forma-de-relatar-futbol\/\" \/>\n<meta property=\"og:site_name\" content=\"Diario Textual\" \/>\n<meta property=\"article:publisher\" content=\"https:\/\/www.facebook.com\/eltextual\" \/>\n<meta property=\"article:published_time\" content=\"2026-03-16T13:34:14+00:00\" \/>\n<meta property=\"article:modified_time\" content=\"2026-03-16T13:34:16+00:00\" \/>\n<meta property=\"og:image\" content=\"https:\/\/diariotextual.com\/inicio\/wp-content\/uploads\/2026\/03\/araujomarcelo2026-1.jpg\" \/>\n\t<meta property=\"og:image:width\" content=\"835\" \/>\n\t<meta property=\"og:image:height\" content=\"551\" \/>\n\t<meta property=\"og:image:type\" content=\"image\/jpeg\" \/>\n<meta name=\"author\" content=\"Diario1 Diario1\" \/>\n<meta name=\"twitter:card\" content=\"summary_large_image\" \/>\n<meta name=\"twitter:creator\" content=\"@eltextual\" \/>\n<meta name=\"twitter:site\" content=\"@eltextual\" \/>\n<meta name=\"twitter:label1\" content=\"Escrito por\" \/>\n\t<meta name=\"twitter:data1\" content=\"Diario1 Diario1\" \/>\n\t<meta name=\"twitter:label2\" content=\"Tiempo de lectura\" \/>\n\t<meta name=\"twitter:data2\" content=\"2 minutos\" \/>\n<script type=\"application\/ld+json\" class=\"yoast-schema-graph\">{\"@context\":\"https:\\\/\\\/schema.org\",\"@graph\":[{\"@type\":\"Article\",\"@id\":\"https:\\\/\\\/diariotextual.com\\\/inicio\\\/index.php\\\/2026\\\/03\\\/16\\\/murio-marcelo-araujo-el-periodista-que-revoluciono-la-forma-de-relatar-futbol\\\/#article\",\"isPartOf\":{\"@id\":\"https:\\\/\\\/diariotextual.com\\\/inicio\\\/index.php\\\/2026\\\/03\\\/16\\\/murio-marcelo-araujo-el-periodista-que-revoluciono-la-forma-de-relatar-futbol\\\/\"},\"author\":{\"name\":\"Diario1 Diario1\",\"@id\":\"https:\\\/\\\/diariotextual.com\\\/inicio\\\/#\\\/schema\\\/person\\\/418fc4093c33e86ed41562db3508f958\"},\"headline\":\"Muri\u00f3 Marcelo Araujo, el periodista que revolucion\u00f3 la forma de relatar f\u00fatbol\",\"datePublished\":\"2026-03-16T13:34:14+00:00\",\"dateModified\":\"2026-03-16T13:34:16+00:00\",\"mainEntityOfPage\":{\"@id\":\"https:\\\/\\\/diariotextual.com\\\/inicio\\\/index.php\\\/2026\\\/03\\\/16\\\/murio-marcelo-araujo-el-periodista-que-revoluciono-la-forma-de-relatar-futbol\\\/\"},\"wordCount\":367,\"publisher\":{\"@id\":\"https:\\\/\\\/diariotextual.com\\\/inicio\\\/#organization\"},\"image\":{\"@id\":\"https:\\\/\\\/diariotextual.com\\\/inicio\\\/index.php\\\/2026\\\/03\\\/16\\\/murio-marcelo-araujo-el-periodista-que-revoluciono-la-forma-de-relatar-futbol\\\/#primaryimage\"},\"thumbnailUrl\":\"https:\\\/\\\/diariotextual.com\\\/inicio\\\/wp-content\\\/uploads\\\/2026\\\/03\\\/araujomarcelo2026-1.jpg\",\"articleSection\":[\"A - ES NOTICIA (van abajo)\",\"DEPORTES\"],\"inLanguage\":\"es\"},{\"@type\":\"WebPage\",\"@id\":\"https:\\\/\\\/diariotextual.com\\\/inicio\\\/index.php\\\/2026\\\/03\\\/16\\\/murio-marcelo-araujo-el-periodista-que-revoluciono-la-forma-de-relatar-futbol\\\/\",\"url\":\"https:\\\/\\\/diariotextual.com\\\/inicio\\\/index.php\\\/2026\\\/03\\\/16\\\/murio-marcelo-araujo-el-periodista-que-revoluciono-la-forma-de-relatar-futbol\\\/\",\"name\":\"Muri\u00f3 Marcelo Araujo, el periodista que revolucion\u00f3 la forma de relatar f\u00fatbol - Diario Textual\",\"isPartOf\":{\"@id\":\"https:\\\/\\\/diariotextual.com\\\/inicio\\\/#website\"},\"primaryImageOfPage\":{\"@id\":\"https:\\\/\\\/diariotextual.com\\\/inicio\\\/index.php\\\/2026\\\/03\\\/16\\\/murio-marcelo-araujo-el-periodista-que-revoluciono-la-forma-de-relatar-futbol\\\/#primaryimage\"},\"image\":{\"@id\":\"https:\\\/\\\/diariotextual.com\\\/inicio\\\/index.php\\\/2026\\\/03\\\/16\\\/murio-marcelo-araujo-el-periodista-que-revoluciono-la-forma-de-relatar-futbol\\\/#primaryimage\"},\"thumbnailUrl\":\"https:\\\/\\\/diariotextual.com\\\/inicio\\\/wp-content\\\/uploads\\\/2026\\\/03\\\/araujomarcelo2026-1.jpg\",\"datePublished\":\"2026-03-16T13:34:14+00:00\",\"dateModified\":\"2026-03-16T13:34:16+00:00\",\"breadcrumb\":{\"@id\":\"https:\\\/\\\/diariotextual.com\\\/inicio\\\/index.php\\\/2026\\\/03\\\/16\\\/murio-marcelo-araujo-el-periodista-que-revoluciono-la-forma-de-relatar-futbol\\\/#breadcrumb\"},\"inLanguage\":\"es\",\"potentialAction\":[{\"@type\":\"ReadAction\",\"target\":[\"https:\\\/\\\/diariotextual.com\\\/inicio\\\/index.php\\\/2026\\\/03\\\/16\\\/murio-marcelo-araujo-el-periodista-que-revoluciono-la-forma-de-relatar-futbol\\\/\"]}]},{\"@type\":\"ImageObject\",\"inLanguage\":\"es\",\"@id\":\"https:\\\/\\\/diariotextual.com\\\/inicio\\\/index.php\\\/2026\\\/03\\\/16\\\/murio-marcelo-araujo-el-periodista-que-revoluciono-la-forma-de-relatar-futbol\\\/#primaryimage\",\"url\":\"https:\\\/\\\/diariotextual.com\\\/inicio\\\/wp-content\\\/uploads\\\/2026\\\/03\\\/araujomarcelo2026-1.jpg\",\"contentUrl\":\"https:\\\/\\\/diariotextual.com\\\/inicio\\\/wp-content\\\/uploads\\\/2026\\\/03\\\/araujomarcelo2026-1.jpg\",\"width\":835,\"height\":551},{\"@type\":\"BreadcrumbList\",\"@id\":\"https:\\\/\\\/diariotextual.com\\\/inicio\\\/index.php\\\/2026\\\/03\\\/16\\\/murio-marcelo-araujo-el-periodista-que-revoluciono-la-forma-de-relatar-futbol\\\/#breadcrumb\",\"itemListElement\":[{\"@type\":\"ListItem\",\"position\":1,\"name\":\"Portada\",\"item\":\"https:\\\/\\\/diariotextual.com\\\/inicio\\\/\"},{\"@type\":\"ListItem\",\"position\":2,\"name\":\"Muri\u00f3 Marcelo Araujo, el periodista que revolucion\u00f3 la forma de relatar f\u00fatbol\"}]},{\"@type\":\"WebSite\",\"@id\":\"https:\\\/\\\/diariotextual.com\\\/inicio\\\/#website\",\"url\":\"https:\\\/\\\/diariotextual.com\\\/inicio\\\/\",\"name\":\"Diario Textual\",\"description\":\"\",\"publisher\":{\"@id\":\"https:\\\/\\\/diariotextual.com\\\/inicio\\\/#organization\"},\"potentialAction\":[{\"@type\":\"SearchAction\",\"target\":{\"@type\":\"EntryPoint\",\"urlTemplate\":\"https:\\\/\\\/diariotextual.com\\\/inicio\\\/?s={search_term_string}\"},\"query-input\":{\"@type\":\"PropertyValueSpecification\",\"valueRequired\":true,\"valueName\":\"search_term_string\"}}],\"inLanguage\":\"es\"},{\"@type\":\"Organization\",\"@id\":\"https:\\\/\\\/diariotextual.com\\\/inicio\\\/#organization\",\"name\":\"Diario Textual\",\"url\":\"https:\\\/\\\/diariotextual.com\\\/inicio\\\/\",\"logo\":{\"@type\":\"ImageObject\",\"inLanguage\":\"es\",\"@id\":\"https:\\\/\\\/diariotextual.com\\\/inicio\\\/#\\\/schema\\\/logo\\\/image\\\/\",\"url\":\"https:\\\/\\\/diariotextual.com\\\/inicio\\\/wp-content\\\/uploads\\\/2023\\\/05\\\/logotextual1.jpg\",\"contentUrl\":\"https:\\\/\\\/diariotextual.com\\\/inicio\\\/wp-content\\\/uploads\\\/2023\\\/05\\\/logotextual1.jpg\",\"width\":516,\"height\":76,\"caption\":\"Diario Textual\"},\"image\":{\"@id\":\"https:\\\/\\\/diariotextual.com\\\/inicio\\\/#\\\/schema\\\/logo\\\/image\\\/\"},\"sameAs\":[\"https:\\\/\\\/www.facebook.com\\\/eltextual\",\"https:\\\/\\\/x.com\\\/eltextual\",\"http:\\\/\\\/www.instagram.com\\\/eltextual\"]},{\"@type\":\"Person\",\"@id\":\"https:\\\/\\\/diariotextual.com\\\/inicio\\\/#\\\/schema\\\/person\\\/418fc4093c33e86ed41562db3508f958\",\"name\":\"Diario1 Diario1\",\"image\":{\"@type\":\"ImageObject\",\"inLanguage\":\"es\",\"@id\":\"https:\\\/\\\/secure.gravatar.com\\\/avatar\\\/9167d280179c85bc18be67aa7eda765854300033af4896dd779b608640f2ef7a?s=96&d=mm&r=g\",\"url\":\"https:\\\/\\\/secure.gravatar.com\\\/avatar\\\/9167d280179c85bc18be67aa7eda765854300033af4896dd779b608640f2ef7a?s=96&d=mm&r=g\",\"contentUrl\":\"https:\\\/\\\/secure.gravatar.com\\\/avatar\\\/9167d280179c85bc18be67aa7eda765854300033af4896dd779b608640f2ef7a?s=96&d=mm&r=g\",\"caption\":\"Diario1 Diario1\"},\"url\":\"https:\\\/\\\/diariotextual.com\\\/inicio\\\/index.php\\\/author\\\/diario1\\\/\"}]}<\/script>\n<!-- \/ Yoast SEO plugin. -->","yoast_head_json":{"title":"Muri\u00f3 Marcelo Araujo, el periodista que revolucion\u00f3 la forma de relatar f\u00fatbol - Diario Textual","robots":{"index":"index","follow":"follow","max-snippet":"max-snippet:-1","max-image-preview":"max-image-preview:large","max-video-preview":"max-video-preview:-1"},"canonical":"https:\/\/diariotextual.com\/inicio\/index.php\/2026\/03\/16\/murio-marcelo-araujo-el-periodista-que-revoluciono-la-forma-de-relatar-futbol\/","og_locale":"es_ES","og_type":"article","og_title":"Muri\u00f3 Marcelo Araujo, el periodista que revolucion\u00f3 la forma de relatar f\u00fatbol - Diario Textual","og_description":"Una noticia gener\u00f3 tristeza en el mundo del f\u00fatbol argentino.\u00a0Marcelo Araujo, hist\u00f3rico relator y periodista, muri\u00f3 a los 78 a\u00f1os. La confirmaci\u00f3n lleg\u00f3 a trav\u00e9s de su amigo\u00a0Fernando Pacini\u00a0en radio&hellip;","og_url":"https:\/\/diariotextual.com\/inicio\/index.php\/2026\/03\/16\/murio-marcelo-araujo-el-periodista-que-revoluciono-la-forma-de-relatar-futbol\/","og_site_name":"Diario Textual","article_publisher":"https:\/\/www.facebook.com\/eltextual","article_published_time":"2026-03-16T13:34:14+00:00","article_modified_time":"2026-03-16T13:34:16+00:00","og_image":[{"width":835,"height":551,"url":"https:\/\/diariotextual.com\/inicio\/wp-content\/uploads\/2026\/03\/araujomarcelo2026-1.jpg","type":"image\/jpeg"}],"author":"Diario1 Diario1","twitter_card":"summary_large_image","twitter_creator":"@eltextual","twitter_site":"@eltextual","twitter_misc":{"Escrito por":"Diario1 Diario1","Tiempo de lectura":"2 minutos"},"schema":{"@context":"https:\/\/schema.org","@graph":[{"@type":"Article","@id":"https:\/\/diariotextual.com\/inicio\/index.php\/2026\/03\/16\/murio-marcelo-araujo-el-periodista-que-revoluciono-la-forma-de-relatar-futbol\/#article","isPartOf":{"@id":"https:\/\/diariotextual.com\/inicio\/index.php\/2026\/03\/16\/murio-marcelo-araujo-el-periodista-que-revoluciono-la-forma-de-relatar-futbol\/"},"author":{"name":"Diario1 Diario1","@id":"https:\/\/diariotextual.com\/inicio\/#\/schema\/person\/418fc4093c33e86ed41562db3508f958"},"headline":"Muri\u00f3 Marcelo Araujo, el periodista que revolucion\u00f3 la forma de relatar f\u00fatbol","datePublished":"2026-03-16T13:34:14+00:00","dateModified":"2026-03-16T13:34:16+00:00","mainEntityOfPage":{"@id":"https:\/\/diariotextual.com\/inicio\/index.php\/2026\/03\/16\/murio-marcelo-araujo-el-periodista-que-revoluciono-la-forma-de-relatar-futbol\/"},"wordCount":367,"publisher":{"@id":"https:\/\/diariotextual.com\/inicio\/#organization"},"image":{"@id":"https:\/\/diariotextual.com\/inicio\/index.php\/2026\/03\/16\/murio-marcelo-araujo-el-periodista-que-revoluciono-la-forma-de-relatar-futbol\/#primaryimage"},"thumbnailUrl":"https:\/\/diariotextual.com\/inicio\/wp-content\/uploads\/2026\/03\/araujomarcelo2026-1.jpg","articleSection":["A - ES NOTICIA (van abajo)","DEPORTES"],"inLanguage":"es"},{"@type":"WebPage","@id":"https:\/\/diariotextual.com\/inicio\/index.php\/2026\/03\/16\/murio-marcelo-araujo-el-periodista-que-revoluciono-la-forma-de-relatar-futbol\/","url":"https:\/\/diariotextual.com\/inicio\/index.php\/2026\/03\/16\/murio-marcelo-araujo-el-periodista-que-revoluciono-la-forma-de-relatar-futbol\/","name":"Muri\u00f3 Marcelo Araujo, el periodista que revolucion\u00f3 la forma de relatar f\u00fatbol - Diario Textual","isPartOf":{"@id":"https:\/\/diariotextual.com\/inicio\/#website"},"primaryImageOfPage":{"@id":"https:\/\/diariotextual.com\/inicio\/index.php\/2026\/03\/16\/murio-marcelo-araujo-el-periodista-que-revoluciono-la-forma-de-relatar-futbol\/#primaryimage"},"image":{"@id":"https:\/\/diariotextual.com\/inicio\/index.php\/2026\/03\/16\/murio-marcelo-araujo-el-periodista-que-revoluciono-la-forma-de-relatar-futbol\/#primaryimage"},"thumbnailUrl":"https:\/\/diariotextual.com\/inicio\/wp-content\/uploads\/2026\/03\/araujomarcelo2026-1.jpg","datePublished":"2026-03-16T13:34:14+00:00","dateModified":"2026-03-16T13:34:16+00:00","breadcrumb":{"@id":"https:\/\/diariotextual.com\/inicio\/index.php\/2026\/03\/16\/murio-marcelo-araujo-el-periodista-que-revoluciono-la-forma-de-relatar-futbol\/#breadcrumb"},"inLanguage":"es","potentialAction":[{"@type":"ReadAction","target":["https:\/\/diariotextual.com\/inicio\/index.php\/2026\/03\/16\/murio-marcelo-araujo-el-periodista-que-revoluciono-la-forma-de-relatar-futbol\/"]}]},{"@type":"ImageObject","inLanguage":"es","@id":"https:\/\/diariotextual.com\/inicio\/index.php\/2026\/03\/16\/murio-marcelo-araujo-el-periodista-que-revoluciono-la-forma-de-relatar-futbol\/#primaryimage","url":"https:\/\/diariotextual.com\/inicio\/wp-content\/uploads\/2026\/03\/araujomarcelo2026-1.jpg","contentUrl":"https:\/\/diariotextual.com\/inicio\/wp-content\/uploads\/2026\/03\/araujomarcelo2026-1.jpg","width":835,"height":551},{"@type":"BreadcrumbList","@id":"https:\/\/diariotextual.com\/inicio\/index.php\/2026\/03\/16\/murio-marcelo-araujo-el-periodista-que-revoluciono-la-forma-de-relatar-futbol\/#breadcrumb","itemListElement":[{"@type":"ListItem","position":1,"name":"Portada","item":"https:\/\/diariotextual.com\/inicio\/"},{"@type":"ListItem","position":2,"name":"Muri\u00f3 Marcelo Araujo, el periodista que revolucion\u00f3 la forma de relatar f\u00fatbol"}]},{"@type":"WebSite","@id":"https:\/\/diariotextual.com\/inicio\/#website","url":"https:\/\/diariotextual.com\/inicio\/","name":"Diario Textual","description":"","publisher":{"@id":"https:\/\/diariotextual.com\/inicio\/#organization"},"potentialAction":[{"@type":"SearchAction","target":{"@type":"EntryPoint","urlTemplate":"https:\/\/diariotextual.com\/inicio\/?s={search_term_string}"},"query-input":{"@type":"PropertyValueSpecification","valueRequired":true,"valueName":"search_term_string"}}],"inLanguage":"es"},{"@type":"Organization","@id":"https:\/\/diariotextual.com\/inicio\/#organization","name":"Diario Textual","url":"https:\/\/diariotextual.com\/inicio\/","logo":{"@type":"ImageObject","inLanguage":"es","@id":"https:\/\/diariotextual.com\/inicio\/#\/schema\/logo\/image\/","url":"https:\/\/diariotextual.com\/inicio\/wp-content\/uploads\/2023\/05\/logotextual1.jpg","contentUrl":"https:\/\/diariotextual.com\/inicio\/wp-content\/uploads\/2023\/05\/logotextual1.jpg","width":516,"height":76,"caption":"Diario Textual"},"image":{"@id":"https:\/\/diariotextual.com\/inicio\/#\/schema\/logo\/image\/"},"sameAs":["https:\/\/www.facebook.com\/eltextual","https:\/\/x.com\/eltextual","http:\/\/www.instagram.com\/eltextual"]},{"@type":"Person","@id":"https:\/\/diariotextual.com\/inicio\/#\/schema\/person\/418fc4093c33e86ed41562db3508f958","name":"Diario1 Diario1","image":{"@type":"ImageObject","inLanguage":"es","@id":"https:\/\/secure.gravatar.com\/avatar\/9167d280179c85bc18be67aa7eda765854300033af4896dd779b608640f2ef7a?s=96&d=mm&r=g","url":"https:\/\/secure.gravatar.com\/avatar\/9167d280179c85bc18be67aa7eda765854300033af4896dd779b608640f2ef7a?s=96&d=mm&r=g","contentUrl":"https:\/\/secure.gravatar.com\/avatar\/9167d280179c85bc18be67aa7eda765854300033af4896dd779b608640f2ef7a?s=96&d=mm&r=g","caption":"Diario1 Diario1"},"url":"https:\/\/diariotextual.com\/inicio\/index.php\/author\/diario1\/"}]}},"_links":{"self":[{"href":"https:\/\/diariotextual.com\/inicio\/index.php\/wp-json\/wp\/v2\/posts\/322401","targetHints":{"allow":["GET"]}}],"collection":[{"href":"https:\/\/diariotextual.com\/inicio\/index.php\/wp-json\/wp\/v2\/posts"}],"about":[{"href":"https:\/\/diariotextual.com\/inicio\/index.php\/wp-json\/wp\/v2\/types\/post"}],"author":[{"embeddable":true,"href":"https:\/\/diariotextual.com\/inicio\/index.php\/wp-json\/wp\/v2\/users\/3"}],"replies":[{"embeddable":true,"href":"https:\/\/diariotextual.com\/inicio\/index.php\/wp-json\/wp\/v2\/comments?post=322401"}],"version-history":[{"count":1,"href":"https:\/\/diariotextual.com\/inicio\/index.php\/wp-json\/wp\/v2\/posts\/322401\/revisions"}],"predecessor-version":[{"id":322402,"href":"https:\/\/diariotextual.com\/inicio\/index.php\/wp-json\/wp\/v2\/posts\/322401\/revisions\/322402"}],"wp:featuredmedia":[{"embeddable":true,"href":"https:\/\/diariotextual.com\/inicio\/index.php\/wp-json\/wp\/v2\/media\/322404"}],"wp:attachment":[{"href":"https:\/\/diariotextual.com\/inicio\/index.php\/wp-json\/wp\/v2\/media?parent=322401"}],"wp:term":[{"taxonomy":"category","embeddable":true,"href":"https:\/\/diariotextual.com\/inicio\/index.php\/wp-json\/wp\/v2\/categories?post=322401"},{"taxonomy":"post_tag","embeddable":true,"href":"https:\/\/diariotextual.com\/inicio\/index.php\/wp-json\/wp\/v2\/tags?post=322401"}],"curies":[{"name":"wp","href":"https:\/\/api.w.org\/{rel}","templated":true}]}}