{"id":322406,"date":"2026-03-16T10:55:04","date_gmt":"2026-03-16T13:55:04","guid":{"rendered":"https:\/\/diariotextual.com\/inicio\/?p=322406"},"modified":"2026-03-16T12:33:08","modified_gmt":"2026-03-16T15:33:08","slug":"absolutamente-inoportuna-carbap-rechazo-la-desregulacion-del-programa-de-vacunacion-contra-la-aftosa","status":"publish","type":"post","link":"https:\/\/diariotextual.com\/inicio\/index.php\/2026\/03\/16\/absolutamente-inoportuna-carbap-rechazo-la-desregulacion-del-programa-de-vacunacion-contra-la-aftosa\/","title":{"rendered":"\u201cAbsolutamente inoportuna\u201d: Carbap rechaz\u00f3 la desregulaci\u00f3n del programa de vacunaci\u00f3n contra la aftosa"},"content":{"rendered":"\n<p>La <strong>Confederaci\u00f3n de Asociaciones Rurales de Buenos Aires y La Pampa (Carbap)<\/strong> rechaz\u00f3 los cambios implementados por el Gobierno nacional en el programa de vacunaci\u00f3n contra la <strong>Fiebre Aftosa<\/strong>, que establecen la posibilidad de que los productores elijan libremente a los veterinarios encargados de aplicar las dosis a partir del pr\u00f3ximo a\u00f1o.<\/p>\n\n\n\n<figure class=\"wp-block-embed is-type-wp-embed is-provider-diario-textual wp-block-embed-diario-textual\"><div class=\"wp-block-embed__wrapper\">\n<blockquote class=\"wp-embedded-content\" data-secret=\"J9gapXp7I6\"><a href=\"https:\/\/diariotextual.com\/inicio\/index.php\/2026\/03\/16\/a-contramano-de-las-asociaciones-rurales-ardohain-respaldo-la-libre-eleccion-del-vacunador-de-la-aftosa\/\">A contramano de las asociaciones rurales, Ardohain respald\u00f3 la \u201clibre elecci\u00f3n\u201d del vacunador de la aftosa<\/a><\/blockquote><iframe class=\"wp-embedded-content\" sandbox=\"allow-scripts\" security=\"restricted\" style=\"position: absolute; visibility: hidden;\" title=\"\u00abA contramano de las asociaciones rurales, Ardohain respald\u00f3 la \u201clibre elecci\u00f3n\u201d del vacunador de la aftosa\u00bb \u2014 Diario Textual\" src=\"https:\/\/diariotextual.com\/inicio\/index.php\/2026\/03\/16\/a-contramano-de-las-asociaciones-rurales-ardohain-respaldo-la-libre-eleccion-del-vacunador-de-la-aftosa\/embed\/#?secret=xRDzQ2US06#?secret=J9gapXp7I6\" data-secret=\"J9gapXp7I6\" width=\"600\" height=\"338\" frameborder=\"0\" marginwidth=\"0\" marginheight=\"0\" scrolling=\"no\"><\/iframe>\n<\/div><\/figure>\n\n\n\n<p>El viernes pasado, el <strong>Servicio Nacional de Sanidad y Calidad Agroalimentaria (Senasa)<\/strong> public\u00f3 una resoluci\u00f3n que <strong>actualiza el r\u00e9gimen de participaci\u00f3n del ejercicio profesional en las campa\u00f1as sanitarias contra la fiebre aftosa y la Brucelosis Bovina<\/strong>. La norma autoriza la prestaci\u00f3n individual de estos servicios desde el 1 de enero de 2027. En la pr\u00e1ctica, la medida desregula la elecci\u00f3n del veterinario para vacunar los rodeos, una tarea que hasta ahora coordinaban las fundaciones sanitarias.<\/p>\n\n\n\n<p>Para <strong>Carbap<\/strong>, la decisi\u00f3n <strong>atenta contra el programa de vacunaci\u00f3n<\/strong>, ya que -seg\u00fan sostuvo- la iniciativa no cuenta con una \u201cjustificaci\u00f3n t\u00e9cnica que lo avale\u201d y se tom\u00f3 \u201cde manera absolutamente inconsulta, sin evidencias econ\u00f3micas que lo respalden y en forma absolutamente inoportuna\u201d.<\/p>\n\n\n\n<p>\u201cEsta decisi\u00f3n desconoce adem\u00e1s el <strong>principio de solidaridad entre productores<\/strong>, una de las columnas centrales del programa, ya que todos hemos acordado pagar el mismo valor por dosis aplicada dentro de cada fundaci\u00f3n, independientemente del tama\u00f1o de nuestros rodeos\u201d, manifest\u00f3 la entidad.<\/p>\n\n\n\n<div style=\"height:100px\" aria-hidden=\"true\" class=\"wp-block-spacer\"><\/div>\n\n\n\n<p><strong>Cr\u00edticas a la falta de debate t\u00e9cnico<\/strong><\/p>\n\n\n\n<p>La organizaci\u00f3n rural remarc\u00f3 que <strong>\u201cno existe justificaci\u00f3n t\u00e9cnica para una modificaci\u00f3n de esta magnitud\u201d<\/strong> y afirm\u00f3 que <strong>\u201cel modelo que se intenta implementar ya fracas\u00f3 en el pasado\u201d<\/strong>. Seg\u00fan plante\u00f3, esa experiencia deriv\u00f3 en la creaci\u00f3n del sistema actual basado en <strong>fundaciones y entes sanitarios<\/strong>, que permiti\u00f3 cumplir los objetivos del programa \u201cde manera ordenada, auditable y sostenible\u201d.<\/p>\n\n\n\n<p>Tambi\u00e9n cuestion\u00f3 que <strong>no haya existido una discusi\u00f3n t\u00e9cnica previa<\/strong> en \u00e1mbitos institucionales como la <strong>Comisi\u00f3n Nacional de Lucha contra la Fiebre Aftosa (Conalfa)<\/strong> o la <strong>Comisi\u00f3n Provincial de Sanidad Animal (Coprosa)<\/strong>, ni que se haya consultado a los productores.<\/p>\n\n\n\n<p>Carbap se\u00f1al\u00f3 adem\u00e1s que <strong>\u201ctampoco existe una justificaci\u00f3n econ\u00f3mica clara para el cambio propuesto\u201d<\/strong> y consider\u00f3 que la medida resulta inoportuna. \u201cModificar de manera intempestiva el principal programa sanitario de nuestras carnes bovinas, sin los consensos necesarios y considerando nuestros antecedentes, en una regi\u00f3n donde pa\u00edses vecinos avanzan hacia el estatus de libres de aftosa sin vacunaci\u00f3n, puede generar un problema adicional o incluso una nueva barrera comercial innecesaria\u201d, argument\u00f3.<\/p>\n\n\n\n<div style=\"height:100px\" aria-hidden=\"true\" class=\"wp-block-spacer\"><\/div>\n\n\n\n<p><strong>Dudas sobre la implementaci\u00f3n<\/strong><\/p>\n\n\n\n<p>La entidad rural tambi\u00e9n advirti\u00f3 que <strong>la resoluci\u00f3n no aclara aspectos centrales para la ejecuci\u00f3n del programa sanitario<\/strong>.<\/p>\n\n\n\n<p>Seg\u00fan resalt\u00f3, no se establece qui\u00e9n ser\u00e1 responsable de garantizar que la vacunaci\u00f3n se realice en tiempo y forma, qui\u00e9n controlar\u00e1 su cumplimiento ni qui\u00e9n asegurar\u00e1 la cobertura en los establecimientos de menor escala.<\/p>\n\n\n\n<div style=\"height:100px\" aria-hidden=\"true\" class=\"wp-block-spacer\"><\/div>\n\n\n\n<p><strong>\u201cEsto ya nos sucedi\u00f3\u201d<\/strong><\/p>\n\n\n\n<p>En ese sentido, Carbap explic\u00f3 que <strong>la estructura actual fue dise\u00f1ada precisamente para resolver ese desaf\u00edo<\/strong>. De acuerdo con los registros productivos citados por la entidad, <strong>el 17 % de los establecimientos posee menos de 20 bovinos y el 34 % entre 20 y 100<\/strong>, lo que implica que m\u00e1s de la mitad de los productores cuenta con rodeos peque\u00f1os, generalmente dispersos y con mayores costos operativos para su atenci\u00f3n.<\/p>\n\n\n\n<p><strong>\u201c\u00bfQui\u00e9n garantizar\u00e1 que estos productores efectivamente vacunen sus rodeos?\u201d, pregunt\u00f3 la entidad rural<\/strong>.<\/p>\n\n\n\n<p>\u201cEs razonable suponer que los operadores privados tender\u00e1n a concentrarse en los establecimientos m\u00e1s grandes y cercanos, dejando a los productores peque\u00f1os o m\u00e1s alejados en una situaci\u00f3n de mayor vulnerabilidad sanitaria. El sistema actual de entes y fundaciones fue concebido precisamente para evitar ese problema, asegurando <strong>cobertura territorial, equidad entre productores y el cumplimiento efectivo del programa sanitario<\/strong>\u201d, concluy\u00f3 Carbap en el documento.<\/p>\n\n\n\n<p><\/p>\n","protected":false},"excerpt":{"rendered":"<p>La Confederaci\u00f3n de Asociaciones Rurales de Buenos Aires y La Pampa (Carbap) rechaz\u00f3 los cambios implementados por el Gobierno nacional en el programa de vacunaci\u00f3n contra la Fiebre Aftosa, que&hellip;<\/p>\n","protected":false},"author":3,"featured_media":256019,"comment_status":"closed","ping_status":"open","sticky":false,"template":"","format":"standard","meta":{"_acf_changed":false,"footnotes":""},"categories":[1,20],"tags":[],"class_list":["post-322406","post","type-post","status-publish","format-standard","has-post-thumbnail","hentry","category-es-noticia","category-campo"],"acf":[],"yoast_head":"<!-- This site is optimized with the Yoast SEO plugin v27.5 - https:\/\/yoast.com\/product\/yoast-seo-wordpress\/ -->\n<title>\u201cAbsolutamente inoportuna\u201d: Carbap rechaz\u00f3 la desregulaci\u00f3n del programa de vacunaci\u00f3n contra la aftosa - Diario Textual<\/title>\n<meta name=\"robots\" content=\"index, follow, max-snippet:-1, max-image-preview:large, max-video-preview:-1\" \/>\n<link rel=\"canonical\" href=\"https:\/\/diariotextual.com\/inicio\/index.php\/2026\/03\/16\/absolutamente-inoportuna-carbap-rechazo-la-desregulacion-del-programa-de-vacunacion-contra-la-aftosa\/\" \/>\n<meta property=\"og:locale\" content=\"es_ES\" \/>\n<meta property=\"og:type\" content=\"article\" \/>\n<meta property=\"og:title\" content=\"\u201cAbsolutamente inoportuna\u201d: Carbap rechaz\u00f3 la desregulaci\u00f3n del programa de vacunaci\u00f3n contra la aftosa - Diario Textual\" \/>\n<meta property=\"og:description\" content=\"La Confederaci\u00f3n de Asociaciones Rurales de Buenos Aires y La Pampa (Carbap) rechaz\u00f3 los cambios implementados por el Gobierno nacional en el programa de vacunaci\u00f3n contra la Fiebre Aftosa, que&hellip;\" \/>\n<meta property=\"og:url\" content=\"https:\/\/diariotextual.com\/inicio\/index.php\/2026\/03\/16\/absolutamente-inoportuna-carbap-rechazo-la-desregulacion-del-programa-de-vacunacion-contra-la-aftosa\/\" \/>\n<meta property=\"og:site_name\" content=\"Diario Textual\" \/>\n<meta property=\"article:publisher\" content=\"https:\/\/www.facebook.com\/eltextual\" \/>\n<meta property=\"article:published_time\" content=\"2026-03-16T13:55:04+00:00\" \/>\n<meta property=\"article:modified_time\" content=\"2026-03-16T15:33:08+00:00\" \/>\n<meta property=\"og:image\" content=\"https:\/\/diariotextual.com\/inicio\/wp-content\/uploads\/2024\/03\/vacunacionantiaftosa2024.jpg\" \/>\n\t<meta property=\"og:image:width\" content=\"900\" \/>\n\t<meta property=\"og:image:height\" content=\"507\" \/>\n\t<meta property=\"og:image:type\" content=\"image\/jpeg\" \/>\n<meta name=\"author\" content=\"Diario1 Diario1\" \/>\n<meta name=\"twitter:card\" content=\"summary_large_image\" \/>\n<meta name=\"twitter:creator\" content=\"@eltextual\" \/>\n<meta name=\"twitter:site\" content=\"@eltextual\" \/>\n<meta name=\"twitter:label1\" content=\"Escrito por\" \/>\n\t<meta name=\"twitter:data1\" content=\"Diario1 Diario1\" \/>\n\t<meta name=\"twitter:label2\" content=\"Tiempo de lectura\" \/>\n\t<meta name=\"twitter:data2\" content=\"3 minutos\" \/>\n<script type=\"application\/ld+json\" class=\"yoast-schema-graph\">{\"@context\":\"https:\\\/\\\/schema.org\",\"@graph\":[{\"@type\":\"Article\",\"@id\":\"https:\\\/\\\/diariotextual.com\\\/inicio\\\/index.php\\\/2026\\\/03\\\/16\\\/absolutamente-inoportuna-carbap-rechazo-la-desregulacion-del-programa-de-vacunacion-contra-la-aftosa\\\/#article\",\"isPartOf\":{\"@id\":\"https:\\\/\\\/diariotextual.com\\\/inicio\\\/index.php\\\/2026\\\/03\\\/16\\\/absolutamente-inoportuna-carbap-rechazo-la-desregulacion-del-programa-de-vacunacion-contra-la-aftosa\\\/\"},\"author\":{\"name\":\"Diario1 Diario1\",\"@id\":\"https:\\\/\\\/diariotextual.com\\\/inicio\\\/#\\\/schema\\\/person\\\/418fc4093c33e86ed41562db3508f958\"},\"headline\":\"\u201cAbsolutamente inoportuna\u201d: Carbap rechaz\u00f3 la desregulaci\u00f3n del programa de vacunaci\u00f3n contra la aftosa\",\"datePublished\":\"2026-03-16T13:55:04+00:00\",\"dateModified\":\"2026-03-16T15:33:08+00:00\",\"mainEntityOfPage\":{\"@id\":\"https:\\\/\\\/diariotextual.com\\\/inicio\\\/index.php\\\/2026\\\/03\\\/16\\\/absolutamente-inoportuna-carbap-rechazo-la-desregulacion-del-programa-de-vacunacion-contra-la-aftosa\\\/\"},\"wordCount\":669,\"publisher\":{\"@id\":\"https:\\\/\\\/diariotextual.com\\\/inicio\\\/#organization\"},\"image\":{\"@id\":\"https:\\\/\\\/diariotextual.com\\\/inicio\\\/index.php\\\/2026\\\/03\\\/16\\\/absolutamente-inoportuna-carbap-rechazo-la-desregulacion-del-programa-de-vacunacion-contra-la-aftosa\\\/#primaryimage\"},\"thumbnailUrl\":\"https:\\\/\\\/diariotextual.com\\\/inicio\\\/wp-content\\\/uploads\\\/2024\\\/03\\\/vacunacionantiaftosa2024.jpg\",\"articleSection\":[\"A - ES NOTICIA (van abajo)\",\"CAMPO\"],\"inLanguage\":\"es\"},{\"@type\":\"WebPage\",\"@id\":\"https:\\\/\\\/diariotextual.com\\\/inicio\\\/index.php\\\/2026\\\/03\\\/16\\\/absolutamente-inoportuna-carbap-rechazo-la-desregulacion-del-programa-de-vacunacion-contra-la-aftosa\\\/\",\"url\":\"https:\\\/\\\/diariotextual.com\\\/inicio\\\/index.php\\\/2026\\\/03\\\/16\\\/absolutamente-inoportuna-carbap-rechazo-la-desregulacion-del-programa-de-vacunacion-contra-la-aftosa\\\/\",\"name\":\"\u201cAbsolutamente inoportuna\u201d: Carbap rechaz\u00f3 la desregulaci\u00f3n del programa de vacunaci\u00f3n contra la aftosa - Diario Textual\",\"isPartOf\":{\"@id\":\"https:\\\/\\\/diariotextual.com\\\/inicio\\\/#website\"},\"primaryImageOfPage\":{\"@id\":\"https:\\\/\\\/diariotextual.com\\\/inicio\\\/index.php\\\/2026\\\/03\\\/16\\\/absolutamente-inoportuna-carbap-rechazo-la-desregulacion-del-programa-de-vacunacion-contra-la-aftosa\\\/#primaryimage\"},\"image\":{\"@id\":\"https:\\\/\\\/diariotextual.com\\\/inicio\\\/index.php\\\/2026\\\/03\\\/16\\\/absolutamente-inoportuna-carbap-rechazo-la-desregulacion-del-programa-de-vacunacion-contra-la-aftosa\\\/#primaryimage\"},\"thumbnailUrl\":\"https:\\\/\\\/diariotextual.com\\\/inicio\\\/wp-content\\\/uploads\\\/2024\\\/03\\\/vacunacionantiaftosa2024.jpg\",\"datePublished\":\"2026-03-16T13:55:04+00:00\",\"dateModified\":\"2026-03-16T15:33:08+00:00\",\"breadcrumb\":{\"@id\":\"https:\\\/\\\/diariotextual.com\\\/inicio\\\/index.php\\\/2026\\\/03\\\/16\\\/absolutamente-inoportuna-carbap-rechazo-la-desregulacion-del-programa-de-vacunacion-contra-la-aftosa\\\/#breadcrumb\"},\"inLanguage\":\"es\",\"potentialAction\":[{\"@type\":\"ReadAction\",\"target\":[\"https:\\\/\\\/diariotextual.com\\\/inicio\\\/index.php\\\/2026\\\/03\\\/16\\\/absolutamente-inoportuna-carbap-rechazo-la-desregulacion-del-programa-de-vacunacion-contra-la-aftosa\\\/\"]}]},{\"@type\":\"ImageObject\",\"inLanguage\":\"es\",\"@id\":\"https:\\\/\\\/diariotextual.com\\\/inicio\\\/index.php\\\/2026\\\/03\\\/16\\\/absolutamente-inoportuna-carbap-rechazo-la-desregulacion-del-programa-de-vacunacion-contra-la-aftosa\\\/#primaryimage\",\"url\":\"https:\\\/\\\/diariotextual.com\\\/inicio\\\/wp-content\\\/uploads\\\/2024\\\/03\\\/vacunacionantiaftosa2024.jpg\",\"contentUrl\":\"https:\\\/\\\/diariotextual.com\\\/inicio\\\/wp-content\\\/uploads\\\/2024\\\/03\\\/vacunacionantiaftosa2024.jpg\",\"width\":900,\"height\":507},{\"@type\":\"BreadcrumbList\",\"@id\":\"https:\\\/\\\/diariotextual.com\\\/inicio\\\/index.php\\\/2026\\\/03\\\/16\\\/absolutamente-inoportuna-carbap-rechazo-la-desregulacion-del-programa-de-vacunacion-contra-la-aftosa\\\/#breadcrumb\",\"itemListElement\":[{\"@type\":\"ListItem\",\"position\":1,\"name\":\"Portada\",\"item\":\"https:\\\/\\\/diariotextual.com\\\/inicio\\\/\"},{\"@type\":\"ListItem\",\"position\":2,\"name\":\"\u201cAbsolutamente inoportuna\u201d: Carbap rechaz\u00f3 la desregulaci\u00f3n del programa de vacunaci\u00f3n contra la aftosa\"}]},{\"@type\":\"WebSite\",\"@id\":\"https:\\\/\\\/diariotextual.com\\\/inicio\\\/#website\",\"url\":\"https:\\\/\\\/diariotextual.com\\\/inicio\\\/\",\"name\":\"Diario Textual\",\"description\":\"\",\"publisher\":{\"@id\":\"https:\\\/\\\/diariotextual.com\\\/inicio\\\/#organization\"},\"potentialAction\":[{\"@type\":\"SearchAction\",\"target\":{\"@type\":\"EntryPoint\",\"urlTemplate\":\"https:\\\/\\\/diariotextual.com\\\/inicio\\\/?s={search_term_string}\"},\"query-input\":{\"@type\":\"PropertyValueSpecification\",\"valueRequired\":true,\"valueName\":\"search_term_string\"}}],\"inLanguage\":\"es\"},{\"@type\":\"Organization\",\"@id\":\"https:\\\/\\\/diariotextual.com\\\/inicio\\\/#organization\",\"name\":\"Diario Textual\",\"url\":\"https:\\\/\\\/diariotextual.com\\\/inicio\\\/\",\"logo\":{\"@type\":\"ImageObject\",\"inLanguage\":\"es\",\"@id\":\"https:\\\/\\\/diariotextual.com\\\/inicio\\\/#\\\/schema\\\/logo\\\/image\\\/\",\"url\":\"https:\\\/\\\/diariotextual.com\\\/inicio\\\/wp-content\\\/uploads\\\/2023\\\/05\\\/logotextual1.jpg\",\"contentUrl\":\"https:\\\/\\\/diariotextual.com\\\/inicio\\\/wp-content\\\/uploads\\\/2023\\\/05\\\/logotextual1.jpg\",\"width\":516,\"height\":76,\"caption\":\"Diario Textual\"},\"image\":{\"@id\":\"https:\\\/\\\/diariotextual.com\\\/inicio\\\/#\\\/schema\\\/logo\\\/image\\\/\"},\"sameAs\":[\"https:\\\/\\\/www.facebook.com\\\/eltextual\",\"https:\\\/\\\/x.com\\\/eltextual\",\"http:\\\/\\\/www.instagram.com\\\/eltextual\"]},{\"@type\":\"Person\",\"@id\":\"https:\\\/\\\/diariotextual.com\\\/inicio\\\/#\\\/schema\\\/person\\\/418fc4093c33e86ed41562db3508f958\",\"name\":\"Diario1 Diario1\",\"image\":{\"@type\":\"ImageObject\",\"inLanguage\":\"es\",\"@id\":\"https:\\\/\\\/secure.gravatar.com\\\/avatar\\\/9167d280179c85bc18be67aa7eda765854300033af4896dd779b608640f2ef7a?s=96&d=mm&r=g\",\"url\":\"https:\\\/\\\/secure.gravatar.com\\\/avatar\\\/9167d280179c85bc18be67aa7eda765854300033af4896dd779b608640f2ef7a?s=96&d=mm&r=g\",\"contentUrl\":\"https:\\\/\\\/secure.gravatar.com\\\/avatar\\\/9167d280179c85bc18be67aa7eda765854300033af4896dd779b608640f2ef7a?s=96&d=mm&r=g\",\"caption\":\"Diario1 Diario1\"},\"url\":\"https:\\\/\\\/diariotextual.com\\\/inicio\\\/index.php\\\/author\\\/diario1\\\/\"}]}<\/script>\n<!-- \/ Yoast SEO plugin. -->","yoast_head_json":{"title":"\u201cAbsolutamente inoportuna\u201d: Carbap rechaz\u00f3 la desregulaci\u00f3n del programa de vacunaci\u00f3n contra la aftosa - Diario Textual","robots":{"index":"index","follow":"follow","max-snippet":"max-snippet:-1","max-image-preview":"max-image-preview:large","max-video-preview":"max-video-preview:-1"},"canonical":"https:\/\/diariotextual.com\/inicio\/index.php\/2026\/03\/16\/absolutamente-inoportuna-carbap-rechazo-la-desregulacion-del-programa-de-vacunacion-contra-la-aftosa\/","og_locale":"es_ES","og_type":"article","og_title":"\u201cAbsolutamente inoportuna\u201d: Carbap rechaz\u00f3 la desregulaci\u00f3n del programa de vacunaci\u00f3n contra la aftosa - Diario Textual","og_description":"La Confederaci\u00f3n de Asociaciones Rurales de Buenos Aires y La Pampa (Carbap) rechaz\u00f3 los cambios implementados por el Gobierno nacional en el programa de vacunaci\u00f3n contra la Fiebre Aftosa, que&hellip;","og_url":"https:\/\/diariotextual.com\/inicio\/index.php\/2026\/03\/16\/absolutamente-inoportuna-carbap-rechazo-la-desregulacion-del-programa-de-vacunacion-contra-la-aftosa\/","og_site_name":"Diario Textual","article_publisher":"https:\/\/www.facebook.com\/eltextual","article_published_time":"2026-03-16T13:55:04+00:00","article_modified_time":"2026-03-16T15:33:08+00:00","og_image":[{"width":900,"height":507,"url":"https:\/\/diariotextual.com\/inicio\/wp-content\/uploads\/2024\/03\/vacunacionantiaftosa2024.jpg","type":"image\/jpeg"}],"author":"Diario1 Diario1","twitter_card":"summary_large_image","twitter_creator":"@eltextual","twitter_site":"@eltextual","twitter_misc":{"Escrito por":"Diario1 Diario1","Tiempo de lectura":"3 minutos"},"schema":{"@context":"https:\/\/schema.org","@graph":[{"@type":"Article","@id":"https:\/\/diariotextual.com\/inicio\/index.php\/2026\/03\/16\/absolutamente-inoportuna-carbap-rechazo-la-desregulacion-del-programa-de-vacunacion-contra-la-aftosa\/#article","isPartOf":{"@id":"https:\/\/diariotextual.com\/inicio\/index.php\/2026\/03\/16\/absolutamente-inoportuna-carbap-rechazo-la-desregulacion-del-programa-de-vacunacion-contra-la-aftosa\/"},"author":{"name":"Diario1 Diario1","@id":"https:\/\/diariotextual.com\/inicio\/#\/schema\/person\/418fc4093c33e86ed41562db3508f958"},"headline":"\u201cAbsolutamente inoportuna\u201d: Carbap rechaz\u00f3 la desregulaci\u00f3n del programa de vacunaci\u00f3n contra la aftosa","datePublished":"2026-03-16T13:55:04+00:00","dateModified":"2026-03-16T15:33:08+00:00","mainEntityOfPage":{"@id":"https:\/\/diariotextual.com\/inicio\/index.php\/2026\/03\/16\/absolutamente-inoportuna-carbap-rechazo-la-desregulacion-del-programa-de-vacunacion-contra-la-aftosa\/"},"wordCount":669,"publisher":{"@id":"https:\/\/diariotextual.com\/inicio\/#organization"},"image":{"@id":"https:\/\/diariotextual.com\/inicio\/index.php\/2026\/03\/16\/absolutamente-inoportuna-carbap-rechazo-la-desregulacion-del-programa-de-vacunacion-contra-la-aftosa\/#primaryimage"},"thumbnailUrl":"https:\/\/diariotextual.com\/inicio\/wp-content\/uploads\/2024\/03\/vacunacionantiaftosa2024.jpg","articleSection":["A - ES NOTICIA (van abajo)","CAMPO"],"inLanguage":"es"},{"@type":"WebPage","@id":"https:\/\/diariotextual.com\/inicio\/index.php\/2026\/03\/16\/absolutamente-inoportuna-carbap-rechazo-la-desregulacion-del-programa-de-vacunacion-contra-la-aftosa\/","url":"https:\/\/diariotextual.com\/inicio\/index.php\/2026\/03\/16\/absolutamente-inoportuna-carbap-rechazo-la-desregulacion-del-programa-de-vacunacion-contra-la-aftosa\/","name":"\u201cAbsolutamente inoportuna\u201d: Carbap rechaz\u00f3 la desregulaci\u00f3n del programa de vacunaci\u00f3n contra la aftosa - Diario Textual","isPartOf":{"@id":"https:\/\/diariotextual.com\/inicio\/#website"},"primaryImageOfPage":{"@id":"https:\/\/diariotextual.com\/inicio\/index.php\/2026\/03\/16\/absolutamente-inoportuna-carbap-rechazo-la-desregulacion-del-programa-de-vacunacion-contra-la-aftosa\/#primaryimage"},"image":{"@id":"https:\/\/diariotextual.com\/inicio\/index.php\/2026\/03\/16\/absolutamente-inoportuna-carbap-rechazo-la-desregulacion-del-programa-de-vacunacion-contra-la-aftosa\/#primaryimage"},"thumbnailUrl":"https:\/\/diariotextual.com\/inicio\/wp-content\/uploads\/2024\/03\/vacunacionantiaftosa2024.jpg","datePublished":"2026-03-16T13:55:04+00:00","dateModified":"2026-03-16T15:33:08+00:00","breadcrumb":{"@id":"https:\/\/diariotextual.com\/inicio\/index.php\/2026\/03\/16\/absolutamente-inoportuna-carbap-rechazo-la-desregulacion-del-programa-de-vacunacion-contra-la-aftosa\/#breadcrumb"},"inLanguage":"es","potentialAction":[{"@type":"ReadAction","target":["https:\/\/diariotextual.com\/inicio\/index.php\/2026\/03\/16\/absolutamente-inoportuna-carbap-rechazo-la-desregulacion-del-programa-de-vacunacion-contra-la-aftosa\/"]}]},{"@type":"ImageObject","inLanguage":"es","@id":"https:\/\/diariotextual.com\/inicio\/index.php\/2026\/03\/16\/absolutamente-inoportuna-carbap-rechazo-la-desregulacion-del-programa-de-vacunacion-contra-la-aftosa\/#primaryimage","url":"https:\/\/diariotextual.com\/inicio\/wp-content\/uploads\/2024\/03\/vacunacionantiaftosa2024.jpg","contentUrl":"https:\/\/diariotextual.com\/inicio\/wp-content\/uploads\/2024\/03\/vacunacionantiaftosa2024.jpg","width":900,"height":507},{"@type":"BreadcrumbList","@id":"https:\/\/diariotextual.com\/inicio\/index.php\/2026\/03\/16\/absolutamente-inoportuna-carbap-rechazo-la-desregulacion-del-programa-de-vacunacion-contra-la-aftosa\/#breadcrumb","itemListElement":[{"@type":"ListItem","position":1,"name":"Portada","item":"https:\/\/diariotextual.com\/inicio\/"},{"@type":"ListItem","position":2,"name":"\u201cAbsolutamente inoportuna\u201d: Carbap rechaz\u00f3 la desregulaci\u00f3n del programa de vacunaci\u00f3n contra la aftosa"}]},{"@type":"WebSite","@id":"https:\/\/diariotextual.com\/inicio\/#website","url":"https:\/\/diariotextual.com\/inicio\/","name":"Diario Textual","description":"","publisher":{"@id":"https:\/\/diariotextual.com\/inicio\/#organization"},"potentialAction":[{"@type":"SearchAction","target":{"@type":"EntryPoint","urlTemplate":"https:\/\/diariotextual.com\/inicio\/?s={search_term_string}"},"query-input":{"@type":"PropertyValueSpecification","valueRequired":true,"valueName":"search_term_string"}}],"inLanguage":"es"},{"@type":"Organization","@id":"https:\/\/diariotextual.com\/inicio\/#organization","name":"Diario Textual","url":"https:\/\/diariotextual.com\/inicio\/","logo":{"@type":"ImageObject","inLanguage":"es","@id":"https:\/\/diariotextual.com\/inicio\/#\/schema\/logo\/image\/","url":"https:\/\/diariotextual.com\/inicio\/wp-content\/uploads\/2023\/05\/logotextual1.jpg","contentUrl":"https:\/\/diariotextual.com\/inicio\/wp-content\/uploads\/2023\/05\/logotextual1.jpg","width":516,"height":76,"caption":"Diario Textual"},"image":{"@id":"https:\/\/diariotextual.com\/inicio\/#\/schema\/logo\/image\/"},"sameAs":["https:\/\/www.facebook.com\/eltextual","https:\/\/x.com\/eltextual","http:\/\/www.instagram.com\/eltextual"]},{"@type":"Person","@id":"https:\/\/diariotextual.com\/inicio\/#\/schema\/person\/418fc4093c33e86ed41562db3508f958","name":"Diario1 Diario1","image":{"@type":"ImageObject","inLanguage":"es","@id":"https:\/\/secure.gravatar.com\/avatar\/9167d280179c85bc18be67aa7eda765854300033af4896dd779b608640f2ef7a?s=96&d=mm&r=g","url":"https:\/\/secure.gravatar.com\/avatar\/9167d280179c85bc18be67aa7eda765854300033af4896dd779b608640f2ef7a?s=96&d=mm&r=g","contentUrl":"https:\/\/secure.gravatar.com\/avatar\/9167d280179c85bc18be67aa7eda765854300033af4896dd779b608640f2ef7a?s=96&d=mm&r=g","caption":"Diario1 Diario1"},"url":"https:\/\/diariotextual.com\/inicio\/index.php\/author\/diario1\/"}]}},"_links":{"self":[{"href":"https:\/\/diariotextual.com\/inicio\/index.php\/wp-json\/wp\/v2\/posts\/322406","targetHints":{"allow":["GET"]}}],"collection":[{"href":"https:\/\/diariotextual.com\/inicio\/index.php\/wp-json\/wp\/v2\/posts"}],"about":[{"href":"https:\/\/diariotextual.com\/inicio\/index.php\/wp-json\/wp\/v2\/types\/post"}],"author":[{"embeddable":true,"href":"https:\/\/diariotextual.com\/inicio\/index.php\/wp-json\/wp\/v2\/users\/3"}],"replies":[{"embeddable":true,"href":"https:\/\/diariotextual.com\/inicio\/index.php\/wp-json\/wp\/v2\/comments?post=322406"}],"version-history":[{"count":3,"href":"https:\/\/diariotextual.com\/inicio\/index.php\/wp-json\/wp\/v2\/posts\/322406\/revisions"}],"predecessor-version":[{"id":322422,"href":"https:\/\/diariotextual.com\/inicio\/index.php\/wp-json\/wp\/v2\/posts\/322406\/revisions\/322422"}],"wp:featuredmedia":[{"embeddable":true,"href":"https:\/\/diariotextual.com\/inicio\/index.php\/wp-json\/wp\/v2\/media\/256019"}],"wp:attachment":[{"href":"https:\/\/diariotextual.com\/inicio\/index.php\/wp-json\/wp\/v2\/media?parent=322406"}],"wp:term":[{"taxonomy":"category","embeddable":true,"href":"https:\/\/diariotextual.com\/inicio\/index.php\/wp-json\/wp\/v2\/categories?post=322406"},{"taxonomy":"post_tag","embeddable":true,"href":"https:\/\/diariotextual.com\/inicio\/index.php\/wp-json\/wp\/v2\/tags?post=322406"}],"curies":[{"name":"wp","href":"https:\/\/api.w.org\/{rel}","templated":true}]}}