{"id":322419,"date":"2026-03-16T20:31:22","date_gmt":"2026-03-16T23:31:22","guid":{"rendered":"https:\/\/diariotextual.com\/inicio\/?p=322419"},"modified":"2026-03-16T21:02:20","modified_gmt":"2026-03-17T00:02:20","slug":"a-contramano-de-las-asociaciones-rurales-ardohain-respaldo-la-libre-eleccion-del-vacunador-de-la-aftosa","status":"publish","type":"post","link":"https:\/\/diariotextual.com\/inicio\/index.php\/2026\/03\/16\/a-contramano-de-las-asociaciones-rurales-ardohain-respaldo-la-libre-eleccion-del-vacunador-de-la-aftosa\/","title":{"rendered":"A contramano de las asociaciones rurales, Ardohain respald\u00f3 la \u201clibre elecci\u00f3n\u201d del vacunador de la aftosa"},"content":{"rendered":"\n<p>La sorpresiva decisi\u00f3n del <strong>Servicio Nacional de Sanidad y Calidad Agroalimentaria (Senasa)<\/strong> de habilitar, a partir de enero de 2027, que veterinarios privados puedan aplicar las vacunas contra la <strong>aftosa<\/strong> y la <strong>brucelosis<\/strong>, en paralelo al sistema actual gestionado por fundaciones sanitarias, <strong>abri\u00f3 un fuerte debate dentro de la ganader\u00eda argentina.<\/strong><\/p>\n\n\n\n<p>La medida constituye uno de los cambios sanitarios m\u00e1s relevantes del sistema de vacunaci\u00f3n en las \u00faltimas d\u00e9cadas. El Gobierno nacional sostiene que <strong>el nuevo esquema permitir\u00e1 reducir costos y dar mayor libertad a los productores. <\/strong>Sin embargo, <strong>distintas entidades rurales advirtieron que la modificaci\u00f3n puede afectar el funcionamiento del modelo sanitario que permiti\u00f3 erradicar la aftosa <\/strong>en el pa\u00eds.<\/p>\n\n\n\n<p>Por lo pronto, la <strong>Confederaci\u00f3n de Asociaciones Rurales de Buenos Aires y La Pampa (Carbap)<\/strong>, las <strong>Confederaciones Rurales Argentinas (CRA)<\/strong> y la <strong>Federaci\u00f3n Agraria Argentina (FAA)<\/strong> cuestionaron la decisi\u00f3n y alertaron sobre posibles riesgos sanitarios. En <strong>sentido contrario<\/strong>, el diputado nacional pampeano <strong>Mart\u00edn Ardohain (Pro)<\/strong> celebr\u00f3 la medida en sus redes sociales. <strong>\u201cA partir del 1\u00b0 de enero de 2027, los productores podr\u00e1n elegir libremente al veterinario privado acreditado ante el Senasa\u201d,<\/strong> escribi\u00f3 en X el legislador, que adem\u00e1s es productor rural en <strong>Doblas<\/strong>.<\/p>\n\n\n\n<figure class=\"wp-block-image size-large\"><img fetchpriority=\"high\" decoding=\"async\" width=\"1024\" height=\"685\" src=\"https:\/\/diariotextual.com\/inicio\/wp-content\/uploads\/2024\/06\/ardohainmartin2024-7-1024x685.jpg\" alt=\"\" class=\"wp-image-265520\" srcset=\"https:\/\/diariotextual.com\/inicio\/wp-content\/uploads\/2024\/06\/ardohainmartin2024-7-1024x685.jpg 1024w, https:\/\/diariotextual.com\/inicio\/wp-content\/uploads\/2024\/06\/ardohainmartin2024-7-300x201.jpg 300w, https:\/\/diariotextual.com\/inicio\/wp-content\/uploads\/2024\/06\/ardohainmartin2024-7-768x514.jpg 768w, https:\/\/diariotextual.com\/inicio\/wp-content\/uploads\/2024\/06\/ardohainmartin2024-7-1170x782.jpg 1170w, https:\/\/diariotextual.com\/inicio\/wp-content\/uploads\/2024\/06\/ardohainmartin2024-7-585x391.jpg 585w, https:\/\/diariotextual.com\/inicio\/wp-content\/uploads\/2024\/06\/ardohainmartin2024-7-263x175.jpg 263w, https:\/\/diariotextual.com\/inicio\/wp-content\/uploads\/2024\/06\/ardohainmartin2024-7.jpg 1440w\" sizes=\"(max-width: 1024px) 100vw, 1024px\" \/><\/figure>\n\n\n\n<p><\/p>\n\n\n\n<p>La normativa<strong> habilita que los productores contraten directamente a veterinarios privados para aplicar las dosis obligatorias.<\/strong> Hasta ahora, e<strong>sa tarea se realizaba de manera centralizada a trav\u00e9s de fundaciones sanitarias regionales.<\/strong><\/p>\n\n\n\n<p>La decisi\u00f3n gener\u00f3 controversia tambi\u00e9n porque, seg\u00fan se\u00f1alaron dirigentes del sector,<strong> no fue discutida previamente <\/strong>en los \u00e1mbitos de consulta habituales del organismo sanitario ni sometida a una instancia p\u00fablica de debate.<\/p>\n\n\n\n<div style=\"height:100px\" aria-hidden=\"true\" class=\"wp-block-spacer\"><\/div>\n\n\n\n<p><strong>Carbap, en contra<\/strong><\/p>\n\n\n\n<p>La <strong>Confederaci\u00f3n de Asociaciones Rurales de Buenos Aires y La Pampa (Carbap)<\/strong> rechaz\u00f3 los cambios implementados por el Senasa y advirti\u00f3 que la decisi\u00f3n pone en riesgo el programa sanitario vigente.<\/p>\n\n\n\n<p>Seg\u00fan la entidad, <strong>la iniciativa no cuenta con una \u201cjustificaci\u00f3n t\u00e9cnica que la avale\u201d y fue tomada \u201cde manera absolutamente inconsulta, sin evidencias econ\u00f3micas que la respalden y en forma inoportuna\u201d<\/strong>.<\/p>\n\n\n\n<p>\u201cEsta decisi\u00f3n desconoce adem\u00e1s el principio de solidaridad entre productores, una de las columnas centrales del programa, ya que todos hemos acordado pagar el mismo valor por dosis aplicada dentro de cada fundaci\u00f3n, independientemente del tama\u00f1o de nuestros rodeos\u201d, sostuvo la entidad rural.<\/p>\n\n\n\n<div style=\"height:100px\" aria-hidden=\"true\" class=\"wp-block-spacer\"><\/div>\n\n\n\n<p><strong>Los cuestionamientos de la FAA<\/strong><\/p>\n\n\n\n<p>La filial entrerriana de la <strong>Federaci\u00f3n Agraria Argentina (FAA)<\/strong>, reunida en la localidad de <strong>Villaguay<\/strong>, tambi\u00e9n expres\u00f3 un firme rechazo a la resoluci\u00f3n 201\/2026.<\/p>\n\n\n\n<p>Con el recuerdo de los problemas sanitarios registrados en la d\u00e9cada de 1990, dirigentes del Litoral pidieron cautela y<strong> reclamaron evitar \u201criesgos innecesarios\u201d <\/strong>con decisiones que, seg\u00fan afirmaron, no surgen de an\u00e1lisis t\u00e9cnicos ni sanitarios exhaustivos.<\/p>\n\n\n\n<p>En la misma l\u00ednea se expres\u00f3 el ministro de Producci\u00f3n de <strong>Entre R\u00edos<\/strong>, <strong>Guillermo \u201cWilly\u201d Bernaudo<\/strong>, durante su visita a <strong>Expoagro<\/strong>.<\/p>\n\n\n\n<p>\u201cNosotros vemos bien que se desregule, pero nos preocupa el impacto de las nuevas normas respecto de Fucofa. Ese es un organismo muy fuerte y vamos a seguir cuid\u00e1ndolo\u201d, asegur\u00f3.<\/p>\n\n\n\n<div style=\"height:100px\" aria-hidden=\"true\" class=\"wp-block-spacer\"><\/div>\n\n\n\n<p><strong>El caso de CRA<\/strong><\/p>\n\n\n\n<p>El presidente de <strong>Confederaciones Rurales Argentinas (CRA)<\/strong>, <strong>Carlos Castagnani<\/strong>, tambi\u00e9n cuestion\u00f3 la decisi\u00f3n del Gobierno nacional, impulsada por el ministro <strong>Federico Sturzenegger<\/strong>, de modificar el sistema de aplicaci\u00f3n de la vacuna contra la fiebre aftosa.<\/p>\n\n\n\n<p>Hasta ahora, la vacunaci\u00f3n se realizaba de manera obligatoria a trav\u00e9s de fundaciones sanitarias regionales, muchas de ellas vinculadas a las sociedades rurales que integran la <strong>Mesa de Enlace<\/strong>.<\/p>\n\n\n\n<p>\u201cLamentablemente en este punto no tenemos la misma mirada. Creemos que es una medida innecesaria en este momento, inoportuna y que realmente no aporta la soluci\u00f3n que se pretende\u201d, afirm\u00f3 Castagnani. \u201cCreo que es una medida err\u00f3nea\u201d, agreg\u00f3.<\/p>\n\n\n\n<div style=\"height:100px\" aria-hidden=\"true\" class=\"wp-block-spacer\"><\/div>\n\n\n\n<p><strong>La Sociedad Rural, a favor<\/strong><\/p>\n\n\n\n<p>En contraste, la <strong>Sociedad Rural Argentina (SRA)<\/strong> respald\u00f3 la medida y destac\u00f3 que el nuevo esquema puede mejorar la eficiencia del sistema sanitario.<\/p>\n\n\n\n<p>\u201cTeniendo en cuenta que la sanidad animal es un eslab\u00f3n estrat\u00e9gico para la producci\u00f3n y las exportaciones del pa\u00eds, destacamos la resoluci\u00f3n del Senasa que habilita a los productores a elegir libremente al veterinario que vacunar\u00e1 su rodeo contra la fiebre aftosa y la brucelosis\u201d, se\u00f1al\u00f3 la entidad en redes sociales.<\/p>\n\n\n\n<p>La organizaci\u00f3n consider\u00f3 que el cambio representa \u201cun avance importante para lograr una mayor eficiencia del sector\u201d, aunque remarc\u00f3 la necesidad de mantener el di\u00e1logo con el sector p\u00fablico para la implementaci\u00f3n del nuevo sistema y garantizar la trazabilidad del esquema sanitario argentino.<\/p>\n\n\n\n<p><\/p>\n","protected":false},"excerpt":{"rendered":"<p>La sorpresiva decisi\u00f3n del Servicio Nacional de Sanidad y Calidad Agroalimentaria (Senasa) de habilitar, a partir de enero de 2027, que veterinarios privados puedan aplicar las vacunas contra la aftosa&hellip;<\/p>\n","protected":false},"author":3,"featured_media":217475,"comment_status":"closed","ping_status":"open","sticky":false,"template":"","format":"standard","meta":{"_acf_changed":false,"footnotes":""},"categories":[1,20],"tags":[],"class_list":["post-322419","post","type-post","status-publish","format-standard","has-post-thumbnail","hentry","category-es-noticia","category-campo"],"acf":[],"yoast_head":"<!-- This site is optimized with the Yoast SEO plugin v27.5 - https:\/\/yoast.com\/product\/yoast-seo-wordpress\/ -->\n<title>A contramano de las asociaciones rurales, Ardohain respald\u00f3 la \u201clibre elecci\u00f3n\u201d del vacunador de la aftosa - Diario Textual<\/title>\n<meta name=\"robots\" content=\"index, follow, max-snippet:-1, max-image-preview:large, max-video-preview:-1\" \/>\n<link rel=\"canonical\" href=\"https:\/\/diariotextual.com\/inicio\/index.php\/2026\/03\/16\/a-contramano-de-las-asociaciones-rurales-ardohain-respaldo-la-libre-eleccion-del-vacunador-de-la-aftosa\/\" \/>\n<meta property=\"og:locale\" content=\"es_ES\" \/>\n<meta property=\"og:type\" content=\"article\" \/>\n<meta property=\"og:title\" content=\"A contramano de las asociaciones rurales, Ardohain respald\u00f3 la \u201clibre elecci\u00f3n\u201d del vacunador de la aftosa - Diario Textual\" \/>\n<meta property=\"og:description\" content=\"La sorpresiva decisi\u00f3n del Servicio Nacional de Sanidad y Calidad Agroalimentaria (Senasa) de habilitar, a partir de enero de 2027, que veterinarios privados puedan aplicar las vacunas contra la aftosa&hellip;\" \/>\n<meta property=\"og:url\" content=\"https:\/\/diariotextual.com\/inicio\/index.php\/2026\/03\/16\/a-contramano-de-las-asociaciones-rurales-ardohain-respaldo-la-libre-eleccion-del-vacunador-de-la-aftosa\/\" \/>\n<meta property=\"og:site_name\" content=\"Diario Textual\" \/>\n<meta property=\"article:publisher\" content=\"https:\/\/www.facebook.com\/eltextual\" \/>\n<meta property=\"article:published_time\" content=\"2026-03-16T23:31:22+00:00\" \/>\n<meta property=\"article:modified_time\" content=\"2026-03-17T00:02:20+00:00\" \/>\n<meta property=\"og:image\" content=\"https:\/\/diariotextual.com\/inicio\/wp-content\/uploads\/2023\/03\/aftosavacunacion7senasa2.jpeg\" \/>\n\t<meta property=\"og:image:width\" content=\"680\" \/>\n\t<meta property=\"og:image:height\" content=\"453\" \/>\n\t<meta property=\"og:image:type\" content=\"image\/jpeg\" \/>\n<meta name=\"author\" content=\"Diario1 Diario1\" \/>\n<meta name=\"twitter:card\" content=\"summary_large_image\" \/>\n<meta name=\"twitter:creator\" content=\"@eltextual\" \/>\n<meta name=\"twitter:site\" content=\"@eltextual\" \/>\n<meta name=\"twitter:label1\" content=\"Escrito por\" \/>\n\t<meta name=\"twitter:data1\" content=\"Diario1 Diario1\" \/>\n\t<meta name=\"twitter:label2\" content=\"Tiempo de lectura\" \/>\n\t<meta name=\"twitter:data2\" content=\"4 minutos\" \/>\n<script type=\"application\/ld+json\" class=\"yoast-schema-graph\">{\"@context\":\"https:\\\/\\\/schema.org\",\"@graph\":[{\"@type\":\"Article\",\"@id\":\"https:\\\/\\\/diariotextual.com\\\/inicio\\\/index.php\\\/2026\\\/03\\\/16\\\/a-contramano-de-las-asociaciones-rurales-ardohain-respaldo-la-libre-eleccion-del-vacunador-de-la-aftosa\\\/#article\",\"isPartOf\":{\"@id\":\"https:\\\/\\\/diariotextual.com\\\/inicio\\\/index.php\\\/2026\\\/03\\\/16\\\/a-contramano-de-las-asociaciones-rurales-ardohain-respaldo-la-libre-eleccion-del-vacunador-de-la-aftosa\\\/\"},\"author\":{\"name\":\"Diario1 Diario1\",\"@id\":\"https:\\\/\\\/diariotextual.com\\\/inicio\\\/#\\\/schema\\\/person\\\/418fc4093c33e86ed41562db3508f958\"},\"headline\":\"A contramano de las asociaciones rurales, Ardohain respald\u00f3 la \u201clibre elecci\u00f3n\u201d del vacunador de la aftosa\",\"datePublished\":\"2026-03-16T23:31:22+00:00\",\"dateModified\":\"2026-03-17T00:02:20+00:00\",\"mainEntityOfPage\":{\"@id\":\"https:\\\/\\\/diariotextual.com\\\/inicio\\\/index.php\\\/2026\\\/03\\\/16\\\/a-contramano-de-las-asociaciones-rurales-ardohain-respaldo-la-libre-eleccion-del-vacunador-de-la-aftosa\\\/\"},\"wordCount\":779,\"publisher\":{\"@id\":\"https:\\\/\\\/diariotextual.com\\\/inicio\\\/#organization\"},\"image\":{\"@id\":\"https:\\\/\\\/diariotextual.com\\\/inicio\\\/index.php\\\/2026\\\/03\\\/16\\\/a-contramano-de-las-asociaciones-rurales-ardohain-respaldo-la-libre-eleccion-del-vacunador-de-la-aftosa\\\/#primaryimage\"},\"thumbnailUrl\":\"https:\\\/\\\/diariotextual.com\\\/inicio\\\/wp-content\\\/uploads\\\/2023\\\/03\\\/aftosavacunacion7senasa2.jpeg\",\"articleSection\":[\"A - ES NOTICIA (van abajo)\",\"CAMPO\"],\"inLanguage\":\"es\"},{\"@type\":\"WebPage\",\"@id\":\"https:\\\/\\\/diariotextual.com\\\/inicio\\\/index.php\\\/2026\\\/03\\\/16\\\/a-contramano-de-las-asociaciones-rurales-ardohain-respaldo-la-libre-eleccion-del-vacunador-de-la-aftosa\\\/\",\"url\":\"https:\\\/\\\/diariotextual.com\\\/inicio\\\/index.php\\\/2026\\\/03\\\/16\\\/a-contramano-de-las-asociaciones-rurales-ardohain-respaldo-la-libre-eleccion-del-vacunador-de-la-aftosa\\\/\",\"name\":\"A contramano de las asociaciones rurales, Ardohain respald\u00f3 la \u201clibre elecci\u00f3n\u201d del vacunador de la aftosa - Diario Textual\",\"isPartOf\":{\"@id\":\"https:\\\/\\\/diariotextual.com\\\/inicio\\\/#website\"},\"primaryImageOfPage\":{\"@id\":\"https:\\\/\\\/diariotextual.com\\\/inicio\\\/index.php\\\/2026\\\/03\\\/16\\\/a-contramano-de-las-asociaciones-rurales-ardohain-respaldo-la-libre-eleccion-del-vacunador-de-la-aftosa\\\/#primaryimage\"},\"image\":{\"@id\":\"https:\\\/\\\/diariotextual.com\\\/inicio\\\/index.php\\\/2026\\\/03\\\/16\\\/a-contramano-de-las-asociaciones-rurales-ardohain-respaldo-la-libre-eleccion-del-vacunador-de-la-aftosa\\\/#primaryimage\"},\"thumbnailUrl\":\"https:\\\/\\\/diariotextual.com\\\/inicio\\\/wp-content\\\/uploads\\\/2023\\\/03\\\/aftosavacunacion7senasa2.jpeg\",\"datePublished\":\"2026-03-16T23:31:22+00:00\",\"dateModified\":\"2026-03-17T00:02:20+00:00\",\"breadcrumb\":{\"@id\":\"https:\\\/\\\/diariotextual.com\\\/inicio\\\/index.php\\\/2026\\\/03\\\/16\\\/a-contramano-de-las-asociaciones-rurales-ardohain-respaldo-la-libre-eleccion-del-vacunador-de-la-aftosa\\\/#breadcrumb\"},\"inLanguage\":\"es\",\"potentialAction\":[{\"@type\":\"ReadAction\",\"target\":[\"https:\\\/\\\/diariotextual.com\\\/inicio\\\/index.php\\\/2026\\\/03\\\/16\\\/a-contramano-de-las-asociaciones-rurales-ardohain-respaldo-la-libre-eleccion-del-vacunador-de-la-aftosa\\\/\"]}]},{\"@type\":\"ImageObject\",\"inLanguage\":\"es\",\"@id\":\"https:\\\/\\\/diariotextual.com\\\/inicio\\\/index.php\\\/2026\\\/03\\\/16\\\/a-contramano-de-las-asociaciones-rurales-ardohain-respaldo-la-libre-eleccion-del-vacunador-de-la-aftosa\\\/#primaryimage\",\"url\":\"https:\\\/\\\/diariotextual.com\\\/inicio\\\/wp-content\\\/uploads\\\/2023\\\/03\\\/aftosavacunacion7senasa2.jpeg\",\"contentUrl\":\"https:\\\/\\\/diariotextual.com\\\/inicio\\\/wp-content\\\/uploads\\\/2023\\\/03\\\/aftosavacunacion7senasa2.jpeg\",\"width\":680,\"height\":453},{\"@type\":\"BreadcrumbList\",\"@id\":\"https:\\\/\\\/diariotextual.com\\\/inicio\\\/index.php\\\/2026\\\/03\\\/16\\\/a-contramano-de-las-asociaciones-rurales-ardohain-respaldo-la-libre-eleccion-del-vacunador-de-la-aftosa\\\/#breadcrumb\",\"itemListElement\":[{\"@type\":\"ListItem\",\"position\":1,\"name\":\"Portada\",\"item\":\"https:\\\/\\\/diariotextual.com\\\/inicio\\\/\"},{\"@type\":\"ListItem\",\"position\":2,\"name\":\"A contramano de las asociaciones rurales, Ardohain respald\u00f3 la \u201clibre elecci\u00f3n\u201d del vacunador de la aftosa\"}]},{\"@type\":\"WebSite\",\"@id\":\"https:\\\/\\\/diariotextual.com\\\/inicio\\\/#website\",\"url\":\"https:\\\/\\\/diariotextual.com\\\/inicio\\\/\",\"name\":\"Diario Textual\",\"description\":\"\",\"publisher\":{\"@id\":\"https:\\\/\\\/diariotextual.com\\\/inicio\\\/#organization\"},\"potentialAction\":[{\"@type\":\"SearchAction\",\"target\":{\"@type\":\"EntryPoint\",\"urlTemplate\":\"https:\\\/\\\/diariotextual.com\\\/inicio\\\/?s={search_term_string}\"},\"query-input\":{\"@type\":\"PropertyValueSpecification\",\"valueRequired\":true,\"valueName\":\"search_term_string\"}}],\"inLanguage\":\"es\"},{\"@type\":\"Organization\",\"@id\":\"https:\\\/\\\/diariotextual.com\\\/inicio\\\/#organization\",\"name\":\"Diario Textual\",\"url\":\"https:\\\/\\\/diariotextual.com\\\/inicio\\\/\",\"logo\":{\"@type\":\"ImageObject\",\"inLanguage\":\"es\",\"@id\":\"https:\\\/\\\/diariotextual.com\\\/inicio\\\/#\\\/schema\\\/logo\\\/image\\\/\",\"url\":\"https:\\\/\\\/diariotextual.com\\\/inicio\\\/wp-content\\\/uploads\\\/2023\\\/05\\\/logotextual1.jpg\",\"contentUrl\":\"https:\\\/\\\/diariotextual.com\\\/inicio\\\/wp-content\\\/uploads\\\/2023\\\/05\\\/logotextual1.jpg\",\"width\":516,\"height\":76,\"caption\":\"Diario Textual\"},\"image\":{\"@id\":\"https:\\\/\\\/diariotextual.com\\\/inicio\\\/#\\\/schema\\\/logo\\\/image\\\/\"},\"sameAs\":[\"https:\\\/\\\/www.facebook.com\\\/eltextual\",\"https:\\\/\\\/x.com\\\/eltextual\",\"http:\\\/\\\/www.instagram.com\\\/eltextual\"]},{\"@type\":\"Person\",\"@id\":\"https:\\\/\\\/diariotextual.com\\\/inicio\\\/#\\\/schema\\\/person\\\/418fc4093c33e86ed41562db3508f958\",\"name\":\"Diario1 Diario1\",\"image\":{\"@type\":\"ImageObject\",\"inLanguage\":\"es\",\"@id\":\"https:\\\/\\\/secure.gravatar.com\\\/avatar\\\/9167d280179c85bc18be67aa7eda765854300033af4896dd779b608640f2ef7a?s=96&d=mm&r=g\",\"url\":\"https:\\\/\\\/secure.gravatar.com\\\/avatar\\\/9167d280179c85bc18be67aa7eda765854300033af4896dd779b608640f2ef7a?s=96&d=mm&r=g\",\"contentUrl\":\"https:\\\/\\\/secure.gravatar.com\\\/avatar\\\/9167d280179c85bc18be67aa7eda765854300033af4896dd779b608640f2ef7a?s=96&d=mm&r=g\",\"caption\":\"Diario1 Diario1\"},\"url\":\"https:\\\/\\\/diariotextual.com\\\/inicio\\\/index.php\\\/author\\\/diario1\\\/\"}]}<\/script>\n<!-- \/ Yoast SEO plugin. -->","yoast_head_json":{"title":"A contramano de las asociaciones rurales, Ardohain respald\u00f3 la \u201clibre elecci\u00f3n\u201d del vacunador de la aftosa - Diario Textual","robots":{"index":"index","follow":"follow","max-snippet":"max-snippet:-1","max-image-preview":"max-image-preview:large","max-video-preview":"max-video-preview:-1"},"canonical":"https:\/\/diariotextual.com\/inicio\/index.php\/2026\/03\/16\/a-contramano-de-las-asociaciones-rurales-ardohain-respaldo-la-libre-eleccion-del-vacunador-de-la-aftosa\/","og_locale":"es_ES","og_type":"article","og_title":"A contramano de las asociaciones rurales, Ardohain respald\u00f3 la \u201clibre elecci\u00f3n\u201d del vacunador de la aftosa - Diario Textual","og_description":"La sorpresiva decisi\u00f3n del Servicio Nacional de Sanidad y Calidad Agroalimentaria (Senasa) de habilitar, a partir de enero de 2027, que veterinarios privados puedan aplicar las vacunas contra la aftosa&hellip;","og_url":"https:\/\/diariotextual.com\/inicio\/index.php\/2026\/03\/16\/a-contramano-de-las-asociaciones-rurales-ardohain-respaldo-la-libre-eleccion-del-vacunador-de-la-aftosa\/","og_site_name":"Diario Textual","article_publisher":"https:\/\/www.facebook.com\/eltextual","article_published_time":"2026-03-16T23:31:22+00:00","article_modified_time":"2026-03-17T00:02:20+00:00","og_image":[{"width":680,"height":453,"url":"https:\/\/diariotextual.com\/inicio\/wp-content\/uploads\/2023\/03\/aftosavacunacion7senasa2.jpeg","type":"image\/jpeg"}],"author":"Diario1 Diario1","twitter_card":"summary_large_image","twitter_creator":"@eltextual","twitter_site":"@eltextual","twitter_misc":{"Escrito por":"Diario1 Diario1","Tiempo de lectura":"4 minutos"},"schema":{"@context":"https:\/\/schema.org","@graph":[{"@type":"Article","@id":"https:\/\/diariotextual.com\/inicio\/index.php\/2026\/03\/16\/a-contramano-de-las-asociaciones-rurales-ardohain-respaldo-la-libre-eleccion-del-vacunador-de-la-aftosa\/#article","isPartOf":{"@id":"https:\/\/diariotextual.com\/inicio\/index.php\/2026\/03\/16\/a-contramano-de-las-asociaciones-rurales-ardohain-respaldo-la-libre-eleccion-del-vacunador-de-la-aftosa\/"},"author":{"name":"Diario1 Diario1","@id":"https:\/\/diariotextual.com\/inicio\/#\/schema\/person\/418fc4093c33e86ed41562db3508f958"},"headline":"A contramano de las asociaciones rurales, Ardohain respald\u00f3 la \u201clibre elecci\u00f3n\u201d del vacunador de la aftosa","datePublished":"2026-03-16T23:31:22+00:00","dateModified":"2026-03-17T00:02:20+00:00","mainEntityOfPage":{"@id":"https:\/\/diariotextual.com\/inicio\/index.php\/2026\/03\/16\/a-contramano-de-las-asociaciones-rurales-ardohain-respaldo-la-libre-eleccion-del-vacunador-de-la-aftosa\/"},"wordCount":779,"publisher":{"@id":"https:\/\/diariotextual.com\/inicio\/#organization"},"image":{"@id":"https:\/\/diariotextual.com\/inicio\/index.php\/2026\/03\/16\/a-contramano-de-las-asociaciones-rurales-ardohain-respaldo-la-libre-eleccion-del-vacunador-de-la-aftosa\/#primaryimage"},"thumbnailUrl":"https:\/\/diariotextual.com\/inicio\/wp-content\/uploads\/2023\/03\/aftosavacunacion7senasa2.jpeg","articleSection":["A - ES NOTICIA (van abajo)","CAMPO"],"inLanguage":"es"},{"@type":"WebPage","@id":"https:\/\/diariotextual.com\/inicio\/index.php\/2026\/03\/16\/a-contramano-de-las-asociaciones-rurales-ardohain-respaldo-la-libre-eleccion-del-vacunador-de-la-aftosa\/","url":"https:\/\/diariotextual.com\/inicio\/index.php\/2026\/03\/16\/a-contramano-de-las-asociaciones-rurales-ardohain-respaldo-la-libre-eleccion-del-vacunador-de-la-aftosa\/","name":"A contramano de las asociaciones rurales, Ardohain respald\u00f3 la \u201clibre elecci\u00f3n\u201d del vacunador de la aftosa - Diario Textual","isPartOf":{"@id":"https:\/\/diariotextual.com\/inicio\/#website"},"primaryImageOfPage":{"@id":"https:\/\/diariotextual.com\/inicio\/index.php\/2026\/03\/16\/a-contramano-de-las-asociaciones-rurales-ardohain-respaldo-la-libre-eleccion-del-vacunador-de-la-aftosa\/#primaryimage"},"image":{"@id":"https:\/\/diariotextual.com\/inicio\/index.php\/2026\/03\/16\/a-contramano-de-las-asociaciones-rurales-ardohain-respaldo-la-libre-eleccion-del-vacunador-de-la-aftosa\/#primaryimage"},"thumbnailUrl":"https:\/\/diariotextual.com\/inicio\/wp-content\/uploads\/2023\/03\/aftosavacunacion7senasa2.jpeg","datePublished":"2026-03-16T23:31:22+00:00","dateModified":"2026-03-17T00:02:20+00:00","breadcrumb":{"@id":"https:\/\/diariotextual.com\/inicio\/index.php\/2026\/03\/16\/a-contramano-de-las-asociaciones-rurales-ardohain-respaldo-la-libre-eleccion-del-vacunador-de-la-aftosa\/#breadcrumb"},"inLanguage":"es","potentialAction":[{"@type":"ReadAction","target":["https:\/\/diariotextual.com\/inicio\/index.php\/2026\/03\/16\/a-contramano-de-las-asociaciones-rurales-ardohain-respaldo-la-libre-eleccion-del-vacunador-de-la-aftosa\/"]}]},{"@type":"ImageObject","inLanguage":"es","@id":"https:\/\/diariotextual.com\/inicio\/index.php\/2026\/03\/16\/a-contramano-de-las-asociaciones-rurales-ardohain-respaldo-la-libre-eleccion-del-vacunador-de-la-aftosa\/#primaryimage","url":"https:\/\/diariotextual.com\/inicio\/wp-content\/uploads\/2023\/03\/aftosavacunacion7senasa2.jpeg","contentUrl":"https:\/\/diariotextual.com\/inicio\/wp-content\/uploads\/2023\/03\/aftosavacunacion7senasa2.jpeg","width":680,"height":453},{"@type":"BreadcrumbList","@id":"https:\/\/diariotextual.com\/inicio\/index.php\/2026\/03\/16\/a-contramano-de-las-asociaciones-rurales-ardohain-respaldo-la-libre-eleccion-del-vacunador-de-la-aftosa\/#breadcrumb","itemListElement":[{"@type":"ListItem","position":1,"name":"Portada","item":"https:\/\/diariotextual.com\/inicio\/"},{"@type":"ListItem","position":2,"name":"A contramano de las asociaciones rurales, Ardohain respald\u00f3 la \u201clibre elecci\u00f3n\u201d del vacunador de la aftosa"}]},{"@type":"WebSite","@id":"https:\/\/diariotextual.com\/inicio\/#website","url":"https:\/\/diariotextual.com\/inicio\/","name":"Diario Textual","description":"","publisher":{"@id":"https:\/\/diariotextual.com\/inicio\/#organization"},"potentialAction":[{"@type":"SearchAction","target":{"@type":"EntryPoint","urlTemplate":"https:\/\/diariotextual.com\/inicio\/?s={search_term_string}"},"query-input":{"@type":"PropertyValueSpecification","valueRequired":true,"valueName":"search_term_string"}}],"inLanguage":"es"},{"@type":"Organization","@id":"https:\/\/diariotextual.com\/inicio\/#organization","name":"Diario Textual","url":"https:\/\/diariotextual.com\/inicio\/","logo":{"@type":"ImageObject","inLanguage":"es","@id":"https:\/\/diariotextual.com\/inicio\/#\/schema\/logo\/image\/","url":"https:\/\/diariotextual.com\/inicio\/wp-content\/uploads\/2023\/05\/logotextual1.jpg","contentUrl":"https:\/\/diariotextual.com\/inicio\/wp-content\/uploads\/2023\/05\/logotextual1.jpg","width":516,"height":76,"caption":"Diario Textual"},"image":{"@id":"https:\/\/diariotextual.com\/inicio\/#\/schema\/logo\/image\/"},"sameAs":["https:\/\/www.facebook.com\/eltextual","https:\/\/x.com\/eltextual","http:\/\/www.instagram.com\/eltextual"]},{"@type":"Person","@id":"https:\/\/diariotextual.com\/inicio\/#\/schema\/person\/418fc4093c33e86ed41562db3508f958","name":"Diario1 Diario1","image":{"@type":"ImageObject","inLanguage":"es","@id":"https:\/\/secure.gravatar.com\/avatar\/9167d280179c85bc18be67aa7eda765854300033af4896dd779b608640f2ef7a?s=96&d=mm&r=g","url":"https:\/\/secure.gravatar.com\/avatar\/9167d280179c85bc18be67aa7eda765854300033af4896dd779b608640f2ef7a?s=96&d=mm&r=g","contentUrl":"https:\/\/secure.gravatar.com\/avatar\/9167d280179c85bc18be67aa7eda765854300033af4896dd779b608640f2ef7a?s=96&d=mm&r=g","caption":"Diario1 Diario1"},"url":"https:\/\/diariotextual.com\/inicio\/index.php\/author\/diario1\/"}]}},"_links":{"self":[{"href":"https:\/\/diariotextual.com\/inicio\/index.php\/wp-json\/wp\/v2\/posts\/322419","targetHints":{"allow":["GET"]}}],"collection":[{"href":"https:\/\/diariotextual.com\/inicio\/index.php\/wp-json\/wp\/v2\/posts"}],"about":[{"href":"https:\/\/diariotextual.com\/inicio\/index.php\/wp-json\/wp\/v2\/types\/post"}],"author":[{"embeddable":true,"href":"https:\/\/diariotextual.com\/inicio\/index.php\/wp-json\/wp\/v2\/users\/3"}],"replies":[{"embeddable":true,"href":"https:\/\/diariotextual.com\/inicio\/index.php\/wp-json\/wp\/v2\/comments?post=322419"}],"version-history":[{"count":3,"href":"https:\/\/diariotextual.com\/inicio\/index.php\/wp-json\/wp\/v2\/posts\/322419\/revisions"}],"predecessor-version":[{"id":322424,"href":"https:\/\/diariotextual.com\/inicio\/index.php\/wp-json\/wp\/v2\/posts\/322419\/revisions\/322424"}],"wp:featuredmedia":[{"embeddable":true,"href":"https:\/\/diariotextual.com\/inicio\/index.php\/wp-json\/wp\/v2\/media\/217475"}],"wp:attachment":[{"href":"https:\/\/diariotextual.com\/inicio\/index.php\/wp-json\/wp\/v2\/media?parent=322419"}],"wp:term":[{"taxonomy":"category","embeddable":true,"href":"https:\/\/diariotextual.com\/inicio\/index.php\/wp-json\/wp\/v2\/categories?post=322419"},{"taxonomy":"post_tag","embeddable":true,"href":"https:\/\/diariotextual.com\/inicio\/index.php\/wp-json\/wp\/v2\/tags?post=322419"}],"curies":[{"name":"wp","href":"https:\/\/api.w.org\/{rel}","templated":true}]}}