{"id":322430,"date":"2026-03-16T16:25:43","date_gmt":"2026-03-16T19:25:43","guid":{"rendered":"https:\/\/diariotextual.com\/inicio\/?p=322430"},"modified":"2026-03-16T16:56:38","modified_gmt":"2026-03-16T19:56:38","slug":"comenzo-el-juicio-por-la-muerte-de-un-adolescente-en-victorica-ocurrida-el-dia-del-amigo","status":"publish","type":"post","link":"https:\/\/diariotextual.com\/inicio\/index.php\/2026\/03\/16\/comenzo-el-juicio-por-la-muerte-de-un-adolescente-en-victorica-ocurrida-el-dia-del-amigo\/","title":{"rendered":"Comenz\u00f3 el juicio por la muerte de un adolescente en Victorica ocurrida el D\u00eda del Amigo"},"content":{"rendered":"\n<p>Este lunes 16 de marzo comenz\u00f3 en General Pico el juicio por el homicidio de un adolescente de 16 a\u00f1os ocurrido el 21 de julio de 2025, durante los festejos del D\u00eda del Amigo en la localidad de Victorica.<\/p>\n\n\n\n<p>En la audiencia de debate realizada hoy se desarroll\u00f3 el alegato de apertura de la Fiscal\u00eda y se incorporaron testimonios mediante C\u00e1mara Gesell, en el marco del proceso que investiga la muerte de un joven que fue apu\u00f1alado en la v\u00eda p\u00fablica por otro adolescente.<\/p>\n\n\n\n<p>El debate se lleva adelante ante un tribunal colegiado integrado por los jueces Carlos Pellegrino, Marcelo Pagano y Mar\u00eda Jos\u00e9 Gianinetto.<\/p>\n\n\n\n<p>La defensa del adolescente imputado est\u00e1 a cargo de la defensora oficial del Ministerio P\u00fablico de la Defensa Soledad Tr\u00edmboli, mientras que la querella es representada por el abogado Mauro Fern\u00e1ndez.<\/p>\n\n\n\n<p>Desde el Ministerio P\u00fablico Fiscal de la IV Circunscripci\u00f3n, los fiscales Nicol\u00e1s Rojo y Enzo Rangone solicitaron la declaraci\u00f3n de autor\u00eda y responsabilidad penal de un menor de edad por el delito de homicidio simple.<\/p>\n\n\n\n<div style=\"height:100px\" aria-hidden=\"true\" class=\"wp-block-spacer\"><\/div>\n\n\n\n<p><strong>El hecho<\/strong><\/p>\n\n\n\n<p>El episodio que deriv\u00f3 en el proceso judicial ocurri\u00f3 en la madrugada del 20 de julio de 2025, frente a una vivienda ubicada en calle 18, entre 5 y 7, en Victorica.<\/p>\n\n\n\n<p>De acuerdo con la investigaci\u00f3n, un adolescente de 16 a\u00f1os muri\u00f3 luego de recibir una pu\u00f1alada durante un altercado. El joven fue trasladado al hospital local, donde los m\u00e9dicos constataron que ya no presentaba signos vitales.<\/p>\n\n\n\n<p>Horas despu\u00e9s del hecho, la Polic\u00eda identific\u00f3 como presunto autor a otro menor de 16 a\u00f1os, quien qued\u00f3 a disposici\u00f3n de la Justicia.<\/p>\n\n\n\n<div style=\"height:100px\" aria-hidden=\"true\" class=\"wp-block-spacer\"><\/div>\n\n\n\n<p><strong>Proceso judicial<\/strong><\/p>\n\n\n\n<p>El juicio se desarrolla bajo el r\u00e9gimen de responsabilidad penal juvenil, que establece procedimientos espec\u00edficos cuando los imputados son menores de edad.<\/p>\n\n\n\n<p>Durante la jornada de este lunes se presentaron los primeros elementos probatorios y testimoniales, entre ellos declaraciones tomadas a testigos mediante C\u00e1mara Gesell.<\/p>\n\n\n\n<p>El proceso continuar\u00e1 hasta el d\u00eda jueves, con la recepci\u00f3n de m\u00e1s testimonios y pruebas, tras lo cual el tribunal deber\u00e1 evaluar los elementos reunidos para determinar la autor\u00eda y responsabilidad penal del menor acusado.<\/p>\n\n\n\n<p><\/p>\n","protected":false},"excerpt":{"rendered":"<p>Este lunes 16 de marzo comenz\u00f3 en General Pico el juicio por el homicidio de un adolescente de 16 a\u00f1os ocurrido el 21 de julio de 2025, durante los festejos&hellip;<\/p>\n","protected":false},"author":3,"featured_media":301855,"comment_status":"closed","ping_status":"open","sticky":false,"template":"","format":"standard","meta":{"_acf_changed":false,"footnotes":""},"categories":[1,12],"tags":[],"class_list":["post-322430","post","type-post","status-publish","format-standard","has-post-thumbnail","hentry","category-es-noticia","category-sociedad"],"acf":[],"yoast_head":"<!-- This site is optimized with the Yoast SEO plugin v27.5 - https:\/\/yoast.com\/product\/yoast-seo-wordpress\/ -->\n<title>Comenz\u00f3 el juicio por la muerte de un adolescente en Victorica ocurrida el D\u00eda del Amigo - Diario Textual<\/title>\n<meta name=\"robots\" content=\"index, follow, max-snippet:-1, max-image-preview:large, max-video-preview:-1\" \/>\n<link rel=\"canonical\" href=\"https:\/\/diariotextual.com\/inicio\/index.php\/2026\/03\/16\/comenzo-el-juicio-por-la-muerte-de-un-adolescente-en-victorica-ocurrida-el-dia-del-amigo\/\" \/>\n<meta property=\"og:locale\" content=\"es_ES\" \/>\n<meta property=\"og:type\" content=\"article\" \/>\n<meta property=\"og:title\" content=\"Comenz\u00f3 el juicio por la muerte de un adolescente en Victorica ocurrida el D\u00eda del Amigo - Diario Textual\" \/>\n<meta property=\"og:description\" content=\"Este lunes 16 de marzo comenz\u00f3 en General Pico el juicio por el homicidio de un adolescente de 16 a\u00f1os ocurrido el 21 de julio de 2025, durante los festejos&hellip;\" \/>\n<meta property=\"og:url\" content=\"https:\/\/diariotextual.com\/inicio\/index.php\/2026\/03\/16\/comenzo-el-juicio-por-la-muerte-de-un-adolescente-en-victorica-ocurrida-el-dia-del-amigo\/\" \/>\n<meta property=\"og:site_name\" content=\"Diario Textual\" \/>\n<meta property=\"article:publisher\" content=\"https:\/\/www.facebook.com\/eltextual\" \/>\n<meta property=\"article:published_time\" content=\"2026-03-16T19:25:43+00:00\" \/>\n<meta property=\"article:modified_time\" content=\"2026-03-16T19:56:38+00:00\" \/>\n<meta property=\"og:image\" content=\"https:\/\/diariotextual.com\/inicio\/wp-content\/uploads\/2025\/07\/casoramiroasesinatovictorica2025-1.jpg\" \/>\n\t<meta property=\"og:image:width\" content=\"805\" \/>\n\t<meta property=\"og:image:height\" content=\"532\" \/>\n\t<meta property=\"og:image:type\" content=\"image\/jpeg\" \/>\n<meta name=\"author\" content=\"Diario1 Diario1\" \/>\n<meta name=\"twitter:card\" content=\"summary_large_image\" \/>\n<meta name=\"twitter:creator\" content=\"@eltextual\" \/>\n<meta name=\"twitter:site\" content=\"@eltextual\" \/>\n<meta name=\"twitter:label1\" content=\"Escrito por\" \/>\n\t<meta name=\"twitter:data1\" content=\"Diario1 Diario1\" \/>\n\t<meta name=\"twitter:label2\" content=\"Tiempo de lectura\" \/>\n\t<meta name=\"twitter:data2\" content=\"2 minutos\" \/>\n<script type=\"application\/ld+json\" class=\"yoast-schema-graph\">{\"@context\":\"https:\\\/\\\/schema.org\",\"@graph\":[{\"@type\":\"Article\",\"@id\":\"https:\\\/\\\/diariotextual.com\\\/inicio\\\/index.php\\\/2026\\\/03\\\/16\\\/comenzo-el-juicio-por-la-muerte-de-un-adolescente-en-victorica-ocurrida-el-dia-del-amigo\\\/#article\",\"isPartOf\":{\"@id\":\"https:\\\/\\\/diariotextual.com\\\/inicio\\\/index.php\\\/2026\\\/03\\\/16\\\/comenzo-el-juicio-por-la-muerte-de-un-adolescente-en-victorica-ocurrida-el-dia-del-amigo\\\/\"},\"author\":{\"name\":\"Diario1 Diario1\",\"@id\":\"https:\\\/\\\/diariotextual.com\\\/inicio\\\/#\\\/schema\\\/person\\\/418fc4093c33e86ed41562db3508f958\"},\"headline\":\"Comenz\u00f3 el juicio por la muerte de un adolescente en Victorica ocurrida el D\u00eda del Amigo\",\"datePublished\":\"2026-03-16T19:25:43+00:00\",\"dateModified\":\"2026-03-16T19:56:38+00:00\",\"mainEntityOfPage\":{\"@id\":\"https:\\\/\\\/diariotextual.com\\\/inicio\\\/index.php\\\/2026\\\/03\\\/16\\\/comenzo-el-juicio-por-la-muerte-de-un-adolescente-en-victorica-ocurrida-el-dia-del-amigo\\\/\"},\"wordCount\":383,\"publisher\":{\"@id\":\"https:\\\/\\\/diariotextual.com\\\/inicio\\\/#organization\"},\"image\":{\"@id\":\"https:\\\/\\\/diariotextual.com\\\/inicio\\\/index.php\\\/2026\\\/03\\\/16\\\/comenzo-el-juicio-por-la-muerte-de-un-adolescente-en-victorica-ocurrida-el-dia-del-amigo\\\/#primaryimage\"},\"thumbnailUrl\":\"https:\\\/\\\/diariotextual.com\\\/inicio\\\/wp-content\\\/uploads\\\/2025\\\/07\\\/casoramiroasesinatovictorica2025-1.jpg\",\"articleSection\":[\"A - ES NOTICIA (van abajo)\",\"SOCIEDAD\"],\"inLanguage\":\"es\"},{\"@type\":\"WebPage\",\"@id\":\"https:\\\/\\\/diariotextual.com\\\/inicio\\\/index.php\\\/2026\\\/03\\\/16\\\/comenzo-el-juicio-por-la-muerte-de-un-adolescente-en-victorica-ocurrida-el-dia-del-amigo\\\/\",\"url\":\"https:\\\/\\\/diariotextual.com\\\/inicio\\\/index.php\\\/2026\\\/03\\\/16\\\/comenzo-el-juicio-por-la-muerte-de-un-adolescente-en-victorica-ocurrida-el-dia-del-amigo\\\/\",\"name\":\"Comenz\u00f3 el juicio por la muerte de un adolescente en Victorica ocurrida el D\u00eda del Amigo - Diario Textual\",\"isPartOf\":{\"@id\":\"https:\\\/\\\/diariotextual.com\\\/inicio\\\/#website\"},\"primaryImageOfPage\":{\"@id\":\"https:\\\/\\\/diariotextual.com\\\/inicio\\\/index.php\\\/2026\\\/03\\\/16\\\/comenzo-el-juicio-por-la-muerte-de-un-adolescente-en-victorica-ocurrida-el-dia-del-amigo\\\/#primaryimage\"},\"image\":{\"@id\":\"https:\\\/\\\/diariotextual.com\\\/inicio\\\/index.php\\\/2026\\\/03\\\/16\\\/comenzo-el-juicio-por-la-muerte-de-un-adolescente-en-victorica-ocurrida-el-dia-del-amigo\\\/#primaryimage\"},\"thumbnailUrl\":\"https:\\\/\\\/diariotextual.com\\\/inicio\\\/wp-content\\\/uploads\\\/2025\\\/07\\\/casoramiroasesinatovictorica2025-1.jpg\",\"datePublished\":\"2026-03-16T19:25:43+00:00\",\"dateModified\":\"2026-03-16T19:56:38+00:00\",\"breadcrumb\":{\"@id\":\"https:\\\/\\\/diariotextual.com\\\/inicio\\\/index.php\\\/2026\\\/03\\\/16\\\/comenzo-el-juicio-por-la-muerte-de-un-adolescente-en-victorica-ocurrida-el-dia-del-amigo\\\/#breadcrumb\"},\"inLanguage\":\"es\",\"potentialAction\":[{\"@type\":\"ReadAction\",\"target\":[\"https:\\\/\\\/diariotextual.com\\\/inicio\\\/index.php\\\/2026\\\/03\\\/16\\\/comenzo-el-juicio-por-la-muerte-de-un-adolescente-en-victorica-ocurrida-el-dia-del-amigo\\\/\"]}]},{\"@type\":\"ImageObject\",\"inLanguage\":\"es\",\"@id\":\"https:\\\/\\\/diariotextual.com\\\/inicio\\\/index.php\\\/2026\\\/03\\\/16\\\/comenzo-el-juicio-por-la-muerte-de-un-adolescente-en-victorica-ocurrida-el-dia-del-amigo\\\/#primaryimage\",\"url\":\"https:\\\/\\\/diariotextual.com\\\/inicio\\\/wp-content\\\/uploads\\\/2025\\\/07\\\/casoramiroasesinatovictorica2025-1.jpg\",\"contentUrl\":\"https:\\\/\\\/diariotextual.com\\\/inicio\\\/wp-content\\\/uploads\\\/2025\\\/07\\\/casoramiroasesinatovictorica2025-1.jpg\",\"width\":805,\"height\":532},{\"@type\":\"BreadcrumbList\",\"@id\":\"https:\\\/\\\/diariotextual.com\\\/inicio\\\/index.php\\\/2026\\\/03\\\/16\\\/comenzo-el-juicio-por-la-muerte-de-un-adolescente-en-victorica-ocurrida-el-dia-del-amigo\\\/#breadcrumb\",\"itemListElement\":[{\"@type\":\"ListItem\",\"position\":1,\"name\":\"Portada\",\"item\":\"https:\\\/\\\/diariotextual.com\\\/inicio\\\/\"},{\"@type\":\"ListItem\",\"position\":2,\"name\":\"Comenz\u00f3 el juicio por la muerte de un adolescente en Victorica ocurrida el D\u00eda del Amigo\"}]},{\"@type\":\"WebSite\",\"@id\":\"https:\\\/\\\/diariotextual.com\\\/inicio\\\/#website\",\"url\":\"https:\\\/\\\/diariotextual.com\\\/inicio\\\/\",\"name\":\"Diario Textual\",\"description\":\"\",\"publisher\":{\"@id\":\"https:\\\/\\\/diariotextual.com\\\/inicio\\\/#organization\"},\"potentialAction\":[{\"@type\":\"SearchAction\",\"target\":{\"@type\":\"EntryPoint\",\"urlTemplate\":\"https:\\\/\\\/diariotextual.com\\\/inicio\\\/?s={search_term_string}\"},\"query-input\":{\"@type\":\"PropertyValueSpecification\",\"valueRequired\":true,\"valueName\":\"search_term_string\"}}],\"inLanguage\":\"es\"},{\"@type\":\"Organization\",\"@id\":\"https:\\\/\\\/diariotextual.com\\\/inicio\\\/#organization\",\"name\":\"Diario Textual\",\"url\":\"https:\\\/\\\/diariotextual.com\\\/inicio\\\/\",\"logo\":{\"@type\":\"ImageObject\",\"inLanguage\":\"es\",\"@id\":\"https:\\\/\\\/diariotextual.com\\\/inicio\\\/#\\\/schema\\\/logo\\\/image\\\/\",\"url\":\"https:\\\/\\\/diariotextual.com\\\/inicio\\\/wp-content\\\/uploads\\\/2023\\\/05\\\/logotextual1.jpg\",\"contentUrl\":\"https:\\\/\\\/diariotextual.com\\\/inicio\\\/wp-content\\\/uploads\\\/2023\\\/05\\\/logotextual1.jpg\",\"width\":516,\"height\":76,\"caption\":\"Diario Textual\"},\"image\":{\"@id\":\"https:\\\/\\\/diariotextual.com\\\/inicio\\\/#\\\/schema\\\/logo\\\/image\\\/\"},\"sameAs\":[\"https:\\\/\\\/www.facebook.com\\\/eltextual\",\"https:\\\/\\\/x.com\\\/eltextual\",\"http:\\\/\\\/www.instagram.com\\\/eltextual\"]},{\"@type\":\"Person\",\"@id\":\"https:\\\/\\\/diariotextual.com\\\/inicio\\\/#\\\/schema\\\/person\\\/418fc4093c33e86ed41562db3508f958\",\"name\":\"Diario1 Diario1\",\"image\":{\"@type\":\"ImageObject\",\"inLanguage\":\"es\",\"@id\":\"https:\\\/\\\/secure.gravatar.com\\\/avatar\\\/9167d280179c85bc18be67aa7eda765854300033af4896dd779b608640f2ef7a?s=96&d=mm&r=g\",\"url\":\"https:\\\/\\\/secure.gravatar.com\\\/avatar\\\/9167d280179c85bc18be67aa7eda765854300033af4896dd779b608640f2ef7a?s=96&d=mm&r=g\",\"contentUrl\":\"https:\\\/\\\/secure.gravatar.com\\\/avatar\\\/9167d280179c85bc18be67aa7eda765854300033af4896dd779b608640f2ef7a?s=96&d=mm&r=g\",\"caption\":\"Diario1 Diario1\"},\"url\":\"https:\\\/\\\/diariotextual.com\\\/inicio\\\/index.php\\\/author\\\/diario1\\\/\"}]}<\/script>\n<!-- \/ Yoast SEO plugin. -->","yoast_head_json":{"title":"Comenz\u00f3 el juicio por la muerte de un adolescente en Victorica ocurrida el D\u00eda del Amigo - Diario Textual","robots":{"index":"index","follow":"follow","max-snippet":"max-snippet:-1","max-image-preview":"max-image-preview:large","max-video-preview":"max-video-preview:-1"},"canonical":"https:\/\/diariotextual.com\/inicio\/index.php\/2026\/03\/16\/comenzo-el-juicio-por-la-muerte-de-un-adolescente-en-victorica-ocurrida-el-dia-del-amigo\/","og_locale":"es_ES","og_type":"article","og_title":"Comenz\u00f3 el juicio por la muerte de un adolescente en Victorica ocurrida el D\u00eda del Amigo - Diario Textual","og_description":"Este lunes 16 de marzo comenz\u00f3 en General Pico el juicio por el homicidio de un adolescente de 16 a\u00f1os ocurrido el 21 de julio de 2025, durante los festejos&hellip;","og_url":"https:\/\/diariotextual.com\/inicio\/index.php\/2026\/03\/16\/comenzo-el-juicio-por-la-muerte-de-un-adolescente-en-victorica-ocurrida-el-dia-del-amigo\/","og_site_name":"Diario Textual","article_publisher":"https:\/\/www.facebook.com\/eltextual","article_published_time":"2026-03-16T19:25:43+00:00","article_modified_time":"2026-03-16T19:56:38+00:00","og_image":[{"width":805,"height":532,"url":"https:\/\/diariotextual.com\/inicio\/wp-content\/uploads\/2025\/07\/casoramiroasesinatovictorica2025-1.jpg","type":"image\/jpeg"}],"author":"Diario1 Diario1","twitter_card":"summary_large_image","twitter_creator":"@eltextual","twitter_site":"@eltextual","twitter_misc":{"Escrito por":"Diario1 Diario1","Tiempo de lectura":"2 minutos"},"schema":{"@context":"https:\/\/schema.org","@graph":[{"@type":"Article","@id":"https:\/\/diariotextual.com\/inicio\/index.php\/2026\/03\/16\/comenzo-el-juicio-por-la-muerte-de-un-adolescente-en-victorica-ocurrida-el-dia-del-amigo\/#article","isPartOf":{"@id":"https:\/\/diariotextual.com\/inicio\/index.php\/2026\/03\/16\/comenzo-el-juicio-por-la-muerte-de-un-adolescente-en-victorica-ocurrida-el-dia-del-amigo\/"},"author":{"name":"Diario1 Diario1","@id":"https:\/\/diariotextual.com\/inicio\/#\/schema\/person\/418fc4093c33e86ed41562db3508f958"},"headline":"Comenz\u00f3 el juicio por la muerte de un adolescente en Victorica ocurrida el D\u00eda del Amigo","datePublished":"2026-03-16T19:25:43+00:00","dateModified":"2026-03-16T19:56:38+00:00","mainEntityOfPage":{"@id":"https:\/\/diariotextual.com\/inicio\/index.php\/2026\/03\/16\/comenzo-el-juicio-por-la-muerte-de-un-adolescente-en-victorica-ocurrida-el-dia-del-amigo\/"},"wordCount":383,"publisher":{"@id":"https:\/\/diariotextual.com\/inicio\/#organization"},"image":{"@id":"https:\/\/diariotextual.com\/inicio\/index.php\/2026\/03\/16\/comenzo-el-juicio-por-la-muerte-de-un-adolescente-en-victorica-ocurrida-el-dia-del-amigo\/#primaryimage"},"thumbnailUrl":"https:\/\/diariotextual.com\/inicio\/wp-content\/uploads\/2025\/07\/casoramiroasesinatovictorica2025-1.jpg","articleSection":["A - ES NOTICIA (van abajo)","SOCIEDAD"],"inLanguage":"es"},{"@type":"WebPage","@id":"https:\/\/diariotextual.com\/inicio\/index.php\/2026\/03\/16\/comenzo-el-juicio-por-la-muerte-de-un-adolescente-en-victorica-ocurrida-el-dia-del-amigo\/","url":"https:\/\/diariotextual.com\/inicio\/index.php\/2026\/03\/16\/comenzo-el-juicio-por-la-muerte-de-un-adolescente-en-victorica-ocurrida-el-dia-del-amigo\/","name":"Comenz\u00f3 el juicio por la muerte de un adolescente en Victorica ocurrida el D\u00eda del Amigo - Diario Textual","isPartOf":{"@id":"https:\/\/diariotextual.com\/inicio\/#website"},"primaryImageOfPage":{"@id":"https:\/\/diariotextual.com\/inicio\/index.php\/2026\/03\/16\/comenzo-el-juicio-por-la-muerte-de-un-adolescente-en-victorica-ocurrida-el-dia-del-amigo\/#primaryimage"},"image":{"@id":"https:\/\/diariotextual.com\/inicio\/index.php\/2026\/03\/16\/comenzo-el-juicio-por-la-muerte-de-un-adolescente-en-victorica-ocurrida-el-dia-del-amigo\/#primaryimage"},"thumbnailUrl":"https:\/\/diariotextual.com\/inicio\/wp-content\/uploads\/2025\/07\/casoramiroasesinatovictorica2025-1.jpg","datePublished":"2026-03-16T19:25:43+00:00","dateModified":"2026-03-16T19:56:38+00:00","breadcrumb":{"@id":"https:\/\/diariotextual.com\/inicio\/index.php\/2026\/03\/16\/comenzo-el-juicio-por-la-muerte-de-un-adolescente-en-victorica-ocurrida-el-dia-del-amigo\/#breadcrumb"},"inLanguage":"es","potentialAction":[{"@type":"ReadAction","target":["https:\/\/diariotextual.com\/inicio\/index.php\/2026\/03\/16\/comenzo-el-juicio-por-la-muerte-de-un-adolescente-en-victorica-ocurrida-el-dia-del-amigo\/"]}]},{"@type":"ImageObject","inLanguage":"es","@id":"https:\/\/diariotextual.com\/inicio\/index.php\/2026\/03\/16\/comenzo-el-juicio-por-la-muerte-de-un-adolescente-en-victorica-ocurrida-el-dia-del-amigo\/#primaryimage","url":"https:\/\/diariotextual.com\/inicio\/wp-content\/uploads\/2025\/07\/casoramiroasesinatovictorica2025-1.jpg","contentUrl":"https:\/\/diariotextual.com\/inicio\/wp-content\/uploads\/2025\/07\/casoramiroasesinatovictorica2025-1.jpg","width":805,"height":532},{"@type":"BreadcrumbList","@id":"https:\/\/diariotextual.com\/inicio\/index.php\/2026\/03\/16\/comenzo-el-juicio-por-la-muerte-de-un-adolescente-en-victorica-ocurrida-el-dia-del-amigo\/#breadcrumb","itemListElement":[{"@type":"ListItem","position":1,"name":"Portada","item":"https:\/\/diariotextual.com\/inicio\/"},{"@type":"ListItem","position":2,"name":"Comenz\u00f3 el juicio por la muerte de un adolescente en Victorica ocurrida el D\u00eda del Amigo"}]},{"@type":"WebSite","@id":"https:\/\/diariotextual.com\/inicio\/#website","url":"https:\/\/diariotextual.com\/inicio\/","name":"Diario Textual","description":"","publisher":{"@id":"https:\/\/diariotextual.com\/inicio\/#organization"},"potentialAction":[{"@type":"SearchAction","target":{"@type":"EntryPoint","urlTemplate":"https:\/\/diariotextual.com\/inicio\/?s={search_term_string}"},"query-input":{"@type":"PropertyValueSpecification","valueRequired":true,"valueName":"search_term_string"}}],"inLanguage":"es"},{"@type":"Organization","@id":"https:\/\/diariotextual.com\/inicio\/#organization","name":"Diario Textual","url":"https:\/\/diariotextual.com\/inicio\/","logo":{"@type":"ImageObject","inLanguage":"es","@id":"https:\/\/diariotextual.com\/inicio\/#\/schema\/logo\/image\/","url":"https:\/\/diariotextual.com\/inicio\/wp-content\/uploads\/2023\/05\/logotextual1.jpg","contentUrl":"https:\/\/diariotextual.com\/inicio\/wp-content\/uploads\/2023\/05\/logotextual1.jpg","width":516,"height":76,"caption":"Diario Textual"},"image":{"@id":"https:\/\/diariotextual.com\/inicio\/#\/schema\/logo\/image\/"},"sameAs":["https:\/\/www.facebook.com\/eltextual","https:\/\/x.com\/eltextual","http:\/\/www.instagram.com\/eltextual"]},{"@type":"Person","@id":"https:\/\/diariotextual.com\/inicio\/#\/schema\/person\/418fc4093c33e86ed41562db3508f958","name":"Diario1 Diario1","image":{"@type":"ImageObject","inLanguage":"es","@id":"https:\/\/secure.gravatar.com\/avatar\/9167d280179c85bc18be67aa7eda765854300033af4896dd779b608640f2ef7a?s=96&d=mm&r=g","url":"https:\/\/secure.gravatar.com\/avatar\/9167d280179c85bc18be67aa7eda765854300033af4896dd779b608640f2ef7a?s=96&d=mm&r=g","contentUrl":"https:\/\/secure.gravatar.com\/avatar\/9167d280179c85bc18be67aa7eda765854300033af4896dd779b608640f2ef7a?s=96&d=mm&r=g","caption":"Diario1 Diario1"},"url":"https:\/\/diariotextual.com\/inicio\/index.php\/author\/diario1\/"}]}},"_links":{"self":[{"href":"https:\/\/diariotextual.com\/inicio\/index.php\/wp-json\/wp\/v2\/posts\/322430","targetHints":{"allow":["GET"]}}],"collection":[{"href":"https:\/\/diariotextual.com\/inicio\/index.php\/wp-json\/wp\/v2\/posts"}],"about":[{"href":"https:\/\/diariotextual.com\/inicio\/index.php\/wp-json\/wp\/v2\/types\/post"}],"author":[{"embeddable":true,"href":"https:\/\/diariotextual.com\/inicio\/index.php\/wp-json\/wp\/v2\/users\/3"}],"replies":[{"embeddable":true,"href":"https:\/\/diariotextual.com\/inicio\/index.php\/wp-json\/wp\/v2\/comments?post=322430"}],"version-history":[{"count":1,"href":"https:\/\/diariotextual.com\/inicio\/index.php\/wp-json\/wp\/v2\/posts\/322430\/revisions"}],"predecessor-version":[{"id":322431,"href":"https:\/\/diariotextual.com\/inicio\/index.php\/wp-json\/wp\/v2\/posts\/322430\/revisions\/322431"}],"wp:featuredmedia":[{"embeddable":true,"href":"https:\/\/diariotextual.com\/inicio\/index.php\/wp-json\/wp\/v2\/media\/301855"}],"wp:attachment":[{"href":"https:\/\/diariotextual.com\/inicio\/index.php\/wp-json\/wp\/v2\/media?parent=322430"}],"wp:term":[{"taxonomy":"category","embeddable":true,"href":"https:\/\/diariotextual.com\/inicio\/index.php\/wp-json\/wp\/v2\/categories?post=322430"},{"taxonomy":"post_tag","embeddable":true,"href":"https:\/\/diariotextual.com\/inicio\/index.php\/wp-json\/wp\/v2\/tags?post=322430"}],"curies":[{"name":"wp","href":"https:\/\/api.w.org\/{rel}","templated":true}]}}