{"id":322432,"date":"2026-03-16T16:30:30","date_gmt":"2026-03-16T19:30:30","guid":{"rendered":"https:\/\/diariotextual.com\/inicio\/?p=322432"},"modified":"2026-03-16T18:43:17","modified_gmt":"2026-03-16T21:43:17","slug":"encuesta-de-zuban-cordoba-se-desploma-la-imagen-de-milei-y-la-desaprobacion-roza-el-60","status":"publish","type":"post","link":"https:\/\/diariotextual.com\/inicio\/index.php\/2026\/03\/16\/encuesta-de-zuban-cordoba-se-desploma-la-imagen-de-milei-y-la-desaprobacion-roza-el-60\/","title":{"rendered":"Encuesta de Zuban C\u00f3rdoba: se desploma la imagen de Milei y la desaprobaci\u00f3n roza el 60%"},"content":{"rendered":"\n<p>La luna de miel post-electoral parece haber llegado a su fin para el gobierno de Javier Milei. Seg\u00fan los datos del monitor mensual de la consultora<strong> Zuban C\u00f3rdoba<\/strong>, la desaprobaci\u00f3n de la gesti\u00f3n alcanz\u00f3 en marzo el 58,7%, mientras que la aprobaci\u00f3n cay\u00f3 al 35,4%.<\/p>\n\n\n\n<blockquote class=\"twitter-tweet\"><p lang=\"es\" dir=\"ltr\">APROBACI\u00d3N DEL GOBIERNO DE JAVIER MILEI<br><br>Nuevo relevamiento nacional sobre la evaluaci\u00f3n de la gesti\u00f3n presidencial muestran un escenario cada vez m\u00e1s definido. La desaprobaci\u00f3n vuelve a imponerse y marca el clima pol\u00edtico actual.<br><br>Veamos los n\u00fameros &#x1f447; <a href=\"https:\/\/t.co\/QRQJLACX0z\">pic.twitter.com\/QRQJLACX0z<\/a><\/p>&mdash; Zuban Cordoba (@Zuban_Cordoba) <a href=\"https:\/\/twitter.com\/Zuban_Cordoba\/status\/2033589216089710831?ref_src=twsrc%5Etfw\">March 16, 2026<\/a><\/blockquote> <script async src=\"https:\/\/platform.twitter.com\/widgets.js\" charset=\"utf-8\"><\/script>\n\n\n\n<p>El gr\u00e1fico evolutivo muestra un quiebre claro en la tendencia. Si bien tras las elecciones legislativas de octubre de 2025 el gobierno hab\u00eda logrado un repunte significativo -llegando a un escenario de virtual empate t\u00e9cnico en diciembre con un 49,6% de desaprobaci\u00f3n frente a un 48,8% de aprobaci\u00f3n-,&nbsp;<strong>la tendencia se revirti\u00f3 dr\u00e1sticamente en el primer trimestre de 2026.<\/strong><\/p>\n\n\n\n<p>En apenas tres meses, la brecha entre quienes rechazan y quienes apoyan la gesti\u00f3n se estir\u00f3 hasta alcanzar casi los 24 puntos porcentuales, consolidando un saldo neto negativo que no se ve\u00eda desde los meses previos a la contienda electoral del a\u00f1o pasado.<\/p>\n\n\n\n<p>Analistas de la consultora vinculan este marcado descenso a dos ejes principales que han dominado la agenda p\u00fablica en las \u00faltimas semanas:<\/p>\n\n\n\n<ul class=\"wp-block-list\">\n<li>La persistencia de la crisis econ\u00f3mica: El bolsillo sigue siendo el principal sensor de la opini\u00f3n p\u00fablica.<\/li>\n\n\n\n<li>Casos de corrupci\u00f3n: La aparici\u00f3n de nuevas denuncias ha erosionado el capital simb\u00f3lico de la\u00a0<strong><em>\u00abtransparencia\u00bb<\/em><\/strong>\u00a0que el oficialismo esgrim\u00eda como bandera.<\/li>\n<\/ul>\n\n\n\n<p>Otro dato relevante es el crecimiento sostenido de la categor\u00eda \u00abNo sabe\u00bb, que pas\u00f3 de un marginal 0,1% en octubre de 2025 a un 5,9% en la actualidad, sugiriendo un sector del electorado que comienza a tomar distancia de las posiciones polarizadas.<\/p>\n\n\n\n<p><\/p>\n","protected":false},"excerpt":{"rendered":"<p>La luna de miel post-electoral parece haber llegado a su fin para el gobierno de Javier Milei. Seg\u00fan los datos del monitor mensual de la consultora Zuban C\u00f3rdoba, la desaprobaci\u00f3n&hellip;<\/p>\n","protected":false},"author":3,"featured_media":257206,"comment_status":"closed","ping_status":"open","sticky":false,"template":"","format":"standard","meta":{"_acf_changed":false,"footnotes":""},"categories":[1,8],"tags":[],"class_list":["post-322432","post","type-post","status-publish","format-standard","has-post-thumbnail","hentry","category-es-noticia","category-politica"],"acf":[],"yoast_head":"<!-- This site is optimized with the Yoast SEO plugin v27.5 - https:\/\/yoast.com\/product\/yoast-seo-wordpress\/ -->\n<title>Encuesta de Zuban C\u00f3rdoba: se desploma la imagen de Milei y la desaprobaci\u00f3n roza el 60% - Diario Textual<\/title>\n<meta name=\"robots\" content=\"index, follow, max-snippet:-1, max-image-preview:large, max-video-preview:-1\" \/>\n<link rel=\"canonical\" href=\"https:\/\/diariotextual.com\/inicio\/index.php\/2026\/03\/16\/encuesta-de-zuban-cordoba-se-desploma-la-imagen-de-milei-y-la-desaprobacion-roza-el-60\/\" \/>\n<meta property=\"og:locale\" content=\"es_ES\" \/>\n<meta property=\"og:type\" content=\"article\" \/>\n<meta property=\"og:title\" content=\"Encuesta de Zuban C\u00f3rdoba: se desploma la imagen de Milei y la desaprobaci\u00f3n roza el 60% - Diario Textual\" \/>\n<meta property=\"og:description\" content=\"La luna de miel post-electoral parece haber llegado a su fin para el gobierno de Javier Milei. Seg\u00fan los datos del monitor mensual de la consultora Zuban C\u00f3rdoba, la desaprobaci\u00f3n&hellip;\" \/>\n<meta property=\"og:url\" content=\"https:\/\/diariotextual.com\/inicio\/index.php\/2026\/03\/16\/encuesta-de-zuban-cordoba-se-desploma-la-imagen-de-milei-y-la-desaprobacion-roza-el-60\/\" \/>\n<meta property=\"og:site_name\" content=\"Diario Textual\" \/>\n<meta property=\"article:publisher\" content=\"https:\/\/www.facebook.com\/eltextual\" \/>\n<meta property=\"article:published_time\" content=\"2026-03-16T19:30:30+00:00\" \/>\n<meta property=\"article:modified_time\" content=\"2026-03-16T21:43:17+00:00\" \/>\n<meta property=\"og:image\" content=\"https:\/\/diariotextual.com\/inicio\/wp-content\/uploads\/2024\/03\/mileijavierperrosclonados2024-7.jpg\" \/>\n\t<meta property=\"og:image:width\" content=\"770\" \/>\n\t<meta property=\"og:image:height\" content=\"440\" \/>\n\t<meta property=\"og:image:type\" content=\"image\/jpeg\" \/>\n<meta name=\"author\" content=\"Diario1 Diario1\" \/>\n<meta name=\"twitter:card\" content=\"summary_large_image\" \/>\n<meta name=\"twitter:creator\" content=\"@eltextual\" \/>\n<meta name=\"twitter:site\" content=\"@eltextual\" \/>\n<meta name=\"twitter:label1\" content=\"Escrito por\" \/>\n\t<meta name=\"twitter:data1\" content=\"Diario1 Diario1\" \/>\n\t<meta name=\"twitter:label2\" content=\"Tiempo de lectura\" \/>\n\t<meta name=\"twitter:data2\" content=\"2 minutos\" \/>\n<script type=\"application\/ld+json\" class=\"yoast-schema-graph\">{\"@context\":\"https:\\\/\\\/schema.org\",\"@graph\":[{\"@type\":\"Article\",\"@id\":\"https:\\\/\\\/diariotextual.com\\\/inicio\\\/index.php\\\/2026\\\/03\\\/16\\\/encuesta-de-zuban-cordoba-se-desploma-la-imagen-de-milei-y-la-desaprobacion-roza-el-60\\\/#article\",\"isPartOf\":{\"@id\":\"https:\\\/\\\/diariotextual.com\\\/inicio\\\/index.php\\\/2026\\\/03\\\/16\\\/encuesta-de-zuban-cordoba-se-desploma-la-imagen-de-milei-y-la-desaprobacion-roza-el-60\\\/\"},\"author\":{\"name\":\"Diario1 Diario1\",\"@id\":\"https:\\\/\\\/diariotextual.com\\\/inicio\\\/#\\\/schema\\\/person\\\/418fc4093c33e86ed41562db3508f958\"},\"headline\":\"Encuesta de Zuban C\u00f3rdoba: se desploma la imagen de Milei y la desaprobaci\u00f3n roza el 60%\",\"datePublished\":\"2026-03-16T19:30:30+00:00\",\"dateModified\":\"2026-03-16T21:43:17+00:00\",\"mainEntityOfPage\":{\"@id\":\"https:\\\/\\\/diariotextual.com\\\/inicio\\\/index.php\\\/2026\\\/03\\\/16\\\/encuesta-de-zuban-cordoba-se-desploma-la-imagen-de-milei-y-la-desaprobacion-roza-el-60\\\/\"},\"wordCount\":338,\"publisher\":{\"@id\":\"https:\\\/\\\/diariotextual.com\\\/inicio\\\/#organization\"},\"image\":{\"@id\":\"https:\\\/\\\/diariotextual.com\\\/inicio\\\/index.php\\\/2026\\\/03\\\/16\\\/encuesta-de-zuban-cordoba-se-desploma-la-imagen-de-milei-y-la-desaprobacion-roza-el-60\\\/#primaryimage\"},\"thumbnailUrl\":\"https:\\\/\\\/diariotextual.com\\\/inicio\\\/wp-content\\\/uploads\\\/2024\\\/03\\\/mileijavierperrosclonados2024-7.jpg\",\"articleSection\":[\"A - ES NOTICIA (van abajo)\",\"POLITICA\"],\"inLanguage\":\"es\"},{\"@type\":\"WebPage\",\"@id\":\"https:\\\/\\\/diariotextual.com\\\/inicio\\\/index.php\\\/2026\\\/03\\\/16\\\/encuesta-de-zuban-cordoba-se-desploma-la-imagen-de-milei-y-la-desaprobacion-roza-el-60\\\/\",\"url\":\"https:\\\/\\\/diariotextual.com\\\/inicio\\\/index.php\\\/2026\\\/03\\\/16\\\/encuesta-de-zuban-cordoba-se-desploma-la-imagen-de-milei-y-la-desaprobacion-roza-el-60\\\/\",\"name\":\"Encuesta de Zuban C\u00f3rdoba: se desploma la imagen de Milei y la desaprobaci\u00f3n roza el 60% - Diario Textual\",\"isPartOf\":{\"@id\":\"https:\\\/\\\/diariotextual.com\\\/inicio\\\/#website\"},\"primaryImageOfPage\":{\"@id\":\"https:\\\/\\\/diariotextual.com\\\/inicio\\\/index.php\\\/2026\\\/03\\\/16\\\/encuesta-de-zuban-cordoba-se-desploma-la-imagen-de-milei-y-la-desaprobacion-roza-el-60\\\/#primaryimage\"},\"image\":{\"@id\":\"https:\\\/\\\/diariotextual.com\\\/inicio\\\/index.php\\\/2026\\\/03\\\/16\\\/encuesta-de-zuban-cordoba-se-desploma-la-imagen-de-milei-y-la-desaprobacion-roza-el-60\\\/#primaryimage\"},\"thumbnailUrl\":\"https:\\\/\\\/diariotextual.com\\\/inicio\\\/wp-content\\\/uploads\\\/2024\\\/03\\\/mileijavierperrosclonados2024-7.jpg\",\"datePublished\":\"2026-03-16T19:30:30+00:00\",\"dateModified\":\"2026-03-16T21:43:17+00:00\",\"breadcrumb\":{\"@id\":\"https:\\\/\\\/diariotextual.com\\\/inicio\\\/index.php\\\/2026\\\/03\\\/16\\\/encuesta-de-zuban-cordoba-se-desploma-la-imagen-de-milei-y-la-desaprobacion-roza-el-60\\\/#breadcrumb\"},\"inLanguage\":\"es\",\"potentialAction\":[{\"@type\":\"ReadAction\",\"target\":[\"https:\\\/\\\/diariotextual.com\\\/inicio\\\/index.php\\\/2026\\\/03\\\/16\\\/encuesta-de-zuban-cordoba-se-desploma-la-imagen-de-milei-y-la-desaprobacion-roza-el-60\\\/\"]}]},{\"@type\":\"ImageObject\",\"inLanguage\":\"es\",\"@id\":\"https:\\\/\\\/diariotextual.com\\\/inicio\\\/index.php\\\/2026\\\/03\\\/16\\\/encuesta-de-zuban-cordoba-se-desploma-la-imagen-de-milei-y-la-desaprobacion-roza-el-60\\\/#primaryimage\",\"url\":\"https:\\\/\\\/diariotextual.com\\\/inicio\\\/wp-content\\\/uploads\\\/2024\\\/03\\\/mileijavierperrosclonados2024-7.jpg\",\"contentUrl\":\"https:\\\/\\\/diariotextual.com\\\/inicio\\\/wp-content\\\/uploads\\\/2024\\\/03\\\/mileijavierperrosclonados2024-7.jpg\",\"width\":770,\"height\":440},{\"@type\":\"BreadcrumbList\",\"@id\":\"https:\\\/\\\/diariotextual.com\\\/inicio\\\/index.php\\\/2026\\\/03\\\/16\\\/encuesta-de-zuban-cordoba-se-desploma-la-imagen-de-milei-y-la-desaprobacion-roza-el-60\\\/#breadcrumb\",\"itemListElement\":[{\"@type\":\"ListItem\",\"position\":1,\"name\":\"Portada\",\"item\":\"https:\\\/\\\/diariotextual.com\\\/inicio\\\/\"},{\"@type\":\"ListItem\",\"position\":2,\"name\":\"Encuesta de Zuban C\u00f3rdoba: se desploma la imagen de Milei y la desaprobaci\u00f3n roza el 60%\"}]},{\"@type\":\"WebSite\",\"@id\":\"https:\\\/\\\/diariotextual.com\\\/inicio\\\/#website\",\"url\":\"https:\\\/\\\/diariotextual.com\\\/inicio\\\/\",\"name\":\"Diario Textual\",\"description\":\"\",\"publisher\":{\"@id\":\"https:\\\/\\\/diariotextual.com\\\/inicio\\\/#organization\"},\"potentialAction\":[{\"@type\":\"SearchAction\",\"target\":{\"@type\":\"EntryPoint\",\"urlTemplate\":\"https:\\\/\\\/diariotextual.com\\\/inicio\\\/?s={search_term_string}\"},\"query-input\":{\"@type\":\"PropertyValueSpecification\",\"valueRequired\":true,\"valueName\":\"search_term_string\"}}],\"inLanguage\":\"es\"},{\"@type\":\"Organization\",\"@id\":\"https:\\\/\\\/diariotextual.com\\\/inicio\\\/#organization\",\"name\":\"Diario Textual\",\"url\":\"https:\\\/\\\/diariotextual.com\\\/inicio\\\/\",\"logo\":{\"@type\":\"ImageObject\",\"inLanguage\":\"es\",\"@id\":\"https:\\\/\\\/diariotextual.com\\\/inicio\\\/#\\\/schema\\\/logo\\\/image\\\/\",\"url\":\"https:\\\/\\\/diariotextual.com\\\/inicio\\\/wp-content\\\/uploads\\\/2023\\\/05\\\/logotextual1.jpg\",\"contentUrl\":\"https:\\\/\\\/diariotextual.com\\\/inicio\\\/wp-content\\\/uploads\\\/2023\\\/05\\\/logotextual1.jpg\",\"width\":516,\"height\":76,\"caption\":\"Diario Textual\"},\"image\":{\"@id\":\"https:\\\/\\\/diariotextual.com\\\/inicio\\\/#\\\/schema\\\/logo\\\/image\\\/\"},\"sameAs\":[\"https:\\\/\\\/www.facebook.com\\\/eltextual\",\"https:\\\/\\\/x.com\\\/eltextual\",\"http:\\\/\\\/www.instagram.com\\\/eltextual\"]},{\"@type\":\"Person\",\"@id\":\"https:\\\/\\\/diariotextual.com\\\/inicio\\\/#\\\/schema\\\/person\\\/418fc4093c33e86ed41562db3508f958\",\"name\":\"Diario1 Diario1\",\"image\":{\"@type\":\"ImageObject\",\"inLanguage\":\"es\",\"@id\":\"https:\\\/\\\/secure.gravatar.com\\\/avatar\\\/9167d280179c85bc18be67aa7eda765854300033af4896dd779b608640f2ef7a?s=96&d=mm&r=g\",\"url\":\"https:\\\/\\\/secure.gravatar.com\\\/avatar\\\/9167d280179c85bc18be67aa7eda765854300033af4896dd779b608640f2ef7a?s=96&d=mm&r=g\",\"contentUrl\":\"https:\\\/\\\/secure.gravatar.com\\\/avatar\\\/9167d280179c85bc18be67aa7eda765854300033af4896dd779b608640f2ef7a?s=96&d=mm&r=g\",\"caption\":\"Diario1 Diario1\"},\"url\":\"https:\\\/\\\/diariotextual.com\\\/inicio\\\/index.php\\\/author\\\/diario1\\\/\"}]}<\/script>\n<!-- \/ Yoast SEO plugin. -->","yoast_head_json":{"title":"Encuesta de Zuban C\u00f3rdoba: se desploma la imagen de Milei y la desaprobaci\u00f3n roza el 60% - Diario Textual","robots":{"index":"index","follow":"follow","max-snippet":"max-snippet:-1","max-image-preview":"max-image-preview:large","max-video-preview":"max-video-preview:-1"},"canonical":"https:\/\/diariotextual.com\/inicio\/index.php\/2026\/03\/16\/encuesta-de-zuban-cordoba-se-desploma-la-imagen-de-milei-y-la-desaprobacion-roza-el-60\/","og_locale":"es_ES","og_type":"article","og_title":"Encuesta de Zuban C\u00f3rdoba: se desploma la imagen de Milei y la desaprobaci\u00f3n roza el 60% - Diario Textual","og_description":"La luna de miel post-electoral parece haber llegado a su fin para el gobierno de Javier Milei. Seg\u00fan los datos del monitor mensual de la consultora Zuban C\u00f3rdoba, la desaprobaci\u00f3n&hellip;","og_url":"https:\/\/diariotextual.com\/inicio\/index.php\/2026\/03\/16\/encuesta-de-zuban-cordoba-se-desploma-la-imagen-de-milei-y-la-desaprobacion-roza-el-60\/","og_site_name":"Diario Textual","article_publisher":"https:\/\/www.facebook.com\/eltextual","article_published_time":"2026-03-16T19:30:30+00:00","article_modified_time":"2026-03-16T21:43:17+00:00","og_image":[{"width":770,"height":440,"url":"https:\/\/diariotextual.com\/inicio\/wp-content\/uploads\/2024\/03\/mileijavierperrosclonados2024-7.jpg","type":"image\/jpeg"}],"author":"Diario1 Diario1","twitter_card":"summary_large_image","twitter_creator":"@eltextual","twitter_site":"@eltextual","twitter_misc":{"Escrito por":"Diario1 Diario1","Tiempo de lectura":"2 minutos"},"schema":{"@context":"https:\/\/schema.org","@graph":[{"@type":"Article","@id":"https:\/\/diariotextual.com\/inicio\/index.php\/2026\/03\/16\/encuesta-de-zuban-cordoba-se-desploma-la-imagen-de-milei-y-la-desaprobacion-roza-el-60\/#article","isPartOf":{"@id":"https:\/\/diariotextual.com\/inicio\/index.php\/2026\/03\/16\/encuesta-de-zuban-cordoba-se-desploma-la-imagen-de-milei-y-la-desaprobacion-roza-el-60\/"},"author":{"name":"Diario1 Diario1","@id":"https:\/\/diariotextual.com\/inicio\/#\/schema\/person\/418fc4093c33e86ed41562db3508f958"},"headline":"Encuesta de Zuban C\u00f3rdoba: se desploma la imagen de Milei y la desaprobaci\u00f3n roza el 60%","datePublished":"2026-03-16T19:30:30+00:00","dateModified":"2026-03-16T21:43:17+00:00","mainEntityOfPage":{"@id":"https:\/\/diariotextual.com\/inicio\/index.php\/2026\/03\/16\/encuesta-de-zuban-cordoba-se-desploma-la-imagen-de-milei-y-la-desaprobacion-roza-el-60\/"},"wordCount":338,"publisher":{"@id":"https:\/\/diariotextual.com\/inicio\/#organization"},"image":{"@id":"https:\/\/diariotextual.com\/inicio\/index.php\/2026\/03\/16\/encuesta-de-zuban-cordoba-se-desploma-la-imagen-de-milei-y-la-desaprobacion-roza-el-60\/#primaryimage"},"thumbnailUrl":"https:\/\/diariotextual.com\/inicio\/wp-content\/uploads\/2024\/03\/mileijavierperrosclonados2024-7.jpg","articleSection":["A - ES NOTICIA (van abajo)","POLITICA"],"inLanguage":"es"},{"@type":"WebPage","@id":"https:\/\/diariotextual.com\/inicio\/index.php\/2026\/03\/16\/encuesta-de-zuban-cordoba-se-desploma-la-imagen-de-milei-y-la-desaprobacion-roza-el-60\/","url":"https:\/\/diariotextual.com\/inicio\/index.php\/2026\/03\/16\/encuesta-de-zuban-cordoba-se-desploma-la-imagen-de-milei-y-la-desaprobacion-roza-el-60\/","name":"Encuesta de Zuban C\u00f3rdoba: se desploma la imagen de Milei y la desaprobaci\u00f3n roza el 60% - Diario Textual","isPartOf":{"@id":"https:\/\/diariotextual.com\/inicio\/#website"},"primaryImageOfPage":{"@id":"https:\/\/diariotextual.com\/inicio\/index.php\/2026\/03\/16\/encuesta-de-zuban-cordoba-se-desploma-la-imagen-de-milei-y-la-desaprobacion-roza-el-60\/#primaryimage"},"image":{"@id":"https:\/\/diariotextual.com\/inicio\/index.php\/2026\/03\/16\/encuesta-de-zuban-cordoba-se-desploma-la-imagen-de-milei-y-la-desaprobacion-roza-el-60\/#primaryimage"},"thumbnailUrl":"https:\/\/diariotextual.com\/inicio\/wp-content\/uploads\/2024\/03\/mileijavierperrosclonados2024-7.jpg","datePublished":"2026-03-16T19:30:30+00:00","dateModified":"2026-03-16T21:43:17+00:00","breadcrumb":{"@id":"https:\/\/diariotextual.com\/inicio\/index.php\/2026\/03\/16\/encuesta-de-zuban-cordoba-se-desploma-la-imagen-de-milei-y-la-desaprobacion-roza-el-60\/#breadcrumb"},"inLanguage":"es","potentialAction":[{"@type":"ReadAction","target":["https:\/\/diariotextual.com\/inicio\/index.php\/2026\/03\/16\/encuesta-de-zuban-cordoba-se-desploma-la-imagen-de-milei-y-la-desaprobacion-roza-el-60\/"]}]},{"@type":"ImageObject","inLanguage":"es","@id":"https:\/\/diariotextual.com\/inicio\/index.php\/2026\/03\/16\/encuesta-de-zuban-cordoba-se-desploma-la-imagen-de-milei-y-la-desaprobacion-roza-el-60\/#primaryimage","url":"https:\/\/diariotextual.com\/inicio\/wp-content\/uploads\/2024\/03\/mileijavierperrosclonados2024-7.jpg","contentUrl":"https:\/\/diariotextual.com\/inicio\/wp-content\/uploads\/2024\/03\/mileijavierperrosclonados2024-7.jpg","width":770,"height":440},{"@type":"BreadcrumbList","@id":"https:\/\/diariotextual.com\/inicio\/index.php\/2026\/03\/16\/encuesta-de-zuban-cordoba-se-desploma-la-imagen-de-milei-y-la-desaprobacion-roza-el-60\/#breadcrumb","itemListElement":[{"@type":"ListItem","position":1,"name":"Portada","item":"https:\/\/diariotextual.com\/inicio\/"},{"@type":"ListItem","position":2,"name":"Encuesta de Zuban C\u00f3rdoba: se desploma la imagen de Milei y la desaprobaci\u00f3n roza el 60%"}]},{"@type":"WebSite","@id":"https:\/\/diariotextual.com\/inicio\/#website","url":"https:\/\/diariotextual.com\/inicio\/","name":"Diario Textual","description":"","publisher":{"@id":"https:\/\/diariotextual.com\/inicio\/#organization"},"potentialAction":[{"@type":"SearchAction","target":{"@type":"EntryPoint","urlTemplate":"https:\/\/diariotextual.com\/inicio\/?s={search_term_string}"},"query-input":{"@type":"PropertyValueSpecification","valueRequired":true,"valueName":"search_term_string"}}],"inLanguage":"es"},{"@type":"Organization","@id":"https:\/\/diariotextual.com\/inicio\/#organization","name":"Diario Textual","url":"https:\/\/diariotextual.com\/inicio\/","logo":{"@type":"ImageObject","inLanguage":"es","@id":"https:\/\/diariotextual.com\/inicio\/#\/schema\/logo\/image\/","url":"https:\/\/diariotextual.com\/inicio\/wp-content\/uploads\/2023\/05\/logotextual1.jpg","contentUrl":"https:\/\/diariotextual.com\/inicio\/wp-content\/uploads\/2023\/05\/logotextual1.jpg","width":516,"height":76,"caption":"Diario Textual"},"image":{"@id":"https:\/\/diariotextual.com\/inicio\/#\/schema\/logo\/image\/"},"sameAs":["https:\/\/www.facebook.com\/eltextual","https:\/\/x.com\/eltextual","http:\/\/www.instagram.com\/eltextual"]},{"@type":"Person","@id":"https:\/\/diariotextual.com\/inicio\/#\/schema\/person\/418fc4093c33e86ed41562db3508f958","name":"Diario1 Diario1","image":{"@type":"ImageObject","inLanguage":"es","@id":"https:\/\/secure.gravatar.com\/avatar\/9167d280179c85bc18be67aa7eda765854300033af4896dd779b608640f2ef7a?s=96&d=mm&r=g","url":"https:\/\/secure.gravatar.com\/avatar\/9167d280179c85bc18be67aa7eda765854300033af4896dd779b608640f2ef7a?s=96&d=mm&r=g","contentUrl":"https:\/\/secure.gravatar.com\/avatar\/9167d280179c85bc18be67aa7eda765854300033af4896dd779b608640f2ef7a?s=96&d=mm&r=g","caption":"Diario1 Diario1"},"url":"https:\/\/diariotextual.com\/inicio\/index.php\/author\/diario1\/"}]}},"_links":{"self":[{"href":"https:\/\/diariotextual.com\/inicio\/index.php\/wp-json\/wp\/v2\/posts\/322432","targetHints":{"allow":["GET"]}}],"collection":[{"href":"https:\/\/diariotextual.com\/inicio\/index.php\/wp-json\/wp\/v2\/posts"}],"about":[{"href":"https:\/\/diariotextual.com\/inicio\/index.php\/wp-json\/wp\/v2\/types\/post"}],"author":[{"embeddable":true,"href":"https:\/\/diariotextual.com\/inicio\/index.php\/wp-json\/wp\/v2\/users\/3"}],"replies":[{"embeddable":true,"href":"https:\/\/diariotextual.com\/inicio\/index.php\/wp-json\/wp\/v2\/comments?post=322432"}],"version-history":[{"count":2,"href":"https:\/\/diariotextual.com\/inicio\/index.php\/wp-json\/wp\/v2\/posts\/322432\/revisions"}],"predecessor-version":[{"id":322434,"href":"https:\/\/diariotextual.com\/inicio\/index.php\/wp-json\/wp\/v2\/posts\/322432\/revisions\/322434"}],"wp:featuredmedia":[{"embeddable":true,"href":"https:\/\/diariotextual.com\/inicio\/index.php\/wp-json\/wp\/v2\/media\/257206"}],"wp:attachment":[{"href":"https:\/\/diariotextual.com\/inicio\/index.php\/wp-json\/wp\/v2\/media?parent=322432"}],"wp:term":[{"taxonomy":"category","embeddable":true,"href":"https:\/\/diariotextual.com\/inicio\/index.php\/wp-json\/wp\/v2\/categories?post=322432"},{"taxonomy":"post_tag","embeddable":true,"href":"https:\/\/diariotextual.com\/inicio\/index.php\/wp-json\/wp\/v2\/tags?post=322432"}],"curies":[{"name":"wp","href":"https:\/\/api.w.org\/{rel}","templated":true}]}}