{"id":322438,"date":"2026-03-16T16:41:36","date_gmt":"2026-03-16T19:41:36","guid":{"rendered":"https:\/\/diariotextual.com\/inicio\/?p=322438"},"modified":"2026-03-17T05:07:58","modified_gmt":"2026-03-17T08:07:58","slug":"la-comision-libra-denunciara-al-fiscal-taiano-por-encubrimiento-y-pedira-explicaciones-a-los-milei","status":"publish","type":"post","link":"https:\/\/diariotextual.com\/inicio\/index.php\/2026\/03\/16\/la-comision-libra-denunciara-al-fiscal-taiano-por-encubrimiento-y-pedira-explicaciones-a-los-milei\/","title":{"rendered":"La Comisi\u00f3n Libra denunciar\u00e1 al fiscal Taiano por \u201cencubrimiento\u201d y pedir\u00e1 explicaciones a los Milei"},"content":{"rendered":"\n<p>El presidente de la Comisi\u00f3n Libra de la C\u00e1mara de Diputados,&nbsp;<strong>Maximiliano Ferraro<\/strong>, sostuvo este lunes que el caso Libra es una<strong>&nbsp;\u201cestafa y un hecho de corrupci\u00f3n millonario\u201d<\/strong>, adem\u00e1s de \u201cuna clara malversaci\u00f3n de la investidura presidencial que reviste una gravedad enorme desde el punto de vista institucional\u201d.<\/p>\n\n\n\n<p>\u201cLibra tuvo como protagonista y part\u00edcipe necesario al presidente\u201d, advirti\u00f3 Ferraro al encabezar una conferencia de prensa en la C\u00e1mara de Diputados.<\/p>\n\n\n\n<p>Los integrantes de la Comisi\u00f3n Investigadora Libra anunciaron que resolvieron denunciar al fiscal\u00a0<strong>Eduardo Taiano<\/strong>\u00a0ante el Ministerio P\u00fablico Fiscal por \u201centorpecer la causa\u201d y requerir que el presidente<strong>\u00a0Javier Milei\u00a0<\/strong>y la secretaria general de la Presidencia,\u00a0<strong>Karina Milei<\/strong>, \u201cden las explicaciones que tienen que dar\u201d, por lo que se presentar\u00e1 un \u201cproyecto de resoluci\u00f3n por escrito al Poder Ejecutivo para que todos los funcionarios involucrados\u201d respondan sobre el caso.<\/p>\n\n\n\n<p>\u201cVamos a presentar un pedido de informes por escrito al Poder Ejecutivo Nacional para que todos los funcionarios involucrados en las relevaciones period\u00edsticas recientes (Javier Milei, Karina Milei,<strong>&nbsp;Santiago Caputo<\/strong>&nbsp;y&nbsp;<strong>Demian Reidel<\/strong>) expliquen cu\u00e1l fue el contenido de sus conversaciones telef\u00f3nicas con&nbsp;<strong>Mauricio Novelli\u201d<\/strong>, expres\u00f3 Ferraro.<\/p>\n\n\n\n<p>Tambi\u00e9n decidieron los legisladores opositores pedir la interpelaci\u00f3n del jefe de Gabinete,&nbsp;<strong>Manuel Adorni<\/strong>, y de Karina Milei, seg\u00fan detall\u00f3 Ferraro.<\/p>\n\n\n\n<p><strong>\u201cKarina Milei no solamente porque autoriz\u00f3 las reuniones con los involucrados sino porque habl\u00f3 por tel\u00e9fono con Novelli antes y despu\u00e9s del lanzamiento del token Libra\u201d<\/strong>, consign\u00f3.<\/p>\n\n\n\n<p>Adem\u00e1s la comisi\u00f3n resolvi\u00f3 \u201cevaluar una segunda etapa investigativa en la C\u00e1mara de Diputados y continuar delimitando las responsabilidades pol\u00edticas del presidente de Milei y sus funcionarios en el caso\u201d.<\/p>\n\n\n\n<p>Tambi\u00e9n expres\u00f3 Ferraro el repudio del cuerpo a \u201clos atentados del presidente contra la prensa\u201d.<\/p>\n\n\n\n<p>\u201cVamos a exigir que se re\u00fana de manera inmediata la Comisi\u00f3n de Libertad de Expresi\u00f3n convocando a periodistas\u201d, anticip\u00f3.<\/p>\n\n\n\n<p><strong>\u201cMafioso es el Gobierno que amedrenta al periodismo para cumplir con el objetivo de silenciarlo<\/strong>\u201d, agreg\u00f3.<\/p>\n\n\n\n<p><\/p>\n","protected":false},"excerpt":{"rendered":"<p>El presidente de la Comisi\u00f3n Libra de la C\u00e1mara de Diputados,&nbsp;Maximiliano Ferraro, sostuvo este lunes que el caso Libra es una&nbsp;\u201cestafa y un hecho de corrupci\u00f3n millonario\u201d, adem\u00e1s de \u201cuna&hellip;<\/p>\n","protected":false},"author":3,"featured_media":322443,"comment_status":"closed","ping_status":"open","sticky":false,"template":"","format":"standard","meta":{"_acf_changed":false,"footnotes":""},"categories":[1,8],"tags":[],"class_list":["post-322438","post","type-post","status-publish","format-standard","has-post-thumbnail","hentry","category-es-noticia","category-politica"],"acf":[],"yoast_head":"<!-- This site is optimized with the Yoast SEO plugin v27.5 - https:\/\/yoast.com\/product\/yoast-seo-wordpress\/ -->\n<title>La Comisi\u00f3n Libra denunciar\u00e1 al fiscal Taiano por \u201cencubrimiento\u201d y pedir\u00e1 explicaciones a los Milei - Diario Textual<\/title>\n<meta name=\"robots\" content=\"index, follow, max-snippet:-1, max-image-preview:large, max-video-preview:-1\" \/>\n<link rel=\"canonical\" href=\"https:\/\/diariotextual.com\/inicio\/index.php\/2026\/03\/16\/la-comision-libra-denunciara-al-fiscal-taiano-por-encubrimiento-y-pedira-explicaciones-a-los-milei\/\" \/>\n<meta property=\"og:locale\" content=\"es_ES\" \/>\n<meta property=\"og:type\" content=\"article\" \/>\n<meta property=\"og:title\" content=\"La Comisi\u00f3n Libra denunciar\u00e1 al fiscal Taiano por \u201cencubrimiento\u201d y pedir\u00e1 explicaciones a los Milei - Diario Textual\" \/>\n<meta property=\"og:description\" content=\"El presidente de la Comisi\u00f3n Libra de la C\u00e1mara de Diputados,&nbsp;Maximiliano Ferraro, sostuvo este lunes que el caso Libra es una&nbsp;\u201cestafa y un hecho de corrupci\u00f3n millonario\u201d, adem\u00e1s de \u201cuna&hellip;\" \/>\n<meta property=\"og:url\" content=\"https:\/\/diariotextual.com\/inicio\/index.php\/2026\/03\/16\/la-comision-libra-denunciara-al-fiscal-taiano-por-encubrimiento-y-pedira-explicaciones-a-los-milei\/\" \/>\n<meta property=\"og:site_name\" content=\"Diario Textual\" \/>\n<meta property=\"article:publisher\" content=\"https:\/\/www.facebook.com\/eltextual\" \/>\n<meta property=\"article:published_time\" content=\"2026-03-16T19:41:36+00:00\" \/>\n<meta property=\"article:modified_time\" content=\"2026-03-17T08:07:58+00:00\" \/>\n<meta property=\"og:image\" content=\"https:\/\/diariotextual.com\/inicio\/wp-content\/uploads\/2026\/03\/ferraromarino2026.webp\" \/>\n\t<meta property=\"og:image:width\" content=\"1080\" \/>\n\t<meta property=\"og:image:height\" content=\"720\" \/>\n\t<meta property=\"og:image:type\" content=\"image\/webp\" \/>\n<meta name=\"author\" content=\"Diario1 Diario1\" \/>\n<meta name=\"twitter:card\" content=\"summary_large_image\" \/>\n<meta name=\"twitter:creator\" content=\"@eltextual\" \/>\n<meta name=\"twitter:site\" content=\"@eltextual\" \/>\n<meta name=\"twitter:label1\" content=\"Escrito por\" \/>\n\t<meta name=\"twitter:data1\" content=\"Diario1 Diario1\" \/>\n\t<meta name=\"twitter:label2\" content=\"Tiempo de lectura\" \/>\n\t<meta name=\"twitter:data2\" content=\"2 minutos\" \/>\n<script type=\"application\/ld+json\" class=\"yoast-schema-graph\">{\"@context\":\"https:\\\/\\\/schema.org\",\"@graph\":[{\"@type\":\"Article\",\"@id\":\"https:\\\/\\\/diariotextual.com\\\/inicio\\\/index.php\\\/2026\\\/03\\\/16\\\/la-comision-libra-denunciara-al-fiscal-taiano-por-encubrimiento-y-pedira-explicaciones-a-los-milei\\\/#article\",\"isPartOf\":{\"@id\":\"https:\\\/\\\/diariotextual.com\\\/inicio\\\/index.php\\\/2026\\\/03\\\/16\\\/la-comision-libra-denunciara-al-fiscal-taiano-por-encubrimiento-y-pedira-explicaciones-a-los-milei\\\/\"},\"author\":{\"name\":\"Diario1 Diario1\",\"@id\":\"https:\\\/\\\/diariotextual.com\\\/inicio\\\/#\\\/schema\\\/person\\\/418fc4093c33e86ed41562db3508f958\"},\"headline\":\"La Comisi\u00f3n Libra denunciar\u00e1 al fiscal Taiano por \u201cencubrimiento\u201d y pedir\u00e1 explicaciones a los Milei\",\"datePublished\":\"2026-03-16T19:41:36+00:00\",\"dateModified\":\"2026-03-17T08:07:58+00:00\",\"mainEntityOfPage\":{\"@id\":\"https:\\\/\\\/diariotextual.com\\\/inicio\\\/index.php\\\/2026\\\/03\\\/16\\\/la-comision-libra-denunciara-al-fiscal-taiano-por-encubrimiento-y-pedira-explicaciones-a-los-milei\\\/\"},\"wordCount\":366,\"publisher\":{\"@id\":\"https:\\\/\\\/diariotextual.com\\\/inicio\\\/#organization\"},\"image\":{\"@id\":\"https:\\\/\\\/diariotextual.com\\\/inicio\\\/index.php\\\/2026\\\/03\\\/16\\\/la-comision-libra-denunciara-al-fiscal-taiano-por-encubrimiento-y-pedira-explicaciones-a-los-milei\\\/#primaryimage\"},\"thumbnailUrl\":\"https:\\\/\\\/diariotextual.com\\\/inicio\\\/wp-content\\\/uploads\\\/2026\\\/03\\\/ferraromarino2026.webp\",\"articleSection\":[\"A - ES NOTICIA (van abajo)\",\"POLITICA\"],\"inLanguage\":\"es\"},{\"@type\":\"WebPage\",\"@id\":\"https:\\\/\\\/diariotextual.com\\\/inicio\\\/index.php\\\/2026\\\/03\\\/16\\\/la-comision-libra-denunciara-al-fiscal-taiano-por-encubrimiento-y-pedira-explicaciones-a-los-milei\\\/\",\"url\":\"https:\\\/\\\/diariotextual.com\\\/inicio\\\/index.php\\\/2026\\\/03\\\/16\\\/la-comision-libra-denunciara-al-fiscal-taiano-por-encubrimiento-y-pedira-explicaciones-a-los-milei\\\/\",\"name\":\"La Comisi\u00f3n Libra denunciar\u00e1 al fiscal Taiano por \u201cencubrimiento\u201d y pedir\u00e1 explicaciones a los Milei - Diario Textual\",\"isPartOf\":{\"@id\":\"https:\\\/\\\/diariotextual.com\\\/inicio\\\/#website\"},\"primaryImageOfPage\":{\"@id\":\"https:\\\/\\\/diariotextual.com\\\/inicio\\\/index.php\\\/2026\\\/03\\\/16\\\/la-comision-libra-denunciara-al-fiscal-taiano-por-encubrimiento-y-pedira-explicaciones-a-los-milei\\\/#primaryimage\"},\"image\":{\"@id\":\"https:\\\/\\\/diariotextual.com\\\/inicio\\\/index.php\\\/2026\\\/03\\\/16\\\/la-comision-libra-denunciara-al-fiscal-taiano-por-encubrimiento-y-pedira-explicaciones-a-los-milei\\\/#primaryimage\"},\"thumbnailUrl\":\"https:\\\/\\\/diariotextual.com\\\/inicio\\\/wp-content\\\/uploads\\\/2026\\\/03\\\/ferraromarino2026.webp\",\"datePublished\":\"2026-03-16T19:41:36+00:00\",\"dateModified\":\"2026-03-17T08:07:58+00:00\",\"breadcrumb\":{\"@id\":\"https:\\\/\\\/diariotextual.com\\\/inicio\\\/index.php\\\/2026\\\/03\\\/16\\\/la-comision-libra-denunciara-al-fiscal-taiano-por-encubrimiento-y-pedira-explicaciones-a-los-milei\\\/#breadcrumb\"},\"inLanguage\":\"es\",\"potentialAction\":[{\"@type\":\"ReadAction\",\"target\":[\"https:\\\/\\\/diariotextual.com\\\/inicio\\\/index.php\\\/2026\\\/03\\\/16\\\/la-comision-libra-denunciara-al-fiscal-taiano-por-encubrimiento-y-pedira-explicaciones-a-los-milei\\\/\"]}]},{\"@type\":\"ImageObject\",\"inLanguage\":\"es\",\"@id\":\"https:\\\/\\\/diariotextual.com\\\/inicio\\\/index.php\\\/2026\\\/03\\\/16\\\/la-comision-libra-denunciara-al-fiscal-taiano-por-encubrimiento-y-pedira-explicaciones-a-los-milei\\\/#primaryimage\",\"url\":\"https:\\\/\\\/diariotextual.com\\\/inicio\\\/wp-content\\\/uploads\\\/2026\\\/03\\\/ferraromarino2026.webp\",\"contentUrl\":\"https:\\\/\\\/diariotextual.com\\\/inicio\\\/wp-content\\\/uploads\\\/2026\\\/03\\\/ferraromarino2026.webp\",\"width\":1080,\"height\":720},{\"@type\":\"BreadcrumbList\",\"@id\":\"https:\\\/\\\/diariotextual.com\\\/inicio\\\/index.php\\\/2026\\\/03\\\/16\\\/la-comision-libra-denunciara-al-fiscal-taiano-por-encubrimiento-y-pedira-explicaciones-a-los-milei\\\/#breadcrumb\",\"itemListElement\":[{\"@type\":\"ListItem\",\"position\":1,\"name\":\"Portada\",\"item\":\"https:\\\/\\\/diariotextual.com\\\/inicio\\\/\"},{\"@type\":\"ListItem\",\"position\":2,\"name\":\"La Comisi\u00f3n Libra denunciar\u00e1 al fiscal Taiano por \u201cencubrimiento\u201d y pedir\u00e1 explicaciones a los Milei\"}]},{\"@type\":\"WebSite\",\"@id\":\"https:\\\/\\\/diariotextual.com\\\/inicio\\\/#website\",\"url\":\"https:\\\/\\\/diariotextual.com\\\/inicio\\\/\",\"name\":\"Diario Textual\",\"description\":\"\",\"publisher\":{\"@id\":\"https:\\\/\\\/diariotextual.com\\\/inicio\\\/#organization\"},\"potentialAction\":[{\"@type\":\"SearchAction\",\"target\":{\"@type\":\"EntryPoint\",\"urlTemplate\":\"https:\\\/\\\/diariotextual.com\\\/inicio\\\/?s={search_term_string}\"},\"query-input\":{\"@type\":\"PropertyValueSpecification\",\"valueRequired\":true,\"valueName\":\"search_term_string\"}}],\"inLanguage\":\"es\"},{\"@type\":\"Organization\",\"@id\":\"https:\\\/\\\/diariotextual.com\\\/inicio\\\/#organization\",\"name\":\"Diario Textual\",\"url\":\"https:\\\/\\\/diariotextual.com\\\/inicio\\\/\",\"logo\":{\"@type\":\"ImageObject\",\"inLanguage\":\"es\",\"@id\":\"https:\\\/\\\/diariotextual.com\\\/inicio\\\/#\\\/schema\\\/logo\\\/image\\\/\",\"url\":\"https:\\\/\\\/diariotextual.com\\\/inicio\\\/wp-content\\\/uploads\\\/2023\\\/05\\\/logotextual1.jpg\",\"contentUrl\":\"https:\\\/\\\/diariotextual.com\\\/inicio\\\/wp-content\\\/uploads\\\/2023\\\/05\\\/logotextual1.jpg\",\"width\":516,\"height\":76,\"caption\":\"Diario Textual\"},\"image\":{\"@id\":\"https:\\\/\\\/diariotextual.com\\\/inicio\\\/#\\\/schema\\\/logo\\\/image\\\/\"},\"sameAs\":[\"https:\\\/\\\/www.facebook.com\\\/eltextual\",\"https:\\\/\\\/x.com\\\/eltextual\",\"http:\\\/\\\/www.instagram.com\\\/eltextual\"]},{\"@type\":\"Person\",\"@id\":\"https:\\\/\\\/diariotextual.com\\\/inicio\\\/#\\\/schema\\\/person\\\/418fc4093c33e86ed41562db3508f958\",\"name\":\"Diario1 Diario1\",\"image\":{\"@type\":\"ImageObject\",\"inLanguage\":\"es\",\"@id\":\"https:\\\/\\\/secure.gravatar.com\\\/avatar\\\/9167d280179c85bc18be67aa7eda765854300033af4896dd779b608640f2ef7a?s=96&d=mm&r=g\",\"url\":\"https:\\\/\\\/secure.gravatar.com\\\/avatar\\\/9167d280179c85bc18be67aa7eda765854300033af4896dd779b608640f2ef7a?s=96&d=mm&r=g\",\"contentUrl\":\"https:\\\/\\\/secure.gravatar.com\\\/avatar\\\/9167d280179c85bc18be67aa7eda765854300033af4896dd779b608640f2ef7a?s=96&d=mm&r=g\",\"caption\":\"Diario1 Diario1\"},\"url\":\"https:\\\/\\\/diariotextual.com\\\/inicio\\\/index.php\\\/author\\\/diario1\\\/\"}]}<\/script>\n<!-- \/ Yoast SEO plugin. -->","yoast_head_json":{"title":"La Comisi\u00f3n Libra denunciar\u00e1 al fiscal Taiano por \u201cencubrimiento\u201d y pedir\u00e1 explicaciones a los Milei - Diario Textual","robots":{"index":"index","follow":"follow","max-snippet":"max-snippet:-1","max-image-preview":"max-image-preview:large","max-video-preview":"max-video-preview:-1"},"canonical":"https:\/\/diariotextual.com\/inicio\/index.php\/2026\/03\/16\/la-comision-libra-denunciara-al-fiscal-taiano-por-encubrimiento-y-pedira-explicaciones-a-los-milei\/","og_locale":"es_ES","og_type":"article","og_title":"La Comisi\u00f3n Libra denunciar\u00e1 al fiscal Taiano por \u201cencubrimiento\u201d y pedir\u00e1 explicaciones a los Milei - Diario Textual","og_description":"El presidente de la Comisi\u00f3n Libra de la C\u00e1mara de Diputados,&nbsp;Maximiliano Ferraro, sostuvo este lunes que el caso Libra es una&nbsp;\u201cestafa y un hecho de corrupci\u00f3n millonario\u201d, adem\u00e1s de \u201cuna&hellip;","og_url":"https:\/\/diariotextual.com\/inicio\/index.php\/2026\/03\/16\/la-comision-libra-denunciara-al-fiscal-taiano-por-encubrimiento-y-pedira-explicaciones-a-los-milei\/","og_site_name":"Diario Textual","article_publisher":"https:\/\/www.facebook.com\/eltextual","article_published_time":"2026-03-16T19:41:36+00:00","article_modified_time":"2026-03-17T08:07:58+00:00","og_image":[{"width":1080,"height":720,"url":"https:\/\/diariotextual.com\/inicio\/wp-content\/uploads\/2026\/03\/ferraromarino2026.webp","type":"image\/webp"}],"author":"Diario1 Diario1","twitter_card":"summary_large_image","twitter_creator":"@eltextual","twitter_site":"@eltextual","twitter_misc":{"Escrito por":"Diario1 Diario1","Tiempo de lectura":"2 minutos"},"schema":{"@context":"https:\/\/schema.org","@graph":[{"@type":"Article","@id":"https:\/\/diariotextual.com\/inicio\/index.php\/2026\/03\/16\/la-comision-libra-denunciara-al-fiscal-taiano-por-encubrimiento-y-pedira-explicaciones-a-los-milei\/#article","isPartOf":{"@id":"https:\/\/diariotextual.com\/inicio\/index.php\/2026\/03\/16\/la-comision-libra-denunciara-al-fiscal-taiano-por-encubrimiento-y-pedira-explicaciones-a-los-milei\/"},"author":{"name":"Diario1 Diario1","@id":"https:\/\/diariotextual.com\/inicio\/#\/schema\/person\/418fc4093c33e86ed41562db3508f958"},"headline":"La Comisi\u00f3n Libra denunciar\u00e1 al fiscal Taiano por \u201cencubrimiento\u201d y pedir\u00e1 explicaciones a los Milei","datePublished":"2026-03-16T19:41:36+00:00","dateModified":"2026-03-17T08:07:58+00:00","mainEntityOfPage":{"@id":"https:\/\/diariotextual.com\/inicio\/index.php\/2026\/03\/16\/la-comision-libra-denunciara-al-fiscal-taiano-por-encubrimiento-y-pedira-explicaciones-a-los-milei\/"},"wordCount":366,"publisher":{"@id":"https:\/\/diariotextual.com\/inicio\/#organization"},"image":{"@id":"https:\/\/diariotextual.com\/inicio\/index.php\/2026\/03\/16\/la-comision-libra-denunciara-al-fiscal-taiano-por-encubrimiento-y-pedira-explicaciones-a-los-milei\/#primaryimage"},"thumbnailUrl":"https:\/\/diariotextual.com\/inicio\/wp-content\/uploads\/2026\/03\/ferraromarino2026.webp","articleSection":["A - ES NOTICIA (van abajo)","POLITICA"],"inLanguage":"es"},{"@type":"WebPage","@id":"https:\/\/diariotextual.com\/inicio\/index.php\/2026\/03\/16\/la-comision-libra-denunciara-al-fiscal-taiano-por-encubrimiento-y-pedira-explicaciones-a-los-milei\/","url":"https:\/\/diariotextual.com\/inicio\/index.php\/2026\/03\/16\/la-comision-libra-denunciara-al-fiscal-taiano-por-encubrimiento-y-pedira-explicaciones-a-los-milei\/","name":"La Comisi\u00f3n Libra denunciar\u00e1 al fiscal Taiano por \u201cencubrimiento\u201d y pedir\u00e1 explicaciones a los Milei - Diario Textual","isPartOf":{"@id":"https:\/\/diariotextual.com\/inicio\/#website"},"primaryImageOfPage":{"@id":"https:\/\/diariotextual.com\/inicio\/index.php\/2026\/03\/16\/la-comision-libra-denunciara-al-fiscal-taiano-por-encubrimiento-y-pedira-explicaciones-a-los-milei\/#primaryimage"},"image":{"@id":"https:\/\/diariotextual.com\/inicio\/index.php\/2026\/03\/16\/la-comision-libra-denunciara-al-fiscal-taiano-por-encubrimiento-y-pedira-explicaciones-a-los-milei\/#primaryimage"},"thumbnailUrl":"https:\/\/diariotextual.com\/inicio\/wp-content\/uploads\/2026\/03\/ferraromarino2026.webp","datePublished":"2026-03-16T19:41:36+00:00","dateModified":"2026-03-17T08:07:58+00:00","breadcrumb":{"@id":"https:\/\/diariotextual.com\/inicio\/index.php\/2026\/03\/16\/la-comision-libra-denunciara-al-fiscal-taiano-por-encubrimiento-y-pedira-explicaciones-a-los-milei\/#breadcrumb"},"inLanguage":"es","potentialAction":[{"@type":"ReadAction","target":["https:\/\/diariotextual.com\/inicio\/index.php\/2026\/03\/16\/la-comision-libra-denunciara-al-fiscal-taiano-por-encubrimiento-y-pedira-explicaciones-a-los-milei\/"]}]},{"@type":"ImageObject","inLanguage":"es","@id":"https:\/\/diariotextual.com\/inicio\/index.php\/2026\/03\/16\/la-comision-libra-denunciara-al-fiscal-taiano-por-encubrimiento-y-pedira-explicaciones-a-los-milei\/#primaryimage","url":"https:\/\/diariotextual.com\/inicio\/wp-content\/uploads\/2026\/03\/ferraromarino2026.webp","contentUrl":"https:\/\/diariotextual.com\/inicio\/wp-content\/uploads\/2026\/03\/ferraromarino2026.webp","width":1080,"height":720},{"@type":"BreadcrumbList","@id":"https:\/\/diariotextual.com\/inicio\/index.php\/2026\/03\/16\/la-comision-libra-denunciara-al-fiscal-taiano-por-encubrimiento-y-pedira-explicaciones-a-los-milei\/#breadcrumb","itemListElement":[{"@type":"ListItem","position":1,"name":"Portada","item":"https:\/\/diariotextual.com\/inicio\/"},{"@type":"ListItem","position":2,"name":"La Comisi\u00f3n Libra denunciar\u00e1 al fiscal Taiano por \u201cencubrimiento\u201d y pedir\u00e1 explicaciones a los Milei"}]},{"@type":"WebSite","@id":"https:\/\/diariotextual.com\/inicio\/#website","url":"https:\/\/diariotextual.com\/inicio\/","name":"Diario Textual","description":"","publisher":{"@id":"https:\/\/diariotextual.com\/inicio\/#organization"},"potentialAction":[{"@type":"SearchAction","target":{"@type":"EntryPoint","urlTemplate":"https:\/\/diariotextual.com\/inicio\/?s={search_term_string}"},"query-input":{"@type":"PropertyValueSpecification","valueRequired":true,"valueName":"search_term_string"}}],"inLanguage":"es"},{"@type":"Organization","@id":"https:\/\/diariotextual.com\/inicio\/#organization","name":"Diario Textual","url":"https:\/\/diariotextual.com\/inicio\/","logo":{"@type":"ImageObject","inLanguage":"es","@id":"https:\/\/diariotextual.com\/inicio\/#\/schema\/logo\/image\/","url":"https:\/\/diariotextual.com\/inicio\/wp-content\/uploads\/2023\/05\/logotextual1.jpg","contentUrl":"https:\/\/diariotextual.com\/inicio\/wp-content\/uploads\/2023\/05\/logotextual1.jpg","width":516,"height":76,"caption":"Diario Textual"},"image":{"@id":"https:\/\/diariotextual.com\/inicio\/#\/schema\/logo\/image\/"},"sameAs":["https:\/\/www.facebook.com\/eltextual","https:\/\/x.com\/eltextual","http:\/\/www.instagram.com\/eltextual"]},{"@type":"Person","@id":"https:\/\/diariotextual.com\/inicio\/#\/schema\/person\/418fc4093c33e86ed41562db3508f958","name":"Diario1 Diario1","image":{"@type":"ImageObject","inLanguage":"es","@id":"https:\/\/secure.gravatar.com\/avatar\/9167d280179c85bc18be67aa7eda765854300033af4896dd779b608640f2ef7a?s=96&d=mm&r=g","url":"https:\/\/secure.gravatar.com\/avatar\/9167d280179c85bc18be67aa7eda765854300033af4896dd779b608640f2ef7a?s=96&d=mm&r=g","contentUrl":"https:\/\/secure.gravatar.com\/avatar\/9167d280179c85bc18be67aa7eda765854300033af4896dd779b608640f2ef7a?s=96&d=mm&r=g","caption":"Diario1 Diario1"},"url":"https:\/\/diariotextual.com\/inicio\/index.php\/author\/diario1\/"}]}},"_links":{"self":[{"href":"https:\/\/diariotextual.com\/inicio\/index.php\/wp-json\/wp\/v2\/posts\/322438","targetHints":{"allow":["GET"]}}],"collection":[{"href":"https:\/\/diariotextual.com\/inicio\/index.php\/wp-json\/wp\/v2\/posts"}],"about":[{"href":"https:\/\/diariotextual.com\/inicio\/index.php\/wp-json\/wp\/v2\/types\/post"}],"author":[{"embeddable":true,"href":"https:\/\/diariotextual.com\/inicio\/index.php\/wp-json\/wp\/v2\/users\/3"}],"replies":[{"embeddable":true,"href":"https:\/\/diariotextual.com\/inicio\/index.php\/wp-json\/wp\/v2\/comments?post=322438"}],"version-history":[{"count":4,"href":"https:\/\/diariotextual.com\/inicio\/index.php\/wp-json\/wp\/v2\/posts\/322438\/revisions"}],"predecessor-version":[{"id":322442,"href":"https:\/\/diariotextual.com\/inicio\/index.php\/wp-json\/wp\/v2\/posts\/322438\/revisions\/322442"}],"wp:featuredmedia":[{"embeddable":true,"href":"https:\/\/diariotextual.com\/inicio\/index.php\/wp-json\/wp\/v2\/media\/322443"}],"wp:attachment":[{"href":"https:\/\/diariotextual.com\/inicio\/index.php\/wp-json\/wp\/v2\/media?parent=322438"}],"wp:term":[{"taxonomy":"category","embeddable":true,"href":"https:\/\/diariotextual.com\/inicio\/index.php\/wp-json\/wp\/v2\/categories?post=322438"},{"taxonomy":"post_tag","embeddable":true,"href":"https:\/\/diariotextual.com\/inicio\/index.php\/wp-json\/wp\/v2\/tags?post=322438"}],"curies":[{"name":"wp","href":"https:\/\/api.w.org\/{rel}","templated":true}]}}