{"id":322455,"date":"2026-03-16T23:42:12","date_gmt":"2026-03-17T02:42:12","guid":{"rendered":"https:\/\/diariotextual.com\/inicio\/?p=322455"},"modified":"2026-03-17T06:59:08","modified_gmt":"2026-03-17T09:59:08","slug":"ziliotto-estuvo-con-santilli-deuda-previsional-rutas-y-atn-por-el-temporal","status":"publish","type":"post","link":"https:\/\/diariotextual.com\/inicio\/index.php\/2026\/03\/16\/ziliotto-estuvo-con-santilli-deuda-previsional-rutas-y-atn-por-el-temporal\/","title":{"rendered":"Ziliotto estuvo con Santilli: gestiones por la deuda previsional, rutas y ATN por el temporal"},"content":{"rendered":"\n<p>El gobernador de La Pampa, <strong>Sergio Ziliotto<\/strong>, mantuvo este lunes una nueva reuni\u00f3n con el ministro del Interior de la Naci\u00f3n, <strong>Diego Santilli<\/strong>, en la que abordaron distintos temas vinculados a la relaci\u00f3n entre Naci\u00f3n y Provincia.<\/p>\n\n\n\n<p>Durante el encuentro, uno de los ejes fue el d\u00e9ficit previsional, sobre el cual se acord\u00f3 avanzar en auditor\u00edas t\u00e9cnicas para percibir los adelantos correspondientes al d\u00e9ficit 2026.<\/p>\n\n\n\n<p>Adem\u00e1s, el gobernador expuso al ministro Santilli los da\u00f1os ocasionados por el temporal en Santa Rosa y Toay, espec\u00edficamente la situaci\u00f3n de establecimientos educativos y su costo de reparaci\u00f3n.<\/p>\n\n\n\n<p>En ese marco, se reiter\u00f3 el pedido de asistencia mediante Aportes del Tesoro Nacional (ATN) para afrontar dichas tareas y, adem\u00e1s, aportar a Santa Rosa y Toay recursos que les permitan afrontar los da\u00f1os que provoc\u00f3 la tormenta.<\/p>\n\n\n\n<p>En este mismo sentido, y en concordancia con otra nota ya presentada por la vicegobernadora Alicia Mayoral, Ziliotto plante\u00f3 la situaci\u00f3n del radar meteorol\u00f3gico del INTA Anguil y reiter\u00f3 la solicitud de reparaci\u00f3n y puesta en funcionamiento, al considerar que se trata de una herramienta estrat\u00e9gica para el monitoreo clim\u00e1tico y la prevenci\u00f3n de eventos meteorol\u00f3gicos en la regi\u00f3n.<\/p>\n\n\n\n<p>En materia de infraestructura vial, Ziliotto tambi\u00e9n abord\u00f3 la situaci\u00f3n de las rutas nacionales que atraviesan el territorio pampeano. En ese contexto, se propuso avanzar bilateralmente en definir las condiciones de una eventual transferencia.<\/p>\n\n\n\n<p>El gobernador plante\u00f3 p\u00fablicamente este esquema el pasado 1 de marzo, durante la apertura de sesiones de la C\u00e1mara de Diputados de La Pampa. En este sentido, reiter\u00f3 que los recursos que ingresen a la provincia en concepto de obras p\u00fablicas adeudadas por Naci\u00f3n ser\u00e1n destinados a la reparaci\u00f3n de los corredores viales.<\/p>\n","protected":false},"excerpt":{"rendered":"<p>El gobernador de La Pampa, Sergio Ziliotto, mantuvo este lunes una nueva reuni\u00f3n con el ministro del Interior de la Naci\u00f3n, Diego Santilli, en la que abordaron distintos temas vinculados&hellip;<\/p>\n","protected":false},"author":3,"featured_media":248529,"comment_status":"closed","ping_status":"open","sticky":false,"template":"","format":"standard","meta":{"_acf_changed":false,"footnotes":""},"categories":[1,8],"tags":[],"class_list":["post-322455","post","type-post","status-publish","format-standard","has-post-thumbnail","hentry","category-es-noticia","category-politica"],"acf":[],"yoast_head":"<!-- This site is optimized with the Yoast SEO plugin v27.5 - https:\/\/yoast.com\/product\/yoast-seo-wordpress\/ -->\n<title>Ziliotto estuvo con Santilli: gestiones por la deuda previsional, rutas y ATN por el temporal - Diario Textual<\/title>\n<meta name=\"robots\" content=\"index, follow, max-snippet:-1, max-image-preview:large, max-video-preview:-1\" \/>\n<link rel=\"canonical\" href=\"https:\/\/diariotextual.com\/inicio\/index.php\/2026\/03\/16\/ziliotto-estuvo-con-santilli-deuda-previsional-rutas-y-atn-por-el-temporal\/\" \/>\n<meta property=\"og:locale\" content=\"es_ES\" \/>\n<meta property=\"og:type\" content=\"article\" \/>\n<meta property=\"og:title\" content=\"Ziliotto estuvo con Santilli: gestiones por la deuda previsional, rutas y ATN por el temporal - Diario Textual\" \/>\n<meta property=\"og:description\" content=\"El gobernador de La Pampa, Sergio Ziliotto, mantuvo este lunes una nueva reuni\u00f3n con el ministro del Interior de la Naci\u00f3n, Diego Santilli, en la que abordaron distintos temas vinculados&hellip;\" \/>\n<meta property=\"og:url\" content=\"https:\/\/diariotextual.com\/inicio\/index.php\/2026\/03\/16\/ziliotto-estuvo-con-santilli-deuda-previsional-rutas-y-atn-por-el-temporal\/\" \/>\n<meta property=\"og:site_name\" content=\"Diario Textual\" \/>\n<meta property=\"article:publisher\" content=\"https:\/\/www.facebook.com\/eltextual\" \/>\n<meta property=\"article:published_time\" content=\"2026-03-17T02:42:12+00:00\" \/>\n<meta property=\"article:modified_time\" content=\"2026-03-17T09:59:08+00:00\" \/>\n<meta property=\"og:image\" content=\"https:\/\/diariotextual.com\/inicio\/wp-content\/uploads\/2023\/12\/ziliottosergiocasarosadamilei2023-1.jpg\" \/>\n\t<meta property=\"og:image:width\" content=\"1200\" \/>\n\t<meta property=\"og:image:height\" content=\"675\" \/>\n\t<meta property=\"og:image:type\" content=\"image\/jpeg\" \/>\n<meta name=\"author\" content=\"Diario1 Diario1\" \/>\n<meta name=\"twitter:card\" content=\"summary_large_image\" \/>\n<meta name=\"twitter:creator\" content=\"@eltextual\" \/>\n<meta name=\"twitter:site\" content=\"@eltextual\" \/>\n<meta name=\"twitter:label1\" content=\"Escrito por\" \/>\n\t<meta name=\"twitter:data1\" content=\"Diario1 Diario1\" \/>\n\t<meta name=\"twitter:label2\" content=\"Tiempo de lectura\" \/>\n\t<meta name=\"twitter:data2\" content=\"2 minutos\" \/>\n<script type=\"application\/ld+json\" class=\"yoast-schema-graph\">{\"@context\":\"https:\\\/\\\/schema.org\",\"@graph\":[{\"@type\":\"Article\",\"@id\":\"https:\\\/\\\/diariotextual.com\\\/inicio\\\/index.php\\\/2026\\\/03\\\/16\\\/ziliotto-estuvo-con-santilli-deuda-previsional-rutas-y-atn-por-el-temporal\\\/#article\",\"isPartOf\":{\"@id\":\"https:\\\/\\\/diariotextual.com\\\/inicio\\\/index.php\\\/2026\\\/03\\\/16\\\/ziliotto-estuvo-con-santilli-deuda-previsional-rutas-y-atn-por-el-temporal\\\/\"},\"author\":{\"name\":\"Diario1 Diario1\",\"@id\":\"https:\\\/\\\/diariotextual.com\\\/inicio\\\/#\\\/schema\\\/person\\\/418fc4093c33e86ed41562db3508f958\"},\"headline\":\"Ziliotto estuvo con Santilli: gestiones por la deuda previsional, rutas y ATN por el temporal\",\"datePublished\":\"2026-03-17T02:42:12+00:00\",\"dateModified\":\"2026-03-17T09:59:08+00:00\",\"mainEntityOfPage\":{\"@id\":\"https:\\\/\\\/diariotextual.com\\\/inicio\\\/index.php\\\/2026\\\/03\\\/16\\\/ziliotto-estuvo-con-santilli-deuda-previsional-rutas-y-atn-por-el-temporal\\\/\"},\"wordCount\":322,\"publisher\":{\"@id\":\"https:\\\/\\\/diariotextual.com\\\/inicio\\\/#organization\"},\"image\":{\"@id\":\"https:\\\/\\\/diariotextual.com\\\/inicio\\\/index.php\\\/2026\\\/03\\\/16\\\/ziliotto-estuvo-con-santilli-deuda-previsional-rutas-y-atn-por-el-temporal\\\/#primaryimage\"},\"thumbnailUrl\":\"https:\\\/\\\/diariotextual.com\\\/inicio\\\/wp-content\\\/uploads\\\/2023\\\/12\\\/ziliottosergiocasarosadamilei2023-1.jpg\",\"articleSection\":[\"A - ES NOTICIA (van abajo)\",\"POLITICA\"],\"inLanguage\":\"es\"},{\"@type\":\"WebPage\",\"@id\":\"https:\\\/\\\/diariotextual.com\\\/inicio\\\/index.php\\\/2026\\\/03\\\/16\\\/ziliotto-estuvo-con-santilli-deuda-previsional-rutas-y-atn-por-el-temporal\\\/\",\"url\":\"https:\\\/\\\/diariotextual.com\\\/inicio\\\/index.php\\\/2026\\\/03\\\/16\\\/ziliotto-estuvo-con-santilli-deuda-previsional-rutas-y-atn-por-el-temporal\\\/\",\"name\":\"Ziliotto estuvo con Santilli: gestiones por la deuda previsional, rutas y ATN por el temporal - Diario Textual\",\"isPartOf\":{\"@id\":\"https:\\\/\\\/diariotextual.com\\\/inicio\\\/#website\"},\"primaryImageOfPage\":{\"@id\":\"https:\\\/\\\/diariotextual.com\\\/inicio\\\/index.php\\\/2026\\\/03\\\/16\\\/ziliotto-estuvo-con-santilli-deuda-previsional-rutas-y-atn-por-el-temporal\\\/#primaryimage\"},\"image\":{\"@id\":\"https:\\\/\\\/diariotextual.com\\\/inicio\\\/index.php\\\/2026\\\/03\\\/16\\\/ziliotto-estuvo-con-santilli-deuda-previsional-rutas-y-atn-por-el-temporal\\\/#primaryimage\"},\"thumbnailUrl\":\"https:\\\/\\\/diariotextual.com\\\/inicio\\\/wp-content\\\/uploads\\\/2023\\\/12\\\/ziliottosergiocasarosadamilei2023-1.jpg\",\"datePublished\":\"2026-03-17T02:42:12+00:00\",\"dateModified\":\"2026-03-17T09:59:08+00:00\",\"breadcrumb\":{\"@id\":\"https:\\\/\\\/diariotextual.com\\\/inicio\\\/index.php\\\/2026\\\/03\\\/16\\\/ziliotto-estuvo-con-santilli-deuda-previsional-rutas-y-atn-por-el-temporal\\\/#breadcrumb\"},\"inLanguage\":\"es\",\"potentialAction\":[{\"@type\":\"ReadAction\",\"target\":[\"https:\\\/\\\/diariotextual.com\\\/inicio\\\/index.php\\\/2026\\\/03\\\/16\\\/ziliotto-estuvo-con-santilli-deuda-previsional-rutas-y-atn-por-el-temporal\\\/\"]}]},{\"@type\":\"ImageObject\",\"inLanguage\":\"es\",\"@id\":\"https:\\\/\\\/diariotextual.com\\\/inicio\\\/index.php\\\/2026\\\/03\\\/16\\\/ziliotto-estuvo-con-santilli-deuda-previsional-rutas-y-atn-por-el-temporal\\\/#primaryimage\",\"url\":\"https:\\\/\\\/diariotextual.com\\\/inicio\\\/wp-content\\\/uploads\\\/2023\\\/12\\\/ziliottosergiocasarosadamilei2023-1.jpg\",\"contentUrl\":\"https:\\\/\\\/diariotextual.com\\\/inicio\\\/wp-content\\\/uploads\\\/2023\\\/12\\\/ziliottosergiocasarosadamilei2023-1.jpg\",\"width\":1200,\"height\":675},{\"@type\":\"BreadcrumbList\",\"@id\":\"https:\\\/\\\/diariotextual.com\\\/inicio\\\/index.php\\\/2026\\\/03\\\/16\\\/ziliotto-estuvo-con-santilli-deuda-previsional-rutas-y-atn-por-el-temporal\\\/#breadcrumb\",\"itemListElement\":[{\"@type\":\"ListItem\",\"position\":1,\"name\":\"Portada\",\"item\":\"https:\\\/\\\/diariotextual.com\\\/inicio\\\/\"},{\"@type\":\"ListItem\",\"position\":2,\"name\":\"Ziliotto estuvo con Santilli: gestiones por la deuda previsional, rutas y ATN por el temporal\"}]},{\"@type\":\"WebSite\",\"@id\":\"https:\\\/\\\/diariotextual.com\\\/inicio\\\/#website\",\"url\":\"https:\\\/\\\/diariotextual.com\\\/inicio\\\/\",\"name\":\"Diario Textual\",\"description\":\"\",\"publisher\":{\"@id\":\"https:\\\/\\\/diariotextual.com\\\/inicio\\\/#organization\"},\"potentialAction\":[{\"@type\":\"SearchAction\",\"target\":{\"@type\":\"EntryPoint\",\"urlTemplate\":\"https:\\\/\\\/diariotextual.com\\\/inicio\\\/?s={search_term_string}\"},\"query-input\":{\"@type\":\"PropertyValueSpecification\",\"valueRequired\":true,\"valueName\":\"search_term_string\"}}],\"inLanguage\":\"es\"},{\"@type\":\"Organization\",\"@id\":\"https:\\\/\\\/diariotextual.com\\\/inicio\\\/#organization\",\"name\":\"Diario Textual\",\"url\":\"https:\\\/\\\/diariotextual.com\\\/inicio\\\/\",\"logo\":{\"@type\":\"ImageObject\",\"inLanguage\":\"es\",\"@id\":\"https:\\\/\\\/diariotextual.com\\\/inicio\\\/#\\\/schema\\\/logo\\\/image\\\/\",\"url\":\"https:\\\/\\\/diariotextual.com\\\/inicio\\\/wp-content\\\/uploads\\\/2023\\\/05\\\/logotextual1.jpg\",\"contentUrl\":\"https:\\\/\\\/diariotextual.com\\\/inicio\\\/wp-content\\\/uploads\\\/2023\\\/05\\\/logotextual1.jpg\",\"width\":516,\"height\":76,\"caption\":\"Diario Textual\"},\"image\":{\"@id\":\"https:\\\/\\\/diariotextual.com\\\/inicio\\\/#\\\/schema\\\/logo\\\/image\\\/\"},\"sameAs\":[\"https:\\\/\\\/www.facebook.com\\\/eltextual\",\"https:\\\/\\\/x.com\\\/eltextual\",\"http:\\\/\\\/www.instagram.com\\\/eltextual\"]},{\"@type\":\"Person\",\"@id\":\"https:\\\/\\\/diariotextual.com\\\/inicio\\\/#\\\/schema\\\/person\\\/418fc4093c33e86ed41562db3508f958\",\"name\":\"Diario1 Diario1\",\"image\":{\"@type\":\"ImageObject\",\"inLanguage\":\"es\",\"@id\":\"https:\\\/\\\/secure.gravatar.com\\\/avatar\\\/9167d280179c85bc18be67aa7eda765854300033af4896dd779b608640f2ef7a?s=96&d=mm&r=g\",\"url\":\"https:\\\/\\\/secure.gravatar.com\\\/avatar\\\/9167d280179c85bc18be67aa7eda765854300033af4896dd779b608640f2ef7a?s=96&d=mm&r=g\",\"contentUrl\":\"https:\\\/\\\/secure.gravatar.com\\\/avatar\\\/9167d280179c85bc18be67aa7eda765854300033af4896dd779b608640f2ef7a?s=96&d=mm&r=g\",\"caption\":\"Diario1 Diario1\"},\"url\":\"https:\\\/\\\/diariotextual.com\\\/inicio\\\/index.php\\\/author\\\/diario1\\\/\"}]}<\/script>\n<!-- \/ Yoast SEO plugin. -->","yoast_head_json":{"title":"Ziliotto estuvo con Santilli: gestiones por la deuda previsional, rutas y ATN por el temporal - Diario Textual","robots":{"index":"index","follow":"follow","max-snippet":"max-snippet:-1","max-image-preview":"max-image-preview:large","max-video-preview":"max-video-preview:-1"},"canonical":"https:\/\/diariotextual.com\/inicio\/index.php\/2026\/03\/16\/ziliotto-estuvo-con-santilli-deuda-previsional-rutas-y-atn-por-el-temporal\/","og_locale":"es_ES","og_type":"article","og_title":"Ziliotto estuvo con Santilli: gestiones por la deuda previsional, rutas y ATN por el temporal - Diario Textual","og_description":"El gobernador de La Pampa, Sergio Ziliotto, mantuvo este lunes una nueva reuni\u00f3n con el ministro del Interior de la Naci\u00f3n, Diego Santilli, en la que abordaron distintos temas vinculados&hellip;","og_url":"https:\/\/diariotextual.com\/inicio\/index.php\/2026\/03\/16\/ziliotto-estuvo-con-santilli-deuda-previsional-rutas-y-atn-por-el-temporal\/","og_site_name":"Diario Textual","article_publisher":"https:\/\/www.facebook.com\/eltextual","article_published_time":"2026-03-17T02:42:12+00:00","article_modified_time":"2026-03-17T09:59:08+00:00","og_image":[{"width":1200,"height":675,"url":"https:\/\/diariotextual.com\/inicio\/wp-content\/uploads\/2023\/12\/ziliottosergiocasarosadamilei2023-1.jpg","type":"image\/jpeg"}],"author":"Diario1 Diario1","twitter_card":"summary_large_image","twitter_creator":"@eltextual","twitter_site":"@eltextual","twitter_misc":{"Escrito por":"Diario1 Diario1","Tiempo de lectura":"2 minutos"},"schema":{"@context":"https:\/\/schema.org","@graph":[{"@type":"Article","@id":"https:\/\/diariotextual.com\/inicio\/index.php\/2026\/03\/16\/ziliotto-estuvo-con-santilli-deuda-previsional-rutas-y-atn-por-el-temporal\/#article","isPartOf":{"@id":"https:\/\/diariotextual.com\/inicio\/index.php\/2026\/03\/16\/ziliotto-estuvo-con-santilli-deuda-previsional-rutas-y-atn-por-el-temporal\/"},"author":{"name":"Diario1 Diario1","@id":"https:\/\/diariotextual.com\/inicio\/#\/schema\/person\/418fc4093c33e86ed41562db3508f958"},"headline":"Ziliotto estuvo con Santilli: gestiones por la deuda previsional, rutas y ATN por el temporal","datePublished":"2026-03-17T02:42:12+00:00","dateModified":"2026-03-17T09:59:08+00:00","mainEntityOfPage":{"@id":"https:\/\/diariotextual.com\/inicio\/index.php\/2026\/03\/16\/ziliotto-estuvo-con-santilli-deuda-previsional-rutas-y-atn-por-el-temporal\/"},"wordCount":322,"publisher":{"@id":"https:\/\/diariotextual.com\/inicio\/#organization"},"image":{"@id":"https:\/\/diariotextual.com\/inicio\/index.php\/2026\/03\/16\/ziliotto-estuvo-con-santilli-deuda-previsional-rutas-y-atn-por-el-temporal\/#primaryimage"},"thumbnailUrl":"https:\/\/diariotextual.com\/inicio\/wp-content\/uploads\/2023\/12\/ziliottosergiocasarosadamilei2023-1.jpg","articleSection":["A - ES NOTICIA (van abajo)","POLITICA"],"inLanguage":"es"},{"@type":"WebPage","@id":"https:\/\/diariotextual.com\/inicio\/index.php\/2026\/03\/16\/ziliotto-estuvo-con-santilli-deuda-previsional-rutas-y-atn-por-el-temporal\/","url":"https:\/\/diariotextual.com\/inicio\/index.php\/2026\/03\/16\/ziliotto-estuvo-con-santilli-deuda-previsional-rutas-y-atn-por-el-temporal\/","name":"Ziliotto estuvo con Santilli: gestiones por la deuda previsional, rutas y ATN por el temporal - Diario Textual","isPartOf":{"@id":"https:\/\/diariotextual.com\/inicio\/#website"},"primaryImageOfPage":{"@id":"https:\/\/diariotextual.com\/inicio\/index.php\/2026\/03\/16\/ziliotto-estuvo-con-santilli-deuda-previsional-rutas-y-atn-por-el-temporal\/#primaryimage"},"image":{"@id":"https:\/\/diariotextual.com\/inicio\/index.php\/2026\/03\/16\/ziliotto-estuvo-con-santilli-deuda-previsional-rutas-y-atn-por-el-temporal\/#primaryimage"},"thumbnailUrl":"https:\/\/diariotextual.com\/inicio\/wp-content\/uploads\/2023\/12\/ziliottosergiocasarosadamilei2023-1.jpg","datePublished":"2026-03-17T02:42:12+00:00","dateModified":"2026-03-17T09:59:08+00:00","breadcrumb":{"@id":"https:\/\/diariotextual.com\/inicio\/index.php\/2026\/03\/16\/ziliotto-estuvo-con-santilli-deuda-previsional-rutas-y-atn-por-el-temporal\/#breadcrumb"},"inLanguage":"es","potentialAction":[{"@type":"ReadAction","target":["https:\/\/diariotextual.com\/inicio\/index.php\/2026\/03\/16\/ziliotto-estuvo-con-santilli-deuda-previsional-rutas-y-atn-por-el-temporal\/"]}]},{"@type":"ImageObject","inLanguage":"es","@id":"https:\/\/diariotextual.com\/inicio\/index.php\/2026\/03\/16\/ziliotto-estuvo-con-santilli-deuda-previsional-rutas-y-atn-por-el-temporal\/#primaryimage","url":"https:\/\/diariotextual.com\/inicio\/wp-content\/uploads\/2023\/12\/ziliottosergiocasarosadamilei2023-1.jpg","contentUrl":"https:\/\/diariotextual.com\/inicio\/wp-content\/uploads\/2023\/12\/ziliottosergiocasarosadamilei2023-1.jpg","width":1200,"height":675},{"@type":"BreadcrumbList","@id":"https:\/\/diariotextual.com\/inicio\/index.php\/2026\/03\/16\/ziliotto-estuvo-con-santilli-deuda-previsional-rutas-y-atn-por-el-temporal\/#breadcrumb","itemListElement":[{"@type":"ListItem","position":1,"name":"Portada","item":"https:\/\/diariotextual.com\/inicio\/"},{"@type":"ListItem","position":2,"name":"Ziliotto estuvo con Santilli: gestiones por la deuda previsional, rutas y ATN por el temporal"}]},{"@type":"WebSite","@id":"https:\/\/diariotextual.com\/inicio\/#website","url":"https:\/\/diariotextual.com\/inicio\/","name":"Diario Textual","description":"","publisher":{"@id":"https:\/\/diariotextual.com\/inicio\/#organization"},"potentialAction":[{"@type":"SearchAction","target":{"@type":"EntryPoint","urlTemplate":"https:\/\/diariotextual.com\/inicio\/?s={search_term_string}"},"query-input":{"@type":"PropertyValueSpecification","valueRequired":true,"valueName":"search_term_string"}}],"inLanguage":"es"},{"@type":"Organization","@id":"https:\/\/diariotextual.com\/inicio\/#organization","name":"Diario Textual","url":"https:\/\/diariotextual.com\/inicio\/","logo":{"@type":"ImageObject","inLanguage":"es","@id":"https:\/\/diariotextual.com\/inicio\/#\/schema\/logo\/image\/","url":"https:\/\/diariotextual.com\/inicio\/wp-content\/uploads\/2023\/05\/logotextual1.jpg","contentUrl":"https:\/\/diariotextual.com\/inicio\/wp-content\/uploads\/2023\/05\/logotextual1.jpg","width":516,"height":76,"caption":"Diario Textual"},"image":{"@id":"https:\/\/diariotextual.com\/inicio\/#\/schema\/logo\/image\/"},"sameAs":["https:\/\/www.facebook.com\/eltextual","https:\/\/x.com\/eltextual","http:\/\/www.instagram.com\/eltextual"]},{"@type":"Person","@id":"https:\/\/diariotextual.com\/inicio\/#\/schema\/person\/418fc4093c33e86ed41562db3508f958","name":"Diario1 Diario1","image":{"@type":"ImageObject","inLanguage":"es","@id":"https:\/\/secure.gravatar.com\/avatar\/9167d280179c85bc18be67aa7eda765854300033af4896dd779b608640f2ef7a?s=96&d=mm&r=g","url":"https:\/\/secure.gravatar.com\/avatar\/9167d280179c85bc18be67aa7eda765854300033af4896dd779b608640f2ef7a?s=96&d=mm&r=g","contentUrl":"https:\/\/secure.gravatar.com\/avatar\/9167d280179c85bc18be67aa7eda765854300033af4896dd779b608640f2ef7a?s=96&d=mm&r=g","caption":"Diario1 Diario1"},"url":"https:\/\/diariotextual.com\/inicio\/index.php\/author\/diario1\/"}]}},"_links":{"self":[{"href":"https:\/\/diariotextual.com\/inicio\/index.php\/wp-json\/wp\/v2\/posts\/322455","targetHints":{"allow":["GET"]}}],"collection":[{"href":"https:\/\/diariotextual.com\/inicio\/index.php\/wp-json\/wp\/v2\/posts"}],"about":[{"href":"https:\/\/diariotextual.com\/inicio\/index.php\/wp-json\/wp\/v2\/types\/post"}],"author":[{"embeddable":true,"href":"https:\/\/diariotextual.com\/inicio\/index.php\/wp-json\/wp\/v2\/users\/3"}],"replies":[{"embeddable":true,"href":"https:\/\/diariotextual.com\/inicio\/index.php\/wp-json\/wp\/v2\/comments?post=322455"}],"version-history":[{"count":4,"href":"https:\/\/diariotextual.com\/inicio\/index.php\/wp-json\/wp\/v2\/posts\/322455\/revisions"}],"predecessor-version":[{"id":322459,"href":"https:\/\/diariotextual.com\/inicio\/index.php\/wp-json\/wp\/v2\/posts\/322455\/revisions\/322459"}],"wp:featuredmedia":[{"embeddable":true,"href":"https:\/\/diariotextual.com\/inicio\/index.php\/wp-json\/wp\/v2\/media\/248529"}],"wp:attachment":[{"href":"https:\/\/diariotextual.com\/inicio\/index.php\/wp-json\/wp\/v2\/media?parent=322455"}],"wp:term":[{"taxonomy":"category","embeddable":true,"href":"https:\/\/diariotextual.com\/inicio\/index.php\/wp-json\/wp\/v2\/categories?post=322455"},{"taxonomy":"post_tag","embeddable":true,"href":"https:\/\/diariotextual.com\/inicio\/index.php\/wp-json\/wp\/v2\/tags?post=322455"}],"curies":[{"name":"wp","href":"https:\/\/api.w.org\/{rel}","templated":true}]}}