{"id":32428,"date":"2018-12-27T12:48:02","date_gmt":"2018-12-27T15:48:02","guid":{"rendered":"http:\/\/diariotextual.com\/inicio\/?p=32428"},"modified":"2018-12-28T09:10:55","modified_gmt":"2018-12-28T12:10:55","slug":"la-pampa-notifico-a-la-corte-que-mendoza-volvio-a-cortar-y-robarse-el-atuel","status":"publish","type":"post","link":"https:\/\/diariotextual.com\/inicio\/index.php\/2018\/12\/27\/la-pampa-notifico-a-la-corte-que-mendoza-volvio-a-cortar-y-robarse-el-atuel\/","title":{"rendered":"La Pampa notific\u00f3 a la Corte que Mendoza volvi\u00f3 a cortar y robarse el Atuel"},"content":{"rendered":"<p>El procurador general de La Pampa, <strong>Hern\u00e1n P\u00e9rez Araujo<\/strong>,\u00a0 notific\u00f3 en la ma\u00f1ana de este jueves a la <strong>Corte Suprema de Justicia de la Naci\u00f3n<\/strong> que <strong>Mendoza volvi\u00f3 a cortar totalmente y se \u00abapropi\u00f3\u00bb del r\u00edo Atuel<\/strong>.<\/p>\n<p>En la presentaci\u00f3n, seg\u00fan pudo saber <strong>Diario Textual<\/strong>, se indica que <strong><a href=\"http:\/\/diariotextual.com\/inicio\/index.php\/2018\/12\/25\/mendoza-corto-rio-atuel-ya-no-ingresa-agua-la-pampa\/\" target=\"_blank\" rel=\"noopener\">desde el martes 25<\/a> se \u00abverific\u00f3 la apropiaci\u00f3n del 100 por ciento de las aguas del Atuel\u00bb por parte de Mendoza<\/strong>.<\/p>\n<p>P\u00e9rez Araujo, en representaci\u00f3n del Gobierno,<strong> inform\u00f3 a la Corte de la \u00abmuestra desaprensiva, unilateral y arbitraria de la provincia de Mendoza de apropiarse de la totalidad del r\u00edo\u00bb Atuel<\/strong>.<\/p>\n<p>La decisi\u00f3n de ir a la Corte fue acordada ayer, en una reuni\u00f3n de la que participaron Juan Pablo Morisoli, Gast\u00f3n Buss, N\u00e9stor Lastiri, Javier Schlegel, Jorge Lezcano, Jorge Scarone, Pablo Dornes, Mart\u00edn Berhongaray, Julio Bargero y Fernanda Alonso. Tambi\u00e9n estuvieron en la reuni\u00f3n el fiscal de Estado, Jos\u00e9 Vanini, y el procurador General de Rentas, Hern\u00e1n P\u00e9rez Araujo.<\/p>\n<p>La presentaci\u00f3n ante la Corte, adem\u00e1s, est\u00e1 acompa\u00f1ada por <strong>una constataci\u00f3n de un escribano, adem\u00e1s del informe recibido cada dos horas por el sistema de medici\u00f3n que indica que no est\u00e1 ingresando agua del Atuel<\/strong> a La Pampa.<\/p>\n<p>Mendoza viene cortando el r\u00edo desde hace unos 70 a\u00f1os para regar sus producciones de vinos. El a\u00f1o pasado, luego de una nueva presentaci\u00f3n pampeana, <strong>la CSJN estableci\u00f3 que el r\u00edo era interprovincial y orden\u00f3 que tanto La Pampa como la provincia cuyana deb\u00edan ponerse de acuerdo en establecer un caudal para empezar a recomponer el ambiente en el oeste. Luego de un a\u00f1o de encuentros, no lograron consensuar y ahora es la Corte la que debe definir el caudal<\/strong>.<\/p>\n<p>&nbsp;<\/p>\n","protected":false},"excerpt":{"rendered":"<p>El procurador general de La Pampa, Hern\u00e1n P\u00e9rez Araujo,\u00a0 notific\u00f3 en la ma\u00f1ana de este jueves a la Corte Suprema de Justicia de la Naci\u00f3n que Mendoza volvi\u00f3 a cortar&hellip;<\/p>\n","protected":false},"author":3,"featured_media":13426,"comment_status":"closed","ping_status":"open","sticky":false,"template":"","format":"standard","meta":{"_acf_changed":false,"footnotes":""},"categories":[1,319,8,12],"tags":[34],"class_list":["post-32428","post","type-post","status-publish","format-standard","has-post-thumbnail","hentry","category-es-noticia","category-a-temporales","category-politica","category-sociedad","tag-atuel"],"acf":[],"yoast_head":"<!-- This site is optimized with the Yoast SEO plugin v27.5 - https:\/\/yoast.com\/product\/yoast-seo-wordpress\/ -->\n<title>La Pampa notific\u00f3 a la Corte que Mendoza volvi\u00f3 a cortar y robarse el Atuel<\/title>\n<meta name=\"description\" content=\"El procurador general de La Pampa, Hern\u00e1n P\u00e9rez Araujo,\u00a0 notific\u00f3 en la ma\u00f1ana de este jueves a la Corte Suprema de Justicia de la Naci\u00f3n que Mendoza volvi\u00f3 a cortar totalmente y se &quot;apropi\u00f3&quot; del r\u00edo Atuel.\" \/>\n<meta name=\"robots\" content=\"index, follow, max-snippet:-1, max-image-preview:large, max-video-preview:-1\" \/>\n<link rel=\"canonical\" href=\"https:\/\/diariotextual.com\/inicio\/index.php\/2018\/12\/27\/la-pampa-notifico-a-la-corte-que-mendoza-volvio-a-cortar-y-robarse-el-atuel\/\" \/>\n<meta property=\"og:locale\" content=\"es_ES\" \/>\n<meta property=\"og:type\" content=\"article\" \/>\n<meta property=\"og:title\" content=\"La Pampa notific\u00f3 a la Corte que Mendoza volvi\u00f3 a cortar y robarse el Atuel\" \/>\n<meta property=\"og:description\" content=\"El procurador general de La Pampa, Hern\u00e1n P\u00e9rez Araujo,\u00a0 notific\u00f3 en la ma\u00f1ana de este jueves a la Corte Suprema de Justicia de la Naci\u00f3n que Mendoza volvi\u00f3 a cortar totalmente y se &quot;apropi\u00f3&quot; del r\u00edo Atuel.\" \/>\n<meta property=\"og:url\" content=\"https:\/\/diariotextual.com\/inicio\/index.php\/2018\/12\/27\/la-pampa-notifico-a-la-corte-que-mendoza-volvio-a-cortar-y-robarse-el-atuel\/\" \/>\n<meta property=\"og:site_name\" content=\"Diario Textual\" \/>\n<meta property=\"article:publisher\" content=\"https:\/\/www.facebook.com\/eltextual\" \/>\n<meta property=\"article:published_time\" content=\"2018-12-27T15:48:02+00:00\" \/>\n<meta property=\"article:modified_time\" content=\"2018-12-28T12:10:55+00:00\" \/>\n<meta property=\"og:image\" content=\"https:\/\/diariotextual.com\/inicio\/wp-content\/uploads\/2018\/07\/perezaraujo1112.jpg\" \/>\n\t<meta property=\"og:image:width\" content=\"1080\" \/>\n\t<meta property=\"og:image:height\" content=\"715\" \/>\n\t<meta property=\"og:image:type\" content=\"image\/jpeg\" \/>\n<meta name=\"author\" content=\"Diario1 Diario1\" \/>\n<meta name=\"twitter:card\" content=\"summary_large_image\" \/>\n<meta name=\"twitter:creator\" content=\"@eltextual\" \/>\n<meta name=\"twitter:site\" content=\"@eltextual\" \/>\n<meta name=\"twitter:label1\" content=\"Escrito por\" \/>\n\t<meta name=\"twitter:data1\" content=\"Diario1 Diario1\" \/>\n\t<meta name=\"twitter:label2\" content=\"Tiempo de lectura\" \/>\n\t<meta name=\"twitter:data2\" content=\"2 minutos\" \/>\n<script type=\"application\/ld+json\" class=\"yoast-schema-graph\">{\"@context\":\"https:\\\/\\\/schema.org\",\"@graph\":[{\"@type\":\"Article\",\"@id\":\"https:\\\/\\\/diariotextual.com\\\/inicio\\\/index.php\\\/2018\\\/12\\\/27\\\/la-pampa-notifico-a-la-corte-que-mendoza-volvio-a-cortar-y-robarse-el-atuel\\\/#article\",\"isPartOf\":{\"@id\":\"https:\\\/\\\/diariotextual.com\\\/inicio\\\/index.php\\\/2018\\\/12\\\/27\\\/la-pampa-notifico-a-la-corte-que-mendoza-volvio-a-cortar-y-robarse-el-atuel\\\/\"},\"author\":{\"name\":\"Diario1 Diario1\",\"@id\":\"https:\\\/\\\/diariotextual.com\\\/inicio\\\/#\\\/schema\\\/person\\\/418fc4093c33e86ed41562db3508f958\"},\"headline\":\"La Pampa notific\u00f3 a la Corte que Mendoza volvi\u00f3 a cortar y robarse el Atuel\",\"datePublished\":\"2018-12-27T15:48:02+00:00\",\"dateModified\":\"2018-12-28T12:10:55+00:00\",\"mainEntityOfPage\":{\"@id\":\"https:\\\/\\\/diariotextual.com\\\/inicio\\\/index.php\\\/2018\\\/12\\\/27\\\/la-pampa-notifico-a-la-corte-que-mendoza-volvio-a-cortar-y-robarse-el-atuel\\\/\"},\"wordCount\":322,\"publisher\":{\"@id\":\"https:\\\/\\\/diariotextual.com\\\/inicio\\\/#organization\"},\"image\":{\"@id\":\"https:\\\/\\\/diariotextual.com\\\/inicio\\\/index.php\\\/2018\\\/12\\\/27\\\/la-pampa-notifico-a-la-corte-que-mendoza-volvio-a-cortar-y-robarse-el-atuel\\\/#primaryimage\"},\"thumbnailUrl\":\"https:\\\/\\\/diariotextual.com\\\/inicio\\\/wp-content\\\/uploads\\\/2018\\\/07\\\/perezaraujo1112.jpg\",\"keywords\":[\"atuel\"],\"articleSection\":[\"A - ES NOTICIA (van abajo)\",\"A - TEMPORALES\",\"POLITICA\",\"SOCIEDAD\"],\"inLanguage\":\"es\"},{\"@type\":\"WebPage\",\"@id\":\"https:\\\/\\\/diariotextual.com\\\/inicio\\\/index.php\\\/2018\\\/12\\\/27\\\/la-pampa-notifico-a-la-corte-que-mendoza-volvio-a-cortar-y-robarse-el-atuel\\\/\",\"url\":\"https:\\\/\\\/diariotextual.com\\\/inicio\\\/index.php\\\/2018\\\/12\\\/27\\\/la-pampa-notifico-a-la-corte-que-mendoza-volvio-a-cortar-y-robarse-el-atuel\\\/\",\"name\":\"La Pampa notific\u00f3 a la Corte que Mendoza volvi\u00f3 a cortar y robarse el Atuel\",\"isPartOf\":{\"@id\":\"https:\\\/\\\/diariotextual.com\\\/inicio\\\/#website\"},\"primaryImageOfPage\":{\"@id\":\"https:\\\/\\\/diariotextual.com\\\/inicio\\\/index.php\\\/2018\\\/12\\\/27\\\/la-pampa-notifico-a-la-corte-que-mendoza-volvio-a-cortar-y-robarse-el-atuel\\\/#primaryimage\"},\"image\":{\"@id\":\"https:\\\/\\\/diariotextual.com\\\/inicio\\\/index.php\\\/2018\\\/12\\\/27\\\/la-pampa-notifico-a-la-corte-que-mendoza-volvio-a-cortar-y-robarse-el-atuel\\\/#primaryimage\"},\"thumbnailUrl\":\"https:\\\/\\\/diariotextual.com\\\/inicio\\\/wp-content\\\/uploads\\\/2018\\\/07\\\/perezaraujo1112.jpg\",\"datePublished\":\"2018-12-27T15:48:02+00:00\",\"dateModified\":\"2018-12-28T12:10:55+00:00\",\"description\":\"El procurador general de La Pampa, Hern\u00e1n P\u00e9rez Araujo,\u00a0 notific\u00f3 en la ma\u00f1ana de este jueves a la Corte Suprema de Justicia de la Naci\u00f3n que Mendoza volvi\u00f3 a cortar totalmente y se \\\"apropi\u00f3\\\" del r\u00edo Atuel.\",\"breadcrumb\":{\"@id\":\"https:\\\/\\\/diariotextual.com\\\/inicio\\\/index.php\\\/2018\\\/12\\\/27\\\/la-pampa-notifico-a-la-corte-que-mendoza-volvio-a-cortar-y-robarse-el-atuel\\\/#breadcrumb\"},\"inLanguage\":\"es\",\"potentialAction\":[{\"@type\":\"ReadAction\",\"target\":[\"https:\\\/\\\/diariotextual.com\\\/inicio\\\/index.php\\\/2018\\\/12\\\/27\\\/la-pampa-notifico-a-la-corte-que-mendoza-volvio-a-cortar-y-robarse-el-atuel\\\/\"]}]},{\"@type\":\"ImageObject\",\"inLanguage\":\"es\",\"@id\":\"https:\\\/\\\/diariotextual.com\\\/inicio\\\/index.php\\\/2018\\\/12\\\/27\\\/la-pampa-notifico-a-la-corte-que-mendoza-volvio-a-cortar-y-robarse-el-atuel\\\/#primaryimage\",\"url\":\"https:\\\/\\\/diariotextual.com\\\/inicio\\\/wp-content\\\/uploads\\\/2018\\\/07\\\/perezaraujo1112.jpg\",\"contentUrl\":\"https:\\\/\\\/diariotextual.com\\\/inicio\\\/wp-content\\\/uploads\\\/2018\\\/07\\\/perezaraujo1112.jpg\",\"width\":1080,\"height\":715},{\"@type\":\"BreadcrumbList\",\"@id\":\"https:\\\/\\\/diariotextual.com\\\/inicio\\\/index.php\\\/2018\\\/12\\\/27\\\/la-pampa-notifico-a-la-corte-que-mendoza-volvio-a-cortar-y-robarse-el-atuel\\\/#breadcrumb\",\"itemListElement\":[{\"@type\":\"ListItem\",\"position\":1,\"name\":\"Portada\",\"item\":\"https:\\\/\\\/diariotextual.com\\\/inicio\\\/\"},{\"@type\":\"ListItem\",\"position\":2,\"name\":\"La Pampa notific\u00f3 a la Corte que Mendoza volvi\u00f3 a cortar y robarse el Atuel\"}]},{\"@type\":\"WebSite\",\"@id\":\"https:\\\/\\\/diariotextual.com\\\/inicio\\\/#website\",\"url\":\"https:\\\/\\\/diariotextual.com\\\/inicio\\\/\",\"name\":\"Diario Textual\",\"description\":\"\",\"publisher\":{\"@id\":\"https:\\\/\\\/diariotextual.com\\\/inicio\\\/#organization\"},\"potentialAction\":[{\"@type\":\"SearchAction\",\"target\":{\"@type\":\"EntryPoint\",\"urlTemplate\":\"https:\\\/\\\/diariotextual.com\\\/inicio\\\/?s={search_term_string}\"},\"query-input\":{\"@type\":\"PropertyValueSpecification\",\"valueRequired\":true,\"valueName\":\"search_term_string\"}}],\"inLanguage\":\"es\"},{\"@type\":\"Organization\",\"@id\":\"https:\\\/\\\/diariotextual.com\\\/inicio\\\/#organization\",\"name\":\"Diario Textual\",\"url\":\"https:\\\/\\\/diariotextual.com\\\/inicio\\\/\",\"logo\":{\"@type\":\"ImageObject\",\"inLanguage\":\"es\",\"@id\":\"https:\\\/\\\/diariotextual.com\\\/inicio\\\/#\\\/schema\\\/logo\\\/image\\\/\",\"url\":\"https:\\\/\\\/diariotextual.com\\\/inicio\\\/wp-content\\\/uploads\\\/2023\\\/05\\\/logotextual1.jpg\",\"contentUrl\":\"https:\\\/\\\/diariotextual.com\\\/inicio\\\/wp-content\\\/uploads\\\/2023\\\/05\\\/logotextual1.jpg\",\"width\":516,\"height\":76,\"caption\":\"Diario Textual\"},\"image\":{\"@id\":\"https:\\\/\\\/diariotextual.com\\\/inicio\\\/#\\\/schema\\\/logo\\\/image\\\/\"},\"sameAs\":[\"https:\\\/\\\/www.facebook.com\\\/eltextual\",\"https:\\\/\\\/x.com\\\/eltextual\",\"http:\\\/\\\/www.instagram.com\\\/eltextual\"]},{\"@type\":\"Person\",\"@id\":\"https:\\\/\\\/diariotextual.com\\\/inicio\\\/#\\\/schema\\\/person\\\/418fc4093c33e86ed41562db3508f958\",\"name\":\"Diario1 Diario1\",\"image\":{\"@type\":\"ImageObject\",\"inLanguage\":\"es\",\"@id\":\"https:\\\/\\\/secure.gravatar.com\\\/avatar\\\/9167d280179c85bc18be67aa7eda765854300033af4896dd779b608640f2ef7a?s=96&d=mm&r=g\",\"url\":\"https:\\\/\\\/secure.gravatar.com\\\/avatar\\\/9167d280179c85bc18be67aa7eda765854300033af4896dd779b608640f2ef7a?s=96&d=mm&r=g\",\"contentUrl\":\"https:\\\/\\\/secure.gravatar.com\\\/avatar\\\/9167d280179c85bc18be67aa7eda765854300033af4896dd779b608640f2ef7a?s=96&d=mm&r=g\",\"caption\":\"Diario1 Diario1\"},\"url\":\"https:\\\/\\\/diariotextual.com\\\/inicio\\\/index.php\\\/author\\\/diario1\\\/\"}]}<\/script>\n<!-- \/ Yoast SEO plugin. -->","yoast_head_json":{"title":"La Pampa notific\u00f3 a la Corte que Mendoza volvi\u00f3 a cortar y robarse el Atuel","description":"El procurador general de La Pampa, Hern\u00e1n P\u00e9rez Araujo,\u00a0 notific\u00f3 en la ma\u00f1ana de este jueves a la Corte Suprema de Justicia de la Naci\u00f3n que Mendoza volvi\u00f3 a cortar totalmente y se \"apropi\u00f3\" del r\u00edo Atuel.","robots":{"index":"index","follow":"follow","max-snippet":"max-snippet:-1","max-image-preview":"max-image-preview:large","max-video-preview":"max-video-preview:-1"},"canonical":"https:\/\/diariotextual.com\/inicio\/index.php\/2018\/12\/27\/la-pampa-notifico-a-la-corte-que-mendoza-volvio-a-cortar-y-robarse-el-atuel\/","og_locale":"es_ES","og_type":"article","og_title":"La Pampa notific\u00f3 a la Corte que Mendoza volvi\u00f3 a cortar y robarse el Atuel","og_description":"El procurador general de La Pampa, Hern\u00e1n P\u00e9rez Araujo,\u00a0 notific\u00f3 en la ma\u00f1ana de este jueves a la Corte Suprema de Justicia de la Naci\u00f3n que Mendoza volvi\u00f3 a cortar totalmente y se \"apropi\u00f3\" del r\u00edo Atuel.","og_url":"https:\/\/diariotextual.com\/inicio\/index.php\/2018\/12\/27\/la-pampa-notifico-a-la-corte-que-mendoza-volvio-a-cortar-y-robarse-el-atuel\/","og_site_name":"Diario Textual","article_publisher":"https:\/\/www.facebook.com\/eltextual","article_published_time":"2018-12-27T15:48:02+00:00","article_modified_time":"2018-12-28T12:10:55+00:00","og_image":[{"width":1080,"height":715,"url":"https:\/\/diariotextual.com\/inicio\/wp-content\/uploads\/2018\/07\/perezaraujo1112.jpg","type":"image\/jpeg"}],"author":"Diario1 Diario1","twitter_card":"summary_large_image","twitter_creator":"@eltextual","twitter_site":"@eltextual","twitter_misc":{"Escrito por":"Diario1 Diario1","Tiempo de lectura":"2 minutos"},"schema":{"@context":"https:\/\/schema.org","@graph":[{"@type":"Article","@id":"https:\/\/diariotextual.com\/inicio\/index.php\/2018\/12\/27\/la-pampa-notifico-a-la-corte-que-mendoza-volvio-a-cortar-y-robarse-el-atuel\/#article","isPartOf":{"@id":"https:\/\/diariotextual.com\/inicio\/index.php\/2018\/12\/27\/la-pampa-notifico-a-la-corte-que-mendoza-volvio-a-cortar-y-robarse-el-atuel\/"},"author":{"name":"Diario1 Diario1","@id":"https:\/\/diariotextual.com\/inicio\/#\/schema\/person\/418fc4093c33e86ed41562db3508f958"},"headline":"La Pampa notific\u00f3 a la Corte que Mendoza volvi\u00f3 a cortar y robarse el Atuel","datePublished":"2018-12-27T15:48:02+00:00","dateModified":"2018-12-28T12:10:55+00:00","mainEntityOfPage":{"@id":"https:\/\/diariotextual.com\/inicio\/index.php\/2018\/12\/27\/la-pampa-notifico-a-la-corte-que-mendoza-volvio-a-cortar-y-robarse-el-atuel\/"},"wordCount":322,"publisher":{"@id":"https:\/\/diariotextual.com\/inicio\/#organization"},"image":{"@id":"https:\/\/diariotextual.com\/inicio\/index.php\/2018\/12\/27\/la-pampa-notifico-a-la-corte-que-mendoza-volvio-a-cortar-y-robarse-el-atuel\/#primaryimage"},"thumbnailUrl":"https:\/\/diariotextual.com\/inicio\/wp-content\/uploads\/2018\/07\/perezaraujo1112.jpg","keywords":["atuel"],"articleSection":["A - ES NOTICIA (van abajo)","A - TEMPORALES","POLITICA","SOCIEDAD"],"inLanguage":"es"},{"@type":"WebPage","@id":"https:\/\/diariotextual.com\/inicio\/index.php\/2018\/12\/27\/la-pampa-notifico-a-la-corte-que-mendoza-volvio-a-cortar-y-robarse-el-atuel\/","url":"https:\/\/diariotextual.com\/inicio\/index.php\/2018\/12\/27\/la-pampa-notifico-a-la-corte-que-mendoza-volvio-a-cortar-y-robarse-el-atuel\/","name":"La Pampa notific\u00f3 a la Corte que Mendoza volvi\u00f3 a cortar y robarse el Atuel","isPartOf":{"@id":"https:\/\/diariotextual.com\/inicio\/#website"},"primaryImageOfPage":{"@id":"https:\/\/diariotextual.com\/inicio\/index.php\/2018\/12\/27\/la-pampa-notifico-a-la-corte-que-mendoza-volvio-a-cortar-y-robarse-el-atuel\/#primaryimage"},"image":{"@id":"https:\/\/diariotextual.com\/inicio\/index.php\/2018\/12\/27\/la-pampa-notifico-a-la-corte-que-mendoza-volvio-a-cortar-y-robarse-el-atuel\/#primaryimage"},"thumbnailUrl":"https:\/\/diariotextual.com\/inicio\/wp-content\/uploads\/2018\/07\/perezaraujo1112.jpg","datePublished":"2018-12-27T15:48:02+00:00","dateModified":"2018-12-28T12:10:55+00:00","description":"El procurador general de La Pampa, Hern\u00e1n P\u00e9rez Araujo,\u00a0 notific\u00f3 en la ma\u00f1ana de este jueves a la Corte Suprema de Justicia de la Naci\u00f3n que Mendoza volvi\u00f3 a cortar totalmente y se \"apropi\u00f3\" del r\u00edo Atuel.","breadcrumb":{"@id":"https:\/\/diariotextual.com\/inicio\/index.php\/2018\/12\/27\/la-pampa-notifico-a-la-corte-que-mendoza-volvio-a-cortar-y-robarse-el-atuel\/#breadcrumb"},"inLanguage":"es","potentialAction":[{"@type":"ReadAction","target":["https:\/\/diariotextual.com\/inicio\/index.php\/2018\/12\/27\/la-pampa-notifico-a-la-corte-que-mendoza-volvio-a-cortar-y-robarse-el-atuel\/"]}]},{"@type":"ImageObject","inLanguage":"es","@id":"https:\/\/diariotextual.com\/inicio\/index.php\/2018\/12\/27\/la-pampa-notifico-a-la-corte-que-mendoza-volvio-a-cortar-y-robarse-el-atuel\/#primaryimage","url":"https:\/\/diariotextual.com\/inicio\/wp-content\/uploads\/2018\/07\/perezaraujo1112.jpg","contentUrl":"https:\/\/diariotextual.com\/inicio\/wp-content\/uploads\/2018\/07\/perezaraujo1112.jpg","width":1080,"height":715},{"@type":"BreadcrumbList","@id":"https:\/\/diariotextual.com\/inicio\/index.php\/2018\/12\/27\/la-pampa-notifico-a-la-corte-que-mendoza-volvio-a-cortar-y-robarse-el-atuel\/#breadcrumb","itemListElement":[{"@type":"ListItem","position":1,"name":"Portada","item":"https:\/\/diariotextual.com\/inicio\/"},{"@type":"ListItem","position":2,"name":"La Pampa notific\u00f3 a la Corte que Mendoza volvi\u00f3 a cortar y robarse el Atuel"}]},{"@type":"WebSite","@id":"https:\/\/diariotextual.com\/inicio\/#website","url":"https:\/\/diariotextual.com\/inicio\/","name":"Diario Textual","description":"","publisher":{"@id":"https:\/\/diariotextual.com\/inicio\/#organization"},"potentialAction":[{"@type":"SearchAction","target":{"@type":"EntryPoint","urlTemplate":"https:\/\/diariotextual.com\/inicio\/?s={search_term_string}"},"query-input":{"@type":"PropertyValueSpecification","valueRequired":true,"valueName":"search_term_string"}}],"inLanguage":"es"},{"@type":"Organization","@id":"https:\/\/diariotextual.com\/inicio\/#organization","name":"Diario Textual","url":"https:\/\/diariotextual.com\/inicio\/","logo":{"@type":"ImageObject","inLanguage":"es","@id":"https:\/\/diariotextual.com\/inicio\/#\/schema\/logo\/image\/","url":"https:\/\/diariotextual.com\/inicio\/wp-content\/uploads\/2023\/05\/logotextual1.jpg","contentUrl":"https:\/\/diariotextual.com\/inicio\/wp-content\/uploads\/2023\/05\/logotextual1.jpg","width":516,"height":76,"caption":"Diario Textual"},"image":{"@id":"https:\/\/diariotextual.com\/inicio\/#\/schema\/logo\/image\/"},"sameAs":["https:\/\/www.facebook.com\/eltextual","https:\/\/x.com\/eltextual","http:\/\/www.instagram.com\/eltextual"]},{"@type":"Person","@id":"https:\/\/diariotextual.com\/inicio\/#\/schema\/person\/418fc4093c33e86ed41562db3508f958","name":"Diario1 Diario1","image":{"@type":"ImageObject","inLanguage":"es","@id":"https:\/\/secure.gravatar.com\/avatar\/9167d280179c85bc18be67aa7eda765854300033af4896dd779b608640f2ef7a?s=96&d=mm&r=g","url":"https:\/\/secure.gravatar.com\/avatar\/9167d280179c85bc18be67aa7eda765854300033af4896dd779b608640f2ef7a?s=96&d=mm&r=g","contentUrl":"https:\/\/secure.gravatar.com\/avatar\/9167d280179c85bc18be67aa7eda765854300033af4896dd779b608640f2ef7a?s=96&d=mm&r=g","caption":"Diario1 Diario1"},"url":"https:\/\/diariotextual.com\/inicio\/index.php\/author\/diario1\/"}]}},"_links":{"self":[{"href":"https:\/\/diariotextual.com\/inicio\/index.php\/wp-json\/wp\/v2\/posts\/32428","targetHints":{"allow":["GET"]}}],"collection":[{"href":"https:\/\/diariotextual.com\/inicio\/index.php\/wp-json\/wp\/v2\/posts"}],"about":[{"href":"https:\/\/diariotextual.com\/inicio\/index.php\/wp-json\/wp\/v2\/types\/post"}],"author":[{"embeddable":true,"href":"https:\/\/diariotextual.com\/inicio\/index.php\/wp-json\/wp\/v2\/users\/3"}],"replies":[{"embeddable":true,"href":"https:\/\/diariotextual.com\/inicio\/index.php\/wp-json\/wp\/v2\/comments?post=32428"}],"version-history":[{"count":3,"href":"https:\/\/diariotextual.com\/inicio\/index.php\/wp-json\/wp\/v2\/posts\/32428\/revisions"}],"predecessor-version":[{"id":32432,"href":"https:\/\/diariotextual.com\/inicio\/index.php\/wp-json\/wp\/v2\/posts\/32428\/revisions\/32432"}],"wp:featuredmedia":[{"embeddable":true,"href":"https:\/\/diariotextual.com\/inicio\/index.php\/wp-json\/wp\/v2\/media\/13426"}],"wp:attachment":[{"href":"https:\/\/diariotextual.com\/inicio\/index.php\/wp-json\/wp\/v2\/media?parent=32428"}],"wp:term":[{"taxonomy":"category","embeddable":true,"href":"https:\/\/diariotextual.com\/inicio\/index.php\/wp-json\/wp\/v2\/categories?post=32428"},{"taxonomy":"post_tag","embeddable":true,"href":"https:\/\/diariotextual.com\/inicio\/index.php\/wp-json\/wp\/v2\/tags?post=32428"}],"curies":[{"name":"wp","href":"https:\/\/api.w.org\/{rel}","templated":true}]}}