{"id":325518,"date":"2026-04-22T18:08:48","date_gmt":"2026-04-22T21:08:48","guid":{"rendered":"https:\/\/diariotextual.com\/inicio\/?p=325518"},"modified":"2026-04-22T18:08:49","modified_gmt":"2026-04-22T21:08:49","slug":"abrieron-la-convocatoria-para-el-salon-de-artes-visuales-2026-en-la-pampa","status":"publish","type":"post","link":"https:\/\/diariotextual.com\/inicio\/index.php\/2026\/04\/22\/abrieron-la-convocatoria-para-el-salon-de-artes-visuales-2026-en-la-pampa\/","title":{"rendered":"Abrieron la convocatoria para el Sal\u00f3n de Artes Visuales 2026 en La Pampa"},"content":{"rendered":"\n<p>La Secretar\u00eda de Cultura de La Pampa, a trav\u00e9s del Museo Provincial de Artes (Mpaartes), anunci\u00f3 la apertura de la convocatoria para el <strong>Sal\u00f3n de Artes Visuales \u2013 Secci\u00f3n Dibujo, edici\u00f3n 2026<\/strong>, destinada a artistas de todo el pa\u00eds.<\/p>\n\n\n\n<p>La convocatoria est\u00e1 dirigida a <strong>artistas visuales argentinos y extranjeros<\/strong> con al menos dos a\u00f1os de residencia en el pa\u00eds, mayores de 18 a\u00f1os. Cada participante podr\u00e1 presentar una \u00fanica obra de tem\u00e1tica libre, cumpliendo con los requisitos establecidos en el reglamento vigente.<\/p>\n\n\n\n<p>La inscripci\u00f3n se realizar\u00e1 de manera digital mediante un formulario online habilitado por la organizaci\u00f3n.<\/p>\n\n\n\n<div style=\"height:100px\" aria-hidden=\"true\" class=\"wp-block-spacer\"><\/div>\n\n\n\n<p><strong>Fechas y etapas del proceso<\/strong><\/p>\n\n\n\n<p>El cronograma prev\u00e9 la <strong>recepci\u00f3n de carpetas digitales del 24 de abril al 2 de junio<\/strong>. Luego, entre el 4 y el 7 de junio se realizar\u00e1 la selecci\u00f3n.<\/p>\n\n\n\n<p>Las obras elegidas deber\u00e1n presentarse de forma f\u00edsica entre el 8 y el 24 de junio. El jurado de premiaci\u00f3n se reunir\u00e1 el 26 de junio.<\/p>\n\n\n\n<p>La inauguraci\u00f3n del sal\u00f3n est\u00e1 prevista para el <strong>3 de julio<\/strong>, mientras que la clausura ser\u00e1 el 2 de agosto.<\/p>\n\n\n\n<div style=\"height:100px\" aria-hidden=\"true\" class=\"wp-block-spacer\"><\/div>\n\n\n\n<p><strong>Premios y est\u00edmulos<\/strong><\/p>\n\n\n\n<p>El sal\u00f3n otorgar\u00e1 premios adquisici\u00f3n y est\u00edmulos econ\u00f3micos. El <strong>primer premio<\/strong> y la distinci\u00f3n a <strong>mejor obra pampeana<\/strong> ser\u00e1n de 1.200.000 pesos cada uno, mientras que el <strong>segundo premio<\/strong> alcanzar\u00e1 los 1.100.000 pesos.<\/p>\n\n\n\n<p>Adem\u00e1s, se entregar\u00e1n dos becas de est\u00edmulo a la creaci\u00f3n art\u00edstica pampeana, de 1.000.000 de pesos cada una, con el acompa\u00f1amiento de la Fundaci\u00f3n Banco de La Pampa.<\/p>\n\n\n\n<p><strong>Informaci\u00f3n y consultas<\/strong><\/p>\n\n\n\n<p>Las bases y condiciones pueden consultarse en las redes sociales del museo provincial de artes. Para m\u00e1s informaci\u00f3n, las personas interesadas pueden comunicarse por correo electr\u00f3nico o acercarse a la sede del organismo, ubicada en la intersecci\u00f3n de 9 de Julio y Villegas, en Santa Rosa.<\/p>\n","protected":false},"excerpt":{"rendered":"<p>La Secretar\u00eda de Cultura de La Pampa, a trav\u00e9s del Museo Provincial de Artes (Mpaartes), anunci\u00f3 la apertura de la convocatoria para el Sal\u00f3n de Artes Visuales \u2013 Secci\u00f3n Dibujo,&hellip;<\/p>\n","protected":false},"author":4,"featured_media":325520,"comment_status":"closed","ping_status":"open","sticky":false,"template":"","format":"standard","meta":{"_acf_changed":false,"footnotes":""},"categories":[1,2],"tags":[],"class_list":["post-325518","post","type-post","status-publish","format-standard","has-post-thumbnail","hentry","category-es-noticia","category-cultura"],"acf":[],"yoast_head":"<!-- This site is optimized with the Yoast SEO plugin v27.4 - https:\/\/yoast.com\/product\/yoast-seo-wordpress\/ -->\n<title>Abrieron la convocatoria para el Sal\u00f3n de Artes Visuales 2026 en La Pampa - Diario Textual<\/title>\n<meta name=\"robots\" content=\"index, follow, max-snippet:-1, max-image-preview:large, max-video-preview:-1\" \/>\n<link rel=\"canonical\" href=\"https:\/\/diariotextual.com\/inicio\/index.php\/2026\/04\/22\/abrieron-la-convocatoria-para-el-salon-de-artes-visuales-2026-en-la-pampa\/\" \/>\n<meta property=\"og:locale\" content=\"es_ES\" \/>\n<meta property=\"og:type\" content=\"article\" \/>\n<meta property=\"og:title\" content=\"Abrieron la convocatoria para el Sal\u00f3n de Artes Visuales 2026 en La Pampa - Diario Textual\" \/>\n<meta property=\"og:description\" content=\"La Secretar\u00eda de Cultura de La Pampa, a trav\u00e9s del Museo Provincial de Artes (Mpaartes), anunci\u00f3 la apertura de la convocatoria para el Sal\u00f3n de Artes Visuales \u2013 Secci\u00f3n Dibujo,&hellip;\" \/>\n<meta property=\"og:url\" content=\"https:\/\/diariotextual.com\/inicio\/index.php\/2026\/04\/22\/abrieron-la-convocatoria-para-el-salon-de-artes-visuales-2026-en-la-pampa\/\" \/>\n<meta property=\"og:site_name\" content=\"Diario Textual\" \/>\n<meta property=\"article:publisher\" content=\"https:\/\/www.facebook.com\/eltextual\" \/>\n<meta property=\"article:published_time\" content=\"2026-04-22T21:08:48+00:00\" \/>\n<meta property=\"article:modified_time\" content=\"2026-04-22T21:08:49+00:00\" \/>\n<meta property=\"og:image\" content=\"https:\/\/diariotextual.com\/inicio\/wp-content\/uploads\/2026\/04\/dibujolapizartesvisuales23.jpg\" \/>\n\t<meta property=\"og:image:width\" content=\"642\" \/>\n\t<meta property=\"og:image:height\" content=\"356\" \/>\n\t<meta property=\"og:image:type\" content=\"image\/jpeg\" \/>\n<meta name=\"author\" content=\"diario2\" \/>\n<meta name=\"twitter:card\" content=\"summary_large_image\" \/>\n<meta name=\"twitter:creator\" content=\"@eltextual\" \/>\n<meta name=\"twitter:site\" content=\"@eltextual\" \/>\n<meta name=\"twitter:label1\" content=\"Escrito por\" \/>\n\t<meta name=\"twitter:data1\" content=\"diario2\" \/>\n\t<meta name=\"twitter:label2\" content=\"Tiempo de lectura\" \/>\n\t<meta name=\"twitter:data2\" content=\"2 minutos\" \/>\n<script type=\"application\/ld+json\" class=\"yoast-schema-graph\">{\"@context\":\"https:\\\/\\\/schema.org\",\"@graph\":[{\"@type\":\"Article\",\"@id\":\"https:\\\/\\\/diariotextual.com\\\/inicio\\\/index.php\\\/2026\\\/04\\\/22\\\/abrieron-la-convocatoria-para-el-salon-de-artes-visuales-2026-en-la-pampa\\\/#article\",\"isPartOf\":{\"@id\":\"https:\\\/\\\/diariotextual.com\\\/inicio\\\/index.php\\\/2026\\\/04\\\/22\\\/abrieron-la-convocatoria-para-el-salon-de-artes-visuales-2026-en-la-pampa\\\/\"},\"author\":{\"name\":\"diario2\",\"@id\":\"https:\\\/\\\/diariotextual.com\\\/inicio\\\/#\\\/schema\\\/person\\\/694f60677f23c4a530867a98f22b3768\"},\"headline\":\"Abrieron la convocatoria para el Sal\u00f3n de Artes Visuales 2026 en La Pampa\",\"datePublished\":\"2026-04-22T21:08:48+00:00\",\"dateModified\":\"2026-04-22T21:08:49+00:00\",\"mainEntityOfPage\":{\"@id\":\"https:\\\/\\\/diariotextual.com\\\/inicio\\\/index.php\\\/2026\\\/04\\\/22\\\/abrieron-la-convocatoria-para-el-salon-de-artes-visuales-2026-en-la-pampa\\\/\"},\"wordCount\":325,\"publisher\":{\"@id\":\"https:\\\/\\\/diariotextual.com\\\/inicio\\\/#organization\"},\"image\":{\"@id\":\"https:\\\/\\\/diariotextual.com\\\/inicio\\\/index.php\\\/2026\\\/04\\\/22\\\/abrieron-la-convocatoria-para-el-salon-de-artes-visuales-2026-en-la-pampa\\\/#primaryimage\"},\"thumbnailUrl\":\"https:\\\/\\\/diariotextual.com\\\/inicio\\\/wp-content\\\/uploads\\\/2026\\\/04\\\/dibujolapizartesvisuales23.jpg\",\"articleSection\":[\"A - ES NOTICIA (van abajo)\",\"CULTURA\"],\"inLanguage\":\"es\"},{\"@type\":\"WebPage\",\"@id\":\"https:\\\/\\\/diariotextual.com\\\/inicio\\\/index.php\\\/2026\\\/04\\\/22\\\/abrieron-la-convocatoria-para-el-salon-de-artes-visuales-2026-en-la-pampa\\\/\",\"url\":\"https:\\\/\\\/diariotextual.com\\\/inicio\\\/index.php\\\/2026\\\/04\\\/22\\\/abrieron-la-convocatoria-para-el-salon-de-artes-visuales-2026-en-la-pampa\\\/\",\"name\":\"Abrieron la convocatoria para el Sal\u00f3n de Artes Visuales 2026 en La Pampa - Diario Textual\",\"isPartOf\":{\"@id\":\"https:\\\/\\\/diariotextual.com\\\/inicio\\\/#website\"},\"primaryImageOfPage\":{\"@id\":\"https:\\\/\\\/diariotextual.com\\\/inicio\\\/index.php\\\/2026\\\/04\\\/22\\\/abrieron-la-convocatoria-para-el-salon-de-artes-visuales-2026-en-la-pampa\\\/#primaryimage\"},\"image\":{\"@id\":\"https:\\\/\\\/diariotextual.com\\\/inicio\\\/index.php\\\/2026\\\/04\\\/22\\\/abrieron-la-convocatoria-para-el-salon-de-artes-visuales-2026-en-la-pampa\\\/#primaryimage\"},\"thumbnailUrl\":\"https:\\\/\\\/diariotextual.com\\\/inicio\\\/wp-content\\\/uploads\\\/2026\\\/04\\\/dibujolapizartesvisuales23.jpg\",\"datePublished\":\"2026-04-22T21:08:48+00:00\",\"dateModified\":\"2026-04-22T21:08:49+00:00\",\"breadcrumb\":{\"@id\":\"https:\\\/\\\/diariotextual.com\\\/inicio\\\/index.php\\\/2026\\\/04\\\/22\\\/abrieron-la-convocatoria-para-el-salon-de-artes-visuales-2026-en-la-pampa\\\/#breadcrumb\"},\"inLanguage\":\"es\",\"potentialAction\":[{\"@type\":\"ReadAction\",\"target\":[\"https:\\\/\\\/diariotextual.com\\\/inicio\\\/index.php\\\/2026\\\/04\\\/22\\\/abrieron-la-convocatoria-para-el-salon-de-artes-visuales-2026-en-la-pampa\\\/\"]}]},{\"@type\":\"ImageObject\",\"inLanguage\":\"es\",\"@id\":\"https:\\\/\\\/diariotextual.com\\\/inicio\\\/index.php\\\/2026\\\/04\\\/22\\\/abrieron-la-convocatoria-para-el-salon-de-artes-visuales-2026-en-la-pampa\\\/#primaryimage\",\"url\":\"https:\\\/\\\/diariotextual.com\\\/inicio\\\/wp-content\\\/uploads\\\/2026\\\/04\\\/dibujolapizartesvisuales23.jpg\",\"contentUrl\":\"https:\\\/\\\/diariotextual.com\\\/inicio\\\/wp-content\\\/uploads\\\/2026\\\/04\\\/dibujolapizartesvisuales23.jpg\",\"width\":642,\"height\":356},{\"@type\":\"BreadcrumbList\",\"@id\":\"https:\\\/\\\/diariotextual.com\\\/inicio\\\/index.php\\\/2026\\\/04\\\/22\\\/abrieron-la-convocatoria-para-el-salon-de-artes-visuales-2026-en-la-pampa\\\/#breadcrumb\",\"itemListElement\":[{\"@type\":\"ListItem\",\"position\":1,\"name\":\"Portada\",\"item\":\"https:\\\/\\\/diariotextual.com\\\/inicio\\\/\"},{\"@type\":\"ListItem\",\"position\":2,\"name\":\"Abrieron la convocatoria para el Sal\u00f3n de Artes Visuales 2026 en La Pampa\"}]},{\"@type\":\"WebSite\",\"@id\":\"https:\\\/\\\/diariotextual.com\\\/inicio\\\/#website\",\"url\":\"https:\\\/\\\/diariotextual.com\\\/inicio\\\/\",\"name\":\"Diario Textual\",\"description\":\"\",\"publisher\":{\"@id\":\"https:\\\/\\\/diariotextual.com\\\/inicio\\\/#organization\"},\"potentialAction\":[{\"@type\":\"SearchAction\",\"target\":{\"@type\":\"EntryPoint\",\"urlTemplate\":\"https:\\\/\\\/diariotextual.com\\\/inicio\\\/?s={search_term_string}\"},\"query-input\":{\"@type\":\"PropertyValueSpecification\",\"valueRequired\":true,\"valueName\":\"search_term_string\"}}],\"inLanguage\":\"es\"},{\"@type\":\"Organization\",\"@id\":\"https:\\\/\\\/diariotextual.com\\\/inicio\\\/#organization\",\"name\":\"Diario Textual\",\"url\":\"https:\\\/\\\/diariotextual.com\\\/inicio\\\/\",\"logo\":{\"@type\":\"ImageObject\",\"inLanguage\":\"es\",\"@id\":\"https:\\\/\\\/diariotextual.com\\\/inicio\\\/#\\\/schema\\\/logo\\\/image\\\/\",\"url\":\"https:\\\/\\\/diariotextual.com\\\/inicio\\\/wp-content\\\/uploads\\\/2023\\\/05\\\/logotextual1.jpg\",\"contentUrl\":\"https:\\\/\\\/diariotextual.com\\\/inicio\\\/wp-content\\\/uploads\\\/2023\\\/05\\\/logotextual1.jpg\",\"width\":516,\"height\":76,\"caption\":\"Diario Textual\"},\"image\":{\"@id\":\"https:\\\/\\\/diariotextual.com\\\/inicio\\\/#\\\/schema\\\/logo\\\/image\\\/\"},\"sameAs\":[\"https:\\\/\\\/www.facebook.com\\\/eltextual\",\"https:\\\/\\\/x.com\\\/eltextual\",\"http:\\\/\\\/www.instagram.com\\\/eltextual\"]},{\"@type\":\"Person\",\"@id\":\"https:\\\/\\\/diariotextual.com\\\/inicio\\\/#\\\/schema\\\/person\\\/694f60677f23c4a530867a98f22b3768\",\"name\":\"diario2\",\"image\":{\"@type\":\"ImageObject\",\"inLanguage\":\"es\",\"@id\":\"https:\\\/\\\/secure.gravatar.com\\\/avatar\\\/5a2567495ba16b852fcd8f1ed006a2e24fcace936018ed8237e95f488ad6e0a7?s=96&d=mm&r=g\",\"url\":\"https:\\\/\\\/secure.gravatar.com\\\/avatar\\\/5a2567495ba16b852fcd8f1ed006a2e24fcace936018ed8237e95f488ad6e0a7?s=96&d=mm&r=g\",\"contentUrl\":\"https:\\\/\\\/secure.gravatar.com\\\/avatar\\\/5a2567495ba16b852fcd8f1ed006a2e24fcace936018ed8237e95f488ad6e0a7?s=96&d=mm&r=g\",\"caption\":\"diario2\"},\"url\":\"https:\\\/\\\/diariotextual.com\\\/inicio\\\/index.php\\\/author\\\/diario2\\\/\"}]}<\/script>\n<!-- \/ Yoast SEO plugin. -->","yoast_head_json":{"title":"Abrieron la convocatoria para el Sal\u00f3n de Artes Visuales 2026 en La Pampa - Diario Textual","robots":{"index":"index","follow":"follow","max-snippet":"max-snippet:-1","max-image-preview":"max-image-preview:large","max-video-preview":"max-video-preview:-1"},"canonical":"https:\/\/diariotextual.com\/inicio\/index.php\/2026\/04\/22\/abrieron-la-convocatoria-para-el-salon-de-artes-visuales-2026-en-la-pampa\/","og_locale":"es_ES","og_type":"article","og_title":"Abrieron la convocatoria para el Sal\u00f3n de Artes Visuales 2026 en La Pampa - Diario Textual","og_description":"La Secretar\u00eda de Cultura de La Pampa, a trav\u00e9s del Museo Provincial de Artes (Mpaartes), anunci\u00f3 la apertura de la convocatoria para el Sal\u00f3n de Artes Visuales \u2013 Secci\u00f3n Dibujo,&hellip;","og_url":"https:\/\/diariotextual.com\/inicio\/index.php\/2026\/04\/22\/abrieron-la-convocatoria-para-el-salon-de-artes-visuales-2026-en-la-pampa\/","og_site_name":"Diario Textual","article_publisher":"https:\/\/www.facebook.com\/eltextual","article_published_time":"2026-04-22T21:08:48+00:00","article_modified_time":"2026-04-22T21:08:49+00:00","og_image":[{"width":642,"height":356,"url":"https:\/\/diariotextual.com\/inicio\/wp-content\/uploads\/2026\/04\/dibujolapizartesvisuales23.jpg","type":"image\/jpeg"}],"author":"diario2","twitter_card":"summary_large_image","twitter_creator":"@eltextual","twitter_site":"@eltextual","twitter_misc":{"Escrito por":"diario2","Tiempo de lectura":"2 minutos"},"schema":{"@context":"https:\/\/schema.org","@graph":[{"@type":"Article","@id":"https:\/\/diariotextual.com\/inicio\/index.php\/2026\/04\/22\/abrieron-la-convocatoria-para-el-salon-de-artes-visuales-2026-en-la-pampa\/#article","isPartOf":{"@id":"https:\/\/diariotextual.com\/inicio\/index.php\/2026\/04\/22\/abrieron-la-convocatoria-para-el-salon-de-artes-visuales-2026-en-la-pampa\/"},"author":{"name":"diario2","@id":"https:\/\/diariotextual.com\/inicio\/#\/schema\/person\/694f60677f23c4a530867a98f22b3768"},"headline":"Abrieron la convocatoria para el Sal\u00f3n de Artes Visuales 2026 en La Pampa","datePublished":"2026-04-22T21:08:48+00:00","dateModified":"2026-04-22T21:08:49+00:00","mainEntityOfPage":{"@id":"https:\/\/diariotextual.com\/inicio\/index.php\/2026\/04\/22\/abrieron-la-convocatoria-para-el-salon-de-artes-visuales-2026-en-la-pampa\/"},"wordCount":325,"publisher":{"@id":"https:\/\/diariotextual.com\/inicio\/#organization"},"image":{"@id":"https:\/\/diariotextual.com\/inicio\/index.php\/2026\/04\/22\/abrieron-la-convocatoria-para-el-salon-de-artes-visuales-2026-en-la-pampa\/#primaryimage"},"thumbnailUrl":"https:\/\/diariotextual.com\/inicio\/wp-content\/uploads\/2026\/04\/dibujolapizartesvisuales23.jpg","articleSection":["A - ES NOTICIA (van abajo)","CULTURA"],"inLanguage":"es"},{"@type":"WebPage","@id":"https:\/\/diariotextual.com\/inicio\/index.php\/2026\/04\/22\/abrieron-la-convocatoria-para-el-salon-de-artes-visuales-2026-en-la-pampa\/","url":"https:\/\/diariotextual.com\/inicio\/index.php\/2026\/04\/22\/abrieron-la-convocatoria-para-el-salon-de-artes-visuales-2026-en-la-pampa\/","name":"Abrieron la convocatoria para el Sal\u00f3n de Artes Visuales 2026 en La Pampa - Diario Textual","isPartOf":{"@id":"https:\/\/diariotextual.com\/inicio\/#website"},"primaryImageOfPage":{"@id":"https:\/\/diariotextual.com\/inicio\/index.php\/2026\/04\/22\/abrieron-la-convocatoria-para-el-salon-de-artes-visuales-2026-en-la-pampa\/#primaryimage"},"image":{"@id":"https:\/\/diariotextual.com\/inicio\/index.php\/2026\/04\/22\/abrieron-la-convocatoria-para-el-salon-de-artes-visuales-2026-en-la-pampa\/#primaryimage"},"thumbnailUrl":"https:\/\/diariotextual.com\/inicio\/wp-content\/uploads\/2026\/04\/dibujolapizartesvisuales23.jpg","datePublished":"2026-04-22T21:08:48+00:00","dateModified":"2026-04-22T21:08:49+00:00","breadcrumb":{"@id":"https:\/\/diariotextual.com\/inicio\/index.php\/2026\/04\/22\/abrieron-la-convocatoria-para-el-salon-de-artes-visuales-2026-en-la-pampa\/#breadcrumb"},"inLanguage":"es","potentialAction":[{"@type":"ReadAction","target":["https:\/\/diariotextual.com\/inicio\/index.php\/2026\/04\/22\/abrieron-la-convocatoria-para-el-salon-de-artes-visuales-2026-en-la-pampa\/"]}]},{"@type":"ImageObject","inLanguage":"es","@id":"https:\/\/diariotextual.com\/inicio\/index.php\/2026\/04\/22\/abrieron-la-convocatoria-para-el-salon-de-artes-visuales-2026-en-la-pampa\/#primaryimage","url":"https:\/\/diariotextual.com\/inicio\/wp-content\/uploads\/2026\/04\/dibujolapizartesvisuales23.jpg","contentUrl":"https:\/\/diariotextual.com\/inicio\/wp-content\/uploads\/2026\/04\/dibujolapizartesvisuales23.jpg","width":642,"height":356},{"@type":"BreadcrumbList","@id":"https:\/\/diariotextual.com\/inicio\/index.php\/2026\/04\/22\/abrieron-la-convocatoria-para-el-salon-de-artes-visuales-2026-en-la-pampa\/#breadcrumb","itemListElement":[{"@type":"ListItem","position":1,"name":"Portada","item":"https:\/\/diariotextual.com\/inicio\/"},{"@type":"ListItem","position":2,"name":"Abrieron la convocatoria para el Sal\u00f3n de Artes Visuales 2026 en La Pampa"}]},{"@type":"WebSite","@id":"https:\/\/diariotextual.com\/inicio\/#website","url":"https:\/\/diariotextual.com\/inicio\/","name":"Diario Textual","description":"","publisher":{"@id":"https:\/\/diariotextual.com\/inicio\/#organization"},"potentialAction":[{"@type":"SearchAction","target":{"@type":"EntryPoint","urlTemplate":"https:\/\/diariotextual.com\/inicio\/?s={search_term_string}"},"query-input":{"@type":"PropertyValueSpecification","valueRequired":true,"valueName":"search_term_string"}}],"inLanguage":"es"},{"@type":"Organization","@id":"https:\/\/diariotextual.com\/inicio\/#organization","name":"Diario Textual","url":"https:\/\/diariotextual.com\/inicio\/","logo":{"@type":"ImageObject","inLanguage":"es","@id":"https:\/\/diariotextual.com\/inicio\/#\/schema\/logo\/image\/","url":"https:\/\/diariotextual.com\/inicio\/wp-content\/uploads\/2023\/05\/logotextual1.jpg","contentUrl":"https:\/\/diariotextual.com\/inicio\/wp-content\/uploads\/2023\/05\/logotextual1.jpg","width":516,"height":76,"caption":"Diario Textual"},"image":{"@id":"https:\/\/diariotextual.com\/inicio\/#\/schema\/logo\/image\/"},"sameAs":["https:\/\/www.facebook.com\/eltextual","https:\/\/x.com\/eltextual","http:\/\/www.instagram.com\/eltextual"]},{"@type":"Person","@id":"https:\/\/diariotextual.com\/inicio\/#\/schema\/person\/694f60677f23c4a530867a98f22b3768","name":"diario2","image":{"@type":"ImageObject","inLanguage":"es","@id":"https:\/\/secure.gravatar.com\/avatar\/5a2567495ba16b852fcd8f1ed006a2e24fcace936018ed8237e95f488ad6e0a7?s=96&d=mm&r=g","url":"https:\/\/secure.gravatar.com\/avatar\/5a2567495ba16b852fcd8f1ed006a2e24fcace936018ed8237e95f488ad6e0a7?s=96&d=mm&r=g","contentUrl":"https:\/\/secure.gravatar.com\/avatar\/5a2567495ba16b852fcd8f1ed006a2e24fcace936018ed8237e95f488ad6e0a7?s=96&d=mm&r=g","caption":"diario2"},"url":"https:\/\/diariotextual.com\/inicio\/index.php\/author\/diario2\/"}]}},"_links":{"self":[{"href":"https:\/\/diariotextual.com\/inicio\/index.php\/wp-json\/wp\/v2\/posts\/325518","targetHints":{"allow":["GET"]}}],"collection":[{"href":"https:\/\/diariotextual.com\/inicio\/index.php\/wp-json\/wp\/v2\/posts"}],"about":[{"href":"https:\/\/diariotextual.com\/inicio\/index.php\/wp-json\/wp\/v2\/types\/post"}],"author":[{"embeddable":true,"href":"https:\/\/diariotextual.com\/inicio\/index.php\/wp-json\/wp\/v2\/users\/4"}],"replies":[{"embeddable":true,"href":"https:\/\/diariotextual.com\/inicio\/index.php\/wp-json\/wp\/v2\/comments?post=325518"}],"version-history":[{"count":2,"href":"https:\/\/diariotextual.com\/inicio\/index.php\/wp-json\/wp\/v2\/posts\/325518\/revisions"}],"predecessor-version":[{"id":325521,"href":"https:\/\/diariotextual.com\/inicio\/index.php\/wp-json\/wp\/v2\/posts\/325518\/revisions\/325521"}],"wp:featuredmedia":[{"embeddable":true,"href":"https:\/\/diariotextual.com\/inicio\/index.php\/wp-json\/wp\/v2\/media\/325520"}],"wp:attachment":[{"href":"https:\/\/diariotextual.com\/inicio\/index.php\/wp-json\/wp\/v2\/media?parent=325518"}],"wp:term":[{"taxonomy":"category","embeddable":true,"href":"https:\/\/diariotextual.com\/inicio\/index.php\/wp-json\/wp\/v2\/categories?post=325518"},{"taxonomy":"post_tag","embeddable":true,"href":"https:\/\/diariotextual.com\/inicio\/index.php\/wp-json\/wp\/v2\/tags?post=325518"}],"curies":[{"name":"wp","href":"https:\/\/api.w.org\/{rel}","templated":true}]}}